{"id":8041,"date":"2022-07-28T15:09:00","date_gmt":"2022-07-28T18:09:00","guid":{"rendered":"http:\/\/www.diariodepe.com.br\/xinhua\/?p=8041"},"modified":"2022-07-28T07:18:30","modified_gmt":"2022-07-28T10:18:30","slug":"presidentes-camarones-e-frances-discutem-seguranca-regional-e-lacos-economicos","status":"publish","type":"post","link":"https:\/\/diariodepe.com.br\/xinhua\/2022\/07\/28\/presidentes-camarones-e-frances-discutem-seguranca-regional-e-lacos-economicos\/","title":{"rendered":"Presidentes camaron\u00eas e franc\u00eas discutem seguran\u00e7a regional e la\u00e7os econ\u00f4micos"},"content":{"rendered":"\n<p id=\"OPc2XWgQ1BCWfvOo\">Iaund\u00ea &#8211; O presidente camaron\u00eas, Paul Biya, se reuniu na ter\u00e7a-feira com o presidente franc\u00eas, Emmanuel Macron, em Iaund\u00ea, capital de Camar\u00f5es, para discutir a seguran\u00e7a regional e os la\u00e7os econ\u00f4micos bilaterais.<\/p>\n\n\n\n<p id=\"eeAA1qfVoIs7bArK\">Em uma coletiva de imprensa conjunta ap\u00f3s a reuni\u00e3o, Macron disse que Camar\u00f5es era um &#8220;parceiro estrat\u00e9gico&#8221; na sub-regi\u00e3o da \u00c1frica Central, onde &#8220;dedicar\u00e1 mais tempo durante o segundo mandato&#8221;.<\/p>\n\n\n\n<p id=\"3kRsAjl62oCOZPZp\">O presidente franc\u00eas disse que seu pa\u00eds continuar\u00e1 apoiando a necessidade de seguran\u00e7a e estabilidade da \u00c1frica. &#8220;N\u00e3o vamos abrir m\u00e3o da seguran\u00e7a do continente africano. Temos agora um sistema de coopera\u00e7\u00e3o militar com muitos pa\u00edses africanos, e isso significa que entregamos equipamentos, treinamos, temos parcerias e queremos avan\u00e7ar nesse caminho&#8221;, disse ele.<\/p>\n\n\n\n<p id=\"GSQSiUpD1CGAuDK2\">&#8220;Estou satisfeito porque nos sentimos apoiados. A Fran\u00e7a nos apoia no sentido de seguran\u00e7a, especialmente no que diz respeito \u00e0 luta contra o terrorismo&#8221;, disse Biya.<\/p>\n\n\n\n<p id=\"iyJSHXAYafRifPqK\">Ambos os presidentes tamb\u00e9m discutiram a escassez de alimentos na \u00c1frica. Macron disse que a Fran\u00e7a fortalecer\u00e1 o investimento e a coopera\u00e7\u00e3o agr\u00edcolas como parte das medidas para resolver a crise alimentar.<\/p>\n\n\n\n<p id=\"nmVKm2QWuH5tAlgw\">Camar\u00f5es enfrenta um conflito armado separatista em suas regi\u00f5es de l\u00edngua inglesa do noroeste e sudoeste desde 2017.<\/p>\n\n\n\n<p id=\"niCRiRrsZD0Ond2p\">&#8220;Continuo convencido de que a regionaliza\u00e7\u00e3o ainda \u00e9 a resposta \u00e0 crise que afeta Camar\u00f5es nas regi\u00f5es noroeste e sudoeste e que \u00e9 por meio desse processo pol\u00edtico de di\u00e1logo e reforma que uma resolu\u00e7\u00e3o duradoura pode ser encontrada&#8221;, disse Macron.<\/p>\n\n\n\n<p id=\"zypnpCWGrV2tOFQz\">Macron chegou aos Camar\u00f5es na noite de segunda-feira para sua primeira visita oficial \u00e0 \u00c1frica depois de ter sido reeleito para um segundo e \u00faltimo mandato em abril. Ele tamb\u00e9m visitar\u00e1 Benin e Guin\u00e9-Bissau.<\/p>\n","protected":false},"excerpt":{"rendered":"<p>Iaund\u00ea &#8211; O presidente camaron\u00eas, Paul Biya, se reuniu na ter\u00e7a-feira com o presidente franc\u00eas, Emmanuel Macron, em Iaund\u00ea, capital de Camar\u00f5es, para discutir a seguran\u00e7a regional e os la\u00e7os econ\u00f4micos bilaterais. Em uma coletiva de imprensa conjunta ap\u00f3s a&#8230;<\/p>\n","protected":false},"author":3,"featured_media":8042,"comment_status":"open","ping_status":"open","sticky":false,"template":"","format":"standard","meta":{"footnotes":""},"categories":[4],"tags":[],"class_list":["post-8041","post","type-post","status-publish","format-standard","has-post-thumbnail","hentry","category-internacional"],"yoast_head":"<!-- This site is optimized with the Yoast SEO plugin v27.4 - https:\/\/yoast.com\/product\/yoast-seo-wordpress\/ -->\n<title>Presidentes camaron\u00eas e franc\u00eas discutem seguran\u00e7a regional e la\u00e7os econ\u00f4micos - Xinhua - Diario de Pernambuco<\/title>\n<meta name=\"robots\" content=\"index, follow, max-snippet:-1, max-image-preview:large, max-video-preview:-1\" \/>\n<link rel=\"canonical\" href=\"https:\/\/diariodepe.com.br\/xinhua\/2022\/07\/28\/presidentes-camarones-e-frances-discutem-seguranca-regional-e-lacos-economicos\/\" \/>\n<meta property=\"og:locale\" content=\"pt_BR\" \/>\n<meta property=\"og:type\" content=\"article\" \/>\n<meta property=\"og:title\" content=\"Presidentes camaron\u00eas e franc\u00eas discutem seguran\u00e7a regional e la\u00e7os econ\u00f4micos - Xinhua - Diario de Pernambuco\" \/>\n<meta property=\"og:description\" content=\"Iaund\u00ea &#8211; O presidente camaron\u00eas, Paul Biya, se reuniu na ter\u00e7a-feira com o presidente franc\u00eas, Emmanuel Macron, em Iaund\u00ea, capital de Camar\u00f5es, para discutir a seguran\u00e7a regional e os la\u00e7os econ\u00f4micos bilaterais. Em uma coletiva de imprensa conjunta ap\u00f3s a...\" \/>\n<meta property=\"og:url\" content=\"https:\/\/diariodepe.com.br\/xinhua\/2022\/07\/28\/presidentes-camarones-e-frances-discutem-seguranca-regional-e-lacos-economicos\/\" \/>\n<meta property=\"og:site_name\" content=\"Xinhua - Diario de Pernambuco\" \/>\n<meta property=\"article:published_time\" content=\"2022-07-28T18:09:00+00:00\" \/>\n<meta property=\"og:image\" content=\"https:\/\/diariodepe.com.br\/xinhua\/wp-content\/uploads\/sites\/3\/2022\/07\/20220728982437e9348d4fd5b0b0bd6056356019_20220728c6995770ba6a44ff8268643c8e328f39.png\" \/>\n\t<meta property=\"og:image:width\" content=\"1024\" \/>\n\t<meta property=\"og:image:height\" content=\"758\" \/>\n\t<meta property=\"og:image:type\" content=\"image\/png\" \/>\n<meta name=\"author\" content=\"Marcelo Oliveira de A. Maranhao\" \/>\n<meta name=\"twitter:card\" content=\"summary_large_image\" \/>\n<meta name=\"twitter:label1\" content=\"Escrito por\" \/>\n\t<meta name=\"twitter:data1\" content=\"Marcelo Oliveira de A. Maranhao\" \/>\n\t<meta name=\"twitter:label2\" content=\"Est. tempo de leitura\" \/>\n\t<meta name=\"twitter:data2\" content=\"2 minutos\" \/>\n<script type=\"application\/ld+json\" class=\"yoast-schema-graph\">{\"@context\":\"https:\\\/\\\/schema.org\",\"@graph\":[{\"@type\":\"Article\",\"@id\":\"https:\\\/\\\/diariodepe.com.br\\\/xinhua\\\/2022\\\/07\\\/28\\\/presidentes-camarones-e-frances-discutem-seguranca-regional-e-lacos-economicos\\\/#article\",\"isPartOf\":{\"@id\":\"https:\\\/\\\/diariodepe.com.br\\\/xinhua\\\/2022\\\/07\\\/28\\\/presidentes-camarones-e-frances-discutem-seguranca-regional-e-lacos-economicos\\\/\"},\"author\":{\"name\":\"Marcelo Oliveira de A. Maranhao\",\"@id\":\"https:\\\/\\\/diariodepe.com.br\\\/xinhua\\\/#\\\/schema\\\/person\\\/0943d6fd02bdc7b49c8f495e8787a2cb\"},\"headline\":\"Presidentes camaron\u00eas e franc\u00eas discutem seguran\u00e7a regional e la\u00e7os econ\u00f4micos\",\"datePublished\":\"2022-07-28T18:09:00+00:00\",\"mainEntityOfPage\":{\"@id\":\"https:\\\/\\\/diariodepe.com.br\\\/xinhua\\\/2022\\\/07\\\/28\\\/presidentes-camarones-e-frances-discutem-seguranca-regional-e-lacos-economicos\\\/\"},\"wordCount\":314,\"commentCount\":0,\"publisher\":{\"@id\":\"https:\\\/\\\/diariodepe.com.br\\\/xinhua\\\/#organization\"},\"image\":{\"@id\":\"https:\\\/\\\/diariodepe.com.br\\\/xinhua\\\/2022\\\/07\\\/28\\\/presidentes-camarones-e-frances-discutem-seguranca-regional-e-lacos-economicos\\\/#primaryimage\"},\"thumbnailUrl\":\"https:\\\/\\\/diariodepe.com.br\\\/xinhua\\\/wp-content\\\/uploads\\\/sites\\\/3\\\/2022\\\/07\\\/20220728982437e9348d4fd5b0b0bd6056356019_20220728c6995770ba6a44ff8268643c8e328f39.png\",\"articleSection\":[\"Internacional\"],\"inLanguage\":\"pt-BR\",\"potentialAction\":[{\"@type\":\"CommentAction\",\"name\":\"Comment\",\"target\":[\"https:\\\/\\\/diariodepe.com.br\\\/xinhua\\\/2022\\\/07\\\/28\\\/presidentes-camarones-e-frances-discutem-seguranca-regional-e-lacos-economicos\\\/#respond\"]}]},{\"@type\":\"WebPage\",\"@id\":\"https:\\\/\\\/diariodepe.com.br\\\/xinhua\\\/2022\\\/07\\\/28\\\/presidentes-camarones-e-frances-discutem-seguranca-regional-e-lacos-economicos\\\/\",\"url\":\"https:\\\/\\\/diariodepe.com.br\\\/xinhua\\\/2022\\\/07\\\/28\\\/presidentes-camarones-e-frances-discutem-seguranca-regional-e-lacos-economicos\\\/\",\"name\":\"Presidentes camaron\u00eas e franc\u00eas discutem seguran\u00e7a regional e la\u00e7os econ\u00f4micos - Xinhua - Diario de Pernambuco\",\"isPartOf\":{\"@id\":\"https:\\\/\\\/diariodepe.com.br\\\/xinhua\\\/#website\"},\"primaryImageOfPage\":{\"@id\":\"https:\\\/\\\/diariodepe.com.br\\\/xinhua\\\/2022\\\/07\\\/28\\\/presidentes-camarones-e-frances-discutem-seguranca-regional-e-lacos-economicos\\\/#primaryimage\"},\"image\":{\"@id\":\"https:\\\/\\\/diariodepe.com.br\\\/xinhua\\\/2022\\\/07\\\/28\\\/presidentes-camarones-e-frances-discutem-seguranca-regional-e-lacos-economicos\\\/#primaryimage\"},\"thumbnailUrl\":\"https:\\\/\\\/diariodepe.com.br\\\/xinhua\\\/wp-content\\\/uploads\\\/sites\\\/3\\\/2022\\\/07\\\/20220728982437e9348d4fd5b0b0bd6056356019_20220728c6995770ba6a44ff8268643c8e328f39.png\",\"datePublished\":\"2022-07-28T18:09:00+00:00\",\"breadcrumb\":{\"@id\":\"https:\\\/\\\/diariodepe.com.br\\\/xinhua\\\/2022\\\/07\\\/28\\\/presidentes-camarones-e-frances-discutem-seguranca-regional-e-lacos-economicos\\\/#breadcrumb\"},\"inLanguage\":\"pt-BR\",\"potentialAction\":[{\"@type\":\"ReadAction\",\"target\":[\"https:\\\/\\\/diariodepe.com.br\\\/xinhua\\\/2022\\\/07\\\/28\\\/presidentes-camarones-e-frances-discutem-seguranca-regional-e-lacos-economicos\\\/\"]}]},{\"@type\":\"ImageObject\",\"inLanguage\":\"pt-BR\",\"@id\":\"https:\\\/\\\/diariodepe.com.br\\\/xinhua\\\/2022\\\/07\\\/28\\\/presidentes-camarones-e-frances-discutem-seguranca-regional-e-lacos-economicos\\\/#primaryimage\",\"url\":\"https:\\\/\\\/diariodepe.com.br\\\/xinhua\\\/wp-content\\\/uploads\\\/sites\\\/3\\\/2022\\\/07\\\/20220728982437e9348d4fd5b0b0bd6056356019_20220728c6995770ba6a44ff8268643c8e328f39.png\",\"contentUrl\":\"https:\\\/\\\/diariodepe.com.br\\\/xinhua\\\/wp-content\\\/uploads\\\/sites\\\/3\\\/2022\\\/07\\\/20220728982437e9348d4fd5b0b0bd6056356019_20220728c6995770ba6a44ff8268643c8e328f39.png\",\"width\":1024,\"height\":758},{\"@type\":\"BreadcrumbList\",\"@id\":\"https:\\\/\\\/diariodepe.com.br\\\/xinhua\\\/2022\\\/07\\\/28\\\/presidentes-camarones-e-frances-discutem-seguranca-regional-e-lacos-economicos\\\/#breadcrumb\",\"itemListElement\":[{\"@type\":\"ListItem\",\"position\":1,\"name\":\"In\u00edcio\",\"item\":\"https:\\\/\\\/diariodepe.com.br\\\/xinhua\\\/\"},{\"@type\":\"ListItem\",\"position\":2,\"name\":\"Presidentes camaron\u00eas e franc\u00eas discutem seguran\u00e7a regional e la\u00e7os econ\u00f4micos\"}]},{\"@type\":\"WebSite\",\"@id\":\"https:\\\/\\\/diariodepe.com.br\\\/xinhua\\\/#website\",\"url\":\"https:\\\/\\\/diariodepe.com.br\\\/xinhua\\\/\",\"name\":\"Xinhua - Diario de Pernambuco\",\"description\":\"A maior ag\u00eancia de not\u00edcias da China e um dos principais canais para conhecer o pa\u00eds\",\"publisher\":{\"@id\":\"https:\\\/\\\/diariodepe.com.br\\\/xinhua\\\/#organization\"},\"potentialAction\":[{\"@type\":\"SearchAction\",\"target\":{\"@type\":\"EntryPoint\",\"urlTemplate\":\"https:\\\/\\\/diariodepe.com.br\\\/xinhua\\\/?s={search_term_string}\"},\"query-input\":{\"@type\":\"PropertyValueSpecification\",\"valueRequired\":true,\"valueName\":\"search_term_string\"}}],\"inLanguage\":\"pt-BR\"},{\"@type\":\"Organization\",\"@id\":\"https:\\\/\\\/diariodepe.com.br\\\/xinhua\\\/#organization\",\"name\":\"Xinhua - Diario de Pernambuco\",\"url\":\"https:\\\/\\\/diariodepe.com.br\\\/xinhua\\\/\",\"logo\":{\"@type\":\"ImageObject\",\"inLanguage\":\"pt-BR\",\"@id\":\"https:\\\/\\\/diariodepe.com.br\\\/xinhua\\\/#\\\/schema\\\/logo\\\/image\\\/\",\"url\":\"https:\\\/\\\/diariodepe.com.br\\\/xinhua\\\/wp-content\\\/uploads\\\/sites\\\/3\\\/2020\\\/10\\\/cropped-logo-transparente-2.png\",\"contentUrl\":\"https:\\\/\\\/diariodepe.com.br\\\/xinhua\\\/wp-content\\\/uploads\\\/sites\\\/3\\\/2020\\\/10\\\/cropped-logo-transparente-2.png\",\"width\":512,\"height\":164,\"caption\":\"Xinhua - Diario de Pernambuco\"},\"image\":{\"@id\":\"https:\\\/\\\/diariodepe.com.br\\\/xinhua\\\/#\\\/schema\\\/logo\\\/image\\\/\"}},{\"@type\":\"Person\",\"@id\":\"https:\\\/\\\/diariodepe.com.br\\\/xinhua\\\/#\\\/schema\\\/person\\\/0943d6fd02bdc7b49c8f495e8787a2cb\",\"name\":\"Marcelo Oliveira de A. Maranhao\",\"image\":{\"@type\":\"ImageObject\",\"inLanguage\":\"pt-BR\",\"@id\":\"https:\\\/\\\/secure.gravatar.com\\\/avatar\\\/f562caee940d39879c20e90eea3e4b21860c7d4c96684c23141c554824f0059c?s=96&d=mm&r=g\",\"url\":\"https:\\\/\\\/secure.gravatar.com\\\/avatar\\\/f562caee940d39879c20e90eea3e4b21860c7d4c96684c23141c554824f0059c?s=96&d=mm&r=g\",\"contentUrl\":\"https:\\\/\\\/secure.gravatar.com\\\/avatar\\\/f562caee940d39879c20e90eea3e4b21860c7d4c96684c23141c554824f0059c?s=96&d=mm&r=g\",\"caption\":\"Marcelo Oliveira de A. Maranhao\"},\"url\":\"https:\\\/\\\/diariodepe.com.br\\\/xinhua\\\/author\\\/marcelo-maranhao\\\/\"}]}<\/script>\n<!-- \/ Yoast SEO plugin. -->","yoast_head_json":{"title":"Presidentes camaron\u00eas e franc\u00eas discutem seguran\u00e7a regional e la\u00e7os econ\u00f4micos - Xinhua - Diario de Pernambuco","robots":{"index":"index","follow":"follow","max-snippet":"max-snippet:-1","max-image-preview":"max-image-preview:large","max-video-preview":"max-video-preview:-1"},"canonical":"https:\/\/diariodepe.com.br\/xinhua\/2022\/07\/28\/presidentes-camarones-e-frances-discutem-seguranca-regional-e-lacos-economicos\/","og_locale":"pt_BR","og_type":"article","og_title":"Presidentes camaron\u00eas e franc\u00eas discutem seguran\u00e7a regional e la\u00e7os econ\u00f4micos - Xinhua - Diario de Pernambuco","og_description":"Iaund\u00ea &#8211; O presidente camaron\u00eas, Paul Biya, se reuniu na ter\u00e7a-feira com o presidente franc\u00eas, Emmanuel Macron, em Iaund\u00ea, capital de Camar\u00f5es, para discutir a seguran\u00e7a regional e os la\u00e7os econ\u00f4micos bilaterais. Em uma coletiva de imprensa conjunta ap\u00f3s a...","og_url":"https:\/\/diariodepe.com.br\/xinhua\/2022\/07\/28\/presidentes-camarones-e-frances-discutem-seguranca-regional-e-lacos-economicos\/","og_site_name":"Xinhua - Diario de Pernambuco","article_published_time":"2022-07-28T18:09:00+00:00","og_image":[{"width":1024,"height":758,"url":"https:\/\/diariodepe.com.br\/xinhua\/wp-content\/uploads\/sites\/3\/2022\/07\/20220728982437e9348d4fd5b0b0bd6056356019_20220728c6995770ba6a44ff8268643c8e328f39.png","type":"image\/png"}],"author":"Marcelo Oliveira de A. Maranhao","twitter_card":"summary_large_image","twitter_misc":{"Escrito por":"Marcelo Oliveira de A. Maranhao","Est. tempo de leitura":"2 minutos"},"schema":{"@context":"https:\/\/schema.org","@graph":[{"@type":"Article","@id":"https:\/\/diariodepe.com.br\/xinhua\/2022\/07\/28\/presidentes-camarones-e-frances-discutem-seguranca-regional-e-lacos-economicos\/#article","isPartOf":{"@id":"https:\/\/diariodepe.com.br\/xinhua\/2022\/07\/28\/presidentes-camarones-e-frances-discutem-seguranca-regional-e-lacos-economicos\/"},"author":{"name":"Marcelo Oliveira de A. Maranhao","@id":"https:\/\/diariodepe.com.br\/xinhua\/#\/schema\/person\/0943d6fd02bdc7b49c8f495e8787a2cb"},"headline":"Presidentes camaron\u00eas e franc\u00eas discutem seguran\u00e7a regional e la\u00e7os econ\u00f4micos","datePublished":"2022-07-28T18:09:00+00:00","mainEntityOfPage":{"@id":"https:\/\/diariodepe.com.br\/xinhua\/2022\/07\/28\/presidentes-camarones-e-frances-discutem-seguranca-regional-e-lacos-economicos\/"},"wordCount":314,"commentCount":0,"publisher":{"@id":"https:\/\/diariodepe.com.br\/xinhua\/#organization"},"image":{"@id":"https:\/\/diariodepe.com.br\/xinhua\/2022\/07\/28\/presidentes-camarones-e-frances-discutem-seguranca-regional-e-lacos-economicos\/#primaryimage"},"thumbnailUrl":"https:\/\/diariodepe.com.br\/xinhua\/wp-content\/uploads\/sites\/3\/2022\/07\/20220728982437e9348d4fd5b0b0bd6056356019_20220728c6995770ba6a44ff8268643c8e328f39.png","articleSection":["Internacional"],"inLanguage":"pt-BR","potentialAction":[{"@type":"CommentAction","name":"Comment","target":["https:\/\/diariodepe.com.br\/xinhua\/2022\/07\/28\/presidentes-camarones-e-frances-discutem-seguranca-regional-e-lacos-economicos\/#respond"]}]},{"@type":"WebPage","@id":"https:\/\/diariodepe.com.br\/xinhua\/2022\/07\/28\/presidentes-camarones-e-frances-discutem-seguranca-regional-e-lacos-economicos\/","url":"https:\/\/diariodepe.com.br\/xinhua\/2022\/07\/28\/presidentes-camarones-e-frances-discutem-seguranca-regional-e-lacos-economicos\/","name":"Presidentes camaron\u00eas e franc\u00eas discutem seguran\u00e7a regional e la\u00e7os econ\u00f4micos - Xinhua - Diario de Pernambuco","isPartOf":{"@id":"https:\/\/diariodepe.com.br\/xinhua\/#website"},"primaryImageOfPage":{"@id":"https:\/\/diariodepe.com.br\/xinhua\/2022\/07\/28\/presidentes-camarones-e-frances-discutem-seguranca-regional-e-lacos-economicos\/#primaryimage"},"image":{"@id":"https:\/\/diariodepe.com.br\/xinhua\/2022\/07\/28\/presidentes-camarones-e-frances-discutem-seguranca-regional-e-lacos-economicos\/#primaryimage"},"thumbnailUrl":"https:\/\/diariodepe.com.br\/xinhua\/wp-content\/uploads\/sites\/3\/2022\/07\/20220728982437e9348d4fd5b0b0bd6056356019_20220728c6995770ba6a44ff8268643c8e328f39.png","datePublished":"2022-07-28T18:09:00+00:00","breadcrumb":{"@id":"https:\/\/diariodepe.com.br\/xinhua\/2022\/07\/28\/presidentes-camarones-e-frances-discutem-seguranca-regional-e-lacos-economicos\/#breadcrumb"},"inLanguage":"pt-BR","potentialAction":[{"@type":"ReadAction","target":["https:\/\/diariodepe.com.br\/xinhua\/2022\/07\/28\/presidentes-camarones-e-frances-discutem-seguranca-regional-e-lacos-economicos\/"]}]},{"@type":"ImageObject","inLanguage":"pt-BR","@id":"https:\/\/diariodepe.com.br\/xinhua\/2022\/07\/28\/presidentes-camarones-e-frances-discutem-seguranca-regional-e-lacos-economicos\/#primaryimage","url":"https:\/\/diariodepe.com.br\/xinhua\/wp-content\/uploads\/sites\/3\/2022\/07\/20220728982437e9348d4fd5b0b0bd6056356019_20220728c6995770ba6a44ff8268643c8e328f39.png","contentUrl":"https:\/\/diariodepe.com.br\/xinhua\/wp-content\/uploads\/sites\/3\/2022\/07\/20220728982437e9348d4fd5b0b0bd6056356019_20220728c6995770ba6a44ff8268643c8e328f39.png","width":1024,"height":758},{"@type":"BreadcrumbList","@id":"https:\/\/diariodepe.com.br\/xinhua\/2022\/07\/28\/presidentes-camarones-e-frances-discutem-seguranca-regional-e-lacos-economicos\/#breadcrumb","itemListElement":[{"@type":"ListItem","position":1,"name":"In\u00edcio","item":"https:\/\/diariodepe.com.br\/xinhua\/"},{"@type":"ListItem","position":2,"name":"Presidentes camaron\u00eas e franc\u00eas discutem seguran\u00e7a regional e la\u00e7os econ\u00f4micos"}]},{"@type":"WebSite","@id":"https:\/\/diariodepe.com.br\/xinhua\/#website","url":"https:\/\/diariodepe.com.br\/xinhua\/","name":"Xinhua - Diario de Pernambuco","description":"A maior ag\u00eancia de not\u00edcias da China e um dos principais canais para conhecer o pa\u00eds","publisher":{"@id":"https:\/\/diariodepe.com.br\/xinhua\/#organization"},"potentialAction":[{"@type":"SearchAction","target":{"@type":"EntryPoint","urlTemplate":"https:\/\/diariodepe.com.br\/xinhua\/?s={search_term_string}"},"query-input":{"@type":"PropertyValueSpecification","valueRequired":true,"valueName":"search_term_string"}}],"inLanguage":"pt-BR"},{"@type":"Organization","@id":"https:\/\/diariodepe.com.br\/xinhua\/#organization","name":"Xinhua - Diario de Pernambuco","url":"https:\/\/diariodepe.com.br\/xinhua\/","logo":{"@type":"ImageObject","inLanguage":"pt-BR","@id":"https:\/\/diariodepe.com.br\/xinhua\/#\/schema\/logo\/image\/","url":"https:\/\/diariodepe.com.br\/xinhua\/wp-content\/uploads\/sites\/3\/2020\/10\/cropped-logo-transparente-2.png","contentUrl":"https:\/\/diariodepe.com.br\/xinhua\/wp-content\/uploads\/sites\/3\/2020\/10\/cropped-logo-transparente-2.png","width":512,"height":164,"caption":"Xinhua - Diario de Pernambuco"},"image":{"@id":"https:\/\/diariodepe.com.br\/xinhua\/#\/schema\/logo\/image\/"}},{"@type":"Person","@id":"https:\/\/diariodepe.com.br\/xinhua\/#\/schema\/person\/0943d6fd02bdc7b49c8f495e8787a2cb","name":"Marcelo Oliveira de A. Maranhao","image":{"@type":"ImageObject","inLanguage":"pt-BR","@id":"https:\/\/secure.gravatar.com\/avatar\/f562caee940d39879c20e90eea3e4b21860c7d4c96684c23141c554824f0059c?s=96&d=mm&r=g","url":"https:\/\/secure.gravatar.com\/avatar\/f562caee940d39879c20e90eea3e4b21860c7d4c96684c23141c554824f0059c?s=96&d=mm&r=g","contentUrl":"https:\/\/secure.gravatar.com\/avatar\/f562caee940d39879c20e90eea3e4b21860c7d4c96684c23141c554824f0059c?s=96&d=mm&r=g","caption":"Marcelo Oliveira de A. Maranhao"},"url":"https:\/\/diariodepe.com.br\/xinhua\/author\/marcelo-maranhao\/"}]}},"cc_featured_image_caption":{"caption_text":"","source_text":"","source_url":""},"amp_enabled":true,"_links":{"self":[{"href":"https:\/\/diariodepe.com.br\/xinhua\/wp-json\/wp\/v2\/posts\/8041","targetHints":{"allow":["GET"]}}],"collection":[{"href":"https:\/\/diariodepe.com.br\/xinhua\/wp-json\/wp\/v2\/posts"}],"about":[{"href":"https:\/\/diariodepe.com.br\/xinhua\/wp-json\/wp\/v2\/types\/post"}],"author":[{"embeddable":true,"href":"https:\/\/diariodepe.com.br\/xinhua\/wp-json\/wp\/v2\/users\/3"}],"replies":[{"embeddable":true,"href":"https:\/\/diariodepe.com.br\/xinhua\/wp-json\/wp\/v2\/comments?post=8041"}],"version-history":[{"count":1,"href":"https:\/\/diariodepe.com.br\/xinhua\/wp-json\/wp\/v2\/posts\/8041\/revisions"}],"predecessor-version":[{"id":8043,"href":"https:\/\/diariodepe.com.br\/xinhua\/wp-json\/wp\/v2\/posts\/8041\/revisions\/8043"}],"wp:featuredmedia":[{"embeddable":true,"href":"https:\/\/diariodepe.com.br\/xinhua\/wp-json\/wp\/v2\/media\/8042"}],"wp:attachment":[{"href":"https:\/\/diariodepe.com.br\/xinhua\/wp-json\/wp\/v2\/media?parent=8041"}],"wp:term":[{"taxonomy":"category","embeddable":true,"href":"https:\/\/diariodepe.com.br\/xinhua\/wp-json\/wp\/v2\/categories?post=8041"},{"taxonomy":"post_tag","embeddable":true,"href":"https:\/\/diariodepe.com.br\/xinhua\/wp-json\/wp\/v2\/tags?post=8041"}],"curies":[{"name":"wp","href":"https:\/\/api.w.org\/{rel}","templated":true}]}}