{"id":6371,"date":"2022-04-25T09:52:10","date_gmt":"2022-04-25T12:52:10","guid":{"rendered":"http:\/\/www.diariodepe.com.br\/xinhua\/?p=6371"},"modified":"2022-04-25T09:52:35","modified_gmt":"2022-04-25T12:52:35","slug":"carnaval-volta-as-ruas-do-brasil-depois-de-dois-anos-de-ausencia","status":"publish","type":"post","link":"https:\/\/diariodepe.com.br\/xinhua\/2022\/04\/25\/carnaval-volta-as-ruas-do-brasil-depois-de-dois-anos-de-ausencia\/","title":{"rendered":"Carnaval volta \u00e0s ruas do Brasil depois de dois anos de aus\u00eancia"},"content":{"rendered":"\n<p>Rio de Janeiro &#8211; Ap\u00f3s dois anos de aus\u00eancia devido \u00e0 pandemia da COVID-19, o Carnaval voltou \u00e0s ruas do Brasil, em um evento fora de \u00e9poca, mas sem perder a anima\u00e7\u00e3o que caracteriza aquele que j\u00e1 foi definido como &#8220;o maior espet\u00e1culo da Terra&#8221;.<\/p>\n\n\n\n<p>Evento realizado sempre em fevereiro ou no in\u00edcio de mar\u00e7o em pleno ver\u00e3o tropical, o Carnaval de 2021 tinha sido cancelado pelo auge da pandemia e foi novamente suspenso este ano devido ao aumento de casos da variante \u00d4micron no Brasil.<\/p>\n\n\n\n<p>N\u00e3o obstante, a queda no n\u00famero de casos e de mortes gra\u00e7as \u00e0 vacina\u00e7\u00e3o, que j\u00e1 imunizou mais de 76% da popula\u00e7\u00e3o contra o v\u00edrus, somada \u00e0s press\u00f5es do setor tur\u00edstico, temendo outro ano sem sua principal \u00e9poca de p\u00fablico, levou as autoridades das cidades do Rio de Janeiro e S\u00e3o Paulo a buscarem uma nova data.<\/p>\n\n\n\n<p>A solu\u00e7\u00e3o foi aproveitar o feriado nacional de Tiradentes, de 21 de abril, que este ano caiu em uma quinta-feira, para somar a sexta-feira a um fim de semana prolongado e realizar o Carnaval que, desta vez, de acordo com fontes do setor, n\u00e3o contou com grande presen\u00e7a de turistas estrangeiros, mas sim com o turismo interno.<\/p>\n\n\n\n<p>Segundo a Associa\u00e7\u00e3o Brasileira da Ind\u00fastria Hoteleira (Abih), no Rio de Janeiro, sede do Carnaval mais famoso do mundo, a ocupa\u00e7\u00e3o dos hot\u00e9is ficou entre 85 e 90% durante este fim de semana, percentuais que n\u00e3o eram alcan\u00e7ados desde antes da pandemia.<\/p>\n\n\n\n<p>Principal atra\u00e7\u00e3o do Carnaval brasileiro, o desfile das Escolas de Samba do Grupo Especial do Rio de Janeiro foi realizado com todo seu esplendor, nas noites de sexta-feira para s\u00e1bado e s\u00e1bado para domingo, terminando com o dia raiando e as arquibancadas lotadas.<\/p>\n\n\n\n<p>Com a mudan\u00e7a para o feriado, os desfiles das Escolas de Samba da cidade de S\u00e3o Paulo coincidiram com os do Rio de Janeiro, o que atrapalhou artistas e celebridades que costumam aparecer nos dois eventos, mas isso n\u00e3o impediu que a popular apresentadora Sabrina Sato, rainha da bateria da &#8220;Gavi\u00f5es da Fiel&#8221; paulista e da &#8220;Vila Isabel&#8221; carioca, de brilhar nas duas passarelas.<\/p>\n\n\n\n<p>Mesmo enfrentando um atraso de uma hora no desfile da escola paulista, Sato, com a ajuda de motoristas, seguran\u00e7as e um jato executivo, conseguiu chegar ao Rio antes que a Vila Isabel, \u00faltima Escola a desfilar, entrasse na avenida Marques de Sapuca\u00ed.<\/p>\n\n\n\n<p>A outra grande atra\u00e7\u00e3o do Carnaval brasileiro &#8211; os &#8220;blocos&#8221;, que re\u00fanem at\u00e9 centenas de milhares de foli\u00f5es em pontos espec\u00edficos das cidades, principalmente Rio, S\u00e3o Paulo e Salvador (Bahia) -, n\u00e3o foi autorizada oficialmente pelas prefeituras, mas muitas agremia\u00e7\u00f5es cariocas e paulistas sa\u00edram as ruas, em desfiles improvisados.<\/p>\n","protected":false},"excerpt":{"rendered":"<p>Rio de Janeiro &#8211; Ap\u00f3s dois anos de aus\u00eancia devido \u00e0 pandemia da COVID-19, o Carnaval voltou \u00e0s ruas do Brasil, em um evento fora de \u00e9poca, mas sem perder a anima\u00e7\u00e3o que caracteriza aquele que j\u00e1 foi definido como&#8230;<\/p>\n","protected":false},"author":3,"featured_media":0,"comment_status":"open","ping_status":"open","sticky":false,"template":"","format":"standard","meta":{"footnotes":""},"categories":[4],"tags":[],"class_list":["post-6371","post","type-post","status-publish","format-standard","hentry","category-internacional"],"yoast_head":"<!-- This site is optimized with the Yoast SEO plugin v27.4 - https:\/\/yoast.com\/product\/yoast-seo-wordpress\/ -->\n<title>Carnaval volta \u00e0s ruas do Brasil depois de dois anos de aus\u00eancia - Xinhua - Diario de Pernambuco<\/title>\n<meta name=\"robots\" content=\"index, follow, max-snippet:-1, max-image-preview:large, max-video-preview:-1\" \/>\n<link rel=\"canonical\" href=\"https:\/\/diariodepe.com.br\/xinhua\/2022\/04\/25\/carnaval-volta-as-ruas-do-brasil-depois-de-dois-anos-de-ausencia\/\" \/>\n<meta property=\"og:locale\" content=\"pt_BR\" \/>\n<meta property=\"og:type\" content=\"article\" \/>\n<meta property=\"og:title\" content=\"Carnaval volta \u00e0s ruas do Brasil depois de dois anos de aus\u00eancia - Xinhua - Diario de Pernambuco\" \/>\n<meta property=\"og:description\" content=\"Rio de Janeiro &#8211; Ap\u00f3s dois anos de aus\u00eancia devido \u00e0 pandemia da COVID-19, o Carnaval voltou \u00e0s ruas do Brasil, em um evento fora de \u00e9poca, mas sem perder a anima\u00e7\u00e3o que caracteriza aquele que j\u00e1 foi definido como...\" \/>\n<meta property=\"og:url\" content=\"https:\/\/diariodepe.com.br\/xinhua\/2022\/04\/25\/carnaval-volta-as-ruas-do-brasil-depois-de-dois-anos-de-ausencia\/\" \/>\n<meta property=\"og:site_name\" content=\"Xinhua - Diario de Pernambuco\" \/>\n<meta property=\"article:published_time\" content=\"2022-04-25T12:52:10+00:00\" \/>\n<meta property=\"article:modified_time\" content=\"2022-04-25T12:52:35+00:00\" \/>\n<meta name=\"author\" content=\"Marcelo Oliveira de A. Maranhao\" \/>\n<meta name=\"twitter:card\" content=\"summary_large_image\" \/>\n<meta name=\"twitter:label1\" content=\"Escrito por\" \/>\n\t<meta name=\"twitter:data1\" content=\"Marcelo Oliveira de A. Maranhao\" \/>\n\t<meta name=\"twitter:label2\" content=\"Est. tempo de leitura\" \/>\n\t<meta name=\"twitter:data2\" content=\"3 minutos\" \/>\n<script type=\"application\/ld+json\" class=\"yoast-schema-graph\">{\"@context\":\"https:\\\/\\\/schema.org\",\"@graph\":[{\"@type\":\"Article\",\"@id\":\"https:\\\/\\\/diariodepe.com.br\\\/xinhua\\\/2022\\\/04\\\/25\\\/carnaval-volta-as-ruas-do-brasil-depois-de-dois-anos-de-ausencia\\\/#article\",\"isPartOf\":{\"@id\":\"https:\\\/\\\/diariodepe.com.br\\\/xinhua\\\/2022\\\/04\\\/25\\\/carnaval-volta-as-ruas-do-brasil-depois-de-dois-anos-de-ausencia\\\/\"},\"author\":{\"name\":\"Marcelo Oliveira de A. Maranhao\",\"@id\":\"https:\\\/\\\/diariodepe.com.br\\\/xinhua\\\/#\\\/schema\\\/person\\\/0943d6fd02bdc7b49c8f495e8787a2cb\"},\"headline\":\"Carnaval volta \u00e0s ruas do Brasil depois de dois anos de aus\u00eancia\",\"datePublished\":\"2022-04-25T12:52:10+00:00\",\"dateModified\":\"2022-04-25T12:52:35+00:00\",\"mainEntityOfPage\":{\"@id\":\"https:\\\/\\\/diariodepe.com.br\\\/xinhua\\\/2022\\\/04\\\/25\\\/carnaval-volta-as-ruas-do-brasil-depois-de-dois-anos-de-ausencia\\\/\"},\"wordCount\":488,\"commentCount\":0,\"publisher\":{\"@id\":\"https:\\\/\\\/diariodepe.com.br\\\/xinhua\\\/#organization\"},\"articleSection\":[\"Internacional\"],\"inLanguage\":\"pt-BR\",\"potentialAction\":[{\"@type\":\"CommentAction\",\"name\":\"Comment\",\"target\":[\"https:\\\/\\\/diariodepe.com.br\\\/xinhua\\\/2022\\\/04\\\/25\\\/carnaval-volta-as-ruas-do-brasil-depois-de-dois-anos-de-ausencia\\\/#respond\"]}]},{\"@type\":\"WebPage\",\"@id\":\"https:\\\/\\\/diariodepe.com.br\\\/xinhua\\\/2022\\\/04\\\/25\\\/carnaval-volta-as-ruas-do-brasil-depois-de-dois-anos-de-ausencia\\\/\",\"url\":\"https:\\\/\\\/diariodepe.com.br\\\/xinhua\\\/2022\\\/04\\\/25\\\/carnaval-volta-as-ruas-do-brasil-depois-de-dois-anos-de-ausencia\\\/\",\"name\":\"Carnaval volta \u00e0s ruas do Brasil depois de dois anos de aus\u00eancia - Xinhua - Diario de Pernambuco\",\"isPartOf\":{\"@id\":\"https:\\\/\\\/diariodepe.com.br\\\/xinhua\\\/#website\"},\"datePublished\":\"2022-04-25T12:52:10+00:00\",\"dateModified\":\"2022-04-25T12:52:35+00:00\",\"breadcrumb\":{\"@id\":\"https:\\\/\\\/diariodepe.com.br\\\/xinhua\\\/2022\\\/04\\\/25\\\/carnaval-volta-as-ruas-do-brasil-depois-de-dois-anos-de-ausencia\\\/#breadcrumb\"},\"inLanguage\":\"pt-BR\",\"potentialAction\":[{\"@type\":\"ReadAction\",\"target\":[\"https:\\\/\\\/diariodepe.com.br\\\/xinhua\\\/2022\\\/04\\\/25\\\/carnaval-volta-as-ruas-do-brasil-depois-de-dois-anos-de-ausencia\\\/\"]}]},{\"@type\":\"BreadcrumbList\",\"@id\":\"https:\\\/\\\/diariodepe.com.br\\\/xinhua\\\/2022\\\/04\\\/25\\\/carnaval-volta-as-ruas-do-brasil-depois-de-dois-anos-de-ausencia\\\/#breadcrumb\",\"itemListElement\":[{\"@type\":\"ListItem\",\"position\":1,\"name\":\"In\u00edcio\",\"item\":\"https:\\\/\\\/diariodepe.com.br\\\/xinhua\\\/\"},{\"@type\":\"ListItem\",\"position\":2,\"name\":\"Carnaval volta \u00e0s ruas do Brasil depois de dois anos de aus\u00eancia\"}]},{\"@type\":\"WebSite\",\"@id\":\"https:\\\/\\\/diariodepe.com.br\\\/xinhua\\\/#website\",\"url\":\"https:\\\/\\\/diariodepe.com.br\\\/xinhua\\\/\",\"name\":\"Xinhua - Diario de Pernambuco\",\"description\":\"A maior ag\u00eancia de not\u00edcias da China e um dos principais canais para conhecer o pa\u00eds\",\"publisher\":{\"@id\":\"https:\\\/\\\/diariodepe.com.br\\\/xinhua\\\/#organization\"},\"potentialAction\":[{\"@type\":\"SearchAction\",\"target\":{\"@type\":\"EntryPoint\",\"urlTemplate\":\"https:\\\/\\\/diariodepe.com.br\\\/xinhua\\\/?s={search_term_string}\"},\"query-input\":{\"@type\":\"PropertyValueSpecification\",\"valueRequired\":true,\"valueName\":\"search_term_string\"}}],\"inLanguage\":\"pt-BR\"},{\"@type\":\"Organization\",\"@id\":\"https:\\\/\\\/diariodepe.com.br\\\/xinhua\\\/#organization\",\"name\":\"Xinhua - Diario de Pernambuco\",\"url\":\"https:\\\/\\\/diariodepe.com.br\\\/xinhua\\\/\",\"logo\":{\"@type\":\"ImageObject\",\"inLanguage\":\"pt-BR\",\"@id\":\"https:\\\/\\\/diariodepe.com.br\\\/xinhua\\\/#\\\/schema\\\/logo\\\/image\\\/\",\"url\":\"https:\\\/\\\/diariodepe.com.br\\\/xinhua\\\/wp-content\\\/uploads\\\/sites\\\/3\\\/2020\\\/10\\\/cropped-logo-transparente-2.png\",\"contentUrl\":\"https:\\\/\\\/diariodepe.com.br\\\/xinhua\\\/wp-content\\\/uploads\\\/sites\\\/3\\\/2020\\\/10\\\/cropped-logo-transparente-2.png\",\"width\":512,\"height\":164,\"caption\":\"Xinhua - Diario de Pernambuco\"},\"image\":{\"@id\":\"https:\\\/\\\/diariodepe.com.br\\\/xinhua\\\/#\\\/schema\\\/logo\\\/image\\\/\"}},{\"@type\":\"Person\",\"@id\":\"https:\\\/\\\/diariodepe.com.br\\\/xinhua\\\/#\\\/schema\\\/person\\\/0943d6fd02bdc7b49c8f495e8787a2cb\",\"name\":\"Marcelo Oliveira de A. Maranhao\",\"image\":{\"@type\":\"ImageObject\",\"inLanguage\":\"pt-BR\",\"@id\":\"https:\\\/\\\/secure.gravatar.com\\\/avatar\\\/f562caee940d39879c20e90eea3e4b21860c7d4c96684c23141c554824f0059c?s=96&d=mm&r=g\",\"url\":\"https:\\\/\\\/secure.gravatar.com\\\/avatar\\\/f562caee940d39879c20e90eea3e4b21860c7d4c96684c23141c554824f0059c?s=96&d=mm&r=g\",\"contentUrl\":\"https:\\\/\\\/secure.gravatar.com\\\/avatar\\\/f562caee940d39879c20e90eea3e4b21860c7d4c96684c23141c554824f0059c?s=96&d=mm&r=g\",\"caption\":\"Marcelo Oliveira de A. Maranhao\"},\"url\":\"https:\\\/\\\/diariodepe.com.br\\\/xinhua\\\/author\\\/marcelo-maranhao\\\/\"}]}<\/script>\n<!-- \/ Yoast SEO plugin. -->","yoast_head_json":{"title":"Carnaval volta \u00e0s ruas do Brasil depois de dois anos de aus\u00eancia - Xinhua - Diario de Pernambuco","robots":{"index":"index","follow":"follow","max-snippet":"max-snippet:-1","max-image-preview":"max-image-preview:large","max-video-preview":"max-video-preview:-1"},"canonical":"https:\/\/diariodepe.com.br\/xinhua\/2022\/04\/25\/carnaval-volta-as-ruas-do-brasil-depois-de-dois-anos-de-ausencia\/","og_locale":"pt_BR","og_type":"article","og_title":"Carnaval volta \u00e0s ruas do Brasil depois de dois anos de aus\u00eancia - Xinhua - Diario de Pernambuco","og_description":"Rio de Janeiro &#8211; Ap\u00f3s dois anos de aus\u00eancia devido \u00e0 pandemia da COVID-19, o Carnaval voltou \u00e0s ruas do Brasil, em um evento fora de \u00e9poca, mas sem perder a anima\u00e7\u00e3o que caracteriza aquele que j\u00e1 foi definido como...","og_url":"https:\/\/diariodepe.com.br\/xinhua\/2022\/04\/25\/carnaval-volta-as-ruas-do-brasil-depois-de-dois-anos-de-ausencia\/","og_site_name":"Xinhua - Diario de Pernambuco","article_published_time":"2022-04-25T12:52:10+00:00","article_modified_time":"2022-04-25T12:52:35+00:00","author":"Marcelo Oliveira de A. Maranhao","twitter_card":"summary_large_image","twitter_misc":{"Escrito por":"Marcelo Oliveira de A. Maranhao","Est. tempo de leitura":"3 minutos"},"schema":{"@context":"https:\/\/schema.org","@graph":[{"@type":"Article","@id":"https:\/\/diariodepe.com.br\/xinhua\/2022\/04\/25\/carnaval-volta-as-ruas-do-brasil-depois-de-dois-anos-de-ausencia\/#article","isPartOf":{"@id":"https:\/\/diariodepe.com.br\/xinhua\/2022\/04\/25\/carnaval-volta-as-ruas-do-brasil-depois-de-dois-anos-de-ausencia\/"},"author":{"name":"Marcelo Oliveira de A. Maranhao","@id":"https:\/\/diariodepe.com.br\/xinhua\/#\/schema\/person\/0943d6fd02bdc7b49c8f495e8787a2cb"},"headline":"Carnaval volta \u00e0s ruas do Brasil depois de dois anos de aus\u00eancia","datePublished":"2022-04-25T12:52:10+00:00","dateModified":"2022-04-25T12:52:35+00:00","mainEntityOfPage":{"@id":"https:\/\/diariodepe.com.br\/xinhua\/2022\/04\/25\/carnaval-volta-as-ruas-do-brasil-depois-de-dois-anos-de-ausencia\/"},"wordCount":488,"commentCount":0,"publisher":{"@id":"https:\/\/diariodepe.com.br\/xinhua\/#organization"},"articleSection":["Internacional"],"inLanguage":"pt-BR","potentialAction":[{"@type":"CommentAction","name":"Comment","target":["https:\/\/diariodepe.com.br\/xinhua\/2022\/04\/25\/carnaval-volta-as-ruas-do-brasil-depois-de-dois-anos-de-ausencia\/#respond"]}]},{"@type":"WebPage","@id":"https:\/\/diariodepe.com.br\/xinhua\/2022\/04\/25\/carnaval-volta-as-ruas-do-brasil-depois-de-dois-anos-de-ausencia\/","url":"https:\/\/diariodepe.com.br\/xinhua\/2022\/04\/25\/carnaval-volta-as-ruas-do-brasil-depois-de-dois-anos-de-ausencia\/","name":"Carnaval volta \u00e0s ruas do Brasil depois de dois anos de aus\u00eancia - Xinhua - Diario de Pernambuco","isPartOf":{"@id":"https:\/\/diariodepe.com.br\/xinhua\/#website"},"datePublished":"2022-04-25T12:52:10+00:00","dateModified":"2022-04-25T12:52:35+00:00","breadcrumb":{"@id":"https:\/\/diariodepe.com.br\/xinhua\/2022\/04\/25\/carnaval-volta-as-ruas-do-brasil-depois-de-dois-anos-de-ausencia\/#breadcrumb"},"inLanguage":"pt-BR","potentialAction":[{"@type":"ReadAction","target":["https:\/\/diariodepe.com.br\/xinhua\/2022\/04\/25\/carnaval-volta-as-ruas-do-brasil-depois-de-dois-anos-de-ausencia\/"]}]},{"@type":"BreadcrumbList","@id":"https:\/\/diariodepe.com.br\/xinhua\/2022\/04\/25\/carnaval-volta-as-ruas-do-brasil-depois-de-dois-anos-de-ausencia\/#breadcrumb","itemListElement":[{"@type":"ListItem","position":1,"name":"In\u00edcio","item":"https:\/\/diariodepe.com.br\/xinhua\/"},{"@type":"ListItem","position":2,"name":"Carnaval volta \u00e0s ruas do Brasil depois de dois anos de aus\u00eancia"}]},{"@type":"WebSite","@id":"https:\/\/diariodepe.com.br\/xinhua\/#website","url":"https:\/\/diariodepe.com.br\/xinhua\/","name":"Xinhua - Diario de Pernambuco","description":"A maior ag\u00eancia de not\u00edcias da China e um dos principais canais para conhecer o pa\u00eds","publisher":{"@id":"https:\/\/diariodepe.com.br\/xinhua\/#organization"},"potentialAction":[{"@type":"SearchAction","target":{"@type":"EntryPoint","urlTemplate":"https:\/\/diariodepe.com.br\/xinhua\/?s={search_term_string}"},"query-input":{"@type":"PropertyValueSpecification","valueRequired":true,"valueName":"search_term_string"}}],"inLanguage":"pt-BR"},{"@type":"Organization","@id":"https:\/\/diariodepe.com.br\/xinhua\/#organization","name":"Xinhua - Diario de Pernambuco","url":"https:\/\/diariodepe.com.br\/xinhua\/","logo":{"@type":"ImageObject","inLanguage":"pt-BR","@id":"https:\/\/diariodepe.com.br\/xinhua\/#\/schema\/logo\/image\/","url":"https:\/\/diariodepe.com.br\/xinhua\/wp-content\/uploads\/sites\/3\/2020\/10\/cropped-logo-transparente-2.png","contentUrl":"https:\/\/diariodepe.com.br\/xinhua\/wp-content\/uploads\/sites\/3\/2020\/10\/cropped-logo-transparente-2.png","width":512,"height":164,"caption":"Xinhua - Diario de Pernambuco"},"image":{"@id":"https:\/\/diariodepe.com.br\/xinhua\/#\/schema\/logo\/image\/"}},{"@type":"Person","@id":"https:\/\/diariodepe.com.br\/xinhua\/#\/schema\/person\/0943d6fd02bdc7b49c8f495e8787a2cb","name":"Marcelo Oliveira de A. Maranhao","image":{"@type":"ImageObject","inLanguage":"pt-BR","@id":"https:\/\/secure.gravatar.com\/avatar\/f562caee940d39879c20e90eea3e4b21860c7d4c96684c23141c554824f0059c?s=96&d=mm&r=g","url":"https:\/\/secure.gravatar.com\/avatar\/f562caee940d39879c20e90eea3e4b21860c7d4c96684c23141c554824f0059c?s=96&d=mm&r=g","contentUrl":"https:\/\/secure.gravatar.com\/avatar\/f562caee940d39879c20e90eea3e4b21860c7d4c96684c23141c554824f0059c?s=96&d=mm&r=g","caption":"Marcelo Oliveira de A. Maranhao"},"url":"https:\/\/diariodepe.com.br\/xinhua\/author\/marcelo-maranhao\/"}]}},"cc_featured_image_caption":{"caption_text":"","source_text":"","source_url":""},"amp_enabled":true,"_links":{"self":[{"href":"https:\/\/diariodepe.com.br\/xinhua\/wp-json\/wp\/v2\/posts\/6371","targetHints":{"allow":["GET"]}}],"collection":[{"href":"https:\/\/diariodepe.com.br\/xinhua\/wp-json\/wp\/v2\/posts"}],"about":[{"href":"https:\/\/diariodepe.com.br\/xinhua\/wp-json\/wp\/v2\/types\/post"}],"author":[{"embeddable":true,"href":"https:\/\/diariodepe.com.br\/xinhua\/wp-json\/wp\/v2\/users\/3"}],"replies":[{"embeddable":true,"href":"https:\/\/diariodepe.com.br\/xinhua\/wp-json\/wp\/v2\/comments?post=6371"}],"version-history":[{"count":1,"href":"https:\/\/diariodepe.com.br\/xinhua\/wp-json\/wp\/v2\/posts\/6371\/revisions"}],"predecessor-version":[{"id":6372,"href":"https:\/\/diariodepe.com.br\/xinhua\/wp-json\/wp\/v2\/posts\/6371\/revisions\/6372"}],"wp:attachment":[{"href":"https:\/\/diariodepe.com.br\/xinhua\/wp-json\/wp\/v2\/media?parent=6371"}],"wp:term":[{"taxonomy":"category","embeddable":true,"href":"https:\/\/diariodepe.com.br\/xinhua\/wp-json\/wp\/v2\/categories?post=6371"},{"taxonomy":"post_tag","embeddable":true,"href":"https:\/\/diariodepe.com.br\/xinhua\/wp-json\/wp\/v2\/tags?post=6371"}],"curies":[{"name":"wp","href":"https:\/\/api.w.org\/{rel}","templated":true}]}}