{"id":6366,"date":"2022-04-25T13:00:00","date_gmt":"2022-04-25T16:00:00","guid":{"rendered":"http:\/\/www.diariodepe.com.br\/xinhua\/?p=6366"},"modified":"2022-04-25T09:49:55","modified_gmt":"2022-04-25T12:49:55","slug":"premie-chines-e-chanceler-austriaco-realizam-conversa-telefonica","status":"publish","type":"post","link":"https:\/\/diariodepe.com.br\/xinhua\/2022\/04\/25\/premie-chines-e-chanceler-austriaco-realizam-conversa-telefonica\/","title":{"rendered":"Premi\u00ea chin\u00eas e chanceler austr\u00edaco realizam conversa telef\u00f4nica"},"content":{"rendered":"\n<p>Beijing &#8211; O primeiro-ministro da China, Li Keqiang, realizou uma conversa telef\u00f4nica com o chanceler da \u00c1ustria, Karl Nehammer, na sexta-feira, a pedido deste \u00faltimo.<\/p>\n\n\n\n<p>Li felicitou novamente Nehammer por sua posse no cargo de chanceler austr\u00edaco.<\/p>\n\n\n\n<p>Indicando que a \u00c1ustria \u00e9 um importante parceiro de coopera\u00e7\u00e3o da China na Uni\u00e3o Europeia (UE), Li disse que desde que se estabeleceram as rela\u00e7\u00f5es diplom\u00e1ticas h\u00e1 51 anos, as rela\u00e7\u00f5es China-\u00c1ustria transcenderam as diferen\u00e7as em seus sistemas, culturas e n\u00edveis de desenvolvimento, e que a coopera\u00e7\u00e3o entre as duas partes foi aprofundada continuamente.<\/p>\n\n\n\n<p>Em 2018, o presidente chin\u00eas, Xi Jinping, e seu hom\u00f3logo austr\u00edaco, Alexander Van der Bellen, decidiram estabelecer uma parceria estrat\u00e9gica amistosa China-\u00c1ustria, o que elevou a rela\u00e7\u00e3o a um novo patamar, assinalou Li.<\/p>\n\n\n\n<p>A China est\u00e1 disposta a fortalecer o di\u00e1logo e a comunica\u00e7\u00e3o com a \u00c1ustria, aprofundar a coopera\u00e7\u00e3o pr\u00e1tica em diversas \u00e1reas e impulsionar o desenvolvimento saud\u00e1vel e est\u00e1vel das rela\u00e7\u00f5es China-\u00c1ustria, acrescentou.<\/p>\n\n\n\n<p>Li indicou que a atual situa\u00e7\u00e3o internacional e regional \u00e9 complexa e vol\u00e1til, e que a globaliza\u00e7\u00e3o econ\u00f4mica enfrenta ventos contr\u00e1rios.<\/p>\n\n\n\n<p>Como a China e a UE s\u00e3o parceiras estrat\u00e9gicas abrangentes, ambas relevantes economias no mundo e importantes parceiras comerciais entre si, devem aderir ainda mais \u00e0 abertura e \u00e0 coopera\u00e7\u00e3o bidirecionais, fortalecer a comunica\u00e7\u00e3o e o di\u00e1logo, al\u00e9m de enviar conjuntamente um sinal de desenvolvimento est\u00e1vel das rela\u00e7\u00f5es entre a China e a UE e do progresso ativo da coopera\u00e7\u00e3o bilateral, para garantir a log\u00edstica sem contratempos entre a China e a UE, a estabilidade das cadeias industrial e de suprimento, assim como a seguran\u00e7a alimentar e energ\u00e9tica, acrescentou.<\/p>\n\n\n\n<p>Li sublinhou que a abertura \u00e9 a pol\u00edtica nacional b\u00e1sica da China, o que n\u00e3o s\u00f3 tem impulsionado o crescimento do pr\u00f3prio pa\u00eds, mas tamb\u00e9m gerado benef\u00edcios para o mundo, sendo que essa pol\u00edtica nunca vacilar\u00e1.<\/p>\n\n\n\n<p>Independentemente das mudan\u00e7as no panorama internacional, a China continuar\u00e1 comprometida com a abertura e o aprofundamento da coopera\u00e7\u00e3o internacional bilateral e multilateral, disse Li, acrescentando que um grande mercado chin\u00eas aberto sempre ser\u00e1 um im\u00e3 para que empresas de todo o mundo, incluindo a \u00c1ustria, invistam e desenvolvam seus neg\u00f3cios.<\/p>\n\n\n\n<p>Por sua parte, Nehammer disse que a \u00c1ustria e a China t\u00eam mantido uma rela\u00e7\u00e3o saud\u00e1vel h\u00e1 muito tempo e os dois pa\u00edses v\u00eam realizando uma bem-sucedida coopera\u00e7\u00e3o em diversas \u00e1reas.<\/p>\n\n\n\n<p>Ao assinalar que a China \u00e9 uma participante vital dos assuntos internacionais, Nehammer indicou que a \u00c1ustria estima suas rela\u00e7\u00f5es com a China, adere \u00e0 pol\u00edtica de Uma S\u00f3 China e est\u00e1 disposta a continuar aprofundando a coopera\u00e7\u00e3o com a China e a promover um maior desenvolvimento da parceria estrat\u00e9gica amistosa \u00c1ustria-China.<\/p>\n\n\n\n<p>A \u00c1ustria apoia o fortalecimento do di\u00e1logo e comunica\u00e7\u00e3o entre a UE e a China, assim como a cont\u00ednua melhora das rela\u00e7\u00f5es entre ambas as partes, acrescentou Nehammer.<\/p>\n\n\n\n<p>As duas partes tamb\u00e9m trocaram opini\u00f5es sobre a quest\u00e3o da Ucr\u00e2nia.<\/p>\n\n\n\n<p>Li explicou a posi\u00e7\u00e3o de princ\u00edpios da China, assinalando que o pa\u00eds sempre buscou uma pol\u00edtica externa independente de paz, defende os prop\u00f3sitos e princ\u00edpios da Carta da ONU, obedece o direito internacional e as normas reconhecidas universalmente que regem as rela\u00e7\u00f5es internacionais e respeita a soberania e a integridade territorial de todos os pa\u00edses.<\/p>\n\n\n\n<p>Ele expressou a esperan\u00e7a de que todas as partes promovam conjuntamente as partes relacionadas a obter um cessar-fogo e p\u00f4r fim ao conflito atrav\u00e9s do di\u00e1logo e negocia\u00e7\u00e3o, especialmente para evitar uma crise humanit\u00e1ria ainda maior.<\/p>\n","protected":false},"excerpt":{"rendered":"<p>Beijing &#8211; O primeiro-ministro da China, Li Keqiang, realizou uma conversa telef\u00f4nica com o chanceler da \u00c1ustria, Karl Nehammer, na sexta-feira, a pedido deste \u00faltimo. Li felicitou novamente Nehammer por sua posse no cargo de chanceler austr\u00edaco. Indicando que a&#8230;<\/p>\n","protected":false},"author":3,"featured_media":6367,"comment_status":"open","ping_status":"open","sticky":false,"template":"","format":"standard","meta":{"footnotes":""},"categories":[4],"tags":[],"class_list":["post-6366","post","type-post","status-publish","format-standard","has-post-thumbnail","hentry","category-internacional"],"yoast_head":"<!-- This site is optimized with the Yoast SEO plugin v27.4 - https:\/\/yoast.com\/product\/yoast-seo-wordpress\/ -->\n<title>Premi\u00ea chin\u00eas e chanceler austr\u00edaco realizam conversa telef\u00f4nica - Xinhua - Diario de Pernambuco<\/title>\n<meta name=\"robots\" content=\"index, follow, max-snippet:-1, max-image-preview:large, max-video-preview:-1\" \/>\n<link rel=\"canonical\" href=\"https:\/\/diariodepe.com.br\/xinhua\/2022\/04\/25\/premie-chines-e-chanceler-austriaco-realizam-conversa-telefonica\/\" \/>\n<meta property=\"og:locale\" content=\"pt_BR\" \/>\n<meta property=\"og:type\" content=\"article\" \/>\n<meta property=\"og:title\" content=\"Premi\u00ea chin\u00eas e chanceler austr\u00edaco realizam conversa telef\u00f4nica - Xinhua - Diario de Pernambuco\" \/>\n<meta property=\"og:description\" content=\"Beijing &#8211; O primeiro-ministro da China, Li Keqiang, realizou uma conversa telef\u00f4nica com o chanceler da \u00c1ustria, Karl Nehammer, na sexta-feira, a pedido deste \u00faltimo. Li felicitou novamente Nehammer por sua posse no cargo de chanceler austr\u00edaco. Indicando que a...\" \/>\n<meta property=\"og:url\" content=\"https:\/\/diariodepe.com.br\/xinhua\/2022\/04\/25\/premie-chines-e-chanceler-austriaco-realizam-conversa-telefonica\/\" \/>\n<meta property=\"og:site_name\" content=\"Xinhua - Diario de Pernambuco\" \/>\n<meta property=\"article:published_time\" content=\"2022-04-25T16:00:00+00:00\" \/>\n<meta property=\"og:image\" content=\"https:\/\/diariodepe.com.br\/xinhua\/wp-content\/uploads\/sites\/3\/2022\/04\/1310570942_16507671245561n.jpg\" \/>\n\t<meta property=\"og:image:width\" content=\"900\" \/>\n\t<meta property=\"og:image:height\" content=\"1426\" \/>\n\t<meta property=\"og:image:type\" content=\"image\/jpeg\" \/>\n<meta name=\"author\" content=\"Marcelo Oliveira de A. Maranhao\" \/>\n<meta name=\"twitter:card\" content=\"summary_large_image\" \/>\n<meta name=\"twitter:label1\" content=\"Escrito por\" \/>\n\t<meta name=\"twitter:data1\" content=\"Marcelo Oliveira de A. Maranhao\" \/>\n\t<meta name=\"twitter:label2\" content=\"Est. tempo de leitura\" \/>\n\t<meta name=\"twitter:data2\" content=\"4 minutos\" \/>\n<script type=\"application\/ld+json\" class=\"yoast-schema-graph\">{\"@context\":\"https:\\\/\\\/schema.org\",\"@graph\":[{\"@type\":\"Article\",\"@id\":\"https:\\\/\\\/diariodepe.com.br\\\/xinhua\\\/2022\\\/04\\\/25\\\/premie-chines-e-chanceler-austriaco-realizam-conversa-telefonica\\\/#article\",\"isPartOf\":{\"@id\":\"https:\\\/\\\/diariodepe.com.br\\\/xinhua\\\/2022\\\/04\\\/25\\\/premie-chines-e-chanceler-austriaco-realizam-conversa-telefonica\\\/\"},\"author\":{\"name\":\"Marcelo Oliveira de A. Maranhao\",\"@id\":\"https:\\\/\\\/diariodepe.com.br\\\/xinhua\\\/#\\\/schema\\\/person\\\/0943d6fd02bdc7b49c8f495e8787a2cb\"},\"headline\":\"Premi\u00ea chin\u00eas e chanceler austr\u00edaco realizam conversa telef\u00f4nica\",\"datePublished\":\"2022-04-25T16:00:00+00:00\",\"mainEntityOfPage\":{\"@id\":\"https:\\\/\\\/diariodepe.com.br\\\/xinhua\\\/2022\\\/04\\\/25\\\/premie-chines-e-chanceler-austriaco-realizam-conversa-telefonica\\\/\"},\"wordCount\":653,\"commentCount\":0,\"publisher\":{\"@id\":\"https:\\\/\\\/diariodepe.com.br\\\/xinhua\\\/#organization\"},\"image\":{\"@id\":\"https:\\\/\\\/diariodepe.com.br\\\/xinhua\\\/2022\\\/04\\\/25\\\/premie-chines-e-chanceler-austriaco-realizam-conversa-telefonica\\\/#primaryimage\"},\"thumbnailUrl\":\"https:\\\/\\\/diariodepe.com.br\\\/xinhua\\\/wp-content\\\/uploads\\\/sites\\\/3\\\/2022\\\/04\\\/1310570942_16507671245561n.jpg\",\"articleSection\":[\"Internacional\"],\"inLanguage\":\"pt-BR\",\"potentialAction\":[{\"@type\":\"CommentAction\",\"name\":\"Comment\",\"target\":[\"https:\\\/\\\/diariodepe.com.br\\\/xinhua\\\/2022\\\/04\\\/25\\\/premie-chines-e-chanceler-austriaco-realizam-conversa-telefonica\\\/#respond\"]}]},{\"@type\":\"WebPage\",\"@id\":\"https:\\\/\\\/diariodepe.com.br\\\/xinhua\\\/2022\\\/04\\\/25\\\/premie-chines-e-chanceler-austriaco-realizam-conversa-telefonica\\\/\",\"url\":\"https:\\\/\\\/diariodepe.com.br\\\/xinhua\\\/2022\\\/04\\\/25\\\/premie-chines-e-chanceler-austriaco-realizam-conversa-telefonica\\\/\",\"name\":\"Premi\u00ea chin\u00eas e chanceler austr\u00edaco realizam conversa telef\u00f4nica - Xinhua - Diario de Pernambuco\",\"isPartOf\":{\"@id\":\"https:\\\/\\\/diariodepe.com.br\\\/xinhua\\\/#website\"},\"primaryImageOfPage\":{\"@id\":\"https:\\\/\\\/diariodepe.com.br\\\/xinhua\\\/2022\\\/04\\\/25\\\/premie-chines-e-chanceler-austriaco-realizam-conversa-telefonica\\\/#primaryimage\"},\"image\":{\"@id\":\"https:\\\/\\\/diariodepe.com.br\\\/xinhua\\\/2022\\\/04\\\/25\\\/premie-chines-e-chanceler-austriaco-realizam-conversa-telefonica\\\/#primaryimage\"},\"thumbnailUrl\":\"https:\\\/\\\/diariodepe.com.br\\\/xinhua\\\/wp-content\\\/uploads\\\/sites\\\/3\\\/2022\\\/04\\\/1310570942_16507671245561n.jpg\",\"datePublished\":\"2022-04-25T16:00:00+00:00\",\"breadcrumb\":{\"@id\":\"https:\\\/\\\/diariodepe.com.br\\\/xinhua\\\/2022\\\/04\\\/25\\\/premie-chines-e-chanceler-austriaco-realizam-conversa-telefonica\\\/#breadcrumb\"},\"inLanguage\":\"pt-BR\",\"potentialAction\":[{\"@type\":\"ReadAction\",\"target\":[\"https:\\\/\\\/diariodepe.com.br\\\/xinhua\\\/2022\\\/04\\\/25\\\/premie-chines-e-chanceler-austriaco-realizam-conversa-telefonica\\\/\"]}]},{\"@type\":\"ImageObject\",\"inLanguage\":\"pt-BR\",\"@id\":\"https:\\\/\\\/diariodepe.com.br\\\/xinhua\\\/2022\\\/04\\\/25\\\/premie-chines-e-chanceler-austriaco-realizam-conversa-telefonica\\\/#primaryimage\",\"url\":\"https:\\\/\\\/diariodepe.com.br\\\/xinhua\\\/wp-content\\\/uploads\\\/sites\\\/3\\\/2022\\\/04\\\/1310570942_16507671245561n.jpg\",\"contentUrl\":\"https:\\\/\\\/diariodepe.com.br\\\/xinhua\\\/wp-content\\\/uploads\\\/sites\\\/3\\\/2022\\\/04\\\/1310570942_16507671245561n.jpg\",\"width\":900,\"height\":1426,\"caption\":\"A delega\u00e7\u00e3o ol\u00edmpica da \u00c1ustria entra no Est\u00e1dio Nacional durante a cerim\u00f4nia de abertura dos Jogos Ol\u00edmpicos de Inverno de Beijing 2022 em Beijing, capital da China, 4 de fevereiro de 2022. (Xinhua\\\/Yang Lei)\"},{\"@type\":\"BreadcrumbList\",\"@id\":\"https:\\\/\\\/diariodepe.com.br\\\/xinhua\\\/2022\\\/04\\\/25\\\/premie-chines-e-chanceler-austriaco-realizam-conversa-telefonica\\\/#breadcrumb\",\"itemListElement\":[{\"@type\":\"ListItem\",\"position\":1,\"name\":\"In\u00edcio\",\"item\":\"https:\\\/\\\/diariodepe.com.br\\\/xinhua\\\/\"},{\"@type\":\"ListItem\",\"position\":2,\"name\":\"Premi\u00ea chin\u00eas e chanceler austr\u00edaco realizam conversa telef\u00f4nica\"}]},{\"@type\":\"WebSite\",\"@id\":\"https:\\\/\\\/diariodepe.com.br\\\/xinhua\\\/#website\",\"url\":\"https:\\\/\\\/diariodepe.com.br\\\/xinhua\\\/\",\"name\":\"Xinhua - Diario de Pernambuco\",\"description\":\"A maior ag\u00eancia de not\u00edcias da China e um dos principais canais para conhecer o pa\u00eds\",\"publisher\":{\"@id\":\"https:\\\/\\\/diariodepe.com.br\\\/xinhua\\\/#organization\"},\"potentialAction\":[{\"@type\":\"SearchAction\",\"target\":{\"@type\":\"EntryPoint\",\"urlTemplate\":\"https:\\\/\\\/diariodepe.com.br\\\/xinhua\\\/?s={search_term_string}\"},\"query-input\":{\"@type\":\"PropertyValueSpecification\",\"valueRequired\":true,\"valueName\":\"search_term_string\"}}],\"inLanguage\":\"pt-BR\"},{\"@type\":\"Organization\",\"@id\":\"https:\\\/\\\/diariodepe.com.br\\\/xinhua\\\/#organization\",\"name\":\"Xinhua - Diario de Pernambuco\",\"url\":\"https:\\\/\\\/diariodepe.com.br\\\/xinhua\\\/\",\"logo\":{\"@type\":\"ImageObject\",\"inLanguage\":\"pt-BR\",\"@id\":\"https:\\\/\\\/diariodepe.com.br\\\/xinhua\\\/#\\\/schema\\\/logo\\\/image\\\/\",\"url\":\"https:\\\/\\\/diariodepe.com.br\\\/xinhua\\\/wp-content\\\/uploads\\\/sites\\\/3\\\/2020\\\/10\\\/cropped-logo-transparente-2.png\",\"contentUrl\":\"https:\\\/\\\/diariodepe.com.br\\\/xinhua\\\/wp-content\\\/uploads\\\/sites\\\/3\\\/2020\\\/10\\\/cropped-logo-transparente-2.png\",\"width\":512,\"height\":164,\"caption\":\"Xinhua - Diario de Pernambuco\"},\"image\":{\"@id\":\"https:\\\/\\\/diariodepe.com.br\\\/xinhua\\\/#\\\/schema\\\/logo\\\/image\\\/\"}},{\"@type\":\"Person\",\"@id\":\"https:\\\/\\\/diariodepe.com.br\\\/xinhua\\\/#\\\/schema\\\/person\\\/0943d6fd02bdc7b49c8f495e8787a2cb\",\"name\":\"Marcelo Oliveira de A. Maranhao\",\"image\":{\"@type\":\"ImageObject\",\"inLanguage\":\"pt-BR\",\"@id\":\"https:\\\/\\\/secure.gravatar.com\\\/avatar\\\/f562caee940d39879c20e90eea3e4b21860c7d4c96684c23141c554824f0059c?s=96&d=mm&r=g\",\"url\":\"https:\\\/\\\/secure.gravatar.com\\\/avatar\\\/f562caee940d39879c20e90eea3e4b21860c7d4c96684c23141c554824f0059c?s=96&d=mm&r=g\",\"contentUrl\":\"https:\\\/\\\/secure.gravatar.com\\\/avatar\\\/f562caee940d39879c20e90eea3e4b21860c7d4c96684c23141c554824f0059c?s=96&d=mm&r=g\",\"caption\":\"Marcelo Oliveira de A. Maranhao\"},\"url\":\"https:\\\/\\\/diariodepe.com.br\\\/xinhua\\\/author\\\/marcelo-maranhao\\\/\"}]}<\/script>\n<!-- \/ Yoast SEO plugin. -->","yoast_head_json":{"title":"Premi\u00ea chin\u00eas e chanceler austr\u00edaco realizam conversa telef\u00f4nica - Xinhua - Diario de Pernambuco","robots":{"index":"index","follow":"follow","max-snippet":"max-snippet:-1","max-image-preview":"max-image-preview:large","max-video-preview":"max-video-preview:-1"},"canonical":"https:\/\/diariodepe.com.br\/xinhua\/2022\/04\/25\/premie-chines-e-chanceler-austriaco-realizam-conversa-telefonica\/","og_locale":"pt_BR","og_type":"article","og_title":"Premi\u00ea chin\u00eas e chanceler austr\u00edaco realizam conversa telef\u00f4nica - Xinhua - Diario de Pernambuco","og_description":"Beijing &#8211; O primeiro-ministro da China, Li Keqiang, realizou uma conversa telef\u00f4nica com o chanceler da \u00c1ustria, Karl Nehammer, na sexta-feira, a pedido deste \u00faltimo. Li felicitou novamente Nehammer por sua posse no cargo de chanceler austr\u00edaco. Indicando que a...","og_url":"https:\/\/diariodepe.com.br\/xinhua\/2022\/04\/25\/premie-chines-e-chanceler-austriaco-realizam-conversa-telefonica\/","og_site_name":"Xinhua - Diario de Pernambuco","article_published_time":"2022-04-25T16:00:00+00:00","og_image":[{"width":900,"height":1426,"url":"https:\/\/diariodepe.com.br\/xinhua\/wp-content\/uploads\/sites\/3\/2022\/04\/1310570942_16507671245561n.jpg","type":"image\/jpeg"}],"author":"Marcelo Oliveira de A. Maranhao","twitter_card":"summary_large_image","twitter_misc":{"Escrito por":"Marcelo Oliveira de A. Maranhao","Est. tempo de leitura":"4 minutos"},"schema":{"@context":"https:\/\/schema.org","@graph":[{"@type":"Article","@id":"https:\/\/diariodepe.com.br\/xinhua\/2022\/04\/25\/premie-chines-e-chanceler-austriaco-realizam-conversa-telefonica\/#article","isPartOf":{"@id":"https:\/\/diariodepe.com.br\/xinhua\/2022\/04\/25\/premie-chines-e-chanceler-austriaco-realizam-conversa-telefonica\/"},"author":{"name":"Marcelo Oliveira de A. Maranhao","@id":"https:\/\/diariodepe.com.br\/xinhua\/#\/schema\/person\/0943d6fd02bdc7b49c8f495e8787a2cb"},"headline":"Premi\u00ea chin\u00eas e chanceler austr\u00edaco realizam conversa telef\u00f4nica","datePublished":"2022-04-25T16:00:00+00:00","mainEntityOfPage":{"@id":"https:\/\/diariodepe.com.br\/xinhua\/2022\/04\/25\/premie-chines-e-chanceler-austriaco-realizam-conversa-telefonica\/"},"wordCount":653,"commentCount":0,"publisher":{"@id":"https:\/\/diariodepe.com.br\/xinhua\/#organization"},"image":{"@id":"https:\/\/diariodepe.com.br\/xinhua\/2022\/04\/25\/premie-chines-e-chanceler-austriaco-realizam-conversa-telefonica\/#primaryimage"},"thumbnailUrl":"https:\/\/diariodepe.com.br\/xinhua\/wp-content\/uploads\/sites\/3\/2022\/04\/1310570942_16507671245561n.jpg","articleSection":["Internacional"],"inLanguage":"pt-BR","potentialAction":[{"@type":"CommentAction","name":"Comment","target":["https:\/\/diariodepe.com.br\/xinhua\/2022\/04\/25\/premie-chines-e-chanceler-austriaco-realizam-conversa-telefonica\/#respond"]}]},{"@type":"WebPage","@id":"https:\/\/diariodepe.com.br\/xinhua\/2022\/04\/25\/premie-chines-e-chanceler-austriaco-realizam-conversa-telefonica\/","url":"https:\/\/diariodepe.com.br\/xinhua\/2022\/04\/25\/premie-chines-e-chanceler-austriaco-realizam-conversa-telefonica\/","name":"Premi\u00ea chin\u00eas e chanceler austr\u00edaco realizam conversa telef\u00f4nica - Xinhua - Diario de Pernambuco","isPartOf":{"@id":"https:\/\/diariodepe.com.br\/xinhua\/#website"},"primaryImageOfPage":{"@id":"https:\/\/diariodepe.com.br\/xinhua\/2022\/04\/25\/premie-chines-e-chanceler-austriaco-realizam-conversa-telefonica\/#primaryimage"},"image":{"@id":"https:\/\/diariodepe.com.br\/xinhua\/2022\/04\/25\/premie-chines-e-chanceler-austriaco-realizam-conversa-telefonica\/#primaryimage"},"thumbnailUrl":"https:\/\/diariodepe.com.br\/xinhua\/wp-content\/uploads\/sites\/3\/2022\/04\/1310570942_16507671245561n.jpg","datePublished":"2022-04-25T16:00:00+00:00","breadcrumb":{"@id":"https:\/\/diariodepe.com.br\/xinhua\/2022\/04\/25\/premie-chines-e-chanceler-austriaco-realizam-conversa-telefonica\/#breadcrumb"},"inLanguage":"pt-BR","potentialAction":[{"@type":"ReadAction","target":["https:\/\/diariodepe.com.br\/xinhua\/2022\/04\/25\/premie-chines-e-chanceler-austriaco-realizam-conversa-telefonica\/"]}]},{"@type":"ImageObject","inLanguage":"pt-BR","@id":"https:\/\/diariodepe.com.br\/xinhua\/2022\/04\/25\/premie-chines-e-chanceler-austriaco-realizam-conversa-telefonica\/#primaryimage","url":"https:\/\/diariodepe.com.br\/xinhua\/wp-content\/uploads\/sites\/3\/2022\/04\/1310570942_16507671245561n.jpg","contentUrl":"https:\/\/diariodepe.com.br\/xinhua\/wp-content\/uploads\/sites\/3\/2022\/04\/1310570942_16507671245561n.jpg","width":900,"height":1426,"caption":"A delega\u00e7\u00e3o ol\u00edmpica da \u00c1ustria entra no Est\u00e1dio Nacional durante a cerim\u00f4nia de abertura dos Jogos Ol\u00edmpicos de Inverno de Beijing 2022 em Beijing, capital da China, 4 de fevereiro de 2022. (Xinhua\/Yang Lei)"},{"@type":"BreadcrumbList","@id":"https:\/\/diariodepe.com.br\/xinhua\/2022\/04\/25\/premie-chines-e-chanceler-austriaco-realizam-conversa-telefonica\/#breadcrumb","itemListElement":[{"@type":"ListItem","position":1,"name":"In\u00edcio","item":"https:\/\/diariodepe.com.br\/xinhua\/"},{"@type":"ListItem","position":2,"name":"Premi\u00ea chin\u00eas e chanceler austr\u00edaco realizam conversa telef\u00f4nica"}]},{"@type":"WebSite","@id":"https:\/\/diariodepe.com.br\/xinhua\/#website","url":"https:\/\/diariodepe.com.br\/xinhua\/","name":"Xinhua - Diario de Pernambuco","description":"A maior ag\u00eancia de not\u00edcias da China e um dos principais canais para conhecer o pa\u00eds","publisher":{"@id":"https:\/\/diariodepe.com.br\/xinhua\/#organization"},"potentialAction":[{"@type":"SearchAction","target":{"@type":"EntryPoint","urlTemplate":"https:\/\/diariodepe.com.br\/xinhua\/?s={search_term_string}"},"query-input":{"@type":"PropertyValueSpecification","valueRequired":true,"valueName":"search_term_string"}}],"inLanguage":"pt-BR"},{"@type":"Organization","@id":"https:\/\/diariodepe.com.br\/xinhua\/#organization","name":"Xinhua - Diario de Pernambuco","url":"https:\/\/diariodepe.com.br\/xinhua\/","logo":{"@type":"ImageObject","inLanguage":"pt-BR","@id":"https:\/\/diariodepe.com.br\/xinhua\/#\/schema\/logo\/image\/","url":"https:\/\/diariodepe.com.br\/xinhua\/wp-content\/uploads\/sites\/3\/2020\/10\/cropped-logo-transparente-2.png","contentUrl":"https:\/\/diariodepe.com.br\/xinhua\/wp-content\/uploads\/sites\/3\/2020\/10\/cropped-logo-transparente-2.png","width":512,"height":164,"caption":"Xinhua - Diario de Pernambuco"},"image":{"@id":"https:\/\/diariodepe.com.br\/xinhua\/#\/schema\/logo\/image\/"}},{"@type":"Person","@id":"https:\/\/diariodepe.com.br\/xinhua\/#\/schema\/person\/0943d6fd02bdc7b49c8f495e8787a2cb","name":"Marcelo Oliveira de A. Maranhao","image":{"@type":"ImageObject","inLanguage":"pt-BR","@id":"https:\/\/secure.gravatar.com\/avatar\/f562caee940d39879c20e90eea3e4b21860c7d4c96684c23141c554824f0059c?s=96&d=mm&r=g","url":"https:\/\/secure.gravatar.com\/avatar\/f562caee940d39879c20e90eea3e4b21860c7d4c96684c23141c554824f0059c?s=96&d=mm&r=g","contentUrl":"https:\/\/secure.gravatar.com\/avatar\/f562caee940d39879c20e90eea3e4b21860c7d4c96684c23141c554824f0059c?s=96&d=mm&r=g","caption":"Marcelo Oliveira de A. Maranhao"},"url":"https:\/\/diariodepe.com.br\/xinhua\/author\/marcelo-maranhao\/"}]}},"cc_featured_image_caption":{"caption_text":"","source_text":"","source_url":""},"amp_enabled":true,"_links":{"self":[{"href":"https:\/\/diariodepe.com.br\/xinhua\/wp-json\/wp\/v2\/posts\/6366","targetHints":{"allow":["GET"]}}],"collection":[{"href":"https:\/\/diariodepe.com.br\/xinhua\/wp-json\/wp\/v2\/posts"}],"about":[{"href":"https:\/\/diariodepe.com.br\/xinhua\/wp-json\/wp\/v2\/types\/post"}],"author":[{"embeddable":true,"href":"https:\/\/diariodepe.com.br\/xinhua\/wp-json\/wp\/v2\/users\/3"}],"replies":[{"embeddable":true,"href":"https:\/\/diariodepe.com.br\/xinhua\/wp-json\/wp\/v2\/comments?post=6366"}],"version-history":[{"count":1,"href":"https:\/\/diariodepe.com.br\/xinhua\/wp-json\/wp\/v2\/posts\/6366\/revisions"}],"predecessor-version":[{"id":6368,"href":"https:\/\/diariodepe.com.br\/xinhua\/wp-json\/wp\/v2\/posts\/6366\/revisions\/6368"}],"wp:featuredmedia":[{"embeddable":true,"href":"https:\/\/diariodepe.com.br\/xinhua\/wp-json\/wp\/v2\/media\/6367"}],"wp:attachment":[{"href":"https:\/\/diariodepe.com.br\/xinhua\/wp-json\/wp\/v2\/media?parent=6366"}],"wp:term":[{"taxonomy":"category","embeddable":true,"href":"https:\/\/diariodepe.com.br\/xinhua\/wp-json\/wp\/v2\/categories?post=6366"},{"taxonomy":"post_tag","embeddable":true,"href":"https:\/\/diariodepe.com.br\/xinhua\/wp-json\/wp\/v2\/tags?post=6366"}],"curies":[{"name":"wp","href":"https:\/\/api.w.org\/{rel}","templated":true}]}}