{"id":6354,"date":"2022-04-25T09:25:19","date_gmt":"2022-04-25T12:25:19","guid":{"rendered":"http:\/\/www.diariodepe.com.br\/xinhua\/?p=6354"},"modified":"2022-04-25T09:25:59","modified_gmt":"2022-04-25T12:25:59","slug":"feira-do-cantao-da-china-atrai-numero-recorde-de-compradores-estrangeiros","status":"publish","type":"post","link":"https:\/\/diariodepe.com.br\/xinhua\/2022\/04\/25\/feira-do-cantao-da-china-atrai-numero-recorde-de-compradores-estrangeiros\/","title":{"rendered":"Feira do Cant\u00e3o da China atrai n\u00famero recorde de compradores estrangeiros"},"content":{"rendered":"\n<p>Guangzhou, 25 abr &#8211; O n\u00famero de compradores estrangeiros registrados para a 131\u00aa sess\u00e3o da Feira de Importa\u00e7\u00e3o e Exporta\u00e7\u00e3o da China, tamb\u00e9m conhecida como Feira do Cant\u00e3o, bateu o recorde com 536.000 de 228 pa\u00edses e regi\u00f5es.<\/p>\n\n\n\n<p>Devido \u00e0 pandemia da COVID-19, a tradicional feira teve in\u00edcio online de 15 a 24 de abril.<\/p>\n\n\n\n<p>Os compradores estrangeiros registrados para esta sess\u00e3o aumentaram 48% em compara\u00e7\u00e3o com a 129\u00aa sess\u00e3o e 41,8% em compara\u00e7\u00e3o com a 130\u00aa, revelou Xu Bing, porta-voz do evento.<\/p>\n\n\n\n<p>Entre eles, 298.100 compradores s\u00e3o de pa\u00edses ao longo do Cintur\u00e3o e Rota, representando mais de 55% do total, enquanto 150.800 s\u00e3o de membros da Associa\u00e7\u00e3o Econ\u00f4mica Abrangente Regional (RCEP, na sigla em ingl\u00eas), representando mais de 28%, observou.<\/p>\n\n\n\n<p>Mais de 3 milh\u00f5es de exposi\u00e7\u00f5es foram feitas online, incluindo 951.500 novos produtos, estabelecendo novos recordes. O sal\u00e3o de exposi\u00e7\u00f5es online recebeu mais de 6,2 milh\u00f5es de visitas durante os \u00faltimos dez dias. Ao todo, 210.500 cart\u00f5es de visita eletr\u00f4nicos foram emitidos pelos expositores e cerca de 100.000 conversas online foram realizadas por compradores estrangeiros.<\/p>\n\n\n\n<p>Os n\u00fameros mostraram que o mercado chin\u00eas continua atrativo em seu potencial sustentado.<\/p>\n\n\n\n<p>&#8220;Apesar da complicada e severa situa\u00e7\u00e3o econ\u00f4mica e comercial, o sistema da Feira do Cant\u00e3o online \u00e9 mais est\u00e1vel e eficiente este ano, oferecendo melhores servi\u00e7os, o que tem sido amplamente elogiado pelos expositores&#8221;, disse ele.<\/p>\n\n\n\n<p>&#8220;O evento fez contribui\u00e7\u00f5es positivas para promover o desenvolvimento comercial de alta qualidade, mantendo a estabilidade das cadeias industriais e de fornecimento, e promovendo a recupera\u00e7\u00e3o econ\u00f4mica mundial&#8221;, acrescentou Xu.<\/p>\n\n\n\n<p>Desde 1957, a feira tem sido realizada duas vezes por ano na cidade de Guangzhou, no sul da China, para facilitar o com\u00e9rcio global. Realizou-se online e offline pela primeira vez no outono do ano passado.<\/p>\n","protected":false},"excerpt":{"rendered":"<p>Guangzhou, 25 abr &#8211; O n\u00famero de compradores estrangeiros registrados para a 131\u00aa sess\u00e3o da Feira de Importa\u00e7\u00e3o e Exporta\u00e7\u00e3o da China, tamb\u00e9m conhecida como Feira do Cant\u00e3o, bateu o recorde com 536.000 de 228 pa\u00edses e regi\u00f5es. Devido \u00e0&#8230;<\/p>\n","protected":false},"author":3,"featured_media":0,"comment_status":"open","ping_status":"open","sticky":false,"template":"","format":"standard","meta":{"footnotes":""},"categories":[5],"tags":[],"class_list":["post-6354","post","type-post","status-publish","format-standard","hentry","category-economia"],"yoast_head":"<!-- This site is optimized with the Yoast SEO plugin v27.4 - https:\/\/yoast.com\/product\/yoast-seo-wordpress\/ -->\n<title>Feira do Cant\u00e3o da China atrai n\u00famero recorde de compradores estrangeiros - Xinhua - Diario de Pernambuco<\/title>\n<meta name=\"robots\" content=\"index, follow, max-snippet:-1, max-image-preview:large, max-video-preview:-1\" \/>\n<link rel=\"canonical\" href=\"https:\/\/diariodepe.com.br\/xinhua\/2022\/04\/25\/feira-do-cantao-da-china-atrai-numero-recorde-de-compradores-estrangeiros\/\" \/>\n<meta property=\"og:locale\" content=\"pt_BR\" \/>\n<meta property=\"og:type\" content=\"article\" \/>\n<meta property=\"og:title\" content=\"Feira do Cant\u00e3o da China atrai n\u00famero recorde de compradores estrangeiros - Xinhua - Diario de Pernambuco\" \/>\n<meta property=\"og:description\" content=\"Guangzhou, 25 abr &#8211; O n\u00famero de compradores estrangeiros registrados para a 131\u00aa sess\u00e3o da Feira de Importa\u00e7\u00e3o e Exporta\u00e7\u00e3o da China, tamb\u00e9m conhecida como Feira do Cant\u00e3o, bateu o recorde com 536.000 de 228 pa\u00edses e regi\u00f5es. Devido \u00e0...\" \/>\n<meta property=\"og:url\" content=\"https:\/\/diariodepe.com.br\/xinhua\/2022\/04\/25\/feira-do-cantao-da-china-atrai-numero-recorde-de-compradores-estrangeiros\/\" \/>\n<meta property=\"og:site_name\" content=\"Xinhua - Diario de Pernambuco\" \/>\n<meta property=\"article:published_time\" content=\"2022-04-25T12:25:19+00:00\" \/>\n<meta property=\"article:modified_time\" content=\"2022-04-25T12:25:59+00:00\" \/>\n<meta name=\"author\" content=\"Marcelo Oliveira de A. Maranhao\" \/>\n<meta name=\"twitter:card\" content=\"summary_large_image\" \/>\n<meta name=\"twitter:label1\" content=\"Escrito por\" \/>\n\t<meta name=\"twitter:data1\" content=\"Marcelo Oliveira de A. Maranhao\" \/>\n\t<meta name=\"twitter:label2\" content=\"Est. tempo de leitura\" \/>\n\t<meta name=\"twitter:data2\" content=\"2 minutos\" \/>\n<script type=\"application\/ld+json\" class=\"yoast-schema-graph\">{\"@context\":\"https:\\\/\\\/schema.org\",\"@graph\":[{\"@type\":\"Article\",\"@id\":\"https:\\\/\\\/diariodepe.com.br\\\/xinhua\\\/2022\\\/04\\\/25\\\/feira-do-cantao-da-china-atrai-numero-recorde-de-compradores-estrangeiros\\\/#article\",\"isPartOf\":{\"@id\":\"https:\\\/\\\/diariodepe.com.br\\\/xinhua\\\/2022\\\/04\\\/25\\\/feira-do-cantao-da-china-atrai-numero-recorde-de-compradores-estrangeiros\\\/\"},\"author\":{\"name\":\"Marcelo Oliveira de A. Maranhao\",\"@id\":\"https:\\\/\\\/diariodepe.com.br\\\/xinhua\\\/#\\\/schema\\\/person\\\/0943d6fd02bdc7b49c8f495e8787a2cb\"},\"headline\":\"Feira do Cant\u00e3o da China atrai n\u00famero recorde de compradores estrangeiros\",\"datePublished\":\"2022-04-25T12:25:19+00:00\",\"dateModified\":\"2022-04-25T12:25:59+00:00\",\"mainEntityOfPage\":{\"@id\":\"https:\\\/\\\/diariodepe.com.br\\\/xinhua\\\/2022\\\/04\\\/25\\\/feira-do-cantao-da-china-atrai-numero-recorde-de-compradores-estrangeiros\\\/\"},\"wordCount\":321,\"commentCount\":0,\"publisher\":{\"@id\":\"https:\\\/\\\/diariodepe.com.br\\\/xinhua\\\/#organization\"},\"articleSection\":[\"Economia\"],\"inLanguage\":\"pt-BR\",\"potentialAction\":[{\"@type\":\"CommentAction\",\"name\":\"Comment\",\"target\":[\"https:\\\/\\\/diariodepe.com.br\\\/xinhua\\\/2022\\\/04\\\/25\\\/feira-do-cantao-da-china-atrai-numero-recorde-de-compradores-estrangeiros\\\/#respond\"]}]},{\"@type\":\"WebPage\",\"@id\":\"https:\\\/\\\/diariodepe.com.br\\\/xinhua\\\/2022\\\/04\\\/25\\\/feira-do-cantao-da-china-atrai-numero-recorde-de-compradores-estrangeiros\\\/\",\"url\":\"https:\\\/\\\/diariodepe.com.br\\\/xinhua\\\/2022\\\/04\\\/25\\\/feira-do-cantao-da-china-atrai-numero-recorde-de-compradores-estrangeiros\\\/\",\"name\":\"Feira do Cant\u00e3o da China atrai n\u00famero recorde de compradores estrangeiros - Xinhua - Diario de Pernambuco\",\"isPartOf\":{\"@id\":\"https:\\\/\\\/diariodepe.com.br\\\/xinhua\\\/#website\"},\"datePublished\":\"2022-04-25T12:25:19+00:00\",\"dateModified\":\"2022-04-25T12:25:59+00:00\",\"breadcrumb\":{\"@id\":\"https:\\\/\\\/diariodepe.com.br\\\/xinhua\\\/2022\\\/04\\\/25\\\/feira-do-cantao-da-china-atrai-numero-recorde-de-compradores-estrangeiros\\\/#breadcrumb\"},\"inLanguage\":\"pt-BR\",\"potentialAction\":[{\"@type\":\"ReadAction\",\"target\":[\"https:\\\/\\\/diariodepe.com.br\\\/xinhua\\\/2022\\\/04\\\/25\\\/feira-do-cantao-da-china-atrai-numero-recorde-de-compradores-estrangeiros\\\/\"]}]},{\"@type\":\"BreadcrumbList\",\"@id\":\"https:\\\/\\\/diariodepe.com.br\\\/xinhua\\\/2022\\\/04\\\/25\\\/feira-do-cantao-da-china-atrai-numero-recorde-de-compradores-estrangeiros\\\/#breadcrumb\",\"itemListElement\":[{\"@type\":\"ListItem\",\"position\":1,\"name\":\"In\u00edcio\",\"item\":\"https:\\\/\\\/diariodepe.com.br\\\/xinhua\\\/\"},{\"@type\":\"ListItem\",\"position\":2,\"name\":\"Feira do Cant\u00e3o da China atrai n\u00famero recorde de compradores estrangeiros\"}]},{\"@type\":\"WebSite\",\"@id\":\"https:\\\/\\\/diariodepe.com.br\\\/xinhua\\\/#website\",\"url\":\"https:\\\/\\\/diariodepe.com.br\\\/xinhua\\\/\",\"name\":\"Xinhua - Diario de Pernambuco\",\"description\":\"A maior ag\u00eancia de not\u00edcias da China e um dos principais canais para conhecer o pa\u00eds\",\"publisher\":{\"@id\":\"https:\\\/\\\/diariodepe.com.br\\\/xinhua\\\/#organization\"},\"potentialAction\":[{\"@type\":\"SearchAction\",\"target\":{\"@type\":\"EntryPoint\",\"urlTemplate\":\"https:\\\/\\\/diariodepe.com.br\\\/xinhua\\\/?s={search_term_string}\"},\"query-input\":{\"@type\":\"PropertyValueSpecification\",\"valueRequired\":true,\"valueName\":\"search_term_string\"}}],\"inLanguage\":\"pt-BR\"},{\"@type\":\"Organization\",\"@id\":\"https:\\\/\\\/diariodepe.com.br\\\/xinhua\\\/#organization\",\"name\":\"Xinhua - Diario de Pernambuco\",\"url\":\"https:\\\/\\\/diariodepe.com.br\\\/xinhua\\\/\",\"logo\":{\"@type\":\"ImageObject\",\"inLanguage\":\"pt-BR\",\"@id\":\"https:\\\/\\\/diariodepe.com.br\\\/xinhua\\\/#\\\/schema\\\/logo\\\/image\\\/\",\"url\":\"https:\\\/\\\/diariodepe.com.br\\\/xinhua\\\/wp-content\\\/uploads\\\/sites\\\/3\\\/2020\\\/10\\\/cropped-logo-transparente-2.png\",\"contentUrl\":\"https:\\\/\\\/diariodepe.com.br\\\/xinhua\\\/wp-content\\\/uploads\\\/sites\\\/3\\\/2020\\\/10\\\/cropped-logo-transparente-2.png\",\"width\":512,\"height\":164,\"caption\":\"Xinhua - Diario de Pernambuco\"},\"image\":{\"@id\":\"https:\\\/\\\/diariodepe.com.br\\\/xinhua\\\/#\\\/schema\\\/logo\\\/image\\\/\"}},{\"@type\":\"Person\",\"@id\":\"https:\\\/\\\/diariodepe.com.br\\\/xinhua\\\/#\\\/schema\\\/person\\\/0943d6fd02bdc7b49c8f495e8787a2cb\",\"name\":\"Marcelo Oliveira de A. Maranhao\",\"image\":{\"@type\":\"ImageObject\",\"inLanguage\":\"pt-BR\",\"@id\":\"https:\\\/\\\/secure.gravatar.com\\\/avatar\\\/f562caee940d39879c20e90eea3e4b21860c7d4c96684c23141c554824f0059c?s=96&d=mm&r=g\",\"url\":\"https:\\\/\\\/secure.gravatar.com\\\/avatar\\\/f562caee940d39879c20e90eea3e4b21860c7d4c96684c23141c554824f0059c?s=96&d=mm&r=g\",\"contentUrl\":\"https:\\\/\\\/secure.gravatar.com\\\/avatar\\\/f562caee940d39879c20e90eea3e4b21860c7d4c96684c23141c554824f0059c?s=96&d=mm&r=g\",\"caption\":\"Marcelo Oliveira de A. Maranhao\"},\"url\":\"https:\\\/\\\/diariodepe.com.br\\\/xinhua\\\/author\\\/marcelo-maranhao\\\/\"}]}<\/script>\n<!-- \/ Yoast SEO plugin. -->","yoast_head_json":{"title":"Feira do Cant\u00e3o da China atrai n\u00famero recorde de compradores estrangeiros - Xinhua - Diario de Pernambuco","robots":{"index":"index","follow":"follow","max-snippet":"max-snippet:-1","max-image-preview":"max-image-preview:large","max-video-preview":"max-video-preview:-1"},"canonical":"https:\/\/diariodepe.com.br\/xinhua\/2022\/04\/25\/feira-do-cantao-da-china-atrai-numero-recorde-de-compradores-estrangeiros\/","og_locale":"pt_BR","og_type":"article","og_title":"Feira do Cant\u00e3o da China atrai n\u00famero recorde de compradores estrangeiros - Xinhua - Diario de Pernambuco","og_description":"Guangzhou, 25 abr &#8211; O n\u00famero de compradores estrangeiros registrados para a 131\u00aa sess\u00e3o da Feira de Importa\u00e7\u00e3o e Exporta\u00e7\u00e3o da China, tamb\u00e9m conhecida como Feira do Cant\u00e3o, bateu o recorde com 536.000 de 228 pa\u00edses e regi\u00f5es. Devido \u00e0...","og_url":"https:\/\/diariodepe.com.br\/xinhua\/2022\/04\/25\/feira-do-cantao-da-china-atrai-numero-recorde-de-compradores-estrangeiros\/","og_site_name":"Xinhua - Diario de Pernambuco","article_published_time":"2022-04-25T12:25:19+00:00","article_modified_time":"2022-04-25T12:25:59+00:00","author":"Marcelo Oliveira de A. Maranhao","twitter_card":"summary_large_image","twitter_misc":{"Escrito por":"Marcelo Oliveira de A. Maranhao","Est. tempo de leitura":"2 minutos"},"schema":{"@context":"https:\/\/schema.org","@graph":[{"@type":"Article","@id":"https:\/\/diariodepe.com.br\/xinhua\/2022\/04\/25\/feira-do-cantao-da-china-atrai-numero-recorde-de-compradores-estrangeiros\/#article","isPartOf":{"@id":"https:\/\/diariodepe.com.br\/xinhua\/2022\/04\/25\/feira-do-cantao-da-china-atrai-numero-recorde-de-compradores-estrangeiros\/"},"author":{"name":"Marcelo Oliveira de A. Maranhao","@id":"https:\/\/diariodepe.com.br\/xinhua\/#\/schema\/person\/0943d6fd02bdc7b49c8f495e8787a2cb"},"headline":"Feira do Cant\u00e3o da China atrai n\u00famero recorde de compradores estrangeiros","datePublished":"2022-04-25T12:25:19+00:00","dateModified":"2022-04-25T12:25:59+00:00","mainEntityOfPage":{"@id":"https:\/\/diariodepe.com.br\/xinhua\/2022\/04\/25\/feira-do-cantao-da-china-atrai-numero-recorde-de-compradores-estrangeiros\/"},"wordCount":321,"commentCount":0,"publisher":{"@id":"https:\/\/diariodepe.com.br\/xinhua\/#organization"},"articleSection":["Economia"],"inLanguage":"pt-BR","potentialAction":[{"@type":"CommentAction","name":"Comment","target":["https:\/\/diariodepe.com.br\/xinhua\/2022\/04\/25\/feira-do-cantao-da-china-atrai-numero-recorde-de-compradores-estrangeiros\/#respond"]}]},{"@type":"WebPage","@id":"https:\/\/diariodepe.com.br\/xinhua\/2022\/04\/25\/feira-do-cantao-da-china-atrai-numero-recorde-de-compradores-estrangeiros\/","url":"https:\/\/diariodepe.com.br\/xinhua\/2022\/04\/25\/feira-do-cantao-da-china-atrai-numero-recorde-de-compradores-estrangeiros\/","name":"Feira do Cant\u00e3o da China atrai n\u00famero recorde de compradores estrangeiros - Xinhua - Diario de Pernambuco","isPartOf":{"@id":"https:\/\/diariodepe.com.br\/xinhua\/#website"},"datePublished":"2022-04-25T12:25:19+00:00","dateModified":"2022-04-25T12:25:59+00:00","breadcrumb":{"@id":"https:\/\/diariodepe.com.br\/xinhua\/2022\/04\/25\/feira-do-cantao-da-china-atrai-numero-recorde-de-compradores-estrangeiros\/#breadcrumb"},"inLanguage":"pt-BR","potentialAction":[{"@type":"ReadAction","target":["https:\/\/diariodepe.com.br\/xinhua\/2022\/04\/25\/feira-do-cantao-da-china-atrai-numero-recorde-de-compradores-estrangeiros\/"]}]},{"@type":"BreadcrumbList","@id":"https:\/\/diariodepe.com.br\/xinhua\/2022\/04\/25\/feira-do-cantao-da-china-atrai-numero-recorde-de-compradores-estrangeiros\/#breadcrumb","itemListElement":[{"@type":"ListItem","position":1,"name":"In\u00edcio","item":"https:\/\/diariodepe.com.br\/xinhua\/"},{"@type":"ListItem","position":2,"name":"Feira do Cant\u00e3o da China atrai n\u00famero recorde de compradores estrangeiros"}]},{"@type":"WebSite","@id":"https:\/\/diariodepe.com.br\/xinhua\/#website","url":"https:\/\/diariodepe.com.br\/xinhua\/","name":"Xinhua - Diario de Pernambuco","description":"A maior ag\u00eancia de not\u00edcias da China e um dos principais canais para conhecer o pa\u00eds","publisher":{"@id":"https:\/\/diariodepe.com.br\/xinhua\/#organization"},"potentialAction":[{"@type":"SearchAction","target":{"@type":"EntryPoint","urlTemplate":"https:\/\/diariodepe.com.br\/xinhua\/?s={search_term_string}"},"query-input":{"@type":"PropertyValueSpecification","valueRequired":true,"valueName":"search_term_string"}}],"inLanguage":"pt-BR"},{"@type":"Organization","@id":"https:\/\/diariodepe.com.br\/xinhua\/#organization","name":"Xinhua - Diario de Pernambuco","url":"https:\/\/diariodepe.com.br\/xinhua\/","logo":{"@type":"ImageObject","inLanguage":"pt-BR","@id":"https:\/\/diariodepe.com.br\/xinhua\/#\/schema\/logo\/image\/","url":"https:\/\/diariodepe.com.br\/xinhua\/wp-content\/uploads\/sites\/3\/2020\/10\/cropped-logo-transparente-2.png","contentUrl":"https:\/\/diariodepe.com.br\/xinhua\/wp-content\/uploads\/sites\/3\/2020\/10\/cropped-logo-transparente-2.png","width":512,"height":164,"caption":"Xinhua - Diario de Pernambuco"},"image":{"@id":"https:\/\/diariodepe.com.br\/xinhua\/#\/schema\/logo\/image\/"}},{"@type":"Person","@id":"https:\/\/diariodepe.com.br\/xinhua\/#\/schema\/person\/0943d6fd02bdc7b49c8f495e8787a2cb","name":"Marcelo Oliveira de A. Maranhao","image":{"@type":"ImageObject","inLanguage":"pt-BR","@id":"https:\/\/secure.gravatar.com\/avatar\/f562caee940d39879c20e90eea3e4b21860c7d4c96684c23141c554824f0059c?s=96&d=mm&r=g","url":"https:\/\/secure.gravatar.com\/avatar\/f562caee940d39879c20e90eea3e4b21860c7d4c96684c23141c554824f0059c?s=96&d=mm&r=g","contentUrl":"https:\/\/secure.gravatar.com\/avatar\/f562caee940d39879c20e90eea3e4b21860c7d4c96684c23141c554824f0059c?s=96&d=mm&r=g","caption":"Marcelo Oliveira de A. Maranhao"},"url":"https:\/\/diariodepe.com.br\/xinhua\/author\/marcelo-maranhao\/"}]}},"cc_featured_image_caption":{"caption_text":"","source_text":"","source_url":""},"amp_enabled":true,"_links":{"self":[{"href":"https:\/\/diariodepe.com.br\/xinhua\/wp-json\/wp\/v2\/posts\/6354","targetHints":{"allow":["GET"]}}],"collection":[{"href":"https:\/\/diariodepe.com.br\/xinhua\/wp-json\/wp\/v2\/posts"}],"about":[{"href":"https:\/\/diariodepe.com.br\/xinhua\/wp-json\/wp\/v2\/types\/post"}],"author":[{"embeddable":true,"href":"https:\/\/diariodepe.com.br\/xinhua\/wp-json\/wp\/v2\/users\/3"}],"replies":[{"embeddable":true,"href":"https:\/\/diariodepe.com.br\/xinhua\/wp-json\/wp\/v2\/comments?post=6354"}],"version-history":[{"count":1,"href":"https:\/\/diariodepe.com.br\/xinhua\/wp-json\/wp\/v2\/posts\/6354\/revisions"}],"predecessor-version":[{"id":6355,"href":"https:\/\/diariodepe.com.br\/xinhua\/wp-json\/wp\/v2\/posts\/6354\/revisions\/6355"}],"wp:attachment":[{"href":"https:\/\/diariodepe.com.br\/xinhua\/wp-json\/wp\/v2\/media?parent=6354"}],"wp:term":[{"taxonomy":"category","embeddable":true,"href":"https:\/\/diariodepe.com.br\/xinhua\/wp-json\/wp\/v2\/categories?post=6354"},{"taxonomy":"post_tag","embeddable":true,"href":"https:\/\/diariodepe.com.br\/xinhua\/wp-json\/wp\/v2\/tags?post=6354"}],"curies":[{"name":"wp","href":"https:\/\/api.w.org\/{rel}","templated":true}]}}