{"id":627,"date":"2021-03-25T08:52:44","date_gmt":"2021-03-25T11:52:44","guid":{"rendered":"http:\/\/www.diariodepe.com.br\/xinhua\/?p=627"},"modified":"2021-03-25T08:52:46","modified_gmt":"2021-03-25T11:52:46","slug":"governo-de-xinjiang-condena-decisao-infundada-de-sancao-pela-ue","status":"publish","type":"post","link":"https:\/\/diariodepe.com.br\/xinhua\/2021\/03\/25\/governo-de-xinjiang-condena-decisao-infundada-de-sancao-pela-ue\/","title":{"rendered":"Governo de Xinjiang condena decis\u00e3o infundada de san\u00e7\u00e3o pela UE"},"content":{"rendered":"\n<p>Urumqi, 24 mar (Xinhua) &#8212; O governo da Regi\u00e3o Aut\u00f4noma Uigur de Xinjiang, no noroeste da China, expressou nesta ter\u00e7a-feira firme oposi\u00e7\u00e3o e forte condena\u00e7\u00e3o \u00e0s san\u00e7\u00f5es unilaterais da Uni\u00e3o Europeia (UE) contra alguns indiv\u00edduos e entidades em Xinjiang.<\/p>\n\n\n\n<p>O governo regional avalia que as san\u00e7\u00f5es fecham os olhos para os fatos, violam gravemente o direito internacional e as normas b\u00e1sicas que regem as rela\u00e7\u00f5es internacionais e interferem seriamente nos assuntos internos da China, acrescentando que a decis\u00e3o tomada pela UE \u00e9 um desperd\u00edcio de um peda\u00e7o de papel.<\/p>\n\n\n\n<p>&#8220;As acusa\u00e7\u00f5es feitas por algumas pessoas e m\u00eddia na UE sobre &#8216;genoc\u00eddio&#8217; em Xinjiang n\u00e3o s\u00e3o nada al\u00e9m de mentiras do s\u00e9culo&#8221;, disse Elijian Anayit, porta-voz do governo regional de Xinjiang.<\/p>\n\n\n\n<p>A taxa de crescimento da popula\u00e7\u00e3o uigur em Xinjiang n\u00e3o \u00e9 apenas maior do que a de toda a popula\u00e7\u00e3o local, mas tamb\u00e9m maior do que a de outras minorias \u00e9tnicas, e obviamente maior do que a da popula\u00e7\u00e3o han, disse ele.<\/p>\n\n\n\n<p>Em resposta \u00e0 acusa\u00e7\u00e3o da UE de que Xinjiang &#8220;restringe a liberdade de cren\u00e7a religiosa&#8221;, o porta-voz afirmou que isso \u00e9 uma cal\u00fania completa, enfatizando que as atividades religiosas normais dos mu\u00e7ulmanos nas mesquitas e em suas casas s\u00e3o realizadas de acordo com sua pr\u00f3pria vontade e s\u00e3o protegidas por lei.<\/p>\n\n\n\n<p>Ele apontou que as condi\u00e7\u00f5es dos locais religiosos em Xinjiang t\u00eam melhorado continuamente ao longo dos anos. A regi\u00e3o agora tem 10 escolas isl\u00e2micas, que matriculam cerca de 1.000 alunos por ano. Cl\u00e1ssicos isl\u00e2micos como o Cor\u00e3o foram traduzidos e publicados nas l\u00ednguas chinesa, uigur, kazak e kirgiz.<\/p>\n\n\n\n<p>Elijian Anayit declarou solenemente que a acusa\u00e7\u00e3o da UE de &#8220;extin\u00e7\u00e3o cultural&#8221; em Xinjiang \u00e9 um completo absurdo. Ele lembrou que a regi\u00e3o promulgou uma s\u00e9rie de leis e regulamentos locais de acordo com a Constitui\u00e7\u00e3o da China e outras leis para proteger efetivamente os idiomas e os direitos culturais de todos os grupos \u00e9tnicos.<\/p>\n\n\n\n<p>O governo regional convidou os enviados da UE a visitarem a regi\u00e3o muitas vezes, mas eles atrasaram as visitas de todas as maneiras poss\u00edveis por v\u00e1rias raz\u00f5es e at\u00e9 apresentaram demandas n\u00e3o razo\u00e1veis, de acordo com Xu Guixiang, outro porta-voz do governo de Xinjiang.<\/p>\n\n\n\n<p>Para ser franco, eles n\u00e3o ousaram enfrentar a verdadeira Xinjiang, temendo que a realidade de uma regi\u00e3o est\u00e1vel e pr\u00f3spera, onde as pessoas vivem e trabalham em paz e contentamento, exporia suas mentiras, acusou Xu.<\/p>\n\n\n\n<p>O progresso dos direitos humanos em Xinjiang est\u00e1 l\u00e1 para todos verem. As a\u00e7\u00f5es dos Estados Unidos, Gr\u00e3-Bretanha, Canad\u00e1 e UE n\u00e3o s\u00f3 provocam profunda indigna\u00e7\u00e3o entre os chineses e o povo de todos os grupos \u00e9tnicos em Xinjiang, mas tamb\u00e9m foram rejeitadas pela maior comunidade internacional, disse ele.<\/p>\n","protected":false},"excerpt":{"rendered":"<p>Urumqi, 24 mar (Xinhua) &#8212; O governo da Regi\u00e3o Aut\u00f4noma Uigur de Xinjiang, no noroeste da China, expressou nesta ter\u00e7a-feira firme oposi\u00e7\u00e3o e forte condena\u00e7\u00e3o \u00e0s san\u00e7\u00f5es unilaterais da Uni\u00e3o Europeia (UE) contra alguns indiv\u00edduos e entidades em Xinjiang. O&#8230;<\/p>\n","protected":false},"author":3,"featured_media":628,"comment_status":"open","ping_status":"open","sticky":false,"template":"","format":"standard","meta":{"footnotes":""},"categories":[3],"tags":[],"class_list":["post-627","post","type-post","status-publish","format-standard","has-post-thumbnail","hentry","category-china"],"yoast_head":"<!-- This site is optimized with the Yoast SEO plugin v27.4 - https:\/\/yoast.com\/product\/yoast-seo-wordpress\/ -->\n<title>Governo de Xinjiang condena decis\u00e3o infundada de san\u00e7\u00e3o pela UE - Xinhua - Diario de Pernambuco<\/title>\n<meta name=\"description\" content=\"O governo da Regi\u00e3o Aut\u00f4noma Uigur de Xinjiang, no noroeste da China, expressou nesta ter\u00e7a-feira firme oposi\u00e7\u00e3o e forte condena\u00e7\u00e3o \u00e0s...\" \/>\n<meta name=\"robots\" content=\"index, follow, max-snippet:-1, max-image-preview:large, max-video-preview:-1\" \/>\n<link rel=\"canonical\" href=\"https:\/\/diariodepe.com.br\/xinhua\/2021\/03\/25\/governo-de-xinjiang-condena-decisao-infundada-de-sancao-pela-ue\/\" \/>\n<meta property=\"og:locale\" content=\"pt_BR\" \/>\n<meta property=\"og:type\" content=\"article\" \/>\n<meta property=\"og:title\" content=\"Governo de Xinjiang condena decis\u00e3o infundada de san\u00e7\u00e3o pela UE - Xinhua - Diario de Pernambuco\" \/>\n<meta property=\"og:description\" content=\"O governo da Regi\u00e3o Aut\u00f4noma Uigur de Xinjiang, no noroeste da China, expressou nesta ter\u00e7a-feira firme oposi\u00e7\u00e3o e forte condena\u00e7\u00e3o \u00e0s...\" \/>\n<meta property=\"og:url\" content=\"https:\/\/diariodepe.com.br\/xinhua\/2021\/03\/25\/governo-de-xinjiang-condena-decisao-infundada-de-sancao-pela-ue\/\" \/>\n<meta property=\"og:site_name\" content=\"Xinhua - Diario de Pernambuco\" \/>\n<meta property=\"article:published_time\" content=\"2021-03-25T11:52:44+00:00\" \/>\n<meta property=\"article:modified_time\" content=\"2021-03-25T11:52:46+00:00\" \/>\n<meta property=\"og:image\" content=\"https:\/\/diariodepe.com.br\/xinhua\/wp-content\/uploads\/sites\/3\/2021\/03\/139834628_16166412154711n.jpg\" \/>\n\t<meta property=\"og:image:width\" content=\"900\" \/>\n\t<meta property=\"og:image:height\" content=\"631\" \/>\n\t<meta property=\"og:image:type\" content=\"image\/jpeg\" \/>\n<meta name=\"author\" content=\"Marcelo Oliveira de A. Maranhao\" \/>\n<meta name=\"twitter:card\" content=\"summary_large_image\" \/>\n<meta name=\"twitter:label1\" content=\"Escrito por\" \/>\n\t<meta name=\"twitter:data1\" content=\"Marcelo Oliveira de A. Maranhao\" \/>\n\t<meta name=\"twitter:label2\" content=\"Est. tempo de leitura\" \/>\n\t<meta name=\"twitter:data2\" content=\"2 minutos\" \/>\n<script type=\"application\/ld+json\" class=\"yoast-schema-graph\">{\"@context\":\"https:\\\/\\\/schema.org\",\"@graph\":[{\"@type\":\"Article\",\"@id\":\"https:\\\/\\\/diariodepe.com.br\\\/xinhua\\\/2021\\\/03\\\/25\\\/governo-de-xinjiang-condena-decisao-infundada-de-sancao-pela-ue\\\/#article\",\"isPartOf\":{\"@id\":\"https:\\\/\\\/diariodepe.com.br\\\/xinhua\\\/2021\\\/03\\\/25\\\/governo-de-xinjiang-condena-decisao-infundada-de-sancao-pela-ue\\\/\"},\"author\":{\"name\":\"Marcelo Oliveira de A. Maranhao\",\"@id\":\"https:\\\/\\\/diariodepe.com.br\\\/xinhua\\\/#\\\/schema\\\/person\\\/0943d6fd02bdc7b49c8f495e8787a2cb\"},\"headline\":\"Governo de Xinjiang condena decis\u00e3o infundada de san\u00e7\u00e3o pela UE\",\"datePublished\":\"2021-03-25T11:52:44+00:00\",\"dateModified\":\"2021-03-25T11:52:46+00:00\",\"mainEntityOfPage\":{\"@id\":\"https:\\\/\\\/diariodepe.com.br\\\/xinhua\\\/2021\\\/03\\\/25\\\/governo-de-xinjiang-condena-decisao-infundada-de-sancao-pela-ue\\\/\"},\"wordCount\":509,\"commentCount\":0,\"publisher\":{\"@id\":\"https:\\\/\\\/diariodepe.com.br\\\/xinhua\\\/#organization\"},\"image\":{\"@id\":\"https:\\\/\\\/diariodepe.com.br\\\/xinhua\\\/2021\\\/03\\\/25\\\/governo-de-xinjiang-condena-decisao-infundada-de-sancao-pela-ue\\\/#primaryimage\"},\"thumbnailUrl\":\"https:\\\/\\\/diariodepe.com.br\\\/xinhua\\\/wp-content\\\/uploads\\\/sites\\\/3\\\/2021\\\/03\\\/139834628_16166412154711n.jpg\",\"articleSection\":[\"China\"],\"inLanguage\":\"pt-BR\",\"potentialAction\":[{\"@type\":\"CommentAction\",\"name\":\"Comment\",\"target\":[\"https:\\\/\\\/diariodepe.com.br\\\/xinhua\\\/2021\\\/03\\\/25\\\/governo-de-xinjiang-condena-decisao-infundada-de-sancao-pela-ue\\\/#respond\"]}]},{\"@type\":\"WebPage\",\"@id\":\"https:\\\/\\\/diariodepe.com.br\\\/xinhua\\\/2021\\\/03\\\/25\\\/governo-de-xinjiang-condena-decisao-infundada-de-sancao-pela-ue\\\/\",\"url\":\"https:\\\/\\\/diariodepe.com.br\\\/xinhua\\\/2021\\\/03\\\/25\\\/governo-de-xinjiang-condena-decisao-infundada-de-sancao-pela-ue\\\/\",\"name\":\"Governo de Xinjiang condena decis\u00e3o infundada de san\u00e7\u00e3o pela UE - Xinhua - Diario de Pernambuco\",\"isPartOf\":{\"@id\":\"https:\\\/\\\/diariodepe.com.br\\\/xinhua\\\/#website\"},\"primaryImageOfPage\":{\"@id\":\"https:\\\/\\\/diariodepe.com.br\\\/xinhua\\\/2021\\\/03\\\/25\\\/governo-de-xinjiang-condena-decisao-infundada-de-sancao-pela-ue\\\/#primaryimage\"},\"image\":{\"@id\":\"https:\\\/\\\/diariodepe.com.br\\\/xinhua\\\/2021\\\/03\\\/25\\\/governo-de-xinjiang-condena-decisao-infundada-de-sancao-pela-ue\\\/#primaryimage\"},\"thumbnailUrl\":\"https:\\\/\\\/diariodepe.com.br\\\/xinhua\\\/wp-content\\\/uploads\\\/sites\\\/3\\\/2021\\\/03\\\/139834628_16166412154711n.jpg\",\"datePublished\":\"2021-03-25T11:52:44+00:00\",\"dateModified\":\"2021-03-25T11:52:46+00:00\",\"description\":\"O governo da Regi\u00e3o Aut\u00f4noma Uigur de Xinjiang, no noroeste da China, expressou nesta ter\u00e7a-feira firme oposi\u00e7\u00e3o e forte condena\u00e7\u00e3o \u00e0s...\",\"breadcrumb\":{\"@id\":\"https:\\\/\\\/diariodepe.com.br\\\/xinhua\\\/2021\\\/03\\\/25\\\/governo-de-xinjiang-condena-decisao-infundada-de-sancao-pela-ue\\\/#breadcrumb\"},\"inLanguage\":\"pt-BR\",\"potentialAction\":[{\"@type\":\"ReadAction\",\"target\":[\"https:\\\/\\\/diariodepe.com.br\\\/xinhua\\\/2021\\\/03\\\/25\\\/governo-de-xinjiang-condena-decisao-infundada-de-sancao-pela-ue\\\/\"]}]},{\"@type\":\"ImageObject\",\"inLanguage\":\"pt-BR\",\"@id\":\"https:\\\/\\\/diariodepe.com.br\\\/xinhua\\\/2021\\\/03\\\/25\\\/governo-de-xinjiang-condena-decisao-infundada-de-sancao-pela-ue\\\/#primaryimage\",\"url\":\"https:\\\/\\\/diariodepe.com.br\\\/xinhua\\\/wp-content\\\/uploads\\\/sites\\\/3\\\/2021\\\/03\\\/139834628_16166412154711n.jpg\",\"contentUrl\":\"https:\\\/\\\/diariodepe.com.br\\\/xinhua\\\/wp-content\\\/uploads\\\/sites\\\/3\\\/2021\\\/03\\\/139834628_16166412154711n.jpg\",\"width\":900,\"height\":631,\"caption\":\"As crian\u00e7as se divertem em Dove Lane na cidade de Hotan, Regi\u00e3o Aut\u00f4noma Uigur de Xinjiang, no noroeste da China, em 27 de maio de 2020. (Xinhua\\\/Sadat)\"},{\"@type\":\"BreadcrumbList\",\"@id\":\"https:\\\/\\\/diariodepe.com.br\\\/xinhua\\\/2021\\\/03\\\/25\\\/governo-de-xinjiang-condena-decisao-infundada-de-sancao-pela-ue\\\/#breadcrumb\",\"itemListElement\":[{\"@type\":\"ListItem\",\"position\":1,\"name\":\"In\u00edcio\",\"item\":\"https:\\\/\\\/diariodepe.com.br\\\/xinhua\\\/\"},{\"@type\":\"ListItem\",\"position\":2,\"name\":\"Governo de Xinjiang condena decis\u00e3o infundada de san\u00e7\u00e3o pela UE\"}]},{\"@type\":\"WebSite\",\"@id\":\"https:\\\/\\\/diariodepe.com.br\\\/xinhua\\\/#website\",\"url\":\"https:\\\/\\\/diariodepe.com.br\\\/xinhua\\\/\",\"name\":\"Xinhua - Diario de Pernambuco\",\"description\":\"A maior ag\u00eancia de not\u00edcias da China e um dos principais canais para conhecer o pa\u00eds\",\"publisher\":{\"@id\":\"https:\\\/\\\/diariodepe.com.br\\\/xinhua\\\/#organization\"},\"potentialAction\":[{\"@type\":\"SearchAction\",\"target\":{\"@type\":\"EntryPoint\",\"urlTemplate\":\"https:\\\/\\\/diariodepe.com.br\\\/xinhua\\\/?s={search_term_string}\"},\"query-input\":{\"@type\":\"PropertyValueSpecification\",\"valueRequired\":true,\"valueName\":\"search_term_string\"}}],\"inLanguage\":\"pt-BR\"},{\"@type\":\"Organization\",\"@id\":\"https:\\\/\\\/diariodepe.com.br\\\/xinhua\\\/#organization\",\"name\":\"Xinhua - Diario de Pernambuco\",\"url\":\"https:\\\/\\\/diariodepe.com.br\\\/xinhua\\\/\",\"logo\":{\"@type\":\"ImageObject\",\"inLanguage\":\"pt-BR\",\"@id\":\"https:\\\/\\\/diariodepe.com.br\\\/xinhua\\\/#\\\/schema\\\/logo\\\/image\\\/\",\"url\":\"https:\\\/\\\/diariodepe.com.br\\\/xinhua\\\/wp-content\\\/uploads\\\/sites\\\/3\\\/2020\\\/10\\\/cropped-logo-transparente-2.png\",\"contentUrl\":\"https:\\\/\\\/diariodepe.com.br\\\/xinhua\\\/wp-content\\\/uploads\\\/sites\\\/3\\\/2020\\\/10\\\/cropped-logo-transparente-2.png\",\"width\":512,\"height\":164,\"caption\":\"Xinhua - Diario de Pernambuco\"},\"image\":{\"@id\":\"https:\\\/\\\/diariodepe.com.br\\\/xinhua\\\/#\\\/schema\\\/logo\\\/image\\\/\"}},{\"@type\":\"Person\",\"@id\":\"https:\\\/\\\/diariodepe.com.br\\\/xinhua\\\/#\\\/schema\\\/person\\\/0943d6fd02bdc7b49c8f495e8787a2cb\",\"name\":\"Marcelo Oliveira de A. Maranhao\",\"image\":{\"@type\":\"ImageObject\",\"inLanguage\":\"pt-BR\",\"@id\":\"https:\\\/\\\/secure.gravatar.com\\\/avatar\\\/f562caee940d39879c20e90eea3e4b21860c7d4c96684c23141c554824f0059c?s=96&d=mm&r=g\",\"url\":\"https:\\\/\\\/secure.gravatar.com\\\/avatar\\\/f562caee940d39879c20e90eea3e4b21860c7d4c96684c23141c554824f0059c?s=96&d=mm&r=g\",\"contentUrl\":\"https:\\\/\\\/secure.gravatar.com\\\/avatar\\\/f562caee940d39879c20e90eea3e4b21860c7d4c96684c23141c554824f0059c?s=96&d=mm&r=g\",\"caption\":\"Marcelo Oliveira de A. Maranhao\"},\"url\":\"https:\\\/\\\/diariodepe.com.br\\\/xinhua\\\/author\\\/marcelo-maranhao\\\/\"}]}<\/script>\n<!-- \/ Yoast SEO plugin. -->","yoast_head_json":{"title":"Governo de Xinjiang condena decis\u00e3o infundada de san\u00e7\u00e3o pela UE - Xinhua - Diario de Pernambuco","description":"O governo da Regi\u00e3o Aut\u00f4noma Uigur de Xinjiang, no noroeste da China, expressou nesta ter\u00e7a-feira firme oposi\u00e7\u00e3o e forte condena\u00e7\u00e3o \u00e0s...","robots":{"index":"index","follow":"follow","max-snippet":"max-snippet:-1","max-image-preview":"max-image-preview:large","max-video-preview":"max-video-preview:-1"},"canonical":"https:\/\/diariodepe.com.br\/xinhua\/2021\/03\/25\/governo-de-xinjiang-condena-decisao-infundada-de-sancao-pela-ue\/","og_locale":"pt_BR","og_type":"article","og_title":"Governo de Xinjiang condena decis\u00e3o infundada de san\u00e7\u00e3o pela UE - Xinhua - Diario de Pernambuco","og_description":"O governo da Regi\u00e3o Aut\u00f4noma Uigur de Xinjiang, no noroeste da China, expressou nesta ter\u00e7a-feira firme oposi\u00e7\u00e3o e forte condena\u00e7\u00e3o \u00e0s...","og_url":"https:\/\/diariodepe.com.br\/xinhua\/2021\/03\/25\/governo-de-xinjiang-condena-decisao-infundada-de-sancao-pela-ue\/","og_site_name":"Xinhua - Diario de Pernambuco","article_published_time":"2021-03-25T11:52:44+00:00","article_modified_time":"2021-03-25T11:52:46+00:00","og_image":[{"width":900,"height":631,"url":"https:\/\/diariodepe.com.br\/xinhua\/wp-content\/uploads\/sites\/3\/2021\/03\/139834628_16166412154711n.jpg","type":"image\/jpeg"}],"author":"Marcelo Oliveira de A. Maranhao","twitter_card":"summary_large_image","twitter_misc":{"Escrito por":"Marcelo Oliveira de A. Maranhao","Est. tempo de leitura":"2 minutos"},"schema":{"@context":"https:\/\/schema.org","@graph":[{"@type":"Article","@id":"https:\/\/diariodepe.com.br\/xinhua\/2021\/03\/25\/governo-de-xinjiang-condena-decisao-infundada-de-sancao-pela-ue\/#article","isPartOf":{"@id":"https:\/\/diariodepe.com.br\/xinhua\/2021\/03\/25\/governo-de-xinjiang-condena-decisao-infundada-de-sancao-pela-ue\/"},"author":{"name":"Marcelo Oliveira de A. Maranhao","@id":"https:\/\/diariodepe.com.br\/xinhua\/#\/schema\/person\/0943d6fd02bdc7b49c8f495e8787a2cb"},"headline":"Governo de Xinjiang condena decis\u00e3o infundada de san\u00e7\u00e3o pela UE","datePublished":"2021-03-25T11:52:44+00:00","dateModified":"2021-03-25T11:52:46+00:00","mainEntityOfPage":{"@id":"https:\/\/diariodepe.com.br\/xinhua\/2021\/03\/25\/governo-de-xinjiang-condena-decisao-infundada-de-sancao-pela-ue\/"},"wordCount":509,"commentCount":0,"publisher":{"@id":"https:\/\/diariodepe.com.br\/xinhua\/#organization"},"image":{"@id":"https:\/\/diariodepe.com.br\/xinhua\/2021\/03\/25\/governo-de-xinjiang-condena-decisao-infundada-de-sancao-pela-ue\/#primaryimage"},"thumbnailUrl":"https:\/\/diariodepe.com.br\/xinhua\/wp-content\/uploads\/sites\/3\/2021\/03\/139834628_16166412154711n.jpg","articleSection":["China"],"inLanguage":"pt-BR","potentialAction":[{"@type":"CommentAction","name":"Comment","target":["https:\/\/diariodepe.com.br\/xinhua\/2021\/03\/25\/governo-de-xinjiang-condena-decisao-infundada-de-sancao-pela-ue\/#respond"]}]},{"@type":"WebPage","@id":"https:\/\/diariodepe.com.br\/xinhua\/2021\/03\/25\/governo-de-xinjiang-condena-decisao-infundada-de-sancao-pela-ue\/","url":"https:\/\/diariodepe.com.br\/xinhua\/2021\/03\/25\/governo-de-xinjiang-condena-decisao-infundada-de-sancao-pela-ue\/","name":"Governo de Xinjiang condena decis\u00e3o infundada de san\u00e7\u00e3o pela UE - Xinhua - Diario de Pernambuco","isPartOf":{"@id":"https:\/\/diariodepe.com.br\/xinhua\/#website"},"primaryImageOfPage":{"@id":"https:\/\/diariodepe.com.br\/xinhua\/2021\/03\/25\/governo-de-xinjiang-condena-decisao-infundada-de-sancao-pela-ue\/#primaryimage"},"image":{"@id":"https:\/\/diariodepe.com.br\/xinhua\/2021\/03\/25\/governo-de-xinjiang-condena-decisao-infundada-de-sancao-pela-ue\/#primaryimage"},"thumbnailUrl":"https:\/\/diariodepe.com.br\/xinhua\/wp-content\/uploads\/sites\/3\/2021\/03\/139834628_16166412154711n.jpg","datePublished":"2021-03-25T11:52:44+00:00","dateModified":"2021-03-25T11:52:46+00:00","description":"O governo da Regi\u00e3o Aut\u00f4noma Uigur de Xinjiang, no noroeste da China, expressou nesta ter\u00e7a-feira firme oposi\u00e7\u00e3o e forte condena\u00e7\u00e3o \u00e0s...","breadcrumb":{"@id":"https:\/\/diariodepe.com.br\/xinhua\/2021\/03\/25\/governo-de-xinjiang-condena-decisao-infundada-de-sancao-pela-ue\/#breadcrumb"},"inLanguage":"pt-BR","potentialAction":[{"@type":"ReadAction","target":["https:\/\/diariodepe.com.br\/xinhua\/2021\/03\/25\/governo-de-xinjiang-condena-decisao-infundada-de-sancao-pela-ue\/"]}]},{"@type":"ImageObject","inLanguage":"pt-BR","@id":"https:\/\/diariodepe.com.br\/xinhua\/2021\/03\/25\/governo-de-xinjiang-condena-decisao-infundada-de-sancao-pela-ue\/#primaryimage","url":"https:\/\/diariodepe.com.br\/xinhua\/wp-content\/uploads\/sites\/3\/2021\/03\/139834628_16166412154711n.jpg","contentUrl":"https:\/\/diariodepe.com.br\/xinhua\/wp-content\/uploads\/sites\/3\/2021\/03\/139834628_16166412154711n.jpg","width":900,"height":631,"caption":"As crian\u00e7as se divertem em Dove Lane na cidade de Hotan, Regi\u00e3o Aut\u00f4noma Uigur de Xinjiang, no noroeste da China, em 27 de maio de 2020. (Xinhua\/Sadat)"},{"@type":"BreadcrumbList","@id":"https:\/\/diariodepe.com.br\/xinhua\/2021\/03\/25\/governo-de-xinjiang-condena-decisao-infundada-de-sancao-pela-ue\/#breadcrumb","itemListElement":[{"@type":"ListItem","position":1,"name":"In\u00edcio","item":"https:\/\/diariodepe.com.br\/xinhua\/"},{"@type":"ListItem","position":2,"name":"Governo de Xinjiang condena decis\u00e3o infundada de san\u00e7\u00e3o pela UE"}]},{"@type":"WebSite","@id":"https:\/\/diariodepe.com.br\/xinhua\/#website","url":"https:\/\/diariodepe.com.br\/xinhua\/","name":"Xinhua - Diario de Pernambuco","description":"A maior ag\u00eancia de not\u00edcias da China e um dos principais canais para conhecer o pa\u00eds","publisher":{"@id":"https:\/\/diariodepe.com.br\/xinhua\/#organization"},"potentialAction":[{"@type":"SearchAction","target":{"@type":"EntryPoint","urlTemplate":"https:\/\/diariodepe.com.br\/xinhua\/?s={search_term_string}"},"query-input":{"@type":"PropertyValueSpecification","valueRequired":true,"valueName":"search_term_string"}}],"inLanguage":"pt-BR"},{"@type":"Organization","@id":"https:\/\/diariodepe.com.br\/xinhua\/#organization","name":"Xinhua - Diario de Pernambuco","url":"https:\/\/diariodepe.com.br\/xinhua\/","logo":{"@type":"ImageObject","inLanguage":"pt-BR","@id":"https:\/\/diariodepe.com.br\/xinhua\/#\/schema\/logo\/image\/","url":"https:\/\/diariodepe.com.br\/xinhua\/wp-content\/uploads\/sites\/3\/2020\/10\/cropped-logo-transparente-2.png","contentUrl":"https:\/\/diariodepe.com.br\/xinhua\/wp-content\/uploads\/sites\/3\/2020\/10\/cropped-logo-transparente-2.png","width":512,"height":164,"caption":"Xinhua - Diario de Pernambuco"},"image":{"@id":"https:\/\/diariodepe.com.br\/xinhua\/#\/schema\/logo\/image\/"}},{"@type":"Person","@id":"https:\/\/diariodepe.com.br\/xinhua\/#\/schema\/person\/0943d6fd02bdc7b49c8f495e8787a2cb","name":"Marcelo Oliveira de A. Maranhao","image":{"@type":"ImageObject","inLanguage":"pt-BR","@id":"https:\/\/secure.gravatar.com\/avatar\/f562caee940d39879c20e90eea3e4b21860c7d4c96684c23141c554824f0059c?s=96&d=mm&r=g","url":"https:\/\/secure.gravatar.com\/avatar\/f562caee940d39879c20e90eea3e4b21860c7d4c96684c23141c554824f0059c?s=96&d=mm&r=g","contentUrl":"https:\/\/secure.gravatar.com\/avatar\/f562caee940d39879c20e90eea3e4b21860c7d4c96684c23141c554824f0059c?s=96&d=mm&r=g","caption":"Marcelo Oliveira de A. Maranhao"},"url":"https:\/\/diariodepe.com.br\/xinhua\/author\/marcelo-maranhao\/"}]}},"cc_featured_image_caption":{"caption_text":"","source_text":"","source_url":""},"amp_enabled":true,"_links":{"self":[{"href":"https:\/\/diariodepe.com.br\/xinhua\/wp-json\/wp\/v2\/posts\/627","targetHints":{"allow":["GET"]}}],"collection":[{"href":"https:\/\/diariodepe.com.br\/xinhua\/wp-json\/wp\/v2\/posts"}],"about":[{"href":"https:\/\/diariodepe.com.br\/xinhua\/wp-json\/wp\/v2\/types\/post"}],"author":[{"embeddable":true,"href":"https:\/\/diariodepe.com.br\/xinhua\/wp-json\/wp\/v2\/users\/3"}],"replies":[{"embeddable":true,"href":"https:\/\/diariodepe.com.br\/xinhua\/wp-json\/wp\/v2\/comments?post=627"}],"version-history":[{"count":1,"href":"https:\/\/diariodepe.com.br\/xinhua\/wp-json\/wp\/v2\/posts\/627\/revisions"}],"predecessor-version":[{"id":629,"href":"https:\/\/diariodepe.com.br\/xinhua\/wp-json\/wp\/v2\/posts\/627\/revisions\/629"}],"wp:featuredmedia":[{"embeddable":true,"href":"https:\/\/diariodepe.com.br\/xinhua\/wp-json\/wp\/v2\/media\/628"}],"wp:attachment":[{"href":"https:\/\/diariodepe.com.br\/xinhua\/wp-json\/wp\/v2\/media?parent=627"}],"wp:term":[{"taxonomy":"category","embeddable":true,"href":"https:\/\/diariodepe.com.br\/xinhua\/wp-json\/wp\/v2\/categories?post=627"},{"taxonomy":"post_tag","embeddable":true,"href":"https:\/\/diariodepe.com.br\/xinhua\/wp-json\/wp\/v2\/tags?post=627"}],"curies":[{"name":"wp","href":"https:\/\/api.w.org\/{rel}","templated":true}]}}