{"id":6207,"date":"2022-04-15T16:30:00","date_gmt":"2022-04-15T19:30:00","guid":{"rendered":"http:\/\/www.diariodepe.com.br\/xinhua\/?p=6207"},"modified":"2022-04-15T09:32:51","modified_gmt":"2022-04-15T12:32:51","slug":"china-continuara-a-colocar-paquistao-como-prioridade-na-diplomacia-de-vizinhanca-diz-porta-voz","status":"publish","type":"post","link":"https:\/\/diariodepe.com.br\/xinhua\/2022\/04\/15\/china-continuara-a-colocar-paquistao-como-prioridade-na-diplomacia-de-vizinhanca-diz-porta-voz\/","title":{"rendered":"China continuar\u00e1 a colocar Paquist\u00e3o como prioridade na diplomacia de vizinhan\u00e7a, diz porta-voz"},"content":{"rendered":"\n<p>Beijing, 15 abr &#8211; A China continuar\u00e1 priorizando seu relacionamento com o Paquist\u00e3o na diplomacia de vizinhan\u00e7a e apoiar\u00e1 firmemente a meta de prosperidade e revitaliza\u00e7\u00e3o do Paquist\u00e3o, disse nesta quinta-feira o porta-voz do Minist\u00e9rio das Rela\u00e7\u00f5es Exteriores, Zhao Lijian.<\/p>\n\n\n\n<p>De acordo com a imprensa, o rec\u00e9m-eleito primeiro-ministro do Paquist\u00e3o, Shahbaz Sharif, disse, ao se reunir com o encarregado de neg\u00f3cios da embaixada chinesa no Paquist\u00e3o, que o novo governo do Paquist\u00e3o atribui grande import\u00e2ncia \u00e0s rela\u00e7\u00f5es com a China e promover\u00e1 a constru\u00e7\u00e3o do Corredor Econ\u00f4mico China-Paquist\u00e3o (CPEC, sigla em ingl\u00eas) com mais vigor e efici\u00eancia.<\/p>\n\n\n\n<p>&#8220;A China aprecia as observa\u00e7\u00f5es do primeiro-ministro Shahbaz Sharif&#8221;, disse Zhao em uma coletiva de imprensa, acrescentando que a China e o Paquist\u00e3o s\u00e3o parceiros cooperativos estrat\u00e9gicos sob todos os climas e irm\u00e3os de ferro.<\/p>\n\n\n\n<p>Zhao disse que a China est\u00e1 pronta para trabalhar com o novo governo do Paquist\u00e3o para facilitar os interc\u00e2mbios em todos os n\u00edveis, enriquecer e expandir a coopera\u00e7\u00e3o pr\u00e1tica, construir o CPEC em dire\u00e7\u00e3o aos objetivos sustent\u00e1veis, orientados para a subsist\u00eancia e de alto padr\u00e3o e acelerar a constru\u00e7\u00e3o de uma comunidade China-Paquist\u00e3o mais pr\u00f3xima com um futuro compartilhado na nova era para beneficiar os dois pa\u00edses e seus povos.<\/p>\n","protected":false},"excerpt":{"rendered":"<p>Beijing, 15 abr &#8211; A China continuar\u00e1 priorizando seu relacionamento com o Paquist\u00e3o na diplomacia de vizinhan\u00e7a e apoiar\u00e1 firmemente a meta de prosperidade e revitaliza\u00e7\u00e3o do Paquist\u00e3o, disse nesta quinta-feira o porta-voz do Minist\u00e9rio das Rela\u00e7\u00f5es Exteriores, Zhao Lijian&#8230;.<\/p>\n","protected":false},"author":3,"featured_media":6208,"comment_status":"open","ping_status":"open","sticky":false,"template":"","format":"standard","meta":{"footnotes":""},"categories":[4],"tags":[],"class_list":["post-6207","post","type-post","status-publish","format-standard","has-post-thumbnail","hentry","category-internacional"],"yoast_head":"<!-- This site is optimized with the Yoast SEO plugin v27.4 - https:\/\/yoast.com\/product\/yoast-seo-wordpress\/ -->\n<title>China continuar\u00e1 a colocar Paquist\u00e3o como prioridade na diplomacia de vizinhan\u00e7a, diz porta-voz - Xinhua - Diario de Pernambuco<\/title>\n<meta name=\"robots\" content=\"index, follow, max-snippet:-1, max-image-preview:large, max-video-preview:-1\" \/>\n<link rel=\"canonical\" href=\"https:\/\/diariodepe.com.br\/xinhua\/2022\/04\/15\/china-continuara-a-colocar-paquistao-como-prioridade-na-diplomacia-de-vizinhanca-diz-porta-voz\/\" \/>\n<meta property=\"og:locale\" content=\"pt_BR\" \/>\n<meta property=\"og:type\" content=\"article\" \/>\n<meta property=\"og:title\" content=\"China continuar\u00e1 a colocar Paquist\u00e3o como prioridade na diplomacia de vizinhan\u00e7a, diz porta-voz - Xinhua - Diario de Pernambuco\" \/>\n<meta property=\"og:description\" content=\"Beijing, 15 abr &#8211; A China continuar\u00e1 priorizando seu relacionamento com o Paquist\u00e3o na diplomacia de vizinhan\u00e7a e apoiar\u00e1 firmemente a meta de prosperidade e revitaliza\u00e7\u00e3o do Paquist\u00e3o, disse nesta quinta-feira o porta-voz do Minist\u00e9rio das Rela\u00e7\u00f5es Exteriores, Zhao Lijian....\" \/>\n<meta property=\"og:url\" content=\"https:\/\/diariodepe.com.br\/xinhua\/2022\/04\/15\/china-continuara-a-colocar-paquistao-como-prioridade-na-diplomacia-de-vizinhanca-diz-porta-voz\/\" \/>\n<meta property=\"og:site_name\" content=\"Xinhua - Diario de Pernambuco\" \/>\n<meta property=\"article:published_time\" content=\"2022-04-15T19:30:00+00:00\" \/>\n<meta property=\"og:image\" content=\"https:\/\/diariodepe.com.br\/xinhua\/wp-content\/uploads\/sites\/3\/2022\/04\/1310559749_16500047613241n.jpg\" \/>\n\t<meta property=\"og:image:width\" content=\"899\" \/>\n\t<meta property=\"og:image:height\" content=\"602\" \/>\n\t<meta property=\"og:image:type\" content=\"image\/jpeg\" \/>\n<meta name=\"author\" content=\"Marcelo Oliveira de A. Maranhao\" \/>\n<meta name=\"twitter:card\" content=\"summary_large_image\" \/>\n<meta name=\"twitter:label1\" content=\"Escrito por\" \/>\n\t<meta name=\"twitter:data1\" content=\"Marcelo Oliveira de A. Maranhao\" \/>\n\t<meta name=\"twitter:label2\" content=\"Est. tempo de leitura\" \/>\n\t<meta name=\"twitter:data2\" content=\"2 minutos\" \/>\n<script type=\"application\/ld+json\" class=\"yoast-schema-graph\">{\"@context\":\"https:\\\/\\\/schema.org\",\"@graph\":[{\"@type\":\"Article\",\"@id\":\"https:\\\/\\\/diariodepe.com.br\\\/xinhua\\\/2022\\\/04\\\/15\\\/china-continuara-a-colocar-paquistao-como-prioridade-na-diplomacia-de-vizinhanca-diz-porta-voz\\\/#article\",\"isPartOf\":{\"@id\":\"https:\\\/\\\/diariodepe.com.br\\\/xinhua\\\/2022\\\/04\\\/15\\\/china-continuara-a-colocar-paquistao-como-prioridade-na-diplomacia-de-vizinhanca-diz-porta-voz\\\/\"},\"author\":{\"name\":\"Marcelo Oliveira de A. Maranhao\",\"@id\":\"https:\\\/\\\/diariodepe.com.br\\\/xinhua\\\/#\\\/schema\\\/person\\\/0943d6fd02bdc7b49c8f495e8787a2cb\"},\"headline\":\"China continuar\u00e1 a colocar Paquist\u00e3o como prioridade na diplomacia de vizinhan\u00e7a, diz porta-voz\",\"datePublished\":\"2022-04-15T19:30:00+00:00\",\"mainEntityOfPage\":{\"@id\":\"https:\\\/\\\/diariodepe.com.br\\\/xinhua\\\/2022\\\/04\\\/15\\\/china-continuara-a-colocar-paquistao-como-prioridade-na-diplomacia-de-vizinhanca-diz-porta-voz\\\/\"},\"wordCount\":252,\"commentCount\":0,\"publisher\":{\"@id\":\"https:\\\/\\\/diariodepe.com.br\\\/xinhua\\\/#organization\"},\"image\":{\"@id\":\"https:\\\/\\\/diariodepe.com.br\\\/xinhua\\\/2022\\\/04\\\/15\\\/china-continuara-a-colocar-paquistao-como-prioridade-na-diplomacia-de-vizinhanca-diz-porta-voz\\\/#primaryimage\"},\"thumbnailUrl\":\"https:\\\/\\\/diariodepe.com.br\\\/xinhua\\\/wp-content\\\/uploads\\\/sites\\\/3\\\/2022\\\/04\\\/1310559749_16500047613241n.jpg\",\"articleSection\":[\"Internacional\"],\"inLanguage\":\"pt-BR\",\"potentialAction\":[{\"@type\":\"CommentAction\",\"name\":\"Comment\",\"target\":[\"https:\\\/\\\/diariodepe.com.br\\\/xinhua\\\/2022\\\/04\\\/15\\\/china-continuara-a-colocar-paquistao-como-prioridade-na-diplomacia-de-vizinhanca-diz-porta-voz\\\/#respond\"]}]},{\"@type\":\"WebPage\",\"@id\":\"https:\\\/\\\/diariodepe.com.br\\\/xinhua\\\/2022\\\/04\\\/15\\\/china-continuara-a-colocar-paquistao-como-prioridade-na-diplomacia-de-vizinhanca-diz-porta-voz\\\/\",\"url\":\"https:\\\/\\\/diariodepe.com.br\\\/xinhua\\\/2022\\\/04\\\/15\\\/china-continuara-a-colocar-paquistao-como-prioridade-na-diplomacia-de-vizinhanca-diz-porta-voz\\\/\",\"name\":\"China continuar\u00e1 a colocar Paquist\u00e3o como prioridade na diplomacia de vizinhan\u00e7a, diz porta-voz - Xinhua - Diario de Pernambuco\",\"isPartOf\":{\"@id\":\"https:\\\/\\\/diariodepe.com.br\\\/xinhua\\\/#website\"},\"primaryImageOfPage\":{\"@id\":\"https:\\\/\\\/diariodepe.com.br\\\/xinhua\\\/2022\\\/04\\\/15\\\/china-continuara-a-colocar-paquistao-como-prioridade-na-diplomacia-de-vizinhanca-diz-porta-voz\\\/#primaryimage\"},\"image\":{\"@id\":\"https:\\\/\\\/diariodepe.com.br\\\/xinhua\\\/2022\\\/04\\\/15\\\/china-continuara-a-colocar-paquistao-como-prioridade-na-diplomacia-de-vizinhanca-diz-porta-voz\\\/#primaryimage\"},\"thumbnailUrl\":\"https:\\\/\\\/diariodepe.com.br\\\/xinhua\\\/wp-content\\\/uploads\\\/sites\\\/3\\\/2022\\\/04\\\/1310559749_16500047613241n.jpg\",\"datePublished\":\"2022-04-15T19:30:00+00:00\",\"breadcrumb\":{\"@id\":\"https:\\\/\\\/diariodepe.com.br\\\/xinhua\\\/2022\\\/04\\\/15\\\/china-continuara-a-colocar-paquistao-como-prioridade-na-diplomacia-de-vizinhanca-diz-porta-voz\\\/#breadcrumb\"},\"inLanguage\":\"pt-BR\",\"potentialAction\":[{\"@type\":\"ReadAction\",\"target\":[\"https:\\\/\\\/diariodepe.com.br\\\/xinhua\\\/2022\\\/04\\\/15\\\/china-continuara-a-colocar-paquistao-como-prioridade-na-diplomacia-de-vizinhanca-diz-porta-voz\\\/\"]}]},{\"@type\":\"ImageObject\",\"inLanguage\":\"pt-BR\",\"@id\":\"https:\\\/\\\/diariodepe.com.br\\\/xinhua\\\/2022\\\/04\\\/15\\\/china-continuara-a-colocar-paquistao-como-prioridade-na-diplomacia-de-vizinhanca-diz-porta-voz\\\/#primaryimage\",\"url\":\"https:\\\/\\\/diariodepe.com.br\\\/xinhua\\\/wp-content\\\/uploads\\\/sites\\\/3\\\/2022\\\/04\\\/1310559749_16500047613241n.jpg\",\"contentUrl\":\"https:\\\/\\\/diariodepe.com.br\\\/xinhua\\\/wp-content\\\/uploads\\\/sites\\\/3\\\/2022\\\/04\\\/1310559749_16500047613241n.jpg\",\"width\":899,\"height\":602,\"caption\":\"Cerim\u00f4nia \u00e9 realizada para marcar o encerramento da segunda fase do projeto hidrel\u00e9trico Suki Kinari (SK) no distrito de Mansehra, Paquist\u00e3o, em 30 de abril de 2021. (Xinhua\\\/Deng Kaiyin)\"},{\"@type\":\"BreadcrumbList\",\"@id\":\"https:\\\/\\\/diariodepe.com.br\\\/xinhua\\\/2022\\\/04\\\/15\\\/china-continuara-a-colocar-paquistao-como-prioridade-na-diplomacia-de-vizinhanca-diz-porta-voz\\\/#breadcrumb\",\"itemListElement\":[{\"@type\":\"ListItem\",\"position\":1,\"name\":\"In\u00edcio\",\"item\":\"https:\\\/\\\/diariodepe.com.br\\\/xinhua\\\/\"},{\"@type\":\"ListItem\",\"position\":2,\"name\":\"China continuar\u00e1 a colocar Paquist\u00e3o como prioridade na diplomacia de vizinhan\u00e7a, diz porta-voz\"}]},{\"@type\":\"WebSite\",\"@id\":\"https:\\\/\\\/diariodepe.com.br\\\/xinhua\\\/#website\",\"url\":\"https:\\\/\\\/diariodepe.com.br\\\/xinhua\\\/\",\"name\":\"Xinhua - Diario de Pernambuco\",\"description\":\"A maior ag\u00eancia de not\u00edcias da China e um dos principais canais para conhecer o pa\u00eds\",\"publisher\":{\"@id\":\"https:\\\/\\\/diariodepe.com.br\\\/xinhua\\\/#organization\"},\"potentialAction\":[{\"@type\":\"SearchAction\",\"target\":{\"@type\":\"EntryPoint\",\"urlTemplate\":\"https:\\\/\\\/diariodepe.com.br\\\/xinhua\\\/?s={search_term_string}\"},\"query-input\":{\"@type\":\"PropertyValueSpecification\",\"valueRequired\":true,\"valueName\":\"search_term_string\"}}],\"inLanguage\":\"pt-BR\"},{\"@type\":\"Organization\",\"@id\":\"https:\\\/\\\/diariodepe.com.br\\\/xinhua\\\/#organization\",\"name\":\"Xinhua - Diario de Pernambuco\",\"url\":\"https:\\\/\\\/diariodepe.com.br\\\/xinhua\\\/\",\"logo\":{\"@type\":\"ImageObject\",\"inLanguage\":\"pt-BR\",\"@id\":\"https:\\\/\\\/diariodepe.com.br\\\/xinhua\\\/#\\\/schema\\\/logo\\\/image\\\/\",\"url\":\"https:\\\/\\\/diariodepe.com.br\\\/xinhua\\\/wp-content\\\/uploads\\\/sites\\\/3\\\/2020\\\/10\\\/cropped-logo-transparente-2.png\",\"contentUrl\":\"https:\\\/\\\/diariodepe.com.br\\\/xinhua\\\/wp-content\\\/uploads\\\/sites\\\/3\\\/2020\\\/10\\\/cropped-logo-transparente-2.png\",\"width\":512,\"height\":164,\"caption\":\"Xinhua - Diario de Pernambuco\"},\"image\":{\"@id\":\"https:\\\/\\\/diariodepe.com.br\\\/xinhua\\\/#\\\/schema\\\/logo\\\/image\\\/\"}},{\"@type\":\"Person\",\"@id\":\"https:\\\/\\\/diariodepe.com.br\\\/xinhua\\\/#\\\/schema\\\/person\\\/0943d6fd02bdc7b49c8f495e8787a2cb\",\"name\":\"Marcelo Oliveira de A. Maranhao\",\"image\":{\"@type\":\"ImageObject\",\"inLanguage\":\"pt-BR\",\"@id\":\"https:\\\/\\\/secure.gravatar.com\\\/avatar\\\/f562caee940d39879c20e90eea3e4b21860c7d4c96684c23141c554824f0059c?s=96&d=mm&r=g\",\"url\":\"https:\\\/\\\/secure.gravatar.com\\\/avatar\\\/f562caee940d39879c20e90eea3e4b21860c7d4c96684c23141c554824f0059c?s=96&d=mm&r=g\",\"contentUrl\":\"https:\\\/\\\/secure.gravatar.com\\\/avatar\\\/f562caee940d39879c20e90eea3e4b21860c7d4c96684c23141c554824f0059c?s=96&d=mm&r=g\",\"caption\":\"Marcelo Oliveira de A. Maranhao\"},\"url\":\"https:\\\/\\\/diariodepe.com.br\\\/xinhua\\\/author\\\/marcelo-maranhao\\\/\"}]}<\/script>\n<!-- \/ Yoast SEO plugin. -->","yoast_head_json":{"title":"China continuar\u00e1 a colocar Paquist\u00e3o como prioridade na diplomacia de vizinhan\u00e7a, diz porta-voz - Xinhua - Diario de Pernambuco","robots":{"index":"index","follow":"follow","max-snippet":"max-snippet:-1","max-image-preview":"max-image-preview:large","max-video-preview":"max-video-preview:-1"},"canonical":"https:\/\/diariodepe.com.br\/xinhua\/2022\/04\/15\/china-continuara-a-colocar-paquistao-como-prioridade-na-diplomacia-de-vizinhanca-diz-porta-voz\/","og_locale":"pt_BR","og_type":"article","og_title":"China continuar\u00e1 a colocar Paquist\u00e3o como prioridade na diplomacia de vizinhan\u00e7a, diz porta-voz - Xinhua - Diario de Pernambuco","og_description":"Beijing, 15 abr &#8211; A China continuar\u00e1 priorizando seu relacionamento com o Paquist\u00e3o na diplomacia de vizinhan\u00e7a e apoiar\u00e1 firmemente a meta de prosperidade e revitaliza\u00e7\u00e3o do Paquist\u00e3o, disse nesta quinta-feira o porta-voz do Minist\u00e9rio das Rela\u00e7\u00f5es Exteriores, Zhao Lijian....","og_url":"https:\/\/diariodepe.com.br\/xinhua\/2022\/04\/15\/china-continuara-a-colocar-paquistao-como-prioridade-na-diplomacia-de-vizinhanca-diz-porta-voz\/","og_site_name":"Xinhua - Diario de Pernambuco","article_published_time":"2022-04-15T19:30:00+00:00","og_image":[{"width":899,"height":602,"url":"https:\/\/diariodepe.com.br\/xinhua\/wp-content\/uploads\/sites\/3\/2022\/04\/1310559749_16500047613241n.jpg","type":"image\/jpeg"}],"author":"Marcelo Oliveira de A. Maranhao","twitter_card":"summary_large_image","twitter_misc":{"Escrito por":"Marcelo Oliveira de A. Maranhao","Est. tempo de leitura":"2 minutos"},"schema":{"@context":"https:\/\/schema.org","@graph":[{"@type":"Article","@id":"https:\/\/diariodepe.com.br\/xinhua\/2022\/04\/15\/china-continuara-a-colocar-paquistao-como-prioridade-na-diplomacia-de-vizinhanca-diz-porta-voz\/#article","isPartOf":{"@id":"https:\/\/diariodepe.com.br\/xinhua\/2022\/04\/15\/china-continuara-a-colocar-paquistao-como-prioridade-na-diplomacia-de-vizinhanca-diz-porta-voz\/"},"author":{"name":"Marcelo Oliveira de A. Maranhao","@id":"https:\/\/diariodepe.com.br\/xinhua\/#\/schema\/person\/0943d6fd02bdc7b49c8f495e8787a2cb"},"headline":"China continuar\u00e1 a colocar Paquist\u00e3o como prioridade na diplomacia de vizinhan\u00e7a, diz porta-voz","datePublished":"2022-04-15T19:30:00+00:00","mainEntityOfPage":{"@id":"https:\/\/diariodepe.com.br\/xinhua\/2022\/04\/15\/china-continuara-a-colocar-paquistao-como-prioridade-na-diplomacia-de-vizinhanca-diz-porta-voz\/"},"wordCount":252,"commentCount":0,"publisher":{"@id":"https:\/\/diariodepe.com.br\/xinhua\/#organization"},"image":{"@id":"https:\/\/diariodepe.com.br\/xinhua\/2022\/04\/15\/china-continuara-a-colocar-paquistao-como-prioridade-na-diplomacia-de-vizinhanca-diz-porta-voz\/#primaryimage"},"thumbnailUrl":"https:\/\/diariodepe.com.br\/xinhua\/wp-content\/uploads\/sites\/3\/2022\/04\/1310559749_16500047613241n.jpg","articleSection":["Internacional"],"inLanguage":"pt-BR","potentialAction":[{"@type":"CommentAction","name":"Comment","target":["https:\/\/diariodepe.com.br\/xinhua\/2022\/04\/15\/china-continuara-a-colocar-paquistao-como-prioridade-na-diplomacia-de-vizinhanca-diz-porta-voz\/#respond"]}]},{"@type":"WebPage","@id":"https:\/\/diariodepe.com.br\/xinhua\/2022\/04\/15\/china-continuara-a-colocar-paquistao-como-prioridade-na-diplomacia-de-vizinhanca-diz-porta-voz\/","url":"https:\/\/diariodepe.com.br\/xinhua\/2022\/04\/15\/china-continuara-a-colocar-paquistao-como-prioridade-na-diplomacia-de-vizinhanca-diz-porta-voz\/","name":"China continuar\u00e1 a colocar Paquist\u00e3o como prioridade na diplomacia de vizinhan\u00e7a, diz porta-voz - Xinhua - Diario de Pernambuco","isPartOf":{"@id":"https:\/\/diariodepe.com.br\/xinhua\/#website"},"primaryImageOfPage":{"@id":"https:\/\/diariodepe.com.br\/xinhua\/2022\/04\/15\/china-continuara-a-colocar-paquistao-como-prioridade-na-diplomacia-de-vizinhanca-diz-porta-voz\/#primaryimage"},"image":{"@id":"https:\/\/diariodepe.com.br\/xinhua\/2022\/04\/15\/china-continuara-a-colocar-paquistao-como-prioridade-na-diplomacia-de-vizinhanca-diz-porta-voz\/#primaryimage"},"thumbnailUrl":"https:\/\/diariodepe.com.br\/xinhua\/wp-content\/uploads\/sites\/3\/2022\/04\/1310559749_16500047613241n.jpg","datePublished":"2022-04-15T19:30:00+00:00","breadcrumb":{"@id":"https:\/\/diariodepe.com.br\/xinhua\/2022\/04\/15\/china-continuara-a-colocar-paquistao-como-prioridade-na-diplomacia-de-vizinhanca-diz-porta-voz\/#breadcrumb"},"inLanguage":"pt-BR","potentialAction":[{"@type":"ReadAction","target":["https:\/\/diariodepe.com.br\/xinhua\/2022\/04\/15\/china-continuara-a-colocar-paquistao-como-prioridade-na-diplomacia-de-vizinhanca-diz-porta-voz\/"]}]},{"@type":"ImageObject","inLanguage":"pt-BR","@id":"https:\/\/diariodepe.com.br\/xinhua\/2022\/04\/15\/china-continuara-a-colocar-paquistao-como-prioridade-na-diplomacia-de-vizinhanca-diz-porta-voz\/#primaryimage","url":"https:\/\/diariodepe.com.br\/xinhua\/wp-content\/uploads\/sites\/3\/2022\/04\/1310559749_16500047613241n.jpg","contentUrl":"https:\/\/diariodepe.com.br\/xinhua\/wp-content\/uploads\/sites\/3\/2022\/04\/1310559749_16500047613241n.jpg","width":899,"height":602,"caption":"Cerim\u00f4nia \u00e9 realizada para marcar o encerramento da segunda fase do projeto hidrel\u00e9trico Suki Kinari (SK) no distrito de Mansehra, Paquist\u00e3o, em 30 de abril de 2021. (Xinhua\/Deng Kaiyin)"},{"@type":"BreadcrumbList","@id":"https:\/\/diariodepe.com.br\/xinhua\/2022\/04\/15\/china-continuara-a-colocar-paquistao-como-prioridade-na-diplomacia-de-vizinhanca-diz-porta-voz\/#breadcrumb","itemListElement":[{"@type":"ListItem","position":1,"name":"In\u00edcio","item":"https:\/\/diariodepe.com.br\/xinhua\/"},{"@type":"ListItem","position":2,"name":"China continuar\u00e1 a colocar Paquist\u00e3o como prioridade na diplomacia de vizinhan\u00e7a, diz porta-voz"}]},{"@type":"WebSite","@id":"https:\/\/diariodepe.com.br\/xinhua\/#website","url":"https:\/\/diariodepe.com.br\/xinhua\/","name":"Xinhua - Diario de Pernambuco","description":"A maior ag\u00eancia de not\u00edcias da China e um dos principais canais para conhecer o pa\u00eds","publisher":{"@id":"https:\/\/diariodepe.com.br\/xinhua\/#organization"},"potentialAction":[{"@type":"SearchAction","target":{"@type":"EntryPoint","urlTemplate":"https:\/\/diariodepe.com.br\/xinhua\/?s={search_term_string}"},"query-input":{"@type":"PropertyValueSpecification","valueRequired":true,"valueName":"search_term_string"}}],"inLanguage":"pt-BR"},{"@type":"Organization","@id":"https:\/\/diariodepe.com.br\/xinhua\/#organization","name":"Xinhua - Diario de Pernambuco","url":"https:\/\/diariodepe.com.br\/xinhua\/","logo":{"@type":"ImageObject","inLanguage":"pt-BR","@id":"https:\/\/diariodepe.com.br\/xinhua\/#\/schema\/logo\/image\/","url":"https:\/\/diariodepe.com.br\/xinhua\/wp-content\/uploads\/sites\/3\/2020\/10\/cropped-logo-transparente-2.png","contentUrl":"https:\/\/diariodepe.com.br\/xinhua\/wp-content\/uploads\/sites\/3\/2020\/10\/cropped-logo-transparente-2.png","width":512,"height":164,"caption":"Xinhua - Diario de Pernambuco"},"image":{"@id":"https:\/\/diariodepe.com.br\/xinhua\/#\/schema\/logo\/image\/"}},{"@type":"Person","@id":"https:\/\/diariodepe.com.br\/xinhua\/#\/schema\/person\/0943d6fd02bdc7b49c8f495e8787a2cb","name":"Marcelo Oliveira de A. Maranhao","image":{"@type":"ImageObject","inLanguage":"pt-BR","@id":"https:\/\/secure.gravatar.com\/avatar\/f562caee940d39879c20e90eea3e4b21860c7d4c96684c23141c554824f0059c?s=96&d=mm&r=g","url":"https:\/\/secure.gravatar.com\/avatar\/f562caee940d39879c20e90eea3e4b21860c7d4c96684c23141c554824f0059c?s=96&d=mm&r=g","contentUrl":"https:\/\/secure.gravatar.com\/avatar\/f562caee940d39879c20e90eea3e4b21860c7d4c96684c23141c554824f0059c?s=96&d=mm&r=g","caption":"Marcelo Oliveira de A. Maranhao"},"url":"https:\/\/diariodepe.com.br\/xinhua\/author\/marcelo-maranhao\/"}]}},"cc_featured_image_caption":{"caption_text":"","source_text":"","source_url":""},"amp_enabled":true,"_links":{"self":[{"href":"https:\/\/diariodepe.com.br\/xinhua\/wp-json\/wp\/v2\/posts\/6207","targetHints":{"allow":["GET"]}}],"collection":[{"href":"https:\/\/diariodepe.com.br\/xinhua\/wp-json\/wp\/v2\/posts"}],"about":[{"href":"https:\/\/diariodepe.com.br\/xinhua\/wp-json\/wp\/v2\/types\/post"}],"author":[{"embeddable":true,"href":"https:\/\/diariodepe.com.br\/xinhua\/wp-json\/wp\/v2\/users\/3"}],"replies":[{"embeddable":true,"href":"https:\/\/diariodepe.com.br\/xinhua\/wp-json\/wp\/v2\/comments?post=6207"}],"version-history":[{"count":1,"href":"https:\/\/diariodepe.com.br\/xinhua\/wp-json\/wp\/v2\/posts\/6207\/revisions"}],"predecessor-version":[{"id":6209,"href":"https:\/\/diariodepe.com.br\/xinhua\/wp-json\/wp\/v2\/posts\/6207\/revisions\/6209"}],"wp:featuredmedia":[{"embeddable":true,"href":"https:\/\/diariodepe.com.br\/xinhua\/wp-json\/wp\/v2\/media\/6208"}],"wp:attachment":[{"href":"https:\/\/diariodepe.com.br\/xinhua\/wp-json\/wp\/v2\/media?parent=6207"}],"wp:term":[{"taxonomy":"category","embeddable":true,"href":"https:\/\/diariodepe.com.br\/xinhua\/wp-json\/wp\/v2\/categories?post=6207"},{"taxonomy":"post_tag","embeddable":true,"href":"https:\/\/diariodepe.com.br\/xinhua\/wp-json\/wp\/v2\/tags?post=6207"}],"curies":[{"name":"wp","href":"https:\/\/api.w.org\/{rel}","templated":true}]}}