{"id":6114,"date":"2022-04-11T12:36:00","date_gmt":"2022-04-11T15:36:00","guid":{"rendered":"http:\/\/www.diariodepe.com.br\/xinhua\/?p=6114"},"modified":"2022-04-11T09:43:17","modified_gmt":"2022-04-11T12:43:17","slug":"macau-reforcara-papel-da-plataforma-entre-china-e-paises-lusofonos-diz-chefe-do-executivo","status":"publish","type":"post","link":"https:\/\/diariodepe.com.br\/xinhua\/2022\/04\/11\/macau-reforcara-papel-da-plataforma-entre-china-e-paises-lusofonos-diz-chefe-do-executivo\/","title":{"rendered":"Macau refor\u00e7ar\u00e1 papel da plataforma entre China e pa\u00edses lus\u00f3fonos, diz chefe do Executivo"},"content":{"rendered":"\n<p>Macau, 11 abr &#8211; A Regi\u00e3o Administrativa Especial de Macau (RAEM) far\u00e1 maiores esfor\u00e7os para melhorar ainda mais sua fun\u00e7\u00e3o de uma plataforma que liga a China e os pa\u00edses de l\u00edngua portuguesa, declarou o chefe do Executivo da RAEM, Ho Iat Seng no domingo.<\/p>\n\n\n\n<p>Ho fez a declara\u00e7\u00e3o em uma confer\u00eancia ministerial especial do F\u00f3rum para a Coopera\u00e7\u00e3o Econ\u00f4mica e Comercial entre a China e os Pa\u00edses de L\u00edngua Portuguesa, tamb\u00e9m conhecido como F\u00f3rum de Macau, realizado em Macau e Beijing com a participa\u00e7\u00e3o de delegados de forma virtual ou presencial.<\/p>\n\n\n\n<p>A RAEM acelerar\u00e1 sua integra\u00e7\u00e3o no padr\u00e3o de desenvolvimento de circula\u00e7\u00e3o dupla dos mercados nacional e internacional da China, servir\u00e1 ainda como uma ponte para interc\u00e2mbios e coopera\u00e7\u00e3o bilateral entre a parte continental da China, a RAEM e os pa\u00edses lus\u00f3fonos e ajudar\u00e1 a construir uma comunidade com um futuro compartilhado para a humanidade, disse Ho.<\/p>\n\n\n\n<p>Durante o processo, Macau aproveitar\u00e1 plenamente as suas pr\u00f3prias vantagens, trabalhar\u00e1 ativamente com o f\u00f3rum e ajudar\u00e1 a alcan\u00e7ar resultados frut\u00edferos nos interc\u00e2mbios e coopera\u00e7\u00e3o entre a China e os pa\u00edses lus\u00f3fonos, assinalou o chefe do Executivo, acrescentando que a constru\u00e7\u00e3o da zona de coopera\u00e7\u00e3o profunda Guangdong-Macau em Hengqin, na cidade de Zhuhai e adjacente a Macau, contribuir\u00e1 para enriquecer o papel de Macau como plataforma de liga\u00e7\u00e3o entre a China e os pa\u00edses lus\u00f3fonos.<\/p>\n\n\n\n<p>Com um tema sobre a luta contra a epidemia e o desenvolvimento comum, a confer\u00eancia, que foi realizada oportunamente, ajudar\u00e1 a melhorar a coopera\u00e7\u00e3o entre a China e os pa\u00edses de l\u00edngua portuguesa em sa\u00fade e promover\u00e1 conjuntamente a recupera\u00e7\u00e3o econ\u00f4mica, acrescentou.<\/p>\n\n\n\n<p>Fundado em Macau em 2003, o f\u00f3rum destina-se a refor\u00e7ar as trocas econ\u00f4micas e comerciais entre a China e os pa\u00edses de l\u00edngua portuguesa, elevando o papel da regi\u00e3o como plataforma econ\u00f4mica e comercial que liga os dois lados e promovendo o desenvolvimento comum da parte continental da China, dos pa\u00edses lus\u00f3fonos e da RAEM.<\/p>\n","protected":false},"excerpt":{"rendered":"<p>Macau, 11 abr &#8211; A Regi\u00e3o Administrativa Especial de Macau (RAEM) far\u00e1 maiores esfor\u00e7os para melhorar ainda mais sua fun\u00e7\u00e3o de uma plataforma que liga a China e os pa\u00edses de l\u00edngua portuguesa, declarou o chefe do Executivo da RAEM,&#8230;<\/p>\n","protected":false},"author":3,"featured_media":6115,"comment_status":"open","ping_status":"open","sticky":false,"template":"","format":"standard","meta":{"footnotes":""},"categories":[4],"tags":[],"class_list":["post-6114","post","type-post","status-publish","format-standard","has-post-thumbnail","hentry","category-internacional"],"yoast_head":"<!-- This site is optimized with the Yoast SEO plugin v27.4 - https:\/\/yoast.com\/product\/yoast-seo-wordpress\/ -->\n<title>Macau refor\u00e7ar\u00e1 papel da plataforma entre China e pa\u00edses lus\u00f3fonos, diz chefe do Executivo - Xinhua - Diario de Pernambuco<\/title>\n<meta name=\"robots\" content=\"index, follow, max-snippet:-1, max-image-preview:large, max-video-preview:-1\" \/>\n<link rel=\"canonical\" href=\"https:\/\/diariodepe.com.br\/xinhua\/2022\/04\/11\/macau-reforcara-papel-da-plataforma-entre-china-e-paises-lusofonos-diz-chefe-do-executivo\/\" \/>\n<meta property=\"og:locale\" content=\"pt_BR\" \/>\n<meta property=\"og:type\" content=\"article\" \/>\n<meta property=\"og:title\" content=\"Macau refor\u00e7ar\u00e1 papel da plataforma entre China e pa\u00edses lus\u00f3fonos, diz chefe do Executivo - Xinhua - Diario de Pernambuco\" \/>\n<meta property=\"og:description\" content=\"Macau, 11 abr &#8211; A Regi\u00e3o Administrativa Especial de Macau (RAEM) far\u00e1 maiores esfor\u00e7os para melhorar ainda mais sua fun\u00e7\u00e3o de uma plataforma que liga a China e os pa\u00edses de l\u00edngua portuguesa, declarou o chefe do Executivo da RAEM,...\" \/>\n<meta property=\"og:url\" content=\"https:\/\/diariodepe.com.br\/xinhua\/2022\/04\/11\/macau-reforcara-papel-da-plataforma-entre-china-e-paises-lusofonos-diz-chefe-do-executivo\/\" \/>\n<meta property=\"og:site_name\" content=\"Xinhua - Diario de Pernambuco\" \/>\n<meta property=\"article:published_time\" content=\"2022-04-11T15:36:00+00:00\" \/>\n<meta property=\"og:image\" content=\"https:\/\/diariodepe.com.br\/xinhua\/wp-content\/uploads\/sites\/3\/2022\/04\/1310552586_16496481195981n.jpg\" \/>\n\t<meta property=\"og:image:width\" content=\"900\" \/>\n\t<meta property=\"og:image:height\" content=\"600\" \/>\n\t<meta property=\"og:image:type\" content=\"image\/jpeg\" \/>\n<meta name=\"author\" content=\"Marcelo Oliveira de A. Maranhao\" \/>\n<meta name=\"twitter:card\" content=\"summary_large_image\" \/>\n<meta name=\"twitter:label1\" content=\"Escrito por\" \/>\n\t<meta name=\"twitter:data1\" content=\"Marcelo Oliveira de A. Maranhao\" \/>\n\t<meta name=\"twitter:label2\" content=\"Est. tempo de leitura\" \/>\n\t<meta name=\"twitter:data2\" content=\"2 minutos\" \/>\n<script type=\"application\/ld+json\" class=\"yoast-schema-graph\">{\"@context\":\"https:\\\/\\\/schema.org\",\"@graph\":[{\"@type\":\"Article\",\"@id\":\"https:\\\/\\\/diariodepe.com.br\\\/xinhua\\\/2022\\\/04\\\/11\\\/macau-reforcara-papel-da-plataforma-entre-china-e-paises-lusofonos-diz-chefe-do-executivo\\\/#article\",\"isPartOf\":{\"@id\":\"https:\\\/\\\/diariodepe.com.br\\\/xinhua\\\/2022\\\/04\\\/11\\\/macau-reforcara-papel-da-plataforma-entre-china-e-paises-lusofonos-diz-chefe-do-executivo\\\/\"},\"author\":{\"name\":\"Marcelo Oliveira de A. Maranhao\",\"@id\":\"https:\\\/\\\/diariodepe.com.br\\\/xinhua\\\/#\\\/schema\\\/person\\\/0943d6fd02bdc7b49c8f495e8787a2cb\"},\"headline\":\"Macau refor\u00e7ar\u00e1 papel da plataforma entre China e pa\u00edses lus\u00f3fonos, diz chefe do Executivo\",\"datePublished\":\"2022-04-11T15:36:00+00:00\",\"mainEntityOfPage\":{\"@id\":\"https:\\\/\\\/diariodepe.com.br\\\/xinhua\\\/2022\\\/04\\\/11\\\/macau-reforcara-papel-da-plataforma-entre-china-e-paises-lusofonos-diz-chefe-do-executivo\\\/\"},\"wordCount\":386,\"commentCount\":0,\"publisher\":{\"@id\":\"https:\\\/\\\/diariodepe.com.br\\\/xinhua\\\/#organization\"},\"image\":{\"@id\":\"https:\\\/\\\/diariodepe.com.br\\\/xinhua\\\/2022\\\/04\\\/11\\\/macau-reforcara-papel-da-plataforma-entre-china-e-paises-lusofonos-diz-chefe-do-executivo\\\/#primaryimage\"},\"thumbnailUrl\":\"https:\\\/\\\/diariodepe.com.br\\\/xinhua\\\/wp-content\\\/uploads\\\/sites\\\/3\\\/2022\\\/04\\\/1310552586_16496481195981n.jpg\",\"articleSection\":[\"Internacional\"],\"inLanguage\":\"pt-BR\",\"potentialAction\":[{\"@type\":\"CommentAction\",\"name\":\"Comment\",\"target\":[\"https:\\\/\\\/diariodepe.com.br\\\/xinhua\\\/2022\\\/04\\\/11\\\/macau-reforcara-papel-da-plataforma-entre-china-e-paises-lusofonos-diz-chefe-do-executivo\\\/#respond\"]}]},{\"@type\":\"WebPage\",\"@id\":\"https:\\\/\\\/diariodepe.com.br\\\/xinhua\\\/2022\\\/04\\\/11\\\/macau-reforcara-papel-da-plataforma-entre-china-e-paises-lusofonos-diz-chefe-do-executivo\\\/\",\"url\":\"https:\\\/\\\/diariodepe.com.br\\\/xinhua\\\/2022\\\/04\\\/11\\\/macau-reforcara-papel-da-plataforma-entre-china-e-paises-lusofonos-diz-chefe-do-executivo\\\/\",\"name\":\"Macau refor\u00e7ar\u00e1 papel da plataforma entre China e pa\u00edses lus\u00f3fonos, diz chefe do Executivo - Xinhua - Diario de Pernambuco\",\"isPartOf\":{\"@id\":\"https:\\\/\\\/diariodepe.com.br\\\/xinhua\\\/#website\"},\"primaryImageOfPage\":{\"@id\":\"https:\\\/\\\/diariodepe.com.br\\\/xinhua\\\/2022\\\/04\\\/11\\\/macau-reforcara-papel-da-plataforma-entre-china-e-paises-lusofonos-diz-chefe-do-executivo\\\/#primaryimage\"},\"image\":{\"@id\":\"https:\\\/\\\/diariodepe.com.br\\\/xinhua\\\/2022\\\/04\\\/11\\\/macau-reforcara-papel-da-plataforma-entre-china-e-paises-lusofonos-diz-chefe-do-executivo\\\/#primaryimage\"},\"thumbnailUrl\":\"https:\\\/\\\/diariodepe.com.br\\\/xinhua\\\/wp-content\\\/uploads\\\/sites\\\/3\\\/2022\\\/04\\\/1310552586_16496481195981n.jpg\",\"datePublished\":\"2022-04-11T15:36:00+00:00\",\"breadcrumb\":{\"@id\":\"https:\\\/\\\/diariodepe.com.br\\\/xinhua\\\/2022\\\/04\\\/11\\\/macau-reforcara-papel-da-plataforma-entre-china-e-paises-lusofonos-diz-chefe-do-executivo\\\/#breadcrumb\"},\"inLanguage\":\"pt-BR\",\"potentialAction\":[{\"@type\":\"ReadAction\",\"target\":[\"https:\\\/\\\/diariodepe.com.br\\\/xinhua\\\/2022\\\/04\\\/11\\\/macau-reforcara-papel-da-plataforma-entre-china-e-paises-lusofonos-diz-chefe-do-executivo\\\/\"]}]},{\"@type\":\"ImageObject\",\"inLanguage\":\"pt-BR\",\"@id\":\"https:\\\/\\\/diariodepe.com.br\\\/xinhua\\\/2022\\\/04\\\/11\\\/macau-reforcara-papel-da-plataforma-entre-china-e-paises-lusofonos-diz-chefe-do-executivo\\\/#primaryimage\",\"url\":\"https:\\\/\\\/diariodepe.com.br\\\/xinhua\\\/wp-content\\\/uploads\\\/sites\\\/3\\\/2022\\\/04\\\/1310552586_16496481195981n.jpg\",\"contentUrl\":\"https:\\\/\\\/diariodepe.com.br\\\/xinhua\\\/wp-content\\\/uploads\\\/sites\\\/3\\\/2022\\\/04\\\/1310552586_16496481195981n.jpg\",\"width\":900,\"height\":600,\"caption\":\"Confer\u00eancia ministerial especial do F\u00f3rum para a Coopera\u00e7\u00e3o Econ\u00f4mica e Comercial entre a China e os Pa\u00edses de L\u00edngua Portuguesa, tamb\u00e9m conhecido como F\u00f3rum de Macau, foi realizada em Macau e Beijing com a participa\u00e7\u00e3o de delegados de forma virtual ou presencial em 10 de abril de 2022. (Xinhua\\\/Cheong Kam Ka)\"},{\"@type\":\"BreadcrumbList\",\"@id\":\"https:\\\/\\\/diariodepe.com.br\\\/xinhua\\\/2022\\\/04\\\/11\\\/macau-reforcara-papel-da-plataforma-entre-china-e-paises-lusofonos-diz-chefe-do-executivo\\\/#breadcrumb\",\"itemListElement\":[{\"@type\":\"ListItem\",\"position\":1,\"name\":\"In\u00edcio\",\"item\":\"https:\\\/\\\/diariodepe.com.br\\\/xinhua\\\/\"},{\"@type\":\"ListItem\",\"position\":2,\"name\":\"Macau refor\u00e7ar\u00e1 papel da plataforma entre China e pa\u00edses lus\u00f3fonos, diz chefe do Executivo\"}]},{\"@type\":\"WebSite\",\"@id\":\"https:\\\/\\\/diariodepe.com.br\\\/xinhua\\\/#website\",\"url\":\"https:\\\/\\\/diariodepe.com.br\\\/xinhua\\\/\",\"name\":\"Xinhua - Diario de Pernambuco\",\"description\":\"A maior ag\u00eancia de not\u00edcias da China e um dos principais canais para conhecer o pa\u00eds\",\"publisher\":{\"@id\":\"https:\\\/\\\/diariodepe.com.br\\\/xinhua\\\/#organization\"},\"potentialAction\":[{\"@type\":\"SearchAction\",\"target\":{\"@type\":\"EntryPoint\",\"urlTemplate\":\"https:\\\/\\\/diariodepe.com.br\\\/xinhua\\\/?s={search_term_string}\"},\"query-input\":{\"@type\":\"PropertyValueSpecification\",\"valueRequired\":true,\"valueName\":\"search_term_string\"}}],\"inLanguage\":\"pt-BR\"},{\"@type\":\"Organization\",\"@id\":\"https:\\\/\\\/diariodepe.com.br\\\/xinhua\\\/#organization\",\"name\":\"Xinhua - Diario de Pernambuco\",\"url\":\"https:\\\/\\\/diariodepe.com.br\\\/xinhua\\\/\",\"logo\":{\"@type\":\"ImageObject\",\"inLanguage\":\"pt-BR\",\"@id\":\"https:\\\/\\\/diariodepe.com.br\\\/xinhua\\\/#\\\/schema\\\/logo\\\/image\\\/\",\"url\":\"https:\\\/\\\/diariodepe.com.br\\\/xinhua\\\/wp-content\\\/uploads\\\/sites\\\/3\\\/2020\\\/10\\\/cropped-logo-transparente-2.png\",\"contentUrl\":\"https:\\\/\\\/diariodepe.com.br\\\/xinhua\\\/wp-content\\\/uploads\\\/sites\\\/3\\\/2020\\\/10\\\/cropped-logo-transparente-2.png\",\"width\":512,\"height\":164,\"caption\":\"Xinhua - Diario de Pernambuco\"},\"image\":{\"@id\":\"https:\\\/\\\/diariodepe.com.br\\\/xinhua\\\/#\\\/schema\\\/logo\\\/image\\\/\"}},{\"@type\":\"Person\",\"@id\":\"https:\\\/\\\/diariodepe.com.br\\\/xinhua\\\/#\\\/schema\\\/person\\\/0943d6fd02bdc7b49c8f495e8787a2cb\",\"name\":\"Marcelo Oliveira de A. Maranhao\",\"image\":{\"@type\":\"ImageObject\",\"inLanguage\":\"pt-BR\",\"@id\":\"https:\\\/\\\/secure.gravatar.com\\\/avatar\\\/f562caee940d39879c20e90eea3e4b21860c7d4c96684c23141c554824f0059c?s=96&d=mm&r=g\",\"url\":\"https:\\\/\\\/secure.gravatar.com\\\/avatar\\\/f562caee940d39879c20e90eea3e4b21860c7d4c96684c23141c554824f0059c?s=96&d=mm&r=g\",\"contentUrl\":\"https:\\\/\\\/secure.gravatar.com\\\/avatar\\\/f562caee940d39879c20e90eea3e4b21860c7d4c96684c23141c554824f0059c?s=96&d=mm&r=g\",\"caption\":\"Marcelo Oliveira de A. Maranhao\"},\"url\":\"https:\\\/\\\/diariodepe.com.br\\\/xinhua\\\/author\\\/marcelo-maranhao\\\/\"}]}<\/script>\n<!-- \/ Yoast SEO plugin. -->","yoast_head_json":{"title":"Macau refor\u00e7ar\u00e1 papel da plataforma entre China e pa\u00edses lus\u00f3fonos, diz chefe do Executivo - Xinhua - Diario de Pernambuco","robots":{"index":"index","follow":"follow","max-snippet":"max-snippet:-1","max-image-preview":"max-image-preview:large","max-video-preview":"max-video-preview:-1"},"canonical":"https:\/\/diariodepe.com.br\/xinhua\/2022\/04\/11\/macau-reforcara-papel-da-plataforma-entre-china-e-paises-lusofonos-diz-chefe-do-executivo\/","og_locale":"pt_BR","og_type":"article","og_title":"Macau refor\u00e7ar\u00e1 papel da plataforma entre China e pa\u00edses lus\u00f3fonos, diz chefe do Executivo - Xinhua - Diario de Pernambuco","og_description":"Macau, 11 abr &#8211; A Regi\u00e3o Administrativa Especial de Macau (RAEM) far\u00e1 maiores esfor\u00e7os para melhorar ainda mais sua fun\u00e7\u00e3o de uma plataforma que liga a China e os pa\u00edses de l\u00edngua portuguesa, declarou o chefe do Executivo da RAEM,...","og_url":"https:\/\/diariodepe.com.br\/xinhua\/2022\/04\/11\/macau-reforcara-papel-da-plataforma-entre-china-e-paises-lusofonos-diz-chefe-do-executivo\/","og_site_name":"Xinhua - Diario de Pernambuco","article_published_time":"2022-04-11T15:36:00+00:00","og_image":[{"width":900,"height":600,"url":"https:\/\/diariodepe.com.br\/xinhua\/wp-content\/uploads\/sites\/3\/2022\/04\/1310552586_16496481195981n.jpg","type":"image\/jpeg"}],"author":"Marcelo Oliveira de A. Maranhao","twitter_card":"summary_large_image","twitter_misc":{"Escrito por":"Marcelo Oliveira de A. Maranhao","Est. tempo de leitura":"2 minutos"},"schema":{"@context":"https:\/\/schema.org","@graph":[{"@type":"Article","@id":"https:\/\/diariodepe.com.br\/xinhua\/2022\/04\/11\/macau-reforcara-papel-da-plataforma-entre-china-e-paises-lusofonos-diz-chefe-do-executivo\/#article","isPartOf":{"@id":"https:\/\/diariodepe.com.br\/xinhua\/2022\/04\/11\/macau-reforcara-papel-da-plataforma-entre-china-e-paises-lusofonos-diz-chefe-do-executivo\/"},"author":{"name":"Marcelo Oliveira de A. Maranhao","@id":"https:\/\/diariodepe.com.br\/xinhua\/#\/schema\/person\/0943d6fd02bdc7b49c8f495e8787a2cb"},"headline":"Macau refor\u00e7ar\u00e1 papel da plataforma entre China e pa\u00edses lus\u00f3fonos, diz chefe do Executivo","datePublished":"2022-04-11T15:36:00+00:00","mainEntityOfPage":{"@id":"https:\/\/diariodepe.com.br\/xinhua\/2022\/04\/11\/macau-reforcara-papel-da-plataforma-entre-china-e-paises-lusofonos-diz-chefe-do-executivo\/"},"wordCount":386,"commentCount":0,"publisher":{"@id":"https:\/\/diariodepe.com.br\/xinhua\/#organization"},"image":{"@id":"https:\/\/diariodepe.com.br\/xinhua\/2022\/04\/11\/macau-reforcara-papel-da-plataforma-entre-china-e-paises-lusofonos-diz-chefe-do-executivo\/#primaryimage"},"thumbnailUrl":"https:\/\/diariodepe.com.br\/xinhua\/wp-content\/uploads\/sites\/3\/2022\/04\/1310552586_16496481195981n.jpg","articleSection":["Internacional"],"inLanguage":"pt-BR","potentialAction":[{"@type":"CommentAction","name":"Comment","target":["https:\/\/diariodepe.com.br\/xinhua\/2022\/04\/11\/macau-reforcara-papel-da-plataforma-entre-china-e-paises-lusofonos-diz-chefe-do-executivo\/#respond"]}]},{"@type":"WebPage","@id":"https:\/\/diariodepe.com.br\/xinhua\/2022\/04\/11\/macau-reforcara-papel-da-plataforma-entre-china-e-paises-lusofonos-diz-chefe-do-executivo\/","url":"https:\/\/diariodepe.com.br\/xinhua\/2022\/04\/11\/macau-reforcara-papel-da-plataforma-entre-china-e-paises-lusofonos-diz-chefe-do-executivo\/","name":"Macau refor\u00e7ar\u00e1 papel da plataforma entre China e pa\u00edses lus\u00f3fonos, diz chefe do Executivo - Xinhua - Diario de Pernambuco","isPartOf":{"@id":"https:\/\/diariodepe.com.br\/xinhua\/#website"},"primaryImageOfPage":{"@id":"https:\/\/diariodepe.com.br\/xinhua\/2022\/04\/11\/macau-reforcara-papel-da-plataforma-entre-china-e-paises-lusofonos-diz-chefe-do-executivo\/#primaryimage"},"image":{"@id":"https:\/\/diariodepe.com.br\/xinhua\/2022\/04\/11\/macau-reforcara-papel-da-plataforma-entre-china-e-paises-lusofonos-diz-chefe-do-executivo\/#primaryimage"},"thumbnailUrl":"https:\/\/diariodepe.com.br\/xinhua\/wp-content\/uploads\/sites\/3\/2022\/04\/1310552586_16496481195981n.jpg","datePublished":"2022-04-11T15:36:00+00:00","breadcrumb":{"@id":"https:\/\/diariodepe.com.br\/xinhua\/2022\/04\/11\/macau-reforcara-papel-da-plataforma-entre-china-e-paises-lusofonos-diz-chefe-do-executivo\/#breadcrumb"},"inLanguage":"pt-BR","potentialAction":[{"@type":"ReadAction","target":["https:\/\/diariodepe.com.br\/xinhua\/2022\/04\/11\/macau-reforcara-papel-da-plataforma-entre-china-e-paises-lusofonos-diz-chefe-do-executivo\/"]}]},{"@type":"ImageObject","inLanguage":"pt-BR","@id":"https:\/\/diariodepe.com.br\/xinhua\/2022\/04\/11\/macau-reforcara-papel-da-plataforma-entre-china-e-paises-lusofonos-diz-chefe-do-executivo\/#primaryimage","url":"https:\/\/diariodepe.com.br\/xinhua\/wp-content\/uploads\/sites\/3\/2022\/04\/1310552586_16496481195981n.jpg","contentUrl":"https:\/\/diariodepe.com.br\/xinhua\/wp-content\/uploads\/sites\/3\/2022\/04\/1310552586_16496481195981n.jpg","width":900,"height":600,"caption":"Confer\u00eancia ministerial especial do F\u00f3rum para a Coopera\u00e7\u00e3o Econ\u00f4mica e Comercial entre a China e os Pa\u00edses de L\u00edngua Portuguesa, tamb\u00e9m conhecido como F\u00f3rum de Macau, foi realizada em Macau e Beijing com a participa\u00e7\u00e3o de delegados de forma virtual ou presencial em 10 de abril de 2022. (Xinhua\/Cheong Kam Ka)"},{"@type":"BreadcrumbList","@id":"https:\/\/diariodepe.com.br\/xinhua\/2022\/04\/11\/macau-reforcara-papel-da-plataforma-entre-china-e-paises-lusofonos-diz-chefe-do-executivo\/#breadcrumb","itemListElement":[{"@type":"ListItem","position":1,"name":"In\u00edcio","item":"https:\/\/diariodepe.com.br\/xinhua\/"},{"@type":"ListItem","position":2,"name":"Macau refor\u00e7ar\u00e1 papel da plataforma entre China e pa\u00edses lus\u00f3fonos, diz chefe do Executivo"}]},{"@type":"WebSite","@id":"https:\/\/diariodepe.com.br\/xinhua\/#website","url":"https:\/\/diariodepe.com.br\/xinhua\/","name":"Xinhua - Diario de Pernambuco","description":"A maior ag\u00eancia de not\u00edcias da China e um dos principais canais para conhecer o pa\u00eds","publisher":{"@id":"https:\/\/diariodepe.com.br\/xinhua\/#organization"},"potentialAction":[{"@type":"SearchAction","target":{"@type":"EntryPoint","urlTemplate":"https:\/\/diariodepe.com.br\/xinhua\/?s={search_term_string}"},"query-input":{"@type":"PropertyValueSpecification","valueRequired":true,"valueName":"search_term_string"}}],"inLanguage":"pt-BR"},{"@type":"Organization","@id":"https:\/\/diariodepe.com.br\/xinhua\/#organization","name":"Xinhua - Diario de Pernambuco","url":"https:\/\/diariodepe.com.br\/xinhua\/","logo":{"@type":"ImageObject","inLanguage":"pt-BR","@id":"https:\/\/diariodepe.com.br\/xinhua\/#\/schema\/logo\/image\/","url":"https:\/\/diariodepe.com.br\/xinhua\/wp-content\/uploads\/sites\/3\/2020\/10\/cropped-logo-transparente-2.png","contentUrl":"https:\/\/diariodepe.com.br\/xinhua\/wp-content\/uploads\/sites\/3\/2020\/10\/cropped-logo-transparente-2.png","width":512,"height":164,"caption":"Xinhua - Diario de Pernambuco"},"image":{"@id":"https:\/\/diariodepe.com.br\/xinhua\/#\/schema\/logo\/image\/"}},{"@type":"Person","@id":"https:\/\/diariodepe.com.br\/xinhua\/#\/schema\/person\/0943d6fd02bdc7b49c8f495e8787a2cb","name":"Marcelo Oliveira de A. Maranhao","image":{"@type":"ImageObject","inLanguage":"pt-BR","@id":"https:\/\/secure.gravatar.com\/avatar\/f562caee940d39879c20e90eea3e4b21860c7d4c96684c23141c554824f0059c?s=96&d=mm&r=g","url":"https:\/\/secure.gravatar.com\/avatar\/f562caee940d39879c20e90eea3e4b21860c7d4c96684c23141c554824f0059c?s=96&d=mm&r=g","contentUrl":"https:\/\/secure.gravatar.com\/avatar\/f562caee940d39879c20e90eea3e4b21860c7d4c96684c23141c554824f0059c?s=96&d=mm&r=g","caption":"Marcelo Oliveira de A. Maranhao"},"url":"https:\/\/diariodepe.com.br\/xinhua\/author\/marcelo-maranhao\/"}]}},"cc_featured_image_caption":{"caption_text":"","source_text":"","source_url":""},"amp_enabled":true,"_links":{"self":[{"href":"https:\/\/diariodepe.com.br\/xinhua\/wp-json\/wp\/v2\/posts\/6114","targetHints":{"allow":["GET"]}}],"collection":[{"href":"https:\/\/diariodepe.com.br\/xinhua\/wp-json\/wp\/v2\/posts"}],"about":[{"href":"https:\/\/diariodepe.com.br\/xinhua\/wp-json\/wp\/v2\/types\/post"}],"author":[{"embeddable":true,"href":"https:\/\/diariodepe.com.br\/xinhua\/wp-json\/wp\/v2\/users\/3"}],"replies":[{"embeddable":true,"href":"https:\/\/diariodepe.com.br\/xinhua\/wp-json\/wp\/v2\/comments?post=6114"}],"version-history":[{"count":1,"href":"https:\/\/diariodepe.com.br\/xinhua\/wp-json\/wp\/v2\/posts\/6114\/revisions"}],"predecessor-version":[{"id":6116,"href":"https:\/\/diariodepe.com.br\/xinhua\/wp-json\/wp\/v2\/posts\/6114\/revisions\/6116"}],"wp:featuredmedia":[{"embeddable":true,"href":"https:\/\/diariodepe.com.br\/xinhua\/wp-json\/wp\/v2\/media\/6115"}],"wp:attachment":[{"href":"https:\/\/diariodepe.com.br\/xinhua\/wp-json\/wp\/v2\/media?parent=6114"}],"wp:term":[{"taxonomy":"category","embeddable":true,"href":"https:\/\/diariodepe.com.br\/xinhua\/wp-json\/wp\/v2\/categories?post=6114"},{"taxonomy":"post_tag","embeddable":true,"href":"https:\/\/diariodepe.com.br\/xinhua\/wp-json\/wp\/v2\/tags?post=6114"}],"curies":[{"name":"wp","href":"https:\/\/api.w.org\/{rel}","templated":true}]}}