{"id":6101,"date":"2022-04-11T09:45:00","date_gmt":"2022-04-11T12:45:00","guid":{"rendered":"http:\/\/www.diariodepe.com.br\/xinhua\/?p=6101"},"modified":"2022-04-10T11:35:14","modified_gmt":"2022-04-10T14:35:14","slug":"conferencia-especial-do-forum-entre-china-e-paises-de-lingua-portuguesa-visa-luta-antiepidemica-e-desenvolvimento","status":"publish","type":"post","link":"https:\/\/diariodepe.com.br\/xinhua\/2022\/04\/11\/conferencia-especial-do-forum-entre-china-e-paises-de-lingua-portuguesa-visa-luta-antiepidemica-e-desenvolvimento\/","title":{"rendered":"Confer\u00eancia especial do f\u00f3rum entre China e pa\u00edses de l\u00edngua portuguesa visa luta antiepid\u00eamica e desenvolvimento"},"content":{"rendered":"\n<p>Macau &#8211; Uma confer\u00eancia ministerial especial do F\u00f3rum para a Coopera\u00e7\u00e3o Econ\u00f4mica e Comercial entre a China e os Pa\u00edses de L\u00edngua Portuguesa, tamb\u00e9m conhecido como F\u00f3rum de Macau, foi realizada neste domingo na Regi\u00e3o Administrativa Especial de Macau (RAEM) da China com foco no combate \u00e0 epidemia e no desenvolvimento comum.<\/p>\n\n\n\n<p>Delegados governamentais da China e oito pa\u00edses de l\u00edngua portuguesa (Angola, Brasil, Cabo Verde, Guin\u00e9-Bissau, Mo\u00e7ambique, Portugal, S\u00e3o Tom\u00e9 e Pr\u00edncipe e Timor-Leste) participaram da reuni\u00e3o online.<\/p>\n\n\n\n<p>Importantes oficiais governamentais em Macau, como Ho Hau Wah, vice-presidente do Comit\u00ea Nacional da Confer\u00eancia Consultiva Pol\u00edtica do Povo Chin\u00eas, Ho Iat Seng, chefe do Executivo da RAEM, e Fu Ziying, diretor do Gabinete de Liga\u00e7\u00e3o do Governo Popular Central na RAEM, participaram da cerim\u00f4nia de abertura.<\/p>\n\n\n\n<p>Fundado em Macau em 2003, o f\u00f3rum destina-se a refor\u00e7ar as trocas econ\u00f4micas e comerciais entre a China e os pa\u00edses de l\u00edngua portuguesa, elevando o papel da regi\u00e3o como plataforma econ\u00f4mica e comercial que liga os dois lados e promovendo o desenvolvimento comum da parte continental da China, dos pa\u00edses lus\u00f3fonos e da RAEM.&nbsp;<\/p>\n","protected":false},"excerpt":{"rendered":"<p>Macau &#8211; Uma confer\u00eancia ministerial especial do F\u00f3rum para a Coopera\u00e7\u00e3o Econ\u00f4mica e Comercial entre a China e os Pa\u00edses de L\u00edngua Portuguesa, tamb\u00e9m conhecido como F\u00f3rum de Macau, foi realizada neste domingo na Regi\u00e3o Administrativa Especial de Macau (RAEM)&#8230;<\/p>\n","protected":false},"author":3,"featured_media":0,"comment_status":"open","ping_status":"open","sticky":false,"template":"","format":"standard","meta":{"footnotes":""},"categories":[4],"tags":[],"class_list":["post-6101","post","type-post","status-publish","format-standard","hentry","category-internacional"],"yoast_head":"<!-- This site is optimized with the Yoast SEO plugin v27.4 - https:\/\/yoast.com\/product\/yoast-seo-wordpress\/ -->\n<title>Confer\u00eancia especial do f\u00f3rum entre China e pa\u00edses de l\u00edngua portuguesa visa luta antiepid\u00eamica e desenvolvimento - Xinhua - Diario de Pernambuco<\/title>\n<meta name=\"robots\" content=\"index, follow, max-snippet:-1, max-image-preview:large, max-video-preview:-1\" \/>\n<link rel=\"canonical\" href=\"https:\/\/diariodepe.com.br\/xinhua\/2022\/04\/11\/conferencia-especial-do-forum-entre-china-e-paises-de-lingua-portuguesa-visa-luta-antiepidemica-e-desenvolvimento\/\" \/>\n<meta property=\"og:locale\" content=\"pt_BR\" \/>\n<meta property=\"og:type\" content=\"article\" \/>\n<meta property=\"og:title\" content=\"Confer\u00eancia especial do f\u00f3rum entre China e pa\u00edses de l\u00edngua portuguesa visa luta antiepid\u00eamica e desenvolvimento - Xinhua - Diario de Pernambuco\" \/>\n<meta property=\"og:description\" content=\"Macau &#8211; Uma confer\u00eancia ministerial especial do F\u00f3rum para a Coopera\u00e7\u00e3o Econ\u00f4mica e Comercial entre a China e os Pa\u00edses de L\u00edngua Portuguesa, tamb\u00e9m conhecido como F\u00f3rum de Macau, foi realizada neste domingo na Regi\u00e3o Administrativa Especial de Macau (RAEM)...\" \/>\n<meta property=\"og:url\" content=\"https:\/\/diariodepe.com.br\/xinhua\/2022\/04\/11\/conferencia-especial-do-forum-entre-china-e-paises-de-lingua-portuguesa-visa-luta-antiepidemica-e-desenvolvimento\/\" \/>\n<meta property=\"og:site_name\" content=\"Xinhua - Diario de Pernambuco\" \/>\n<meta property=\"article:published_time\" content=\"2022-04-11T12:45:00+00:00\" \/>\n<meta name=\"author\" content=\"Marcelo Oliveira de A. Maranhao\" \/>\n<meta name=\"twitter:card\" content=\"summary_large_image\" \/>\n<meta name=\"twitter:label1\" content=\"Escrito por\" \/>\n\t<meta name=\"twitter:data1\" content=\"Marcelo Oliveira de A. Maranhao\" \/>\n\t<meta name=\"twitter:label2\" content=\"Est. tempo de leitura\" \/>\n\t<meta name=\"twitter:data2\" content=\"1 minuto\" \/>\n<script type=\"application\/ld+json\" class=\"yoast-schema-graph\">{\"@context\":\"https:\\\/\\\/schema.org\",\"@graph\":[{\"@type\":\"Article\",\"@id\":\"https:\\\/\\\/diariodepe.com.br\\\/xinhua\\\/2022\\\/04\\\/11\\\/conferencia-especial-do-forum-entre-china-e-paises-de-lingua-portuguesa-visa-luta-antiepidemica-e-desenvolvimento\\\/#article\",\"isPartOf\":{\"@id\":\"https:\\\/\\\/diariodepe.com.br\\\/xinhua\\\/2022\\\/04\\\/11\\\/conferencia-especial-do-forum-entre-china-e-paises-de-lingua-portuguesa-visa-luta-antiepidemica-e-desenvolvimento\\\/\"},\"author\":{\"name\":\"Marcelo Oliveira de A. Maranhao\",\"@id\":\"https:\\\/\\\/diariodepe.com.br\\\/xinhua\\\/#\\\/schema\\\/person\\\/0943d6fd02bdc7b49c8f495e8787a2cb\"},\"headline\":\"Confer\u00eancia especial do f\u00f3rum entre China e pa\u00edses de l\u00edngua portuguesa visa luta antiepid\u00eamica e desenvolvimento\",\"datePublished\":\"2022-04-11T12:45:00+00:00\",\"mainEntityOfPage\":{\"@id\":\"https:\\\/\\\/diariodepe.com.br\\\/xinhua\\\/2022\\\/04\\\/11\\\/conferencia-especial-do-forum-entre-china-e-paises-de-lingua-portuguesa-visa-luta-antiepidemica-e-desenvolvimento\\\/\"},\"wordCount\":231,\"commentCount\":0,\"publisher\":{\"@id\":\"https:\\\/\\\/diariodepe.com.br\\\/xinhua\\\/#organization\"},\"articleSection\":[\"Internacional\"],\"inLanguage\":\"pt-BR\",\"potentialAction\":[{\"@type\":\"CommentAction\",\"name\":\"Comment\",\"target\":[\"https:\\\/\\\/diariodepe.com.br\\\/xinhua\\\/2022\\\/04\\\/11\\\/conferencia-especial-do-forum-entre-china-e-paises-de-lingua-portuguesa-visa-luta-antiepidemica-e-desenvolvimento\\\/#respond\"]}]},{\"@type\":\"WebPage\",\"@id\":\"https:\\\/\\\/diariodepe.com.br\\\/xinhua\\\/2022\\\/04\\\/11\\\/conferencia-especial-do-forum-entre-china-e-paises-de-lingua-portuguesa-visa-luta-antiepidemica-e-desenvolvimento\\\/\",\"url\":\"https:\\\/\\\/diariodepe.com.br\\\/xinhua\\\/2022\\\/04\\\/11\\\/conferencia-especial-do-forum-entre-china-e-paises-de-lingua-portuguesa-visa-luta-antiepidemica-e-desenvolvimento\\\/\",\"name\":\"Confer\u00eancia especial do f\u00f3rum entre China e pa\u00edses de l\u00edngua portuguesa visa luta antiepid\u00eamica e desenvolvimento - Xinhua - Diario de Pernambuco\",\"isPartOf\":{\"@id\":\"https:\\\/\\\/diariodepe.com.br\\\/xinhua\\\/#website\"},\"datePublished\":\"2022-04-11T12:45:00+00:00\",\"breadcrumb\":{\"@id\":\"https:\\\/\\\/diariodepe.com.br\\\/xinhua\\\/2022\\\/04\\\/11\\\/conferencia-especial-do-forum-entre-china-e-paises-de-lingua-portuguesa-visa-luta-antiepidemica-e-desenvolvimento\\\/#breadcrumb\"},\"inLanguage\":\"pt-BR\",\"potentialAction\":[{\"@type\":\"ReadAction\",\"target\":[\"https:\\\/\\\/diariodepe.com.br\\\/xinhua\\\/2022\\\/04\\\/11\\\/conferencia-especial-do-forum-entre-china-e-paises-de-lingua-portuguesa-visa-luta-antiepidemica-e-desenvolvimento\\\/\"]}]},{\"@type\":\"BreadcrumbList\",\"@id\":\"https:\\\/\\\/diariodepe.com.br\\\/xinhua\\\/2022\\\/04\\\/11\\\/conferencia-especial-do-forum-entre-china-e-paises-de-lingua-portuguesa-visa-luta-antiepidemica-e-desenvolvimento\\\/#breadcrumb\",\"itemListElement\":[{\"@type\":\"ListItem\",\"position\":1,\"name\":\"In\u00edcio\",\"item\":\"https:\\\/\\\/diariodepe.com.br\\\/xinhua\\\/\"},{\"@type\":\"ListItem\",\"position\":2,\"name\":\"Confer\u00eancia especial do f\u00f3rum entre China e pa\u00edses de l\u00edngua portuguesa visa luta antiepid\u00eamica e desenvolvimento\"}]},{\"@type\":\"WebSite\",\"@id\":\"https:\\\/\\\/diariodepe.com.br\\\/xinhua\\\/#website\",\"url\":\"https:\\\/\\\/diariodepe.com.br\\\/xinhua\\\/\",\"name\":\"Xinhua - Diario de Pernambuco\",\"description\":\"A maior ag\u00eancia de not\u00edcias da China e um dos principais canais para conhecer o pa\u00eds\",\"publisher\":{\"@id\":\"https:\\\/\\\/diariodepe.com.br\\\/xinhua\\\/#organization\"},\"potentialAction\":[{\"@type\":\"SearchAction\",\"target\":{\"@type\":\"EntryPoint\",\"urlTemplate\":\"https:\\\/\\\/diariodepe.com.br\\\/xinhua\\\/?s={search_term_string}\"},\"query-input\":{\"@type\":\"PropertyValueSpecification\",\"valueRequired\":true,\"valueName\":\"search_term_string\"}}],\"inLanguage\":\"pt-BR\"},{\"@type\":\"Organization\",\"@id\":\"https:\\\/\\\/diariodepe.com.br\\\/xinhua\\\/#organization\",\"name\":\"Xinhua - Diario de Pernambuco\",\"url\":\"https:\\\/\\\/diariodepe.com.br\\\/xinhua\\\/\",\"logo\":{\"@type\":\"ImageObject\",\"inLanguage\":\"pt-BR\",\"@id\":\"https:\\\/\\\/diariodepe.com.br\\\/xinhua\\\/#\\\/schema\\\/logo\\\/image\\\/\",\"url\":\"https:\\\/\\\/diariodepe.com.br\\\/xinhua\\\/wp-content\\\/uploads\\\/sites\\\/3\\\/2020\\\/10\\\/cropped-logo-transparente-2.png\",\"contentUrl\":\"https:\\\/\\\/diariodepe.com.br\\\/xinhua\\\/wp-content\\\/uploads\\\/sites\\\/3\\\/2020\\\/10\\\/cropped-logo-transparente-2.png\",\"width\":512,\"height\":164,\"caption\":\"Xinhua - Diario de Pernambuco\"},\"image\":{\"@id\":\"https:\\\/\\\/diariodepe.com.br\\\/xinhua\\\/#\\\/schema\\\/logo\\\/image\\\/\"}},{\"@type\":\"Person\",\"@id\":\"https:\\\/\\\/diariodepe.com.br\\\/xinhua\\\/#\\\/schema\\\/person\\\/0943d6fd02bdc7b49c8f495e8787a2cb\",\"name\":\"Marcelo Oliveira de A. Maranhao\",\"image\":{\"@type\":\"ImageObject\",\"inLanguage\":\"pt-BR\",\"@id\":\"https:\\\/\\\/secure.gravatar.com\\\/avatar\\\/f562caee940d39879c20e90eea3e4b21860c7d4c96684c23141c554824f0059c?s=96&d=mm&r=g\",\"url\":\"https:\\\/\\\/secure.gravatar.com\\\/avatar\\\/f562caee940d39879c20e90eea3e4b21860c7d4c96684c23141c554824f0059c?s=96&d=mm&r=g\",\"contentUrl\":\"https:\\\/\\\/secure.gravatar.com\\\/avatar\\\/f562caee940d39879c20e90eea3e4b21860c7d4c96684c23141c554824f0059c?s=96&d=mm&r=g\",\"caption\":\"Marcelo Oliveira de A. Maranhao\"},\"url\":\"https:\\\/\\\/diariodepe.com.br\\\/xinhua\\\/author\\\/marcelo-maranhao\\\/\"}]}<\/script>\n<!-- \/ Yoast SEO plugin. -->","yoast_head_json":{"title":"Confer\u00eancia especial do f\u00f3rum entre China e pa\u00edses de l\u00edngua portuguesa visa luta antiepid\u00eamica e desenvolvimento - Xinhua - Diario de Pernambuco","robots":{"index":"index","follow":"follow","max-snippet":"max-snippet:-1","max-image-preview":"max-image-preview:large","max-video-preview":"max-video-preview:-1"},"canonical":"https:\/\/diariodepe.com.br\/xinhua\/2022\/04\/11\/conferencia-especial-do-forum-entre-china-e-paises-de-lingua-portuguesa-visa-luta-antiepidemica-e-desenvolvimento\/","og_locale":"pt_BR","og_type":"article","og_title":"Confer\u00eancia especial do f\u00f3rum entre China e pa\u00edses de l\u00edngua portuguesa visa luta antiepid\u00eamica e desenvolvimento - Xinhua - Diario de Pernambuco","og_description":"Macau &#8211; Uma confer\u00eancia ministerial especial do F\u00f3rum para a Coopera\u00e7\u00e3o Econ\u00f4mica e Comercial entre a China e os Pa\u00edses de L\u00edngua Portuguesa, tamb\u00e9m conhecido como F\u00f3rum de Macau, foi realizada neste domingo na Regi\u00e3o Administrativa Especial de Macau (RAEM)...","og_url":"https:\/\/diariodepe.com.br\/xinhua\/2022\/04\/11\/conferencia-especial-do-forum-entre-china-e-paises-de-lingua-portuguesa-visa-luta-antiepidemica-e-desenvolvimento\/","og_site_name":"Xinhua - Diario de Pernambuco","article_published_time":"2022-04-11T12:45:00+00:00","author":"Marcelo Oliveira de A. Maranhao","twitter_card":"summary_large_image","twitter_misc":{"Escrito por":"Marcelo Oliveira de A. Maranhao","Est. tempo de leitura":"1 minuto"},"schema":{"@context":"https:\/\/schema.org","@graph":[{"@type":"Article","@id":"https:\/\/diariodepe.com.br\/xinhua\/2022\/04\/11\/conferencia-especial-do-forum-entre-china-e-paises-de-lingua-portuguesa-visa-luta-antiepidemica-e-desenvolvimento\/#article","isPartOf":{"@id":"https:\/\/diariodepe.com.br\/xinhua\/2022\/04\/11\/conferencia-especial-do-forum-entre-china-e-paises-de-lingua-portuguesa-visa-luta-antiepidemica-e-desenvolvimento\/"},"author":{"name":"Marcelo Oliveira de A. Maranhao","@id":"https:\/\/diariodepe.com.br\/xinhua\/#\/schema\/person\/0943d6fd02bdc7b49c8f495e8787a2cb"},"headline":"Confer\u00eancia especial do f\u00f3rum entre China e pa\u00edses de l\u00edngua portuguesa visa luta antiepid\u00eamica e desenvolvimento","datePublished":"2022-04-11T12:45:00+00:00","mainEntityOfPage":{"@id":"https:\/\/diariodepe.com.br\/xinhua\/2022\/04\/11\/conferencia-especial-do-forum-entre-china-e-paises-de-lingua-portuguesa-visa-luta-antiepidemica-e-desenvolvimento\/"},"wordCount":231,"commentCount":0,"publisher":{"@id":"https:\/\/diariodepe.com.br\/xinhua\/#organization"},"articleSection":["Internacional"],"inLanguage":"pt-BR","potentialAction":[{"@type":"CommentAction","name":"Comment","target":["https:\/\/diariodepe.com.br\/xinhua\/2022\/04\/11\/conferencia-especial-do-forum-entre-china-e-paises-de-lingua-portuguesa-visa-luta-antiepidemica-e-desenvolvimento\/#respond"]}]},{"@type":"WebPage","@id":"https:\/\/diariodepe.com.br\/xinhua\/2022\/04\/11\/conferencia-especial-do-forum-entre-china-e-paises-de-lingua-portuguesa-visa-luta-antiepidemica-e-desenvolvimento\/","url":"https:\/\/diariodepe.com.br\/xinhua\/2022\/04\/11\/conferencia-especial-do-forum-entre-china-e-paises-de-lingua-portuguesa-visa-luta-antiepidemica-e-desenvolvimento\/","name":"Confer\u00eancia especial do f\u00f3rum entre China e pa\u00edses de l\u00edngua portuguesa visa luta antiepid\u00eamica e desenvolvimento - Xinhua - Diario de Pernambuco","isPartOf":{"@id":"https:\/\/diariodepe.com.br\/xinhua\/#website"},"datePublished":"2022-04-11T12:45:00+00:00","breadcrumb":{"@id":"https:\/\/diariodepe.com.br\/xinhua\/2022\/04\/11\/conferencia-especial-do-forum-entre-china-e-paises-de-lingua-portuguesa-visa-luta-antiepidemica-e-desenvolvimento\/#breadcrumb"},"inLanguage":"pt-BR","potentialAction":[{"@type":"ReadAction","target":["https:\/\/diariodepe.com.br\/xinhua\/2022\/04\/11\/conferencia-especial-do-forum-entre-china-e-paises-de-lingua-portuguesa-visa-luta-antiepidemica-e-desenvolvimento\/"]}]},{"@type":"BreadcrumbList","@id":"https:\/\/diariodepe.com.br\/xinhua\/2022\/04\/11\/conferencia-especial-do-forum-entre-china-e-paises-de-lingua-portuguesa-visa-luta-antiepidemica-e-desenvolvimento\/#breadcrumb","itemListElement":[{"@type":"ListItem","position":1,"name":"In\u00edcio","item":"https:\/\/diariodepe.com.br\/xinhua\/"},{"@type":"ListItem","position":2,"name":"Confer\u00eancia especial do f\u00f3rum entre China e pa\u00edses de l\u00edngua portuguesa visa luta antiepid\u00eamica e desenvolvimento"}]},{"@type":"WebSite","@id":"https:\/\/diariodepe.com.br\/xinhua\/#website","url":"https:\/\/diariodepe.com.br\/xinhua\/","name":"Xinhua - Diario de Pernambuco","description":"A maior ag\u00eancia de not\u00edcias da China e um dos principais canais para conhecer o pa\u00eds","publisher":{"@id":"https:\/\/diariodepe.com.br\/xinhua\/#organization"},"potentialAction":[{"@type":"SearchAction","target":{"@type":"EntryPoint","urlTemplate":"https:\/\/diariodepe.com.br\/xinhua\/?s={search_term_string}"},"query-input":{"@type":"PropertyValueSpecification","valueRequired":true,"valueName":"search_term_string"}}],"inLanguage":"pt-BR"},{"@type":"Organization","@id":"https:\/\/diariodepe.com.br\/xinhua\/#organization","name":"Xinhua - Diario de Pernambuco","url":"https:\/\/diariodepe.com.br\/xinhua\/","logo":{"@type":"ImageObject","inLanguage":"pt-BR","@id":"https:\/\/diariodepe.com.br\/xinhua\/#\/schema\/logo\/image\/","url":"https:\/\/diariodepe.com.br\/xinhua\/wp-content\/uploads\/sites\/3\/2020\/10\/cropped-logo-transparente-2.png","contentUrl":"https:\/\/diariodepe.com.br\/xinhua\/wp-content\/uploads\/sites\/3\/2020\/10\/cropped-logo-transparente-2.png","width":512,"height":164,"caption":"Xinhua - Diario de Pernambuco"},"image":{"@id":"https:\/\/diariodepe.com.br\/xinhua\/#\/schema\/logo\/image\/"}},{"@type":"Person","@id":"https:\/\/diariodepe.com.br\/xinhua\/#\/schema\/person\/0943d6fd02bdc7b49c8f495e8787a2cb","name":"Marcelo Oliveira de A. Maranhao","image":{"@type":"ImageObject","inLanguage":"pt-BR","@id":"https:\/\/secure.gravatar.com\/avatar\/f562caee940d39879c20e90eea3e4b21860c7d4c96684c23141c554824f0059c?s=96&d=mm&r=g","url":"https:\/\/secure.gravatar.com\/avatar\/f562caee940d39879c20e90eea3e4b21860c7d4c96684c23141c554824f0059c?s=96&d=mm&r=g","contentUrl":"https:\/\/secure.gravatar.com\/avatar\/f562caee940d39879c20e90eea3e4b21860c7d4c96684c23141c554824f0059c?s=96&d=mm&r=g","caption":"Marcelo Oliveira de A. Maranhao"},"url":"https:\/\/diariodepe.com.br\/xinhua\/author\/marcelo-maranhao\/"}]}},"cc_featured_image_caption":{"caption_text":"","source_text":"","source_url":""},"amp_enabled":true,"_links":{"self":[{"href":"https:\/\/diariodepe.com.br\/xinhua\/wp-json\/wp\/v2\/posts\/6101","targetHints":{"allow":["GET"]}}],"collection":[{"href":"https:\/\/diariodepe.com.br\/xinhua\/wp-json\/wp\/v2\/posts"}],"about":[{"href":"https:\/\/diariodepe.com.br\/xinhua\/wp-json\/wp\/v2\/types\/post"}],"author":[{"embeddable":true,"href":"https:\/\/diariodepe.com.br\/xinhua\/wp-json\/wp\/v2\/users\/3"}],"replies":[{"embeddable":true,"href":"https:\/\/diariodepe.com.br\/xinhua\/wp-json\/wp\/v2\/comments?post=6101"}],"version-history":[{"count":1,"href":"https:\/\/diariodepe.com.br\/xinhua\/wp-json\/wp\/v2\/posts\/6101\/revisions"}],"predecessor-version":[{"id":6102,"href":"https:\/\/diariodepe.com.br\/xinhua\/wp-json\/wp\/v2\/posts\/6101\/revisions\/6102"}],"wp:attachment":[{"href":"https:\/\/diariodepe.com.br\/xinhua\/wp-json\/wp\/v2\/media?parent=6101"}],"wp:term":[{"taxonomy":"category","embeddable":true,"href":"https:\/\/diariodepe.com.br\/xinhua\/wp-json\/wp\/v2\/categories?post=6101"},{"taxonomy":"post_tag","embeddable":true,"href":"https:\/\/diariodepe.com.br\/xinhua\/wp-json\/wp\/v2\/tags?post=6101"}],"curies":[{"name":"wp","href":"https:\/\/api.w.org\/{rel}","templated":true}]}}