{"id":5972,"date":"2022-03-31T13:38:00","date_gmt":"2022-03-31T16:38:00","guid":{"rendered":"http:\/\/www.diariodepe.com.br\/xinhua\/?p=5972"},"modified":"2022-03-31T11:46:14","modified_gmt":"2022-03-31T14:46:14","slug":"vice-premie-chines-pede-cooperacao-reforcada-com-turcomenistao","status":"publish","type":"post","link":"https:\/\/diariodepe.com.br\/xinhua\/2022\/03\/31\/vice-premie-chines-pede-cooperacao-reforcada-com-turcomenistao\/","title":{"rendered":"Vice-premi\u00ea chin\u00eas pede coopera\u00e7\u00e3o refor\u00e7ada com Turcomenist\u00e3o"},"content":{"rendered":"\n<p>Beijing &#8211; O vice-primeiro-ministro chin\u00eas, Han Zheng, fez uma videoconfer\u00eancia nesta quarta-feira com o vice-primeiro-ministro e ministro das Rela\u00e7\u00f5es Exteriores do Turcomenist\u00e3o, Rashid Meredov, pedindo uma coopera\u00e7\u00e3o refor\u00e7ada em campos espec\u00edficos, incluindo g\u00e1s natural, seguran\u00e7a e interc\u00e2mbios entre pessoas.<\/p>\n\n\n\n<p>Pedindo que a China e os parceiros estrat\u00e9gicos do Turcomenist\u00e3o trabalhem para resultados ganha-ganha com base no respeito e confian\u00e7a m\u00fatuos, Han, tamb\u00e9m membro do Comit\u00ea Permanente do Bir\u00f4 Pol\u00edtico do Comit\u00ea Central do Partido Comunista da China, disse que, com o cuidado pessoal dos l\u00edderes dos dois pa\u00edses, as rela\u00e7\u00f5es bilaterais registraram um grande desenvolvimento e a coopera\u00e7\u00e3o em v\u00e1rios campos atingiu um recorde hist\u00f3rico.<\/p>\n\n\n\n<p>A China est\u00e1 disposta a trabalhar com o lado turcomano para promover uma coopera\u00e7\u00e3o abrangente para mais novas conquistas, acrescentou.<\/p>\n\n\n\n<p>Han prop\u00f4s que a China e o Turcomenist\u00e3o tomem a colabora\u00e7\u00e3o em g\u00e1s natural como prioridade da coopera\u00e7\u00e3o pragm\u00e1tica para elevar as trocas nesta \u00e1rea a um novo n\u00edvel e expandir ativamente a coopera\u00e7\u00e3o no desenvolvimento de energias renov\u00e1veis, como eletricidade e\u00f3lica e solar. Ele tamb\u00e9m pediu uma maior coopera\u00e7\u00e3o em agricultura, transporte, finan\u00e7as e outros campos.<\/p>\n\n\n\n<p>Os dois lados devem aprofundar a coopera\u00e7\u00e3o em seguran\u00e7a para aumentar a capacidade de proteger e responder a incidentes significativos e trabalhar para promover os interc\u00e2mbios entre pessoas.<\/p>\n\n\n\n<p>A China est\u00e1 disposta a fortalecer a coopera\u00e7\u00e3o com o Turcomenist\u00e3o na resposta \u00e0 COVID-19, incluindo em vacinas, para construir conjuntamente a barreira da imunidade, acrescentou Han.<\/p>\n\n\n\n<p>Notando que o Turcomenist\u00e3o d\u00e1 grande import\u00e2ncia \u00e0 parceria estrat\u00e9gica com a China, Meredov disse que o lado turcomano est\u00e1 disposto a manter contato pr\u00f3ximo com a China e promover constantemente a coopera\u00e7\u00e3o pragm\u00e1tica para um novo patamar.<\/p>\n","protected":false},"excerpt":{"rendered":"<p>Beijing &#8211; O vice-primeiro-ministro chin\u00eas, Han Zheng, fez uma videoconfer\u00eancia nesta quarta-feira com o vice-primeiro-ministro e ministro das Rela\u00e7\u00f5es Exteriores do Turcomenist\u00e3o, Rashid Meredov, pedindo uma coopera\u00e7\u00e3o refor\u00e7ada em campos espec\u00edficos, incluindo g\u00e1s natural, seguran\u00e7a e interc\u00e2mbios entre pessoas. Pedindo&#8230;<\/p>\n","protected":false},"author":3,"featured_media":0,"comment_status":"open","ping_status":"open","sticky":false,"template":"","format":"standard","meta":{"footnotes":""},"categories":[4],"tags":[],"class_list":["post-5972","post","type-post","status-publish","format-standard","hentry","category-internacional"],"yoast_head":"<!-- This site is optimized with the Yoast SEO plugin v27.4 - https:\/\/yoast.com\/product\/yoast-seo-wordpress\/ -->\n<title>Vice-premi\u00ea chin\u00eas pede coopera\u00e7\u00e3o refor\u00e7ada com Turcomenist\u00e3o - Xinhua - Diario de Pernambuco<\/title>\n<meta name=\"robots\" content=\"index, follow, max-snippet:-1, max-image-preview:large, max-video-preview:-1\" \/>\n<link rel=\"canonical\" href=\"https:\/\/diariodepe.com.br\/xinhua\/2022\/03\/31\/vice-premie-chines-pede-cooperacao-reforcada-com-turcomenistao\/\" \/>\n<meta property=\"og:locale\" content=\"pt_BR\" \/>\n<meta property=\"og:type\" content=\"article\" \/>\n<meta property=\"og:title\" content=\"Vice-premi\u00ea chin\u00eas pede coopera\u00e7\u00e3o refor\u00e7ada com Turcomenist\u00e3o - Xinhua - Diario de Pernambuco\" \/>\n<meta property=\"og:description\" content=\"Beijing &#8211; O vice-primeiro-ministro chin\u00eas, Han Zheng, fez uma videoconfer\u00eancia nesta quarta-feira com o vice-primeiro-ministro e ministro das Rela\u00e7\u00f5es Exteriores do Turcomenist\u00e3o, Rashid Meredov, pedindo uma coopera\u00e7\u00e3o refor\u00e7ada em campos espec\u00edficos, incluindo g\u00e1s natural, seguran\u00e7a e interc\u00e2mbios entre pessoas. Pedindo...\" \/>\n<meta property=\"og:url\" content=\"https:\/\/diariodepe.com.br\/xinhua\/2022\/03\/31\/vice-premie-chines-pede-cooperacao-reforcada-com-turcomenistao\/\" \/>\n<meta property=\"og:site_name\" content=\"Xinhua - Diario de Pernambuco\" \/>\n<meta property=\"article:published_time\" content=\"2022-03-31T16:38:00+00:00\" \/>\n<meta name=\"author\" content=\"Marcelo Oliveira de A. Maranhao\" \/>\n<meta name=\"twitter:card\" content=\"summary_large_image\" \/>\n<meta name=\"twitter:label1\" content=\"Escrito por\" \/>\n\t<meta name=\"twitter:data1\" content=\"Marcelo Oliveira de A. Maranhao\" \/>\n\t<meta name=\"twitter:label2\" content=\"Est. tempo de leitura\" \/>\n\t<meta name=\"twitter:data2\" content=\"2 minutos\" \/>\n<script type=\"application\/ld+json\" class=\"yoast-schema-graph\">{\"@context\":\"https:\\\/\\\/schema.org\",\"@graph\":[{\"@type\":\"Article\",\"@id\":\"https:\\\/\\\/diariodepe.com.br\\\/xinhua\\\/2022\\\/03\\\/31\\\/vice-premie-chines-pede-cooperacao-reforcada-com-turcomenistao\\\/#article\",\"isPartOf\":{\"@id\":\"https:\\\/\\\/diariodepe.com.br\\\/xinhua\\\/2022\\\/03\\\/31\\\/vice-premie-chines-pede-cooperacao-reforcada-com-turcomenistao\\\/\"},\"author\":{\"name\":\"Marcelo Oliveira de A. Maranhao\",\"@id\":\"https:\\\/\\\/diariodepe.com.br\\\/xinhua\\\/#\\\/schema\\\/person\\\/0943d6fd02bdc7b49c8f495e8787a2cb\"},\"headline\":\"Vice-premi\u00ea chin\u00eas pede coopera\u00e7\u00e3o refor\u00e7ada com Turcomenist\u00e3o\",\"datePublished\":\"2022-03-31T16:38:00+00:00\",\"mainEntityOfPage\":{\"@id\":\"https:\\\/\\\/diariodepe.com.br\\\/xinhua\\\/2022\\\/03\\\/31\\\/vice-premie-chines-pede-cooperacao-reforcada-com-turcomenistao\\\/\"},\"wordCount\":331,\"commentCount\":0,\"publisher\":{\"@id\":\"https:\\\/\\\/diariodepe.com.br\\\/xinhua\\\/#organization\"},\"articleSection\":[\"Internacional\"],\"inLanguage\":\"pt-BR\",\"potentialAction\":[{\"@type\":\"CommentAction\",\"name\":\"Comment\",\"target\":[\"https:\\\/\\\/diariodepe.com.br\\\/xinhua\\\/2022\\\/03\\\/31\\\/vice-premie-chines-pede-cooperacao-reforcada-com-turcomenistao\\\/#respond\"]}]},{\"@type\":\"WebPage\",\"@id\":\"https:\\\/\\\/diariodepe.com.br\\\/xinhua\\\/2022\\\/03\\\/31\\\/vice-premie-chines-pede-cooperacao-reforcada-com-turcomenistao\\\/\",\"url\":\"https:\\\/\\\/diariodepe.com.br\\\/xinhua\\\/2022\\\/03\\\/31\\\/vice-premie-chines-pede-cooperacao-reforcada-com-turcomenistao\\\/\",\"name\":\"Vice-premi\u00ea chin\u00eas pede coopera\u00e7\u00e3o refor\u00e7ada com Turcomenist\u00e3o - Xinhua - Diario de Pernambuco\",\"isPartOf\":{\"@id\":\"https:\\\/\\\/diariodepe.com.br\\\/xinhua\\\/#website\"},\"datePublished\":\"2022-03-31T16:38:00+00:00\",\"breadcrumb\":{\"@id\":\"https:\\\/\\\/diariodepe.com.br\\\/xinhua\\\/2022\\\/03\\\/31\\\/vice-premie-chines-pede-cooperacao-reforcada-com-turcomenistao\\\/#breadcrumb\"},\"inLanguage\":\"pt-BR\",\"potentialAction\":[{\"@type\":\"ReadAction\",\"target\":[\"https:\\\/\\\/diariodepe.com.br\\\/xinhua\\\/2022\\\/03\\\/31\\\/vice-premie-chines-pede-cooperacao-reforcada-com-turcomenistao\\\/\"]}]},{\"@type\":\"BreadcrumbList\",\"@id\":\"https:\\\/\\\/diariodepe.com.br\\\/xinhua\\\/2022\\\/03\\\/31\\\/vice-premie-chines-pede-cooperacao-reforcada-com-turcomenistao\\\/#breadcrumb\",\"itemListElement\":[{\"@type\":\"ListItem\",\"position\":1,\"name\":\"In\u00edcio\",\"item\":\"https:\\\/\\\/diariodepe.com.br\\\/xinhua\\\/\"},{\"@type\":\"ListItem\",\"position\":2,\"name\":\"Vice-premi\u00ea chin\u00eas pede coopera\u00e7\u00e3o refor\u00e7ada com Turcomenist\u00e3o\"}]},{\"@type\":\"WebSite\",\"@id\":\"https:\\\/\\\/diariodepe.com.br\\\/xinhua\\\/#website\",\"url\":\"https:\\\/\\\/diariodepe.com.br\\\/xinhua\\\/\",\"name\":\"Xinhua - Diario de Pernambuco\",\"description\":\"A maior ag\u00eancia de not\u00edcias da China e um dos principais canais para conhecer o pa\u00eds\",\"publisher\":{\"@id\":\"https:\\\/\\\/diariodepe.com.br\\\/xinhua\\\/#organization\"},\"potentialAction\":[{\"@type\":\"SearchAction\",\"target\":{\"@type\":\"EntryPoint\",\"urlTemplate\":\"https:\\\/\\\/diariodepe.com.br\\\/xinhua\\\/?s={search_term_string}\"},\"query-input\":{\"@type\":\"PropertyValueSpecification\",\"valueRequired\":true,\"valueName\":\"search_term_string\"}}],\"inLanguage\":\"pt-BR\"},{\"@type\":\"Organization\",\"@id\":\"https:\\\/\\\/diariodepe.com.br\\\/xinhua\\\/#organization\",\"name\":\"Xinhua - Diario de Pernambuco\",\"url\":\"https:\\\/\\\/diariodepe.com.br\\\/xinhua\\\/\",\"logo\":{\"@type\":\"ImageObject\",\"inLanguage\":\"pt-BR\",\"@id\":\"https:\\\/\\\/diariodepe.com.br\\\/xinhua\\\/#\\\/schema\\\/logo\\\/image\\\/\",\"url\":\"https:\\\/\\\/diariodepe.com.br\\\/xinhua\\\/wp-content\\\/uploads\\\/sites\\\/3\\\/2020\\\/10\\\/cropped-logo-transparente-2.png\",\"contentUrl\":\"https:\\\/\\\/diariodepe.com.br\\\/xinhua\\\/wp-content\\\/uploads\\\/sites\\\/3\\\/2020\\\/10\\\/cropped-logo-transparente-2.png\",\"width\":512,\"height\":164,\"caption\":\"Xinhua - Diario de Pernambuco\"},\"image\":{\"@id\":\"https:\\\/\\\/diariodepe.com.br\\\/xinhua\\\/#\\\/schema\\\/logo\\\/image\\\/\"}},{\"@type\":\"Person\",\"@id\":\"https:\\\/\\\/diariodepe.com.br\\\/xinhua\\\/#\\\/schema\\\/person\\\/0943d6fd02bdc7b49c8f495e8787a2cb\",\"name\":\"Marcelo Oliveira de A. Maranhao\",\"image\":{\"@type\":\"ImageObject\",\"inLanguage\":\"pt-BR\",\"@id\":\"https:\\\/\\\/secure.gravatar.com\\\/avatar\\\/f562caee940d39879c20e90eea3e4b21860c7d4c96684c23141c554824f0059c?s=96&d=mm&r=g\",\"url\":\"https:\\\/\\\/secure.gravatar.com\\\/avatar\\\/f562caee940d39879c20e90eea3e4b21860c7d4c96684c23141c554824f0059c?s=96&d=mm&r=g\",\"contentUrl\":\"https:\\\/\\\/secure.gravatar.com\\\/avatar\\\/f562caee940d39879c20e90eea3e4b21860c7d4c96684c23141c554824f0059c?s=96&d=mm&r=g\",\"caption\":\"Marcelo Oliveira de A. Maranhao\"},\"url\":\"https:\\\/\\\/diariodepe.com.br\\\/xinhua\\\/author\\\/marcelo-maranhao\\\/\"}]}<\/script>\n<!-- \/ Yoast SEO plugin. -->","yoast_head_json":{"title":"Vice-premi\u00ea chin\u00eas pede coopera\u00e7\u00e3o refor\u00e7ada com Turcomenist\u00e3o - Xinhua - Diario de Pernambuco","robots":{"index":"index","follow":"follow","max-snippet":"max-snippet:-1","max-image-preview":"max-image-preview:large","max-video-preview":"max-video-preview:-1"},"canonical":"https:\/\/diariodepe.com.br\/xinhua\/2022\/03\/31\/vice-premie-chines-pede-cooperacao-reforcada-com-turcomenistao\/","og_locale":"pt_BR","og_type":"article","og_title":"Vice-premi\u00ea chin\u00eas pede coopera\u00e7\u00e3o refor\u00e7ada com Turcomenist\u00e3o - Xinhua - Diario de Pernambuco","og_description":"Beijing &#8211; O vice-primeiro-ministro chin\u00eas, Han Zheng, fez uma videoconfer\u00eancia nesta quarta-feira com o vice-primeiro-ministro e ministro das Rela\u00e7\u00f5es Exteriores do Turcomenist\u00e3o, Rashid Meredov, pedindo uma coopera\u00e7\u00e3o refor\u00e7ada em campos espec\u00edficos, incluindo g\u00e1s natural, seguran\u00e7a e interc\u00e2mbios entre pessoas. Pedindo...","og_url":"https:\/\/diariodepe.com.br\/xinhua\/2022\/03\/31\/vice-premie-chines-pede-cooperacao-reforcada-com-turcomenistao\/","og_site_name":"Xinhua - Diario de Pernambuco","article_published_time":"2022-03-31T16:38:00+00:00","author":"Marcelo Oliveira de A. Maranhao","twitter_card":"summary_large_image","twitter_misc":{"Escrito por":"Marcelo Oliveira de A. Maranhao","Est. tempo de leitura":"2 minutos"},"schema":{"@context":"https:\/\/schema.org","@graph":[{"@type":"Article","@id":"https:\/\/diariodepe.com.br\/xinhua\/2022\/03\/31\/vice-premie-chines-pede-cooperacao-reforcada-com-turcomenistao\/#article","isPartOf":{"@id":"https:\/\/diariodepe.com.br\/xinhua\/2022\/03\/31\/vice-premie-chines-pede-cooperacao-reforcada-com-turcomenistao\/"},"author":{"name":"Marcelo Oliveira de A. Maranhao","@id":"https:\/\/diariodepe.com.br\/xinhua\/#\/schema\/person\/0943d6fd02bdc7b49c8f495e8787a2cb"},"headline":"Vice-premi\u00ea chin\u00eas pede coopera\u00e7\u00e3o refor\u00e7ada com Turcomenist\u00e3o","datePublished":"2022-03-31T16:38:00+00:00","mainEntityOfPage":{"@id":"https:\/\/diariodepe.com.br\/xinhua\/2022\/03\/31\/vice-premie-chines-pede-cooperacao-reforcada-com-turcomenistao\/"},"wordCount":331,"commentCount":0,"publisher":{"@id":"https:\/\/diariodepe.com.br\/xinhua\/#organization"},"articleSection":["Internacional"],"inLanguage":"pt-BR","potentialAction":[{"@type":"CommentAction","name":"Comment","target":["https:\/\/diariodepe.com.br\/xinhua\/2022\/03\/31\/vice-premie-chines-pede-cooperacao-reforcada-com-turcomenistao\/#respond"]}]},{"@type":"WebPage","@id":"https:\/\/diariodepe.com.br\/xinhua\/2022\/03\/31\/vice-premie-chines-pede-cooperacao-reforcada-com-turcomenistao\/","url":"https:\/\/diariodepe.com.br\/xinhua\/2022\/03\/31\/vice-premie-chines-pede-cooperacao-reforcada-com-turcomenistao\/","name":"Vice-premi\u00ea chin\u00eas pede coopera\u00e7\u00e3o refor\u00e7ada com Turcomenist\u00e3o - Xinhua - Diario de Pernambuco","isPartOf":{"@id":"https:\/\/diariodepe.com.br\/xinhua\/#website"},"datePublished":"2022-03-31T16:38:00+00:00","breadcrumb":{"@id":"https:\/\/diariodepe.com.br\/xinhua\/2022\/03\/31\/vice-premie-chines-pede-cooperacao-reforcada-com-turcomenistao\/#breadcrumb"},"inLanguage":"pt-BR","potentialAction":[{"@type":"ReadAction","target":["https:\/\/diariodepe.com.br\/xinhua\/2022\/03\/31\/vice-premie-chines-pede-cooperacao-reforcada-com-turcomenistao\/"]}]},{"@type":"BreadcrumbList","@id":"https:\/\/diariodepe.com.br\/xinhua\/2022\/03\/31\/vice-premie-chines-pede-cooperacao-reforcada-com-turcomenistao\/#breadcrumb","itemListElement":[{"@type":"ListItem","position":1,"name":"In\u00edcio","item":"https:\/\/diariodepe.com.br\/xinhua\/"},{"@type":"ListItem","position":2,"name":"Vice-premi\u00ea chin\u00eas pede coopera\u00e7\u00e3o refor\u00e7ada com Turcomenist\u00e3o"}]},{"@type":"WebSite","@id":"https:\/\/diariodepe.com.br\/xinhua\/#website","url":"https:\/\/diariodepe.com.br\/xinhua\/","name":"Xinhua - Diario de Pernambuco","description":"A maior ag\u00eancia de not\u00edcias da China e um dos principais canais para conhecer o pa\u00eds","publisher":{"@id":"https:\/\/diariodepe.com.br\/xinhua\/#organization"},"potentialAction":[{"@type":"SearchAction","target":{"@type":"EntryPoint","urlTemplate":"https:\/\/diariodepe.com.br\/xinhua\/?s={search_term_string}"},"query-input":{"@type":"PropertyValueSpecification","valueRequired":true,"valueName":"search_term_string"}}],"inLanguage":"pt-BR"},{"@type":"Organization","@id":"https:\/\/diariodepe.com.br\/xinhua\/#organization","name":"Xinhua - Diario de Pernambuco","url":"https:\/\/diariodepe.com.br\/xinhua\/","logo":{"@type":"ImageObject","inLanguage":"pt-BR","@id":"https:\/\/diariodepe.com.br\/xinhua\/#\/schema\/logo\/image\/","url":"https:\/\/diariodepe.com.br\/xinhua\/wp-content\/uploads\/sites\/3\/2020\/10\/cropped-logo-transparente-2.png","contentUrl":"https:\/\/diariodepe.com.br\/xinhua\/wp-content\/uploads\/sites\/3\/2020\/10\/cropped-logo-transparente-2.png","width":512,"height":164,"caption":"Xinhua - Diario de Pernambuco"},"image":{"@id":"https:\/\/diariodepe.com.br\/xinhua\/#\/schema\/logo\/image\/"}},{"@type":"Person","@id":"https:\/\/diariodepe.com.br\/xinhua\/#\/schema\/person\/0943d6fd02bdc7b49c8f495e8787a2cb","name":"Marcelo Oliveira de A. Maranhao","image":{"@type":"ImageObject","inLanguage":"pt-BR","@id":"https:\/\/secure.gravatar.com\/avatar\/f562caee940d39879c20e90eea3e4b21860c7d4c96684c23141c554824f0059c?s=96&d=mm&r=g","url":"https:\/\/secure.gravatar.com\/avatar\/f562caee940d39879c20e90eea3e4b21860c7d4c96684c23141c554824f0059c?s=96&d=mm&r=g","contentUrl":"https:\/\/secure.gravatar.com\/avatar\/f562caee940d39879c20e90eea3e4b21860c7d4c96684c23141c554824f0059c?s=96&d=mm&r=g","caption":"Marcelo Oliveira de A. Maranhao"},"url":"https:\/\/diariodepe.com.br\/xinhua\/author\/marcelo-maranhao\/"}]}},"cc_featured_image_caption":{"caption_text":"","source_text":"","source_url":""},"amp_enabled":true,"_links":{"self":[{"href":"https:\/\/diariodepe.com.br\/xinhua\/wp-json\/wp\/v2\/posts\/5972","targetHints":{"allow":["GET"]}}],"collection":[{"href":"https:\/\/diariodepe.com.br\/xinhua\/wp-json\/wp\/v2\/posts"}],"about":[{"href":"https:\/\/diariodepe.com.br\/xinhua\/wp-json\/wp\/v2\/types\/post"}],"author":[{"embeddable":true,"href":"https:\/\/diariodepe.com.br\/xinhua\/wp-json\/wp\/v2\/users\/3"}],"replies":[{"embeddable":true,"href":"https:\/\/diariodepe.com.br\/xinhua\/wp-json\/wp\/v2\/comments?post=5972"}],"version-history":[{"count":1,"href":"https:\/\/diariodepe.com.br\/xinhua\/wp-json\/wp\/v2\/posts\/5972\/revisions"}],"predecessor-version":[{"id":5973,"href":"https:\/\/diariodepe.com.br\/xinhua\/wp-json\/wp\/v2\/posts\/5972\/revisions\/5973"}],"wp:attachment":[{"href":"https:\/\/diariodepe.com.br\/xinhua\/wp-json\/wp\/v2\/media?parent=5972"}],"wp:term":[{"taxonomy":"category","embeddable":true,"href":"https:\/\/diariodepe.com.br\/xinhua\/wp-json\/wp\/v2\/categories?post=5972"},{"taxonomy":"post_tag","embeddable":true,"href":"https:\/\/diariodepe.com.br\/xinhua\/wp-json\/wp\/v2\/tags?post=5972"}],"curies":[{"name":"wp","href":"https:\/\/api.w.org\/{rel}","templated":true}]}}