{"id":5875,"date":"2022-03-24T13:22:00","date_gmt":"2022-03-24T16:22:00","guid":{"rendered":"http:\/\/www.diariodepe.com.br\/xinhua\/?p=5875"},"modified":"2022-03-24T12:03:15","modified_gmt":"2022-03-24T15:03:15","slug":"paquistao-e-china-estao-prontos-para-fortalecer-lacos-e-expandir-cooperacao","status":"publish","type":"post","link":"https:\/\/diariodepe.com.br\/xinhua\/2022\/03\/24\/paquistao-e-china-estao-prontos-para-fortalecer-lacos-e-expandir-cooperacao\/","title":{"rendered":"Paquist\u00e3o e China est\u00e3o prontos para fortalecer la\u00e7os e expandir coopera\u00e7\u00e3o"},"content":{"rendered":"\n<p>Islamabad &#8211; Paquist\u00e3o e China est\u00e3o prontos para fortalecer as rela\u00e7\u00f5es bilaterais e impulsionar a coopera\u00e7\u00e3o em \u00e1reas emergentes, como tecnologia da informa\u00e7\u00e3o, com\u00e9rcio eletr\u00f4nico e economia digital.<\/p>\n\n\n\n<p>Em uma reuni\u00e3o com o conselheiro de Estado e ministro das Rela\u00e7\u00f5es Exteriores chin\u00eas, Wang Yi, na ter\u00e7a-feira, o presidente paquistan\u00eas, Arif Alvi, disse que o Paquist\u00e3o e a China desfrutaram de rela\u00e7\u00f5es amistosas nas \u00faltimas d\u00e9cadas, caracterizadas por s\u00f3lida unidade, apoio m\u00fatuo e assist\u00eancia m\u00fatua, com coopera\u00e7\u00e3o bilateral cada vez mais aprimorada em todos os campos.<\/p>\n\n\n\n<p>O Paquist\u00e3o, como sempre, seguir\u00e1 inabalavelmente a pol\u00edtica de Uma S\u00f3 China, apoiar\u00e1 as posi\u00e7\u00f5es da China em seus interesses centrais nas quest\u00f5es de Taiwan, Hong Kong e Xinjiang, enfatizou o presidente.<\/p>\n\n\n\n<p>Paquist\u00e3o e China t\u00eam vis\u00f5es id\u00eanticas sobre quest\u00f5es internacionais e regionais, e o Paquist\u00e3o se op\u00f5e a qualquer tentativa de todas as for\u00e7as externas de conter o desenvolvimento da China, disse ele.<\/p>\n\n\n\n<p>A constru\u00e7\u00e3o do Corredor Econ\u00f4mico China-Paquist\u00e3o produziu resultados frut\u00edferos que melhoraram significativamente a vida do povo paquistan\u00eas, observou o presidente.<\/p>\n\n\n\n<p>De sua parte, Wang disse que a amizade China-Paquist\u00e3o resistiu ao teste do cen\u00e1rio internacional em evolu\u00e7\u00e3o e \u00e9 s\u00f3lida como rocha, observando que a confian\u00e7a m\u00fatua e o apoio m\u00fatuo s\u00e3o as caracter\u00edsticas mais distintivas da parceria de coopera\u00e7\u00e3o estrat\u00e9gica sob todas as condi\u00e7\u00f5es clim\u00e1ticas entre China e Paquist\u00e3o.<\/p>\n\n\n\n<p>Enfatizando que a China sempre foi um parceiro estrat\u00e9gico de longo prazo e mais confi\u00e1vel do Paquist\u00e3o, Wang disse que o lado chin\u00eas apoia firmemente o Paquist\u00e3o na salvaguarda de sua soberania, seguran\u00e7a e dignidade nacional.<\/p>\n\n\n\n<p>Wang acrescentou que a China tamb\u00e9m apoia firmemente o desenvolvimento, a revitaliza\u00e7\u00e3o e a prosperidade do Paquist\u00e3o, e apoia firmemente o Paquist\u00e3o a desempenhar um papel mais importante na arena internacional e regional.<\/p>\n\n\n\n<p>A China est\u00e1 pronta para trabalhar com o Paquist\u00e3o para promover a coopera\u00e7\u00e3o em \u00e1reas tradicionais, expandir a coopera\u00e7\u00e3o em \u00e1reas emergentes, como tecnologia da informa\u00e7\u00e3o, com\u00e9rcio eletr\u00f4nico e economia digital, aumentar o investimento em projetos sociais e de subsist\u00eancia no Paquist\u00e3o e realizar mais &#8220;pequenos mas bonitos&#8221; projetos de coopera\u00e7\u00e3o, disse ele.<\/p>\n\n\n\n<p>A China est\u00e1 disposta a incentivar mais empresas chinesas qualificadas a investir e iniciar neg\u00f3cios no Paquist\u00e3o, bem como ajudar o Paquist\u00e3o a melhorar sua capacidade de desenvolvimento independente para que o Paquist\u00e3o possa embarcar em um caminho de desenvolvimento que se adapte \u00e0s suas condi\u00e7\u00f5es nacionais, disse Wang.<\/p>\n\n\n\n<p>Wang enfatizou que, devido \u00e0s mudan\u00e7as centen\u00e1rias, a pandemia que ocorre uma vez a cada s\u00e9culo e o constante transbordamento da crise da Ucr\u00e2nia, a paz e o desenvolvimento no mundo de hoje enfrentam fatores mais inseguros e inst\u00e1veis.<\/p>\n\n\n\n<p>A China est\u00e1 pronta para fortalecer a comunica\u00e7\u00e3o estrat\u00e9gica, a unidade e a coordena\u00e7\u00e3o com os pa\u00edses em desenvolvimento, incluindo o Paquist\u00e3o e a Organiza\u00e7\u00e3o da Coopera\u00e7\u00e3o Isl\u00e2mica, de modo a injetar mais estabilidade na regi\u00e3o e no mundo e dar mais contribui\u00e7\u00f5es para a paz, a seguran\u00e7a e o desenvolvimento mundiais, acrescentou.<\/p>\n\n\n\n<p>Apreciando a China por defender a justi\u00e7a e a equidade na arena internacional por um longo tempo, o presidente paquistan\u00eas expressou sua vontade de trabalhar com o lado chin\u00eas para salvaguardar as normas b\u00e1sicas das rela\u00e7\u00f5es internacionais, como respeito m\u00fatuo, n\u00e3o interfer\u00eancia nos assuntos internos e boa vizinhan\u00e7a.<\/p>\n","protected":false},"excerpt":{"rendered":"<p>Islamabad &#8211; Paquist\u00e3o e China est\u00e3o prontos para fortalecer as rela\u00e7\u00f5es bilaterais e impulsionar a coopera\u00e7\u00e3o em \u00e1reas emergentes, como tecnologia da informa\u00e7\u00e3o, com\u00e9rcio eletr\u00f4nico e economia digital. Em uma reuni\u00e3o com o conselheiro de Estado e ministro das Rela\u00e7\u00f5es&#8230;<\/p>\n","protected":false},"author":3,"featured_media":5876,"comment_status":"open","ping_status":"open","sticky":false,"template":"","format":"standard","meta":{"footnotes":""},"categories":[4],"tags":[],"class_list":["post-5875","post","type-post","status-publish","format-standard","has-post-thumbnail","hentry","category-internacional"],"yoast_head":"<!-- This site is optimized with the Yoast SEO plugin v27.4 - https:\/\/yoast.com\/product\/yoast-seo-wordpress\/ -->\n<title>Paquist\u00e3o e China est\u00e3o prontos para fortalecer la\u00e7os e expandir coopera\u00e7\u00e3o - Xinhua - Diario de Pernambuco<\/title>\n<meta name=\"robots\" content=\"index, follow, max-snippet:-1, max-image-preview:large, max-video-preview:-1\" \/>\n<link rel=\"canonical\" href=\"https:\/\/diariodepe.com.br\/xinhua\/2022\/03\/24\/paquistao-e-china-estao-prontos-para-fortalecer-lacos-e-expandir-cooperacao\/\" \/>\n<meta property=\"og:locale\" content=\"pt_BR\" \/>\n<meta property=\"og:type\" content=\"article\" \/>\n<meta property=\"og:title\" content=\"Paquist\u00e3o e China est\u00e3o prontos para fortalecer la\u00e7os e expandir coopera\u00e7\u00e3o - Xinhua - Diario de Pernambuco\" \/>\n<meta property=\"og:description\" content=\"Islamabad &#8211; Paquist\u00e3o e China est\u00e3o prontos para fortalecer as rela\u00e7\u00f5es bilaterais e impulsionar a coopera\u00e7\u00e3o em \u00e1reas emergentes, como tecnologia da informa\u00e7\u00e3o, com\u00e9rcio eletr\u00f4nico e economia digital. Em uma reuni\u00e3o com o conselheiro de Estado e ministro das Rela\u00e7\u00f5es...\" \/>\n<meta property=\"og:url\" content=\"https:\/\/diariodepe.com.br\/xinhua\/2022\/03\/24\/paquistao-e-china-estao-prontos-para-fortalecer-lacos-e-expandir-cooperacao\/\" \/>\n<meta property=\"og:site_name\" content=\"Xinhua - Diario de Pernambuco\" \/>\n<meta property=\"article:published_time\" content=\"2022-03-24T16:22:00+00:00\" \/>\n<meta property=\"og:image\" content=\"https:\/\/diariodepe.com.br\/xinhua\/wp-content\/uploads\/sites\/3\/2022\/03\/1310527434_16480959257421n.jpg\" \/>\n\t<meta property=\"og:image:width\" content=\"900\" \/>\n\t<meta property=\"og:image:height\" content=\"600\" \/>\n\t<meta property=\"og:image:type\" content=\"image\/jpeg\" \/>\n<meta name=\"author\" content=\"Marcelo Oliveira de A. Maranhao\" \/>\n<meta name=\"twitter:card\" content=\"summary_large_image\" \/>\n<meta name=\"twitter:label1\" content=\"Escrito por\" \/>\n\t<meta name=\"twitter:data1\" content=\"Marcelo Oliveira de A. Maranhao\" \/>\n\t<meta name=\"twitter:label2\" content=\"Est. tempo de leitura\" \/>\n\t<meta name=\"twitter:data2\" content=\"3 minutos\" \/>\n<script type=\"application\/ld+json\" class=\"yoast-schema-graph\">{\"@context\":\"https:\\\/\\\/schema.org\",\"@graph\":[{\"@type\":\"Article\",\"@id\":\"https:\\\/\\\/diariodepe.com.br\\\/xinhua\\\/2022\\\/03\\\/24\\\/paquistao-e-china-estao-prontos-para-fortalecer-lacos-e-expandir-cooperacao\\\/#article\",\"isPartOf\":{\"@id\":\"https:\\\/\\\/diariodepe.com.br\\\/xinhua\\\/2022\\\/03\\\/24\\\/paquistao-e-china-estao-prontos-para-fortalecer-lacos-e-expandir-cooperacao\\\/\"},\"author\":{\"name\":\"Marcelo Oliveira de A. Maranhao\",\"@id\":\"https:\\\/\\\/diariodepe.com.br\\\/xinhua\\\/#\\\/schema\\\/person\\\/0943d6fd02bdc7b49c8f495e8787a2cb\"},\"headline\":\"Paquist\u00e3o e China est\u00e3o prontos para fortalecer la\u00e7os e expandir coopera\u00e7\u00e3o\",\"datePublished\":\"2022-03-24T16:22:00+00:00\",\"mainEntityOfPage\":{\"@id\":\"https:\\\/\\\/diariodepe.com.br\\\/xinhua\\\/2022\\\/03\\\/24\\\/paquistao-e-china-estao-prontos-para-fortalecer-lacos-e-expandir-cooperacao\\\/\"},\"wordCount\":644,\"commentCount\":0,\"publisher\":{\"@id\":\"https:\\\/\\\/diariodepe.com.br\\\/xinhua\\\/#organization\"},\"image\":{\"@id\":\"https:\\\/\\\/diariodepe.com.br\\\/xinhua\\\/2022\\\/03\\\/24\\\/paquistao-e-china-estao-prontos-para-fortalecer-lacos-e-expandir-cooperacao\\\/#primaryimage\"},\"thumbnailUrl\":\"https:\\\/\\\/diariodepe.com.br\\\/xinhua\\\/wp-content\\\/uploads\\\/sites\\\/3\\\/2022\\\/03\\\/1310527434_16480959257421n.jpg\",\"articleSection\":[\"Internacional\"],\"inLanguage\":\"pt-BR\",\"potentialAction\":[{\"@type\":\"CommentAction\",\"name\":\"Comment\",\"target\":[\"https:\\\/\\\/diariodepe.com.br\\\/xinhua\\\/2022\\\/03\\\/24\\\/paquistao-e-china-estao-prontos-para-fortalecer-lacos-e-expandir-cooperacao\\\/#respond\"]}]},{\"@type\":\"WebPage\",\"@id\":\"https:\\\/\\\/diariodepe.com.br\\\/xinhua\\\/2022\\\/03\\\/24\\\/paquistao-e-china-estao-prontos-para-fortalecer-lacos-e-expandir-cooperacao\\\/\",\"url\":\"https:\\\/\\\/diariodepe.com.br\\\/xinhua\\\/2022\\\/03\\\/24\\\/paquistao-e-china-estao-prontos-para-fortalecer-lacos-e-expandir-cooperacao\\\/\",\"name\":\"Paquist\u00e3o e China est\u00e3o prontos para fortalecer la\u00e7os e expandir coopera\u00e7\u00e3o - Xinhua - Diario de Pernambuco\",\"isPartOf\":{\"@id\":\"https:\\\/\\\/diariodepe.com.br\\\/xinhua\\\/#website\"},\"primaryImageOfPage\":{\"@id\":\"https:\\\/\\\/diariodepe.com.br\\\/xinhua\\\/2022\\\/03\\\/24\\\/paquistao-e-china-estao-prontos-para-fortalecer-lacos-e-expandir-cooperacao\\\/#primaryimage\"},\"image\":{\"@id\":\"https:\\\/\\\/diariodepe.com.br\\\/xinhua\\\/2022\\\/03\\\/24\\\/paquistao-e-china-estao-prontos-para-fortalecer-lacos-e-expandir-cooperacao\\\/#primaryimage\"},\"thumbnailUrl\":\"https:\\\/\\\/diariodepe.com.br\\\/xinhua\\\/wp-content\\\/uploads\\\/sites\\\/3\\\/2022\\\/03\\\/1310527434_16480959257421n.jpg\",\"datePublished\":\"2022-03-24T16:22:00+00:00\",\"breadcrumb\":{\"@id\":\"https:\\\/\\\/diariodepe.com.br\\\/xinhua\\\/2022\\\/03\\\/24\\\/paquistao-e-china-estao-prontos-para-fortalecer-lacos-e-expandir-cooperacao\\\/#breadcrumb\"},\"inLanguage\":\"pt-BR\",\"potentialAction\":[{\"@type\":\"ReadAction\",\"target\":[\"https:\\\/\\\/diariodepe.com.br\\\/xinhua\\\/2022\\\/03\\\/24\\\/paquistao-e-china-estao-prontos-para-fortalecer-lacos-e-expandir-cooperacao\\\/\"]}]},{\"@type\":\"ImageObject\",\"inLanguage\":\"pt-BR\",\"@id\":\"https:\\\/\\\/diariodepe.com.br\\\/xinhua\\\/2022\\\/03\\\/24\\\/paquistao-e-china-estao-prontos-para-fortalecer-lacos-e-expandir-cooperacao\\\/#primaryimage\",\"url\":\"https:\\\/\\\/diariodepe.com.br\\\/xinhua\\\/wp-content\\\/uploads\\\/sites\\\/3\\\/2022\\\/03\\\/1310527434_16480959257421n.jpg\",\"contentUrl\":\"https:\\\/\\\/diariodepe.com.br\\\/xinhua\\\/wp-content\\\/uploads\\\/sites\\\/3\\\/2022\\\/03\\\/1310527434_16480959257421n.jpg\",\"width\":900,\"height\":600,\"caption\":\"O presidente paquistan\u00eas Arif Alvi (D) se re\u00fane com o conselheiro de Estado e ministro das Rela\u00e7\u00f5es Exteriores chin\u00eas Wang Yi em Islamabad, Paquist\u00e3o, em 22 de mar\u00e7o de 2022. (Xinhua\\\/Jiang Chao)\"},{\"@type\":\"BreadcrumbList\",\"@id\":\"https:\\\/\\\/diariodepe.com.br\\\/xinhua\\\/2022\\\/03\\\/24\\\/paquistao-e-china-estao-prontos-para-fortalecer-lacos-e-expandir-cooperacao\\\/#breadcrumb\",\"itemListElement\":[{\"@type\":\"ListItem\",\"position\":1,\"name\":\"In\u00edcio\",\"item\":\"https:\\\/\\\/diariodepe.com.br\\\/xinhua\\\/\"},{\"@type\":\"ListItem\",\"position\":2,\"name\":\"Paquist\u00e3o e China est\u00e3o prontos para fortalecer la\u00e7os e expandir coopera\u00e7\u00e3o\"}]},{\"@type\":\"WebSite\",\"@id\":\"https:\\\/\\\/diariodepe.com.br\\\/xinhua\\\/#website\",\"url\":\"https:\\\/\\\/diariodepe.com.br\\\/xinhua\\\/\",\"name\":\"Xinhua - Diario de Pernambuco\",\"description\":\"A maior ag\u00eancia de not\u00edcias da China e um dos principais canais para conhecer o pa\u00eds\",\"publisher\":{\"@id\":\"https:\\\/\\\/diariodepe.com.br\\\/xinhua\\\/#organization\"},\"potentialAction\":[{\"@type\":\"SearchAction\",\"target\":{\"@type\":\"EntryPoint\",\"urlTemplate\":\"https:\\\/\\\/diariodepe.com.br\\\/xinhua\\\/?s={search_term_string}\"},\"query-input\":{\"@type\":\"PropertyValueSpecification\",\"valueRequired\":true,\"valueName\":\"search_term_string\"}}],\"inLanguage\":\"pt-BR\"},{\"@type\":\"Organization\",\"@id\":\"https:\\\/\\\/diariodepe.com.br\\\/xinhua\\\/#organization\",\"name\":\"Xinhua - Diario de Pernambuco\",\"url\":\"https:\\\/\\\/diariodepe.com.br\\\/xinhua\\\/\",\"logo\":{\"@type\":\"ImageObject\",\"inLanguage\":\"pt-BR\",\"@id\":\"https:\\\/\\\/diariodepe.com.br\\\/xinhua\\\/#\\\/schema\\\/logo\\\/image\\\/\",\"url\":\"https:\\\/\\\/diariodepe.com.br\\\/xinhua\\\/wp-content\\\/uploads\\\/sites\\\/3\\\/2020\\\/10\\\/cropped-logo-transparente-2.png\",\"contentUrl\":\"https:\\\/\\\/diariodepe.com.br\\\/xinhua\\\/wp-content\\\/uploads\\\/sites\\\/3\\\/2020\\\/10\\\/cropped-logo-transparente-2.png\",\"width\":512,\"height\":164,\"caption\":\"Xinhua - Diario de Pernambuco\"},\"image\":{\"@id\":\"https:\\\/\\\/diariodepe.com.br\\\/xinhua\\\/#\\\/schema\\\/logo\\\/image\\\/\"}},{\"@type\":\"Person\",\"@id\":\"https:\\\/\\\/diariodepe.com.br\\\/xinhua\\\/#\\\/schema\\\/person\\\/0943d6fd02bdc7b49c8f495e8787a2cb\",\"name\":\"Marcelo Oliveira de A. Maranhao\",\"image\":{\"@type\":\"ImageObject\",\"inLanguage\":\"pt-BR\",\"@id\":\"https:\\\/\\\/secure.gravatar.com\\\/avatar\\\/f562caee940d39879c20e90eea3e4b21860c7d4c96684c23141c554824f0059c?s=96&d=mm&r=g\",\"url\":\"https:\\\/\\\/secure.gravatar.com\\\/avatar\\\/f562caee940d39879c20e90eea3e4b21860c7d4c96684c23141c554824f0059c?s=96&d=mm&r=g\",\"contentUrl\":\"https:\\\/\\\/secure.gravatar.com\\\/avatar\\\/f562caee940d39879c20e90eea3e4b21860c7d4c96684c23141c554824f0059c?s=96&d=mm&r=g\",\"caption\":\"Marcelo Oliveira de A. Maranhao\"},\"url\":\"https:\\\/\\\/diariodepe.com.br\\\/xinhua\\\/author\\\/marcelo-maranhao\\\/\"}]}<\/script>\n<!-- \/ Yoast SEO plugin. -->","yoast_head_json":{"title":"Paquist\u00e3o e China est\u00e3o prontos para fortalecer la\u00e7os e expandir coopera\u00e7\u00e3o - Xinhua - Diario de Pernambuco","robots":{"index":"index","follow":"follow","max-snippet":"max-snippet:-1","max-image-preview":"max-image-preview:large","max-video-preview":"max-video-preview:-1"},"canonical":"https:\/\/diariodepe.com.br\/xinhua\/2022\/03\/24\/paquistao-e-china-estao-prontos-para-fortalecer-lacos-e-expandir-cooperacao\/","og_locale":"pt_BR","og_type":"article","og_title":"Paquist\u00e3o e China est\u00e3o prontos para fortalecer la\u00e7os e expandir coopera\u00e7\u00e3o - Xinhua - Diario de Pernambuco","og_description":"Islamabad &#8211; Paquist\u00e3o e China est\u00e3o prontos para fortalecer as rela\u00e7\u00f5es bilaterais e impulsionar a coopera\u00e7\u00e3o em \u00e1reas emergentes, como tecnologia da informa\u00e7\u00e3o, com\u00e9rcio eletr\u00f4nico e economia digital. Em uma reuni\u00e3o com o conselheiro de Estado e ministro das Rela\u00e7\u00f5es...","og_url":"https:\/\/diariodepe.com.br\/xinhua\/2022\/03\/24\/paquistao-e-china-estao-prontos-para-fortalecer-lacos-e-expandir-cooperacao\/","og_site_name":"Xinhua - Diario de Pernambuco","article_published_time":"2022-03-24T16:22:00+00:00","og_image":[{"width":900,"height":600,"url":"https:\/\/diariodepe.com.br\/xinhua\/wp-content\/uploads\/sites\/3\/2022\/03\/1310527434_16480959257421n.jpg","type":"image\/jpeg"}],"author":"Marcelo Oliveira de A. Maranhao","twitter_card":"summary_large_image","twitter_misc":{"Escrito por":"Marcelo Oliveira de A. Maranhao","Est. tempo de leitura":"3 minutos"},"schema":{"@context":"https:\/\/schema.org","@graph":[{"@type":"Article","@id":"https:\/\/diariodepe.com.br\/xinhua\/2022\/03\/24\/paquistao-e-china-estao-prontos-para-fortalecer-lacos-e-expandir-cooperacao\/#article","isPartOf":{"@id":"https:\/\/diariodepe.com.br\/xinhua\/2022\/03\/24\/paquistao-e-china-estao-prontos-para-fortalecer-lacos-e-expandir-cooperacao\/"},"author":{"name":"Marcelo Oliveira de A. Maranhao","@id":"https:\/\/diariodepe.com.br\/xinhua\/#\/schema\/person\/0943d6fd02bdc7b49c8f495e8787a2cb"},"headline":"Paquist\u00e3o e China est\u00e3o prontos para fortalecer la\u00e7os e expandir coopera\u00e7\u00e3o","datePublished":"2022-03-24T16:22:00+00:00","mainEntityOfPage":{"@id":"https:\/\/diariodepe.com.br\/xinhua\/2022\/03\/24\/paquistao-e-china-estao-prontos-para-fortalecer-lacos-e-expandir-cooperacao\/"},"wordCount":644,"commentCount":0,"publisher":{"@id":"https:\/\/diariodepe.com.br\/xinhua\/#organization"},"image":{"@id":"https:\/\/diariodepe.com.br\/xinhua\/2022\/03\/24\/paquistao-e-china-estao-prontos-para-fortalecer-lacos-e-expandir-cooperacao\/#primaryimage"},"thumbnailUrl":"https:\/\/diariodepe.com.br\/xinhua\/wp-content\/uploads\/sites\/3\/2022\/03\/1310527434_16480959257421n.jpg","articleSection":["Internacional"],"inLanguage":"pt-BR","potentialAction":[{"@type":"CommentAction","name":"Comment","target":["https:\/\/diariodepe.com.br\/xinhua\/2022\/03\/24\/paquistao-e-china-estao-prontos-para-fortalecer-lacos-e-expandir-cooperacao\/#respond"]}]},{"@type":"WebPage","@id":"https:\/\/diariodepe.com.br\/xinhua\/2022\/03\/24\/paquistao-e-china-estao-prontos-para-fortalecer-lacos-e-expandir-cooperacao\/","url":"https:\/\/diariodepe.com.br\/xinhua\/2022\/03\/24\/paquistao-e-china-estao-prontos-para-fortalecer-lacos-e-expandir-cooperacao\/","name":"Paquist\u00e3o e China est\u00e3o prontos para fortalecer la\u00e7os e expandir coopera\u00e7\u00e3o - Xinhua - Diario de Pernambuco","isPartOf":{"@id":"https:\/\/diariodepe.com.br\/xinhua\/#website"},"primaryImageOfPage":{"@id":"https:\/\/diariodepe.com.br\/xinhua\/2022\/03\/24\/paquistao-e-china-estao-prontos-para-fortalecer-lacos-e-expandir-cooperacao\/#primaryimage"},"image":{"@id":"https:\/\/diariodepe.com.br\/xinhua\/2022\/03\/24\/paquistao-e-china-estao-prontos-para-fortalecer-lacos-e-expandir-cooperacao\/#primaryimage"},"thumbnailUrl":"https:\/\/diariodepe.com.br\/xinhua\/wp-content\/uploads\/sites\/3\/2022\/03\/1310527434_16480959257421n.jpg","datePublished":"2022-03-24T16:22:00+00:00","breadcrumb":{"@id":"https:\/\/diariodepe.com.br\/xinhua\/2022\/03\/24\/paquistao-e-china-estao-prontos-para-fortalecer-lacos-e-expandir-cooperacao\/#breadcrumb"},"inLanguage":"pt-BR","potentialAction":[{"@type":"ReadAction","target":["https:\/\/diariodepe.com.br\/xinhua\/2022\/03\/24\/paquistao-e-china-estao-prontos-para-fortalecer-lacos-e-expandir-cooperacao\/"]}]},{"@type":"ImageObject","inLanguage":"pt-BR","@id":"https:\/\/diariodepe.com.br\/xinhua\/2022\/03\/24\/paquistao-e-china-estao-prontos-para-fortalecer-lacos-e-expandir-cooperacao\/#primaryimage","url":"https:\/\/diariodepe.com.br\/xinhua\/wp-content\/uploads\/sites\/3\/2022\/03\/1310527434_16480959257421n.jpg","contentUrl":"https:\/\/diariodepe.com.br\/xinhua\/wp-content\/uploads\/sites\/3\/2022\/03\/1310527434_16480959257421n.jpg","width":900,"height":600,"caption":"O presidente paquistan\u00eas Arif Alvi (D) se re\u00fane com o conselheiro de Estado e ministro das Rela\u00e7\u00f5es Exteriores chin\u00eas Wang Yi em Islamabad, Paquist\u00e3o, em 22 de mar\u00e7o de 2022. (Xinhua\/Jiang Chao)"},{"@type":"BreadcrumbList","@id":"https:\/\/diariodepe.com.br\/xinhua\/2022\/03\/24\/paquistao-e-china-estao-prontos-para-fortalecer-lacos-e-expandir-cooperacao\/#breadcrumb","itemListElement":[{"@type":"ListItem","position":1,"name":"In\u00edcio","item":"https:\/\/diariodepe.com.br\/xinhua\/"},{"@type":"ListItem","position":2,"name":"Paquist\u00e3o e China est\u00e3o prontos para fortalecer la\u00e7os e expandir coopera\u00e7\u00e3o"}]},{"@type":"WebSite","@id":"https:\/\/diariodepe.com.br\/xinhua\/#website","url":"https:\/\/diariodepe.com.br\/xinhua\/","name":"Xinhua - Diario de Pernambuco","description":"A maior ag\u00eancia de not\u00edcias da China e um dos principais canais para conhecer o pa\u00eds","publisher":{"@id":"https:\/\/diariodepe.com.br\/xinhua\/#organization"},"potentialAction":[{"@type":"SearchAction","target":{"@type":"EntryPoint","urlTemplate":"https:\/\/diariodepe.com.br\/xinhua\/?s={search_term_string}"},"query-input":{"@type":"PropertyValueSpecification","valueRequired":true,"valueName":"search_term_string"}}],"inLanguage":"pt-BR"},{"@type":"Organization","@id":"https:\/\/diariodepe.com.br\/xinhua\/#organization","name":"Xinhua - Diario de Pernambuco","url":"https:\/\/diariodepe.com.br\/xinhua\/","logo":{"@type":"ImageObject","inLanguage":"pt-BR","@id":"https:\/\/diariodepe.com.br\/xinhua\/#\/schema\/logo\/image\/","url":"https:\/\/diariodepe.com.br\/xinhua\/wp-content\/uploads\/sites\/3\/2020\/10\/cropped-logo-transparente-2.png","contentUrl":"https:\/\/diariodepe.com.br\/xinhua\/wp-content\/uploads\/sites\/3\/2020\/10\/cropped-logo-transparente-2.png","width":512,"height":164,"caption":"Xinhua - Diario de Pernambuco"},"image":{"@id":"https:\/\/diariodepe.com.br\/xinhua\/#\/schema\/logo\/image\/"}},{"@type":"Person","@id":"https:\/\/diariodepe.com.br\/xinhua\/#\/schema\/person\/0943d6fd02bdc7b49c8f495e8787a2cb","name":"Marcelo Oliveira de A. Maranhao","image":{"@type":"ImageObject","inLanguage":"pt-BR","@id":"https:\/\/secure.gravatar.com\/avatar\/f562caee940d39879c20e90eea3e4b21860c7d4c96684c23141c554824f0059c?s=96&d=mm&r=g","url":"https:\/\/secure.gravatar.com\/avatar\/f562caee940d39879c20e90eea3e4b21860c7d4c96684c23141c554824f0059c?s=96&d=mm&r=g","contentUrl":"https:\/\/secure.gravatar.com\/avatar\/f562caee940d39879c20e90eea3e4b21860c7d4c96684c23141c554824f0059c?s=96&d=mm&r=g","caption":"Marcelo Oliveira de A. Maranhao"},"url":"https:\/\/diariodepe.com.br\/xinhua\/author\/marcelo-maranhao\/"}]}},"cc_featured_image_caption":{"caption_text":"","source_text":"","source_url":""},"amp_enabled":true,"_links":{"self":[{"href":"https:\/\/diariodepe.com.br\/xinhua\/wp-json\/wp\/v2\/posts\/5875","targetHints":{"allow":["GET"]}}],"collection":[{"href":"https:\/\/diariodepe.com.br\/xinhua\/wp-json\/wp\/v2\/posts"}],"about":[{"href":"https:\/\/diariodepe.com.br\/xinhua\/wp-json\/wp\/v2\/types\/post"}],"author":[{"embeddable":true,"href":"https:\/\/diariodepe.com.br\/xinhua\/wp-json\/wp\/v2\/users\/3"}],"replies":[{"embeddable":true,"href":"https:\/\/diariodepe.com.br\/xinhua\/wp-json\/wp\/v2\/comments?post=5875"}],"version-history":[{"count":1,"href":"https:\/\/diariodepe.com.br\/xinhua\/wp-json\/wp\/v2\/posts\/5875\/revisions"}],"predecessor-version":[{"id":5877,"href":"https:\/\/diariodepe.com.br\/xinhua\/wp-json\/wp\/v2\/posts\/5875\/revisions\/5877"}],"wp:featuredmedia":[{"embeddable":true,"href":"https:\/\/diariodepe.com.br\/xinhua\/wp-json\/wp\/v2\/media\/5876"}],"wp:attachment":[{"href":"https:\/\/diariodepe.com.br\/xinhua\/wp-json\/wp\/v2\/media?parent=5875"}],"wp:term":[{"taxonomy":"category","embeddable":true,"href":"https:\/\/diariodepe.com.br\/xinhua\/wp-json\/wp\/v2\/categories?post=5875"},{"taxonomy":"post_tag","embeddable":true,"href":"https:\/\/diariodepe.com.br\/xinhua\/wp-json\/wp\/v2\/tags?post=5875"}],"curies":[{"name":"wp","href":"https:\/\/api.w.org\/{rel}","templated":true}]}}