{"id":5833,"date":"2022-03-22T12:33:00","date_gmt":"2022-03-22T15:33:00","guid":{"rendered":"http:\/\/www.diariodepe.com.br\/xinhua\/?p=5833"},"modified":"2022-03-22T08:40:36","modified_gmt":"2022-03-22T11:40:36","slug":"china-e-outros-paises-em-desenvolvimento-tem-preocupacoes-razoaveis-e-posicoes-semelhantes-sobre-a-situacao-europeia-atual-diz-chanceler-chines","status":"publish","type":"post","link":"https:\/\/diariodepe.com.br\/xinhua\/2022\/03\/22\/china-e-outros-paises-em-desenvolvimento-tem-preocupacoes-razoaveis-e-posicoes-semelhantes-sobre-a-situacao-europeia-atual-diz-chanceler-chines\/","title":{"rendered":"China e outros pa\u00edses em desenvolvimento t\u00eam preocupa\u00e7\u00f5es razo\u00e1veis e posi\u00e7\u00f5es semelhantes sobre a situa\u00e7\u00e3o europeia atual, diz chanceler chin\u00eas"},"content":{"rendered":"\n<p>Hefei &#8211; O conselheiro de Estado e ministro das Rela\u00e7\u00f5es Exteriores chin\u00eas, Wang Yi, disse no domingo que a crise da Ucr\u00e2nia est\u00e1 se desenvolvendo de uma maneira que vai al\u00e9m de si mesma, com repercuss\u00f5es afetando o mundo inteiro, e nesse sentido, a maioria dos pa\u00edses do mundo, incluindo a China e outros pa\u00edses em desenvolvimento, compartilham preocupa\u00e7\u00f5es razo\u00e1veis e ocupam posi\u00e7\u00f5es semelhantes.<\/p>\n\n\n\n<p>Wang fez as observa\u00e7\u00f5es em uma coletiva de imprensa depois de manter conversa\u00e7\u00f5es com o ministro das Rela\u00e7\u00f5es Exteriores da Arg\u00e9lia, Ramtane Lamamra, em Tunxi, Prov\u00edncia de Anhui, no leste da China.<\/p>\n\n\n\n<p>Wang disse \u00e0 imprensa que depois de trocar opini\u00f5es com v\u00e1rios ministros das Rela\u00e7\u00f5es Exteriores de pa\u00edses asi\u00e1ticos ou africanos, ele sentiu que muitos pa\u00edses, como a China, est\u00e3o acompanhando de perto os desenvolvimentos da crise da Ucr\u00e2nia, e compartilham muita linguagem comum.<\/p>\n\n\n\n<p>Todos n\u00f3s acreditamos que os prop\u00f3sitos e princ\u00edpios da Carta das Na\u00e7\u00f5es Unidas devem ser observados, as disputas internacionais devem ser resolvidas pacificamente, e as partes interessadas devem realizar o cessar-fogo e p\u00f4r um fim \u00e0 guerra o mais r\u00e1pido poss\u00edvel, disse ele.<\/p>\n\n\n\n<p>Notando que durante as discuss\u00f5es na Assembleia Geral da ONU sobre a quest\u00e3o da Ucr\u00e2nia, China, Arg\u00e9lia e v\u00e1rios pa\u00edses se abstiveram na vota\u00e7\u00e3o, Wang disse que a absten\u00e7\u00e3o tamb\u00e9m \u00e9 uma atitude. \u00c9 dar uma chance \u00e0 paz e mostrar desaprova\u00e7\u00e3o do uso da guerra e das san\u00e7\u00f5es para enfrentar disputas, e \u00e9 uma atitude respons\u00e1vel.<\/p>\n\n\n\n<p>&#8220;Ao mesmo tempo, entendemos que a quest\u00e3o da Ucr\u00e2nia n\u00e3o chegou a este ponto por acidente. \u00c9 o resultado da conflu\u00eancia de v\u00e1rios fatores e de uma erup\u00e7\u00e3o das tens\u00f5es que se acumularam ao longo dos anos&#8221;, disse Wang, acrescentando que o que est\u00e1 no cora\u00e7\u00e3o \u00e9 a quest\u00e3o da seguran\u00e7a europeia, e o movimento da OTAN de expandir para o leste sem limita\u00e7\u00e3o merece reflex\u00e3o.<\/p>\n\n\n\n<p>Ele disse que, do ponto de vista a mais longo prazo, as partes na Europa devem seguir o princ\u00edpio da seguran\u00e7a indivis\u00edvel e, com base no respeito \u00e0s preocupa\u00e7\u00f5es leg\u00edtimas uns dos outros, buscar o di\u00e1logo e a negocia\u00e7\u00e3o para construir uma arquitetura de seguran\u00e7a regional equilibrada, eficaz e sustent\u00e1vel.<\/p>\n\n\n\n<p>&#8220;Em primeiro lugar, acredita-se amplamente que, ao abordar quest\u00f5es de hotspot regionais e internacionais, a guerra e as san\u00e7\u00f5es n\u00e3o s\u00e3o as \u00fanicas op\u00e7\u00f5es, e o di\u00e1logo e a negocia\u00e7\u00e3o s\u00e3o a sa\u00edda fundamental&#8221;, disse Wang, acrescentando que as circunst\u00e2ncias atuais tornam-na mais importante manter essa dire\u00e7\u00e3o.<\/p>\n\n\n\n<p>&#8220;Em segundo lugar, o impulso da recupera\u00e7\u00e3o econ\u00f4mica mundial n\u00e3o deve ser interrompido&#8221;, disse Wang, acrescentando que, no contexto da pandemia em curso, a escalada das san\u00e7\u00f5es unilaterais quebrar\u00e1 as cadeias industriais e de suprimentos globais e prejudicar\u00e1 a subsist\u00eancia de pessoas de todos os pa\u00edses, que n\u00e3o t\u00eam responsabilidade em pagar por conflitos geopol\u00edticos e pela concorr\u00eancia entre principais pa\u00edses.<\/p>\n\n\n\n<p>Em terceiro lugar, todos os pa\u00edses t\u00eam o direito de decidir independentemente suas pol\u00edticas externas e n\u00e3o devem ser for\u00e7ados a escolher lados, disse Wang.<\/p>\n\n\n\n<p>Ele acrescentou que, ao lidar com quest\u00f5es complexas e vis\u00f5es divergentes, n\u00e3o se deve optar pela abordagem simplista de &#8220;amigo ou inimigo&#8221; e &#8220;preto ou branco&#8221;. \u00c9 particularmente importante resistir \u00e0 mentalidade da Guerra Fria e se opor ao confronto entre blocos.<\/p>\n\n\n\n<p>&#8220;Em quarto lugar, a independ\u00eancia soberana e a integridade territorial de todos os pa\u00edses devem ser respeitadas o tempo todo. Esse princ\u00edpio se aplica a todos os pa\u00edses e regi\u00f5es. N\u00e3o deve haver exce\u00e7\u00e3o, ainda menos padr\u00f5es duplos&#8221;, disse Wang.<\/p>\n\n\n\n<p>Durante a confer\u00eancia de imprensa, Wang tamb\u00e9m apresentou a posi\u00e7\u00e3o da China sobre quest\u00f5es relacionadas com a \u00c1frica.<\/p>\n\n\n\n<p>Observando a crise atual da Ucr\u00e2nia, Wang ressaltou que o mundo \u00e9 muito grande e h\u00e1 muitos problemas. O continente africano, em particular, n\u00e3o deve ser esquecido e n\u00e3o deve mais ser marginalizado, ainda menos uma v\u00edtima.<\/p>\n\n\n\n<p>&#8220;Quanto mais turbulenta \u00e9 a situa\u00e7\u00e3o internacional, mais devemos prestar aten\u00e7\u00e3o \u00e0 voz dos pa\u00edses africanos e aumentar nosso apoio e assist\u00eancia \u00e0 \u00c1frica&#8221;, disse ele.<\/p>\n\n\n\n<p>Wang disse que, como um bom irm\u00e3o dos pa\u00edses africanos, a China continuar\u00e1 a apoiar a \u00c1frica, apoiar firmemente a \u00c1frica na manuten\u00e7\u00e3o da paz e da seguran\u00e7a, apoiar firmemente a \u00c1frica na recupera\u00e7\u00e3o econ\u00f4mica, apoiar firmemente a \u00c1frica na defesa de seus direitos e interesses leg\u00edtimos e fazer as devidas contribui\u00e7\u00f5es para a independ\u00eancia e o desenvolvimento sustent\u00e1vel da \u00c1frica.<\/p>\n","protected":false},"excerpt":{"rendered":"<p>Hefei &#8211; O conselheiro de Estado e ministro das Rela\u00e7\u00f5es Exteriores chin\u00eas, Wang Yi, disse no domingo que a crise da Ucr\u00e2nia est\u00e1 se desenvolvendo de uma maneira que vai al\u00e9m de si mesma, com repercuss\u00f5es afetando o mundo inteiro,&#8230;<\/p>\n","protected":false},"author":3,"featured_media":5834,"comment_status":"open","ping_status":"open","sticky":false,"template":"","format":"standard","meta":{"footnotes":""},"categories":[4],"tags":[],"class_list":["post-5833","post","type-post","status-publish","format-standard","has-post-thumbnail","hentry","category-internacional"],"yoast_head":"<!-- This site is optimized with the Yoast SEO plugin v27.4 - https:\/\/yoast.com\/product\/yoast-seo-wordpress\/ -->\n<title>China e outros pa\u00edses em desenvolvimento t\u00eam preocupa\u00e7\u00f5es razo\u00e1veis e posi\u00e7\u00f5es semelhantes sobre a situa\u00e7\u00e3o europeia atual, diz chanceler chin\u00eas - Xinhua - Diario de Pernambuco<\/title>\n<meta name=\"robots\" content=\"index, follow, max-snippet:-1, max-image-preview:large, max-video-preview:-1\" \/>\n<link rel=\"canonical\" href=\"https:\/\/diariodepe.com.br\/xinhua\/2022\/03\/22\/china-e-outros-paises-em-desenvolvimento-tem-preocupacoes-razoaveis-e-posicoes-semelhantes-sobre-a-situacao-europeia-atual-diz-chanceler-chines\/\" \/>\n<meta property=\"og:locale\" content=\"pt_BR\" \/>\n<meta property=\"og:type\" content=\"article\" \/>\n<meta property=\"og:title\" content=\"China e outros pa\u00edses em desenvolvimento t\u00eam preocupa\u00e7\u00f5es razo\u00e1veis e posi\u00e7\u00f5es semelhantes sobre a situa\u00e7\u00e3o europeia atual, diz chanceler chin\u00eas - Xinhua - Diario de Pernambuco\" \/>\n<meta property=\"og:description\" content=\"Hefei &#8211; O conselheiro de Estado e ministro das Rela\u00e7\u00f5es Exteriores chin\u00eas, Wang Yi, disse no domingo que a crise da Ucr\u00e2nia est\u00e1 se desenvolvendo de uma maneira que vai al\u00e9m de si mesma, com repercuss\u00f5es afetando o mundo inteiro,...\" \/>\n<meta property=\"og:url\" content=\"https:\/\/diariodepe.com.br\/xinhua\/2022\/03\/22\/china-e-outros-paises-em-desenvolvimento-tem-preocupacoes-razoaveis-e-posicoes-semelhantes-sobre-a-situacao-europeia-atual-diz-chanceler-chines\/\" \/>\n<meta property=\"og:site_name\" content=\"Xinhua - Diario de Pernambuco\" \/>\n<meta property=\"article:published_time\" content=\"2022-03-22T15:33:00+00:00\" \/>\n<meta property=\"og:image\" content=\"https:\/\/diariodepe.com.br\/xinhua\/wp-content\/uploads\/sites\/3\/2022\/03\/1310523135_16478408026421n.jpg\" \/>\n\t<meta property=\"og:image:width\" content=\"900\" \/>\n\t<meta property=\"og:image:height\" content=\"629\" \/>\n\t<meta property=\"og:image:type\" content=\"image\/jpeg\" \/>\n<meta name=\"author\" content=\"Marcelo Oliveira de A. Maranhao\" \/>\n<meta name=\"twitter:card\" content=\"summary_large_image\" \/>\n<meta name=\"twitter:label1\" content=\"Escrito por\" \/>\n\t<meta name=\"twitter:data1\" content=\"Marcelo Oliveira de A. Maranhao\" \/>\n\t<meta name=\"twitter:label2\" content=\"Est. tempo de leitura\" \/>\n\t<meta name=\"twitter:data2\" content=\"4 minutos\" \/>\n<script type=\"application\/ld+json\" class=\"yoast-schema-graph\">{\"@context\":\"https:\\\/\\\/schema.org\",\"@graph\":[{\"@type\":\"Article\",\"@id\":\"https:\\\/\\\/diariodepe.com.br\\\/xinhua\\\/2022\\\/03\\\/22\\\/china-e-outros-paises-em-desenvolvimento-tem-preocupacoes-razoaveis-e-posicoes-semelhantes-sobre-a-situacao-europeia-atual-diz-chanceler-chines\\\/#article\",\"isPartOf\":{\"@id\":\"https:\\\/\\\/diariodepe.com.br\\\/xinhua\\\/2022\\\/03\\\/22\\\/china-e-outros-paises-em-desenvolvimento-tem-preocupacoes-razoaveis-e-posicoes-semelhantes-sobre-a-situacao-europeia-atual-diz-chanceler-chines\\\/\"},\"author\":{\"name\":\"Marcelo Oliveira de A. Maranhao\",\"@id\":\"https:\\\/\\\/diariodepe.com.br\\\/xinhua\\\/#\\\/schema\\\/person\\\/0943d6fd02bdc7b49c8f495e8787a2cb\"},\"headline\":\"China e outros pa\u00edses em desenvolvimento t\u00eam preocupa\u00e7\u00f5es razo\u00e1veis e posi\u00e7\u00f5es semelhantes sobre a situa\u00e7\u00e3o europeia atual, diz chanceler chin\u00eas\",\"datePublished\":\"2022-03-22T15:33:00+00:00\",\"mainEntityOfPage\":{\"@id\":\"https:\\\/\\\/diariodepe.com.br\\\/xinhua\\\/2022\\\/03\\\/22\\\/china-e-outros-paises-em-desenvolvimento-tem-preocupacoes-razoaveis-e-posicoes-semelhantes-sobre-a-situacao-europeia-atual-diz-chanceler-chines\\\/\"},\"wordCount\":848,\"commentCount\":0,\"publisher\":{\"@id\":\"https:\\\/\\\/diariodepe.com.br\\\/xinhua\\\/#organization\"},\"image\":{\"@id\":\"https:\\\/\\\/diariodepe.com.br\\\/xinhua\\\/2022\\\/03\\\/22\\\/china-e-outros-paises-em-desenvolvimento-tem-preocupacoes-razoaveis-e-posicoes-semelhantes-sobre-a-situacao-europeia-atual-diz-chanceler-chines\\\/#primaryimage\"},\"thumbnailUrl\":\"https:\\\/\\\/diariodepe.com.br\\\/xinhua\\\/wp-content\\\/uploads\\\/sites\\\/3\\\/2022\\\/03\\\/1310523135_16478408026421n.jpg\",\"articleSection\":[\"Internacional\"],\"inLanguage\":\"pt-BR\",\"potentialAction\":[{\"@type\":\"CommentAction\",\"name\":\"Comment\",\"target\":[\"https:\\\/\\\/diariodepe.com.br\\\/xinhua\\\/2022\\\/03\\\/22\\\/china-e-outros-paises-em-desenvolvimento-tem-preocupacoes-razoaveis-e-posicoes-semelhantes-sobre-a-situacao-europeia-atual-diz-chanceler-chines\\\/#respond\"]}]},{\"@type\":\"WebPage\",\"@id\":\"https:\\\/\\\/diariodepe.com.br\\\/xinhua\\\/2022\\\/03\\\/22\\\/china-e-outros-paises-em-desenvolvimento-tem-preocupacoes-razoaveis-e-posicoes-semelhantes-sobre-a-situacao-europeia-atual-diz-chanceler-chines\\\/\",\"url\":\"https:\\\/\\\/diariodepe.com.br\\\/xinhua\\\/2022\\\/03\\\/22\\\/china-e-outros-paises-em-desenvolvimento-tem-preocupacoes-razoaveis-e-posicoes-semelhantes-sobre-a-situacao-europeia-atual-diz-chanceler-chines\\\/\",\"name\":\"China e outros pa\u00edses em desenvolvimento t\u00eam preocupa\u00e7\u00f5es razo\u00e1veis e posi\u00e7\u00f5es semelhantes sobre a situa\u00e7\u00e3o europeia atual, diz chanceler chin\u00eas - Xinhua - Diario de Pernambuco\",\"isPartOf\":{\"@id\":\"https:\\\/\\\/diariodepe.com.br\\\/xinhua\\\/#website\"},\"primaryImageOfPage\":{\"@id\":\"https:\\\/\\\/diariodepe.com.br\\\/xinhua\\\/2022\\\/03\\\/22\\\/china-e-outros-paises-em-desenvolvimento-tem-preocupacoes-razoaveis-e-posicoes-semelhantes-sobre-a-situacao-europeia-atual-diz-chanceler-chines\\\/#primaryimage\"},\"image\":{\"@id\":\"https:\\\/\\\/diariodepe.com.br\\\/xinhua\\\/2022\\\/03\\\/22\\\/china-e-outros-paises-em-desenvolvimento-tem-preocupacoes-razoaveis-e-posicoes-semelhantes-sobre-a-situacao-europeia-atual-diz-chanceler-chines\\\/#primaryimage\"},\"thumbnailUrl\":\"https:\\\/\\\/diariodepe.com.br\\\/xinhua\\\/wp-content\\\/uploads\\\/sites\\\/3\\\/2022\\\/03\\\/1310523135_16478408026421n.jpg\",\"datePublished\":\"2022-03-22T15:33:00+00:00\",\"breadcrumb\":{\"@id\":\"https:\\\/\\\/diariodepe.com.br\\\/xinhua\\\/2022\\\/03\\\/22\\\/china-e-outros-paises-em-desenvolvimento-tem-preocupacoes-razoaveis-e-posicoes-semelhantes-sobre-a-situacao-europeia-atual-diz-chanceler-chines\\\/#breadcrumb\"},\"inLanguage\":\"pt-BR\",\"potentialAction\":[{\"@type\":\"ReadAction\",\"target\":[\"https:\\\/\\\/diariodepe.com.br\\\/xinhua\\\/2022\\\/03\\\/22\\\/china-e-outros-paises-em-desenvolvimento-tem-preocupacoes-razoaveis-e-posicoes-semelhantes-sobre-a-situacao-europeia-atual-diz-chanceler-chines\\\/\"]}]},{\"@type\":\"ImageObject\",\"inLanguage\":\"pt-BR\",\"@id\":\"https:\\\/\\\/diariodepe.com.br\\\/xinhua\\\/2022\\\/03\\\/22\\\/china-e-outros-paises-em-desenvolvimento-tem-preocupacoes-razoaveis-e-posicoes-semelhantes-sobre-a-situacao-europeia-atual-diz-chanceler-chines\\\/#primaryimage\",\"url\":\"https:\\\/\\\/diariodepe.com.br\\\/xinhua\\\/wp-content\\\/uploads\\\/sites\\\/3\\\/2022\\\/03\\\/1310523135_16478408026421n.jpg\",\"contentUrl\":\"https:\\\/\\\/diariodepe.com.br\\\/xinhua\\\/wp-content\\\/uploads\\\/sites\\\/3\\\/2022\\\/03\\\/1310523135_16478408026421n.jpg\",\"width\":900,\"height\":629,\"caption\":\"O conselheiro de Estado e ministro das Rela\u00e7\u00f5es Exteriores chin\u00eas, Wang Yi, conversa com o ministro das Rela\u00e7\u00f5es Exteriores da Arg\u00e9lia, Ramtane Lamamra, em Tunxi, Prov\u00edncia de Anhui, leste da China, em 20 de mar\u00e7o de 2022. (Xinhua\\\/Zhou Mu)\"},{\"@type\":\"BreadcrumbList\",\"@id\":\"https:\\\/\\\/diariodepe.com.br\\\/xinhua\\\/2022\\\/03\\\/22\\\/china-e-outros-paises-em-desenvolvimento-tem-preocupacoes-razoaveis-e-posicoes-semelhantes-sobre-a-situacao-europeia-atual-diz-chanceler-chines\\\/#breadcrumb\",\"itemListElement\":[{\"@type\":\"ListItem\",\"position\":1,\"name\":\"In\u00edcio\",\"item\":\"https:\\\/\\\/diariodepe.com.br\\\/xinhua\\\/\"},{\"@type\":\"ListItem\",\"position\":2,\"name\":\"China e outros pa\u00edses em desenvolvimento t\u00eam preocupa\u00e7\u00f5es razo\u00e1veis e posi\u00e7\u00f5es semelhantes sobre a situa\u00e7\u00e3o europeia atual, diz chanceler chin\u00eas\"}]},{\"@type\":\"WebSite\",\"@id\":\"https:\\\/\\\/diariodepe.com.br\\\/xinhua\\\/#website\",\"url\":\"https:\\\/\\\/diariodepe.com.br\\\/xinhua\\\/\",\"name\":\"Xinhua - Diario de Pernambuco\",\"description\":\"A maior ag\u00eancia de not\u00edcias da China e um dos principais canais para conhecer o pa\u00eds\",\"publisher\":{\"@id\":\"https:\\\/\\\/diariodepe.com.br\\\/xinhua\\\/#organization\"},\"potentialAction\":[{\"@type\":\"SearchAction\",\"target\":{\"@type\":\"EntryPoint\",\"urlTemplate\":\"https:\\\/\\\/diariodepe.com.br\\\/xinhua\\\/?s={search_term_string}\"},\"query-input\":{\"@type\":\"PropertyValueSpecification\",\"valueRequired\":true,\"valueName\":\"search_term_string\"}}],\"inLanguage\":\"pt-BR\"},{\"@type\":\"Organization\",\"@id\":\"https:\\\/\\\/diariodepe.com.br\\\/xinhua\\\/#organization\",\"name\":\"Xinhua - Diario de Pernambuco\",\"url\":\"https:\\\/\\\/diariodepe.com.br\\\/xinhua\\\/\",\"logo\":{\"@type\":\"ImageObject\",\"inLanguage\":\"pt-BR\",\"@id\":\"https:\\\/\\\/diariodepe.com.br\\\/xinhua\\\/#\\\/schema\\\/logo\\\/image\\\/\",\"url\":\"https:\\\/\\\/diariodepe.com.br\\\/xinhua\\\/wp-content\\\/uploads\\\/sites\\\/3\\\/2020\\\/10\\\/cropped-logo-transparente-2.png\",\"contentUrl\":\"https:\\\/\\\/diariodepe.com.br\\\/xinhua\\\/wp-content\\\/uploads\\\/sites\\\/3\\\/2020\\\/10\\\/cropped-logo-transparente-2.png\",\"width\":512,\"height\":164,\"caption\":\"Xinhua - Diario de Pernambuco\"},\"image\":{\"@id\":\"https:\\\/\\\/diariodepe.com.br\\\/xinhua\\\/#\\\/schema\\\/logo\\\/image\\\/\"}},{\"@type\":\"Person\",\"@id\":\"https:\\\/\\\/diariodepe.com.br\\\/xinhua\\\/#\\\/schema\\\/person\\\/0943d6fd02bdc7b49c8f495e8787a2cb\",\"name\":\"Marcelo Oliveira de A. Maranhao\",\"image\":{\"@type\":\"ImageObject\",\"inLanguage\":\"pt-BR\",\"@id\":\"https:\\\/\\\/secure.gravatar.com\\\/avatar\\\/f562caee940d39879c20e90eea3e4b21860c7d4c96684c23141c554824f0059c?s=96&d=mm&r=g\",\"url\":\"https:\\\/\\\/secure.gravatar.com\\\/avatar\\\/f562caee940d39879c20e90eea3e4b21860c7d4c96684c23141c554824f0059c?s=96&d=mm&r=g\",\"contentUrl\":\"https:\\\/\\\/secure.gravatar.com\\\/avatar\\\/f562caee940d39879c20e90eea3e4b21860c7d4c96684c23141c554824f0059c?s=96&d=mm&r=g\",\"caption\":\"Marcelo Oliveira de A. Maranhao\"},\"url\":\"https:\\\/\\\/diariodepe.com.br\\\/xinhua\\\/author\\\/marcelo-maranhao\\\/\"}]}<\/script>\n<!-- \/ Yoast SEO plugin. -->","yoast_head_json":{"title":"China e outros pa\u00edses em desenvolvimento t\u00eam preocupa\u00e7\u00f5es razo\u00e1veis e posi\u00e7\u00f5es semelhantes sobre a situa\u00e7\u00e3o europeia atual, diz chanceler chin\u00eas - Xinhua - Diario de Pernambuco","robots":{"index":"index","follow":"follow","max-snippet":"max-snippet:-1","max-image-preview":"max-image-preview:large","max-video-preview":"max-video-preview:-1"},"canonical":"https:\/\/diariodepe.com.br\/xinhua\/2022\/03\/22\/china-e-outros-paises-em-desenvolvimento-tem-preocupacoes-razoaveis-e-posicoes-semelhantes-sobre-a-situacao-europeia-atual-diz-chanceler-chines\/","og_locale":"pt_BR","og_type":"article","og_title":"China e outros pa\u00edses em desenvolvimento t\u00eam preocupa\u00e7\u00f5es razo\u00e1veis e posi\u00e7\u00f5es semelhantes sobre a situa\u00e7\u00e3o europeia atual, diz chanceler chin\u00eas - Xinhua - Diario de Pernambuco","og_description":"Hefei &#8211; O conselheiro de Estado e ministro das Rela\u00e7\u00f5es Exteriores chin\u00eas, Wang Yi, disse no domingo que a crise da Ucr\u00e2nia est\u00e1 se desenvolvendo de uma maneira que vai al\u00e9m de si mesma, com repercuss\u00f5es afetando o mundo inteiro,...","og_url":"https:\/\/diariodepe.com.br\/xinhua\/2022\/03\/22\/china-e-outros-paises-em-desenvolvimento-tem-preocupacoes-razoaveis-e-posicoes-semelhantes-sobre-a-situacao-europeia-atual-diz-chanceler-chines\/","og_site_name":"Xinhua - Diario de Pernambuco","article_published_time":"2022-03-22T15:33:00+00:00","og_image":[{"width":900,"height":629,"url":"https:\/\/diariodepe.com.br\/xinhua\/wp-content\/uploads\/sites\/3\/2022\/03\/1310523135_16478408026421n.jpg","type":"image\/jpeg"}],"author":"Marcelo Oliveira de A. Maranhao","twitter_card":"summary_large_image","twitter_misc":{"Escrito por":"Marcelo Oliveira de A. Maranhao","Est. tempo de leitura":"4 minutos"},"schema":{"@context":"https:\/\/schema.org","@graph":[{"@type":"Article","@id":"https:\/\/diariodepe.com.br\/xinhua\/2022\/03\/22\/china-e-outros-paises-em-desenvolvimento-tem-preocupacoes-razoaveis-e-posicoes-semelhantes-sobre-a-situacao-europeia-atual-diz-chanceler-chines\/#article","isPartOf":{"@id":"https:\/\/diariodepe.com.br\/xinhua\/2022\/03\/22\/china-e-outros-paises-em-desenvolvimento-tem-preocupacoes-razoaveis-e-posicoes-semelhantes-sobre-a-situacao-europeia-atual-diz-chanceler-chines\/"},"author":{"name":"Marcelo Oliveira de A. Maranhao","@id":"https:\/\/diariodepe.com.br\/xinhua\/#\/schema\/person\/0943d6fd02bdc7b49c8f495e8787a2cb"},"headline":"China e outros pa\u00edses em desenvolvimento t\u00eam preocupa\u00e7\u00f5es razo\u00e1veis e posi\u00e7\u00f5es semelhantes sobre a situa\u00e7\u00e3o europeia atual, diz chanceler chin\u00eas","datePublished":"2022-03-22T15:33:00+00:00","mainEntityOfPage":{"@id":"https:\/\/diariodepe.com.br\/xinhua\/2022\/03\/22\/china-e-outros-paises-em-desenvolvimento-tem-preocupacoes-razoaveis-e-posicoes-semelhantes-sobre-a-situacao-europeia-atual-diz-chanceler-chines\/"},"wordCount":848,"commentCount":0,"publisher":{"@id":"https:\/\/diariodepe.com.br\/xinhua\/#organization"},"image":{"@id":"https:\/\/diariodepe.com.br\/xinhua\/2022\/03\/22\/china-e-outros-paises-em-desenvolvimento-tem-preocupacoes-razoaveis-e-posicoes-semelhantes-sobre-a-situacao-europeia-atual-diz-chanceler-chines\/#primaryimage"},"thumbnailUrl":"https:\/\/diariodepe.com.br\/xinhua\/wp-content\/uploads\/sites\/3\/2022\/03\/1310523135_16478408026421n.jpg","articleSection":["Internacional"],"inLanguage":"pt-BR","potentialAction":[{"@type":"CommentAction","name":"Comment","target":["https:\/\/diariodepe.com.br\/xinhua\/2022\/03\/22\/china-e-outros-paises-em-desenvolvimento-tem-preocupacoes-razoaveis-e-posicoes-semelhantes-sobre-a-situacao-europeia-atual-diz-chanceler-chines\/#respond"]}]},{"@type":"WebPage","@id":"https:\/\/diariodepe.com.br\/xinhua\/2022\/03\/22\/china-e-outros-paises-em-desenvolvimento-tem-preocupacoes-razoaveis-e-posicoes-semelhantes-sobre-a-situacao-europeia-atual-diz-chanceler-chines\/","url":"https:\/\/diariodepe.com.br\/xinhua\/2022\/03\/22\/china-e-outros-paises-em-desenvolvimento-tem-preocupacoes-razoaveis-e-posicoes-semelhantes-sobre-a-situacao-europeia-atual-diz-chanceler-chines\/","name":"China e outros pa\u00edses em desenvolvimento t\u00eam preocupa\u00e7\u00f5es razo\u00e1veis e posi\u00e7\u00f5es semelhantes sobre a situa\u00e7\u00e3o europeia atual, diz chanceler chin\u00eas - Xinhua - Diario de Pernambuco","isPartOf":{"@id":"https:\/\/diariodepe.com.br\/xinhua\/#website"},"primaryImageOfPage":{"@id":"https:\/\/diariodepe.com.br\/xinhua\/2022\/03\/22\/china-e-outros-paises-em-desenvolvimento-tem-preocupacoes-razoaveis-e-posicoes-semelhantes-sobre-a-situacao-europeia-atual-diz-chanceler-chines\/#primaryimage"},"image":{"@id":"https:\/\/diariodepe.com.br\/xinhua\/2022\/03\/22\/china-e-outros-paises-em-desenvolvimento-tem-preocupacoes-razoaveis-e-posicoes-semelhantes-sobre-a-situacao-europeia-atual-diz-chanceler-chines\/#primaryimage"},"thumbnailUrl":"https:\/\/diariodepe.com.br\/xinhua\/wp-content\/uploads\/sites\/3\/2022\/03\/1310523135_16478408026421n.jpg","datePublished":"2022-03-22T15:33:00+00:00","breadcrumb":{"@id":"https:\/\/diariodepe.com.br\/xinhua\/2022\/03\/22\/china-e-outros-paises-em-desenvolvimento-tem-preocupacoes-razoaveis-e-posicoes-semelhantes-sobre-a-situacao-europeia-atual-diz-chanceler-chines\/#breadcrumb"},"inLanguage":"pt-BR","potentialAction":[{"@type":"ReadAction","target":["https:\/\/diariodepe.com.br\/xinhua\/2022\/03\/22\/china-e-outros-paises-em-desenvolvimento-tem-preocupacoes-razoaveis-e-posicoes-semelhantes-sobre-a-situacao-europeia-atual-diz-chanceler-chines\/"]}]},{"@type":"ImageObject","inLanguage":"pt-BR","@id":"https:\/\/diariodepe.com.br\/xinhua\/2022\/03\/22\/china-e-outros-paises-em-desenvolvimento-tem-preocupacoes-razoaveis-e-posicoes-semelhantes-sobre-a-situacao-europeia-atual-diz-chanceler-chines\/#primaryimage","url":"https:\/\/diariodepe.com.br\/xinhua\/wp-content\/uploads\/sites\/3\/2022\/03\/1310523135_16478408026421n.jpg","contentUrl":"https:\/\/diariodepe.com.br\/xinhua\/wp-content\/uploads\/sites\/3\/2022\/03\/1310523135_16478408026421n.jpg","width":900,"height":629,"caption":"O conselheiro de Estado e ministro das Rela\u00e7\u00f5es Exteriores chin\u00eas, Wang Yi, conversa com o ministro das Rela\u00e7\u00f5es Exteriores da Arg\u00e9lia, Ramtane Lamamra, em Tunxi, Prov\u00edncia de Anhui, leste da China, em 20 de mar\u00e7o de 2022. (Xinhua\/Zhou Mu)"},{"@type":"BreadcrumbList","@id":"https:\/\/diariodepe.com.br\/xinhua\/2022\/03\/22\/china-e-outros-paises-em-desenvolvimento-tem-preocupacoes-razoaveis-e-posicoes-semelhantes-sobre-a-situacao-europeia-atual-diz-chanceler-chines\/#breadcrumb","itemListElement":[{"@type":"ListItem","position":1,"name":"In\u00edcio","item":"https:\/\/diariodepe.com.br\/xinhua\/"},{"@type":"ListItem","position":2,"name":"China e outros pa\u00edses em desenvolvimento t\u00eam preocupa\u00e7\u00f5es razo\u00e1veis e posi\u00e7\u00f5es semelhantes sobre a situa\u00e7\u00e3o europeia atual, diz chanceler chin\u00eas"}]},{"@type":"WebSite","@id":"https:\/\/diariodepe.com.br\/xinhua\/#website","url":"https:\/\/diariodepe.com.br\/xinhua\/","name":"Xinhua - Diario de Pernambuco","description":"A maior ag\u00eancia de not\u00edcias da China e um dos principais canais para conhecer o pa\u00eds","publisher":{"@id":"https:\/\/diariodepe.com.br\/xinhua\/#organization"},"potentialAction":[{"@type":"SearchAction","target":{"@type":"EntryPoint","urlTemplate":"https:\/\/diariodepe.com.br\/xinhua\/?s={search_term_string}"},"query-input":{"@type":"PropertyValueSpecification","valueRequired":true,"valueName":"search_term_string"}}],"inLanguage":"pt-BR"},{"@type":"Organization","@id":"https:\/\/diariodepe.com.br\/xinhua\/#organization","name":"Xinhua - Diario de Pernambuco","url":"https:\/\/diariodepe.com.br\/xinhua\/","logo":{"@type":"ImageObject","inLanguage":"pt-BR","@id":"https:\/\/diariodepe.com.br\/xinhua\/#\/schema\/logo\/image\/","url":"https:\/\/diariodepe.com.br\/xinhua\/wp-content\/uploads\/sites\/3\/2020\/10\/cropped-logo-transparente-2.png","contentUrl":"https:\/\/diariodepe.com.br\/xinhua\/wp-content\/uploads\/sites\/3\/2020\/10\/cropped-logo-transparente-2.png","width":512,"height":164,"caption":"Xinhua - Diario de Pernambuco"},"image":{"@id":"https:\/\/diariodepe.com.br\/xinhua\/#\/schema\/logo\/image\/"}},{"@type":"Person","@id":"https:\/\/diariodepe.com.br\/xinhua\/#\/schema\/person\/0943d6fd02bdc7b49c8f495e8787a2cb","name":"Marcelo Oliveira de A. Maranhao","image":{"@type":"ImageObject","inLanguage":"pt-BR","@id":"https:\/\/secure.gravatar.com\/avatar\/f562caee940d39879c20e90eea3e4b21860c7d4c96684c23141c554824f0059c?s=96&d=mm&r=g","url":"https:\/\/secure.gravatar.com\/avatar\/f562caee940d39879c20e90eea3e4b21860c7d4c96684c23141c554824f0059c?s=96&d=mm&r=g","contentUrl":"https:\/\/secure.gravatar.com\/avatar\/f562caee940d39879c20e90eea3e4b21860c7d4c96684c23141c554824f0059c?s=96&d=mm&r=g","caption":"Marcelo Oliveira de A. Maranhao"},"url":"https:\/\/diariodepe.com.br\/xinhua\/author\/marcelo-maranhao\/"}]}},"cc_featured_image_caption":{"caption_text":"","source_text":"","source_url":""},"amp_enabled":true,"_links":{"self":[{"href":"https:\/\/diariodepe.com.br\/xinhua\/wp-json\/wp\/v2\/posts\/5833","targetHints":{"allow":["GET"]}}],"collection":[{"href":"https:\/\/diariodepe.com.br\/xinhua\/wp-json\/wp\/v2\/posts"}],"about":[{"href":"https:\/\/diariodepe.com.br\/xinhua\/wp-json\/wp\/v2\/types\/post"}],"author":[{"embeddable":true,"href":"https:\/\/diariodepe.com.br\/xinhua\/wp-json\/wp\/v2\/users\/3"}],"replies":[{"embeddable":true,"href":"https:\/\/diariodepe.com.br\/xinhua\/wp-json\/wp\/v2\/comments?post=5833"}],"version-history":[{"count":1,"href":"https:\/\/diariodepe.com.br\/xinhua\/wp-json\/wp\/v2\/posts\/5833\/revisions"}],"predecessor-version":[{"id":5835,"href":"https:\/\/diariodepe.com.br\/xinhua\/wp-json\/wp\/v2\/posts\/5833\/revisions\/5835"}],"wp:featuredmedia":[{"embeddable":true,"href":"https:\/\/diariodepe.com.br\/xinhua\/wp-json\/wp\/v2\/media\/5834"}],"wp:attachment":[{"href":"https:\/\/diariodepe.com.br\/xinhua\/wp-json\/wp\/v2\/media?parent=5833"}],"wp:term":[{"taxonomy":"category","embeddable":true,"href":"https:\/\/diariodepe.com.br\/xinhua\/wp-json\/wp\/v2\/categories?post=5833"},{"taxonomy":"post_tag","embeddable":true,"href":"https:\/\/diariodepe.com.br\/xinhua\/wp-json\/wp\/v2\/tags?post=5833"}],"curies":[{"name":"wp","href":"https:\/\/api.w.org\/{rel}","templated":true}]}}