{"id":5795,"date":"2022-03-21T07:57:38","date_gmt":"2022-03-21T10:57:38","guid":{"rendered":"http:\/\/www.diariodepe.com.br\/xinhua\/?p=5795"},"modified":"2022-03-21T07:58:07","modified_gmt":"2022-03-21T10:58:07","slug":"segunda-classe-da-estacao-espacial-da-china-e-agendada-para-23-de-marco","status":"publish","type":"post","link":"https:\/\/diariodepe.com.br\/xinhua\/2022\/03\/21\/segunda-classe-da-estacao-espacial-da-china-e-agendada-para-23-de-marco\/","title":{"rendered":"Segunda classe da esta\u00e7\u00e3o espacial da China \u00e9 agendada para 23 de mar\u00e7o"},"content":{"rendered":"\n<p>Beijing &#8211; A segunda palestra da esta\u00e7\u00e3o espacial chinesa Tiangong est\u00e1 marcada para as 15h40 em 23 de mar\u00e7o, anunciou a Ag\u00eancia Espacial Tripulada da China na sexta-feira.<\/p>\n\n\n\n<p>A palestra ser\u00e1 dada pelos astronautas de Shenzhou-13, Zhai Zhigang, Wang Yaping e Ye Guangfu.<\/p>\n\n\n\n<p>A pr\u00f3xima palestra, a segunda da s\u00e9rie &#8220;Tiangong Class&#8221;, tamb\u00e9m ser\u00e1 realizada como uma palestra espa\u00e7o-terra entre a tripula\u00e7\u00e3o no espa\u00e7o e os jovens na Terra, com o objetivo de estimular suas aspira\u00e7\u00f5es pela ci\u00eancia e o espa\u00e7o.<\/p>\n\n\n\n<p>Desta vez, eles conduzir\u00e3o diversos experimentos, como cristaliza\u00e7\u00e3o de l\u00edquido saturado, ponte l\u00edquida e separa\u00e7\u00e3o \u00e1gua-\u00f3leo no espa\u00e7o.<\/p>\n\n\n\n<p>Eles tamb\u00e9m demonstrar\u00e3o a diferen\u00e7a entre jogar objetos no espa\u00e7o e na Terra, e mostrar\u00e3o ao p\u00fablico instala\u00e7\u00f5es de ci\u00eancia espacial.<\/p>\n\n\n\n<p>Os tr\u00eas astronautas chineses entraram no espa\u00e7o a bordo da espa\u00e7onave Shenzhou-13 e entraram na esta\u00e7\u00e3o espacial da China em 16 de outubro, embarcando na mais longa miss\u00e3o espacial tripulada do pa\u00eds.<\/p>\n\n\n\n<p>A pr\u00f3xima aula ser\u00e1 a segunda dos astronautas chineses da esta\u00e7\u00e3o espacial do pa\u00eds e a terceira por astronautas chineses do espa\u00e7o.<\/p>\n","protected":false},"excerpt":{"rendered":"<p>Beijing &#8211; A segunda palestra da esta\u00e7\u00e3o espacial chinesa Tiangong est\u00e1 marcada para as 15h40 em 23 de mar\u00e7o, anunciou a Ag\u00eancia Espacial Tripulada da China na sexta-feira. A palestra ser\u00e1 dada pelos astronautas de Shenzhou-13, Zhai Zhigang, Wang Yaping&#8230;<\/p>\n","protected":false},"author":3,"featured_media":5796,"comment_status":"open","ping_status":"open","sticky":false,"template":"","format":"standard","meta":{"footnotes":""},"categories":[6],"tags":[],"class_list":["post-5795","post","type-post","status-publish","format-standard","has-post-thumbnail","hentry","category-cultura-tecnologia"],"yoast_head":"<!-- This site is optimized with the Yoast SEO plugin v27.4 - https:\/\/yoast.com\/product\/yoast-seo-wordpress\/ -->\n<title>Segunda classe da esta\u00e7\u00e3o espacial da China \u00e9 agendada para 23 de mar\u00e7o - Xinhua - Diario de Pernambuco<\/title>\n<meta name=\"robots\" content=\"index, follow, max-snippet:-1, max-image-preview:large, max-video-preview:-1\" \/>\n<link rel=\"canonical\" href=\"https:\/\/diariodepe.com.br\/xinhua\/2022\/03\/21\/segunda-classe-da-estacao-espacial-da-china-e-agendada-para-23-de-marco\/\" \/>\n<meta property=\"og:locale\" content=\"pt_BR\" \/>\n<meta property=\"og:type\" content=\"article\" \/>\n<meta property=\"og:title\" content=\"Segunda classe da esta\u00e7\u00e3o espacial da China \u00e9 agendada para 23 de mar\u00e7o - Xinhua - Diario de Pernambuco\" \/>\n<meta property=\"og:description\" content=\"Beijing &#8211; A segunda palestra da esta\u00e7\u00e3o espacial chinesa Tiangong est\u00e1 marcada para as 15h40 em 23 de mar\u00e7o, anunciou a Ag\u00eancia Espacial Tripulada da China na sexta-feira. A palestra ser\u00e1 dada pelos astronautas de Shenzhou-13, Zhai Zhigang, Wang Yaping...\" \/>\n<meta property=\"og:url\" content=\"https:\/\/diariodepe.com.br\/xinhua\/2022\/03\/21\/segunda-classe-da-estacao-espacial-da-china-e-agendada-para-23-de-marco\/\" \/>\n<meta property=\"og:site_name\" content=\"Xinhua - Diario de Pernambuco\" \/>\n<meta property=\"article:published_time\" content=\"2022-03-21T10:57:38+00:00\" \/>\n<meta property=\"article:modified_time\" content=\"2022-03-21T10:58:07+00:00\" \/>\n<meta property=\"og:image\" content=\"https:\/\/diariodepe.com.br\/xinhua\/wp-content\/uploads\/sites\/3\/2022\/03\/1310521182_16476888159741n-scaled.jpg\" \/>\n\t<meta property=\"og:image:width\" content=\"2560\" \/>\n\t<meta property=\"og:image:height\" content=\"1614\" \/>\n\t<meta property=\"og:image:type\" content=\"image\/jpeg\" \/>\n<meta name=\"author\" content=\"Marcelo Oliveira de A. Maranhao\" \/>\n<meta name=\"twitter:card\" content=\"summary_large_image\" \/>\n<meta name=\"twitter:label1\" content=\"Escrito por\" \/>\n\t<meta name=\"twitter:data1\" content=\"Marcelo Oliveira de A. Maranhao\" \/>\n\t<meta name=\"twitter:label2\" content=\"Est. tempo de leitura\" \/>\n\t<meta name=\"twitter:data2\" content=\"1 minuto\" \/>\n<script type=\"application\/ld+json\" class=\"yoast-schema-graph\">{\"@context\":\"https:\\\/\\\/schema.org\",\"@graph\":[{\"@type\":\"Article\",\"@id\":\"https:\\\/\\\/diariodepe.com.br\\\/xinhua\\\/2022\\\/03\\\/21\\\/segunda-classe-da-estacao-espacial-da-china-e-agendada-para-23-de-marco\\\/#article\",\"isPartOf\":{\"@id\":\"https:\\\/\\\/diariodepe.com.br\\\/xinhua\\\/2022\\\/03\\\/21\\\/segunda-classe-da-estacao-espacial-da-china-e-agendada-para-23-de-marco\\\/\"},\"author\":{\"name\":\"Marcelo Oliveira de A. Maranhao\",\"@id\":\"https:\\\/\\\/diariodepe.com.br\\\/xinhua\\\/#\\\/schema\\\/person\\\/0943d6fd02bdc7b49c8f495e8787a2cb\"},\"headline\":\"Segunda classe da esta\u00e7\u00e3o espacial da China \u00e9 agendada para 23 de mar\u00e7o\",\"datePublished\":\"2022-03-21T10:57:38+00:00\",\"dateModified\":\"2022-03-21T10:58:07+00:00\",\"mainEntityOfPage\":{\"@id\":\"https:\\\/\\\/diariodepe.com.br\\\/xinhua\\\/2022\\\/03\\\/21\\\/segunda-classe-da-estacao-espacial-da-china-e-agendada-para-23-de-marco\\\/\"},\"wordCount\":222,\"commentCount\":0,\"publisher\":{\"@id\":\"https:\\\/\\\/diariodepe.com.br\\\/xinhua\\\/#organization\"},\"image\":{\"@id\":\"https:\\\/\\\/diariodepe.com.br\\\/xinhua\\\/2022\\\/03\\\/21\\\/segunda-classe-da-estacao-espacial-da-china-e-agendada-para-23-de-marco\\\/#primaryimage\"},\"thumbnailUrl\":\"https:\\\/\\\/diariodepe.com.br\\\/xinhua\\\/wp-content\\\/uploads\\\/sites\\\/3\\\/2022\\\/03\\\/1310521182_16476888159741n-scaled.jpg\",\"articleSection\":[\"Cultura \\\/ Tecnologia\"],\"inLanguage\":\"pt-BR\",\"potentialAction\":[{\"@type\":\"CommentAction\",\"name\":\"Comment\",\"target\":[\"https:\\\/\\\/diariodepe.com.br\\\/xinhua\\\/2022\\\/03\\\/21\\\/segunda-classe-da-estacao-espacial-da-china-e-agendada-para-23-de-marco\\\/#respond\"]}]},{\"@type\":\"WebPage\",\"@id\":\"https:\\\/\\\/diariodepe.com.br\\\/xinhua\\\/2022\\\/03\\\/21\\\/segunda-classe-da-estacao-espacial-da-china-e-agendada-para-23-de-marco\\\/\",\"url\":\"https:\\\/\\\/diariodepe.com.br\\\/xinhua\\\/2022\\\/03\\\/21\\\/segunda-classe-da-estacao-espacial-da-china-e-agendada-para-23-de-marco\\\/\",\"name\":\"Segunda classe da esta\u00e7\u00e3o espacial da China \u00e9 agendada para 23 de mar\u00e7o - Xinhua - Diario de Pernambuco\",\"isPartOf\":{\"@id\":\"https:\\\/\\\/diariodepe.com.br\\\/xinhua\\\/#website\"},\"primaryImageOfPage\":{\"@id\":\"https:\\\/\\\/diariodepe.com.br\\\/xinhua\\\/2022\\\/03\\\/21\\\/segunda-classe-da-estacao-espacial-da-china-e-agendada-para-23-de-marco\\\/#primaryimage\"},\"image\":{\"@id\":\"https:\\\/\\\/diariodepe.com.br\\\/xinhua\\\/2022\\\/03\\\/21\\\/segunda-classe-da-estacao-espacial-da-china-e-agendada-para-23-de-marco\\\/#primaryimage\"},\"thumbnailUrl\":\"https:\\\/\\\/diariodepe.com.br\\\/xinhua\\\/wp-content\\\/uploads\\\/sites\\\/3\\\/2022\\\/03\\\/1310521182_16476888159741n-scaled.jpg\",\"datePublished\":\"2022-03-21T10:57:38+00:00\",\"dateModified\":\"2022-03-21T10:58:07+00:00\",\"breadcrumb\":{\"@id\":\"https:\\\/\\\/diariodepe.com.br\\\/xinhua\\\/2022\\\/03\\\/21\\\/segunda-classe-da-estacao-espacial-da-china-e-agendada-para-23-de-marco\\\/#breadcrumb\"},\"inLanguage\":\"pt-BR\",\"potentialAction\":[{\"@type\":\"ReadAction\",\"target\":[\"https:\\\/\\\/diariodepe.com.br\\\/xinhua\\\/2022\\\/03\\\/21\\\/segunda-classe-da-estacao-espacial-da-china-e-agendada-para-23-de-marco\\\/\"]}]},{\"@type\":\"ImageObject\",\"inLanguage\":\"pt-BR\",\"@id\":\"https:\\\/\\\/diariodepe.com.br\\\/xinhua\\\/2022\\\/03\\\/21\\\/segunda-classe-da-estacao-espacial-da-china-e-agendada-para-23-de-marco\\\/#primaryimage\",\"url\":\"https:\\\/\\\/diariodepe.com.br\\\/xinhua\\\/wp-content\\\/uploads\\\/sites\\\/3\\\/2022\\\/03\\\/1310521182_16476888159741n-scaled.jpg\",\"contentUrl\":\"https:\\\/\\\/diariodepe.com.br\\\/xinhua\\\/wp-content\\\/uploads\\\/sites\\\/3\\\/2022\\\/03\\\/1310521182_16476888159741n-scaled.jpg\",\"width\":2560,\"height\":1614,\"caption\":\"Imagem de tela capturada no Centro de Controle Aeroespacial de Beijing em Beijing, capital da China, em 16 de outubro de 2021, mostra tr\u00eas astronautas chineses, Zhai Zhigang (Centro), Wang Yaping (Direita) and Ye Guangfu, acenando depois de terem entrado no m\u00f3dulo central da esta\u00e7\u00e3o espacial Tianhe. (Xinhua\\\/Tian Dingyu)\"},{\"@type\":\"BreadcrumbList\",\"@id\":\"https:\\\/\\\/diariodepe.com.br\\\/xinhua\\\/2022\\\/03\\\/21\\\/segunda-classe-da-estacao-espacial-da-china-e-agendada-para-23-de-marco\\\/#breadcrumb\",\"itemListElement\":[{\"@type\":\"ListItem\",\"position\":1,\"name\":\"In\u00edcio\",\"item\":\"https:\\\/\\\/diariodepe.com.br\\\/xinhua\\\/\"},{\"@type\":\"ListItem\",\"position\":2,\"name\":\"Segunda classe da esta\u00e7\u00e3o espacial da China \u00e9 agendada para 23 de mar\u00e7o\"}]},{\"@type\":\"WebSite\",\"@id\":\"https:\\\/\\\/diariodepe.com.br\\\/xinhua\\\/#website\",\"url\":\"https:\\\/\\\/diariodepe.com.br\\\/xinhua\\\/\",\"name\":\"Xinhua - Diario de Pernambuco\",\"description\":\"A maior ag\u00eancia de not\u00edcias da China e um dos principais canais para conhecer o pa\u00eds\",\"publisher\":{\"@id\":\"https:\\\/\\\/diariodepe.com.br\\\/xinhua\\\/#organization\"},\"potentialAction\":[{\"@type\":\"SearchAction\",\"target\":{\"@type\":\"EntryPoint\",\"urlTemplate\":\"https:\\\/\\\/diariodepe.com.br\\\/xinhua\\\/?s={search_term_string}\"},\"query-input\":{\"@type\":\"PropertyValueSpecification\",\"valueRequired\":true,\"valueName\":\"search_term_string\"}}],\"inLanguage\":\"pt-BR\"},{\"@type\":\"Organization\",\"@id\":\"https:\\\/\\\/diariodepe.com.br\\\/xinhua\\\/#organization\",\"name\":\"Xinhua - Diario de Pernambuco\",\"url\":\"https:\\\/\\\/diariodepe.com.br\\\/xinhua\\\/\",\"logo\":{\"@type\":\"ImageObject\",\"inLanguage\":\"pt-BR\",\"@id\":\"https:\\\/\\\/diariodepe.com.br\\\/xinhua\\\/#\\\/schema\\\/logo\\\/image\\\/\",\"url\":\"https:\\\/\\\/diariodepe.com.br\\\/xinhua\\\/wp-content\\\/uploads\\\/sites\\\/3\\\/2020\\\/10\\\/cropped-logo-transparente-2.png\",\"contentUrl\":\"https:\\\/\\\/diariodepe.com.br\\\/xinhua\\\/wp-content\\\/uploads\\\/sites\\\/3\\\/2020\\\/10\\\/cropped-logo-transparente-2.png\",\"width\":512,\"height\":164,\"caption\":\"Xinhua - Diario de Pernambuco\"},\"image\":{\"@id\":\"https:\\\/\\\/diariodepe.com.br\\\/xinhua\\\/#\\\/schema\\\/logo\\\/image\\\/\"}},{\"@type\":\"Person\",\"@id\":\"https:\\\/\\\/diariodepe.com.br\\\/xinhua\\\/#\\\/schema\\\/person\\\/0943d6fd02bdc7b49c8f495e8787a2cb\",\"name\":\"Marcelo Oliveira de A. Maranhao\",\"image\":{\"@type\":\"ImageObject\",\"inLanguage\":\"pt-BR\",\"@id\":\"https:\\\/\\\/secure.gravatar.com\\\/avatar\\\/f562caee940d39879c20e90eea3e4b21860c7d4c96684c23141c554824f0059c?s=96&d=mm&r=g\",\"url\":\"https:\\\/\\\/secure.gravatar.com\\\/avatar\\\/f562caee940d39879c20e90eea3e4b21860c7d4c96684c23141c554824f0059c?s=96&d=mm&r=g\",\"contentUrl\":\"https:\\\/\\\/secure.gravatar.com\\\/avatar\\\/f562caee940d39879c20e90eea3e4b21860c7d4c96684c23141c554824f0059c?s=96&d=mm&r=g\",\"caption\":\"Marcelo Oliveira de A. Maranhao\"},\"url\":\"https:\\\/\\\/diariodepe.com.br\\\/xinhua\\\/author\\\/marcelo-maranhao\\\/\"}]}<\/script>\n<!-- \/ Yoast SEO plugin. -->","yoast_head_json":{"title":"Segunda classe da esta\u00e7\u00e3o espacial da China \u00e9 agendada para 23 de mar\u00e7o - Xinhua - Diario de Pernambuco","robots":{"index":"index","follow":"follow","max-snippet":"max-snippet:-1","max-image-preview":"max-image-preview:large","max-video-preview":"max-video-preview:-1"},"canonical":"https:\/\/diariodepe.com.br\/xinhua\/2022\/03\/21\/segunda-classe-da-estacao-espacial-da-china-e-agendada-para-23-de-marco\/","og_locale":"pt_BR","og_type":"article","og_title":"Segunda classe da esta\u00e7\u00e3o espacial da China \u00e9 agendada para 23 de mar\u00e7o - Xinhua - Diario de Pernambuco","og_description":"Beijing &#8211; A segunda palestra da esta\u00e7\u00e3o espacial chinesa Tiangong est\u00e1 marcada para as 15h40 em 23 de mar\u00e7o, anunciou a Ag\u00eancia Espacial Tripulada da China na sexta-feira. A palestra ser\u00e1 dada pelos astronautas de Shenzhou-13, Zhai Zhigang, Wang Yaping...","og_url":"https:\/\/diariodepe.com.br\/xinhua\/2022\/03\/21\/segunda-classe-da-estacao-espacial-da-china-e-agendada-para-23-de-marco\/","og_site_name":"Xinhua - Diario de Pernambuco","article_published_time":"2022-03-21T10:57:38+00:00","article_modified_time":"2022-03-21T10:58:07+00:00","og_image":[{"width":2560,"height":1614,"url":"https:\/\/diariodepe.com.br\/xinhua\/wp-content\/uploads\/sites\/3\/2022\/03\/1310521182_16476888159741n-scaled.jpg","type":"image\/jpeg"}],"author":"Marcelo Oliveira de A. Maranhao","twitter_card":"summary_large_image","twitter_misc":{"Escrito por":"Marcelo Oliveira de A. Maranhao","Est. tempo de leitura":"1 minuto"},"schema":{"@context":"https:\/\/schema.org","@graph":[{"@type":"Article","@id":"https:\/\/diariodepe.com.br\/xinhua\/2022\/03\/21\/segunda-classe-da-estacao-espacial-da-china-e-agendada-para-23-de-marco\/#article","isPartOf":{"@id":"https:\/\/diariodepe.com.br\/xinhua\/2022\/03\/21\/segunda-classe-da-estacao-espacial-da-china-e-agendada-para-23-de-marco\/"},"author":{"name":"Marcelo Oliveira de A. Maranhao","@id":"https:\/\/diariodepe.com.br\/xinhua\/#\/schema\/person\/0943d6fd02bdc7b49c8f495e8787a2cb"},"headline":"Segunda classe da esta\u00e7\u00e3o espacial da China \u00e9 agendada para 23 de mar\u00e7o","datePublished":"2022-03-21T10:57:38+00:00","dateModified":"2022-03-21T10:58:07+00:00","mainEntityOfPage":{"@id":"https:\/\/diariodepe.com.br\/xinhua\/2022\/03\/21\/segunda-classe-da-estacao-espacial-da-china-e-agendada-para-23-de-marco\/"},"wordCount":222,"commentCount":0,"publisher":{"@id":"https:\/\/diariodepe.com.br\/xinhua\/#organization"},"image":{"@id":"https:\/\/diariodepe.com.br\/xinhua\/2022\/03\/21\/segunda-classe-da-estacao-espacial-da-china-e-agendada-para-23-de-marco\/#primaryimage"},"thumbnailUrl":"https:\/\/diariodepe.com.br\/xinhua\/wp-content\/uploads\/sites\/3\/2022\/03\/1310521182_16476888159741n-scaled.jpg","articleSection":["Cultura \/ Tecnologia"],"inLanguage":"pt-BR","potentialAction":[{"@type":"CommentAction","name":"Comment","target":["https:\/\/diariodepe.com.br\/xinhua\/2022\/03\/21\/segunda-classe-da-estacao-espacial-da-china-e-agendada-para-23-de-marco\/#respond"]}]},{"@type":"WebPage","@id":"https:\/\/diariodepe.com.br\/xinhua\/2022\/03\/21\/segunda-classe-da-estacao-espacial-da-china-e-agendada-para-23-de-marco\/","url":"https:\/\/diariodepe.com.br\/xinhua\/2022\/03\/21\/segunda-classe-da-estacao-espacial-da-china-e-agendada-para-23-de-marco\/","name":"Segunda classe da esta\u00e7\u00e3o espacial da China \u00e9 agendada para 23 de mar\u00e7o - Xinhua - Diario de Pernambuco","isPartOf":{"@id":"https:\/\/diariodepe.com.br\/xinhua\/#website"},"primaryImageOfPage":{"@id":"https:\/\/diariodepe.com.br\/xinhua\/2022\/03\/21\/segunda-classe-da-estacao-espacial-da-china-e-agendada-para-23-de-marco\/#primaryimage"},"image":{"@id":"https:\/\/diariodepe.com.br\/xinhua\/2022\/03\/21\/segunda-classe-da-estacao-espacial-da-china-e-agendada-para-23-de-marco\/#primaryimage"},"thumbnailUrl":"https:\/\/diariodepe.com.br\/xinhua\/wp-content\/uploads\/sites\/3\/2022\/03\/1310521182_16476888159741n-scaled.jpg","datePublished":"2022-03-21T10:57:38+00:00","dateModified":"2022-03-21T10:58:07+00:00","breadcrumb":{"@id":"https:\/\/diariodepe.com.br\/xinhua\/2022\/03\/21\/segunda-classe-da-estacao-espacial-da-china-e-agendada-para-23-de-marco\/#breadcrumb"},"inLanguage":"pt-BR","potentialAction":[{"@type":"ReadAction","target":["https:\/\/diariodepe.com.br\/xinhua\/2022\/03\/21\/segunda-classe-da-estacao-espacial-da-china-e-agendada-para-23-de-marco\/"]}]},{"@type":"ImageObject","inLanguage":"pt-BR","@id":"https:\/\/diariodepe.com.br\/xinhua\/2022\/03\/21\/segunda-classe-da-estacao-espacial-da-china-e-agendada-para-23-de-marco\/#primaryimage","url":"https:\/\/diariodepe.com.br\/xinhua\/wp-content\/uploads\/sites\/3\/2022\/03\/1310521182_16476888159741n-scaled.jpg","contentUrl":"https:\/\/diariodepe.com.br\/xinhua\/wp-content\/uploads\/sites\/3\/2022\/03\/1310521182_16476888159741n-scaled.jpg","width":2560,"height":1614,"caption":"Imagem de tela capturada no Centro de Controle Aeroespacial de Beijing em Beijing, capital da China, em 16 de outubro de 2021, mostra tr\u00eas astronautas chineses, Zhai Zhigang (Centro), Wang Yaping (Direita) and Ye Guangfu, acenando depois de terem entrado no m\u00f3dulo central da esta\u00e7\u00e3o espacial Tianhe. (Xinhua\/Tian Dingyu)"},{"@type":"BreadcrumbList","@id":"https:\/\/diariodepe.com.br\/xinhua\/2022\/03\/21\/segunda-classe-da-estacao-espacial-da-china-e-agendada-para-23-de-marco\/#breadcrumb","itemListElement":[{"@type":"ListItem","position":1,"name":"In\u00edcio","item":"https:\/\/diariodepe.com.br\/xinhua\/"},{"@type":"ListItem","position":2,"name":"Segunda classe da esta\u00e7\u00e3o espacial da China \u00e9 agendada para 23 de mar\u00e7o"}]},{"@type":"WebSite","@id":"https:\/\/diariodepe.com.br\/xinhua\/#website","url":"https:\/\/diariodepe.com.br\/xinhua\/","name":"Xinhua - Diario de Pernambuco","description":"A maior ag\u00eancia de not\u00edcias da China e um dos principais canais para conhecer o pa\u00eds","publisher":{"@id":"https:\/\/diariodepe.com.br\/xinhua\/#organization"},"potentialAction":[{"@type":"SearchAction","target":{"@type":"EntryPoint","urlTemplate":"https:\/\/diariodepe.com.br\/xinhua\/?s={search_term_string}"},"query-input":{"@type":"PropertyValueSpecification","valueRequired":true,"valueName":"search_term_string"}}],"inLanguage":"pt-BR"},{"@type":"Organization","@id":"https:\/\/diariodepe.com.br\/xinhua\/#organization","name":"Xinhua - Diario de Pernambuco","url":"https:\/\/diariodepe.com.br\/xinhua\/","logo":{"@type":"ImageObject","inLanguage":"pt-BR","@id":"https:\/\/diariodepe.com.br\/xinhua\/#\/schema\/logo\/image\/","url":"https:\/\/diariodepe.com.br\/xinhua\/wp-content\/uploads\/sites\/3\/2020\/10\/cropped-logo-transparente-2.png","contentUrl":"https:\/\/diariodepe.com.br\/xinhua\/wp-content\/uploads\/sites\/3\/2020\/10\/cropped-logo-transparente-2.png","width":512,"height":164,"caption":"Xinhua - Diario de Pernambuco"},"image":{"@id":"https:\/\/diariodepe.com.br\/xinhua\/#\/schema\/logo\/image\/"}},{"@type":"Person","@id":"https:\/\/diariodepe.com.br\/xinhua\/#\/schema\/person\/0943d6fd02bdc7b49c8f495e8787a2cb","name":"Marcelo Oliveira de A. Maranhao","image":{"@type":"ImageObject","inLanguage":"pt-BR","@id":"https:\/\/secure.gravatar.com\/avatar\/f562caee940d39879c20e90eea3e4b21860c7d4c96684c23141c554824f0059c?s=96&d=mm&r=g","url":"https:\/\/secure.gravatar.com\/avatar\/f562caee940d39879c20e90eea3e4b21860c7d4c96684c23141c554824f0059c?s=96&d=mm&r=g","contentUrl":"https:\/\/secure.gravatar.com\/avatar\/f562caee940d39879c20e90eea3e4b21860c7d4c96684c23141c554824f0059c?s=96&d=mm&r=g","caption":"Marcelo Oliveira de A. Maranhao"},"url":"https:\/\/diariodepe.com.br\/xinhua\/author\/marcelo-maranhao\/"}]}},"cc_featured_image_caption":{"caption_text":"","source_text":"","source_url":""},"amp_enabled":true,"_links":{"self":[{"href":"https:\/\/diariodepe.com.br\/xinhua\/wp-json\/wp\/v2\/posts\/5795","targetHints":{"allow":["GET"]}}],"collection":[{"href":"https:\/\/diariodepe.com.br\/xinhua\/wp-json\/wp\/v2\/posts"}],"about":[{"href":"https:\/\/diariodepe.com.br\/xinhua\/wp-json\/wp\/v2\/types\/post"}],"author":[{"embeddable":true,"href":"https:\/\/diariodepe.com.br\/xinhua\/wp-json\/wp\/v2\/users\/3"}],"replies":[{"embeddable":true,"href":"https:\/\/diariodepe.com.br\/xinhua\/wp-json\/wp\/v2\/comments?post=5795"}],"version-history":[{"count":1,"href":"https:\/\/diariodepe.com.br\/xinhua\/wp-json\/wp\/v2\/posts\/5795\/revisions"}],"predecessor-version":[{"id":5797,"href":"https:\/\/diariodepe.com.br\/xinhua\/wp-json\/wp\/v2\/posts\/5795\/revisions\/5797"}],"wp:featuredmedia":[{"embeddable":true,"href":"https:\/\/diariodepe.com.br\/xinhua\/wp-json\/wp\/v2\/media\/5796"}],"wp:attachment":[{"href":"https:\/\/diariodepe.com.br\/xinhua\/wp-json\/wp\/v2\/media?parent=5795"}],"wp:term":[{"taxonomy":"category","embeddable":true,"href":"https:\/\/diariodepe.com.br\/xinhua\/wp-json\/wp\/v2\/categories?post=5795"},{"taxonomy":"post_tag","embeddable":true,"href":"https:\/\/diariodepe.com.br\/xinhua\/wp-json\/wp\/v2\/tags?post=5795"}],"curies":[{"name":"wp","href":"https:\/\/api.w.org\/{rel}","templated":true}]}}