{"id":5774,"date":"2022-03-17T14:00:00","date_gmt":"2022-03-17T17:00:00","guid":{"rendered":"http:\/\/www.diariodepe.com.br\/xinhua\/?p=5774"},"modified":"2022-03-17T10:34:38","modified_gmt":"2022-03-17T13:34:38","slug":"fabricante-de-avioes-brasileiro-mira-mercado-de-carga-aerea-em-expansao-da-china","status":"publish","type":"post","link":"https:\/\/diariodepe.com.br\/xinhua\/2022\/03\/17\/fabricante-de-avioes-brasileiro-mira-mercado-de-carga-aerea-em-expansao-da-china\/","title":{"rendered":"Fabricante de avi\u00f5es brasileiro mira mercado de carga a\u00e9rea em expans\u00e3o da China"},"content":{"rendered":"\n<p>Por Hu Tao, rep\u00f3rter da Xinhua<\/p>\n\n\n\n<p>Beijing, 17 mar &#8211; A fabricante brasileira de avi\u00f5es Embraer est\u00e1 otimista com o crescente mercado de carga a\u00e9rea da China e est\u00e1 disposta a apoiar o progresso dos setores na coopera\u00e7\u00e3o com parceiros locais, afirmaram os executivos seniores da empresa.<\/p>\n\n\n\n<p>&#8220;A China tem desempenhado pap\u00e9is-chave na manuten\u00e7\u00e3o da cadeia de suprimentos e da cadeia industrial global, especialmente durante o per\u00edodo da pandemia global, destacando o valor do setor de carga a\u00e9rea&#8221;, disse Guo Qing, diretor-gerente da Embraer China.<\/p>\n\n\n\n<p>O crescimento de alta qualidade do pa\u00eds criar\u00e1 novas oportunidades de mercado para os agentes globais, acrescentou Guo.<\/p>\n\n\n\n<p>O mercado de carga a\u00e9rea da China \u00e9 um destaque no mercado global, segundo Guo, e assim como outros mercados, \u00e9 alimentado por demandas dos setores de com\u00e9rcio eletr\u00f4nico e log\u00edstica. Mostra tamb\u00e9m exig\u00eancias \u00fanicas e ecologia de mercado em linha com as condi\u00e7\u00f5es socioecon\u00f4micas e o ambiente geogr\u00e1fico do pa\u00eds, disse.<\/p>\n\n\n\n<p>Em 2021, a China processou at\u00e9 108,3 mil milh\u00f5es de encomendas expressas, um aumento anual de 29,9%. O volume de encomendas representou metade do total global, mostram as estat\u00edsticas do departamento estatal de correios.<\/p>\n\n\n\n<p>&#8220;Um mercado de carga a\u00e9rea melhorado ser\u00e1 alimentado pelo paradigma de desenvolvimento da dupla circula\u00e7\u00e3o da China, onde os mercados interno e externo se refor\u00e7am mutuamente&#8221;, explicou Guo.<\/p>\n\n\n\n<p>Ele disse que a atualiza\u00e7\u00e3o do consumo do pa\u00eds promover\u00e1 a ind\u00fastria log\u00edstica, incluindo o crescente setor de cadeia fria de carga a\u00e9rea, e a atualiza\u00e7\u00e3o da ind\u00fastria impulsionar\u00e1 a reconstru\u00e7\u00e3o da cadeia industrial.<\/p>\n\n\n\n<p>&#8220;Ambas as atualiza\u00e7\u00f5es exigir\u00e3o servi\u00e7os de log\u00edstica a\u00e9rea mais r\u00e1pidos e mais eficientes. A Embraer lan\u00e7ou recentemente o projeto de convers\u00e3o de aeronaves de passageiros para cargueiros da s\u00e9rie E-Jet, para fornecer ao mercado cargueiros de pequeno porte e de carga normal&#8221;, apontou.<\/p>\n\n\n\n<p>A Embraer prev\u00ea uma demanda de mercado para cerca de 700 cargueiros de pequeno porte e de carga normal nos pr\u00f3ximos 20 anos. Entre os quais, o mercado chin\u00eas dever\u00e1 demandar 240 cargueiros desse porte, representando 34% do total global.<\/p>\n\n\n\n<p>&#8220;Al\u00e9m de v\u00e1rios modelos de aeronaves, a Embraer tamb\u00e9m pode fornecer aos clientes servi\u00e7os de ciclo de vida completo, desde suporte de pe\u00e7as de reposi\u00e7\u00e3o at\u00e9 leasing financeiro, entre outros&#8221;, disse Mike Xu, diretor de opera\u00e7\u00f5es da Embraer China.<\/p>\n\n\n\n<p>&#8220;Juntamente com os parceiros locais, tamb\u00e9m estabelecemos uma rede completa de treinamento de pilotos para melhor atender nossos clientes chineses&#8221;, acrescentou Xu.<\/p>\n\n\n\n<p>At\u00e9 o final de 2025, a China ter\u00e1 mais de 270 aeroportos de transporte civil, que atender\u00e3o 17 milh\u00f5es de voos por ano, de acordo com um plano de desenvolvimento da ind\u00fastria de avia\u00e7\u00e3o civil do pa\u00eds durante o per\u00edodo do 14\u00ba Plano Quinquenal (2021-2025).<\/p>\n\n\n\n<p>O setor de avia\u00e7\u00e3o civil do pa\u00eds lidar\u00e1 com 930 milh\u00f5es de viagens de passageiros e 9,5 milh\u00f5es de toneladas de carga e encomendas anualmente at\u00e9 2025, segundo o plano divulgado pela Administra\u00e7\u00e3o Estatal de Avia\u00e7\u00e3o Civil da China.<\/p>\n","protected":false},"excerpt":{"rendered":"<p>Por Hu Tao, rep\u00f3rter da Xinhua Beijing, 17 mar &#8211; A fabricante brasileira de avi\u00f5es Embraer est\u00e1 otimista com o crescente mercado de carga a\u00e9rea da China e est\u00e1 disposta a apoiar o progresso dos setores na coopera\u00e7\u00e3o com parceiros&#8230;<\/p>\n","protected":false},"author":3,"featured_media":0,"comment_status":"open","ping_status":"open","sticky":false,"template":"","format":"standard","meta":{"footnotes":""},"categories":[5],"tags":[],"class_list":["post-5774","post","type-post","status-publish","format-standard","hentry","category-economia"],"yoast_head":"<!-- This site is optimized with the Yoast SEO plugin v27.4 - https:\/\/yoast.com\/product\/yoast-seo-wordpress\/ -->\n<title>Fabricante de avi\u00f5es brasileiro mira mercado de carga a\u00e9rea em expans\u00e3o da China - Xinhua - Diario de Pernambuco<\/title>\n<meta name=\"robots\" content=\"index, follow, max-snippet:-1, max-image-preview:large, max-video-preview:-1\" \/>\n<link rel=\"canonical\" href=\"https:\/\/diariodepe.com.br\/xinhua\/2022\/03\/17\/fabricante-de-avioes-brasileiro-mira-mercado-de-carga-aerea-em-expansao-da-china\/\" \/>\n<meta property=\"og:locale\" content=\"pt_BR\" \/>\n<meta property=\"og:type\" content=\"article\" \/>\n<meta property=\"og:title\" content=\"Fabricante de avi\u00f5es brasileiro mira mercado de carga a\u00e9rea em expans\u00e3o da China - Xinhua - Diario de Pernambuco\" \/>\n<meta property=\"og:description\" content=\"Por Hu Tao, rep\u00f3rter da Xinhua Beijing, 17 mar &#8211; A fabricante brasileira de avi\u00f5es Embraer est\u00e1 otimista com o crescente mercado de carga a\u00e9rea da China e est\u00e1 disposta a apoiar o progresso dos setores na coopera\u00e7\u00e3o com parceiros...\" \/>\n<meta property=\"og:url\" content=\"https:\/\/diariodepe.com.br\/xinhua\/2022\/03\/17\/fabricante-de-avioes-brasileiro-mira-mercado-de-carga-aerea-em-expansao-da-china\/\" \/>\n<meta property=\"og:site_name\" content=\"Xinhua - Diario de Pernambuco\" \/>\n<meta property=\"article:published_time\" content=\"2022-03-17T17:00:00+00:00\" \/>\n<meta name=\"author\" content=\"Marcelo Oliveira de A. Maranhao\" \/>\n<meta name=\"twitter:card\" content=\"summary_large_image\" \/>\n<meta name=\"twitter:label1\" content=\"Escrito por\" \/>\n\t<meta name=\"twitter:data1\" content=\"Marcelo Oliveira de A. Maranhao\" \/>\n\t<meta name=\"twitter:label2\" content=\"Est. tempo de leitura\" \/>\n\t<meta name=\"twitter:data2\" content=\"3 minutos\" \/>\n<script type=\"application\/ld+json\" class=\"yoast-schema-graph\">{\"@context\":\"https:\\\/\\\/schema.org\",\"@graph\":[{\"@type\":\"Article\",\"@id\":\"https:\\\/\\\/diariodepe.com.br\\\/xinhua\\\/2022\\\/03\\\/17\\\/fabricante-de-avioes-brasileiro-mira-mercado-de-carga-aerea-em-expansao-da-china\\\/#article\",\"isPartOf\":{\"@id\":\"https:\\\/\\\/diariodepe.com.br\\\/xinhua\\\/2022\\\/03\\\/17\\\/fabricante-de-avioes-brasileiro-mira-mercado-de-carga-aerea-em-expansao-da-china\\\/\"},\"author\":{\"name\":\"Marcelo Oliveira de A. Maranhao\",\"@id\":\"https:\\\/\\\/diariodepe.com.br\\\/xinhua\\\/#\\\/schema\\\/person\\\/0943d6fd02bdc7b49c8f495e8787a2cb\"},\"headline\":\"Fabricante de avi\u00f5es brasileiro mira mercado de carga a\u00e9rea em expans\u00e3o da China\",\"datePublished\":\"2022-03-17T17:00:00+00:00\",\"mainEntityOfPage\":{\"@id\":\"https:\\\/\\\/diariodepe.com.br\\\/xinhua\\\/2022\\\/03\\\/17\\\/fabricante-de-avioes-brasileiro-mira-mercado-de-carga-aerea-em-expansao-da-china\\\/\"},\"wordCount\":541,\"commentCount\":0,\"publisher\":{\"@id\":\"https:\\\/\\\/diariodepe.com.br\\\/xinhua\\\/#organization\"},\"articleSection\":[\"Economia\"],\"inLanguage\":\"pt-BR\",\"potentialAction\":[{\"@type\":\"CommentAction\",\"name\":\"Comment\",\"target\":[\"https:\\\/\\\/diariodepe.com.br\\\/xinhua\\\/2022\\\/03\\\/17\\\/fabricante-de-avioes-brasileiro-mira-mercado-de-carga-aerea-em-expansao-da-china\\\/#respond\"]}]},{\"@type\":\"WebPage\",\"@id\":\"https:\\\/\\\/diariodepe.com.br\\\/xinhua\\\/2022\\\/03\\\/17\\\/fabricante-de-avioes-brasileiro-mira-mercado-de-carga-aerea-em-expansao-da-china\\\/\",\"url\":\"https:\\\/\\\/diariodepe.com.br\\\/xinhua\\\/2022\\\/03\\\/17\\\/fabricante-de-avioes-brasileiro-mira-mercado-de-carga-aerea-em-expansao-da-china\\\/\",\"name\":\"Fabricante de avi\u00f5es brasileiro mira mercado de carga a\u00e9rea em expans\u00e3o da China - Xinhua - Diario de Pernambuco\",\"isPartOf\":{\"@id\":\"https:\\\/\\\/diariodepe.com.br\\\/xinhua\\\/#website\"},\"datePublished\":\"2022-03-17T17:00:00+00:00\",\"breadcrumb\":{\"@id\":\"https:\\\/\\\/diariodepe.com.br\\\/xinhua\\\/2022\\\/03\\\/17\\\/fabricante-de-avioes-brasileiro-mira-mercado-de-carga-aerea-em-expansao-da-china\\\/#breadcrumb\"},\"inLanguage\":\"pt-BR\",\"potentialAction\":[{\"@type\":\"ReadAction\",\"target\":[\"https:\\\/\\\/diariodepe.com.br\\\/xinhua\\\/2022\\\/03\\\/17\\\/fabricante-de-avioes-brasileiro-mira-mercado-de-carga-aerea-em-expansao-da-china\\\/\"]}]},{\"@type\":\"BreadcrumbList\",\"@id\":\"https:\\\/\\\/diariodepe.com.br\\\/xinhua\\\/2022\\\/03\\\/17\\\/fabricante-de-avioes-brasileiro-mira-mercado-de-carga-aerea-em-expansao-da-china\\\/#breadcrumb\",\"itemListElement\":[{\"@type\":\"ListItem\",\"position\":1,\"name\":\"In\u00edcio\",\"item\":\"https:\\\/\\\/diariodepe.com.br\\\/xinhua\\\/\"},{\"@type\":\"ListItem\",\"position\":2,\"name\":\"Fabricante de avi\u00f5es brasileiro mira mercado de carga a\u00e9rea em expans\u00e3o da China\"}]},{\"@type\":\"WebSite\",\"@id\":\"https:\\\/\\\/diariodepe.com.br\\\/xinhua\\\/#website\",\"url\":\"https:\\\/\\\/diariodepe.com.br\\\/xinhua\\\/\",\"name\":\"Xinhua - Diario de Pernambuco\",\"description\":\"A maior ag\u00eancia de not\u00edcias da China e um dos principais canais para conhecer o pa\u00eds\",\"publisher\":{\"@id\":\"https:\\\/\\\/diariodepe.com.br\\\/xinhua\\\/#organization\"},\"potentialAction\":[{\"@type\":\"SearchAction\",\"target\":{\"@type\":\"EntryPoint\",\"urlTemplate\":\"https:\\\/\\\/diariodepe.com.br\\\/xinhua\\\/?s={search_term_string}\"},\"query-input\":{\"@type\":\"PropertyValueSpecification\",\"valueRequired\":true,\"valueName\":\"search_term_string\"}}],\"inLanguage\":\"pt-BR\"},{\"@type\":\"Organization\",\"@id\":\"https:\\\/\\\/diariodepe.com.br\\\/xinhua\\\/#organization\",\"name\":\"Xinhua - Diario de Pernambuco\",\"url\":\"https:\\\/\\\/diariodepe.com.br\\\/xinhua\\\/\",\"logo\":{\"@type\":\"ImageObject\",\"inLanguage\":\"pt-BR\",\"@id\":\"https:\\\/\\\/diariodepe.com.br\\\/xinhua\\\/#\\\/schema\\\/logo\\\/image\\\/\",\"url\":\"https:\\\/\\\/diariodepe.com.br\\\/xinhua\\\/wp-content\\\/uploads\\\/sites\\\/3\\\/2020\\\/10\\\/cropped-logo-transparente-2.png\",\"contentUrl\":\"https:\\\/\\\/diariodepe.com.br\\\/xinhua\\\/wp-content\\\/uploads\\\/sites\\\/3\\\/2020\\\/10\\\/cropped-logo-transparente-2.png\",\"width\":512,\"height\":164,\"caption\":\"Xinhua - Diario de Pernambuco\"},\"image\":{\"@id\":\"https:\\\/\\\/diariodepe.com.br\\\/xinhua\\\/#\\\/schema\\\/logo\\\/image\\\/\"}},{\"@type\":\"Person\",\"@id\":\"https:\\\/\\\/diariodepe.com.br\\\/xinhua\\\/#\\\/schema\\\/person\\\/0943d6fd02bdc7b49c8f495e8787a2cb\",\"name\":\"Marcelo Oliveira de A. Maranhao\",\"image\":{\"@type\":\"ImageObject\",\"inLanguage\":\"pt-BR\",\"@id\":\"https:\\\/\\\/secure.gravatar.com\\\/avatar\\\/f562caee940d39879c20e90eea3e4b21860c7d4c96684c23141c554824f0059c?s=96&d=mm&r=g\",\"url\":\"https:\\\/\\\/secure.gravatar.com\\\/avatar\\\/f562caee940d39879c20e90eea3e4b21860c7d4c96684c23141c554824f0059c?s=96&d=mm&r=g\",\"contentUrl\":\"https:\\\/\\\/secure.gravatar.com\\\/avatar\\\/f562caee940d39879c20e90eea3e4b21860c7d4c96684c23141c554824f0059c?s=96&d=mm&r=g\",\"caption\":\"Marcelo Oliveira de A. Maranhao\"},\"url\":\"https:\\\/\\\/diariodepe.com.br\\\/xinhua\\\/author\\\/marcelo-maranhao\\\/\"}]}<\/script>\n<!-- \/ Yoast SEO plugin. -->","yoast_head_json":{"title":"Fabricante de avi\u00f5es brasileiro mira mercado de carga a\u00e9rea em expans\u00e3o da China - Xinhua - Diario de Pernambuco","robots":{"index":"index","follow":"follow","max-snippet":"max-snippet:-1","max-image-preview":"max-image-preview:large","max-video-preview":"max-video-preview:-1"},"canonical":"https:\/\/diariodepe.com.br\/xinhua\/2022\/03\/17\/fabricante-de-avioes-brasileiro-mira-mercado-de-carga-aerea-em-expansao-da-china\/","og_locale":"pt_BR","og_type":"article","og_title":"Fabricante de avi\u00f5es brasileiro mira mercado de carga a\u00e9rea em expans\u00e3o da China - Xinhua - Diario de Pernambuco","og_description":"Por Hu Tao, rep\u00f3rter da Xinhua Beijing, 17 mar &#8211; A fabricante brasileira de avi\u00f5es Embraer est\u00e1 otimista com o crescente mercado de carga a\u00e9rea da China e est\u00e1 disposta a apoiar o progresso dos setores na coopera\u00e7\u00e3o com parceiros...","og_url":"https:\/\/diariodepe.com.br\/xinhua\/2022\/03\/17\/fabricante-de-avioes-brasileiro-mira-mercado-de-carga-aerea-em-expansao-da-china\/","og_site_name":"Xinhua - Diario de Pernambuco","article_published_time":"2022-03-17T17:00:00+00:00","author":"Marcelo Oliveira de A. Maranhao","twitter_card":"summary_large_image","twitter_misc":{"Escrito por":"Marcelo Oliveira de A. Maranhao","Est. tempo de leitura":"3 minutos"},"schema":{"@context":"https:\/\/schema.org","@graph":[{"@type":"Article","@id":"https:\/\/diariodepe.com.br\/xinhua\/2022\/03\/17\/fabricante-de-avioes-brasileiro-mira-mercado-de-carga-aerea-em-expansao-da-china\/#article","isPartOf":{"@id":"https:\/\/diariodepe.com.br\/xinhua\/2022\/03\/17\/fabricante-de-avioes-brasileiro-mira-mercado-de-carga-aerea-em-expansao-da-china\/"},"author":{"name":"Marcelo Oliveira de A. Maranhao","@id":"https:\/\/diariodepe.com.br\/xinhua\/#\/schema\/person\/0943d6fd02bdc7b49c8f495e8787a2cb"},"headline":"Fabricante de avi\u00f5es brasileiro mira mercado de carga a\u00e9rea em expans\u00e3o da China","datePublished":"2022-03-17T17:00:00+00:00","mainEntityOfPage":{"@id":"https:\/\/diariodepe.com.br\/xinhua\/2022\/03\/17\/fabricante-de-avioes-brasileiro-mira-mercado-de-carga-aerea-em-expansao-da-china\/"},"wordCount":541,"commentCount":0,"publisher":{"@id":"https:\/\/diariodepe.com.br\/xinhua\/#organization"},"articleSection":["Economia"],"inLanguage":"pt-BR","potentialAction":[{"@type":"CommentAction","name":"Comment","target":["https:\/\/diariodepe.com.br\/xinhua\/2022\/03\/17\/fabricante-de-avioes-brasileiro-mira-mercado-de-carga-aerea-em-expansao-da-china\/#respond"]}]},{"@type":"WebPage","@id":"https:\/\/diariodepe.com.br\/xinhua\/2022\/03\/17\/fabricante-de-avioes-brasileiro-mira-mercado-de-carga-aerea-em-expansao-da-china\/","url":"https:\/\/diariodepe.com.br\/xinhua\/2022\/03\/17\/fabricante-de-avioes-brasileiro-mira-mercado-de-carga-aerea-em-expansao-da-china\/","name":"Fabricante de avi\u00f5es brasileiro mira mercado de carga a\u00e9rea em expans\u00e3o da China - Xinhua - Diario de Pernambuco","isPartOf":{"@id":"https:\/\/diariodepe.com.br\/xinhua\/#website"},"datePublished":"2022-03-17T17:00:00+00:00","breadcrumb":{"@id":"https:\/\/diariodepe.com.br\/xinhua\/2022\/03\/17\/fabricante-de-avioes-brasileiro-mira-mercado-de-carga-aerea-em-expansao-da-china\/#breadcrumb"},"inLanguage":"pt-BR","potentialAction":[{"@type":"ReadAction","target":["https:\/\/diariodepe.com.br\/xinhua\/2022\/03\/17\/fabricante-de-avioes-brasileiro-mira-mercado-de-carga-aerea-em-expansao-da-china\/"]}]},{"@type":"BreadcrumbList","@id":"https:\/\/diariodepe.com.br\/xinhua\/2022\/03\/17\/fabricante-de-avioes-brasileiro-mira-mercado-de-carga-aerea-em-expansao-da-china\/#breadcrumb","itemListElement":[{"@type":"ListItem","position":1,"name":"In\u00edcio","item":"https:\/\/diariodepe.com.br\/xinhua\/"},{"@type":"ListItem","position":2,"name":"Fabricante de avi\u00f5es brasileiro mira mercado de carga a\u00e9rea em expans\u00e3o da China"}]},{"@type":"WebSite","@id":"https:\/\/diariodepe.com.br\/xinhua\/#website","url":"https:\/\/diariodepe.com.br\/xinhua\/","name":"Xinhua - Diario de Pernambuco","description":"A maior ag\u00eancia de not\u00edcias da China e um dos principais canais para conhecer o pa\u00eds","publisher":{"@id":"https:\/\/diariodepe.com.br\/xinhua\/#organization"},"potentialAction":[{"@type":"SearchAction","target":{"@type":"EntryPoint","urlTemplate":"https:\/\/diariodepe.com.br\/xinhua\/?s={search_term_string}"},"query-input":{"@type":"PropertyValueSpecification","valueRequired":true,"valueName":"search_term_string"}}],"inLanguage":"pt-BR"},{"@type":"Organization","@id":"https:\/\/diariodepe.com.br\/xinhua\/#organization","name":"Xinhua - Diario de Pernambuco","url":"https:\/\/diariodepe.com.br\/xinhua\/","logo":{"@type":"ImageObject","inLanguage":"pt-BR","@id":"https:\/\/diariodepe.com.br\/xinhua\/#\/schema\/logo\/image\/","url":"https:\/\/diariodepe.com.br\/xinhua\/wp-content\/uploads\/sites\/3\/2020\/10\/cropped-logo-transparente-2.png","contentUrl":"https:\/\/diariodepe.com.br\/xinhua\/wp-content\/uploads\/sites\/3\/2020\/10\/cropped-logo-transparente-2.png","width":512,"height":164,"caption":"Xinhua - Diario de Pernambuco"},"image":{"@id":"https:\/\/diariodepe.com.br\/xinhua\/#\/schema\/logo\/image\/"}},{"@type":"Person","@id":"https:\/\/diariodepe.com.br\/xinhua\/#\/schema\/person\/0943d6fd02bdc7b49c8f495e8787a2cb","name":"Marcelo Oliveira de A. Maranhao","image":{"@type":"ImageObject","inLanguage":"pt-BR","@id":"https:\/\/secure.gravatar.com\/avatar\/f562caee940d39879c20e90eea3e4b21860c7d4c96684c23141c554824f0059c?s=96&d=mm&r=g","url":"https:\/\/secure.gravatar.com\/avatar\/f562caee940d39879c20e90eea3e4b21860c7d4c96684c23141c554824f0059c?s=96&d=mm&r=g","contentUrl":"https:\/\/secure.gravatar.com\/avatar\/f562caee940d39879c20e90eea3e4b21860c7d4c96684c23141c554824f0059c?s=96&d=mm&r=g","caption":"Marcelo Oliveira de A. Maranhao"},"url":"https:\/\/diariodepe.com.br\/xinhua\/author\/marcelo-maranhao\/"}]}},"cc_featured_image_caption":{"caption_text":"","source_text":"","source_url":""},"amp_enabled":true,"_links":{"self":[{"href":"https:\/\/diariodepe.com.br\/xinhua\/wp-json\/wp\/v2\/posts\/5774","targetHints":{"allow":["GET"]}}],"collection":[{"href":"https:\/\/diariodepe.com.br\/xinhua\/wp-json\/wp\/v2\/posts"}],"about":[{"href":"https:\/\/diariodepe.com.br\/xinhua\/wp-json\/wp\/v2\/types\/post"}],"author":[{"embeddable":true,"href":"https:\/\/diariodepe.com.br\/xinhua\/wp-json\/wp\/v2\/users\/3"}],"replies":[{"embeddable":true,"href":"https:\/\/diariodepe.com.br\/xinhua\/wp-json\/wp\/v2\/comments?post=5774"}],"version-history":[{"count":1,"href":"https:\/\/diariodepe.com.br\/xinhua\/wp-json\/wp\/v2\/posts\/5774\/revisions"}],"predecessor-version":[{"id":5775,"href":"https:\/\/diariodepe.com.br\/xinhua\/wp-json\/wp\/v2\/posts\/5774\/revisions\/5775"}],"wp:attachment":[{"href":"https:\/\/diariodepe.com.br\/xinhua\/wp-json\/wp\/v2\/media?parent=5774"}],"wp:term":[{"taxonomy":"category","embeddable":true,"href":"https:\/\/diariodepe.com.br\/xinhua\/wp-json\/wp\/v2\/categories?post=5774"},{"taxonomy":"post_tag","embeddable":true,"href":"https:\/\/diariodepe.com.br\/xinhua\/wp-json\/wp\/v2\/tags?post=5774"}],"curies":[{"name":"wp","href":"https:\/\/api.w.org\/{rel}","templated":true}]}}