{"id":5769,"date":"2022-03-17T16:27:00","date_gmt":"2022-03-17T19:27:00","guid":{"rendered":"http:\/\/www.diariodepe.com.br\/xinhua\/?p=5769"},"modified":"2022-03-17T10:33:01","modified_gmt":"2022-03-17T13:33:01","slug":"violacao-prolongada-dos-direitos-das-criancas-nos-eua-e-entristecedora-diz-porta-voz-da-chancelaria-chinesa","status":"publish","type":"post","link":"https:\/\/diariodepe.com.br\/xinhua\/2022\/03\/17\/violacao-prolongada-dos-direitos-das-criancas-nos-eua-e-entristecedora-diz-porta-voz-da-chancelaria-chinesa\/","title":{"rendered":"Viola\u00e7\u00e3o prolongada dos direitos das crian\u00e7as nos EUA \u00e9 entristecedora, diz porta-voz da chancelaria chinesa"},"content":{"rendered":"\n<p>Beijing, 17 mar &#8211; Zhao Lijian, porta-voz do Minist\u00e9rio das Rela\u00e7\u00f5es Exteriores chin\u00eas, disse na quarta-feira que a viola\u00e7\u00e3o prolongada dos direitos das crian\u00e7as nos Estados Unidos \u00e9 &#8220;entristecedora e perturbadora&#8221;.<\/p>\n\n\n\n<p>O porta-voz fez as declara\u00e7\u00f5es em uma entrevista coletiva di\u00e1ria em resposta a uma pergunta sobre a express\u00e3o de preocupa\u00e7\u00f5es da China com a viola\u00e7\u00e3o dos direitos das crian\u00e7as nos Estados Unidos durante a 49\u00aa sess\u00e3o do Conselho de Direitos Humanos das Na\u00e7\u00f5es Unidas.<\/p>\n\n\n\n<p>Citando estat\u00edsticas relevantes, Zhao observou que o governo dos EUA deteve at\u00e9 45.000 crian\u00e7as migrantes ilegais em 2021. Ao longo dos \u00faltimos anos, entre as 266.000 crian\u00e7as migrantes detidas pelos Estados Unidos, 25.000 foram detidas por mais de 100 dias.<\/p>\n\n\n\n<p>As instala\u00e7\u00f5es de deten\u00e7\u00e3o relevantes operam sob gest\u00e3o ca\u00f3tica com abusos frequentes, trabalho for\u00e7ado e outras viola\u00e7\u00f5es dos direitos humanos. As crian\u00e7as mantidas em cust\u00f3dia est\u00e3o sofrendo s\u00e9rio traumas f\u00edsicos e mentais, enfatizou Zhao.<\/p>\n\n\n\n<p>&#8220;\u00c9 ainda mais doloroso saber que o governo dos EUA separou \u00e0 for\u00e7a as crian\u00e7as migrantes sob cust\u00f3dia de seus pais, resultando na separa\u00e7\u00e3o familiar de muitos migrantes. Muitas crian\u00e7as ainda n\u00e3o se reuniram com seus pais&#8221;, acrescentou.<\/p>\n\n\n\n<p>Zhao apontou que muitas crian\u00e7as se tornaram v\u00edtimas de tiroteios no campus devido \u00e0 prolifera\u00e7\u00e3o de armas nos Estados Unidos.<\/p>\n\n\n\n<p>&#8220;Olhando para as crian\u00e7as cujos direitos foram violados nos Estados Unidos, n\u00e3o se pode deixar de perguntar: Onde est\u00e3o os &#8216;direitos humanos&#8217; das crian\u00e7as americanas? Elas t\u00eam &#8216;liberdade&#8217;?&#8221;<\/p>\n","protected":false},"excerpt":{"rendered":"<p>Beijing, 17 mar &#8211; Zhao Lijian, porta-voz do Minist\u00e9rio das Rela\u00e7\u00f5es Exteriores chin\u00eas, disse na quarta-feira que a viola\u00e7\u00e3o prolongada dos direitos das crian\u00e7as nos Estados Unidos \u00e9 &#8220;entristecedora e perturbadora&#8221;. O porta-voz fez as declara\u00e7\u00f5es em uma entrevista coletiva&#8230;<\/p>\n","protected":false},"author":3,"featured_media":5770,"comment_status":"open","ping_status":"open","sticky":false,"template":"","format":"standard","meta":{"footnotes":""},"categories":[4],"tags":[],"class_list":["post-5769","post","type-post","status-publish","format-standard","has-post-thumbnail","hentry","category-internacional"],"yoast_head":"<!-- This site is optimized with the Yoast SEO plugin v27.4 - https:\/\/yoast.com\/product\/yoast-seo-wordpress\/ -->\n<title>Viola\u00e7\u00e3o prolongada dos direitos das crian\u00e7as nos EUA \u00e9 entristecedora, diz porta-voz da chancelaria chinesa - Xinhua - Diario de Pernambuco<\/title>\n<meta name=\"robots\" content=\"index, follow, max-snippet:-1, max-image-preview:large, max-video-preview:-1\" \/>\n<link rel=\"canonical\" href=\"https:\/\/diariodepe.com.br\/xinhua\/2022\/03\/17\/violacao-prolongada-dos-direitos-das-criancas-nos-eua-e-entristecedora-diz-porta-voz-da-chancelaria-chinesa\/\" \/>\n<meta property=\"og:locale\" content=\"pt_BR\" \/>\n<meta property=\"og:type\" content=\"article\" \/>\n<meta property=\"og:title\" content=\"Viola\u00e7\u00e3o prolongada dos direitos das crian\u00e7as nos EUA \u00e9 entristecedora, diz porta-voz da chancelaria chinesa - Xinhua - Diario de Pernambuco\" \/>\n<meta property=\"og:description\" content=\"Beijing, 17 mar &#8211; Zhao Lijian, porta-voz do Minist\u00e9rio das Rela\u00e7\u00f5es Exteriores chin\u00eas, disse na quarta-feira que a viola\u00e7\u00e3o prolongada dos direitos das crian\u00e7as nos Estados Unidos \u00e9 &#8220;entristecedora e perturbadora&#8221;. O porta-voz fez as declara\u00e7\u00f5es em uma entrevista coletiva...\" \/>\n<meta property=\"og:url\" content=\"https:\/\/diariodepe.com.br\/xinhua\/2022\/03\/17\/violacao-prolongada-dos-direitos-das-criancas-nos-eua-e-entristecedora-diz-porta-voz-da-chancelaria-chinesa\/\" \/>\n<meta property=\"og:site_name\" content=\"Xinhua - Diario de Pernambuco\" \/>\n<meta property=\"article:published_time\" content=\"2022-03-17T19:27:00+00:00\" \/>\n<meta property=\"og:image\" content=\"https:\/\/diariodepe.com.br\/xinhua\/wp-content\/uploads\/sites\/3\/2022\/03\/1310517944_16474862037251n.jpg\" \/>\n\t<meta property=\"og:image:width\" content=\"600\" \/>\n\t<meta property=\"og:image:height\" content=\"480\" \/>\n\t<meta property=\"og:image:type\" content=\"image\/jpeg\" \/>\n<meta name=\"author\" content=\"Marcelo Oliveira de A. Maranhao\" \/>\n<meta name=\"twitter:card\" content=\"summary_large_image\" \/>\n<meta name=\"twitter:label1\" content=\"Escrito por\" \/>\n\t<meta name=\"twitter:data1\" content=\"Marcelo Oliveira de A. Maranhao\" \/>\n\t<meta name=\"twitter:label2\" content=\"Est. tempo de leitura\" \/>\n\t<meta name=\"twitter:data2\" content=\"2 minutos\" \/>\n<script type=\"application\/ld+json\" class=\"yoast-schema-graph\">{\"@context\":\"https:\\\/\\\/schema.org\",\"@graph\":[{\"@type\":\"Article\",\"@id\":\"https:\\\/\\\/diariodepe.com.br\\\/xinhua\\\/2022\\\/03\\\/17\\\/violacao-prolongada-dos-direitos-das-criancas-nos-eua-e-entristecedora-diz-porta-voz-da-chancelaria-chinesa\\\/#article\",\"isPartOf\":{\"@id\":\"https:\\\/\\\/diariodepe.com.br\\\/xinhua\\\/2022\\\/03\\\/17\\\/violacao-prolongada-dos-direitos-das-criancas-nos-eua-e-entristecedora-diz-porta-voz-da-chancelaria-chinesa\\\/\"},\"author\":{\"name\":\"Marcelo Oliveira de A. Maranhao\",\"@id\":\"https:\\\/\\\/diariodepe.com.br\\\/xinhua\\\/#\\\/schema\\\/person\\\/0943d6fd02bdc7b49c8f495e8787a2cb\"},\"headline\":\"Viola\u00e7\u00e3o prolongada dos direitos das crian\u00e7as nos EUA \u00e9 entristecedora, diz porta-voz da chancelaria chinesa\",\"datePublished\":\"2022-03-17T19:27:00+00:00\",\"mainEntityOfPage\":{\"@id\":\"https:\\\/\\\/diariodepe.com.br\\\/xinhua\\\/2022\\\/03\\\/17\\\/violacao-prolongada-dos-direitos-das-criancas-nos-eua-e-entristecedora-diz-porta-voz-da-chancelaria-chinesa\\\/\"},\"wordCount\":281,\"commentCount\":0,\"publisher\":{\"@id\":\"https:\\\/\\\/diariodepe.com.br\\\/xinhua\\\/#organization\"},\"image\":{\"@id\":\"https:\\\/\\\/diariodepe.com.br\\\/xinhua\\\/2022\\\/03\\\/17\\\/violacao-prolongada-dos-direitos-das-criancas-nos-eua-e-entristecedora-diz-porta-voz-da-chancelaria-chinesa\\\/#primaryimage\"},\"thumbnailUrl\":\"https:\\\/\\\/diariodepe.com.br\\\/xinhua\\\/wp-content\\\/uploads\\\/sites\\\/3\\\/2022\\\/03\\\/1310517944_16474862037251n.jpg\",\"articleSection\":[\"Internacional\"],\"inLanguage\":\"pt-BR\",\"potentialAction\":[{\"@type\":\"CommentAction\",\"name\":\"Comment\",\"target\":[\"https:\\\/\\\/diariodepe.com.br\\\/xinhua\\\/2022\\\/03\\\/17\\\/violacao-prolongada-dos-direitos-das-criancas-nos-eua-e-entristecedora-diz-porta-voz-da-chancelaria-chinesa\\\/#respond\"]}]},{\"@type\":\"WebPage\",\"@id\":\"https:\\\/\\\/diariodepe.com.br\\\/xinhua\\\/2022\\\/03\\\/17\\\/violacao-prolongada-dos-direitos-das-criancas-nos-eua-e-entristecedora-diz-porta-voz-da-chancelaria-chinesa\\\/\",\"url\":\"https:\\\/\\\/diariodepe.com.br\\\/xinhua\\\/2022\\\/03\\\/17\\\/violacao-prolongada-dos-direitos-das-criancas-nos-eua-e-entristecedora-diz-porta-voz-da-chancelaria-chinesa\\\/\",\"name\":\"Viola\u00e7\u00e3o prolongada dos direitos das crian\u00e7as nos EUA \u00e9 entristecedora, diz porta-voz da chancelaria chinesa - Xinhua - Diario de Pernambuco\",\"isPartOf\":{\"@id\":\"https:\\\/\\\/diariodepe.com.br\\\/xinhua\\\/#website\"},\"primaryImageOfPage\":{\"@id\":\"https:\\\/\\\/diariodepe.com.br\\\/xinhua\\\/2022\\\/03\\\/17\\\/violacao-prolongada-dos-direitos-das-criancas-nos-eua-e-entristecedora-diz-porta-voz-da-chancelaria-chinesa\\\/#primaryimage\"},\"image\":{\"@id\":\"https:\\\/\\\/diariodepe.com.br\\\/xinhua\\\/2022\\\/03\\\/17\\\/violacao-prolongada-dos-direitos-das-criancas-nos-eua-e-entristecedora-diz-porta-voz-da-chancelaria-chinesa\\\/#primaryimage\"},\"thumbnailUrl\":\"https:\\\/\\\/diariodepe.com.br\\\/xinhua\\\/wp-content\\\/uploads\\\/sites\\\/3\\\/2022\\\/03\\\/1310517944_16474862037251n.jpg\",\"datePublished\":\"2022-03-17T19:27:00+00:00\",\"breadcrumb\":{\"@id\":\"https:\\\/\\\/diariodepe.com.br\\\/xinhua\\\/2022\\\/03\\\/17\\\/violacao-prolongada-dos-direitos-das-criancas-nos-eua-e-entristecedora-diz-porta-voz-da-chancelaria-chinesa\\\/#breadcrumb\"},\"inLanguage\":\"pt-BR\",\"potentialAction\":[{\"@type\":\"ReadAction\",\"target\":[\"https:\\\/\\\/diariodepe.com.br\\\/xinhua\\\/2022\\\/03\\\/17\\\/violacao-prolongada-dos-direitos-das-criancas-nos-eua-e-entristecedora-diz-porta-voz-da-chancelaria-chinesa\\\/\"]}]},{\"@type\":\"ImageObject\",\"inLanguage\":\"pt-BR\",\"@id\":\"https:\\\/\\\/diariodepe.com.br\\\/xinhua\\\/2022\\\/03\\\/17\\\/violacao-prolongada-dos-direitos-das-criancas-nos-eua-e-entristecedora-diz-porta-voz-da-chancelaria-chinesa\\\/#primaryimage\",\"url\":\"https:\\\/\\\/diariodepe.com.br\\\/xinhua\\\/wp-content\\\/uploads\\\/sites\\\/3\\\/2022\\\/03\\\/1310517944_16474862037251n.jpg\",\"contentUrl\":\"https:\\\/\\\/diariodepe.com.br\\\/xinhua\\\/wp-content\\\/uploads\\\/sites\\\/3\\\/2022\\\/03\\\/1310517944_16474862037251n.jpg\",\"width\":600,\"height\":480},{\"@type\":\"BreadcrumbList\",\"@id\":\"https:\\\/\\\/diariodepe.com.br\\\/xinhua\\\/2022\\\/03\\\/17\\\/violacao-prolongada-dos-direitos-das-criancas-nos-eua-e-entristecedora-diz-porta-voz-da-chancelaria-chinesa\\\/#breadcrumb\",\"itemListElement\":[{\"@type\":\"ListItem\",\"position\":1,\"name\":\"In\u00edcio\",\"item\":\"https:\\\/\\\/diariodepe.com.br\\\/xinhua\\\/\"},{\"@type\":\"ListItem\",\"position\":2,\"name\":\"Viola\u00e7\u00e3o prolongada dos direitos das crian\u00e7as nos EUA \u00e9 entristecedora, diz porta-voz da chancelaria chinesa\"}]},{\"@type\":\"WebSite\",\"@id\":\"https:\\\/\\\/diariodepe.com.br\\\/xinhua\\\/#website\",\"url\":\"https:\\\/\\\/diariodepe.com.br\\\/xinhua\\\/\",\"name\":\"Xinhua - Diario de Pernambuco\",\"description\":\"A maior ag\u00eancia de not\u00edcias da China e um dos principais canais para conhecer o pa\u00eds\",\"publisher\":{\"@id\":\"https:\\\/\\\/diariodepe.com.br\\\/xinhua\\\/#organization\"},\"potentialAction\":[{\"@type\":\"SearchAction\",\"target\":{\"@type\":\"EntryPoint\",\"urlTemplate\":\"https:\\\/\\\/diariodepe.com.br\\\/xinhua\\\/?s={search_term_string}\"},\"query-input\":{\"@type\":\"PropertyValueSpecification\",\"valueRequired\":true,\"valueName\":\"search_term_string\"}}],\"inLanguage\":\"pt-BR\"},{\"@type\":\"Organization\",\"@id\":\"https:\\\/\\\/diariodepe.com.br\\\/xinhua\\\/#organization\",\"name\":\"Xinhua - Diario de Pernambuco\",\"url\":\"https:\\\/\\\/diariodepe.com.br\\\/xinhua\\\/\",\"logo\":{\"@type\":\"ImageObject\",\"inLanguage\":\"pt-BR\",\"@id\":\"https:\\\/\\\/diariodepe.com.br\\\/xinhua\\\/#\\\/schema\\\/logo\\\/image\\\/\",\"url\":\"https:\\\/\\\/diariodepe.com.br\\\/xinhua\\\/wp-content\\\/uploads\\\/sites\\\/3\\\/2020\\\/10\\\/cropped-logo-transparente-2.png\",\"contentUrl\":\"https:\\\/\\\/diariodepe.com.br\\\/xinhua\\\/wp-content\\\/uploads\\\/sites\\\/3\\\/2020\\\/10\\\/cropped-logo-transparente-2.png\",\"width\":512,\"height\":164,\"caption\":\"Xinhua - Diario de Pernambuco\"},\"image\":{\"@id\":\"https:\\\/\\\/diariodepe.com.br\\\/xinhua\\\/#\\\/schema\\\/logo\\\/image\\\/\"}},{\"@type\":\"Person\",\"@id\":\"https:\\\/\\\/diariodepe.com.br\\\/xinhua\\\/#\\\/schema\\\/person\\\/0943d6fd02bdc7b49c8f495e8787a2cb\",\"name\":\"Marcelo Oliveira de A. Maranhao\",\"image\":{\"@type\":\"ImageObject\",\"inLanguage\":\"pt-BR\",\"@id\":\"https:\\\/\\\/secure.gravatar.com\\\/avatar\\\/f562caee940d39879c20e90eea3e4b21860c7d4c96684c23141c554824f0059c?s=96&d=mm&r=g\",\"url\":\"https:\\\/\\\/secure.gravatar.com\\\/avatar\\\/f562caee940d39879c20e90eea3e4b21860c7d4c96684c23141c554824f0059c?s=96&d=mm&r=g\",\"contentUrl\":\"https:\\\/\\\/secure.gravatar.com\\\/avatar\\\/f562caee940d39879c20e90eea3e4b21860c7d4c96684c23141c554824f0059c?s=96&d=mm&r=g\",\"caption\":\"Marcelo Oliveira de A. Maranhao\"},\"url\":\"https:\\\/\\\/diariodepe.com.br\\\/xinhua\\\/author\\\/marcelo-maranhao\\\/\"}]}<\/script>\n<!-- \/ Yoast SEO plugin. -->","yoast_head_json":{"title":"Viola\u00e7\u00e3o prolongada dos direitos das crian\u00e7as nos EUA \u00e9 entristecedora, diz porta-voz da chancelaria chinesa - Xinhua - Diario de Pernambuco","robots":{"index":"index","follow":"follow","max-snippet":"max-snippet:-1","max-image-preview":"max-image-preview:large","max-video-preview":"max-video-preview:-1"},"canonical":"https:\/\/diariodepe.com.br\/xinhua\/2022\/03\/17\/violacao-prolongada-dos-direitos-das-criancas-nos-eua-e-entristecedora-diz-porta-voz-da-chancelaria-chinesa\/","og_locale":"pt_BR","og_type":"article","og_title":"Viola\u00e7\u00e3o prolongada dos direitos das crian\u00e7as nos EUA \u00e9 entristecedora, diz porta-voz da chancelaria chinesa - Xinhua - Diario de Pernambuco","og_description":"Beijing, 17 mar &#8211; Zhao Lijian, porta-voz do Minist\u00e9rio das Rela\u00e7\u00f5es Exteriores chin\u00eas, disse na quarta-feira que a viola\u00e7\u00e3o prolongada dos direitos das crian\u00e7as nos Estados Unidos \u00e9 &#8220;entristecedora e perturbadora&#8221;. O porta-voz fez as declara\u00e7\u00f5es em uma entrevista coletiva...","og_url":"https:\/\/diariodepe.com.br\/xinhua\/2022\/03\/17\/violacao-prolongada-dos-direitos-das-criancas-nos-eua-e-entristecedora-diz-porta-voz-da-chancelaria-chinesa\/","og_site_name":"Xinhua - Diario de Pernambuco","article_published_time":"2022-03-17T19:27:00+00:00","og_image":[{"width":600,"height":480,"url":"https:\/\/diariodepe.com.br\/xinhua\/wp-content\/uploads\/sites\/3\/2022\/03\/1310517944_16474862037251n.jpg","type":"image\/jpeg"}],"author":"Marcelo Oliveira de A. Maranhao","twitter_card":"summary_large_image","twitter_misc":{"Escrito por":"Marcelo Oliveira de A. Maranhao","Est. tempo de leitura":"2 minutos"},"schema":{"@context":"https:\/\/schema.org","@graph":[{"@type":"Article","@id":"https:\/\/diariodepe.com.br\/xinhua\/2022\/03\/17\/violacao-prolongada-dos-direitos-das-criancas-nos-eua-e-entristecedora-diz-porta-voz-da-chancelaria-chinesa\/#article","isPartOf":{"@id":"https:\/\/diariodepe.com.br\/xinhua\/2022\/03\/17\/violacao-prolongada-dos-direitos-das-criancas-nos-eua-e-entristecedora-diz-porta-voz-da-chancelaria-chinesa\/"},"author":{"name":"Marcelo Oliveira de A. Maranhao","@id":"https:\/\/diariodepe.com.br\/xinhua\/#\/schema\/person\/0943d6fd02bdc7b49c8f495e8787a2cb"},"headline":"Viola\u00e7\u00e3o prolongada dos direitos das crian\u00e7as nos EUA \u00e9 entristecedora, diz porta-voz da chancelaria chinesa","datePublished":"2022-03-17T19:27:00+00:00","mainEntityOfPage":{"@id":"https:\/\/diariodepe.com.br\/xinhua\/2022\/03\/17\/violacao-prolongada-dos-direitos-das-criancas-nos-eua-e-entristecedora-diz-porta-voz-da-chancelaria-chinesa\/"},"wordCount":281,"commentCount":0,"publisher":{"@id":"https:\/\/diariodepe.com.br\/xinhua\/#organization"},"image":{"@id":"https:\/\/diariodepe.com.br\/xinhua\/2022\/03\/17\/violacao-prolongada-dos-direitos-das-criancas-nos-eua-e-entristecedora-diz-porta-voz-da-chancelaria-chinesa\/#primaryimage"},"thumbnailUrl":"https:\/\/diariodepe.com.br\/xinhua\/wp-content\/uploads\/sites\/3\/2022\/03\/1310517944_16474862037251n.jpg","articleSection":["Internacional"],"inLanguage":"pt-BR","potentialAction":[{"@type":"CommentAction","name":"Comment","target":["https:\/\/diariodepe.com.br\/xinhua\/2022\/03\/17\/violacao-prolongada-dos-direitos-das-criancas-nos-eua-e-entristecedora-diz-porta-voz-da-chancelaria-chinesa\/#respond"]}]},{"@type":"WebPage","@id":"https:\/\/diariodepe.com.br\/xinhua\/2022\/03\/17\/violacao-prolongada-dos-direitos-das-criancas-nos-eua-e-entristecedora-diz-porta-voz-da-chancelaria-chinesa\/","url":"https:\/\/diariodepe.com.br\/xinhua\/2022\/03\/17\/violacao-prolongada-dos-direitos-das-criancas-nos-eua-e-entristecedora-diz-porta-voz-da-chancelaria-chinesa\/","name":"Viola\u00e7\u00e3o prolongada dos direitos das crian\u00e7as nos EUA \u00e9 entristecedora, diz porta-voz da chancelaria chinesa - Xinhua - Diario de Pernambuco","isPartOf":{"@id":"https:\/\/diariodepe.com.br\/xinhua\/#website"},"primaryImageOfPage":{"@id":"https:\/\/diariodepe.com.br\/xinhua\/2022\/03\/17\/violacao-prolongada-dos-direitos-das-criancas-nos-eua-e-entristecedora-diz-porta-voz-da-chancelaria-chinesa\/#primaryimage"},"image":{"@id":"https:\/\/diariodepe.com.br\/xinhua\/2022\/03\/17\/violacao-prolongada-dos-direitos-das-criancas-nos-eua-e-entristecedora-diz-porta-voz-da-chancelaria-chinesa\/#primaryimage"},"thumbnailUrl":"https:\/\/diariodepe.com.br\/xinhua\/wp-content\/uploads\/sites\/3\/2022\/03\/1310517944_16474862037251n.jpg","datePublished":"2022-03-17T19:27:00+00:00","breadcrumb":{"@id":"https:\/\/diariodepe.com.br\/xinhua\/2022\/03\/17\/violacao-prolongada-dos-direitos-das-criancas-nos-eua-e-entristecedora-diz-porta-voz-da-chancelaria-chinesa\/#breadcrumb"},"inLanguage":"pt-BR","potentialAction":[{"@type":"ReadAction","target":["https:\/\/diariodepe.com.br\/xinhua\/2022\/03\/17\/violacao-prolongada-dos-direitos-das-criancas-nos-eua-e-entristecedora-diz-porta-voz-da-chancelaria-chinesa\/"]}]},{"@type":"ImageObject","inLanguage":"pt-BR","@id":"https:\/\/diariodepe.com.br\/xinhua\/2022\/03\/17\/violacao-prolongada-dos-direitos-das-criancas-nos-eua-e-entristecedora-diz-porta-voz-da-chancelaria-chinesa\/#primaryimage","url":"https:\/\/diariodepe.com.br\/xinhua\/wp-content\/uploads\/sites\/3\/2022\/03\/1310517944_16474862037251n.jpg","contentUrl":"https:\/\/diariodepe.com.br\/xinhua\/wp-content\/uploads\/sites\/3\/2022\/03\/1310517944_16474862037251n.jpg","width":600,"height":480},{"@type":"BreadcrumbList","@id":"https:\/\/diariodepe.com.br\/xinhua\/2022\/03\/17\/violacao-prolongada-dos-direitos-das-criancas-nos-eua-e-entristecedora-diz-porta-voz-da-chancelaria-chinesa\/#breadcrumb","itemListElement":[{"@type":"ListItem","position":1,"name":"In\u00edcio","item":"https:\/\/diariodepe.com.br\/xinhua\/"},{"@type":"ListItem","position":2,"name":"Viola\u00e7\u00e3o prolongada dos direitos das crian\u00e7as nos EUA \u00e9 entristecedora, diz porta-voz da chancelaria chinesa"}]},{"@type":"WebSite","@id":"https:\/\/diariodepe.com.br\/xinhua\/#website","url":"https:\/\/diariodepe.com.br\/xinhua\/","name":"Xinhua - Diario de Pernambuco","description":"A maior ag\u00eancia de not\u00edcias da China e um dos principais canais para conhecer o pa\u00eds","publisher":{"@id":"https:\/\/diariodepe.com.br\/xinhua\/#organization"},"potentialAction":[{"@type":"SearchAction","target":{"@type":"EntryPoint","urlTemplate":"https:\/\/diariodepe.com.br\/xinhua\/?s={search_term_string}"},"query-input":{"@type":"PropertyValueSpecification","valueRequired":true,"valueName":"search_term_string"}}],"inLanguage":"pt-BR"},{"@type":"Organization","@id":"https:\/\/diariodepe.com.br\/xinhua\/#organization","name":"Xinhua - Diario de Pernambuco","url":"https:\/\/diariodepe.com.br\/xinhua\/","logo":{"@type":"ImageObject","inLanguage":"pt-BR","@id":"https:\/\/diariodepe.com.br\/xinhua\/#\/schema\/logo\/image\/","url":"https:\/\/diariodepe.com.br\/xinhua\/wp-content\/uploads\/sites\/3\/2020\/10\/cropped-logo-transparente-2.png","contentUrl":"https:\/\/diariodepe.com.br\/xinhua\/wp-content\/uploads\/sites\/3\/2020\/10\/cropped-logo-transparente-2.png","width":512,"height":164,"caption":"Xinhua - Diario de Pernambuco"},"image":{"@id":"https:\/\/diariodepe.com.br\/xinhua\/#\/schema\/logo\/image\/"}},{"@type":"Person","@id":"https:\/\/diariodepe.com.br\/xinhua\/#\/schema\/person\/0943d6fd02bdc7b49c8f495e8787a2cb","name":"Marcelo Oliveira de A. Maranhao","image":{"@type":"ImageObject","inLanguage":"pt-BR","@id":"https:\/\/secure.gravatar.com\/avatar\/f562caee940d39879c20e90eea3e4b21860c7d4c96684c23141c554824f0059c?s=96&d=mm&r=g","url":"https:\/\/secure.gravatar.com\/avatar\/f562caee940d39879c20e90eea3e4b21860c7d4c96684c23141c554824f0059c?s=96&d=mm&r=g","contentUrl":"https:\/\/secure.gravatar.com\/avatar\/f562caee940d39879c20e90eea3e4b21860c7d4c96684c23141c554824f0059c?s=96&d=mm&r=g","caption":"Marcelo Oliveira de A. Maranhao"},"url":"https:\/\/diariodepe.com.br\/xinhua\/author\/marcelo-maranhao\/"}]}},"cc_featured_image_caption":{"caption_text":"","source_text":"","source_url":""},"amp_enabled":true,"_links":{"self":[{"href":"https:\/\/diariodepe.com.br\/xinhua\/wp-json\/wp\/v2\/posts\/5769","targetHints":{"allow":["GET"]}}],"collection":[{"href":"https:\/\/diariodepe.com.br\/xinhua\/wp-json\/wp\/v2\/posts"}],"about":[{"href":"https:\/\/diariodepe.com.br\/xinhua\/wp-json\/wp\/v2\/types\/post"}],"author":[{"embeddable":true,"href":"https:\/\/diariodepe.com.br\/xinhua\/wp-json\/wp\/v2\/users\/3"}],"replies":[{"embeddable":true,"href":"https:\/\/diariodepe.com.br\/xinhua\/wp-json\/wp\/v2\/comments?post=5769"}],"version-history":[{"count":1,"href":"https:\/\/diariodepe.com.br\/xinhua\/wp-json\/wp\/v2\/posts\/5769\/revisions"}],"predecessor-version":[{"id":5771,"href":"https:\/\/diariodepe.com.br\/xinhua\/wp-json\/wp\/v2\/posts\/5769\/revisions\/5771"}],"wp:featuredmedia":[{"embeddable":true,"href":"https:\/\/diariodepe.com.br\/xinhua\/wp-json\/wp\/v2\/media\/5770"}],"wp:attachment":[{"href":"https:\/\/diariodepe.com.br\/xinhua\/wp-json\/wp\/v2\/media?parent=5769"}],"wp:term":[{"taxonomy":"category","embeddable":true,"href":"https:\/\/diariodepe.com.br\/xinhua\/wp-json\/wp\/v2\/categories?post=5769"},{"taxonomy":"post_tag","embeddable":true,"href":"https:\/\/diariodepe.com.br\/xinhua\/wp-json\/wp\/v2\/tags?post=5769"}],"curies":[{"name":"wp","href":"https:\/\/api.w.org\/{rel}","templated":true}]}}