{"id":5289,"date":"2022-02-14T15:35:00","date_gmt":"2022-02-14T18:35:00","guid":{"rendered":"http:\/\/www.diariodepe.com.br\/xinhua\/?p=5289"},"modified":"2022-02-14T11:37:41","modified_gmt":"2022-02-14T14:37:41","slug":"china-e-holanda-fortalecerao-lacos-e-cooperacao","status":"publish","type":"post","link":"https:\/\/diariodepe.com.br\/xinhua\/2022\/02\/14\/china-e-holanda-fortalecerao-lacos-e-cooperacao\/","title":{"rendered":"\u00a0China e Holanda fortalecer\u00e3o la\u00e7os e coopera\u00e7\u00e3o"},"content":{"rendered":"\n<p>Beijing &#8211; A China e a Holanda devem aproveitar a oportunidade do 50\u00ba anivers\u00e1rio dos la\u00e7os diplom\u00e1ticos para impulsionar as rela\u00e7\u00f5es bilaterais e a coopera\u00e7\u00e3o, disse nesta sexta-feira o conselheiro de Estado e ministro das Rela\u00e7\u00f5es Exteriores da China, Wang Yi.<\/p>\n\n\n\n<p>Ele fez as observa\u00e7\u00f5es durante uma conversa por telefone com o vice-primeiro-ministro e ministro das Rela\u00e7\u00f5es Exteriores da Holanda, Wopke Hoekstra, durante a qual ele tamb\u00e9m parabenizou Hoekstra por assumir o novo cargo.<\/p>\n\n\n\n<p>Chamando a Holanda de parceiro importante na Europa, Wang disse que a China atribui grande import\u00e2ncia ao desenvolvimento das rela\u00e7\u00f5es com o pa\u00eds.<\/p>\n\n\n\n<p>Os dois chefes de Estado definiram conjuntamente o posicionamento de uma parceria aberta e pragm\u00e1tica para a coopera\u00e7\u00e3o abrangente entre os dois pa\u00edses, o que reflete plenamente as caracter\u00edsticas dos la\u00e7os bilaterais e dos objetivos futuros de desenvolvimento, acrescentou.<\/p>\n\n\n\n<p>Lembrando que este ano marca o 50\u00ba anivers\u00e1rio de suas rela\u00e7\u00f5es diplom\u00e1ticas, Wang apontou que os dois lados devem aproveitar esta oportunidade para implementar o consenso alcan\u00e7ado pelos seus l\u00edderes, aproveitar a experi\u00eancia bem-sucedida na coopera\u00e7\u00e3o bilateral e fazer planos para o desenvolvimento futuro, de modo a contribuir mais para o desenvolvimento de ambos os pa\u00edses, bem como para a paz e a estabilidade do mundo.<\/p>\n\n\n\n<p>O volume comercial bilateral e o investimento em duas dire\u00e7\u00f5es aumentaram contra as probabilidades no ano passado, ressaltou ele, observando que a Holanda, depois da Alemanha, se tornou o segundo maior parceiro comercial da China na Europa, com o com\u00e9rcio bilateral ultrapassando US$ 100 bilh\u00f5es. Isso reflete plenamente o grande potencial de coopera\u00e7\u00e3o entre os dois pa\u00edses, acrescentou Wang.<\/p>\n\n\n\n<p>Ambos os lados devem continuar a aprofundar a coopera\u00e7\u00e3o com uma atitude de abertura e um esp\u00edrito de pragmatismo, destacou, acrescentando que seu pa\u00eds apoia a cria\u00e7\u00e3o de um conselho empresarial China-Holanda e sa\u00fada o lado holand\u00eas para organizar &#8220;visitas em nuvem&#8221; \u00e0 China para suas delega\u00e7\u00f5es comerciais e econ\u00f4micas.<\/p>\n\n\n\n<p>Wang tamb\u00e9m observou que os dois lados devem aprofundar a coopera\u00e7\u00e3o internacional em \u00e1reas como as mudan\u00e7as clim\u00e1ticas, acrescentando que a China espera que a Holanda apoie e participe ativamente da Iniciativa de Desenvolvimento Global e da Iniciativa Global de Seguran\u00e7a de Dados, propostas pela China, de modo a promover conjuntamente o desenvolvimento sustent\u00e1vel global.<\/p>\n\n\n\n<p>Ele assinalou que a Holanda \u00e9 um membro fundador e central da Uni\u00e3o Europeia (UE), acrescentando que, como duas grandes for\u00e7as independentes no mundo, a China e a UE compartilham amplos interesses comuns.<\/p>\n\n\n\n<p>A China e a UE devem manter o posicionamento de parceiros estrat\u00e9gicos abrangentes, manter o di\u00e1logo e a coopera\u00e7\u00e3o como pilar e garantir que as rela\u00e7\u00f5es bilaterais estejam sempre no caminho certo de um desenvolvimento saud\u00e1vel e est\u00e1vel, explicou Wang, acrescentando que a China espera que o lado holand\u00eas tenha um papel ativo e positivo na inje\u00e7\u00e3o de mais estabilidade e vitalidade nas rela\u00e7\u00f5es China-UE.<\/p>\n\n\n\n<p>Observando que, apesar da pandemia da COVID-19, a China cumpriu seu compromisso de receber os Jogos Ol\u00edmpicos de Inverno de Beijing como programado, Wang espera e acredita que estas olimp\u00edadas trar\u00e3o mais confian\u00e7a e esperan\u00e7a para as pessoas de todos os pa\u00edses e encorajar\u00e3o a comunidade internacional a praticar o esp\u00edrito ol\u00edmpico de solidariedade e enfrentar conjuntamente v\u00e1rios desafios globais.<\/p>\n\n\n\n<p>A China parabeniza a Holanda, que enviou a maior delega\u00e7\u00e3o ol\u00edmpica de inverno de sua hist\u00f3ria, pelo seu excelente desempenho at\u00e9 agora e deseja \u00e0 delega\u00e7\u00e3o holandesa mais sucesso nos pr\u00f3ximos jogos.<\/p>\n\n\n\n<p>Por sua vez, Hoekstra parabenizou a China por ser anfitri\u00e3 dos Jogos Ol\u00edmpicos de Inverno de Beijing com sucesso, elogiou a maravilhosa cerim\u00f4nia de abertura e a excelente organiza\u00e7\u00e3o do evento.<\/p>\n\n\n\n<p>Ele espera que o esp\u00edrito de solidariedade demonstrado nos esportes possa ser passado para a pol\u00edtica e promover a coopera\u00e7\u00e3o internacional.<\/p>\n\n\n\n<p>A Holanda, salientou ele, d\u00e1 grande import\u00e2ncia \u00e0s novas oportunidades trazidas pelo 50\u00ba anivers\u00e1rio do estabelecimento das rela\u00e7\u00f5es diplom\u00e1ticas com a China e est\u00e1 pronta para fortalecer o interc\u00e2mbio bilateral em todos os n\u00edveis, aprofundar a coopera\u00e7\u00e3o em economia, com\u00e9rcio, ci\u00eancia e tecnologia, esportes e assuntos internacionais, e expandir continuamente a profundidade e a amplitude dos la\u00e7os bilaterais.<\/p>\n\n\n\n<p>A Holanda apoia o fortalecimento do di\u00e1logo e dos interc\u00e2mbios entre a UE e a China, o manejo adequado das diferen\u00e7as e o enfrentamento conjunto de desafios globais, como a COVID-19 e as mudan\u00e7as clim\u00e1ticas, disse Hoekstra.<\/p>\n\n\n\n<p>Os dois lados tamb\u00e9m trocaram opini\u00f5es sobre quest\u00f5es internacionais e regionais de interesse comum.<\/p>\n","protected":false},"excerpt":{"rendered":"<p>Beijing &#8211; A China e a Holanda devem aproveitar a oportunidade do 50\u00ba anivers\u00e1rio dos la\u00e7os diplom\u00e1ticos para impulsionar as rela\u00e7\u00f5es bilaterais e a coopera\u00e7\u00e3o, disse nesta sexta-feira o conselheiro de Estado e ministro das Rela\u00e7\u00f5es Exteriores da China, Wang&#8230;<\/p>\n","protected":false},"author":3,"featured_media":5290,"comment_status":"open","ping_status":"open","sticky":false,"template":"","format":"standard","meta":{"footnotes":""},"categories":[4],"tags":[],"class_list":["post-5289","post","type-post","status-publish","format-standard","has-post-thumbnail","hentry","category-internacional"],"yoast_head":"<!-- This site is optimized with the Yoast SEO plugin v27.4 - https:\/\/yoast.com\/product\/yoast-seo-wordpress\/ -->\n<title>\u00a0China e Holanda fortalecer\u00e3o la\u00e7os e coopera\u00e7\u00e3o - Xinhua - Diario de Pernambuco<\/title>\n<meta name=\"robots\" content=\"index, follow, max-snippet:-1, max-image-preview:large, max-video-preview:-1\" \/>\n<link rel=\"canonical\" href=\"https:\/\/diariodepe.com.br\/xinhua\/2022\/02\/14\/china-e-holanda-fortalecerao-lacos-e-cooperacao\/\" \/>\n<meta property=\"og:locale\" content=\"pt_BR\" \/>\n<meta property=\"og:type\" content=\"article\" \/>\n<meta property=\"og:title\" content=\"\u00a0China e Holanda fortalecer\u00e3o la\u00e7os e coopera\u00e7\u00e3o - Xinhua - Diario de Pernambuco\" \/>\n<meta property=\"og:description\" content=\"Beijing &#8211; A China e a Holanda devem aproveitar a oportunidade do 50\u00ba anivers\u00e1rio dos la\u00e7os diplom\u00e1ticos para impulsionar as rela\u00e7\u00f5es bilaterais e a coopera\u00e7\u00e3o, disse nesta sexta-feira o conselheiro de Estado e ministro das Rela\u00e7\u00f5es Exteriores da China, Wang...\" \/>\n<meta property=\"og:url\" content=\"https:\/\/diariodepe.com.br\/xinhua\/2022\/02\/14\/china-e-holanda-fortalecerao-lacos-e-cooperacao\/\" \/>\n<meta property=\"og:site_name\" content=\"Xinhua - Diario de Pernambuco\" \/>\n<meta property=\"article:published_time\" content=\"2022-02-14T18:35:00+00:00\" \/>\n<meta property=\"og:image\" content=\"https:\/\/diariodepe.com.br\/xinhua\/wp-content\/uploads\/sites\/3\/2022\/02\/1310467789_16446656237101n.jpg\" \/>\n\t<meta property=\"og:image:width\" content=\"900\" \/>\n\t<meta property=\"og:image:height\" content=\"600\" \/>\n\t<meta property=\"og:image:type\" content=\"image\/jpeg\" \/>\n<meta name=\"author\" content=\"Marcelo Oliveira de A. Maranhao\" \/>\n<meta name=\"twitter:card\" content=\"summary_large_image\" \/>\n<meta name=\"twitter:label1\" content=\"Escrito por\" \/>\n\t<meta name=\"twitter:data1\" content=\"Marcelo Oliveira de A. Maranhao\" \/>\n\t<meta name=\"twitter:label2\" content=\"Est. tempo de leitura\" \/>\n\t<meta name=\"twitter:data2\" content=\"4 minutos\" \/>\n<script type=\"application\/ld+json\" class=\"yoast-schema-graph\">{\"@context\":\"https:\\\/\\\/schema.org\",\"@graph\":[{\"@type\":\"Article\",\"@id\":\"https:\\\/\\\/diariodepe.com.br\\\/xinhua\\\/2022\\\/02\\\/14\\\/china-e-holanda-fortalecerao-lacos-e-cooperacao\\\/#article\",\"isPartOf\":{\"@id\":\"https:\\\/\\\/diariodepe.com.br\\\/xinhua\\\/2022\\\/02\\\/14\\\/china-e-holanda-fortalecerao-lacos-e-cooperacao\\\/\"},\"author\":{\"name\":\"Marcelo Oliveira de A. Maranhao\",\"@id\":\"https:\\\/\\\/diariodepe.com.br\\\/xinhua\\\/#\\\/schema\\\/person\\\/0943d6fd02bdc7b49c8f495e8787a2cb\"},\"headline\":\"\u00a0China e Holanda fortalecer\u00e3o la\u00e7os e coopera\u00e7\u00e3o\",\"datePublished\":\"2022-02-14T18:35:00+00:00\",\"mainEntityOfPage\":{\"@id\":\"https:\\\/\\\/diariodepe.com.br\\\/xinhua\\\/2022\\\/02\\\/14\\\/china-e-holanda-fortalecerao-lacos-e-cooperacao\\\/\"},\"wordCount\":814,\"commentCount\":0,\"publisher\":{\"@id\":\"https:\\\/\\\/diariodepe.com.br\\\/xinhua\\\/#organization\"},\"image\":{\"@id\":\"https:\\\/\\\/diariodepe.com.br\\\/xinhua\\\/2022\\\/02\\\/14\\\/china-e-holanda-fortalecerao-lacos-e-cooperacao\\\/#primaryimage\"},\"thumbnailUrl\":\"https:\\\/\\\/diariodepe.com.br\\\/xinhua\\\/wp-content\\\/uploads\\\/sites\\\/3\\\/2022\\\/02\\\/1310467789_16446656237101n.jpg\",\"articleSection\":[\"Internacional\"],\"inLanguage\":\"pt-BR\",\"potentialAction\":[{\"@type\":\"CommentAction\",\"name\":\"Comment\",\"target\":[\"https:\\\/\\\/diariodepe.com.br\\\/xinhua\\\/2022\\\/02\\\/14\\\/china-e-holanda-fortalecerao-lacos-e-cooperacao\\\/#respond\"]}]},{\"@type\":\"WebPage\",\"@id\":\"https:\\\/\\\/diariodepe.com.br\\\/xinhua\\\/2022\\\/02\\\/14\\\/china-e-holanda-fortalecerao-lacos-e-cooperacao\\\/\",\"url\":\"https:\\\/\\\/diariodepe.com.br\\\/xinhua\\\/2022\\\/02\\\/14\\\/china-e-holanda-fortalecerao-lacos-e-cooperacao\\\/\",\"name\":\"\u00a0China e Holanda fortalecer\u00e3o la\u00e7os e coopera\u00e7\u00e3o - Xinhua - Diario de Pernambuco\",\"isPartOf\":{\"@id\":\"https:\\\/\\\/diariodepe.com.br\\\/xinhua\\\/#website\"},\"primaryImageOfPage\":{\"@id\":\"https:\\\/\\\/diariodepe.com.br\\\/xinhua\\\/2022\\\/02\\\/14\\\/china-e-holanda-fortalecerao-lacos-e-cooperacao\\\/#primaryimage\"},\"image\":{\"@id\":\"https:\\\/\\\/diariodepe.com.br\\\/xinhua\\\/2022\\\/02\\\/14\\\/china-e-holanda-fortalecerao-lacos-e-cooperacao\\\/#primaryimage\"},\"thumbnailUrl\":\"https:\\\/\\\/diariodepe.com.br\\\/xinhua\\\/wp-content\\\/uploads\\\/sites\\\/3\\\/2022\\\/02\\\/1310467789_16446656237101n.jpg\",\"datePublished\":\"2022-02-14T18:35:00+00:00\",\"breadcrumb\":{\"@id\":\"https:\\\/\\\/diariodepe.com.br\\\/xinhua\\\/2022\\\/02\\\/14\\\/china-e-holanda-fortalecerao-lacos-e-cooperacao\\\/#breadcrumb\"},\"inLanguage\":\"pt-BR\",\"potentialAction\":[{\"@type\":\"ReadAction\",\"target\":[\"https:\\\/\\\/diariodepe.com.br\\\/xinhua\\\/2022\\\/02\\\/14\\\/china-e-holanda-fortalecerao-lacos-e-cooperacao\\\/\"]}]},{\"@type\":\"ImageObject\",\"inLanguage\":\"pt-BR\",\"@id\":\"https:\\\/\\\/diariodepe.com.br\\\/xinhua\\\/2022\\\/02\\\/14\\\/china-e-holanda-fortalecerao-lacos-e-cooperacao\\\/#primaryimage\",\"url\":\"https:\\\/\\\/diariodepe.com.br\\\/xinhua\\\/wp-content\\\/uploads\\\/sites\\\/3\\\/2022\\\/02\\\/1310467789_16446656237101n.jpg\",\"contentUrl\":\"https:\\\/\\\/diariodepe.com.br\\\/xinhua\\\/wp-content\\\/uploads\\\/sites\\\/3\\\/2022\\\/02\\\/1310467789_16446656237101n.jpg\",\"width\":900,\"height\":600,\"caption\":\"O primeiro trem de frete China-Europa com ponto de partida em Nanjing, capital da Prov\u00edncia de Jiangsu, leste da China, chegou ao seu destino Tilburg na Holanda, em 4 de junho de 2021. (Xinhua\\\/Zheng Huansong)\"},{\"@type\":\"BreadcrumbList\",\"@id\":\"https:\\\/\\\/diariodepe.com.br\\\/xinhua\\\/2022\\\/02\\\/14\\\/china-e-holanda-fortalecerao-lacos-e-cooperacao\\\/#breadcrumb\",\"itemListElement\":[{\"@type\":\"ListItem\",\"position\":1,\"name\":\"In\u00edcio\",\"item\":\"https:\\\/\\\/diariodepe.com.br\\\/xinhua\\\/\"},{\"@type\":\"ListItem\",\"position\":2,\"name\":\"\u00a0China e Holanda fortalecer\u00e3o la\u00e7os e coopera\u00e7\u00e3o\"}]},{\"@type\":\"WebSite\",\"@id\":\"https:\\\/\\\/diariodepe.com.br\\\/xinhua\\\/#website\",\"url\":\"https:\\\/\\\/diariodepe.com.br\\\/xinhua\\\/\",\"name\":\"Xinhua - Diario de Pernambuco\",\"description\":\"A maior ag\u00eancia de not\u00edcias da China e um dos principais canais para conhecer o pa\u00eds\",\"publisher\":{\"@id\":\"https:\\\/\\\/diariodepe.com.br\\\/xinhua\\\/#organization\"},\"potentialAction\":[{\"@type\":\"SearchAction\",\"target\":{\"@type\":\"EntryPoint\",\"urlTemplate\":\"https:\\\/\\\/diariodepe.com.br\\\/xinhua\\\/?s={search_term_string}\"},\"query-input\":{\"@type\":\"PropertyValueSpecification\",\"valueRequired\":true,\"valueName\":\"search_term_string\"}}],\"inLanguage\":\"pt-BR\"},{\"@type\":\"Organization\",\"@id\":\"https:\\\/\\\/diariodepe.com.br\\\/xinhua\\\/#organization\",\"name\":\"Xinhua - Diario de Pernambuco\",\"url\":\"https:\\\/\\\/diariodepe.com.br\\\/xinhua\\\/\",\"logo\":{\"@type\":\"ImageObject\",\"inLanguage\":\"pt-BR\",\"@id\":\"https:\\\/\\\/diariodepe.com.br\\\/xinhua\\\/#\\\/schema\\\/logo\\\/image\\\/\",\"url\":\"https:\\\/\\\/diariodepe.com.br\\\/xinhua\\\/wp-content\\\/uploads\\\/sites\\\/3\\\/2020\\\/10\\\/cropped-logo-transparente-2.png\",\"contentUrl\":\"https:\\\/\\\/diariodepe.com.br\\\/xinhua\\\/wp-content\\\/uploads\\\/sites\\\/3\\\/2020\\\/10\\\/cropped-logo-transparente-2.png\",\"width\":512,\"height\":164,\"caption\":\"Xinhua - Diario de Pernambuco\"},\"image\":{\"@id\":\"https:\\\/\\\/diariodepe.com.br\\\/xinhua\\\/#\\\/schema\\\/logo\\\/image\\\/\"}},{\"@type\":\"Person\",\"@id\":\"https:\\\/\\\/diariodepe.com.br\\\/xinhua\\\/#\\\/schema\\\/person\\\/0943d6fd02bdc7b49c8f495e8787a2cb\",\"name\":\"Marcelo Oliveira de A. Maranhao\",\"image\":{\"@type\":\"ImageObject\",\"inLanguage\":\"pt-BR\",\"@id\":\"https:\\\/\\\/secure.gravatar.com\\\/avatar\\\/f562caee940d39879c20e90eea3e4b21860c7d4c96684c23141c554824f0059c?s=96&d=mm&r=g\",\"url\":\"https:\\\/\\\/secure.gravatar.com\\\/avatar\\\/f562caee940d39879c20e90eea3e4b21860c7d4c96684c23141c554824f0059c?s=96&d=mm&r=g\",\"contentUrl\":\"https:\\\/\\\/secure.gravatar.com\\\/avatar\\\/f562caee940d39879c20e90eea3e4b21860c7d4c96684c23141c554824f0059c?s=96&d=mm&r=g\",\"caption\":\"Marcelo Oliveira de A. Maranhao\"},\"url\":\"https:\\\/\\\/diariodepe.com.br\\\/xinhua\\\/author\\\/marcelo-maranhao\\\/\"}]}<\/script>\n<!-- \/ Yoast SEO plugin. -->","yoast_head_json":{"title":"\u00a0China e Holanda fortalecer\u00e3o la\u00e7os e coopera\u00e7\u00e3o - Xinhua - Diario de Pernambuco","robots":{"index":"index","follow":"follow","max-snippet":"max-snippet:-1","max-image-preview":"max-image-preview:large","max-video-preview":"max-video-preview:-1"},"canonical":"https:\/\/diariodepe.com.br\/xinhua\/2022\/02\/14\/china-e-holanda-fortalecerao-lacos-e-cooperacao\/","og_locale":"pt_BR","og_type":"article","og_title":"\u00a0China e Holanda fortalecer\u00e3o la\u00e7os e coopera\u00e7\u00e3o - Xinhua - Diario de Pernambuco","og_description":"Beijing &#8211; A China e a Holanda devem aproveitar a oportunidade do 50\u00ba anivers\u00e1rio dos la\u00e7os diplom\u00e1ticos para impulsionar as rela\u00e7\u00f5es bilaterais e a coopera\u00e7\u00e3o, disse nesta sexta-feira o conselheiro de Estado e ministro das Rela\u00e7\u00f5es Exteriores da China, Wang...","og_url":"https:\/\/diariodepe.com.br\/xinhua\/2022\/02\/14\/china-e-holanda-fortalecerao-lacos-e-cooperacao\/","og_site_name":"Xinhua - Diario de Pernambuco","article_published_time":"2022-02-14T18:35:00+00:00","og_image":[{"width":900,"height":600,"url":"https:\/\/diariodepe.com.br\/xinhua\/wp-content\/uploads\/sites\/3\/2022\/02\/1310467789_16446656237101n.jpg","type":"image\/jpeg"}],"author":"Marcelo Oliveira de A. Maranhao","twitter_card":"summary_large_image","twitter_misc":{"Escrito por":"Marcelo Oliveira de A. Maranhao","Est. tempo de leitura":"4 minutos"},"schema":{"@context":"https:\/\/schema.org","@graph":[{"@type":"Article","@id":"https:\/\/diariodepe.com.br\/xinhua\/2022\/02\/14\/china-e-holanda-fortalecerao-lacos-e-cooperacao\/#article","isPartOf":{"@id":"https:\/\/diariodepe.com.br\/xinhua\/2022\/02\/14\/china-e-holanda-fortalecerao-lacos-e-cooperacao\/"},"author":{"name":"Marcelo Oliveira de A. Maranhao","@id":"https:\/\/diariodepe.com.br\/xinhua\/#\/schema\/person\/0943d6fd02bdc7b49c8f495e8787a2cb"},"headline":"\u00a0China e Holanda fortalecer\u00e3o la\u00e7os e coopera\u00e7\u00e3o","datePublished":"2022-02-14T18:35:00+00:00","mainEntityOfPage":{"@id":"https:\/\/diariodepe.com.br\/xinhua\/2022\/02\/14\/china-e-holanda-fortalecerao-lacos-e-cooperacao\/"},"wordCount":814,"commentCount":0,"publisher":{"@id":"https:\/\/diariodepe.com.br\/xinhua\/#organization"},"image":{"@id":"https:\/\/diariodepe.com.br\/xinhua\/2022\/02\/14\/china-e-holanda-fortalecerao-lacos-e-cooperacao\/#primaryimage"},"thumbnailUrl":"https:\/\/diariodepe.com.br\/xinhua\/wp-content\/uploads\/sites\/3\/2022\/02\/1310467789_16446656237101n.jpg","articleSection":["Internacional"],"inLanguage":"pt-BR","potentialAction":[{"@type":"CommentAction","name":"Comment","target":["https:\/\/diariodepe.com.br\/xinhua\/2022\/02\/14\/china-e-holanda-fortalecerao-lacos-e-cooperacao\/#respond"]}]},{"@type":"WebPage","@id":"https:\/\/diariodepe.com.br\/xinhua\/2022\/02\/14\/china-e-holanda-fortalecerao-lacos-e-cooperacao\/","url":"https:\/\/diariodepe.com.br\/xinhua\/2022\/02\/14\/china-e-holanda-fortalecerao-lacos-e-cooperacao\/","name":"\u00a0China e Holanda fortalecer\u00e3o la\u00e7os e coopera\u00e7\u00e3o - Xinhua - Diario de Pernambuco","isPartOf":{"@id":"https:\/\/diariodepe.com.br\/xinhua\/#website"},"primaryImageOfPage":{"@id":"https:\/\/diariodepe.com.br\/xinhua\/2022\/02\/14\/china-e-holanda-fortalecerao-lacos-e-cooperacao\/#primaryimage"},"image":{"@id":"https:\/\/diariodepe.com.br\/xinhua\/2022\/02\/14\/china-e-holanda-fortalecerao-lacos-e-cooperacao\/#primaryimage"},"thumbnailUrl":"https:\/\/diariodepe.com.br\/xinhua\/wp-content\/uploads\/sites\/3\/2022\/02\/1310467789_16446656237101n.jpg","datePublished":"2022-02-14T18:35:00+00:00","breadcrumb":{"@id":"https:\/\/diariodepe.com.br\/xinhua\/2022\/02\/14\/china-e-holanda-fortalecerao-lacos-e-cooperacao\/#breadcrumb"},"inLanguage":"pt-BR","potentialAction":[{"@type":"ReadAction","target":["https:\/\/diariodepe.com.br\/xinhua\/2022\/02\/14\/china-e-holanda-fortalecerao-lacos-e-cooperacao\/"]}]},{"@type":"ImageObject","inLanguage":"pt-BR","@id":"https:\/\/diariodepe.com.br\/xinhua\/2022\/02\/14\/china-e-holanda-fortalecerao-lacos-e-cooperacao\/#primaryimage","url":"https:\/\/diariodepe.com.br\/xinhua\/wp-content\/uploads\/sites\/3\/2022\/02\/1310467789_16446656237101n.jpg","contentUrl":"https:\/\/diariodepe.com.br\/xinhua\/wp-content\/uploads\/sites\/3\/2022\/02\/1310467789_16446656237101n.jpg","width":900,"height":600,"caption":"O primeiro trem de frete China-Europa com ponto de partida em Nanjing, capital da Prov\u00edncia de Jiangsu, leste da China, chegou ao seu destino Tilburg na Holanda, em 4 de junho de 2021. (Xinhua\/Zheng Huansong)"},{"@type":"BreadcrumbList","@id":"https:\/\/diariodepe.com.br\/xinhua\/2022\/02\/14\/china-e-holanda-fortalecerao-lacos-e-cooperacao\/#breadcrumb","itemListElement":[{"@type":"ListItem","position":1,"name":"In\u00edcio","item":"https:\/\/diariodepe.com.br\/xinhua\/"},{"@type":"ListItem","position":2,"name":"\u00a0China e Holanda fortalecer\u00e3o la\u00e7os e coopera\u00e7\u00e3o"}]},{"@type":"WebSite","@id":"https:\/\/diariodepe.com.br\/xinhua\/#website","url":"https:\/\/diariodepe.com.br\/xinhua\/","name":"Xinhua - Diario de Pernambuco","description":"A maior ag\u00eancia de not\u00edcias da China e um dos principais canais para conhecer o pa\u00eds","publisher":{"@id":"https:\/\/diariodepe.com.br\/xinhua\/#organization"},"potentialAction":[{"@type":"SearchAction","target":{"@type":"EntryPoint","urlTemplate":"https:\/\/diariodepe.com.br\/xinhua\/?s={search_term_string}"},"query-input":{"@type":"PropertyValueSpecification","valueRequired":true,"valueName":"search_term_string"}}],"inLanguage":"pt-BR"},{"@type":"Organization","@id":"https:\/\/diariodepe.com.br\/xinhua\/#organization","name":"Xinhua - Diario de Pernambuco","url":"https:\/\/diariodepe.com.br\/xinhua\/","logo":{"@type":"ImageObject","inLanguage":"pt-BR","@id":"https:\/\/diariodepe.com.br\/xinhua\/#\/schema\/logo\/image\/","url":"https:\/\/diariodepe.com.br\/xinhua\/wp-content\/uploads\/sites\/3\/2020\/10\/cropped-logo-transparente-2.png","contentUrl":"https:\/\/diariodepe.com.br\/xinhua\/wp-content\/uploads\/sites\/3\/2020\/10\/cropped-logo-transparente-2.png","width":512,"height":164,"caption":"Xinhua - Diario de Pernambuco"},"image":{"@id":"https:\/\/diariodepe.com.br\/xinhua\/#\/schema\/logo\/image\/"}},{"@type":"Person","@id":"https:\/\/diariodepe.com.br\/xinhua\/#\/schema\/person\/0943d6fd02bdc7b49c8f495e8787a2cb","name":"Marcelo Oliveira de A. Maranhao","image":{"@type":"ImageObject","inLanguage":"pt-BR","@id":"https:\/\/secure.gravatar.com\/avatar\/f562caee940d39879c20e90eea3e4b21860c7d4c96684c23141c554824f0059c?s=96&d=mm&r=g","url":"https:\/\/secure.gravatar.com\/avatar\/f562caee940d39879c20e90eea3e4b21860c7d4c96684c23141c554824f0059c?s=96&d=mm&r=g","contentUrl":"https:\/\/secure.gravatar.com\/avatar\/f562caee940d39879c20e90eea3e4b21860c7d4c96684c23141c554824f0059c?s=96&d=mm&r=g","caption":"Marcelo Oliveira de A. Maranhao"},"url":"https:\/\/diariodepe.com.br\/xinhua\/author\/marcelo-maranhao\/"}]}},"cc_featured_image_caption":{"caption_text":"","source_text":"","source_url":""},"amp_enabled":true,"_links":{"self":[{"href":"https:\/\/diariodepe.com.br\/xinhua\/wp-json\/wp\/v2\/posts\/5289","targetHints":{"allow":["GET"]}}],"collection":[{"href":"https:\/\/diariodepe.com.br\/xinhua\/wp-json\/wp\/v2\/posts"}],"about":[{"href":"https:\/\/diariodepe.com.br\/xinhua\/wp-json\/wp\/v2\/types\/post"}],"author":[{"embeddable":true,"href":"https:\/\/diariodepe.com.br\/xinhua\/wp-json\/wp\/v2\/users\/3"}],"replies":[{"embeddable":true,"href":"https:\/\/diariodepe.com.br\/xinhua\/wp-json\/wp\/v2\/comments?post=5289"}],"version-history":[{"count":1,"href":"https:\/\/diariodepe.com.br\/xinhua\/wp-json\/wp\/v2\/posts\/5289\/revisions"}],"predecessor-version":[{"id":5291,"href":"https:\/\/diariodepe.com.br\/xinhua\/wp-json\/wp\/v2\/posts\/5289\/revisions\/5291"}],"wp:featuredmedia":[{"embeddable":true,"href":"https:\/\/diariodepe.com.br\/xinhua\/wp-json\/wp\/v2\/media\/5290"}],"wp:attachment":[{"href":"https:\/\/diariodepe.com.br\/xinhua\/wp-json\/wp\/v2\/media?parent=5289"}],"wp:term":[{"taxonomy":"category","embeddable":true,"href":"https:\/\/diariodepe.com.br\/xinhua\/wp-json\/wp\/v2\/categories?post=5289"},{"taxonomy":"post_tag","embeddable":true,"href":"https:\/\/diariodepe.com.br\/xinhua\/wp-json\/wp\/v2\/tags?post=5289"}],"curies":[{"name":"wp","href":"https:\/\/api.w.org\/{rel}","templated":true}]}}