{"id":5248,"date":"2022-02-10T16:50:00","date_gmt":"2022-02-10T19:50:00","guid":{"rendered":"http:\/\/www.diariodepe.com.br\/xinhua\/?p=5248"},"modified":"2022-02-10T13:53:31","modified_gmt":"2022-02-10T16:53:31","slug":"governo-de-hong-kong-condena-alegacoes-de-entidades-estrangeiras-sobre-liberdades-de-imprensa-e-expressao-em-hong-kong","status":"publish","type":"post","link":"https:\/\/diariodepe.com.br\/xinhua\/2022\/02\/10\/governo-de-hong-kong-condena-alegacoes-de-entidades-estrangeiras-sobre-liberdades-de-imprensa-e-expressao-em-hong-kong\/","title":{"rendered":"Governo de Hong Kong condena alega\u00e7\u00f5es de entidades estrangeiras sobre liberdades de imprensa e express\u00e3o em Hong Kong"},"content":{"rendered":"\n<p>Hong Kong, 10 fev- O governo da Regi\u00e3o Administrativa Especial de Hong Kong (RAEHK) da China condenou veementemente nesta quarta-feira uma declara\u00e7\u00e3o totalmente err\u00f4nea emitida pelo governo brit\u00e2nico em nome de v\u00e1rias entidades estrangeiras sob a chamada &#8220;Coaliz\u00e3o da Liberdade de M\u00eddia&#8221; a respeito da implementa\u00e7\u00e3o da lei de seguran\u00e7a nacional em Hong Kong.<\/p>\n\n\n\n<p>&#8220;Expressamos nosso profundo desapontamento e devemos repreender essas entidades estrangeiras por assinarem uma declara\u00e7\u00e3o &#8216;relacionada \u00e0 liberdade de imprensa&#8217; que n\u00e3o continha mais do que os habituais ataques de distor\u00e7\u00e3o de fatos e opinativos contra a lei de seguran\u00e7a nacional em Hong Kong&#8221;, disse um porta-voz do governo da RAEHK.<\/p>\n\n\n\n<p>\u00c9 infundado para os signat\u00e1rios da declara\u00e7\u00e3o fazerem tais alega\u00e7\u00f5es de que as autoridades de Hong Kong t\u00eam visado e reprimido a m\u00eddia independente na RAEHK desde a promulga\u00e7\u00e3o da lei de seguran\u00e7a nacional em Hong Kong, disse o porta-voz.<\/p>\n\n\n\n<p>Ao contr\u00e1rio de suas alega\u00e7\u00f5es, a implementa\u00e7\u00e3o da lei de seguran\u00e7a nacional restaurou a estabilidade na sociedade e o povo de Hong Kong n\u00e3o est\u00e1 mais amea\u00e7ado ou intimidado por atos ou atividades que coloquem em risco a seguran\u00e7a nacional ou sua vida cotidiana, segundo o porta-voz.<\/p>\n\n\n\n<p>Desde o retorno de Hong Kong \u00e0 p\u00e1tria, o governo da RAEHK tem estado firmemente comprometido em salvaguardar as liberdades de imprensa e de express\u00e3o, ambas protegidas pela Lei B\u00e1sica da RAEHK e pelo Decreto sobre a Carta dos Direitos de Hong Kong, explicou o porta-voz.<\/p>\n\n\n\n<p>O porta-voz salientou que, de acordo com o Pacto Internacional sobre Direitos Civis e Pol\u00edticos, o exerc\u00edcio das liberdades de imprensa e de express\u00e3o deve obedecer \u00e0s restri\u00e7\u00f5es da lei de seguran\u00e7a nacional por raz\u00f5es que incluem a prote\u00e7\u00e3o da seguran\u00e7a nacional.<\/p>\n\n\n\n<p>&#8220;Devemos reiterar que todas as a\u00e7\u00f5es de aplica\u00e7\u00e3o da lei tomadas pelas ag\u00eancias de aplica\u00e7\u00e3o da lei de Hong Kong sob a lei de seguran\u00e7a nacional em Hong Kong, ou mesmo qualquer legisla\u00e7\u00e3o local, s\u00e3o baseadas em evid\u00eancias, estritamente de acordo com a lei e para os atos das pessoas ou entidades envolvidas, n\u00e3o tendo nada a ver com sua ocupa\u00e7\u00e3o, antecedentes ou postura pol\u00edtica&#8221;, esclareceu o porta-voz, observando, &#8220;As a\u00e7\u00f5es de aplica\u00e7\u00e3o da lei tomadas pelo governo da RAEHK contra o Stand News aderiram a tais princ\u00edpios fundamentais&#8221;.<\/p>\n\n\n\n<p>&#8220;O cen\u00e1rio de m\u00eddia em Hong Kong segue vibrante como sempre&#8221;, disse o porta-voz, citando um aumento no n\u00famero de organiza\u00e7\u00f5es de m\u00eddia registradas ap\u00f3s a implementa\u00e7\u00e3o da lei de seguran\u00e7a nacional em Hong Kong.<\/p>\n\n\n\n<p>&#8220;Como sempre, a m\u00eddia pode exercer seu direito de monitorar o trabalho do governo da RAEHK, e sua liberdade de comentar ou mesmo criticar as pol\u00edticas do governo permanece sem restri\u00e7\u00f5es desde que isso n\u00e3o seja uma viola\u00e7\u00e3o da lei&#8221;, acrescentou.<\/p>\n","protected":false},"excerpt":{"rendered":"<p>Hong Kong, 10 fev- O governo da Regi\u00e3o Administrativa Especial de Hong Kong (RAEHK) da China condenou veementemente nesta quarta-feira uma declara\u00e7\u00e3o totalmente err\u00f4nea emitida pelo governo brit\u00e2nico em nome de v\u00e1rias entidades estrangeiras sob a chamada &#8220;Coaliz\u00e3o da Liberdade&#8230;<\/p>\n","protected":false},"author":3,"featured_media":5249,"comment_status":"open","ping_status":"open","sticky":false,"template":"","format":"standard","meta":{"footnotes":""},"categories":[3],"tags":[],"class_list":["post-5248","post","type-post","status-publish","format-standard","has-post-thumbnail","hentry","category-china"],"yoast_head":"<!-- This site is optimized with the Yoast SEO plugin v27.4 - https:\/\/yoast.com\/product\/yoast-seo-wordpress\/ -->\n<title>Governo de Hong Kong condena alega\u00e7\u00f5es de entidades estrangeiras sobre liberdades de imprensa e express\u00e3o em Hong Kong - Xinhua - Diario de Pernambuco<\/title>\n<meta name=\"robots\" content=\"index, follow, max-snippet:-1, max-image-preview:large, max-video-preview:-1\" \/>\n<link rel=\"canonical\" href=\"https:\/\/diariodepe.com.br\/xinhua\/2022\/02\/10\/governo-de-hong-kong-condena-alegacoes-de-entidades-estrangeiras-sobre-liberdades-de-imprensa-e-expressao-em-hong-kong\/\" \/>\n<meta property=\"og:locale\" content=\"pt_BR\" \/>\n<meta property=\"og:type\" content=\"article\" \/>\n<meta property=\"og:title\" content=\"Governo de Hong Kong condena alega\u00e7\u00f5es de entidades estrangeiras sobre liberdades de imprensa e express\u00e3o em Hong Kong - Xinhua - Diario de Pernambuco\" \/>\n<meta property=\"og:description\" content=\"Hong Kong, 10 fev- O governo da Regi\u00e3o Administrativa Especial de Hong Kong (RAEHK) da China condenou veementemente nesta quarta-feira uma declara\u00e7\u00e3o totalmente err\u00f4nea emitida pelo governo brit\u00e2nico em nome de v\u00e1rias entidades estrangeiras sob a chamada &#8220;Coaliz\u00e3o da Liberdade...\" \/>\n<meta property=\"og:url\" content=\"https:\/\/diariodepe.com.br\/xinhua\/2022\/02\/10\/governo-de-hong-kong-condena-alegacoes-de-entidades-estrangeiras-sobre-liberdades-de-imprensa-e-expressao-em-hong-kong\/\" \/>\n<meta property=\"og:site_name\" content=\"Xinhua - Diario de Pernambuco\" \/>\n<meta property=\"article:published_time\" content=\"2022-02-10T19:50:00+00:00\" \/>\n<meta property=\"og:image\" content=\"https:\/\/diariodepe.com.br\/xinhua\/wp-content\/uploads\/sites\/3\/2022\/02\/1310464404_16444693992851n.jpg\" \/>\n\t<meta property=\"og:image:width\" content=\"900\" \/>\n\t<meta property=\"og:image:height\" content=\"642\" \/>\n\t<meta property=\"og:image:type\" content=\"image\/jpeg\" \/>\n<meta name=\"author\" content=\"Marcelo Oliveira de A. Maranhao\" \/>\n<meta name=\"twitter:card\" content=\"summary_large_image\" \/>\n<meta name=\"twitter:label1\" content=\"Escrito por\" \/>\n\t<meta name=\"twitter:data1\" content=\"Marcelo Oliveira de A. Maranhao\" \/>\n\t<meta name=\"twitter:label2\" content=\"Est. tempo de leitura\" \/>\n\t<meta name=\"twitter:data2\" content=\"3 minutos\" \/>\n<script type=\"application\/ld+json\" class=\"yoast-schema-graph\">{\"@context\":\"https:\\\/\\\/schema.org\",\"@graph\":[{\"@type\":\"Article\",\"@id\":\"https:\\\/\\\/diariodepe.com.br\\\/xinhua\\\/2022\\\/02\\\/10\\\/governo-de-hong-kong-condena-alegacoes-de-entidades-estrangeiras-sobre-liberdades-de-imprensa-e-expressao-em-hong-kong\\\/#article\",\"isPartOf\":{\"@id\":\"https:\\\/\\\/diariodepe.com.br\\\/xinhua\\\/2022\\\/02\\\/10\\\/governo-de-hong-kong-condena-alegacoes-de-entidades-estrangeiras-sobre-liberdades-de-imprensa-e-expressao-em-hong-kong\\\/\"},\"author\":{\"name\":\"Marcelo Oliveira de A. Maranhao\",\"@id\":\"https:\\\/\\\/diariodepe.com.br\\\/xinhua\\\/#\\\/schema\\\/person\\\/0943d6fd02bdc7b49c8f495e8787a2cb\"},\"headline\":\"Governo de Hong Kong condena alega\u00e7\u00f5es de entidades estrangeiras sobre liberdades de imprensa e express\u00e3o em Hong Kong\",\"datePublished\":\"2022-02-10T19:50:00+00:00\",\"mainEntityOfPage\":{\"@id\":\"https:\\\/\\\/diariodepe.com.br\\\/xinhua\\\/2022\\\/02\\\/10\\\/governo-de-hong-kong-condena-alegacoes-de-entidades-estrangeiras-sobre-liberdades-de-imprensa-e-expressao-em-hong-kong\\\/\"},\"wordCount\":525,\"commentCount\":0,\"publisher\":{\"@id\":\"https:\\\/\\\/diariodepe.com.br\\\/xinhua\\\/#organization\"},\"image\":{\"@id\":\"https:\\\/\\\/diariodepe.com.br\\\/xinhua\\\/2022\\\/02\\\/10\\\/governo-de-hong-kong-condena-alegacoes-de-entidades-estrangeiras-sobre-liberdades-de-imprensa-e-expressao-em-hong-kong\\\/#primaryimage\"},\"thumbnailUrl\":\"https:\\\/\\\/diariodepe.com.br\\\/xinhua\\\/wp-content\\\/uploads\\\/sites\\\/3\\\/2022\\\/02\\\/1310464404_16444693992851n.jpg\",\"articleSection\":[\"China\"],\"inLanguage\":\"pt-BR\",\"potentialAction\":[{\"@type\":\"CommentAction\",\"name\":\"Comment\",\"target\":[\"https:\\\/\\\/diariodepe.com.br\\\/xinhua\\\/2022\\\/02\\\/10\\\/governo-de-hong-kong-condena-alegacoes-de-entidades-estrangeiras-sobre-liberdades-de-imprensa-e-expressao-em-hong-kong\\\/#respond\"]}]},{\"@type\":\"WebPage\",\"@id\":\"https:\\\/\\\/diariodepe.com.br\\\/xinhua\\\/2022\\\/02\\\/10\\\/governo-de-hong-kong-condena-alegacoes-de-entidades-estrangeiras-sobre-liberdades-de-imprensa-e-expressao-em-hong-kong\\\/\",\"url\":\"https:\\\/\\\/diariodepe.com.br\\\/xinhua\\\/2022\\\/02\\\/10\\\/governo-de-hong-kong-condena-alegacoes-de-entidades-estrangeiras-sobre-liberdades-de-imprensa-e-expressao-em-hong-kong\\\/\",\"name\":\"Governo de Hong Kong condena alega\u00e7\u00f5es de entidades estrangeiras sobre liberdades de imprensa e express\u00e3o em Hong Kong - Xinhua - Diario de Pernambuco\",\"isPartOf\":{\"@id\":\"https:\\\/\\\/diariodepe.com.br\\\/xinhua\\\/#website\"},\"primaryImageOfPage\":{\"@id\":\"https:\\\/\\\/diariodepe.com.br\\\/xinhua\\\/2022\\\/02\\\/10\\\/governo-de-hong-kong-condena-alegacoes-de-entidades-estrangeiras-sobre-liberdades-de-imprensa-e-expressao-em-hong-kong\\\/#primaryimage\"},\"image\":{\"@id\":\"https:\\\/\\\/diariodepe.com.br\\\/xinhua\\\/2022\\\/02\\\/10\\\/governo-de-hong-kong-condena-alegacoes-de-entidades-estrangeiras-sobre-liberdades-de-imprensa-e-expressao-em-hong-kong\\\/#primaryimage\"},\"thumbnailUrl\":\"https:\\\/\\\/diariodepe.com.br\\\/xinhua\\\/wp-content\\\/uploads\\\/sites\\\/3\\\/2022\\\/02\\\/1310464404_16444693992851n.jpg\",\"datePublished\":\"2022-02-10T19:50:00+00:00\",\"breadcrumb\":{\"@id\":\"https:\\\/\\\/diariodepe.com.br\\\/xinhua\\\/2022\\\/02\\\/10\\\/governo-de-hong-kong-condena-alegacoes-de-entidades-estrangeiras-sobre-liberdades-de-imprensa-e-expressao-em-hong-kong\\\/#breadcrumb\"},\"inLanguage\":\"pt-BR\",\"potentialAction\":[{\"@type\":\"ReadAction\",\"target\":[\"https:\\\/\\\/diariodepe.com.br\\\/xinhua\\\/2022\\\/02\\\/10\\\/governo-de-hong-kong-condena-alegacoes-de-entidades-estrangeiras-sobre-liberdades-de-imprensa-e-expressao-em-hong-kong\\\/\"]}]},{\"@type\":\"ImageObject\",\"inLanguage\":\"pt-BR\",\"@id\":\"https:\\\/\\\/diariodepe.com.br\\\/xinhua\\\/2022\\\/02\\\/10\\\/governo-de-hong-kong-condena-alegacoes-de-entidades-estrangeiras-sobre-liberdades-de-imprensa-e-expressao-em-hong-kong\\\/#primaryimage\",\"url\":\"https:\\\/\\\/diariodepe.com.br\\\/xinhua\\\/wp-content\\\/uploads\\\/sites\\\/3\\\/2022\\\/02\\\/1310464404_16444693992851n.jpg\",\"contentUrl\":\"https:\\\/\\\/diariodepe.com.br\\\/xinhua\\\/wp-content\\\/uploads\\\/sites\\\/3\\\/2022\\\/02\\\/1310464404_16444693992851n.jpg\",\"width\":900,\"height\":642,\"caption\":\"Foto tirada em 11 de junho de 2020, mostra uma vista do Porto de Victoria em Hong Kong, no sul da China. (Xinhua\\\/Li Gang)\"},{\"@type\":\"BreadcrumbList\",\"@id\":\"https:\\\/\\\/diariodepe.com.br\\\/xinhua\\\/2022\\\/02\\\/10\\\/governo-de-hong-kong-condena-alegacoes-de-entidades-estrangeiras-sobre-liberdades-de-imprensa-e-expressao-em-hong-kong\\\/#breadcrumb\",\"itemListElement\":[{\"@type\":\"ListItem\",\"position\":1,\"name\":\"In\u00edcio\",\"item\":\"https:\\\/\\\/diariodepe.com.br\\\/xinhua\\\/\"},{\"@type\":\"ListItem\",\"position\":2,\"name\":\"Governo de Hong Kong condena alega\u00e7\u00f5es de entidades estrangeiras sobre liberdades de imprensa e express\u00e3o em Hong Kong\"}]},{\"@type\":\"WebSite\",\"@id\":\"https:\\\/\\\/diariodepe.com.br\\\/xinhua\\\/#website\",\"url\":\"https:\\\/\\\/diariodepe.com.br\\\/xinhua\\\/\",\"name\":\"Xinhua - Diario de Pernambuco\",\"description\":\"A maior ag\u00eancia de not\u00edcias da China e um dos principais canais para conhecer o pa\u00eds\",\"publisher\":{\"@id\":\"https:\\\/\\\/diariodepe.com.br\\\/xinhua\\\/#organization\"},\"potentialAction\":[{\"@type\":\"SearchAction\",\"target\":{\"@type\":\"EntryPoint\",\"urlTemplate\":\"https:\\\/\\\/diariodepe.com.br\\\/xinhua\\\/?s={search_term_string}\"},\"query-input\":{\"@type\":\"PropertyValueSpecification\",\"valueRequired\":true,\"valueName\":\"search_term_string\"}}],\"inLanguage\":\"pt-BR\"},{\"@type\":\"Organization\",\"@id\":\"https:\\\/\\\/diariodepe.com.br\\\/xinhua\\\/#organization\",\"name\":\"Xinhua - Diario de Pernambuco\",\"url\":\"https:\\\/\\\/diariodepe.com.br\\\/xinhua\\\/\",\"logo\":{\"@type\":\"ImageObject\",\"inLanguage\":\"pt-BR\",\"@id\":\"https:\\\/\\\/diariodepe.com.br\\\/xinhua\\\/#\\\/schema\\\/logo\\\/image\\\/\",\"url\":\"https:\\\/\\\/diariodepe.com.br\\\/xinhua\\\/wp-content\\\/uploads\\\/sites\\\/3\\\/2020\\\/10\\\/cropped-logo-transparente-2.png\",\"contentUrl\":\"https:\\\/\\\/diariodepe.com.br\\\/xinhua\\\/wp-content\\\/uploads\\\/sites\\\/3\\\/2020\\\/10\\\/cropped-logo-transparente-2.png\",\"width\":512,\"height\":164,\"caption\":\"Xinhua - Diario de Pernambuco\"},\"image\":{\"@id\":\"https:\\\/\\\/diariodepe.com.br\\\/xinhua\\\/#\\\/schema\\\/logo\\\/image\\\/\"}},{\"@type\":\"Person\",\"@id\":\"https:\\\/\\\/diariodepe.com.br\\\/xinhua\\\/#\\\/schema\\\/person\\\/0943d6fd02bdc7b49c8f495e8787a2cb\",\"name\":\"Marcelo Oliveira de A. Maranhao\",\"image\":{\"@type\":\"ImageObject\",\"inLanguage\":\"pt-BR\",\"@id\":\"https:\\\/\\\/secure.gravatar.com\\\/avatar\\\/f562caee940d39879c20e90eea3e4b21860c7d4c96684c23141c554824f0059c?s=96&d=mm&r=g\",\"url\":\"https:\\\/\\\/secure.gravatar.com\\\/avatar\\\/f562caee940d39879c20e90eea3e4b21860c7d4c96684c23141c554824f0059c?s=96&d=mm&r=g\",\"contentUrl\":\"https:\\\/\\\/secure.gravatar.com\\\/avatar\\\/f562caee940d39879c20e90eea3e4b21860c7d4c96684c23141c554824f0059c?s=96&d=mm&r=g\",\"caption\":\"Marcelo Oliveira de A. Maranhao\"},\"url\":\"https:\\\/\\\/diariodepe.com.br\\\/xinhua\\\/author\\\/marcelo-maranhao\\\/\"}]}<\/script>\n<!-- \/ Yoast SEO plugin. -->","yoast_head_json":{"title":"Governo de Hong Kong condena alega\u00e7\u00f5es de entidades estrangeiras sobre liberdades de imprensa e express\u00e3o em Hong Kong - Xinhua - Diario de Pernambuco","robots":{"index":"index","follow":"follow","max-snippet":"max-snippet:-1","max-image-preview":"max-image-preview:large","max-video-preview":"max-video-preview:-1"},"canonical":"https:\/\/diariodepe.com.br\/xinhua\/2022\/02\/10\/governo-de-hong-kong-condena-alegacoes-de-entidades-estrangeiras-sobre-liberdades-de-imprensa-e-expressao-em-hong-kong\/","og_locale":"pt_BR","og_type":"article","og_title":"Governo de Hong Kong condena alega\u00e7\u00f5es de entidades estrangeiras sobre liberdades de imprensa e express\u00e3o em Hong Kong - Xinhua - Diario de Pernambuco","og_description":"Hong Kong, 10 fev- O governo da Regi\u00e3o Administrativa Especial de Hong Kong (RAEHK) da China condenou veementemente nesta quarta-feira uma declara\u00e7\u00e3o totalmente err\u00f4nea emitida pelo governo brit\u00e2nico em nome de v\u00e1rias entidades estrangeiras sob a chamada &#8220;Coaliz\u00e3o da Liberdade...","og_url":"https:\/\/diariodepe.com.br\/xinhua\/2022\/02\/10\/governo-de-hong-kong-condena-alegacoes-de-entidades-estrangeiras-sobre-liberdades-de-imprensa-e-expressao-em-hong-kong\/","og_site_name":"Xinhua - Diario de Pernambuco","article_published_time":"2022-02-10T19:50:00+00:00","og_image":[{"width":900,"height":642,"url":"https:\/\/diariodepe.com.br\/xinhua\/wp-content\/uploads\/sites\/3\/2022\/02\/1310464404_16444693992851n.jpg","type":"image\/jpeg"}],"author":"Marcelo Oliveira de A. Maranhao","twitter_card":"summary_large_image","twitter_misc":{"Escrito por":"Marcelo Oliveira de A. Maranhao","Est. tempo de leitura":"3 minutos"},"schema":{"@context":"https:\/\/schema.org","@graph":[{"@type":"Article","@id":"https:\/\/diariodepe.com.br\/xinhua\/2022\/02\/10\/governo-de-hong-kong-condena-alegacoes-de-entidades-estrangeiras-sobre-liberdades-de-imprensa-e-expressao-em-hong-kong\/#article","isPartOf":{"@id":"https:\/\/diariodepe.com.br\/xinhua\/2022\/02\/10\/governo-de-hong-kong-condena-alegacoes-de-entidades-estrangeiras-sobre-liberdades-de-imprensa-e-expressao-em-hong-kong\/"},"author":{"name":"Marcelo Oliveira de A. Maranhao","@id":"https:\/\/diariodepe.com.br\/xinhua\/#\/schema\/person\/0943d6fd02bdc7b49c8f495e8787a2cb"},"headline":"Governo de Hong Kong condena alega\u00e7\u00f5es de entidades estrangeiras sobre liberdades de imprensa e express\u00e3o em Hong Kong","datePublished":"2022-02-10T19:50:00+00:00","mainEntityOfPage":{"@id":"https:\/\/diariodepe.com.br\/xinhua\/2022\/02\/10\/governo-de-hong-kong-condena-alegacoes-de-entidades-estrangeiras-sobre-liberdades-de-imprensa-e-expressao-em-hong-kong\/"},"wordCount":525,"commentCount":0,"publisher":{"@id":"https:\/\/diariodepe.com.br\/xinhua\/#organization"},"image":{"@id":"https:\/\/diariodepe.com.br\/xinhua\/2022\/02\/10\/governo-de-hong-kong-condena-alegacoes-de-entidades-estrangeiras-sobre-liberdades-de-imprensa-e-expressao-em-hong-kong\/#primaryimage"},"thumbnailUrl":"https:\/\/diariodepe.com.br\/xinhua\/wp-content\/uploads\/sites\/3\/2022\/02\/1310464404_16444693992851n.jpg","articleSection":["China"],"inLanguage":"pt-BR","potentialAction":[{"@type":"CommentAction","name":"Comment","target":["https:\/\/diariodepe.com.br\/xinhua\/2022\/02\/10\/governo-de-hong-kong-condena-alegacoes-de-entidades-estrangeiras-sobre-liberdades-de-imprensa-e-expressao-em-hong-kong\/#respond"]}]},{"@type":"WebPage","@id":"https:\/\/diariodepe.com.br\/xinhua\/2022\/02\/10\/governo-de-hong-kong-condena-alegacoes-de-entidades-estrangeiras-sobre-liberdades-de-imprensa-e-expressao-em-hong-kong\/","url":"https:\/\/diariodepe.com.br\/xinhua\/2022\/02\/10\/governo-de-hong-kong-condena-alegacoes-de-entidades-estrangeiras-sobre-liberdades-de-imprensa-e-expressao-em-hong-kong\/","name":"Governo de Hong Kong condena alega\u00e7\u00f5es de entidades estrangeiras sobre liberdades de imprensa e express\u00e3o em Hong Kong - Xinhua - Diario de Pernambuco","isPartOf":{"@id":"https:\/\/diariodepe.com.br\/xinhua\/#website"},"primaryImageOfPage":{"@id":"https:\/\/diariodepe.com.br\/xinhua\/2022\/02\/10\/governo-de-hong-kong-condena-alegacoes-de-entidades-estrangeiras-sobre-liberdades-de-imprensa-e-expressao-em-hong-kong\/#primaryimage"},"image":{"@id":"https:\/\/diariodepe.com.br\/xinhua\/2022\/02\/10\/governo-de-hong-kong-condena-alegacoes-de-entidades-estrangeiras-sobre-liberdades-de-imprensa-e-expressao-em-hong-kong\/#primaryimage"},"thumbnailUrl":"https:\/\/diariodepe.com.br\/xinhua\/wp-content\/uploads\/sites\/3\/2022\/02\/1310464404_16444693992851n.jpg","datePublished":"2022-02-10T19:50:00+00:00","breadcrumb":{"@id":"https:\/\/diariodepe.com.br\/xinhua\/2022\/02\/10\/governo-de-hong-kong-condena-alegacoes-de-entidades-estrangeiras-sobre-liberdades-de-imprensa-e-expressao-em-hong-kong\/#breadcrumb"},"inLanguage":"pt-BR","potentialAction":[{"@type":"ReadAction","target":["https:\/\/diariodepe.com.br\/xinhua\/2022\/02\/10\/governo-de-hong-kong-condena-alegacoes-de-entidades-estrangeiras-sobre-liberdades-de-imprensa-e-expressao-em-hong-kong\/"]}]},{"@type":"ImageObject","inLanguage":"pt-BR","@id":"https:\/\/diariodepe.com.br\/xinhua\/2022\/02\/10\/governo-de-hong-kong-condena-alegacoes-de-entidades-estrangeiras-sobre-liberdades-de-imprensa-e-expressao-em-hong-kong\/#primaryimage","url":"https:\/\/diariodepe.com.br\/xinhua\/wp-content\/uploads\/sites\/3\/2022\/02\/1310464404_16444693992851n.jpg","contentUrl":"https:\/\/diariodepe.com.br\/xinhua\/wp-content\/uploads\/sites\/3\/2022\/02\/1310464404_16444693992851n.jpg","width":900,"height":642,"caption":"Foto tirada em 11 de junho de 2020, mostra uma vista do Porto de Victoria em Hong Kong, no sul da China. (Xinhua\/Li Gang)"},{"@type":"BreadcrumbList","@id":"https:\/\/diariodepe.com.br\/xinhua\/2022\/02\/10\/governo-de-hong-kong-condena-alegacoes-de-entidades-estrangeiras-sobre-liberdades-de-imprensa-e-expressao-em-hong-kong\/#breadcrumb","itemListElement":[{"@type":"ListItem","position":1,"name":"In\u00edcio","item":"https:\/\/diariodepe.com.br\/xinhua\/"},{"@type":"ListItem","position":2,"name":"Governo de Hong Kong condena alega\u00e7\u00f5es de entidades estrangeiras sobre liberdades de imprensa e express\u00e3o em Hong Kong"}]},{"@type":"WebSite","@id":"https:\/\/diariodepe.com.br\/xinhua\/#website","url":"https:\/\/diariodepe.com.br\/xinhua\/","name":"Xinhua - Diario de Pernambuco","description":"A maior ag\u00eancia de not\u00edcias da China e um dos principais canais para conhecer o pa\u00eds","publisher":{"@id":"https:\/\/diariodepe.com.br\/xinhua\/#organization"},"potentialAction":[{"@type":"SearchAction","target":{"@type":"EntryPoint","urlTemplate":"https:\/\/diariodepe.com.br\/xinhua\/?s={search_term_string}"},"query-input":{"@type":"PropertyValueSpecification","valueRequired":true,"valueName":"search_term_string"}}],"inLanguage":"pt-BR"},{"@type":"Organization","@id":"https:\/\/diariodepe.com.br\/xinhua\/#organization","name":"Xinhua - Diario de Pernambuco","url":"https:\/\/diariodepe.com.br\/xinhua\/","logo":{"@type":"ImageObject","inLanguage":"pt-BR","@id":"https:\/\/diariodepe.com.br\/xinhua\/#\/schema\/logo\/image\/","url":"https:\/\/diariodepe.com.br\/xinhua\/wp-content\/uploads\/sites\/3\/2020\/10\/cropped-logo-transparente-2.png","contentUrl":"https:\/\/diariodepe.com.br\/xinhua\/wp-content\/uploads\/sites\/3\/2020\/10\/cropped-logo-transparente-2.png","width":512,"height":164,"caption":"Xinhua - Diario de Pernambuco"},"image":{"@id":"https:\/\/diariodepe.com.br\/xinhua\/#\/schema\/logo\/image\/"}},{"@type":"Person","@id":"https:\/\/diariodepe.com.br\/xinhua\/#\/schema\/person\/0943d6fd02bdc7b49c8f495e8787a2cb","name":"Marcelo Oliveira de A. Maranhao","image":{"@type":"ImageObject","inLanguage":"pt-BR","@id":"https:\/\/secure.gravatar.com\/avatar\/f562caee940d39879c20e90eea3e4b21860c7d4c96684c23141c554824f0059c?s=96&d=mm&r=g","url":"https:\/\/secure.gravatar.com\/avatar\/f562caee940d39879c20e90eea3e4b21860c7d4c96684c23141c554824f0059c?s=96&d=mm&r=g","contentUrl":"https:\/\/secure.gravatar.com\/avatar\/f562caee940d39879c20e90eea3e4b21860c7d4c96684c23141c554824f0059c?s=96&d=mm&r=g","caption":"Marcelo Oliveira de A. Maranhao"},"url":"https:\/\/diariodepe.com.br\/xinhua\/author\/marcelo-maranhao\/"}]}},"cc_featured_image_caption":{"caption_text":"","source_text":"","source_url":""},"amp_enabled":true,"_links":{"self":[{"href":"https:\/\/diariodepe.com.br\/xinhua\/wp-json\/wp\/v2\/posts\/5248","targetHints":{"allow":["GET"]}}],"collection":[{"href":"https:\/\/diariodepe.com.br\/xinhua\/wp-json\/wp\/v2\/posts"}],"about":[{"href":"https:\/\/diariodepe.com.br\/xinhua\/wp-json\/wp\/v2\/types\/post"}],"author":[{"embeddable":true,"href":"https:\/\/diariodepe.com.br\/xinhua\/wp-json\/wp\/v2\/users\/3"}],"replies":[{"embeddable":true,"href":"https:\/\/diariodepe.com.br\/xinhua\/wp-json\/wp\/v2\/comments?post=5248"}],"version-history":[{"count":1,"href":"https:\/\/diariodepe.com.br\/xinhua\/wp-json\/wp\/v2\/posts\/5248\/revisions"}],"predecessor-version":[{"id":5250,"href":"https:\/\/diariodepe.com.br\/xinhua\/wp-json\/wp\/v2\/posts\/5248\/revisions\/5250"}],"wp:featuredmedia":[{"embeddable":true,"href":"https:\/\/diariodepe.com.br\/xinhua\/wp-json\/wp\/v2\/media\/5249"}],"wp:attachment":[{"href":"https:\/\/diariodepe.com.br\/xinhua\/wp-json\/wp\/v2\/media?parent=5248"}],"wp:term":[{"taxonomy":"category","embeddable":true,"href":"https:\/\/diariodepe.com.br\/xinhua\/wp-json\/wp\/v2\/categories?post=5248"},{"taxonomy":"post_tag","embeddable":true,"href":"https:\/\/diariodepe.com.br\/xinhua\/wp-json\/wp\/v2\/tags?post=5248"}],"curies":[{"name":"wp","href":"https:\/\/api.w.org\/{rel}","templated":true}]}}