{"id":5241,"date":"2022-02-10T13:44:47","date_gmt":"2022-02-10T16:44:47","guid":{"rendered":"http:\/\/www.diariodepe.com.br\/xinhua\/?p=5241"},"modified":"2022-02-10T13:44:48","modified_gmt":"2022-02-10T16:44:48","slug":"china-estabilizara-ainda-mais-os-precos-do-carvao","status":"publish","type":"post","link":"https:\/\/diariodepe.com.br\/xinhua\/2022\/02\/10\/china-estabilizara-ainda-mais-os-precos-do-carvao\/","title":{"rendered":"China estabilizar\u00e1 ainda mais os pre\u00e7os do carv\u00e3o"},"content":{"rendered":"\n<p>Beijing, 10 fev &#8211; A China continuar\u00e1 mantendo os pre\u00e7os do carv\u00e3o est\u00e1veis, de acordo com o principal planejador econ\u00f4mico e departamento de energia do pa\u00eds.<\/p>\n\n\n\n<p>A Comiss\u00e3o Nacional de Desenvolvimento e Reforma e a Administra\u00e7\u00e3o Nacional de Energia realizaram uma reuni\u00e3o na quarta-feira para fazer mais planos para estabilizar os pre\u00e7os do carv\u00e3o.<\/p>\n\n\n\n<p>A reuni\u00e3o alertou as empresas que cobravam pre\u00e7os exorbitantes pelo carv\u00e3o e pediu que fizessem retifica\u00e7\u00f5es.<\/p>\n\n\n\n<p>Os produtores de carv\u00e3o tamb\u00e9m devem intensificar os esfor\u00e7os para garantir o fornecimento de carv\u00e3o, segundo a reuni\u00e3o.<\/p>\n\n\n\n<p>Para aqueles que n\u00e3o conseguirem corrigir quaisquer problemas pendentes ap\u00f3s receberem avisos, ser\u00e3o tomadas mais investiga\u00e7\u00f5es e medidas de responsabiliza\u00e7\u00e3o.<\/p>\n\n\n\n<p>As autoridades locais devem aprimorar seu monitoramento e manter os pre\u00e7os do carv\u00e3o em uma faixa razo\u00e1vel, de acordo com a reuni\u00e3o.<\/p>\n","protected":false},"excerpt":{"rendered":"<p>Beijing, 10 fev &#8211; A China continuar\u00e1 mantendo os pre\u00e7os do carv\u00e3o est\u00e1veis, de acordo com o principal planejador econ\u00f4mico e departamento de energia do pa\u00eds. A Comiss\u00e3o Nacional de Desenvolvimento e Reforma e a Administra\u00e7\u00e3o Nacional de Energia realizaram&#8230;<\/p>\n","protected":false},"author":3,"featured_media":5242,"comment_status":"open","ping_status":"open","sticky":false,"template":"","format":"standard","meta":{"footnotes":""},"categories":[5],"tags":[],"class_list":["post-5241","post","type-post","status-publish","format-standard","has-post-thumbnail","hentry","category-economia"],"yoast_head":"<!-- This site is optimized with the Yoast SEO plugin v27.4 - https:\/\/yoast.com\/product\/yoast-seo-wordpress\/ -->\n<title>China estabilizar\u00e1 ainda mais os pre\u00e7os do carv\u00e3o - Xinhua - Diario de Pernambuco<\/title>\n<meta name=\"robots\" content=\"index, follow, max-snippet:-1, max-image-preview:large, max-video-preview:-1\" \/>\n<link rel=\"canonical\" href=\"https:\/\/diariodepe.com.br\/xinhua\/2022\/02\/10\/china-estabilizara-ainda-mais-os-precos-do-carvao\/\" \/>\n<meta property=\"og:locale\" content=\"pt_BR\" \/>\n<meta property=\"og:type\" content=\"article\" \/>\n<meta property=\"og:title\" content=\"China estabilizar\u00e1 ainda mais os pre\u00e7os do carv\u00e3o - Xinhua - Diario de Pernambuco\" \/>\n<meta property=\"og:description\" content=\"Beijing, 10 fev &#8211; A China continuar\u00e1 mantendo os pre\u00e7os do carv\u00e3o est\u00e1veis, de acordo com o principal planejador econ\u00f4mico e departamento de energia do pa\u00eds. A Comiss\u00e3o Nacional de Desenvolvimento e Reforma e a Administra\u00e7\u00e3o Nacional de Energia realizaram...\" \/>\n<meta property=\"og:url\" content=\"https:\/\/diariodepe.com.br\/xinhua\/2022\/02\/10\/china-estabilizara-ainda-mais-os-precos-do-carvao\/\" \/>\n<meta property=\"og:site_name\" content=\"Xinhua - Diario de Pernambuco\" \/>\n<meta property=\"article:published_time\" content=\"2022-02-10T16:44:47+00:00\" \/>\n<meta property=\"article:modified_time\" content=\"2022-02-10T16:44:48+00:00\" \/>\n<meta property=\"og:image\" content=\"https:\/\/diariodepe.com.br\/xinhua\/wp-content\/uploads\/sites\/3\/2022\/02\/1310464394_16444688581691n.jpg\" \/>\n\t<meta property=\"og:image:width\" content=\"900\" \/>\n\t<meta property=\"og:image:height\" content=\"600\" \/>\n\t<meta property=\"og:image:type\" content=\"image\/jpeg\" \/>\n<meta name=\"author\" content=\"Marcelo Oliveira de A. Maranhao\" \/>\n<meta name=\"twitter:card\" content=\"summary_large_image\" \/>\n<meta name=\"twitter:label1\" content=\"Escrito por\" \/>\n\t<meta name=\"twitter:data1\" content=\"Marcelo Oliveira de A. Maranhao\" \/>\n\t<meta name=\"twitter:label2\" content=\"Est. tempo de leitura\" \/>\n\t<meta name=\"twitter:data2\" content=\"1 minuto\" \/>\n<script type=\"application\/ld+json\" class=\"yoast-schema-graph\">{\"@context\":\"https:\\\/\\\/schema.org\",\"@graph\":[{\"@type\":\"Article\",\"@id\":\"https:\\\/\\\/diariodepe.com.br\\\/xinhua\\\/2022\\\/02\\\/10\\\/china-estabilizara-ainda-mais-os-precos-do-carvao\\\/#article\",\"isPartOf\":{\"@id\":\"https:\\\/\\\/diariodepe.com.br\\\/xinhua\\\/2022\\\/02\\\/10\\\/china-estabilizara-ainda-mais-os-precos-do-carvao\\\/\"},\"author\":{\"name\":\"Marcelo Oliveira de A. Maranhao\",\"@id\":\"https:\\\/\\\/diariodepe.com.br\\\/xinhua\\\/#\\\/schema\\\/person\\\/0943d6fd02bdc7b49c8f495e8787a2cb\"},\"headline\":\"China estabilizar\u00e1 ainda mais os pre\u00e7os do carv\u00e3o\",\"datePublished\":\"2022-02-10T16:44:47+00:00\",\"dateModified\":\"2022-02-10T16:44:48+00:00\",\"mainEntityOfPage\":{\"@id\":\"https:\\\/\\\/diariodepe.com.br\\\/xinhua\\\/2022\\\/02\\\/10\\\/china-estabilizara-ainda-mais-os-precos-do-carvao\\\/\"},\"wordCount\":167,\"commentCount\":0,\"publisher\":{\"@id\":\"https:\\\/\\\/diariodepe.com.br\\\/xinhua\\\/#organization\"},\"image\":{\"@id\":\"https:\\\/\\\/diariodepe.com.br\\\/xinhua\\\/2022\\\/02\\\/10\\\/china-estabilizara-ainda-mais-os-precos-do-carvao\\\/#primaryimage\"},\"thumbnailUrl\":\"https:\\\/\\\/diariodepe.com.br\\\/xinhua\\\/wp-content\\\/uploads\\\/sites\\\/3\\\/2022\\\/02\\\/1310464394_16444688581691n.jpg\",\"articleSection\":[\"Economia\"],\"inLanguage\":\"pt-BR\",\"potentialAction\":[{\"@type\":\"CommentAction\",\"name\":\"Comment\",\"target\":[\"https:\\\/\\\/diariodepe.com.br\\\/xinhua\\\/2022\\\/02\\\/10\\\/china-estabilizara-ainda-mais-os-precos-do-carvao\\\/#respond\"]}]},{\"@type\":\"WebPage\",\"@id\":\"https:\\\/\\\/diariodepe.com.br\\\/xinhua\\\/2022\\\/02\\\/10\\\/china-estabilizara-ainda-mais-os-precos-do-carvao\\\/\",\"url\":\"https:\\\/\\\/diariodepe.com.br\\\/xinhua\\\/2022\\\/02\\\/10\\\/china-estabilizara-ainda-mais-os-precos-do-carvao\\\/\",\"name\":\"China estabilizar\u00e1 ainda mais os pre\u00e7os do carv\u00e3o - Xinhua - Diario de Pernambuco\",\"isPartOf\":{\"@id\":\"https:\\\/\\\/diariodepe.com.br\\\/xinhua\\\/#website\"},\"primaryImageOfPage\":{\"@id\":\"https:\\\/\\\/diariodepe.com.br\\\/xinhua\\\/2022\\\/02\\\/10\\\/china-estabilizara-ainda-mais-os-precos-do-carvao\\\/#primaryimage\"},\"image\":{\"@id\":\"https:\\\/\\\/diariodepe.com.br\\\/xinhua\\\/2022\\\/02\\\/10\\\/china-estabilizara-ainda-mais-os-precos-do-carvao\\\/#primaryimage\"},\"thumbnailUrl\":\"https:\\\/\\\/diariodepe.com.br\\\/xinhua\\\/wp-content\\\/uploads\\\/sites\\\/3\\\/2022\\\/02\\\/1310464394_16444688581691n.jpg\",\"datePublished\":\"2022-02-10T16:44:47+00:00\",\"dateModified\":\"2022-02-10T16:44:48+00:00\",\"breadcrumb\":{\"@id\":\"https:\\\/\\\/diariodepe.com.br\\\/xinhua\\\/2022\\\/02\\\/10\\\/china-estabilizara-ainda-mais-os-precos-do-carvao\\\/#breadcrumb\"},\"inLanguage\":\"pt-BR\",\"potentialAction\":[{\"@type\":\"ReadAction\",\"target\":[\"https:\\\/\\\/diariodepe.com.br\\\/xinhua\\\/2022\\\/02\\\/10\\\/china-estabilizara-ainda-mais-os-precos-do-carvao\\\/\"]}]},{\"@type\":\"ImageObject\",\"inLanguage\":\"pt-BR\",\"@id\":\"https:\\\/\\\/diariodepe.com.br\\\/xinhua\\\/2022\\\/02\\\/10\\\/china-estabilizara-ainda-mais-os-precos-do-carvao\\\/#primaryimage\",\"url\":\"https:\\\/\\\/diariodepe.com.br\\\/xinhua\\\/wp-content\\\/uploads\\\/sites\\\/3\\\/2022\\\/02\\\/1310464394_16444688581691n.jpg\",\"contentUrl\":\"https:\\\/\\\/diariodepe.com.br\\\/xinhua\\\/wp-content\\\/uploads\\\/sites\\\/3\\\/2022\\\/02\\\/1310464394_16444688581691n.jpg\",\"width\":900,\"height\":600,\"caption\":\"Foto a\u00e9rea tirada em 23 de novembro de 2021 mostra um trem sendo carregado em uma esta\u00e7\u00e3o de carregamento de uma mina de carv\u00e3o em Erdos, Regi\u00e3o Aut\u00f4noma da Mong\u00f3lia Interior, norte da China. (Xinhua\\\/Li Zhipeng)\"},{\"@type\":\"BreadcrumbList\",\"@id\":\"https:\\\/\\\/diariodepe.com.br\\\/xinhua\\\/2022\\\/02\\\/10\\\/china-estabilizara-ainda-mais-os-precos-do-carvao\\\/#breadcrumb\",\"itemListElement\":[{\"@type\":\"ListItem\",\"position\":1,\"name\":\"In\u00edcio\",\"item\":\"https:\\\/\\\/diariodepe.com.br\\\/xinhua\\\/\"},{\"@type\":\"ListItem\",\"position\":2,\"name\":\"China estabilizar\u00e1 ainda mais os pre\u00e7os do carv\u00e3o\"}]},{\"@type\":\"WebSite\",\"@id\":\"https:\\\/\\\/diariodepe.com.br\\\/xinhua\\\/#website\",\"url\":\"https:\\\/\\\/diariodepe.com.br\\\/xinhua\\\/\",\"name\":\"Xinhua - Diario de Pernambuco\",\"description\":\"A maior ag\u00eancia de not\u00edcias da China e um dos principais canais para conhecer o pa\u00eds\",\"publisher\":{\"@id\":\"https:\\\/\\\/diariodepe.com.br\\\/xinhua\\\/#organization\"},\"potentialAction\":[{\"@type\":\"SearchAction\",\"target\":{\"@type\":\"EntryPoint\",\"urlTemplate\":\"https:\\\/\\\/diariodepe.com.br\\\/xinhua\\\/?s={search_term_string}\"},\"query-input\":{\"@type\":\"PropertyValueSpecification\",\"valueRequired\":true,\"valueName\":\"search_term_string\"}}],\"inLanguage\":\"pt-BR\"},{\"@type\":\"Organization\",\"@id\":\"https:\\\/\\\/diariodepe.com.br\\\/xinhua\\\/#organization\",\"name\":\"Xinhua - Diario de Pernambuco\",\"url\":\"https:\\\/\\\/diariodepe.com.br\\\/xinhua\\\/\",\"logo\":{\"@type\":\"ImageObject\",\"inLanguage\":\"pt-BR\",\"@id\":\"https:\\\/\\\/diariodepe.com.br\\\/xinhua\\\/#\\\/schema\\\/logo\\\/image\\\/\",\"url\":\"https:\\\/\\\/diariodepe.com.br\\\/xinhua\\\/wp-content\\\/uploads\\\/sites\\\/3\\\/2020\\\/10\\\/cropped-logo-transparente-2.png\",\"contentUrl\":\"https:\\\/\\\/diariodepe.com.br\\\/xinhua\\\/wp-content\\\/uploads\\\/sites\\\/3\\\/2020\\\/10\\\/cropped-logo-transparente-2.png\",\"width\":512,\"height\":164,\"caption\":\"Xinhua - Diario de Pernambuco\"},\"image\":{\"@id\":\"https:\\\/\\\/diariodepe.com.br\\\/xinhua\\\/#\\\/schema\\\/logo\\\/image\\\/\"}},{\"@type\":\"Person\",\"@id\":\"https:\\\/\\\/diariodepe.com.br\\\/xinhua\\\/#\\\/schema\\\/person\\\/0943d6fd02bdc7b49c8f495e8787a2cb\",\"name\":\"Marcelo Oliveira de A. Maranhao\",\"image\":{\"@type\":\"ImageObject\",\"inLanguage\":\"pt-BR\",\"@id\":\"https:\\\/\\\/secure.gravatar.com\\\/avatar\\\/f562caee940d39879c20e90eea3e4b21860c7d4c96684c23141c554824f0059c?s=96&d=mm&r=g\",\"url\":\"https:\\\/\\\/secure.gravatar.com\\\/avatar\\\/f562caee940d39879c20e90eea3e4b21860c7d4c96684c23141c554824f0059c?s=96&d=mm&r=g\",\"contentUrl\":\"https:\\\/\\\/secure.gravatar.com\\\/avatar\\\/f562caee940d39879c20e90eea3e4b21860c7d4c96684c23141c554824f0059c?s=96&d=mm&r=g\",\"caption\":\"Marcelo Oliveira de A. Maranhao\"},\"url\":\"https:\\\/\\\/diariodepe.com.br\\\/xinhua\\\/author\\\/marcelo-maranhao\\\/\"}]}<\/script>\n<!-- \/ Yoast SEO plugin. -->","yoast_head_json":{"title":"China estabilizar\u00e1 ainda mais os pre\u00e7os do carv\u00e3o - Xinhua - Diario de Pernambuco","robots":{"index":"index","follow":"follow","max-snippet":"max-snippet:-1","max-image-preview":"max-image-preview:large","max-video-preview":"max-video-preview:-1"},"canonical":"https:\/\/diariodepe.com.br\/xinhua\/2022\/02\/10\/china-estabilizara-ainda-mais-os-precos-do-carvao\/","og_locale":"pt_BR","og_type":"article","og_title":"China estabilizar\u00e1 ainda mais os pre\u00e7os do carv\u00e3o - Xinhua - Diario de Pernambuco","og_description":"Beijing, 10 fev &#8211; A China continuar\u00e1 mantendo os pre\u00e7os do carv\u00e3o est\u00e1veis, de acordo com o principal planejador econ\u00f4mico e departamento de energia do pa\u00eds. A Comiss\u00e3o Nacional de Desenvolvimento e Reforma e a Administra\u00e7\u00e3o Nacional de Energia realizaram...","og_url":"https:\/\/diariodepe.com.br\/xinhua\/2022\/02\/10\/china-estabilizara-ainda-mais-os-precos-do-carvao\/","og_site_name":"Xinhua - Diario de Pernambuco","article_published_time":"2022-02-10T16:44:47+00:00","article_modified_time":"2022-02-10T16:44:48+00:00","og_image":[{"width":900,"height":600,"url":"https:\/\/diariodepe.com.br\/xinhua\/wp-content\/uploads\/sites\/3\/2022\/02\/1310464394_16444688581691n.jpg","type":"image\/jpeg"}],"author":"Marcelo Oliveira de A. Maranhao","twitter_card":"summary_large_image","twitter_misc":{"Escrito por":"Marcelo Oliveira de A. Maranhao","Est. tempo de leitura":"1 minuto"},"schema":{"@context":"https:\/\/schema.org","@graph":[{"@type":"Article","@id":"https:\/\/diariodepe.com.br\/xinhua\/2022\/02\/10\/china-estabilizara-ainda-mais-os-precos-do-carvao\/#article","isPartOf":{"@id":"https:\/\/diariodepe.com.br\/xinhua\/2022\/02\/10\/china-estabilizara-ainda-mais-os-precos-do-carvao\/"},"author":{"name":"Marcelo Oliveira de A. Maranhao","@id":"https:\/\/diariodepe.com.br\/xinhua\/#\/schema\/person\/0943d6fd02bdc7b49c8f495e8787a2cb"},"headline":"China estabilizar\u00e1 ainda mais os pre\u00e7os do carv\u00e3o","datePublished":"2022-02-10T16:44:47+00:00","dateModified":"2022-02-10T16:44:48+00:00","mainEntityOfPage":{"@id":"https:\/\/diariodepe.com.br\/xinhua\/2022\/02\/10\/china-estabilizara-ainda-mais-os-precos-do-carvao\/"},"wordCount":167,"commentCount":0,"publisher":{"@id":"https:\/\/diariodepe.com.br\/xinhua\/#organization"},"image":{"@id":"https:\/\/diariodepe.com.br\/xinhua\/2022\/02\/10\/china-estabilizara-ainda-mais-os-precos-do-carvao\/#primaryimage"},"thumbnailUrl":"https:\/\/diariodepe.com.br\/xinhua\/wp-content\/uploads\/sites\/3\/2022\/02\/1310464394_16444688581691n.jpg","articleSection":["Economia"],"inLanguage":"pt-BR","potentialAction":[{"@type":"CommentAction","name":"Comment","target":["https:\/\/diariodepe.com.br\/xinhua\/2022\/02\/10\/china-estabilizara-ainda-mais-os-precos-do-carvao\/#respond"]}]},{"@type":"WebPage","@id":"https:\/\/diariodepe.com.br\/xinhua\/2022\/02\/10\/china-estabilizara-ainda-mais-os-precos-do-carvao\/","url":"https:\/\/diariodepe.com.br\/xinhua\/2022\/02\/10\/china-estabilizara-ainda-mais-os-precos-do-carvao\/","name":"China estabilizar\u00e1 ainda mais os pre\u00e7os do carv\u00e3o - Xinhua - Diario de Pernambuco","isPartOf":{"@id":"https:\/\/diariodepe.com.br\/xinhua\/#website"},"primaryImageOfPage":{"@id":"https:\/\/diariodepe.com.br\/xinhua\/2022\/02\/10\/china-estabilizara-ainda-mais-os-precos-do-carvao\/#primaryimage"},"image":{"@id":"https:\/\/diariodepe.com.br\/xinhua\/2022\/02\/10\/china-estabilizara-ainda-mais-os-precos-do-carvao\/#primaryimage"},"thumbnailUrl":"https:\/\/diariodepe.com.br\/xinhua\/wp-content\/uploads\/sites\/3\/2022\/02\/1310464394_16444688581691n.jpg","datePublished":"2022-02-10T16:44:47+00:00","dateModified":"2022-02-10T16:44:48+00:00","breadcrumb":{"@id":"https:\/\/diariodepe.com.br\/xinhua\/2022\/02\/10\/china-estabilizara-ainda-mais-os-precos-do-carvao\/#breadcrumb"},"inLanguage":"pt-BR","potentialAction":[{"@type":"ReadAction","target":["https:\/\/diariodepe.com.br\/xinhua\/2022\/02\/10\/china-estabilizara-ainda-mais-os-precos-do-carvao\/"]}]},{"@type":"ImageObject","inLanguage":"pt-BR","@id":"https:\/\/diariodepe.com.br\/xinhua\/2022\/02\/10\/china-estabilizara-ainda-mais-os-precos-do-carvao\/#primaryimage","url":"https:\/\/diariodepe.com.br\/xinhua\/wp-content\/uploads\/sites\/3\/2022\/02\/1310464394_16444688581691n.jpg","contentUrl":"https:\/\/diariodepe.com.br\/xinhua\/wp-content\/uploads\/sites\/3\/2022\/02\/1310464394_16444688581691n.jpg","width":900,"height":600,"caption":"Foto a\u00e9rea tirada em 23 de novembro de 2021 mostra um trem sendo carregado em uma esta\u00e7\u00e3o de carregamento de uma mina de carv\u00e3o em Erdos, Regi\u00e3o Aut\u00f4noma da Mong\u00f3lia Interior, norte da China. (Xinhua\/Li Zhipeng)"},{"@type":"BreadcrumbList","@id":"https:\/\/diariodepe.com.br\/xinhua\/2022\/02\/10\/china-estabilizara-ainda-mais-os-precos-do-carvao\/#breadcrumb","itemListElement":[{"@type":"ListItem","position":1,"name":"In\u00edcio","item":"https:\/\/diariodepe.com.br\/xinhua\/"},{"@type":"ListItem","position":2,"name":"China estabilizar\u00e1 ainda mais os pre\u00e7os do carv\u00e3o"}]},{"@type":"WebSite","@id":"https:\/\/diariodepe.com.br\/xinhua\/#website","url":"https:\/\/diariodepe.com.br\/xinhua\/","name":"Xinhua - Diario de Pernambuco","description":"A maior ag\u00eancia de not\u00edcias da China e um dos principais canais para conhecer o pa\u00eds","publisher":{"@id":"https:\/\/diariodepe.com.br\/xinhua\/#organization"},"potentialAction":[{"@type":"SearchAction","target":{"@type":"EntryPoint","urlTemplate":"https:\/\/diariodepe.com.br\/xinhua\/?s={search_term_string}"},"query-input":{"@type":"PropertyValueSpecification","valueRequired":true,"valueName":"search_term_string"}}],"inLanguage":"pt-BR"},{"@type":"Organization","@id":"https:\/\/diariodepe.com.br\/xinhua\/#organization","name":"Xinhua - Diario de Pernambuco","url":"https:\/\/diariodepe.com.br\/xinhua\/","logo":{"@type":"ImageObject","inLanguage":"pt-BR","@id":"https:\/\/diariodepe.com.br\/xinhua\/#\/schema\/logo\/image\/","url":"https:\/\/diariodepe.com.br\/xinhua\/wp-content\/uploads\/sites\/3\/2020\/10\/cropped-logo-transparente-2.png","contentUrl":"https:\/\/diariodepe.com.br\/xinhua\/wp-content\/uploads\/sites\/3\/2020\/10\/cropped-logo-transparente-2.png","width":512,"height":164,"caption":"Xinhua - Diario de Pernambuco"},"image":{"@id":"https:\/\/diariodepe.com.br\/xinhua\/#\/schema\/logo\/image\/"}},{"@type":"Person","@id":"https:\/\/diariodepe.com.br\/xinhua\/#\/schema\/person\/0943d6fd02bdc7b49c8f495e8787a2cb","name":"Marcelo Oliveira de A. Maranhao","image":{"@type":"ImageObject","inLanguage":"pt-BR","@id":"https:\/\/secure.gravatar.com\/avatar\/f562caee940d39879c20e90eea3e4b21860c7d4c96684c23141c554824f0059c?s=96&d=mm&r=g","url":"https:\/\/secure.gravatar.com\/avatar\/f562caee940d39879c20e90eea3e4b21860c7d4c96684c23141c554824f0059c?s=96&d=mm&r=g","contentUrl":"https:\/\/secure.gravatar.com\/avatar\/f562caee940d39879c20e90eea3e4b21860c7d4c96684c23141c554824f0059c?s=96&d=mm&r=g","caption":"Marcelo Oliveira de A. Maranhao"},"url":"https:\/\/diariodepe.com.br\/xinhua\/author\/marcelo-maranhao\/"}]}},"cc_featured_image_caption":{"caption_text":"","source_text":"","source_url":""},"amp_enabled":true,"_links":{"self":[{"href":"https:\/\/diariodepe.com.br\/xinhua\/wp-json\/wp\/v2\/posts\/5241","targetHints":{"allow":["GET"]}}],"collection":[{"href":"https:\/\/diariodepe.com.br\/xinhua\/wp-json\/wp\/v2\/posts"}],"about":[{"href":"https:\/\/diariodepe.com.br\/xinhua\/wp-json\/wp\/v2\/types\/post"}],"author":[{"embeddable":true,"href":"https:\/\/diariodepe.com.br\/xinhua\/wp-json\/wp\/v2\/users\/3"}],"replies":[{"embeddable":true,"href":"https:\/\/diariodepe.com.br\/xinhua\/wp-json\/wp\/v2\/comments?post=5241"}],"version-history":[{"count":1,"href":"https:\/\/diariodepe.com.br\/xinhua\/wp-json\/wp\/v2\/posts\/5241\/revisions"}],"predecessor-version":[{"id":5243,"href":"https:\/\/diariodepe.com.br\/xinhua\/wp-json\/wp\/v2\/posts\/5241\/revisions\/5243"}],"wp:featuredmedia":[{"embeddable":true,"href":"https:\/\/diariodepe.com.br\/xinhua\/wp-json\/wp\/v2\/media\/5242"}],"wp:attachment":[{"href":"https:\/\/diariodepe.com.br\/xinhua\/wp-json\/wp\/v2\/media?parent=5241"}],"wp:term":[{"taxonomy":"category","embeddable":true,"href":"https:\/\/diariodepe.com.br\/xinhua\/wp-json\/wp\/v2\/categories?post=5241"},{"taxonomy":"post_tag","embeddable":true,"href":"https:\/\/diariodepe.com.br\/xinhua\/wp-json\/wp\/v2\/tags?post=5241"}],"curies":[{"name":"wp","href":"https:\/\/api.w.org\/{rel}","templated":true}]}}