{"id":5203,"date":"2022-02-08T12:10:00","date_gmt":"2022-02-08T15:10:00","guid":{"rendered":"http:\/\/www.diariodepe.com.br\/xinhua\/?p=5203"},"modified":"2022-02-08T10:59:09","modified_gmt":"2022-02-08T13:59:09","slug":"china-se-opoe-a-projeto-de-lei-dos-eua-com-conteudo-negativo-sobre-china-diz-porta-voz","status":"publish","type":"post","link":"https:\/\/diariodepe.com.br\/xinhua\/2022\/02\/08\/china-se-opoe-a-projeto-de-lei-dos-eua-com-conteudo-negativo-sobre-china-diz-porta-voz\/","title":{"rendered":"China se op\u00f5e a projeto de lei dos EUA com conte\u00fado negativo sobre China, diz porta-voz"},"content":{"rendered":"\n<p>Beijing, 8 fev &#8211; A China expressou firme oposi\u00e7\u00e3o nesta segunda-feira a um projeto de lei dos EUA contendo conte\u00fado negativo sobre a China, instando o lado estadunidense a encarar o desenvolvimento da China e as rela\u00e7\u00f5es China-EUA de uma forma objetiva e racional.<\/p>\n\n\n\n<p>De acordo com reportagens, em 5 de fevereiro a C\u00e2mara de Representantes dos EUA aprovou a chamada &#8220;America COMPETES Act of 2022&#8221;.<\/p>\n\n\n\n<p>Em resposta, o porta-voz do Minist\u00e9rio das Rela\u00e7\u00f5es Exteriores da China, Zhao Lijian, afirmou que o conte\u00fado relacionado \u00e0 China no projeto de lei, que est\u00e1 impregnado de mentalidade de Guerra Fria e mentalidade de jogo de soma zero, denigre o caminho de desenvolvimento chin\u00eas, bem como suas pol\u00edticas internas e externas, clama por uma competi\u00e7\u00e3o estrat\u00e9gica com a China, al\u00e9m de fazer coment\u00e1rios irrespons\u00e1veis sobre quest\u00f5es relacionadas a Taiwan, Xinjiang, Hong Kong e Tibet.<\/p>\n\n\n\n<p>Ao falar em uma coletiva de imprensa, Zhao disse que a China tem afirmado repetidamente que a forma como os Estados Unidos se desenvolvem e aumentam sua competitividade \u00e9 um assunto deles, mas que n\u00e3o deve fazer da China um problema, muito menos us\u00e1-la como pretexto para interferir nos assuntos internos e prejudicar os interesses chineses.<\/p>\n\n\n\n<p>Esta Lei exp\u00f5e mais uma vez a pr\u00e1tica hegem\u00f4nica e bullying dos Estados Unidos, disse Zhao, acrescentando que, em um sentido fundamental, vai contra a tend\u00eancia de nossos tempos e a aspira\u00e7\u00e3o compartilhada das pessoas pela paz, desenvolvimento e coopera\u00e7\u00e3o, e eventualmente s\u00f3 prejudicar\u00e1 os interesses dos Estados Unidos.<\/p>\n\n\n\n<p>O porta-voz exortou os Estados Unidos a descartarem sua mentalidade de Guerra Fria e de jogo de soma zero, a encararem o desenvolvimento da China e as rela\u00e7\u00f5es China-EUA de forma objetiva e racional, a eliminarem o conte\u00fado negativo relacionado \u00e0 China no projeto de lei, a pararem de rever e empurrar a Lei, e a deixarem de minar as rela\u00e7\u00f5es e a coopera\u00e7\u00e3o China-EUA em \u00e1reas importantes.<\/p>\n","protected":false},"excerpt":{"rendered":"<p>Beijing, 8 fev &#8211; A China expressou firme oposi\u00e7\u00e3o nesta segunda-feira a um projeto de lei dos EUA contendo conte\u00fado negativo sobre a China, instando o lado estadunidense a encarar o desenvolvimento da China e as rela\u00e7\u00f5es China-EUA de uma&#8230;<\/p>\n","protected":false},"author":3,"featured_media":5204,"comment_status":"open","ping_status":"open","sticky":false,"template":"","format":"standard","meta":{"footnotes":""},"categories":[4],"tags":[],"class_list":["post-5203","post","type-post","status-publish","format-standard","has-post-thumbnail","hentry","category-internacional"],"yoast_head":"<!-- This site is optimized with the Yoast SEO plugin v27.4 - https:\/\/yoast.com\/product\/yoast-seo-wordpress\/ -->\n<title>China se op\u00f5e a projeto de lei dos EUA com conte\u00fado negativo sobre China, diz porta-voz - Xinhua - Diario de Pernambuco<\/title>\n<meta name=\"robots\" content=\"index, follow, max-snippet:-1, max-image-preview:large, max-video-preview:-1\" \/>\n<link rel=\"canonical\" href=\"https:\/\/diariodepe.com.br\/xinhua\/2022\/02\/08\/china-se-opoe-a-projeto-de-lei-dos-eua-com-conteudo-negativo-sobre-china-diz-porta-voz\/\" \/>\n<meta property=\"og:locale\" content=\"pt_BR\" \/>\n<meta property=\"og:type\" content=\"article\" \/>\n<meta property=\"og:title\" content=\"China se op\u00f5e a projeto de lei dos EUA com conte\u00fado negativo sobre China, diz porta-voz - Xinhua - Diario de Pernambuco\" \/>\n<meta property=\"og:description\" content=\"Beijing, 8 fev &#8211; A China expressou firme oposi\u00e7\u00e3o nesta segunda-feira a um projeto de lei dos EUA contendo conte\u00fado negativo sobre a China, instando o lado estadunidense a encarar o desenvolvimento da China e as rela\u00e7\u00f5es China-EUA de uma...\" \/>\n<meta property=\"og:url\" content=\"https:\/\/diariodepe.com.br\/xinhua\/2022\/02\/08\/china-se-opoe-a-projeto-de-lei-dos-eua-com-conteudo-negativo-sobre-china-diz-porta-voz\/\" \/>\n<meta property=\"og:site_name\" content=\"Xinhua - Diario de Pernambuco\" \/>\n<meta property=\"article:published_time\" content=\"2022-02-08T15:10:00+00:00\" \/>\n<meta property=\"og:image\" content=\"https:\/\/diariodepe.com.br\/xinhua\/wp-content\/uploads\/sites\/3\/2022\/02\/1310461041_16442935556581n.jpg\" \/>\n\t<meta property=\"og:image:width\" content=\"900\" \/>\n\t<meta property=\"og:image:height\" content=\"594\" \/>\n\t<meta property=\"og:image:type\" content=\"image\/jpeg\" \/>\n<meta name=\"author\" content=\"Marcelo Oliveira de A. Maranhao\" \/>\n<meta name=\"twitter:card\" content=\"summary_large_image\" \/>\n<meta name=\"twitter:label1\" content=\"Escrito por\" \/>\n\t<meta name=\"twitter:data1\" content=\"Marcelo Oliveira de A. Maranhao\" \/>\n\t<meta name=\"twitter:label2\" content=\"Est. tempo de leitura\" \/>\n\t<meta name=\"twitter:data2\" content=\"2 minutos\" \/>\n<script type=\"application\/ld+json\" class=\"yoast-schema-graph\">{\"@context\":\"https:\\\/\\\/schema.org\",\"@graph\":[{\"@type\":\"Article\",\"@id\":\"https:\\\/\\\/diariodepe.com.br\\\/xinhua\\\/2022\\\/02\\\/08\\\/china-se-opoe-a-projeto-de-lei-dos-eua-com-conteudo-negativo-sobre-china-diz-porta-voz\\\/#article\",\"isPartOf\":{\"@id\":\"https:\\\/\\\/diariodepe.com.br\\\/xinhua\\\/2022\\\/02\\\/08\\\/china-se-opoe-a-projeto-de-lei-dos-eua-com-conteudo-negativo-sobre-china-diz-porta-voz\\\/\"},\"author\":{\"name\":\"Marcelo Oliveira de A. Maranhao\",\"@id\":\"https:\\\/\\\/diariodepe.com.br\\\/xinhua\\\/#\\\/schema\\\/person\\\/0943d6fd02bdc7b49c8f495e8787a2cb\"},\"headline\":\"China se op\u00f5e a projeto de lei dos EUA com conte\u00fado negativo sobre China, diz porta-voz\",\"datePublished\":\"2022-02-08T15:10:00+00:00\",\"mainEntityOfPage\":{\"@id\":\"https:\\\/\\\/diariodepe.com.br\\\/xinhua\\\/2022\\\/02\\\/08\\\/china-se-opoe-a-projeto-de-lei-dos-eua-com-conteudo-negativo-sobre-china-diz-porta-voz\\\/\"},\"wordCount\":353,\"commentCount\":0,\"publisher\":{\"@id\":\"https:\\\/\\\/diariodepe.com.br\\\/xinhua\\\/#organization\"},\"image\":{\"@id\":\"https:\\\/\\\/diariodepe.com.br\\\/xinhua\\\/2022\\\/02\\\/08\\\/china-se-opoe-a-projeto-de-lei-dos-eua-com-conteudo-negativo-sobre-china-diz-porta-voz\\\/#primaryimage\"},\"thumbnailUrl\":\"https:\\\/\\\/diariodepe.com.br\\\/xinhua\\\/wp-content\\\/uploads\\\/sites\\\/3\\\/2022\\\/02\\\/1310461041_16442935556581n.jpg\",\"articleSection\":[\"Internacional\"],\"inLanguage\":\"pt-BR\",\"potentialAction\":[{\"@type\":\"CommentAction\",\"name\":\"Comment\",\"target\":[\"https:\\\/\\\/diariodepe.com.br\\\/xinhua\\\/2022\\\/02\\\/08\\\/china-se-opoe-a-projeto-de-lei-dos-eua-com-conteudo-negativo-sobre-china-diz-porta-voz\\\/#respond\"]}]},{\"@type\":\"WebPage\",\"@id\":\"https:\\\/\\\/diariodepe.com.br\\\/xinhua\\\/2022\\\/02\\\/08\\\/china-se-opoe-a-projeto-de-lei-dos-eua-com-conteudo-negativo-sobre-china-diz-porta-voz\\\/\",\"url\":\"https:\\\/\\\/diariodepe.com.br\\\/xinhua\\\/2022\\\/02\\\/08\\\/china-se-opoe-a-projeto-de-lei-dos-eua-com-conteudo-negativo-sobre-china-diz-porta-voz\\\/\",\"name\":\"China se op\u00f5e a projeto de lei dos EUA com conte\u00fado negativo sobre China, diz porta-voz - Xinhua - Diario de Pernambuco\",\"isPartOf\":{\"@id\":\"https:\\\/\\\/diariodepe.com.br\\\/xinhua\\\/#website\"},\"primaryImageOfPage\":{\"@id\":\"https:\\\/\\\/diariodepe.com.br\\\/xinhua\\\/2022\\\/02\\\/08\\\/china-se-opoe-a-projeto-de-lei-dos-eua-com-conteudo-negativo-sobre-china-diz-porta-voz\\\/#primaryimage\"},\"image\":{\"@id\":\"https:\\\/\\\/diariodepe.com.br\\\/xinhua\\\/2022\\\/02\\\/08\\\/china-se-opoe-a-projeto-de-lei-dos-eua-com-conteudo-negativo-sobre-china-diz-porta-voz\\\/#primaryimage\"},\"thumbnailUrl\":\"https:\\\/\\\/diariodepe.com.br\\\/xinhua\\\/wp-content\\\/uploads\\\/sites\\\/3\\\/2022\\\/02\\\/1310461041_16442935556581n.jpg\",\"datePublished\":\"2022-02-08T15:10:00+00:00\",\"breadcrumb\":{\"@id\":\"https:\\\/\\\/diariodepe.com.br\\\/xinhua\\\/2022\\\/02\\\/08\\\/china-se-opoe-a-projeto-de-lei-dos-eua-com-conteudo-negativo-sobre-china-diz-porta-voz\\\/#breadcrumb\"},\"inLanguage\":\"pt-BR\",\"potentialAction\":[{\"@type\":\"ReadAction\",\"target\":[\"https:\\\/\\\/diariodepe.com.br\\\/xinhua\\\/2022\\\/02\\\/08\\\/china-se-opoe-a-projeto-de-lei-dos-eua-com-conteudo-negativo-sobre-china-diz-porta-voz\\\/\"]}]},{\"@type\":\"ImageObject\",\"inLanguage\":\"pt-BR\",\"@id\":\"https:\\\/\\\/diariodepe.com.br\\\/xinhua\\\/2022\\\/02\\\/08\\\/china-se-opoe-a-projeto-de-lei-dos-eua-com-conteudo-negativo-sobre-china-diz-porta-voz\\\/#primaryimage\",\"url\":\"https:\\\/\\\/diariodepe.com.br\\\/xinhua\\\/wp-content\\\/uploads\\\/sites\\\/3\\\/2022\\\/02\\\/1310461041_16442935556581n.jpg\",\"contentUrl\":\"https:\\\/\\\/diariodepe.com.br\\\/xinhua\\\/wp-content\\\/uploads\\\/sites\\\/3\\\/2022\\\/02\\\/1310461041_16442935556581n.jpg\",\"width\":900,\"height\":594,\"caption\":\"O Capit\u00f3lio e um sinal de pare s\u00e3o vistos em Washington D.C., Estados Unidos, em 13 de fevereiro de 2020. (Xinhua\\\/Liu Jie)\"},{\"@type\":\"BreadcrumbList\",\"@id\":\"https:\\\/\\\/diariodepe.com.br\\\/xinhua\\\/2022\\\/02\\\/08\\\/china-se-opoe-a-projeto-de-lei-dos-eua-com-conteudo-negativo-sobre-china-diz-porta-voz\\\/#breadcrumb\",\"itemListElement\":[{\"@type\":\"ListItem\",\"position\":1,\"name\":\"In\u00edcio\",\"item\":\"https:\\\/\\\/diariodepe.com.br\\\/xinhua\\\/\"},{\"@type\":\"ListItem\",\"position\":2,\"name\":\"China se op\u00f5e a projeto de lei dos EUA com conte\u00fado negativo sobre China, diz porta-voz\"}]},{\"@type\":\"WebSite\",\"@id\":\"https:\\\/\\\/diariodepe.com.br\\\/xinhua\\\/#website\",\"url\":\"https:\\\/\\\/diariodepe.com.br\\\/xinhua\\\/\",\"name\":\"Xinhua - Diario de Pernambuco\",\"description\":\"A maior ag\u00eancia de not\u00edcias da China e um dos principais canais para conhecer o pa\u00eds\",\"publisher\":{\"@id\":\"https:\\\/\\\/diariodepe.com.br\\\/xinhua\\\/#organization\"},\"potentialAction\":[{\"@type\":\"SearchAction\",\"target\":{\"@type\":\"EntryPoint\",\"urlTemplate\":\"https:\\\/\\\/diariodepe.com.br\\\/xinhua\\\/?s={search_term_string}\"},\"query-input\":{\"@type\":\"PropertyValueSpecification\",\"valueRequired\":true,\"valueName\":\"search_term_string\"}}],\"inLanguage\":\"pt-BR\"},{\"@type\":\"Organization\",\"@id\":\"https:\\\/\\\/diariodepe.com.br\\\/xinhua\\\/#organization\",\"name\":\"Xinhua - Diario de Pernambuco\",\"url\":\"https:\\\/\\\/diariodepe.com.br\\\/xinhua\\\/\",\"logo\":{\"@type\":\"ImageObject\",\"inLanguage\":\"pt-BR\",\"@id\":\"https:\\\/\\\/diariodepe.com.br\\\/xinhua\\\/#\\\/schema\\\/logo\\\/image\\\/\",\"url\":\"https:\\\/\\\/diariodepe.com.br\\\/xinhua\\\/wp-content\\\/uploads\\\/sites\\\/3\\\/2020\\\/10\\\/cropped-logo-transparente-2.png\",\"contentUrl\":\"https:\\\/\\\/diariodepe.com.br\\\/xinhua\\\/wp-content\\\/uploads\\\/sites\\\/3\\\/2020\\\/10\\\/cropped-logo-transparente-2.png\",\"width\":512,\"height\":164,\"caption\":\"Xinhua - Diario de Pernambuco\"},\"image\":{\"@id\":\"https:\\\/\\\/diariodepe.com.br\\\/xinhua\\\/#\\\/schema\\\/logo\\\/image\\\/\"}},{\"@type\":\"Person\",\"@id\":\"https:\\\/\\\/diariodepe.com.br\\\/xinhua\\\/#\\\/schema\\\/person\\\/0943d6fd02bdc7b49c8f495e8787a2cb\",\"name\":\"Marcelo Oliveira de A. Maranhao\",\"image\":{\"@type\":\"ImageObject\",\"inLanguage\":\"pt-BR\",\"@id\":\"https:\\\/\\\/secure.gravatar.com\\\/avatar\\\/f562caee940d39879c20e90eea3e4b21860c7d4c96684c23141c554824f0059c?s=96&d=mm&r=g\",\"url\":\"https:\\\/\\\/secure.gravatar.com\\\/avatar\\\/f562caee940d39879c20e90eea3e4b21860c7d4c96684c23141c554824f0059c?s=96&d=mm&r=g\",\"contentUrl\":\"https:\\\/\\\/secure.gravatar.com\\\/avatar\\\/f562caee940d39879c20e90eea3e4b21860c7d4c96684c23141c554824f0059c?s=96&d=mm&r=g\",\"caption\":\"Marcelo Oliveira de A. Maranhao\"},\"url\":\"https:\\\/\\\/diariodepe.com.br\\\/xinhua\\\/author\\\/marcelo-maranhao\\\/\"}]}<\/script>\n<!-- \/ Yoast SEO plugin. -->","yoast_head_json":{"title":"China se op\u00f5e a projeto de lei dos EUA com conte\u00fado negativo sobre China, diz porta-voz - Xinhua - Diario de Pernambuco","robots":{"index":"index","follow":"follow","max-snippet":"max-snippet:-1","max-image-preview":"max-image-preview:large","max-video-preview":"max-video-preview:-1"},"canonical":"https:\/\/diariodepe.com.br\/xinhua\/2022\/02\/08\/china-se-opoe-a-projeto-de-lei-dos-eua-com-conteudo-negativo-sobre-china-diz-porta-voz\/","og_locale":"pt_BR","og_type":"article","og_title":"China se op\u00f5e a projeto de lei dos EUA com conte\u00fado negativo sobre China, diz porta-voz - Xinhua - Diario de Pernambuco","og_description":"Beijing, 8 fev &#8211; A China expressou firme oposi\u00e7\u00e3o nesta segunda-feira a um projeto de lei dos EUA contendo conte\u00fado negativo sobre a China, instando o lado estadunidense a encarar o desenvolvimento da China e as rela\u00e7\u00f5es China-EUA de uma...","og_url":"https:\/\/diariodepe.com.br\/xinhua\/2022\/02\/08\/china-se-opoe-a-projeto-de-lei-dos-eua-com-conteudo-negativo-sobre-china-diz-porta-voz\/","og_site_name":"Xinhua - Diario de Pernambuco","article_published_time":"2022-02-08T15:10:00+00:00","og_image":[{"width":900,"height":594,"url":"https:\/\/diariodepe.com.br\/xinhua\/wp-content\/uploads\/sites\/3\/2022\/02\/1310461041_16442935556581n.jpg","type":"image\/jpeg"}],"author":"Marcelo Oliveira de A. Maranhao","twitter_card":"summary_large_image","twitter_misc":{"Escrito por":"Marcelo Oliveira de A. Maranhao","Est. tempo de leitura":"2 minutos"},"schema":{"@context":"https:\/\/schema.org","@graph":[{"@type":"Article","@id":"https:\/\/diariodepe.com.br\/xinhua\/2022\/02\/08\/china-se-opoe-a-projeto-de-lei-dos-eua-com-conteudo-negativo-sobre-china-diz-porta-voz\/#article","isPartOf":{"@id":"https:\/\/diariodepe.com.br\/xinhua\/2022\/02\/08\/china-se-opoe-a-projeto-de-lei-dos-eua-com-conteudo-negativo-sobre-china-diz-porta-voz\/"},"author":{"name":"Marcelo Oliveira de A. Maranhao","@id":"https:\/\/diariodepe.com.br\/xinhua\/#\/schema\/person\/0943d6fd02bdc7b49c8f495e8787a2cb"},"headline":"China se op\u00f5e a projeto de lei dos EUA com conte\u00fado negativo sobre China, diz porta-voz","datePublished":"2022-02-08T15:10:00+00:00","mainEntityOfPage":{"@id":"https:\/\/diariodepe.com.br\/xinhua\/2022\/02\/08\/china-se-opoe-a-projeto-de-lei-dos-eua-com-conteudo-negativo-sobre-china-diz-porta-voz\/"},"wordCount":353,"commentCount":0,"publisher":{"@id":"https:\/\/diariodepe.com.br\/xinhua\/#organization"},"image":{"@id":"https:\/\/diariodepe.com.br\/xinhua\/2022\/02\/08\/china-se-opoe-a-projeto-de-lei-dos-eua-com-conteudo-negativo-sobre-china-diz-porta-voz\/#primaryimage"},"thumbnailUrl":"https:\/\/diariodepe.com.br\/xinhua\/wp-content\/uploads\/sites\/3\/2022\/02\/1310461041_16442935556581n.jpg","articleSection":["Internacional"],"inLanguage":"pt-BR","potentialAction":[{"@type":"CommentAction","name":"Comment","target":["https:\/\/diariodepe.com.br\/xinhua\/2022\/02\/08\/china-se-opoe-a-projeto-de-lei-dos-eua-com-conteudo-negativo-sobre-china-diz-porta-voz\/#respond"]}]},{"@type":"WebPage","@id":"https:\/\/diariodepe.com.br\/xinhua\/2022\/02\/08\/china-se-opoe-a-projeto-de-lei-dos-eua-com-conteudo-negativo-sobre-china-diz-porta-voz\/","url":"https:\/\/diariodepe.com.br\/xinhua\/2022\/02\/08\/china-se-opoe-a-projeto-de-lei-dos-eua-com-conteudo-negativo-sobre-china-diz-porta-voz\/","name":"China se op\u00f5e a projeto de lei dos EUA com conte\u00fado negativo sobre China, diz porta-voz - Xinhua - Diario de Pernambuco","isPartOf":{"@id":"https:\/\/diariodepe.com.br\/xinhua\/#website"},"primaryImageOfPage":{"@id":"https:\/\/diariodepe.com.br\/xinhua\/2022\/02\/08\/china-se-opoe-a-projeto-de-lei-dos-eua-com-conteudo-negativo-sobre-china-diz-porta-voz\/#primaryimage"},"image":{"@id":"https:\/\/diariodepe.com.br\/xinhua\/2022\/02\/08\/china-se-opoe-a-projeto-de-lei-dos-eua-com-conteudo-negativo-sobre-china-diz-porta-voz\/#primaryimage"},"thumbnailUrl":"https:\/\/diariodepe.com.br\/xinhua\/wp-content\/uploads\/sites\/3\/2022\/02\/1310461041_16442935556581n.jpg","datePublished":"2022-02-08T15:10:00+00:00","breadcrumb":{"@id":"https:\/\/diariodepe.com.br\/xinhua\/2022\/02\/08\/china-se-opoe-a-projeto-de-lei-dos-eua-com-conteudo-negativo-sobre-china-diz-porta-voz\/#breadcrumb"},"inLanguage":"pt-BR","potentialAction":[{"@type":"ReadAction","target":["https:\/\/diariodepe.com.br\/xinhua\/2022\/02\/08\/china-se-opoe-a-projeto-de-lei-dos-eua-com-conteudo-negativo-sobre-china-diz-porta-voz\/"]}]},{"@type":"ImageObject","inLanguage":"pt-BR","@id":"https:\/\/diariodepe.com.br\/xinhua\/2022\/02\/08\/china-se-opoe-a-projeto-de-lei-dos-eua-com-conteudo-negativo-sobre-china-diz-porta-voz\/#primaryimage","url":"https:\/\/diariodepe.com.br\/xinhua\/wp-content\/uploads\/sites\/3\/2022\/02\/1310461041_16442935556581n.jpg","contentUrl":"https:\/\/diariodepe.com.br\/xinhua\/wp-content\/uploads\/sites\/3\/2022\/02\/1310461041_16442935556581n.jpg","width":900,"height":594,"caption":"O Capit\u00f3lio e um sinal de pare s\u00e3o vistos em Washington D.C., Estados Unidos, em 13 de fevereiro de 2020. (Xinhua\/Liu Jie)"},{"@type":"BreadcrumbList","@id":"https:\/\/diariodepe.com.br\/xinhua\/2022\/02\/08\/china-se-opoe-a-projeto-de-lei-dos-eua-com-conteudo-negativo-sobre-china-diz-porta-voz\/#breadcrumb","itemListElement":[{"@type":"ListItem","position":1,"name":"In\u00edcio","item":"https:\/\/diariodepe.com.br\/xinhua\/"},{"@type":"ListItem","position":2,"name":"China se op\u00f5e a projeto de lei dos EUA com conte\u00fado negativo sobre China, diz porta-voz"}]},{"@type":"WebSite","@id":"https:\/\/diariodepe.com.br\/xinhua\/#website","url":"https:\/\/diariodepe.com.br\/xinhua\/","name":"Xinhua - Diario de Pernambuco","description":"A maior ag\u00eancia de not\u00edcias da China e um dos principais canais para conhecer o pa\u00eds","publisher":{"@id":"https:\/\/diariodepe.com.br\/xinhua\/#organization"},"potentialAction":[{"@type":"SearchAction","target":{"@type":"EntryPoint","urlTemplate":"https:\/\/diariodepe.com.br\/xinhua\/?s={search_term_string}"},"query-input":{"@type":"PropertyValueSpecification","valueRequired":true,"valueName":"search_term_string"}}],"inLanguage":"pt-BR"},{"@type":"Organization","@id":"https:\/\/diariodepe.com.br\/xinhua\/#organization","name":"Xinhua - Diario de Pernambuco","url":"https:\/\/diariodepe.com.br\/xinhua\/","logo":{"@type":"ImageObject","inLanguage":"pt-BR","@id":"https:\/\/diariodepe.com.br\/xinhua\/#\/schema\/logo\/image\/","url":"https:\/\/diariodepe.com.br\/xinhua\/wp-content\/uploads\/sites\/3\/2020\/10\/cropped-logo-transparente-2.png","contentUrl":"https:\/\/diariodepe.com.br\/xinhua\/wp-content\/uploads\/sites\/3\/2020\/10\/cropped-logo-transparente-2.png","width":512,"height":164,"caption":"Xinhua - Diario de Pernambuco"},"image":{"@id":"https:\/\/diariodepe.com.br\/xinhua\/#\/schema\/logo\/image\/"}},{"@type":"Person","@id":"https:\/\/diariodepe.com.br\/xinhua\/#\/schema\/person\/0943d6fd02bdc7b49c8f495e8787a2cb","name":"Marcelo Oliveira de A. Maranhao","image":{"@type":"ImageObject","inLanguage":"pt-BR","@id":"https:\/\/secure.gravatar.com\/avatar\/f562caee940d39879c20e90eea3e4b21860c7d4c96684c23141c554824f0059c?s=96&d=mm&r=g","url":"https:\/\/secure.gravatar.com\/avatar\/f562caee940d39879c20e90eea3e4b21860c7d4c96684c23141c554824f0059c?s=96&d=mm&r=g","contentUrl":"https:\/\/secure.gravatar.com\/avatar\/f562caee940d39879c20e90eea3e4b21860c7d4c96684c23141c554824f0059c?s=96&d=mm&r=g","caption":"Marcelo Oliveira de A. Maranhao"},"url":"https:\/\/diariodepe.com.br\/xinhua\/author\/marcelo-maranhao\/"}]}},"cc_featured_image_caption":{"caption_text":"","source_text":"","source_url":""},"amp_enabled":true,"_links":{"self":[{"href":"https:\/\/diariodepe.com.br\/xinhua\/wp-json\/wp\/v2\/posts\/5203","targetHints":{"allow":["GET"]}}],"collection":[{"href":"https:\/\/diariodepe.com.br\/xinhua\/wp-json\/wp\/v2\/posts"}],"about":[{"href":"https:\/\/diariodepe.com.br\/xinhua\/wp-json\/wp\/v2\/types\/post"}],"author":[{"embeddable":true,"href":"https:\/\/diariodepe.com.br\/xinhua\/wp-json\/wp\/v2\/users\/3"}],"replies":[{"embeddable":true,"href":"https:\/\/diariodepe.com.br\/xinhua\/wp-json\/wp\/v2\/comments?post=5203"}],"version-history":[{"count":1,"href":"https:\/\/diariodepe.com.br\/xinhua\/wp-json\/wp\/v2\/posts\/5203\/revisions"}],"predecessor-version":[{"id":5205,"href":"https:\/\/diariodepe.com.br\/xinhua\/wp-json\/wp\/v2\/posts\/5203\/revisions\/5205"}],"wp:featuredmedia":[{"embeddable":true,"href":"https:\/\/diariodepe.com.br\/xinhua\/wp-json\/wp\/v2\/media\/5204"}],"wp:attachment":[{"href":"https:\/\/diariodepe.com.br\/xinhua\/wp-json\/wp\/v2\/media?parent=5203"}],"wp:term":[{"taxonomy":"category","embeddable":true,"href":"https:\/\/diariodepe.com.br\/xinhua\/wp-json\/wp\/v2\/categories?post=5203"},{"taxonomy":"post_tag","embeddable":true,"href":"https:\/\/diariodepe.com.br\/xinhua\/wp-json\/wp\/v2\/tags?post=5203"}],"curies":[{"name":"wp","href":"https:\/\/api.w.org\/{rel}","templated":true}]}}