{"id":5073,"date":"2022-01-30T23:48:00","date_gmt":"2022-01-31T02:48:00","guid":{"rendered":"http:\/\/www.diariodepe.com.br\/xinhua\/?p=5073"},"modified":"2022-01-31T07:49:26","modified_gmt":"2022-01-31T10:49:26","slug":"zhao-dan-e-gao-tingyu-serao-portadores-de-bandeira-da-china-na-cerimonia-de-abertura-de-beijing-2022","status":"publish","type":"post","link":"https:\/\/diariodepe.com.br\/xinhua\/2022\/01\/30\/zhao-dan-e-gao-tingyu-serao-portadores-de-bandeira-da-china-na-cerimonia-de-abertura-de-beijing-2022\/","title":{"rendered":"Zhao Dan e Gao Tingyu ser\u00e3o portadores de bandeira da China na cerim\u00f4nia de abertura de Beijing 2022"},"content":{"rendered":"\n<p>Beijing, 30 jan &#8211; A atleta de skeleton Zhao Dan e o patinador de velocidade Gao Tingyu foram anunciados neste domingo como porta-bandeiras da delega\u00e7\u00e3o chinesa na cerim\u00f4nia de abertura dos Jogos Ol\u00edmpicos de Inverno de Beijing 2022.<\/p>\n\n\n\n<p>Zhao Dan nasceu na Regi\u00e3o Aut\u00f4noma da Mong\u00f3lia Interior da China. Ela foi selecionada para a sele\u00e7\u00e3o nacional de skeleton da China em 2018.<\/p>\n\n\n\n<p>Zhao, de 19 anos, considerada uma das favoritas para Beijing 2022, conquistou o 7\u00ba lugar na corrida feminina em sua primeira competi\u00e7\u00e3o mundial nos Jogos Ol\u00edmpicos da Juventude de Inverno de 2020. Ela continuou melhorando suas habilidades na temporada 2021-22 e ganhou um t\u00edtulo na parada Innsbruck da Copa Intercontinental.<\/p>\n\n\n\n<p>Gao Tingyu, de 24 anos, \u00e9 uma das estrelas da patina\u00e7\u00e3o de velocidade mais brilhantes da China nos \u00faltimos anos. Ele entrou na equipe nacional de patina\u00e7\u00e3o de velocidade da China em 2016. Nos Jogos de Inverno de PyeongChang em 2018, Gao conquistou o bronze nos 500m masculino, tornando-se o primeiro patinador de velocidade masculino chin\u00eas a ganhar uma medalha nos Jogos Ol\u00edmpicos de Inverno.<\/p>\n\n\n\n<p>Gao continuou conquistando novos marcos nos \u00faltimos anos. Nesta temporada, Gao ganhou ouro e prata nos 500m.<\/p>\n\n\n\n<p>&#8220;Ser\u00e1 a segunda edi\u00e7\u00e3o dos Jogos Ol\u00edmpicos de Inverno para Gao Tingyu, que ganhou o bronze em PyeongChang&#8221;, disse Ni Huizhong, secret\u00e1rio-geral da Delega\u00e7\u00e3o Ol\u00edmpica de Inverno Chinesa.<\/p>\n\n\n\n<p>&#8220;Gao tem patinado muito bem nesta temporada, e Zhao, de 19 anos, \u00e9 uma jovem estrela em ascens\u00e3o&#8221;, comentou Ni.<\/p>\n\n\n\n<p>Os Jogos Ol\u00edmpicos de Inverno de Beijing 2022 ser\u00e3o inaugurados em 4 de fevereiro.<\/p>\n","protected":false},"excerpt":{"rendered":"<p>Beijing, 30 jan &#8211; A atleta de skeleton Zhao Dan e o patinador de velocidade Gao Tingyu foram anunciados neste domingo como porta-bandeiras da delega\u00e7\u00e3o chinesa na cerim\u00f4nia de abertura dos Jogos Ol\u00edmpicos de Inverno de Beijing 2022. Zhao Dan&#8230;<\/p>\n","protected":false},"author":3,"featured_media":0,"comment_status":"open","ping_status":"open","sticky":false,"template":"","format":"standard","meta":{"footnotes":""},"categories":[1],"tags":[],"class_list":["post-5073","post","type-post","status-publish","format-standard","hentry","category-geral"],"yoast_head":"<!-- This site is optimized with the Yoast SEO plugin v27.4 - https:\/\/yoast.com\/product\/yoast-seo-wordpress\/ -->\n<title>Zhao Dan e Gao Tingyu ser\u00e3o portadores de bandeira da China na cerim\u00f4nia de abertura de Beijing 2022 - Xinhua - Diario de Pernambuco<\/title>\n<meta name=\"robots\" content=\"index, follow, max-snippet:-1, max-image-preview:large, max-video-preview:-1\" \/>\n<link rel=\"canonical\" href=\"https:\/\/diariodepe.com.br\/xinhua\/2022\/01\/30\/zhao-dan-e-gao-tingyu-serao-portadores-de-bandeira-da-china-na-cerimonia-de-abertura-de-beijing-2022\/\" \/>\n<meta property=\"og:locale\" content=\"pt_BR\" \/>\n<meta property=\"og:type\" content=\"article\" \/>\n<meta property=\"og:title\" content=\"Zhao Dan e Gao Tingyu ser\u00e3o portadores de bandeira da China na cerim\u00f4nia de abertura de Beijing 2022 - Xinhua - Diario de Pernambuco\" \/>\n<meta property=\"og:description\" content=\"Beijing, 30 jan &#8211; A atleta de skeleton Zhao Dan e o patinador de velocidade Gao Tingyu foram anunciados neste domingo como porta-bandeiras da delega\u00e7\u00e3o chinesa na cerim\u00f4nia de abertura dos Jogos Ol\u00edmpicos de Inverno de Beijing 2022. Zhao Dan...\" \/>\n<meta property=\"og:url\" content=\"https:\/\/diariodepe.com.br\/xinhua\/2022\/01\/30\/zhao-dan-e-gao-tingyu-serao-portadores-de-bandeira-da-china-na-cerimonia-de-abertura-de-beijing-2022\/\" \/>\n<meta property=\"og:site_name\" content=\"Xinhua - Diario de Pernambuco\" \/>\n<meta property=\"article:published_time\" content=\"2022-01-31T02:48:00+00:00\" \/>\n<meta property=\"article:modified_time\" content=\"2022-01-31T10:49:26+00:00\" \/>\n<meta name=\"author\" content=\"Marcelo Oliveira de A. Maranhao\" \/>\n<meta name=\"twitter:card\" content=\"summary_large_image\" \/>\n<meta name=\"twitter:label1\" content=\"Escrito por\" \/>\n\t<meta name=\"twitter:data1\" content=\"Marcelo Oliveira de A. Maranhao\" \/>\n\t<meta name=\"twitter:label2\" content=\"Est. tempo de leitura\" \/>\n\t<meta name=\"twitter:data2\" content=\"2 minutos\" \/>\n<script type=\"application\/ld+json\" class=\"yoast-schema-graph\">{\"@context\":\"https:\\\/\\\/schema.org\",\"@graph\":[{\"@type\":\"Article\",\"@id\":\"https:\\\/\\\/diariodepe.com.br\\\/xinhua\\\/2022\\\/01\\\/30\\\/zhao-dan-e-gao-tingyu-serao-portadores-de-bandeira-da-china-na-cerimonia-de-abertura-de-beijing-2022\\\/#article\",\"isPartOf\":{\"@id\":\"https:\\\/\\\/diariodepe.com.br\\\/xinhua\\\/2022\\\/01\\\/30\\\/zhao-dan-e-gao-tingyu-serao-portadores-de-bandeira-da-china-na-cerimonia-de-abertura-de-beijing-2022\\\/\"},\"author\":{\"name\":\"Marcelo Oliveira de A. Maranhao\",\"@id\":\"https:\\\/\\\/diariodepe.com.br\\\/xinhua\\\/#\\\/schema\\\/person\\\/0943d6fd02bdc7b49c8f495e8787a2cb\"},\"headline\":\"Zhao Dan e Gao Tingyu ser\u00e3o portadores de bandeira da China na cerim\u00f4nia de abertura de Beijing 2022\",\"datePublished\":\"2022-01-31T02:48:00+00:00\",\"dateModified\":\"2022-01-31T10:49:26+00:00\",\"mainEntityOfPage\":{\"@id\":\"https:\\\/\\\/diariodepe.com.br\\\/xinhua\\\/2022\\\/01\\\/30\\\/zhao-dan-e-gao-tingyu-serao-portadores-de-bandeira-da-china-na-cerimonia-de-abertura-de-beijing-2022\\\/\"},\"wordCount\":282,\"commentCount\":0,\"publisher\":{\"@id\":\"https:\\\/\\\/diariodepe.com.br\\\/xinhua\\\/#organization\"},\"articleSection\":[\"Geral\"],\"inLanguage\":\"pt-BR\",\"potentialAction\":[{\"@type\":\"CommentAction\",\"name\":\"Comment\",\"target\":[\"https:\\\/\\\/diariodepe.com.br\\\/xinhua\\\/2022\\\/01\\\/30\\\/zhao-dan-e-gao-tingyu-serao-portadores-de-bandeira-da-china-na-cerimonia-de-abertura-de-beijing-2022\\\/#respond\"]}]},{\"@type\":\"WebPage\",\"@id\":\"https:\\\/\\\/diariodepe.com.br\\\/xinhua\\\/2022\\\/01\\\/30\\\/zhao-dan-e-gao-tingyu-serao-portadores-de-bandeira-da-china-na-cerimonia-de-abertura-de-beijing-2022\\\/\",\"url\":\"https:\\\/\\\/diariodepe.com.br\\\/xinhua\\\/2022\\\/01\\\/30\\\/zhao-dan-e-gao-tingyu-serao-portadores-de-bandeira-da-china-na-cerimonia-de-abertura-de-beijing-2022\\\/\",\"name\":\"Zhao Dan e Gao Tingyu ser\u00e3o portadores de bandeira da China na cerim\u00f4nia de abertura de Beijing 2022 - Xinhua - Diario de Pernambuco\",\"isPartOf\":{\"@id\":\"https:\\\/\\\/diariodepe.com.br\\\/xinhua\\\/#website\"},\"datePublished\":\"2022-01-31T02:48:00+00:00\",\"dateModified\":\"2022-01-31T10:49:26+00:00\",\"breadcrumb\":{\"@id\":\"https:\\\/\\\/diariodepe.com.br\\\/xinhua\\\/2022\\\/01\\\/30\\\/zhao-dan-e-gao-tingyu-serao-portadores-de-bandeira-da-china-na-cerimonia-de-abertura-de-beijing-2022\\\/#breadcrumb\"},\"inLanguage\":\"pt-BR\",\"potentialAction\":[{\"@type\":\"ReadAction\",\"target\":[\"https:\\\/\\\/diariodepe.com.br\\\/xinhua\\\/2022\\\/01\\\/30\\\/zhao-dan-e-gao-tingyu-serao-portadores-de-bandeira-da-china-na-cerimonia-de-abertura-de-beijing-2022\\\/\"]}]},{\"@type\":\"BreadcrumbList\",\"@id\":\"https:\\\/\\\/diariodepe.com.br\\\/xinhua\\\/2022\\\/01\\\/30\\\/zhao-dan-e-gao-tingyu-serao-portadores-de-bandeira-da-china-na-cerimonia-de-abertura-de-beijing-2022\\\/#breadcrumb\",\"itemListElement\":[{\"@type\":\"ListItem\",\"position\":1,\"name\":\"In\u00edcio\",\"item\":\"https:\\\/\\\/diariodepe.com.br\\\/xinhua\\\/\"},{\"@type\":\"ListItem\",\"position\":2,\"name\":\"Zhao Dan e Gao Tingyu ser\u00e3o portadores de bandeira da China na cerim\u00f4nia de abertura de Beijing 2022\"}]},{\"@type\":\"WebSite\",\"@id\":\"https:\\\/\\\/diariodepe.com.br\\\/xinhua\\\/#website\",\"url\":\"https:\\\/\\\/diariodepe.com.br\\\/xinhua\\\/\",\"name\":\"Xinhua - Diario de Pernambuco\",\"description\":\"A maior ag\u00eancia de not\u00edcias da China e um dos principais canais para conhecer o pa\u00eds\",\"publisher\":{\"@id\":\"https:\\\/\\\/diariodepe.com.br\\\/xinhua\\\/#organization\"},\"potentialAction\":[{\"@type\":\"SearchAction\",\"target\":{\"@type\":\"EntryPoint\",\"urlTemplate\":\"https:\\\/\\\/diariodepe.com.br\\\/xinhua\\\/?s={search_term_string}\"},\"query-input\":{\"@type\":\"PropertyValueSpecification\",\"valueRequired\":true,\"valueName\":\"search_term_string\"}}],\"inLanguage\":\"pt-BR\"},{\"@type\":\"Organization\",\"@id\":\"https:\\\/\\\/diariodepe.com.br\\\/xinhua\\\/#organization\",\"name\":\"Xinhua - Diario de Pernambuco\",\"url\":\"https:\\\/\\\/diariodepe.com.br\\\/xinhua\\\/\",\"logo\":{\"@type\":\"ImageObject\",\"inLanguage\":\"pt-BR\",\"@id\":\"https:\\\/\\\/diariodepe.com.br\\\/xinhua\\\/#\\\/schema\\\/logo\\\/image\\\/\",\"url\":\"https:\\\/\\\/diariodepe.com.br\\\/xinhua\\\/wp-content\\\/uploads\\\/sites\\\/3\\\/2020\\\/10\\\/cropped-logo-transparente-2.png\",\"contentUrl\":\"https:\\\/\\\/diariodepe.com.br\\\/xinhua\\\/wp-content\\\/uploads\\\/sites\\\/3\\\/2020\\\/10\\\/cropped-logo-transparente-2.png\",\"width\":512,\"height\":164,\"caption\":\"Xinhua - Diario de Pernambuco\"},\"image\":{\"@id\":\"https:\\\/\\\/diariodepe.com.br\\\/xinhua\\\/#\\\/schema\\\/logo\\\/image\\\/\"}},{\"@type\":\"Person\",\"@id\":\"https:\\\/\\\/diariodepe.com.br\\\/xinhua\\\/#\\\/schema\\\/person\\\/0943d6fd02bdc7b49c8f495e8787a2cb\",\"name\":\"Marcelo Oliveira de A. Maranhao\",\"image\":{\"@type\":\"ImageObject\",\"inLanguage\":\"pt-BR\",\"@id\":\"https:\\\/\\\/secure.gravatar.com\\\/avatar\\\/f562caee940d39879c20e90eea3e4b21860c7d4c96684c23141c554824f0059c?s=96&d=mm&r=g\",\"url\":\"https:\\\/\\\/secure.gravatar.com\\\/avatar\\\/f562caee940d39879c20e90eea3e4b21860c7d4c96684c23141c554824f0059c?s=96&d=mm&r=g\",\"contentUrl\":\"https:\\\/\\\/secure.gravatar.com\\\/avatar\\\/f562caee940d39879c20e90eea3e4b21860c7d4c96684c23141c554824f0059c?s=96&d=mm&r=g\",\"caption\":\"Marcelo Oliveira de A. Maranhao\"},\"url\":\"https:\\\/\\\/diariodepe.com.br\\\/xinhua\\\/author\\\/marcelo-maranhao\\\/\"}]}<\/script>\n<!-- \/ Yoast SEO plugin. -->","yoast_head_json":{"title":"Zhao Dan e Gao Tingyu ser\u00e3o portadores de bandeira da China na cerim\u00f4nia de abertura de Beijing 2022 - Xinhua - Diario de Pernambuco","robots":{"index":"index","follow":"follow","max-snippet":"max-snippet:-1","max-image-preview":"max-image-preview:large","max-video-preview":"max-video-preview:-1"},"canonical":"https:\/\/diariodepe.com.br\/xinhua\/2022\/01\/30\/zhao-dan-e-gao-tingyu-serao-portadores-de-bandeira-da-china-na-cerimonia-de-abertura-de-beijing-2022\/","og_locale":"pt_BR","og_type":"article","og_title":"Zhao Dan e Gao Tingyu ser\u00e3o portadores de bandeira da China na cerim\u00f4nia de abertura de Beijing 2022 - Xinhua - Diario de Pernambuco","og_description":"Beijing, 30 jan &#8211; A atleta de skeleton Zhao Dan e o patinador de velocidade Gao Tingyu foram anunciados neste domingo como porta-bandeiras da delega\u00e7\u00e3o chinesa na cerim\u00f4nia de abertura dos Jogos Ol\u00edmpicos de Inverno de Beijing 2022. Zhao Dan...","og_url":"https:\/\/diariodepe.com.br\/xinhua\/2022\/01\/30\/zhao-dan-e-gao-tingyu-serao-portadores-de-bandeira-da-china-na-cerimonia-de-abertura-de-beijing-2022\/","og_site_name":"Xinhua - Diario de Pernambuco","article_published_time":"2022-01-31T02:48:00+00:00","article_modified_time":"2022-01-31T10:49:26+00:00","author":"Marcelo Oliveira de A. Maranhao","twitter_card":"summary_large_image","twitter_misc":{"Escrito por":"Marcelo Oliveira de A. Maranhao","Est. tempo de leitura":"2 minutos"},"schema":{"@context":"https:\/\/schema.org","@graph":[{"@type":"Article","@id":"https:\/\/diariodepe.com.br\/xinhua\/2022\/01\/30\/zhao-dan-e-gao-tingyu-serao-portadores-de-bandeira-da-china-na-cerimonia-de-abertura-de-beijing-2022\/#article","isPartOf":{"@id":"https:\/\/diariodepe.com.br\/xinhua\/2022\/01\/30\/zhao-dan-e-gao-tingyu-serao-portadores-de-bandeira-da-china-na-cerimonia-de-abertura-de-beijing-2022\/"},"author":{"name":"Marcelo Oliveira de A. Maranhao","@id":"https:\/\/diariodepe.com.br\/xinhua\/#\/schema\/person\/0943d6fd02bdc7b49c8f495e8787a2cb"},"headline":"Zhao Dan e Gao Tingyu ser\u00e3o portadores de bandeira da China na cerim\u00f4nia de abertura de Beijing 2022","datePublished":"2022-01-31T02:48:00+00:00","dateModified":"2022-01-31T10:49:26+00:00","mainEntityOfPage":{"@id":"https:\/\/diariodepe.com.br\/xinhua\/2022\/01\/30\/zhao-dan-e-gao-tingyu-serao-portadores-de-bandeira-da-china-na-cerimonia-de-abertura-de-beijing-2022\/"},"wordCount":282,"commentCount":0,"publisher":{"@id":"https:\/\/diariodepe.com.br\/xinhua\/#organization"},"articleSection":["Geral"],"inLanguage":"pt-BR","potentialAction":[{"@type":"CommentAction","name":"Comment","target":["https:\/\/diariodepe.com.br\/xinhua\/2022\/01\/30\/zhao-dan-e-gao-tingyu-serao-portadores-de-bandeira-da-china-na-cerimonia-de-abertura-de-beijing-2022\/#respond"]}]},{"@type":"WebPage","@id":"https:\/\/diariodepe.com.br\/xinhua\/2022\/01\/30\/zhao-dan-e-gao-tingyu-serao-portadores-de-bandeira-da-china-na-cerimonia-de-abertura-de-beijing-2022\/","url":"https:\/\/diariodepe.com.br\/xinhua\/2022\/01\/30\/zhao-dan-e-gao-tingyu-serao-portadores-de-bandeira-da-china-na-cerimonia-de-abertura-de-beijing-2022\/","name":"Zhao Dan e Gao Tingyu ser\u00e3o portadores de bandeira da China na cerim\u00f4nia de abertura de Beijing 2022 - Xinhua - Diario de Pernambuco","isPartOf":{"@id":"https:\/\/diariodepe.com.br\/xinhua\/#website"},"datePublished":"2022-01-31T02:48:00+00:00","dateModified":"2022-01-31T10:49:26+00:00","breadcrumb":{"@id":"https:\/\/diariodepe.com.br\/xinhua\/2022\/01\/30\/zhao-dan-e-gao-tingyu-serao-portadores-de-bandeira-da-china-na-cerimonia-de-abertura-de-beijing-2022\/#breadcrumb"},"inLanguage":"pt-BR","potentialAction":[{"@type":"ReadAction","target":["https:\/\/diariodepe.com.br\/xinhua\/2022\/01\/30\/zhao-dan-e-gao-tingyu-serao-portadores-de-bandeira-da-china-na-cerimonia-de-abertura-de-beijing-2022\/"]}]},{"@type":"BreadcrumbList","@id":"https:\/\/diariodepe.com.br\/xinhua\/2022\/01\/30\/zhao-dan-e-gao-tingyu-serao-portadores-de-bandeira-da-china-na-cerimonia-de-abertura-de-beijing-2022\/#breadcrumb","itemListElement":[{"@type":"ListItem","position":1,"name":"In\u00edcio","item":"https:\/\/diariodepe.com.br\/xinhua\/"},{"@type":"ListItem","position":2,"name":"Zhao Dan e Gao Tingyu ser\u00e3o portadores de bandeira da China na cerim\u00f4nia de abertura de Beijing 2022"}]},{"@type":"WebSite","@id":"https:\/\/diariodepe.com.br\/xinhua\/#website","url":"https:\/\/diariodepe.com.br\/xinhua\/","name":"Xinhua - Diario de Pernambuco","description":"A maior ag\u00eancia de not\u00edcias da China e um dos principais canais para conhecer o pa\u00eds","publisher":{"@id":"https:\/\/diariodepe.com.br\/xinhua\/#organization"},"potentialAction":[{"@type":"SearchAction","target":{"@type":"EntryPoint","urlTemplate":"https:\/\/diariodepe.com.br\/xinhua\/?s={search_term_string}"},"query-input":{"@type":"PropertyValueSpecification","valueRequired":true,"valueName":"search_term_string"}}],"inLanguage":"pt-BR"},{"@type":"Organization","@id":"https:\/\/diariodepe.com.br\/xinhua\/#organization","name":"Xinhua - Diario de Pernambuco","url":"https:\/\/diariodepe.com.br\/xinhua\/","logo":{"@type":"ImageObject","inLanguage":"pt-BR","@id":"https:\/\/diariodepe.com.br\/xinhua\/#\/schema\/logo\/image\/","url":"https:\/\/diariodepe.com.br\/xinhua\/wp-content\/uploads\/sites\/3\/2020\/10\/cropped-logo-transparente-2.png","contentUrl":"https:\/\/diariodepe.com.br\/xinhua\/wp-content\/uploads\/sites\/3\/2020\/10\/cropped-logo-transparente-2.png","width":512,"height":164,"caption":"Xinhua - Diario de Pernambuco"},"image":{"@id":"https:\/\/diariodepe.com.br\/xinhua\/#\/schema\/logo\/image\/"}},{"@type":"Person","@id":"https:\/\/diariodepe.com.br\/xinhua\/#\/schema\/person\/0943d6fd02bdc7b49c8f495e8787a2cb","name":"Marcelo Oliveira de A. Maranhao","image":{"@type":"ImageObject","inLanguage":"pt-BR","@id":"https:\/\/secure.gravatar.com\/avatar\/f562caee940d39879c20e90eea3e4b21860c7d4c96684c23141c554824f0059c?s=96&d=mm&r=g","url":"https:\/\/secure.gravatar.com\/avatar\/f562caee940d39879c20e90eea3e4b21860c7d4c96684c23141c554824f0059c?s=96&d=mm&r=g","contentUrl":"https:\/\/secure.gravatar.com\/avatar\/f562caee940d39879c20e90eea3e4b21860c7d4c96684c23141c554824f0059c?s=96&d=mm&r=g","caption":"Marcelo Oliveira de A. Maranhao"},"url":"https:\/\/diariodepe.com.br\/xinhua\/author\/marcelo-maranhao\/"}]}},"cc_featured_image_caption":{"caption_text":"","source_text":"","source_url":""},"amp_enabled":true,"_links":{"self":[{"href":"https:\/\/diariodepe.com.br\/xinhua\/wp-json\/wp\/v2\/posts\/5073","targetHints":{"allow":["GET"]}}],"collection":[{"href":"https:\/\/diariodepe.com.br\/xinhua\/wp-json\/wp\/v2\/posts"}],"about":[{"href":"https:\/\/diariodepe.com.br\/xinhua\/wp-json\/wp\/v2\/types\/post"}],"author":[{"embeddable":true,"href":"https:\/\/diariodepe.com.br\/xinhua\/wp-json\/wp\/v2\/users\/3"}],"replies":[{"embeddable":true,"href":"https:\/\/diariodepe.com.br\/xinhua\/wp-json\/wp\/v2\/comments?post=5073"}],"version-history":[{"count":1,"href":"https:\/\/diariodepe.com.br\/xinhua\/wp-json\/wp\/v2\/posts\/5073\/revisions"}],"predecessor-version":[{"id":5074,"href":"https:\/\/diariodepe.com.br\/xinhua\/wp-json\/wp\/v2\/posts\/5073\/revisions\/5074"}],"wp:attachment":[{"href":"https:\/\/diariodepe.com.br\/xinhua\/wp-json\/wp\/v2\/media?parent=5073"}],"wp:term":[{"taxonomy":"category","embeddable":true,"href":"https:\/\/diariodepe.com.br\/xinhua\/wp-json\/wp\/v2\/categories?post=5073"},{"taxonomy":"post_tag","embeddable":true,"href":"https:\/\/diariodepe.com.br\/xinhua\/wp-json\/wp\/v2\/tags?post=5073"}],"curies":[{"name":"wp","href":"https:\/\/api.w.org\/{rel}","templated":true}]}}