{"id":4979,"date":"2022-01-21T13:01:00","date_gmt":"2022-01-21T16:01:00","guid":{"rendered":"http:\/\/www.diariodepe.com.br\/xinhua\/?p=4979"},"modified":"2022-01-21T16:17:28","modified_gmt":"2022-01-21T19:17:28","slug":"china-e-alemanha-prometem-aprofundar-cooperacao-em-varios-campos","status":"publish","type":"post","link":"https:\/\/diariodepe.com.br\/xinhua\/2022\/01\/21\/china-e-alemanha-prometem-aprofundar-cooperacao-em-varios-campos\/","title":{"rendered":"China e Alemanha prometem aprofundar coopera\u00e7\u00e3o em v\u00e1rios campos"},"content":{"rendered":"\n<p>Beijing, 21 jan &#8211; O conselheiro de Estado e ministro das Rela\u00e7\u00f5es Exteriores chin\u00eas, Wang Yi, conversou nesta quinta-feira com sua nova contraparte alem\u00e3, Annalena Baerbock, por meio de videoconfer\u00eancia e os dois lados prometeram aprofundar a coopera\u00e7\u00e3o em v\u00e1rios campos.<\/p>\n\n\n\n<p>Wang disse que a China e a Alemanha, como parceiros estrat\u00e9gicos integrais, devem ser um modelo de coopera\u00e7\u00e3o ganha-ganha, l\u00edderes nas rela\u00e7\u00f5es China-Uni\u00e3o Europeia, promotores de um novo tipo de rela\u00e7\u00f5es internacionais e colaboradores que transcendem as diferen\u00e7as nos sistemas sociais.<\/p>\n\n\n\n<p>No ano passado, o com\u00e9rcio bilateral atingiu um recorde apesar do impacto da epidemia, o que demonstra plenamente a complementaridade das duas economias e a resili\u00eancia das rela\u00e7\u00f5es econ\u00f4micas e comerciais entre os dois pa\u00edses, salientou Wang.<\/p>\n\n\n\n<p>China e Alemanha devem criar conjuntamente novos destaques de coopera\u00e7\u00e3o nos campos de tecnologia digital, comunica\u00e7\u00f5es, com\u00e9rcio de servi\u00e7os, ci\u00eancia e tecnologia agr\u00edcola, bem como desenvolvimento verde, enfatizou Wang, acrescentando que a China acolhe as empresas alem\u00e3s para expandirem seus investimentos no pa\u00eds asi\u00e1tico.<\/p>\n\n\n\n<p>Baerbock assinalou que o lado alem\u00e3o est\u00e1 comprometido em desenvolver uma parceria est\u00e1vel com a China e continuar\u00e1 a respeitar a pol\u00edtica de Uma S\u00f3 China.<\/p>\n\n\n\n<p>Tomando o 50\u00ba anivers\u00e1rio do estabelecimento das rela\u00e7\u00f5es diplom\u00e1ticas como uma oportunidade para aprofundar os interc\u00e2mbios e a coopera\u00e7\u00e3o entre os dois pa\u00edses em v\u00e1rios campos, a Alemanha est\u00e1 disposta a tratar igualmente as empresas estrangeiras em seu territ\u00f3rio, incluindo as chinesas, destacou Baerbock.<\/p>\n\n\n\n<p>Os dois lados concordaram em realizar celebra\u00e7\u00f5es adequadas para o 50\u00ba anivers\u00e1rio do estabelecimento das rela\u00e7\u00f5es diplom\u00e1ticas, preparar-se para a s\u00e9tima rodada de consultas intergovernamentais e dar pleno papel aos mecanismos de di\u00e1logo em todos os n\u00edveis.<\/p>\n\n\n\n<p>Com base no respeito m\u00fatuo, os dois lados concordaram em realizar di\u00e1logo igualit\u00e1rio sobre quest\u00f5es como direitos humanos e democracia, a fim de melhorar a compreens\u00e3o m\u00fatua, fortalecer ainda mais as trocas educacionais, n\u00e3o governamentais e locais, e realizar interc\u00e2mbios entre mais de 100 pares de prov\u00edncias, estados e cidades irm\u00e3s dos dois pa\u00edses por v\u00e1rios meios. Eles tamb\u00e9m concordaram em melhorar a coopera\u00e7\u00e3o no desenvolvimento verde e aprofundar as trocas sobre o enfrentamento das mudan\u00e7as clim\u00e1ticas e governan\u00e7a verde.<\/p>\n\n\n\n<p>Os dois lados trocaram opini\u00f5es sobre o fortalecimento da coopera\u00e7\u00e3o em assuntos multilaterais e na quest\u00e3o nuclear iraniana.<\/p>\n","protected":false},"excerpt":{"rendered":"<p>Beijing, 21 jan &#8211; O conselheiro de Estado e ministro das Rela\u00e7\u00f5es Exteriores chin\u00eas, Wang Yi, conversou nesta quinta-feira com sua nova contraparte alem\u00e3, Annalena Baerbock, por meio de videoconfer\u00eancia e os dois lados prometeram aprofundar a coopera\u00e7\u00e3o em v\u00e1rios&#8230;<\/p>\n","protected":false},"author":3,"featured_media":4980,"comment_status":"open","ping_status":"open","sticky":false,"template":"","format":"standard","meta":{"footnotes":""},"categories":[4],"tags":[],"class_list":["post-4979","post","type-post","status-publish","format-standard","has-post-thumbnail","hentry","category-internacional"],"yoast_head":"<!-- This site is optimized with the Yoast SEO plugin v27.4 - https:\/\/yoast.com\/product\/yoast-seo-wordpress\/ -->\n<title>China e Alemanha prometem aprofundar coopera\u00e7\u00e3o em v\u00e1rios campos - Xinhua - Diario de Pernambuco<\/title>\n<meta name=\"robots\" content=\"index, follow, max-snippet:-1, max-image-preview:large, max-video-preview:-1\" \/>\n<link rel=\"canonical\" href=\"https:\/\/diariodepe.com.br\/xinhua\/2022\/01\/21\/china-e-alemanha-prometem-aprofundar-cooperacao-em-varios-campos\/\" \/>\n<meta property=\"og:locale\" content=\"pt_BR\" \/>\n<meta property=\"og:type\" content=\"article\" \/>\n<meta property=\"og:title\" content=\"China e Alemanha prometem aprofundar coopera\u00e7\u00e3o em v\u00e1rios campos - Xinhua - Diario de Pernambuco\" \/>\n<meta property=\"og:description\" content=\"Beijing, 21 jan &#8211; O conselheiro de Estado e ministro das Rela\u00e7\u00f5es Exteriores chin\u00eas, Wang Yi, conversou nesta quinta-feira com sua nova contraparte alem\u00e3, Annalena Baerbock, por meio de videoconfer\u00eancia e os dois lados prometeram aprofundar a coopera\u00e7\u00e3o em v\u00e1rios...\" \/>\n<meta property=\"og:url\" content=\"https:\/\/diariodepe.com.br\/xinhua\/2022\/01\/21\/china-e-alemanha-prometem-aprofundar-cooperacao-em-varios-campos\/\" \/>\n<meta property=\"og:site_name\" content=\"Xinhua - Diario de Pernambuco\" \/>\n<meta property=\"article:published_time\" content=\"2022-01-21T16:01:00+00:00\" \/>\n<meta property=\"article:modified_time\" content=\"2022-01-21T19:17:28+00:00\" \/>\n<meta property=\"og:image\" content=\"https:\/\/diariodepe.com.br\/xinhua\/wp-content\/uploads\/sites\/3\/2022\/01\/1310434023_16427436323021n.jpg\" \/>\n\t<meta property=\"og:image:width\" content=\"1023\" \/>\n\t<meta property=\"og:image:height\" content=\"682\" \/>\n\t<meta property=\"og:image:type\" content=\"image\/jpeg\" \/>\n<meta name=\"author\" content=\"Marcelo Oliveira de A. Maranhao\" \/>\n<meta name=\"twitter:card\" content=\"summary_large_image\" \/>\n<meta name=\"twitter:label1\" content=\"Escrito por\" \/>\n\t<meta name=\"twitter:data1\" content=\"Marcelo Oliveira de A. Maranhao\" \/>\n\t<meta name=\"twitter:label2\" content=\"Est. tempo de leitura\" \/>\n\t<meta name=\"twitter:data2\" content=\"3 minutos\" \/>\n<script type=\"application\/ld+json\" class=\"yoast-schema-graph\">{\"@context\":\"https:\\\/\\\/schema.org\",\"@graph\":[{\"@type\":\"Article\",\"@id\":\"https:\\\/\\\/diariodepe.com.br\\\/xinhua\\\/2022\\\/01\\\/21\\\/china-e-alemanha-prometem-aprofundar-cooperacao-em-varios-campos\\\/#article\",\"isPartOf\":{\"@id\":\"https:\\\/\\\/diariodepe.com.br\\\/xinhua\\\/2022\\\/01\\\/21\\\/china-e-alemanha-prometem-aprofundar-cooperacao-em-varios-campos\\\/\"},\"author\":{\"name\":\"Marcelo Oliveira de A. Maranhao\",\"@id\":\"https:\\\/\\\/diariodepe.com.br\\\/xinhua\\\/#\\\/schema\\\/person\\\/0943d6fd02bdc7b49c8f495e8787a2cb\"},\"headline\":\"China e Alemanha prometem aprofundar coopera\u00e7\u00e3o em v\u00e1rios campos\",\"datePublished\":\"2022-01-21T16:01:00+00:00\",\"dateModified\":\"2022-01-21T19:17:28+00:00\",\"mainEntityOfPage\":{\"@id\":\"https:\\\/\\\/diariodepe.com.br\\\/xinhua\\\/2022\\\/01\\\/21\\\/china-e-alemanha-prometem-aprofundar-cooperacao-em-varios-campos\\\/\"},\"wordCount\":439,\"commentCount\":0,\"publisher\":{\"@id\":\"https:\\\/\\\/diariodepe.com.br\\\/xinhua\\\/#organization\"},\"image\":{\"@id\":\"https:\\\/\\\/diariodepe.com.br\\\/xinhua\\\/2022\\\/01\\\/21\\\/china-e-alemanha-prometem-aprofundar-cooperacao-em-varios-campos\\\/#primaryimage\"},\"thumbnailUrl\":\"https:\\\/\\\/diariodepe.com.br\\\/xinhua\\\/wp-content\\\/uploads\\\/sites\\\/3\\\/2022\\\/01\\\/1310434023_16427436323021n.jpg\",\"articleSection\":[\"Internacional\"],\"inLanguage\":\"pt-BR\",\"potentialAction\":[{\"@type\":\"CommentAction\",\"name\":\"Comment\",\"target\":[\"https:\\\/\\\/diariodepe.com.br\\\/xinhua\\\/2022\\\/01\\\/21\\\/china-e-alemanha-prometem-aprofundar-cooperacao-em-varios-campos\\\/#respond\"]}]},{\"@type\":\"WebPage\",\"@id\":\"https:\\\/\\\/diariodepe.com.br\\\/xinhua\\\/2022\\\/01\\\/21\\\/china-e-alemanha-prometem-aprofundar-cooperacao-em-varios-campos\\\/\",\"url\":\"https:\\\/\\\/diariodepe.com.br\\\/xinhua\\\/2022\\\/01\\\/21\\\/china-e-alemanha-prometem-aprofundar-cooperacao-em-varios-campos\\\/\",\"name\":\"China e Alemanha prometem aprofundar coopera\u00e7\u00e3o em v\u00e1rios campos - Xinhua - Diario de Pernambuco\",\"isPartOf\":{\"@id\":\"https:\\\/\\\/diariodepe.com.br\\\/xinhua\\\/#website\"},\"primaryImageOfPage\":{\"@id\":\"https:\\\/\\\/diariodepe.com.br\\\/xinhua\\\/2022\\\/01\\\/21\\\/china-e-alemanha-prometem-aprofundar-cooperacao-em-varios-campos\\\/#primaryimage\"},\"image\":{\"@id\":\"https:\\\/\\\/diariodepe.com.br\\\/xinhua\\\/2022\\\/01\\\/21\\\/china-e-alemanha-prometem-aprofundar-cooperacao-em-varios-campos\\\/#primaryimage\"},\"thumbnailUrl\":\"https:\\\/\\\/diariodepe.com.br\\\/xinhua\\\/wp-content\\\/uploads\\\/sites\\\/3\\\/2022\\\/01\\\/1310434023_16427436323021n.jpg\",\"datePublished\":\"2022-01-21T16:01:00+00:00\",\"dateModified\":\"2022-01-21T19:17:28+00:00\",\"breadcrumb\":{\"@id\":\"https:\\\/\\\/diariodepe.com.br\\\/xinhua\\\/2022\\\/01\\\/21\\\/china-e-alemanha-prometem-aprofundar-cooperacao-em-varios-campos\\\/#breadcrumb\"},\"inLanguage\":\"pt-BR\",\"potentialAction\":[{\"@type\":\"ReadAction\",\"target\":[\"https:\\\/\\\/diariodepe.com.br\\\/xinhua\\\/2022\\\/01\\\/21\\\/china-e-alemanha-prometem-aprofundar-cooperacao-em-varios-campos\\\/\"]}]},{\"@type\":\"ImageObject\",\"inLanguage\":\"pt-BR\",\"@id\":\"https:\\\/\\\/diariodepe.com.br\\\/xinhua\\\/2022\\\/01\\\/21\\\/china-e-alemanha-prometem-aprofundar-cooperacao-em-varios-campos\\\/#primaryimage\",\"url\":\"https:\\\/\\\/diariodepe.com.br\\\/xinhua\\\/wp-content\\\/uploads\\\/sites\\\/3\\\/2022\\\/01\\\/1310434023_16427436323021n.jpg\",\"contentUrl\":\"https:\\\/\\\/diariodepe.com.br\\\/xinhua\\\/wp-content\\\/uploads\\\/sites\\\/3\\\/2022\\\/01\\\/1310434023_16427436323021n.jpg\",\"width\":1023,\"height\":682,\"caption\":\"Xinhua\\\/Ji Chunpeng\"},{\"@type\":\"BreadcrumbList\",\"@id\":\"https:\\\/\\\/diariodepe.com.br\\\/xinhua\\\/2022\\\/01\\\/21\\\/china-e-alemanha-prometem-aprofundar-cooperacao-em-varios-campos\\\/#breadcrumb\",\"itemListElement\":[{\"@type\":\"ListItem\",\"position\":1,\"name\":\"In\u00edcio\",\"item\":\"https:\\\/\\\/diariodepe.com.br\\\/xinhua\\\/\"},{\"@type\":\"ListItem\",\"position\":2,\"name\":\"China e Alemanha prometem aprofundar coopera\u00e7\u00e3o em v\u00e1rios campos\"}]},{\"@type\":\"WebSite\",\"@id\":\"https:\\\/\\\/diariodepe.com.br\\\/xinhua\\\/#website\",\"url\":\"https:\\\/\\\/diariodepe.com.br\\\/xinhua\\\/\",\"name\":\"Xinhua - Diario de Pernambuco\",\"description\":\"A maior ag\u00eancia de not\u00edcias da China e um dos principais canais para conhecer o pa\u00eds\",\"publisher\":{\"@id\":\"https:\\\/\\\/diariodepe.com.br\\\/xinhua\\\/#organization\"},\"potentialAction\":[{\"@type\":\"SearchAction\",\"target\":{\"@type\":\"EntryPoint\",\"urlTemplate\":\"https:\\\/\\\/diariodepe.com.br\\\/xinhua\\\/?s={search_term_string}\"},\"query-input\":{\"@type\":\"PropertyValueSpecification\",\"valueRequired\":true,\"valueName\":\"search_term_string\"}}],\"inLanguage\":\"pt-BR\"},{\"@type\":\"Organization\",\"@id\":\"https:\\\/\\\/diariodepe.com.br\\\/xinhua\\\/#organization\",\"name\":\"Xinhua - Diario de Pernambuco\",\"url\":\"https:\\\/\\\/diariodepe.com.br\\\/xinhua\\\/\",\"logo\":{\"@type\":\"ImageObject\",\"inLanguage\":\"pt-BR\",\"@id\":\"https:\\\/\\\/diariodepe.com.br\\\/xinhua\\\/#\\\/schema\\\/logo\\\/image\\\/\",\"url\":\"https:\\\/\\\/diariodepe.com.br\\\/xinhua\\\/wp-content\\\/uploads\\\/sites\\\/3\\\/2020\\\/10\\\/cropped-logo-transparente-2.png\",\"contentUrl\":\"https:\\\/\\\/diariodepe.com.br\\\/xinhua\\\/wp-content\\\/uploads\\\/sites\\\/3\\\/2020\\\/10\\\/cropped-logo-transparente-2.png\",\"width\":512,\"height\":164,\"caption\":\"Xinhua - Diario de Pernambuco\"},\"image\":{\"@id\":\"https:\\\/\\\/diariodepe.com.br\\\/xinhua\\\/#\\\/schema\\\/logo\\\/image\\\/\"}},{\"@type\":\"Person\",\"@id\":\"https:\\\/\\\/diariodepe.com.br\\\/xinhua\\\/#\\\/schema\\\/person\\\/0943d6fd02bdc7b49c8f495e8787a2cb\",\"name\":\"Marcelo Oliveira de A. Maranhao\",\"image\":{\"@type\":\"ImageObject\",\"inLanguage\":\"pt-BR\",\"@id\":\"https:\\\/\\\/secure.gravatar.com\\\/avatar\\\/f562caee940d39879c20e90eea3e4b21860c7d4c96684c23141c554824f0059c?s=96&d=mm&r=g\",\"url\":\"https:\\\/\\\/secure.gravatar.com\\\/avatar\\\/f562caee940d39879c20e90eea3e4b21860c7d4c96684c23141c554824f0059c?s=96&d=mm&r=g\",\"contentUrl\":\"https:\\\/\\\/secure.gravatar.com\\\/avatar\\\/f562caee940d39879c20e90eea3e4b21860c7d4c96684c23141c554824f0059c?s=96&d=mm&r=g\",\"caption\":\"Marcelo Oliveira de A. Maranhao\"},\"url\":\"https:\\\/\\\/diariodepe.com.br\\\/xinhua\\\/author\\\/marcelo-maranhao\\\/\"}]}<\/script>\n<!-- \/ Yoast SEO plugin. -->","yoast_head_json":{"title":"China e Alemanha prometem aprofundar coopera\u00e7\u00e3o em v\u00e1rios campos - Xinhua - Diario de Pernambuco","robots":{"index":"index","follow":"follow","max-snippet":"max-snippet:-1","max-image-preview":"max-image-preview:large","max-video-preview":"max-video-preview:-1"},"canonical":"https:\/\/diariodepe.com.br\/xinhua\/2022\/01\/21\/china-e-alemanha-prometem-aprofundar-cooperacao-em-varios-campos\/","og_locale":"pt_BR","og_type":"article","og_title":"China e Alemanha prometem aprofundar coopera\u00e7\u00e3o em v\u00e1rios campos - Xinhua - Diario de Pernambuco","og_description":"Beijing, 21 jan &#8211; O conselheiro de Estado e ministro das Rela\u00e7\u00f5es Exteriores chin\u00eas, Wang Yi, conversou nesta quinta-feira com sua nova contraparte alem\u00e3, Annalena Baerbock, por meio de videoconfer\u00eancia e os dois lados prometeram aprofundar a coopera\u00e7\u00e3o em v\u00e1rios...","og_url":"https:\/\/diariodepe.com.br\/xinhua\/2022\/01\/21\/china-e-alemanha-prometem-aprofundar-cooperacao-em-varios-campos\/","og_site_name":"Xinhua - Diario de Pernambuco","article_published_time":"2022-01-21T16:01:00+00:00","article_modified_time":"2022-01-21T19:17:28+00:00","og_image":[{"width":1023,"height":682,"url":"https:\/\/diariodepe.com.br\/xinhua\/wp-content\/uploads\/sites\/3\/2022\/01\/1310434023_16427436323021n.jpg","type":"image\/jpeg"}],"author":"Marcelo Oliveira de A. Maranhao","twitter_card":"summary_large_image","twitter_misc":{"Escrito por":"Marcelo Oliveira de A. Maranhao","Est. tempo de leitura":"3 minutos"},"schema":{"@context":"https:\/\/schema.org","@graph":[{"@type":"Article","@id":"https:\/\/diariodepe.com.br\/xinhua\/2022\/01\/21\/china-e-alemanha-prometem-aprofundar-cooperacao-em-varios-campos\/#article","isPartOf":{"@id":"https:\/\/diariodepe.com.br\/xinhua\/2022\/01\/21\/china-e-alemanha-prometem-aprofundar-cooperacao-em-varios-campos\/"},"author":{"name":"Marcelo Oliveira de A. Maranhao","@id":"https:\/\/diariodepe.com.br\/xinhua\/#\/schema\/person\/0943d6fd02bdc7b49c8f495e8787a2cb"},"headline":"China e Alemanha prometem aprofundar coopera\u00e7\u00e3o em v\u00e1rios campos","datePublished":"2022-01-21T16:01:00+00:00","dateModified":"2022-01-21T19:17:28+00:00","mainEntityOfPage":{"@id":"https:\/\/diariodepe.com.br\/xinhua\/2022\/01\/21\/china-e-alemanha-prometem-aprofundar-cooperacao-em-varios-campos\/"},"wordCount":439,"commentCount":0,"publisher":{"@id":"https:\/\/diariodepe.com.br\/xinhua\/#organization"},"image":{"@id":"https:\/\/diariodepe.com.br\/xinhua\/2022\/01\/21\/china-e-alemanha-prometem-aprofundar-cooperacao-em-varios-campos\/#primaryimage"},"thumbnailUrl":"https:\/\/diariodepe.com.br\/xinhua\/wp-content\/uploads\/sites\/3\/2022\/01\/1310434023_16427436323021n.jpg","articleSection":["Internacional"],"inLanguage":"pt-BR","potentialAction":[{"@type":"CommentAction","name":"Comment","target":["https:\/\/diariodepe.com.br\/xinhua\/2022\/01\/21\/china-e-alemanha-prometem-aprofundar-cooperacao-em-varios-campos\/#respond"]}]},{"@type":"WebPage","@id":"https:\/\/diariodepe.com.br\/xinhua\/2022\/01\/21\/china-e-alemanha-prometem-aprofundar-cooperacao-em-varios-campos\/","url":"https:\/\/diariodepe.com.br\/xinhua\/2022\/01\/21\/china-e-alemanha-prometem-aprofundar-cooperacao-em-varios-campos\/","name":"China e Alemanha prometem aprofundar coopera\u00e7\u00e3o em v\u00e1rios campos - Xinhua - Diario de Pernambuco","isPartOf":{"@id":"https:\/\/diariodepe.com.br\/xinhua\/#website"},"primaryImageOfPage":{"@id":"https:\/\/diariodepe.com.br\/xinhua\/2022\/01\/21\/china-e-alemanha-prometem-aprofundar-cooperacao-em-varios-campos\/#primaryimage"},"image":{"@id":"https:\/\/diariodepe.com.br\/xinhua\/2022\/01\/21\/china-e-alemanha-prometem-aprofundar-cooperacao-em-varios-campos\/#primaryimage"},"thumbnailUrl":"https:\/\/diariodepe.com.br\/xinhua\/wp-content\/uploads\/sites\/3\/2022\/01\/1310434023_16427436323021n.jpg","datePublished":"2022-01-21T16:01:00+00:00","dateModified":"2022-01-21T19:17:28+00:00","breadcrumb":{"@id":"https:\/\/diariodepe.com.br\/xinhua\/2022\/01\/21\/china-e-alemanha-prometem-aprofundar-cooperacao-em-varios-campos\/#breadcrumb"},"inLanguage":"pt-BR","potentialAction":[{"@type":"ReadAction","target":["https:\/\/diariodepe.com.br\/xinhua\/2022\/01\/21\/china-e-alemanha-prometem-aprofundar-cooperacao-em-varios-campos\/"]}]},{"@type":"ImageObject","inLanguage":"pt-BR","@id":"https:\/\/diariodepe.com.br\/xinhua\/2022\/01\/21\/china-e-alemanha-prometem-aprofundar-cooperacao-em-varios-campos\/#primaryimage","url":"https:\/\/diariodepe.com.br\/xinhua\/wp-content\/uploads\/sites\/3\/2022\/01\/1310434023_16427436323021n.jpg","contentUrl":"https:\/\/diariodepe.com.br\/xinhua\/wp-content\/uploads\/sites\/3\/2022\/01\/1310434023_16427436323021n.jpg","width":1023,"height":682,"caption":"Xinhua\/Ji Chunpeng"},{"@type":"BreadcrumbList","@id":"https:\/\/diariodepe.com.br\/xinhua\/2022\/01\/21\/china-e-alemanha-prometem-aprofundar-cooperacao-em-varios-campos\/#breadcrumb","itemListElement":[{"@type":"ListItem","position":1,"name":"In\u00edcio","item":"https:\/\/diariodepe.com.br\/xinhua\/"},{"@type":"ListItem","position":2,"name":"China e Alemanha prometem aprofundar coopera\u00e7\u00e3o em v\u00e1rios campos"}]},{"@type":"WebSite","@id":"https:\/\/diariodepe.com.br\/xinhua\/#website","url":"https:\/\/diariodepe.com.br\/xinhua\/","name":"Xinhua - Diario de Pernambuco","description":"A maior ag\u00eancia de not\u00edcias da China e um dos principais canais para conhecer o pa\u00eds","publisher":{"@id":"https:\/\/diariodepe.com.br\/xinhua\/#organization"},"potentialAction":[{"@type":"SearchAction","target":{"@type":"EntryPoint","urlTemplate":"https:\/\/diariodepe.com.br\/xinhua\/?s={search_term_string}"},"query-input":{"@type":"PropertyValueSpecification","valueRequired":true,"valueName":"search_term_string"}}],"inLanguage":"pt-BR"},{"@type":"Organization","@id":"https:\/\/diariodepe.com.br\/xinhua\/#organization","name":"Xinhua - Diario de Pernambuco","url":"https:\/\/diariodepe.com.br\/xinhua\/","logo":{"@type":"ImageObject","inLanguage":"pt-BR","@id":"https:\/\/diariodepe.com.br\/xinhua\/#\/schema\/logo\/image\/","url":"https:\/\/diariodepe.com.br\/xinhua\/wp-content\/uploads\/sites\/3\/2020\/10\/cropped-logo-transparente-2.png","contentUrl":"https:\/\/diariodepe.com.br\/xinhua\/wp-content\/uploads\/sites\/3\/2020\/10\/cropped-logo-transparente-2.png","width":512,"height":164,"caption":"Xinhua - Diario de Pernambuco"},"image":{"@id":"https:\/\/diariodepe.com.br\/xinhua\/#\/schema\/logo\/image\/"}},{"@type":"Person","@id":"https:\/\/diariodepe.com.br\/xinhua\/#\/schema\/person\/0943d6fd02bdc7b49c8f495e8787a2cb","name":"Marcelo Oliveira de A. Maranhao","image":{"@type":"ImageObject","inLanguage":"pt-BR","@id":"https:\/\/secure.gravatar.com\/avatar\/f562caee940d39879c20e90eea3e4b21860c7d4c96684c23141c554824f0059c?s=96&d=mm&r=g","url":"https:\/\/secure.gravatar.com\/avatar\/f562caee940d39879c20e90eea3e4b21860c7d4c96684c23141c554824f0059c?s=96&d=mm&r=g","contentUrl":"https:\/\/secure.gravatar.com\/avatar\/f562caee940d39879c20e90eea3e4b21860c7d4c96684c23141c554824f0059c?s=96&d=mm&r=g","caption":"Marcelo Oliveira de A. Maranhao"},"url":"https:\/\/diariodepe.com.br\/xinhua\/author\/marcelo-maranhao\/"}]}},"cc_featured_image_caption":{"caption_text":"","source_text":"","source_url":""},"amp_enabled":true,"_links":{"self":[{"href":"https:\/\/diariodepe.com.br\/xinhua\/wp-json\/wp\/v2\/posts\/4979","targetHints":{"allow":["GET"]}}],"collection":[{"href":"https:\/\/diariodepe.com.br\/xinhua\/wp-json\/wp\/v2\/posts"}],"about":[{"href":"https:\/\/diariodepe.com.br\/xinhua\/wp-json\/wp\/v2\/types\/post"}],"author":[{"embeddable":true,"href":"https:\/\/diariodepe.com.br\/xinhua\/wp-json\/wp\/v2\/users\/3"}],"replies":[{"embeddable":true,"href":"https:\/\/diariodepe.com.br\/xinhua\/wp-json\/wp\/v2\/comments?post=4979"}],"version-history":[{"count":1,"href":"https:\/\/diariodepe.com.br\/xinhua\/wp-json\/wp\/v2\/posts\/4979\/revisions"}],"predecessor-version":[{"id":4981,"href":"https:\/\/diariodepe.com.br\/xinhua\/wp-json\/wp\/v2\/posts\/4979\/revisions\/4981"}],"wp:featuredmedia":[{"embeddable":true,"href":"https:\/\/diariodepe.com.br\/xinhua\/wp-json\/wp\/v2\/media\/4980"}],"wp:attachment":[{"href":"https:\/\/diariodepe.com.br\/xinhua\/wp-json\/wp\/v2\/media?parent=4979"}],"wp:term":[{"taxonomy":"category","embeddable":true,"href":"https:\/\/diariodepe.com.br\/xinhua\/wp-json\/wp\/v2\/categories?post=4979"},{"taxonomy":"post_tag","embeddable":true,"href":"https:\/\/diariodepe.com.br\/xinhua\/wp-json\/wp\/v2\/tags?post=4979"}],"curies":[{"name":"wp","href":"https:\/\/api.w.org\/{rel}","templated":true}]}}