{"id":4909,"date":"2022-01-17T15:12:00","date_gmt":"2022-01-17T18:12:00","guid":{"rendered":"http:\/\/www.diariodepe.com.br\/xinhua\/?p=4909"},"modified":"2022-01-17T08:28:13","modified_gmt":"2022-01-17T11:28:13","slug":"rastreamento-de-origens-vincula-primeiro-caso-de-omicron-local-em-beijing-a-correio-internacional","status":"publish","type":"post","link":"https:\/\/diariodepe.com.br\/xinhua\/2022\/01\/17\/rastreamento-de-origens-vincula-primeiro-caso-de-omicron-local-em-beijing-a-correio-internacional\/","title":{"rendered":"Rastreamento de origens vincula primeiro caso de \u00d4micron local em Beijing a correio internacional"},"content":{"rendered":"\n<p>Beijing, 17 jan &#8211; A possibilidade de que o primeiro caso de \u00d4micron transmitido localmente em Beijing foi contra\u00eddo pelo correio internacional n\u00e3o pode ser descartada, disse Pang Xinghuo, vice-diretora do Centro de Controle e Preven\u00e7\u00e3o de Doen\u00e7as de Beijing, nesta segunda-feira.<\/p>\n\n\n\n<p>A paciente recebeu em 11 de janeiro um item do correio enviado do Canad\u00e1 para Beijing atrav\u00e9s dos Estados Unidos e da Regi\u00e3o Administrativa Especial de Hong Kong. Ela disse que tocou na parte externa do pacote e na primeira p\u00e1gina do documento que havia dentro, relatou Pang em uma coletiva de imprensa.<\/p>\n\n\n\n<p>Pang informou que eles coletaram 22 amostras ambientais do correio internacional e os testes de \u00e1cido nucleico deram positivo.<\/p>\n\n\n\n<p>A paciente n\u00e3o tinha hist\u00f3rico de viagens para outras prov\u00edncias ou cidades nos 14 dias anteriores ao in\u00edcio dos sintomas, nem teve contato com grupos de risco.<\/p>\n\n\n\n<p>At\u00e9 agora, os resultados dos testes de \u00e1cido nucleico de 69 contatos pr\u00f3ximos e mais de 810 amostras ambientais deram negativo, exceto as coletadas em sua casa e local de trabalho, segundo Pang.<\/p>\n\n\n\n<p>O novo caso foi relatado no s\u00e1bado e foi confirmado como sendo provocado pela variante \u00d4micron da COVID-19, que foi classificada como membro do Clade BA.1.<\/p>\n\n\n\n<p>O sequenciamento gen\u00e9tico constatou que n\u00e3o estava ligado \u00e0 mesma cadeia de transmiss\u00e3o das infec\u00e7\u00f5es passadas em Beijing ou das variantes \u00d4micron que surgiram recentemente em outras \u00e1reas da China. Mostrou alta semelhan\u00e7a com algumas cepas de v\u00edrus isoladas na Am\u00e9rica do Norte e em Cingapura em dezembro de 2021.<\/p>\n","protected":false},"excerpt":{"rendered":"<p>Beijing, 17 jan &#8211; A possibilidade de que o primeiro caso de \u00d4micron transmitido localmente em Beijing foi contra\u00eddo pelo correio internacional n\u00e3o pode ser descartada, disse Pang Xinghuo, vice-diretora do Centro de Controle e Preven\u00e7\u00e3o de Doen\u00e7as de Beijing,&#8230;<\/p>\n","protected":false},"author":3,"featured_media":0,"comment_status":"open","ping_status":"open","sticky":false,"template":"","format":"standard","meta":{"footnotes":""},"categories":[1],"tags":[],"class_list":["post-4909","post","type-post","status-publish","format-standard","hentry","category-geral"],"yoast_head":"<!-- This site is optimized with the Yoast SEO plugin v27.4 - https:\/\/yoast.com\/product\/yoast-seo-wordpress\/ -->\n<title>Rastreamento de origens vincula primeiro caso de \u00d4micron local em Beijing a correio internacional - Xinhua - Diario de Pernambuco<\/title>\n<meta name=\"robots\" content=\"index, follow, max-snippet:-1, max-image-preview:large, max-video-preview:-1\" \/>\n<link rel=\"canonical\" href=\"https:\/\/diariodepe.com.br\/xinhua\/2022\/01\/17\/rastreamento-de-origens-vincula-primeiro-caso-de-omicron-local-em-beijing-a-correio-internacional\/\" \/>\n<meta property=\"og:locale\" content=\"pt_BR\" \/>\n<meta property=\"og:type\" content=\"article\" \/>\n<meta property=\"og:title\" content=\"Rastreamento de origens vincula primeiro caso de \u00d4micron local em Beijing a correio internacional - Xinhua - Diario de Pernambuco\" \/>\n<meta property=\"og:description\" content=\"Beijing, 17 jan &#8211; A possibilidade de que o primeiro caso de \u00d4micron transmitido localmente em Beijing foi contra\u00eddo pelo correio internacional n\u00e3o pode ser descartada, disse Pang Xinghuo, vice-diretora do Centro de Controle e Preven\u00e7\u00e3o de Doen\u00e7as de Beijing,...\" \/>\n<meta property=\"og:url\" content=\"https:\/\/diariodepe.com.br\/xinhua\/2022\/01\/17\/rastreamento-de-origens-vincula-primeiro-caso-de-omicron-local-em-beijing-a-correio-internacional\/\" \/>\n<meta property=\"og:site_name\" content=\"Xinhua - Diario de Pernambuco\" \/>\n<meta property=\"article:published_time\" content=\"2022-01-17T18:12:00+00:00\" \/>\n<meta name=\"author\" content=\"Marcelo Oliveira de A. Maranhao\" \/>\n<meta name=\"twitter:card\" content=\"summary_large_image\" \/>\n<meta name=\"twitter:label1\" content=\"Escrito por\" \/>\n\t<meta name=\"twitter:data1\" content=\"Marcelo Oliveira de A. Maranhao\" \/>\n\t<meta name=\"twitter:label2\" content=\"Est. tempo de leitura\" \/>\n\t<meta name=\"twitter:data2\" content=\"2 minutos\" \/>\n<script type=\"application\/ld+json\" class=\"yoast-schema-graph\">{\"@context\":\"https:\\\/\\\/schema.org\",\"@graph\":[{\"@type\":\"Article\",\"@id\":\"https:\\\/\\\/diariodepe.com.br\\\/xinhua\\\/2022\\\/01\\\/17\\\/rastreamento-de-origens-vincula-primeiro-caso-de-omicron-local-em-beijing-a-correio-internacional\\\/#article\",\"isPartOf\":{\"@id\":\"https:\\\/\\\/diariodepe.com.br\\\/xinhua\\\/2022\\\/01\\\/17\\\/rastreamento-de-origens-vincula-primeiro-caso-de-omicron-local-em-beijing-a-correio-internacional\\\/\"},\"author\":{\"name\":\"Marcelo Oliveira de A. Maranhao\",\"@id\":\"https:\\\/\\\/diariodepe.com.br\\\/xinhua\\\/#\\\/schema\\\/person\\\/0943d6fd02bdc7b49c8f495e8787a2cb\"},\"headline\":\"Rastreamento de origens vincula primeiro caso de \u00d4micron local em Beijing a correio internacional\",\"datePublished\":\"2022-01-17T18:12:00+00:00\",\"mainEntityOfPage\":{\"@id\":\"https:\\\/\\\/diariodepe.com.br\\\/xinhua\\\/2022\\\/01\\\/17\\\/rastreamento-de-origens-vincula-primeiro-caso-de-omicron-local-em-beijing-a-correio-internacional\\\/\"},\"wordCount\":276,\"commentCount\":0,\"publisher\":{\"@id\":\"https:\\\/\\\/diariodepe.com.br\\\/xinhua\\\/#organization\"},\"articleSection\":[\"Geral\"],\"inLanguage\":\"pt-BR\",\"potentialAction\":[{\"@type\":\"CommentAction\",\"name\":\"Comment\",\"target\":[\"https:\\\/\\\/diariodepe.com.br\\\/xinhua\\\/2022\\\/01\\\/17\\\/rastreamento-de-origens-vincula-primeiro-caso-de-omicron-local-em-beijing-a-correio-internacional\\\/#respond\"]}]},{\"@type\":\"WebPage\",\"@id\":\"https:\\\/\\\/diariodepe.com.br\\\/xinhua\\\/2022\\\/01\\\/17\\\/rastreamento-de-origens-vincula-primeiro-caso-de-omicron-local-em-beijing-a-correio-internacional\\\/\",\"url\":\"https:\\\/\\\/diariodepe.com.br\\\/xinhua\\\/2022\\\/01\\\/17\\\/rastreamento-de-origens-vincula-primeiro-caso-de-omicron-local-em-beijing-a-correio-internacional\\\/\",\"name\":\"Rastreamento de origens vincula primeiro caso de \u00d4micron local em Beijing a correio internacional - Xinhua - Diario de Pernambuco\",\"isPartOf\":{\"@id\":\"https:\\\/\\\/diariodepe.com.br\\\/xinhua\\\/#website\"},\"datePublished\":\"2022-01-17T18:12:00+00:00\",\"breadcrumb\":{\"@id\":\"https:\\\/\\\/diariodepe.com.br\\\/xinhua\\\/2022\\\/01\\\/17\\\/rastreamento-de-origens-vincula-primeiro-caso-de-omicron-local-em-beijing-a-correio-internacional\\\/#breadcrumb\"},\"inLanguage\":\"pt-BR\",\"potentialAction\":[{\"@type\":\"ReadAction\",\"target\":[\"https:\\\/\\\/diariodepe.com.br\\\/xinhua\\\/2022\\\/01\\\/17\\\/rastreamento-de-origens-vincula-primeiro-caso-de-omicron-local-em-beijing-a-correio-internacional\\\/\"]}]},{\"@type\":\"BreadcrumbList\",\"@id\":\"https:\\\/\\\/diariodepe.com.br\\\/xinhua\\\/2022\\\/01\\\/17\\\/rastreamento-de-origens-vincula-primeiro-caso-de-omicron-local-em-beijing-a-correio-internacional\\\/#breadcrumb\",\"itemListElement\":[{\"@type\":\"ListItem\",\"position\":1,\"name\":\"In\u00edcio\",\"item\":\"https:\\\/\\\/diariodepe.com.br\\\/xinhua\\\/\"},{\"@type\":\"ListItem\",\"position\":2,\"name\":\"Rastreamento de origens vincula primeiro caso de \u00d4micron local em Beijing a correio internacional\"}]},{\"@type\":\"WebSite\",\"@id\":\"https:\\\/\\\/diariodepe.com.br\\\/xinhua\\\/#website\",\"url\":\"https:\\\/\\\/diariodepe.com.br\\\/xinhua\\\/\",\"name\":\"Xinhua - Diario de Pernambuco\",\"description\":\"A maior ag\u00eancia de not\u00edcias da China e um dos principais canais para conhecer o pa\u00eds\",\"publisher\":{\"@id\":\"https:\\\/\\\/diariodepe.com.br\\\/xinhua\\\/#organization\"},\"potentialAction\":[{\"@type\":\"SearchAction\",\"target\":{\"@type\":\"EntryPoint\",\"urlTemplate\":\"https:\\\/\\\/diariodepe.com.br\\\/xinhua\\\/?s={search_term_string}\"},\"query-input\":{\"@type\":\"PropertyValueSpecification\",\"valueRequired\":true,\"valueName\":\"search_term_string\"}}],\"inLanguage\":\"pt-BR\"},{\"@type\":\"Organization\",\"@id\":\"https:\\\/\\\/diariodepe.com.br\\\/xinhua\\\/#organization\",\"name\":\"Xinhua - Diario de Pernambuco\",\"url\":\"https:\\\/\\\/diariodepe.com.br\\\/xinhua\\\/\",\"logo\":{\"@type\":\"ImageObject\",\"inLanguage\":\"pt-BR\",\"@id\":\"https:\\\/\\\/diariodepe.com.br\\\/xinhua\\\/#\\\/schema\\\/logo\\\/image\\\/\",\"url\":\"https:\\\/\\\/diariodepe.com.br\\\/xinhua\\\/wp-content\\\/uploads\\\/sites\\\/3\\\/2020\\\/10\\\/cropped-logo-transparente-2.png\",\"contentUrl\":\"https:\\\/\\\/diariodepe.com.br\\\/xinhua\\\/wp-content\\\/uploads\\\/sites\\\/3\\\/2020\\\/10\\\/cropped-logo-transparente-2.png\",\"width\":512,\"height\":164,\"caption\":\"Xinhua - Diario de Pernambuco\"},\"image\":{\"@id\":\"https:\\\/\\\/diariodepe.com.br\\\/xinhua\\\/#\\\/schema\\\/logo\\\/image\\\/\"}},{\"@type\":\"Person\",\"@id\":\"https:\\\/\\\/diariodepe.com.br\\\/xinhua\\\/#\\\/schema\\\/person\\\/0943d6fd02bdc7b49c8f495e8787a2cb\",\"name\":\"Marcelo Oliveira de A. Maranhao\",\"image\":{\"@type\":\"ImageObject\",\"inLanguage\":\"pt-BR\",\"@id\":\"https:\\\/\\\/secure.gravatar.com\\\/avatar\\\/f562caee940d39879c20e90eea3e4b21860c7d4c96684c23141c554824f0059c?s=96&d=mm&r=g\",\"url\":\"https:\\\/\\\/secure.gravatar.com\\\/avatar\\\/f562caee940d39879c20e90eea3e4b21860c7d4c96684c23141c554824f0059c?s=96&d=mm&r=g\",\"contentUrl\":\"https:\\\/\\\/secure.gravatar.com\\\/avatar\\\/f562caee940d39879c20e90eea3e4b21860c7d4c96684c23141c554824f0059c?s=96&d=mm&r=g\",\"caption\":\"Marcelo Oliveira de A. Maranhao\"},\"url\":\"https:\\\/\\\/diariodepe.com.br\\\/xinhua\\\/author\\\/marcelo-maranhao\\\/\"}]}<\/script>\n<!-- \/ Yoast SEO plugin. -->","yoast_head_json":{"title":"Rastreamento de origens vincula primeiro caso de \u00d4micron local em Beijing a correio internacional - Xinhua - Diario de Pernambuco","robots":{"index":"index","follow":"follow","max-snippet":"max-snippet:-1","max-image-preview":"max-image-preview:large","max-video-preview":"max-video-preview:-1"},"canonical":"https:\/\/diariodepe.com.br\/xinhua\/2022\/01\/17\/rastreamento-de-origens-vincula-primeiro-caso-de-omicron-local-em-beijing-a-correio-internacional\/","og_locale":"pt_BR","og_type":"article","og_title":"Rastreamento de origens vincula primeiro caso de \u00d4micron local em Beijing a correio internacional - Xinhua - Diario de Pernambuco","og_description":"Beijing, 17 jan &#8211; A possibilidade de que o primeiro caso de \u00d4micron transmitido localmente em Beijing foi contra\u00eddo pelo correio internacional n\u00e3o pode ser descartada, disse Pang Xinghuo, vice-diretora do Centro de Controle e Preven\u00e7\u00e3o de Doen\u00e7as de Beijing,...","og_url":"https:\/\/diariodepe.com.br\/xinhua\/2022\/01\/17\/rastreamento-de-origens-vincula-primeiro-caso-de-omicron-local-em-beijing-a-correio-internacional\/","og_site_name":"Xinhua - Diario de Pernambuco","article_published_time":"2022-01-17T18:12:00+00:00","author":"Marcelo Oliveira de A. Maranhao","twitter_card":"summary_large_image","twitter_misc":{"Escrito por":"Marcelo Oliveira de A. Maranhao","Est. tempo de leitura":"2 minutos"},"schema":{"@context":"https:\/\/schema.org","@graph":[{"@type":"Article","@id":"https:\/\/diariodepe.com.br\/xinhua\/2022\/01\/17\/rastreamento-de-origens-vincula-primeiro-caso-de-omicron-local-em-beijing-a-correio-internacional\/#article","isPartOf":{"@id":"https:\/\/diariodepe.com.br\/xinhua\/2022\/01\/17\/rastreamento-de-origens-vincula-primeiro-caso-de-omicron-local-em-beijing-a-correio-internacional\/"},"author":{"name":"Marcelo Oliveira de A. Maranhao","@id":"https:\/\/diariodepe.com.br\/xinhua\/#\/schema\/person\/0943d6fd02bdc7b49c8f495e8787a2cb"},"headline":"Rastreamento de origens vincula primeiro caso de \u00d4micron local em Beijing a correio internacional","datePublished":"2022-01-17T18:12:00+00:00","mainEntityOfPage":{"@id":"https:\/\/diariodepe.com.br\/xinhua\/2022\/01\/17\/rastreamento-de-origens-vincula-primeiro-caso-de-omicron-local-em-beijing-a-correio-internacional\/"},"wordCount":276,"commentCount":0,"publisher":{"@id":"https:\/\/diariodepe.com.br\/xinhua\/#organization"},"articleSection":["Geral"],"inLanguage":"pt-BR","potentialAction":[{"@type":"CommentAction","name":"Comment","target":["https:\/\/diariodepe.com.br\/xinhua\/2022\/01\/17\/rastreamento-de-origens-vincula-primeiro-caso-de-omicron-local-em-beijing-a-correio-internacional\/#respond"]}]},{"@type":"WebPage","@id":"https:\/\/diariodepe.com.br\/xinhua\/2022\/01\/17\/rastreamento-de-origens-vincula-primeiro-caso-de-omicron-local-em-beijing-a-correio-internacional\/","url":"https:\/\/diariodepe.com.br\/xinhua\/2022\/01\/17\/rastreamento-de-origens-vincula-primeiro-caso-de-omicron-local-em-beijing-a-correio-internacional\/","name":"Rastreamento de origens vincula primeiro caso de \u00d4micron local em Beijing a correio internacional - Xinhua - Diario de Pernambuco","isPartOf":{"@id":"https:\/\/diariodepe.com.br\/xinhua\/#website"},"datePublished":"2022-01-17T18:12:00+00:00","breadcrumb":{"@id":"https:\/\/diariodepe.com.br\/xinhua\/2022\/01\/17\/rastreamento-de-origens-vincula-primeiro-caso-de-omicron-local-em-beijing-a-correio-internacional\/#breadcrumb"},"inLanguage":"pt-BR","potentialAction":[{"@type":"ReadAction","target":["https:\/\/diariodepe.com.br\/xinhua\/2022\/01\/17\/rastreamento-de-origens-vincula-primeiro-caso-de-omicron-local-em-beijing-a-correio-internacional\/"]}]},{"@type":"BreadcrumbList","@id":"https:\/\/diariodepe.com.br\/xinhua\/2022\/01\/17\/rastreamento-de-origens-vincula-primeiro-caso-de-omicron-local-em-beijing-a-correio-internacional\/#breadcrumb","itemListElement":[{"@type":"ListItem","position":1,"name":"In\u00edcio","item":"https:\/\/diariodepe.com.br\/xinhua\/"},{"@type":"ListItem","position":2,"name":"Rastreamento de origens vincula primeiro caso de \u00d4micron local em Beijing a correio internacional"}]},{"@type":"WebSite","@id":"https:\/\/diariodepe.com.br\/xinhua\/#website","url":"https:\/\/diariodepe.com.br\/xinhua\/","name":"Xinhua - Diario de Pernambuco","description":"A maior ag\u00eancia de not\u00edcias da China e um dos principais canais para conhecer o pa\u00eds","publisher":{"@id":"https:\/\/diariodepe.com.br\/xinhua\/#organization"},"potentialAction":[{"@type":"SearchAction","target":{"@type":"EntryPoint","urlTemplate":"https:\/\/diariodepe.com.br\/xinhua\/?s={search_term_string}"},"query-input":{"@type":"PropertyValueSpecification","valueRequired":true,"valueName":"search_term_string"}}],"inLanguage":"pt-BR"},{"@type":"Organization","@id":"https:\/\/diariodepe.com.br\/xinhua\/#organization","name":"Xinhua - Diario de Pernambuco","url":"https:\/\/diariodepe.com.br\/xinhua\/","logo":{"@type":"ImageObject","inLanguage":"pt-BR","@id":"https:\/\/diariodepe.com.br\/xinhua\/#\/schema\/logo\/image\/","url":"https:\/\/diariodepe.com.br\/xinhua\/wp-content\/uploads\/sites\/3\/2020\/10\/cropped-logo-transparente-2.png","contentUrl":"https:\/\/diariodepe.com.br\/xinhua\/wp-content\/uploads\/sites\/3\/2020\/10\/cropped-logo-transparente-2.png","width":512,"height":164,"caption":"Xinhua - Diario de Pernambuco"},"image":{"@id":"https:\/\/diariodepe.com.br\/xinhua\/#\/schema\/logo\/image\/"}},{"@type":"Person","@id":"https:\/\/diariodepe.com.br\/xinhua\/#\/schema\/person\/0943d6fd02bdc7b49c8f495e8787a2cb","name":"Marcelo Oliveira de A. Maranhao","image":{"@type":"ImageObject","inLanguage":"pt-BR","@id":"https:\/\/secure.gravatar.com\/avatar\/f562caee940d39879c20e90eea3e4b21860c7d4c96684c23141c554824f0059c?s=96&d=mm&r=g","url":"https:\/\/secure.gravatar.com\/avatar\/f562caee940d39879c20e90eea3e4b21860c7d4c96684c23141c554824f0059c?s=96&d=mm&r=g","contentUrl":"https:\/\/secure.gravatar.com\/avatar\/f562caee940d39879c20e90eea3e4b21860c7d4c96684c23141c554824f0059c?s=96&d=mm&r=g","caption":"Marcelo Oliveira de A. Maranhao"},"url":"https:\/\/diariodepe.com.br\/xinhua\/author\/marcelo-maranhao\/"}]}},"cc_featured_image_caption":{"caption_text":"","source_text":"","source_url":""},"amp_enabled":true,"_links":{"self":[{"href":"https:\/\/diariodepe.com.br\/xinhua\/wp-json\/wp\/v2\/posts\/4909","targetHints":{"allow":["GET"]}}],"collection":[{"href":"https:\/\/diariodepe.com.br\/xinhua\/wp-json\/wp\/v2\/posts"}],"about":[{"href":"https:\/\/diariodepe.com.br\/xinhua\/wp-json\/wp\/v2\/types\/post"}],"author":[{"embeddable":true,"href":"https:\/\/diariodepe.com.br\/xinhua\/wp-json\/wp\/v2\/users\/3"}],"replies":[{"embeddable":true,"href":"https:\/\/diariodepe.com.br\/xinhua\/wp-json\/wp\/v2\/comments?post=4909"}],"version-history":[{"count":1,"href":"https:\/\/diariodepe.com.br\/xinhua\/wp-json\/wp\/v2\/posts\/4909\/revisions"}],"predecessor-version":[{"id":4910,"href":"https:\/\/diariodepe.com.br\/xinhua\/wp-json\/wp\/v2\/posts\/4909\/revisions\/4910"}],"wp:attachment":[{"href":"https:\/\/diariodepe.com.br\/xinhua\/wp-json\/wp\/v2\/media?parent=4909"}],"wp:term":[{"taxonomy":"category","embeddable":true,"href":"https:\/\/diariodepe.com.br\/xinhua\/wp-json\/wp\/v2\/categories?post=4909"},{"taxonomy":"post_tag","embeddable":true,"href":"https:\/\/diariodepe.com.br\/xinhua\/wp-json\/wp\/v2\/tags?post=4909"}],"curies":[{"name":"wp","href":"https:\/\/api.w.org\/{rel}","templated":true}]}}