{"id":480,"date":"2021-03-20T08:21:00","date_gmt":"2021-03-20T11:21:00","guid":{"rendered":"http:\/\/www.diariodepe.com.br\/xinhua\/?p=480"},"modified":"2021-03-22T08:26:10","modified_gmt":"2021-03-22T11:26:10","slug":"china-e-eua-estabelecerao-grupo-de-trabalho-conjunto-sobre-mudancas-climaticas","status":"publish","type":"post","link":"https:\/\/diariodepe.com.br\/xinhua\/2021\/03\/20\/china-e-eua-estabelecerao-grupo-de-trabalho-conjunto-sobre-mudancas-climaticas\/","title":{"rendered":"China e EUA estabelecer\u00e3o grupo de trabalho conjunto sobre mudan\u00e7as clim\u00e1ticas"},"content":{"rendered":"\n<p>Anchorage, Estados Unidos, 19 mar (Xinhua) &#8212; China e Estados Unidos decidiram estabelecer um grupo de trabalho conjunto sobre mudan\u00e7as clim\u00e1ticas, anunciou a delega\u00e7\u00e3o chinesa durante o di\u00e1logo estrat\u00e9gico de alto n\u00edvel entre os dois pa\u00edses nesta sexta-feira.<\/p>\n\n\n\n<p>Tanto a China quanto os Estados Unidos est\u00e3o empenhados em aprimorar a comunica\u00e7\u00e3o e a coopera\u00e7\u00e3o neste campo, segundo a delega\u00e7\u00e3o.<\/p>\n\n\n\n<p>Os dois lados tamb\u00e9m concordaram que, com base no esp\u00edrito da conversa telef\u00f4nica entre os dois chefes de estado em 11 de fevereiro, manter\u00e3o o di\u00e1logo e a comunica\u00e7\u00e3o, conduzir\u00e3o uma coopera\u00e7\u00e3o mutuamente ben\u00e9fica, evitar\u00e3o mal-entendidos e erros de julgamento, bem como conflitos e confrontos, de modo a promover um desenvolvimento s\u00f3lido e est\u00e1vel das rela\u00e7\u00f5es bilaterais.<\/p>\n\n\n\n<p>Ambos os lados compartilham a esperan\u00e7a de continuar esse tipo de comunica\u00e7\u00e3o estrat\u00e9gica de alto n\u00edvel, observou a delega\u00e7\u00e3o chinesa.<\/p>\n\n\n\n<p>No di\u00e1logo de dois dias na cidade de Anchorage, no Alasca, que terminou nesta sexta-feira, os Estados Unidos reiteraram sua ades\u00e3o ao princ\u00edpio de Uma S\u00f3 China na quest\u00e3o de Taiwan, de acordo com os oficiais chineses.<\/p>\n\n\n\n<p>Os dois lados discutiram arranjos rec\u00edprocos para a vacina\u00e7\u00e3o contra a COVID-19 dos seus diplomatas e funcion\u00e1rios consulares.<\/p>\n\n\n\n<p>A delega\u00e7\u00e3o chinesa tamb\u00e9m revelou que as duas partes manter\u00e3o conversa\u00e7\u00f5es para facilitar as atividades das miss\u00f5es e dos estafes diplom\u00e1ticos e consulares respectivos, bem como sobre quest\u00f5es relacionadas aos profissionais de m\u00eddia, no esp\u00edrito de reciprocidade e benef\u00edcio m\u00fatuo.<\/p>\n\n\n\n<p>Os dois lados tamb\u00e9m discutiram o ajuste das pol\u00edticas de viagens e vistos de acordo com a situa\u00e7\u00e3o epid\u00eamica e a promo\u00e7\u00e3o gradual da normaliza\u00e7\u00e3o do interc\u00e2mbio de pessoal entre a China e os Estados Unidos.<\/p>\n\n\n\n<p>Tamb\u00e9m no di\u00e1logo, os representantes discutiram uma s\u00e9rie de t\u00f3picos, incluindo economia e com\u00e9rcio, for\u00e7as armadas, aplica\u00e7\u00e3o da lei, cultura e intera\u00e7\u00f5es entre pessoas, sa\u00fade, ciberseguran\u00e7a, mudan\u00e7a clim\u00e1tica, quest\u00e3o nuclear iraniana, Afeganist\u00e3o, quest\u00e3o da Pen\u00ednsula Coreana e Mianmar, revelou a delega\u00e7\u00e3o chinesa, acrescentando que os dois pa\u00edses concordaram em manter e melhorar a comunica\u00e7\u00e3o e coordena\u00e7\u00e3o sobre esses assuntos.<\/p>\n\n\n\n<p>China e EUA melhorar\u00e3o a coordena\u00e7\u00e3o e as consultas em mecanismos multilaterais como o Grupo dos 20 e a Coopera\u00e7\u00e3o Econ\u00f4mica \u00c1sia-Pac\u00edfico, acrescentou a delega\u00e7\u00e3o.<\/p>\n\n\n\n<p><\/p>\n\n\n\n<figure class=\"wp-block-image size-large\"><img fetchpriority=\"high\" decoding=\"async\" width=\"900\" height=\"555\" src=\"http:\/\/www.diariodepe.com.br\/xinhua\/wp-content\/uploads\/2021\/03\/139823968_16162407207511n.jpg\" alt=\"\" class=\"wp-image-481\" srcset=\"https:\/\/diariodepe.com.br\/xinhua\/wp-content\/uploads\/sites\/3\/2021\/03\/139823968_16162407207511n.jpg 900w, https:\/\/diariodepe.com.br\/xinhua\/wp-content\/uploads\/sites\/3\/2021\/03\/139823968_16162407207511n-300x185.jpg 300w, https:\/\/diariodepe.com.br\/xinhua\/wp-content\/uploads\/sites\/3\/2021\/03\/139823968_16162407207511n-768x474.jpg 768w\" sizes=\"(max-width: 900px) 100vw, 900px\" \/><figcaption>Yang Jiechi, membro do Bir\u00f4 Pol\u00edtico do Comit\u00ea Central do Partido Comunista da China (PCC) e diretor do Escrit\u00f3rio da Comiss\u00e3o de Assuntos Exteriores do Comit\u00ea Central do PCC, e o conselheiro de Estado e ministro das Rela\u00e7\u00f5es Exteriores chin\u00eas, Wang Yi, concedem entrevista ap\u00f3s di\u00e1logo estrat\u00e9gico de alto n\u00edvel com os Estados Unidos na cidade de Anchorage, no Alasca, em 19 de mar\u00e7o de 2021. (Xinhua\/Liu Jie)<\/figcaption><\/figure>\n","protected":false},"excerpt":{"rendered":"<p>Anchorage, Estados Unidos, 19 mar (Xinhua) &#8212; China e Estados Unidos decidiram estabelecer um grupo de trabalho conjunto sobre mudan\u00e7as clim\u00e1ticas, anunciou a delega\u00e7\u00e3o chinesa durante o di\u00e1logo estrat\u00e9gico de alto n\u00edvel entre os dois pa\u00edses nesta sexta-feira. Tanto a&#8230;<\/p>\n","protected":false},"author":3,"featured_media":482,"comment_status":"open","ping_status":"open","sticky":false,"template":"","format":"standard","meta":{"footnotes":""},"categories":[3],"tags":[],"class_list":["post-480","post","type-post","status-publish","format-standard","has-post-thumbnail","hentry","category-china"],"yoast_head":"<!-- This site is optimized with the Yoast SEO plugin v27.4 - https:\/\/yoast.com\/product\/yoast-seo-wordpress\/ -->\n<title>China e EUA estabelecer\u00e3o grupo de trabalho conjunto sobre mudan\u00e7as clim\u00e1ticas - Xinhua - Diario de Pernambuco<\/title>\n<meta name=\"description\" content=\"China e Estados Unidos decidiram estabelecer um grupo de trabalho conjunto sobre mudan\u00e7as clim\u00e1ticas, anunciou a delega\u00e7\u00e3o chinesa ...\" \/>\n<meta name=\"robots\" content=\"index, follow, max-snippet:-1, max-image-preview:large, max-video-preview:-1\" \/>\n<link rel=\"canonical\" href=\"https:\/\/diariodepe.com.br\/xinhua\/2021\/03\/20\/china-e-eua-estabelecerao-grupo-de-trabalho-conjunto-sobre-mudancas-climaticas\/\" \/>\n<meta property=\"og:locale\" content=\"pt_BR\" \/>\n<meta property=\"og:type\" content=\"article\" \/>\n<meta property=\"og:title\" content=\"China e EUA estabelecer\u00e3o grupo de trabalho conjunto sobre mudan\u00e7as clim\u00e1ticas - Xinhua - Diario de Pernambuco\" \/>\n<meta property=\"og:description\" content=\"China e Estados Unidos decidiram estabelecer um grupo de trabalho conjunto sobre mudan\u00e7as clim\u00e1ticas, anunciou a delega\u00e7\u00e3o chinesa ...\" \/>\n<meta property=\"og:url\" content=\"https:\/\/diariodepe.com.br\/xinhua\/2021\/03\/20\/china-e-eua-estabelecerao-grupo-de-trabalho-conjunto-sobre-mudancas-climaticas\/\" \/>\n<meta property=\"og:site_name\" content=\"Xinhua - Diario de Pernambuco\" \/>\n<meta property=\"article:published_time\" content=\"2021-03-20T11:21:00+00:00\" \/>\n<meta property=\"article:modified_time\" content=\"2021-03-22T11:26:10+00:00\" \/>\n<meta property=\"og:image\" content=\"https:\/\/diariodepe.com.br\/xinhua\/wp-content\/uploads\/sites\/3\/2021\/03\/139823968_16162407207501n.jpg\" \/>\n\t<meta property=\"og:image:width\" content=\"900\" \/>\n\t<meta property=\"og:image:height\" content=\"600\" \/>\n\t<meta property=\"og:image:type\" content=\"image\/jpeg\" \/>\n<meta name=\"author\" content=\"Marcelo Oliveira de A. Maranhao\" \/>\n<meta name=\"twitter:card\" content=\"summary_large_image\" \/>\n<meta name=\"twitter:label1\" content=\"Escrito por\" \/>\n\t<meta name=\"twitter:data1\" content=\"Marcelo Oliveira de A. Maranhao\" \/>\n\t<meta name=\"twitter:label2\" content=\"Est. tempo de leitura\" \/>\n\t<meta name=\"twitter:data2\" content=\"3 minutos\" \/>\n<script type=\"application\/ld+json\" class=\"yoast-schema-graph\">{\"@context\":\"https:\\\/\\\/schema.org\",\"@graph\":[{\"@type\":\"Article\",\"@id\":\"https:\\\/\\\/diariodepe.com.br\\\/xinhua\\\/2021\\\/03\\\/20\\\/china-e-eua-estabelecerao-grupo-de-trabalho-conjunto-sobre-mudancas-climaticas\\\/#article\",\"isPartOf\":{\"@id\":\"https:\\\/\\\/diariodepe.com.br\\\/xinhua\\\/2021\\\/03\\\/20\\\/china-e-eua-estabelecerao-grupo-de-trabalho-conjunto-sobre-mudancas-climaticas\\\/\"},\"author\":{\"name\":\"Marcelo Oliveira de A. Maranhao\",\"@id\":\"https:\\\/\\\/diariodepe.com.br\\\/xinhua\\\/#\\\/schema\\\/person\\\/0943d6fd02bdc7b49c8f495e8787a2cb\"},\"headline\":\"China e EUA estabelecer\u00e3o grupo de trabalho conjunto sobre mudan\u00e7as clim\u00e1ticas\",\"datePublished\":\"2021-03-20T11:21:00+00:00\",\"dateModified\":\"2021-03-22T11:26:10+00:00\",\"mainEntityOfPage\":{\"@id\":\"https:\\\/\\\/diariodepe.com.br\\\/xinhua\\\/2021\\\/03\\\/20\\\/china-e-eua-estabelecerao-grupo-de-trabalho-conjunto-sobre-mudancas-climaticas\\\/\"},\"wordCount\":519,\"commentCount\":0,\"publisher\":{\"@id\":\"https:\\\/\\\/diariodepe.com.br\\\/xinhua\\\/#organization\"},\"image\":{\"@id\":\"https:\\\/\\\/diariodepe.com.br\\\/xinhua\\\/2021\\\/03\\\/20\\\/china-e-eua-estabelecerao-grupo-de-trabalho-conjunto-sobre-mudancas-climaticas\\\/#primaryimage\"},\"thumbnailUrl\":\"https:\\\/\\\/diariodepe.com.br\\\/xinhua\\\/wp-content\\\/uploads\\\/sites\\\/3\\\/2021\\\/03\\\/139823968_16162407207501n.jpg\",\"articleSection\":[\"China\"],\"inLanguage\":\"pt-BR\",\"potentialAction\":[{\"@type\":\"CommentAction\",\"name\":\"Comment\",\"target\":[\"https:\\\/\\\/diariodepe.com.br\\\/xinhua\\\/2021\\\/03\\\/20\\\/china-e-eua-estabelecerao-grupo-de-trabalho-conjunto-sobre-mudancas-climaticas\\\/#respond\"]}]},{\"@type\":\"WebPage\",\"@id\":\"https:\\\/\\\/diariodepe.com.br\\\/xinhua\\\/2021\\\/03\\\/20\\\/china-e-eua-estabelecerao-grupo-de-trabalho-conjunto-sobre-mudancas-climaticas\\\/\",\"url\":\"https:\\\/\\\/diariodepe.com.br\\\/xinhua\\\/2021\\\/03\\\/20\\\/china-e-eua-estabelecerao-grupo-de-trabalho-conjunto-sobre-mudancas-climaticas\\\/\",\"name\":\"China e EUA estabelecer\u00e3o grupo de trabalho conjunto sobre mudan\u00e7as clim\u00e1ticas - Xinhua - Diario de Pernambuco\",\"isPartOf\":{\"@id\":\"https:\\\/\\\/diariodepe.com.br\\\/xinhua\\\/#website\"},\"primaryImageOfPage\":{\"@id\":\"https:\\\/\\\/diariodepe.com.br\\\/xinhua\\\/2021\\\/03\\\/20\\\/china-e-eua-estabelecerao-grupo-de-trabalho-conjunto-sobre-mudancas-climaticas\\\/#primaryimage\"},\"image\":{\"@id\":\"https:\\\/\\\/diariodepe.com.br\\\/xinhua\\\/2021\\\/03\\\/20\\\/china-e-eua-estabelecerao-grupo-de-trabalho-conjunto-sobre-mudancas-climaticas\\\/#primaryimage\"},\"thumbnailUrl\":\"https:\\\/\\\/diariodepe.com.br\\\/xinhua\\\/wp-content\\\/uploads\\\/sites\\\/3\\\/2021\\\/03\\\/139823968_16162407207501n.jpg\",\"datePublished\":\"2021-03-20T11:21:00+00:00\",\"dateModified\":\"2021-03-22T11:26:10+00:00\",\"description\":\"China e Estados Unidos decidiram estabelecer um grupo de trabalho conjunto sobre mudan\u00e7as clim\u00e1ticas, anunciou a delega\u00e7\u00e3o chinesa ...\",\"breadcrumb\":{\"@id\":\"https:\\\/\\\/diariodepe.com.br\\\/xinhua\\\/2021\\\/03\\\/20\\\/china-e-eua-estabelecerao-grupo-de-trabalho-conjunto-sobre-mudancas-climaticas\\\/#breadcrumb\"},\"inLanguage\":\"pt-BR\",\"potentialAction\":[{\"@type\":\"ReadAction\",\"target\":[\"https:\\\/\\\/diariodepe.com.br\\\/xinhua\\\/2021\\\/03\\\/20\\\/china-e-eua-estabelecerao-grupo-de-trabalho-conjunto-sobre-mudancas-climaticas\\\/\"]}]},{\"@type\":\"ImageObject\",\"inLanguage\":\"pt-BR\",\"@id\":\"https:\\\/\\\/diariodepe.com.br\\\/xinhua\\\/2021\\\/03\\\/20\\\/china-e-eua-estabelecerao-grupo-de-trabalho-conjunto-sobre-mudancas-climaticas\\\/#primaryimage\",\"url\":\"https:\\\/\\\/diariodepe.com.br\\\/xinhua\\\/wp-content\\\/uploads\\\/sites\\\/3\\\/2021\\\/03\\\/139823968_16162407207501n.jpg\",\"contentUrl\":\"https:\\\/\\\/diariodepe.com.br\\\/xinhua\\\/wp-content\\\/uploads\\\/sites\\\/3\\\/2021\\\/03\\\/139823968_16162407207501n.jpg\",\"width\":900,\"height\":600,\"caption\":\"Yang Jiechi, membro do Bir\u00f4 Pol\u00edtico do Comit\u00ea Central do Partido Comunista da China (PCC) e diretor do Escrit\u00f3rio da Comiss\u00e3o de Assuntos Exteriores do Comit\u00ea Central do PCC, e o conselheiro de Estado e ministro das Rela\u00e7\u00f5es Exteriores chin\u00eas, Wang Yi, concedem entrevista ap\u00f3s di\u00e1logo estrat\u00e9gico de alto n\u00edvel com os Estados Unidos na cidade de Anchorage, no Alasca, em 19 de mar\u00e7o de 2021. (Xinhua\\\/Liu Jie)\"},{\"@type\":\"BreadcrumbList\",\"@id\":\"https:\\\/\\\/diariodepe.com.br\\\/xinhua\\\/2021\\\/03\\\/20\\\/china-e-eua-estabelecerao-grupo-de-trabalho-conjunto-sobre-mudancas-climaticas\\\/#breadcrumb\",\"itemListElement\":[{\"@type\":\"ListItem\",\"position\":1,\"name\":\"In\u00edcio\",\"item\":\"https:\\\/\\\/diariodepe.com.br\\\/xinhua\\\/\"},{\"@type\":\"ListItem\",\"position\":2,\"name\":\"China e EUA estabelecer\u00e3o grupo de trabalho conjunto sobre mudan\u00e7as clim\u00e1ticas\"}]},{\"@type\":\"WebSite\",\"@id\":\"https:\\\/\\\/diariodepe.com.br\\\/xinhua\\\/#website\",\"url\":\"https:\\\/\\\/diariodepe.com.br\\\/xinhua\\\/\",\"name\":\"Xinhua - Diario de Pernambuco\",\"description\":\"A maior ag\u00eancia de not\u00edcias da China e um dos principais canais para conhecer o pa\u00eds\",\"publisher\":{\"@id\":\"https:\\\/\\\/diariodepe.com.br\\\/xinhua\\\/#organization\"},\"potentialAction\":[{\"@type\":\"SearchAction\",\"target\":{\"@type\":\"EntryPoint\",\"urlTemplate\":\"https:\\\/\\\/diariodepe.com.br\\\/xinhua\\\/?s={search_term_string}\"},\"query-input\":{\"@type\":\"PropertyValueSpecification\",\"valueRequired\":true,\"valueName\":\"search_term_string\"}}],\"inLanguage\":\"pt-BR\"},{\"@type\":\"Organization\",\"@id\":\"https:\\\/\\\/diariodepe.com.br\\\/xinhua\\\/#organization\",\"name\":\"Xinhua - Diario de Pernambuco\",\"url\":\"https:\\\/\\\/diariodepe.com.br\\\/xinhua\\\/\",\"logo\":{\"@type\":\"ImageObject\",\"inLanguage\":\"pt-BR\",\"@id\":\"https:\\\/\\\/diariodepe.com.br\\\/xinhua\\\/#\\\/schema\\\/logo\\\/image\\\/\",\"url\":\"https:\\\/\\\/diariodepe.com.br\\\/xinhua\\\/wp-content\\\/uploads\\\/sites\\\/3\\\/2020\\\/10\\\/cropped-logo-transparente-2.png\",\"contentUrl\":\"https:\\\/\\\/diariodepe.com.br\\\/xinhua\\\/wp-content\\\/uploads\\\/sites\\\/3\\\/2020\\\/10\\\/cropped-logo-transparente-2.png\",\"width\":512,\"height\":164,\"caption\":\"Xinhua - Diario de Pernambuco\"},\"image\":{\"@id\":\"https:\\\/\\\/diariodepe.com.br\\\/xinhua\\\/#\\\/schema\\\/logo\\\/image\\\/\"}},{\"@type\":\"Person\",\"@id\":\"https:\\\/\\\/diariodepe.com.br\\\/xinhua\\\/#\\\/schema\\\/person\\\/0943d6fd02bdc7b49c8f495e8787a2cb\",\"name\":\"Marcelo Oliveira de A. Maranhao\",\"image\":{\"@type\":\"ImageObject\",\"inLanguage\":\"pt-BR\",\"@id\":\"https:\\\/\\\/secure.gravatar.com\\\/avatar\\\/f562caee940d39879c20e90eea3e4b21860c7d4c96684c23141c554824f0059c?s=96&d=mm&r=g\",\"url\":\"https:\\\/\\\/secure.gravatar.com\\\/avatar\\\/f562caee940d39879c20e90eea3e4b21860c7d4c96684c23141c554824f0059c?s=96&d=mm&r=g\",\"contentUrl\":\"https:\\\/\\\/secure.gravatar.com\\\/avatar\\\/f562caee940d39879c20e90eea3e4b21860c7d4c96684c23141c554824f0059c?s=96&d=mm&r=g\",\"caption\":\"Marcelo Oliveira de A. Maranhao\"},\"url\":\"https:\\\/\\\/diariodepe.com.br\\\/xinhua\\\/author\\\/marcelo-maranhao\\\/\"}]}<\/script>\n<!-- \/ Yoast SEO plugin. -->","yoast_head_json":{"title":"China e EUA estabelecer\u00e3o grupo de trabalho conjunto sobre mudan\u00e7as clim\u00e1ticas - Xinhua - Diario de Pernambuco","description":"China e Estados Unidos decidiram estabelecer um grupo de trabalho conjunto sobre mudan\u00e7as clim\u00e1ticas, anunciou a delega\u00e7\u00e3o chinesa ...","robots":{"index":"index","follow":"follow","max-snippet":"max-snippet:-1","max-image-preview":"max-image-preview:large","max-video-preview":"max-video-preview:-1"},"canonical":"https:\/\/diariodepe.com.br\/xinhua\/2021\/03\/20\/china-e-eua-estabelecerao-grupo-de-trabalho-conjunto-sobre-mudancas-climaticas\/","og_locale":"pt_BR","og_type":"article","og_title":"China e EUA estabelecer\u00e3o grupo de trabalho conjunto sobre mudan\u00e7as clim\u00e1ticas - Xinhua - Diario de Pernambuco","og_description":"China e Estados Unidos decidiram estabelecer um grupo de trabalho conjunto sobre mudan\u00e7as clim\u00e1ticas, anunciou a delega\u00e7\u00e3o chinesa ...","og_url":"https:\/\/diariodepe.com.br\/xinhua\/2021\/03\/20\/china-e-eua-estabelecerao-grupo-de-trabalho-conjunto-sobre-mudancas-climaticas\/","og_site_name":"Xinhua - Diario de Pernambuco","article_published_time":"2021-03-20T11:21:00+00:00","article_modified_time":"2021-03-22T11:26:10+00:00","og_image":[{"width":900,"height":600,"url":"https:\/\/diariodepe.com.br\/xinhua\/wp-content\/uploads\/sites\/3\/2021\/03\/139823968_16162407207501n.jpg","type":"image\/jpeg"}],"author":"Marcelo Oliveira de A. Maranhao","twitter_card":"summary_large_image","twitter_misc":{"Escrito por":"Marcelo Oliveira de A. Maranhao","Est. tempo de leitura":"3 minutos"},"schema":{"@context":"https:\/\/schema.org","@graph":[{"@type":"Article","@id":"https:\/\/diariodepe.com.br\/xinhua\/2021\/03\/20\/china-e-eua-estabelecerao-grupo-de-trabalho-conjunto-sobre-mudancas-climaticas\/#article","isPartOf":{"@id":"https:\/\/diariodepe.com.br\/xinhua\/2021\/03\/20\/china-e-eua-estabelecerao-grupo-de-trabalho-conjunto-sobre-mudancas-climaticas\/"},"author":{"name":"Marcelo Oliveira de A. Maranhao","@id":"https:\/\/diariodepe.com.br\/xinhua\/#\/schema\/person\/0943d6fd02bdc7b49c8f495e8787a2cb"},"headline":"China e EUA estabelecer\u00e3o grupo de trabalho conjunto sobre mudan\u00e7as clim\u00e1ticas","datePublished":"2021-03-20T11:21:00+00:00","dateModified":"2021-03-22T11:26:10+00:00","mainEntityOfPage":{"@id":"https:\/\/diariodepe.com.br\/xinhua\/2021\/03\/20\/china-e-eua-estabelecerao-grupo-de-trabalho-conjunto-sobre-mudancas-climaticas\/"},"wordCount":519,"commentCount":0,"publisher":{"@id":"https:\/\/diariodepe.com.br\/xinhua\/#organization"},"image":{"@id":"https:\/\/diariodepe.com.br\/xinhua\/2021\/03\/20\/china-e-eua-estabelecerao-grupo-de-trabalho-conjunto-sobre-mudancas-climaticas\/#primaryimage"},"thumbnailUrl":"https:\/\/diariodepe.com.br\/xinhua\/wp-content\/uploads\/sites\/3\/2021\/03\/139823968_16162407207501n.jpg","articleSection":["China"],"inLanguage":"pt-BR","potentialAction":[{"@type":"CommentAction","name":"Comment","target":["https:\/\/diariodepe.com.br\/xinhua\/2021\/03\/20\/china-e-eua-estabelecerao-grupo-de-trabalho-conjunto-sobre-mudancas-climaticas\/#respond"]}]},{"@type":"WebPage","@id":"https:\/\/diariodepe.com.br\/xinhua\/2021\/03\/20\/china-e-eua-estabelecerao-grupo-de-trabalho-conjunto-sobre-mudancas-climaticas\/","url":"https:\/\/diariodepe.com.br\/xinhua\/2021\/03\/20\/china-e-eua-estabelecerao-grupo-de-trabalho-conjunto-sobre-mudancas-climaticas\/","name":"China e EUA estabelecer\u00e3o grupo de trabalho conjunto sobre mudan\u00e7as clim\u00e1ticas - Xinhua - Diario de Pernambuco","isPartOf":{"@id":"https:\/\/diariodepe.com.br\/xinhua\/#website"},"primaryImageOfPage":{"@id":"https:\/\/diariodepe.com.br\/xinhua\/2021\/03\/20\/china-e-eua-estabelecerao-grupo-de-trabalho-conjunto-sobre-mudancas-climaticas\/#primaryimage"},"image":{"@id":"https:\/\/diariodepe.com.br\/xinhua\/2021\/03\/20\/china-e-eua-estabelecerao-grupo-de-trabalho-conjunto-sobre-mudancas-climaticas\/#primaryimage"},"thumbnailUrl":"https:\/\/diariodepe.com.br\/xinhua\/wp-content\/uploads\/sites\/3\/2021\/03\/139823968_16162407207501n.jpg","datePublished":"2021-03-20T11:21:00+00:00","dateModified":"2021-03-22T11:26:10+00:00","description":"China e Estados Unidos decidiram estabelecer um grupo de trabalho conjunto sobre mudan\u00e7as clim\u00e1ticas, anunciou a delega\u00e7\u00e3o chinesa ...","breadcrumb":{"@id":"https:\/\/diariodepe.com.br\/xinhua\/2021\/03\/20\/china-e-eua-estabelecerao-grupo-de-trabalho-conjunto-sobre-mudancas-climaticas\/#breadcrumb"},"inLanguage":"pt-BR","potentialAction":[{"@type":"ReadAction","target":["https:\/\/diariodepe.com.br\/xinhua\/2021\/03\/20\/china-e-eua-estabelecerao-grupo-de-trabalho-conjunto-sobre-mudancas-climaticas\/"]}]},{"@type":"ImageObject","inLanguage":"pt-BR","@id":"https:\/\/diariodepe.com.br\/xinhua\/2021\/03\/20\/china-e-eua-estabelecerao-grupo-de-trabalho-conjunto-sobre-mudancas-climaticas\/#primaryimage","url":"https:\/\/diariodepe.com.br\/xinhua\/wp-content\/uploads\/sites\/3\/2021\/03\/139823968_16162407207501n.jpg","contentUrl":"https:\/\/diariodepe.com.br\/xinhua\/wp-content\/uploads\/sites\/3\/2021\/03\/139823968_16162407207501n.jpg","width":900,"height":600,"caption":"Yang Jiechi, membro do Bir\u00f4 Pol\u00edtico do Comit\u00ea Central do Partido Comunista da China (PCC) e diretor do Escrit\u00f3rio da Comiss\u00e3o de Assuntos Exteriores do Comit\u00ea Central do PCC, e o conselheiro de Estado e ministro das Rela\u00e7\u00f5es Exteriores chin\u00eas, Wang Yi, concedem entrevista ap\u00f3s di\u00e1logo estrat\u00e9gico de alto n\u00edvel com os Estados Unidos na cidade de Anchorage, no Alasca, em 19 de mar\u00e7o de 2021. (Xinhua\/Liu Jie)"},{"@type":"BreadcrumbList","@id":"https:\/\/diariodepe.com.br\/xinhua\/2021\/03\/20\/china-e-eua-estabelecerao-grupo-de-trabalho-conjunto-sobre-mudancas-climaticas\/#breadcrumb","itemListElement":[{"@type":"ListItem","position":1,"name":"In\u00edcio","item":"https:\/\/diariodepe.com.br\/xinhua\/"},{"@type":"ListItem","position":2,"name":"China e EUA estabelecer\u00e3o grupo de trabalho conjunto sobre mudan\u00e7as clim\u00e1ticas"}]},{"@type":"WebSite","@id":"https:\/\/diariodepe.com.br\/xinhua\/#website","url":"https:\/\/diariodepe.com.br\/xinhua\/","name":"Xinhua - Diario de Pernambuco","description":"A maior ag\u00eancia de not\u00edcias da China e um dos principais canais para conhecer o pa\u00eds","publisher":{"@id":"https:\/\/diariodepe.com.br\/xinhua\/#organization"},"potentialAction":[{"@type":"SearchAction","target":{"@type":"EntryPoint","urlTemplate":"https:\/\/diariodepe.com.br\/xinhua\/?s={search_term_string}"},"query-input":{"@type":"PropertyValueSpecification","valueRequired":true,"valueName":"search_term_string"}}],"inLanguage":"pt-BR"},{"@type":"Organization","@id":"https:\/\/diariodepe.com.br\/xinhua\/#organization","name":"Xinhua - Diario de Pernambuco","url":"https:\/\/diariodepe.com.br\/xinhua\/","logo":{"@type":"ImageObject","inLanguage":"pt-BR","@id":"https:\/\/diariodepe.com.br\/xinhua\/#\/schema\/logo\/image\/","url":"https:\/\/diariodepe.com.br\/xinhua\/wp-content\/uploads\/sites\/3\/2020\/10\/cropped-logo-transparente-2.png","contentUrl":"https:\/\/diariodepe.com.br\/xinhua\/wp-content\/uploads\/sites\/3\/2020\/10\/cropped-logo-transparente-2.png","width":512,"height":164,"caption":"Xinhua - Diario de Pernambuco"},"image":{"@id":"https:\/\/diariodepe.com.br\/xinhua\/#\/schema\/logo\/image\/"}},{"@type":"Person","@id":"https:\/\/diariodepe.com.br\/xinhua\/#\/schema\/person\/0943d6fd02bdc7b49c8f495e8787a2cb","name":"Marcelo Oliveira de A. Maranhao","image":{"@type":"ImageObject","inLanguage":"pt-BR","@id":"https:\/\/secure.gravatar.com\/avatar\/f562caee940d39879c20e90eea3e4b21860c7d4c96684c23141c554824f0059c?s=96&d=mm&r=g","url":"https:\/\/secure.gravatar.com\/avatar\/f562caee940d39879c20e90eea3e4b21860c7d4c96684c23141c554824f0059c?s=96&d=mm&r=g","contentUrl":"https:\/\/secure.gravatar.com\/avatar\/f562caee940d39879c20e90eea3e4b21860c7d4c96684c23141c554824f0059c?s=96&d=mm&r=g","caption":"Marcelo Oliveira de A. Maranhao"},"url":"https:\/\/diariodepe.com.br\/xinhua\/author\/marcelo-maranhao\/"}]}},"cc_featured_image_caption":{"caption_text":false,"source_text":false,"source_url":false},"amp_enabled":true,"_links":{"self":[{"href":"https:\/\/diariodepe.com.br\/xinhua\/wp-json\/wp\/v2\/posts\/480","targetHints":{"allow":["GET"]}}],"collection":[{"href":"https:\/\/diariodepe.com.br\/xinhua\/wp-json\/wp\/v2\/posts"}],"about":[{"href":"https:\/\/diariodepe.com.br\/xinhua\/wp-json\/wp\/v2\/types\/post"}],"author":[{"embeddable":true,"href":"https:\/\/diariodepe.com.br\/xinhua\/wp-json\/wp\/v2\/users\/3"}],"replies":[{"embeddable":true,"href":"https:\/\/diariodepe.com.br\/xinhua\/wp-json\/wp\/v2\/comments?post=480"}],"version-history":[{"count":1,"href":"https:\/\/diariodepe.com.br\/xinhua\/wp-json\/wp\/v2\/posts\/480\/revisions"}],"predecessor-version":[{"id":483,"href":"https:\/\/diariodepe.com.br\/xinhua\/wp-json\/wp\/v2\/posts\/480\/revisions\/483"}],"wp:featuredmedia":[{"embeddable":true,"href":"https:\/\/diariodepe.com.br\/xinhua\/wp-json\/wp\/v2\/media\/482"}],"wp:attachment":[{"href":"https:\/\/diariodepe.com.br\/xinhua\/wp-json\/wp\/v2\/media?parent=480"}],"wp:term":[{"taxonomy":"category","embeddable":true,"href":"https:\/\/diariodepe.com.br\/xinhua\/wp-json\/wp\/v2\/categories?post=480"},{"taxonomy":"post_tag","embeddable":true,"href":"https:\/\/diariodepe.com.br\/xinhua\/wp-json\/wp\/v2\/tags?post=480"}],"curies":[{"name":"wp","href":"https:\/\/api.w.org\/{rel}","templated":true}]}}