{"id":4760,"date":"2022-01-06T15:10:00","date_gmt":"2022-01-06T18:10:00","guid":{"rendered":"http:\/\/www.diariodepe.com.br\/xinhua\/?p=4760"},"modified":"2022-01-06T20:15:45","modified_gmt":"2022-01-06T23:15:45","slug":"premie-chines-fala-sobre-intensificar-cortes-de-impostos-e-taxas","status":"publish","type":"post","link":"https:\/\/diariodepe.com.br\/xinhua\/2022\/01\/06\/premie-chines-fala-sobre-intensificar-cortes-de-impostos-e-taxas\/","title":{"rendered":"Premi\u00ea chin\u00eas fala sobre intensificar cortes de impostos e taxas"},"content":{"rendered":"\n<p>Beijing, 6 jan (Xinhua) &#8212; O primeiro-ministro chin\u00eas, Li Keqiang, enfatizou nesta quarta-feira a import\u00e2ncia de intensificar os cortes de impostos e taxas para fornecer al\u00edvio \u00e0s empresas e revitalizar o mercado.<\/p>\n\n\n\n<p>Li, tamb\u00e9m membro do Comit\u00ea Permanente do Bir\u00f4 Pol\u00edtico do Comit\u00ea Central do Partido Comunista da China (PCCh), fez as observa\u00e7\u00f5es em um simp\u00f3sio sobre a implementa\u00e7\u00e3o de redu\u00e7\u00f5es de impostos e taxas.<\/p>\n\n\n\n<p>O vice-primeiro-ministro Han Zheng, tamb\u00e9m membro do Comit\u00ea Permanente do Bir\u00f4 Pol\u00edtico do Comit\u00ea Central do PCCh, participou do simp\u00f3sio.<\/p>\n\n\n\n<p>Observando que os rec\u00e9m-implementados cortes de impostos e taxas na China ultrapassaram 8,6 trilh\u00f5es de yuans (cerca de US$ 1,35 trilh\u00e3o) desde o per\u00edodo do 13\u00ba Plano Quinquenal (2016-2020), Li disse que intensificar a entrada em vigor de novas redu\u00e7\u00f5es \u00e9 uma medida fundamental da pol\u00edtica macro da China e tem reduzido os gastos do governo enquanto estimula a vitalidade do mercado.<\/p>\n\n\n\n<p>Os cortes de impostos e taxas se concentraram no apoio \u00e0s micro, pequenas e m\u00e9dias empresas, \u00e0s empresas administradas individualmente e \u00e0 moderniza\u00e7\u00e3o da ind\u00fastria manufatureira, destacou o premi\u00ea.<\/p>\n\n\n\n<p>Em meio \u00e0 crescente press\u00e3o para baixo, Li ressaltou a necessidade de fortalecer os ajustes interc\u00edclicos, intensificar prontamente a implementa\u00e7\u00e3o de cortes de impostos e taxas em resposta \u00e0s necessidades das entidades de mercado e garantir estabilidade nas seis frentes e seguran\u00e7a nas seis \u00e1reas.<\/p>\n\n\n\n<p>As seis frentes referem-se ao emprego, setor financeiro, com\u00e9rcio exterior, investimento estrangeiro, investimento interno e expectativas. As seis \u00e1reas referem-se \u00e0 seguran\u00e7a do trabalho, necessidades b\u00e1sicas de vida, opera\u00e7\u00f5es das entidades de mercado, seguran\u00e7a alimentar e energ\u00e9tica, estabilidade das cadeias industriais e de suprimentos e funcionamento normal dos governos de n\u00edvel prim\u00e1rio.<\/p>\n\n\n\n<p>O pa\u00eds estender\u00e1 os cortes de impostos e taxas que expiraram at\u00e9 o final de 2021 para apoiar micro e pequenas empresas e companhias administradas individualmente, prometeu Li.<\/p>\n\n\n\n<p>As redu\u00e7\u00f5es ser\u00e3o implementadas de forma direcionada para prestar assist\u00eancia ao setor de servi\u00e7os e outras ind\u00fastrias que foram duramente atingidas pela pandemia e t\u00eam grandes capacidades de emprego, observou o premi\u00ea.<\/p>\n\n\n\n<p>&#8220;O governo deve apertar o cinto para trazer mais benef\u00edcios \u00e0s empresas e energizar o mercado&#8221;, afirmou Li, acrescentando que as finan\u00e7as do governo central intensificar\u00e3o os esfor\u00e7os para fornecer pagamentos gerais de transfer\u00eancia \u00e0s autoridades locais, a fim de compensar poss\u00edveis lacunas de financiamento em n\u00edvel local.<\/p>\n\n\n\n<p>O primeiro-ministro chin\u00eas tamb\u00e9m pediu esfor\u00e7os para reprimir irregularidades, incluindo cobran\u00e7as arbitr\u00e1rias, evas\u00e3o e fraude fiscais.<\/p>\n","protected":false},"excerpt":{"rendered":"<p>Beijing, 6 jan (Xinhua) &#8212; O primeiro-ministro chin\u00eas, Li Keqiang, enfatizou nesta quarta-feira a import\u00e2ncia de intensificar os cortes de impostos e taxas para fornecer al\u00edvio \u00e0s empresas e revitalizar o mercado. Li, tamb\u00e9m membro do Comit\u00ea Permanente do Bir\u00f4&#8230;<\/p>\n","protected":false},"author":3,"featured_media":4761,"comment_status":"open","ping_status":"open","sticky":false,"template":"","format":"standard","meta":{"footnotes":""},"categories":[3],"tags":[],"class_list":["post-4760","post","type-post","status-publish","format-standard","has-post-thumbnail","hentry","category-china"],"yoast_head":"<!-- This site is optimized with the Yoast SEO plugin v27.4 - https:\/\/yoast.com\/product\/yoast-seo-wordpress\/ -->\n<title>Premi\u00ea chin\u00eas fala sobre intensificar cortes de impostos e taxas - Xinhua - Diario de Pernambuco<\/title>\n<meta name=\"robots\" content=\"index, follow, max-snippet:-1, max-image-preview:large, max-video-preview:-1\" \/>\n<link rel=\"canonical\" href=\"https:\/\/diariodepe.com.br\/xinhua\/2022\/01\/06\/premie-chines-fala-sobre-intensificar-cortes-de-impostos-e-taxas\/\" \/>\n<meta property=\"og:locale\" content=\"pt_BR\" \/>\n<meta property=\"og:type\" content=\"article\" \/>\n<meta property=\"og:title\" content=\"Premi\u00ea chin\u00eas fala sobre intensificar cortes de impostos e taxas - Xinhua - Diario de Pernambuco\" \/>\n<meta property=\"og:description\" content=\"Beijing, 6 jan (Xinhua) &#8212; O primeiro-ministro chin\u00eas, Li Keqiang, enfatizou nesta quarta-feira a import\u00e2ncia de intensificar os cortes de impostos e taxas para fornecer al\u00edvio \u00e0s empresas e revitalizar o mercado. Li, tamb\u00e9m membro do Comit\u00ea Permanente do Bir\u00f4...\" \/>\n<meta property=\"og:url\" content=\"https:\/\/diariodepe.com.br\/xinhua\/2022\/01\/06\/premie-chines-fala-sobre-intensificar-cortes-de-impostos-e-taxas\/\" \/>\n<meta property=\"og:site_name\" content=\"Xinhua - Diario de Pernambuco\" \/>\n<meta property=\"article:published_time\" content=\"2022-01-06T18:10:00+00:00\" \/>\n<meta property=\"article:modified_time\" content=\"2022-01-06T23:15:45+00:00\" \/>\n<meta property=\"og:image\" content=\"https:\/\/diariodepe.com.br\/xinhua\/wp-content\/uploads\/sites\/3\/2022\/01\/1310411238_16414378261591n.jpg\" \/>\n\t<meta property=\"og:image:width\" content=\"1023\" \/>\n\t<meta property=\"og:image:height\" content=\"682\" \/>\n\t<meta property=\"og:image:type\" content=\"image\/jpeg\" \/>\n<meta name=\"author\" content=\"Marcelo Oliveira de A. Maranhao\" \/>\n<meta name=\"twitter:card\" content=\"summary_large_image\" \/>\n<meta name=\"twitter:label1\" content=\"Escrito por\" \/>\n\t<meta name=\"twitter:data1\" content=\"Marcelo Oliveira de A. Maranhao\" \/>\n\t<meta name=\"twitter:label2\" content=\"Est. tempo de leitura\" \/>\n\t<meta name=\"twitter:data2\" content=\"2 minutos\" \/>\n<script type=\"application\/ld+json\" class=\"yoast-schema-graph\">{\"@context\":\"https:\\\/\\\/schema.org\",\"@graph\":[{\"@type\":\"Article\",\"@id\":\"https:\\\/\\\/diariodepe.com.br\\\/xinhua\\\/2022\\\/01\\\/06\\\/premie-chines-fala-sobre-intensificar-cortes-de-impostos-e-taxas\\\/#article\",\"isPartOf\":{\"@id\":\"https:\\\/\\\/diariodepe.com.br\\\/xinhua\\\/2022\\\/01\\\/06\\\/premie-chines-fala-sobre-intensificar-cortes-de-impostos-e-taxas\\\/\"},\"author\":{\"name\":\"Marcelo Oliveira de A. Maranhao\",\"@id\":\"https:\\\/\\\/diariodepe.com.br\\\/xinhua\\\/#\\\/schema\\\/person\\\/0943d6fd02bdc7b49c8f495e8787a2cb\"},\"headline\":\"Premi\u00ea chin\u00eas fala sobre intensificar cortes de impostos e taxas\",\"datePublished\":\"2022-01-06T18:10:00+00:00\",\"dateModified\":\"2022-01-06T23:15:45+00:00\",\"mainEntityOfPage\":{\"@id\":\"https:\\\/\\\/diariodepe.com.br\\\/xinhua\\\/2022\\\/01\\\/06\\\/premie-chines-fala-sobre-intensificar-cortes-de-impostos-e-taxas\\\/\"},\"wordCount\":452,\"commentCount\":0,\"publisher\":{\"@id\":\"https:\\\/\\\/diariodepe.com.br\\\/xinhua\\\/#organization\"},\"image\":{\"@id\":\"https:\\\/\\\/diariodepe.com.br\\\/xinhua\\\/2022\\\/01\\\/06\\\/premie-chines-fala-sobre-intensificar-cortes-de-impostos-e-taxas\\\/#primaryimage\"},\"thumbnailUrl\":\"https:\\\/\\\/diariodepe.com.br\\\/xinhua\\\/wp-content\\\/uploads\\\/sites\\\/3\\\/2022\\\/01\\\/1310411238_16414378261591n.jpg\",\"articleSection\":[\"China\"],\"inLanguage\":\"pt-BR\",\"potentialAction\":[{\"@type\":\"CommentAction\",\"name\":\"Comment\",\"target\":[\"https:\\\/\\\/diariodepe.com.br\\\/xinhua\\\/2022\\\/01\\\/06\\\/premie-chines-fala-sobre-intensificar-cortes-de-impostos-e-taxas\\\/#respond\"]}]},{\"@type\":\"WebPage\",\"@id\":\"https:\\\/\\\/diariodepe.com.br\\\/xinhua\\\/2022\\\/01\\\/06\\\/premie-chines-fala-sobre-intensificar-cortes-de-impostos-e-taxas\\\/\",\"url\":\"https:\\\/\\\/diariodepe.com.br\\\/xinhua\\\/2022\\\/01\\\/06\\\/premie-chines-fala-sobre-intensificar-cortes-de-impostos-e-taxas\\\/\",\"name\":\"Premi\u00ea chin\u00eas fala sobre intensificar cortes de impostos e taxas - Xinhua - Diario de Pernambuco\",\"isPartOf\":{\"@id\":\"https:\\\/\\\/diariodepe.com.br\\\/xinhua\\\/#website\"},\"primaryImageOfPage\":{\"@id\":\"https:\\\/\\\/diariodepe.com.br\\\/xinhua\\\/2022\\\/01\\\/06\\\/premie-chines-fala-sobre-intensificar-cortes-de-impostos-e-taxas\\\/#primaryimage\"},\"image\":{\"@id\":\"https:\\\/\\\/diariodepe.com.br\\\/xinhua\\\/2022\\\/01\\\/06\\\/premie-chines-fala-sobre-intensificar-cortes-de-impostos-e-taxas\\\/#primaryimage\"},\"thumbnailUrl\":\"https:\\\/\\\/diariodepe.com.br\\\/xinhua\\\/wp-content\\\/uploads\\\/sites\\\/3\\\/2022\\\/01\\\/1310411238_16414378261591n.jpg\",\"datePublished\":\"2022-01-06T18:10:00+00:00\",\"dateModified\":\"2022-01-06T23:15:45+00:00\",\"breadcrumb\":{\"@id\":\"https:\\\/\\\/diariodepe.com.br\\\/xinhua\\\/2022\\\/01\\\/06\\\/premie-chines-fala-sobre-intensificar-cortes-de-impostos-e-taxas\\\/#breadcrumb\"},\"inLanguage\":\"pt-BR\",\"potentialAction\":[{\"@type\":\"ReadAction\",\"target\":[\"https:\\\/\\\/diariodepe.com.br\\\/xinhua\\\/2022\\\/01\\\/06\\\/premie-chines-fala-sobre-intensificar-cortes-de-impostos-e-taxas\\\/\"]}]},{\"@type\":\"ImageObject\",\"inLanguage\":\"pt-BR\",\"@id\":\"https:\\\/\\\/diariodepe.com.br\\\/xinhua\\\/2022\\\/01\\\/06\\\/premie-chines-fala-sobre-intensificar-cortes-de-impostos-e-taxas\\\/#primaryimage\",\"url\":\"https:\\\/\\\/diariodepe.com.br\\\/xinhua\\\/wp-content\\\/uploads\\\/sites\\\/3\\\/2022\\\/01\\\/1310411238_16414378261591n.jpg\",\"contentUrl\":\"https:\\\/\\\/diariodepe.com.br\\\/xinhua\\\/wp-content\\\/uploads\\\/sites\\\/3\\\/2022\\\/01\\\/1310411238_16414378261591n.jpg\",\"width\":1023,\"height\":682},{\"@type\":\"BreadcrumbList\",\"@id\":\"https:\\\/\\\/diariodepe.com.br\\\/xinhua\\\/2022\\\/01\\\/06\\\/premie-chines-fala-sobre-intensificar-cortes-de-impostos-e-taxas\\\/#breadcrumb\",\"itemListElement\":[{\"@type\":\"ListItem\",\"position\":1,\"name\":\"In\u00edcio\",\"item\":\"https:\\\/\\\/diariodepe.com.br\\\/xinhua\\\/\"},{\"@type\":\"ListItem\",\"position\":2,\"name\":\"Premi\u00ea chin\u00eas fala sobre intensificar cortes de impostos e taxas\"}]},{\"@type\":\"WebSite\",\"@id\":\"https:\\\/\\\/diariodepe.com.br\\\/xinhua\\\/#website\",\"url\":\"https:\\\/\\\/diariodepe.com.br\\\/xinhua\\\/\",\"name\":\"Xinhua - Diario de Pernambuco\",\"description\":\"A maior ag\u00eancia de not\u00edcias da China e um dos principais canais para conhecer o pa\u00eds\",\"publisher\":{\"@id\":\"https:\\\/\\\/diariodepe.com.br\\\/xinhua\\\/#organization\"},\"potentialAction\":[{\"@type\":\"SearchAction\",\"target\":{\"@type\":\"EntryPoint\",\"urlTemplate\":\"https:\\\/\\\/diariodepe.com.br\\\/xinhua\\\/?s={search_term_string}\"},\"query-input\":{\"@type\":\"PropertyValueSpecification\",\"valueRequired\":true,\"valueName\":\"search_term_string\"}}],\"inLanguage\":\"pt-BR\"},{\"@type\":\"Organization\",\"@id\":\"https:\\\/\\\/diariodepe.com.br\\\/xinhua\\\/#organization\",\"name\":\"Xinhua - Diario de Pernambuco\",\"url\":\"https:\\\/\\\/diariodepe.com.br\\\/xinhua\\\/\",\"logo\":{\"@type\":\"ImageObject\",\"inLanguage\":\"pt-BR\",\"@id\":\"https:\\\/\\\/diariodepe.com.br\\\/xinhua\\\/#\\\/schema\\\/logo\\\/image\\\/\",\"url\":\"https:\\\/\\\/diariodepe.com.br\\\/xinhua\\\/wp-content\\\/uploads\\\/sites\\\/3\\\/2020\\\/10\\\/cropped-logo-transparente-2.png\",\"contentUrl\":\"https:\\\/\\\/diariodepe.com.br\\\/xinhua\\\/wp-content\\\/uploads\\\/sites\\\/3\\\/2020\\\/10\\\/cropped-logo-transparente-2.png\",\"width\":512,\"height\":164,\"caption\":\"Xinhua - Diario de Pernambuco\"},\"image\":{\"@id\":\"https:\\\/\\\/diariodepe.com.br\\\/xinhua\\\/#\\\/schema\\\/logo\\\/image\\\/\"}},{\"@type\":\"Person\",\"@id\":\"https:\\\/\\\/diariodepe.com.br\\\/xinhua\\\/#\\\/schema\\\/person\\\/0943d6fd02bdc7b49c8f495e8787a2cb\",\"name\":\"Marcelo Oliveira de A. Maranhao\",\"image\":{\"@type\":\"ImageObject\",\"inLanguage\":\"pt-BR\",\"@id\":\"https:\\\/\\\/secure.gravatar.com\\\/avatar\\\/f562caee940d39879c20e90eea3e4b21860c7d4c96684c23141c554824f0059c?s=96&d=mm&r=g\",\"url\":\"https:\\\/\\\/secure.gravatar.com\\\/avatar\\\/f562caee940d39879c20e90eea3e4b21860c7d4c96684c23141c554824f0059c?s=96&d=mm&r=g\",\"contentUrl\":\"https:\\\/\\\/secure.gravatar.com\\\/avatar\\\/f562caee940d39879c20e90eea3e4b21860c7d4c96684c23141c554824f0059c?s=96&d=mm&r=g\",\"caption\":\"Marcelo Oliveira de A. Maranhao\"},\"url\":\"https:\\\/\\\/diariodepe.com.br\\\/xinhua\\\/author\\\/marcelo-maranhao\\\/\"}]}<\/script>\n<!-- \/ Yoast SEO plugin. -->","yoast_head_json":{"title":"Premi\u00ea chin\u00eas fala sobre intensificar cortes de impostos e taxas - Xinhua - Diario de Pernambuco","robots":{"index":"index","follow":"follow","max-snippet":"max-snippet:-1","max-image-preview":"max-image-preview:large","max-video-preview":"max-video-preview:-1"},"canonical":"https:\/\/diariodepe.com.br\/xinhua\/2022\/01\/06\/premie-chines-fala-sobre-intensificar-cortes-de-impostos-e-taxas\/","og_locale":"pt_BR","og_type":"article","og_title":"Premi\u00ea chin\u00eas fala sobre intensificar cortes de impostos e taxas - Xinhua - Diario de Pernambuco","og_description":"Beijing, 6 jan (Xinhua) &#8212; O primeiro-ministro chin\u00eas, Li Keqiang, enfatizou nesta quarta-feira a import\u00e2ncia de intensificar os cortes de impostos e taxas para fornecer al\u00edvio \u00e0s empresas e revitalizar o mercado. Li, tamb\u00e9m membro do Comit\u00ea Permanente do Bir\u00f4...","og_url":"https:\/\/diariodepe.com.br\/xinhua\/2022\/01\/06\/premie-chines-fala-sobre-intensificar-cortes-de-impostos-e-taxas\/","og_site_name":"Xinhua - Diario de Pernambuco","article_published_time":"2022-01-06T18:10:00+00:00","article_modified_time":"2022-01-06T23:15:45+00:00","og_image":[{"width":1023,"height":682,"url":"https:\/\/diariodepe.com.br\/xinhua\/wp-content\/uploads\/sites\/3\/2022\/01\/1310411238_16414378261591n.jpg","type":"image\/jpeg"}],"author":"Marcelo Oliveira de A. Maranhao","twitter_card":"summary_large_image","twitter_misc":{"Escrito por":"Marcelo Oliveira de A. Maranhao","Est. tempo de leitura":"2 minutos"},"schema":{"@context":"https:\/\/schema.org","@graph":[{"@type":"Article","@id":"https:\/\/diariodepe.com.br\/xinhua\/2022\/01\/06\/premie-chines-fala-sobre-intensificar-cortes-de-impostos-e-taxas\/#article","isPartOf":{"@id":"https:\/\/diariodepe.com.br\/xinhua\/2022\/01\/06\/premie-chines-fala-sobre-intensificar-cortes-de-impostos-e-taxas\/"},"author":{"name":"Marcelo Oliveira de A. Maranhao","@id":"https:\/\/diariodepe.com.br\/xinhua\/#\/schema\/person\/0943d6fd02bdc7b49c8f495e8787a2cb"},"headline":"Premi\u00ea chin\u00eas fala sobre intensificar cortes de impostos e taxas","datePublished":"2022-01-06T18:10:00+00:00","dateModified":"2022-01-06T23:15:45+00:00","mainEntityOfPage":{"@id":"https:\/\/diariodepe.com.br\/xinhua\/2022\/01\/06\/premie-chines-fala-sobre-intensificar-cortes-de-impostos-e-taxas\/"},"wordCount":452,"commentCount":0,"publisher":{"@id":"https:\/\/diariodepe.com.br\/xinhua\/#organization"},"image":{"@id":"https:\/\/diariodepe.com.br\/xinhua\/2022\/01\/06\/premie-chines-fala-sobre-intensificar-cortes-de-impostos-e-taxas\/#primaryimage"},"thumbnailUrl":"https:\/\/diariodepe.com.br\/xinhua\/wp-content\/uploads\/sites\/3\/2022\/01\/1310411238_16414378261591n.jpg","articleSection":["China"],"inLanguage":"pt-BR","potentialAction":[{"@type":"CommentAction","name":"Comment","target":["https:\/\/diariodepe.com.br\/xinhua\/2022\/01\/06\/premie-chines-fala-sobre-intensificar-cortes-de-impostos-e-taxas\/#respond"]}]},{"@type":"WebPage","@id":"https:\/\/diariodepe.com.br\/xinhua\/2022\/01\/06\/premie-chines-fala-sobre-intensificar-cortes-de-impostos-e-taxas\/","url":"https:\/\/diariodepe.com.br\/xinhua\/2022\/01\/06\/premie-chines-fala-sobre-intensificar-cortes-de-impostos-e-taxas\/","name":"Premi\u00ea chin\u00eas fala sobre intensificar cortes de impostos e taxas - Xinhua - Diario de Pernambuco","isPartOf":{"@id":"https:\/\/diariodepe.com.br\/xinhua\/#website"},"primaryImageOfPage":{"@id":"https:\/\/diariodepe.com.br\/xinhua\/2022\/01\/06\/premie-chines-fala-sobre-intensificar-cortes-de-impostos-e-taxas\/#primaryimage"},"image":{"@id":"https:\/\/diariodepe.com.br\/xinhua\/2022\/01\/06\/premie-chines-fala-sobre-intensificar-cortes-de-impostos-e-taxas\/#primaryimage"},"thumbnailUrl":"https:\/\/diariodepe.com.br\/xinhua\/wp-content\/uploads\/sites\/3\/2022\/01\/1310411238_16414378261591n.jpg","datePublished":"2022-01-06T18:10:00+00:00","dateModified":"2022-01-06T23:15:45+00:00","breadcrumb":{"@id":"https:\/\/diariodepe.com.br\/xinhua\/2022\/01\/06\/premie-chines-fala-sobre-intensificar-cortes-de-impostos-e-taxas\/#breadcrumb"},"inLanguage":"pt-BR","potentialAction":[{"@type":"ReadAction","target":["https:\/\/diariodepe.com.br\/xinhua\/2022\/01\/06\/premie-chines-fala-sobre-intensificar-cortes-de-impostos-e-taxas\/"]}]},{"@type":"ImageObject","inLanguage":"pt-BR","@id":"https:\/\/diariodepe.com.br\/xinhua\/2022\/01\/06\/premie-chines-fala-sobre-intensificar-cortes-de-impostos-e-taxas\/#primaryimage","url":"https:\/\/diariodepe.com.br\/xinhua\/wp-content\/uploads\/sites\/3\/2022\/01\/1310411238_16414378261591n.jpg","contentUrl":"https:\/\/diariodepe.com.br\/xinhua\/wp-content\/uploads\/sites\/3\/2022\/01\/1310411238_16414378261591n.jpg","width":1023,"height":682},{"@type":"BreadcrumbList","@id":"https:\/\/diariodepe.com.br\/xinhua\/2022\/01\/06\/premie-chines-fala-sobre-intensificar-cortes-de-impostos-e-taxas\/#breadcrumb","itemListElement":[{"@type":"ListItem","position":1,"name":"In\u00edcio","item":"https:\/\/diariodepe.com.br\/xinhua\/"},{"@type":"ListItem","position":2,"name":"Premi\u00ea chin\u00eas fala sobre intensificar cortes de impostos e taxas"}]},{"@type":"WebSite","@id":"https:\/\/diariodepe.com.br\/xinhua\/#website","url":"https:\/\/diariodepe.com.br\/xinhua\/","name":"Xinhua - Diario de Pernambuco","description":"A maior ag\u00eancia de not\u00edcias da China e um dos principais canais para conhecer o pa\u00eds","publisher":{"@id":"https:\/\/diariodepe.com.br\/xinhua\/#organization"},"potentialAction":[{"@type":"SearchAction","target":{"@type":"EntryPoint","urlTemplate":"https:\/\/diariodepe.com.br\/xinhua\/?s={search_term_string}"},"query-input":{"@type":"PropertyValueSpecification","valueRequired":true,"valueName":"search_term_string"}}],"inLanguage":"pt-BR"},{"@type":"Organization","@id":"https:\/\/diariodepe.com.br\/xinhua\/#organization","name":"Xinhua - Diario de Pernambuco","url":"https:\/\/diariodepe.com.br\/xinhua\/","logo":{"@type":"ImageObject","inLanguage":"pt-BR","@id":"https:\/\/diariodepe.com.br\/xinhua\/#\/schema\/logo\/image\/","url":"https:\/\/diariodepe.com.br\/xinhua\/wp-content\/uploads\/sites\/3\/2020\/10\/cropped-logo-transparente-2.png","contentUrl":"https:\/\/diariodepe.com.br\/xinhua\/wp-content\/uploads\/sites\/3\/2020\/10\/cropped-logo-transparente-2.png","width":512,"height":164,"caption":"Xinhua - Diario de Pernambuco"},"image":{"@id":"https:\/\/diariodepe.com.br\/xinhua\/#\/schema\/logo\/image\/"}},{"@type":"Person","@id":"https:\/\/diariodepe.com.br\/xinhua\/#\/schema\/person\/0943d6fd02bdc7b49c8f495e8787a2cb","name":"Marcelo Oliveira de A. Maranhao","image":{"@type":"ImageObject","inLanguage":"pt-BR","@id":"https:\/\/secure.gravatar.com\/avatar\/f562caee940d39879c20e90eea3e4b21860c7d4c96684c23141c554824f0059c?s=96&d=mm&r=g","url":"https:\/\/secure.gravatar.com\/avatar\/f562caee940d39879c20e90eea3e4b21860c7d4c96684c23141c554824f0059c?s=96&d=mm&r=g","contentUrl":"https:\/\/secure.gravatar.com\/avatar\/f562caee940d39879c20e90eea3e4b21860c7d4c96684c23141c554824f0059c?s=96&d=mm&r=g","caption":"Marcelo Oliveira de A. Maranhao"},"url":"https:\/\/diariodepe.com.br\/xinhua\/author\/marcelo-maranhao\/"}]}},"cc_featured_image_caption":{"caption_text":"","source_text":"","source_url":""},"amp_enabled":true,"_links":{"self":[{"href":"https:\/\/diariodepe.com.br\/xinhua\/wp-json\/wp\/v2\/posts\/4760","targetHints":{"allow":["GET"]}}],"collection":[{"href":"https:\/\/diariodepe.com.br\/xinhua\/wp-json\/wp\/v2\/posts"}],"about":[{"href":"https:\/\/diariodepe.com.br\/xinhua\/wp-json\/wp\/v2\/types\/post"}],"author":[{"embeddable":true,"href":"https:\/\/diariodepe.com.br\/xinhua\/wp-json\/wp\/v2\/users\/3"}],"replies":[{"embeddable":true,"href":"https:\/\/diariodepe.com.br\/xinhua\/wp-json\/wp\/v2\/comments?post=4760"}],"version-history":[{"count":1,"href":"https:\/\/diariodepe.com.br\/xinhua\/wp-json\/wp\/v2\/posts\/4760\/revisions"}],"predecessor-version":[{"id":4762,"href":"https:\/\/diariodepe.com.br\/xinhua\/wp-json\/wp\/v2\/posts\/4760\/revisions\/4762"}],"wp:featuredmedia":[{"embeddable":true,"href":"https:\/\/diariodepe.com.br\/xinhua\/wp-json\/wp\/v2\/media\/4761"}],"wp:attachment":[{"href":"https:\/\/diariodepe.com.br\/xinhua\/wp-json\/wp\/v2\/media?parent=4760"}],"wp:term":[{"taxonomy":"category","embeddable":true,"href":"https:\/\/diariodepe.com.br\/xinhua\/wp-json\/wp\/v2\/categories?post=4760"},{"taxonomy":"post_tag","embeddable":true,"href":"https:\/\/diariodepe.com.br\/xinhua\/wp-json\/wp\/v2\/tags?post=4760"}],"curies":[{"name":"wp","href":"https:\/\/api.w.org\/{rel}","templated":true}]}}