{"id":4622,"date":"2021-12-29T15:10:00","date_gmt":"2021-12-29T18:10:00","guid":{"rendered":"http:\/\/www.diariodepe.com.br\/xinhua\/?p=4622"},"modified":"2021-12-29T18:55:48","modified_gmt":"2021-12-29T21:55:48","slug":"impacto-do-condrito-carbonaceo-e-responsavel-pela-agua-lunar-segundo-pesquisa","status":"publish","type":"post","link":"https:\/\/diariodepe.com.br\/xinhua\/2021\/12\/29\/impacto-do-condrito-carbonaceo-e-responsavel-pela-agua-lunar-segundo-pesquisa\/","title":{"rendered":"Impacto do condrito carbon\u00e1ceo \u00e9 respons\u00e1vel pela \u00e1gua lunar, segundo pesquisa"},"content":{"rendered":"\n<p>Beijing, 29 dez &#8211; Uma equipe de pesquisa chinesa descobriu por meio de dados enviados pela sonda Chang&#8217;e-4 que um meteorito atingiu a Lua h\u00e1 cerca de 1 milh\u00e3o de anos, de acordo com a Academia Chinesa de Ci\u00eancias (CAS, sigla em ingl\u00eas).<\/p>\n\n\n\n<p>Acredita-se que o evento de impacto esteja relacionado com condritos carbon\u00e1ceos, uma classe de aster\u00f3ides ricos em \u00e1gua, disse em uma entrevista exclusiva \u00e0 Xinhua Liu Yang, autor da pesquisa e membro do Centro Nacional de Ci\u00eancias Espaciais (NSSC, sigla em ingl\u00eas) da CAS.<\/p>\n\n\n\n<p>Depois que um condrito carbon\u00e1ceo atingiu a lua, parte da \u00e1gua que ele carrega pode ter ficado retida na lua, de acordo com Liu.<\/p>\n\n\n\n<p>Pesquisas anteriores mostraram que os impactos s\u00e3o um dos principais contribuintes para a \u00e1gua na lua, junto com as erup\u00e7\u00f5es vulc\u00e2nicas e o vento solar.<\/p>\n\n\n\n<p>A equipe de pesquisa estimou que o evento aconteceu dentro de 1 milh\u00e3o de anos, um tempo curto em compara\u00e7\u00e3o com a escala de tempo geol\u00f3gica da lua desde sua forma\u00e7\u00e3o, o que significa que o impacto \u00e9 equivalente ao que aconteceu h\u00e1 apenas alguns minutos na vida de uma pessoa.<\/p>\n\n\n\n<p>Assim, eles conclu\u00edram que os impactos dos condritos carbon\u00e1ceos ainda est\u00e3o fornecendo \u00e1gua para a lua.<\/p>\n\n\n\n<p>A pesquisa foi publicada na revista Nature Astronomy.<\/p>\n","protected":false},"excerpt":{"rendered":"<p>Beijing, 29 dez &#8211; Uma equipe de pesquisa chinesa descobriu por meio de dados enviados pela sonda Chang&#8217;e-4 que um meteorito atingiu a Lua h\u00e1 cerca de 1 milh\u00e3o de anos, de acordo com a Academia Chinesa de Ci\u00eancias (CAS,&#8230;<\/p>\n","protected":false},"author":3,"featured_media":4623,"comment_status":"open","ping_status":"open","sticky":false,"template":"","format":"standard","meta":{"footnotes":""},"categories":[6],"tags":[],"class_list":["post-4622","post","type-post","status-publish","format-standard","has-post-thumbnail","hentry","category-cultura-tecnologia"],"yoast_head":"<!-- This site is optimized with the Yoast SEO plugin v27.4 - https:\/\/yoast.com\/product\/yoast-seo-wordpress\/ -->\n<title>Impacto do condrito carbon\u00e1ceo \u00e9 respons\u00e1vel pela \u00e1gua lunar, segundo pesquisa - Xinhua - Diario de Pernambuco<\/title>\n<meta name=\"robots\" content=\"index, follow, max-snippet:-1, max-image-preview:large, max-video-preview:-1\" \/>\n<link rel=\"canonical\" href=\"https:\/\/diariodepe.com.br\/xinhua\/2021\/12\/29\/impacto-do-condrito-carbonaceo-e-responsavel-pela-agua-lunar-segundo-pesquisa\/\" \/>\n<meta property=\"og:locale\" content=\"pt_BR\" \/>\n<meta property=\"og:type\" content=\"article\" \/>\n<meta property=\"og:title\" content=\"Impacto do condrito carbon\u00e1ceo \u00e9 respons\u00e1vel pela \u00e1gua lunar, segundo pesquisa - Xinhua - Diario de Pernambuco\" \/>\n<meta property=\"og:description\" content=\"Beijing, 29 dez &#8211; Uma equipe de pesquisa chinesa descobriu por meio de dados enviados pela sonda Chang&#8217;e-4 que um meteorito atingiu a Lua h\u00e1 cerca de 1 milh\u00e3o de anos, de acordo com a Academia Chinesa de Ci\u00eancias (CAS,...\" \/>\n<meta property=\"og:url\" content=\"https:\/\/diariodepe.com.br\/xinhua\/2021\/12\/29\/impacto-do-condrito-carbonaceo-e-responsavel-pela-agua-lunar-segundo-pesquisa\/\" \/>\n<meta property=\"og:site_name\" content=\"Xinhua - Diario de Pernambuco\" \/>\n<meta property=\"article:published_time\" content=\"2021-12-29T18:10:00+00:00\" \/>\n<meta property=\"article:modified_time\" content=\"2021-12-29T21:55:48+00:00\" \/>\n<meta property=\"og:image\" content=\"https:\/\/diariodepe.com.br\/xinhua\/wp-content\/uploads\/sites\/3\/2021\/12\/1310399586_16407480807891n.jpg\" \/>\n\t<meta property=\"og:image:width\" content=\"900\" \/>\n\t<meta property=\"og:image:height\" content=\"661\" \/>\n\t<meta property=\"og:image:type\" content=\"image\/jpeg\" \/>\n<meta name=\"author\" content=\"Marcelo Oliveira de A. Maranhao\" \/>\n<meta name=\"twitter:card\" content=\"summary_large_image\" \/>\n<meta name=\"twitter:label1\" content=\"Escrito por\" \/>\n\t<meta name=\"twitter:data1\" content=\"Marcelo Oliveira de A. Maranhao\" \/>\n\t<meta name=\"twitter:label2\" content=\"Est. tempo de leitura\" \/>\n\t<meta name=\"twitter:data2\" content=\"1 minuto\" \/>\n<script type=\"application\/ld+json\" class=\"yoast-schema-graph\">{\"@context\":\"https:\\\/\\\/schema.org\",\"@graph\":[{\"@type\":\"Article\",\"@id\":\"https:\\\/\\\/diariodepe.com.br\\\/xinhua\\\/2021\\\/12\\\/29\\\/impacto-do-condrito-carbonaceo-e-responsavel-pela-agua-lunar-segundo-pesquisa\\\/#article\",\"isPartOf\":{\"@id\":\"https:\\\/\\\/diariodepe.com.br\\\/xinhua\\\/2021\\\/12\\\/29\\\/impacto-do-condrito-carbonaceo-e-responsavel-pela-agua-lunar-segundo-pesquisa\\\/\"},\"author\":{\"name\":\"Marcelo Oliveira de A. Maranhao\",\"@id\":\"https:\\\/\\\/diariodepe.com.br\\\/xinhua\\\/#\\\/schema\\\/person\\\/0943d6fd02bdc7b49c8f495e8787a2cb\"},\"headline\":\"Impacto do condrito carbon\u00e1ceo \u00e9 respons\u00e1vel pela \u00e1gua lunar, segundo pesquisa\",\"datePublished\":\"2021-12-29T18:10:00+00:00\",\"dateModified\":\"2021-12-29T21:55:48+00:00\",\"mainEntityOfPage\":{\"@id\":\"https:\\\/\\\/diariodepe.com.br\\\/xinhua\\\/2021\\\/12\\\/29\\\/impacto-do-condrito-carbonaceo-e-responsavel-pela-agua-lunar-segundo-pesquisa\\\/\"},\"wordCount\":237,\"commentCount\":0,\"publisher\":{\"@id\":\"https:\\\/\\\/diariodepe.com.br\\\/xinhua\\\/#organization\"},\"image\":{\"@id\":\"https:\\\/\\\/diariodepe.com.br\\\/xinhua\\\/2021\\\/12\\\/29\\\/impacto-do-condrito-carbonaceo-e-responsavel-pela-agua-lunar-segundo-pesquisa\\\/#primaryimage\"},\"thumbnailUrl\":\"https:\\\/\\\/diariodepe.com.br\\\/xinhua\\\/wp-content\\\/uploads\\\/sites\\\/3\\\/2021\\\/12\\\/1310399586_16407480807891n.jpg\",\"articleSection\":[\"Cultura \\\/ Tecnologia\"],\"inLanguage\":\"pt-BR\",\"potentialAction\":[{\"@type\":\"CommentAction\",\"name\":\"Comment\",\"target\":[\"https:\\\/\\\/diariodepe.com.br\\\/xinhua\\\/2021\\\/12\\\/29\\\/impacto-do-condrito-carbonaceo-e-responsavel-pela-agua-lunar-segundo-pesquisa\\\/#respond\"]}]},{\"@type\":\"WebPage\",\"@id\":\"https:\\\/\\\/diariodepe.com.br\\\/xinhua\\\/2021\\\/12\\\/29\\\/impacto-do-condrito-carbonaceo-e-responsavel-pela-agua-lunar-segundo-pesquisa\\\/\",\"url\":\"https:\\\/\\\/diariodepe.com.br\\\/xinhua\\\/2021\\\/12\\\/29\\\/impacto-do-condrito-carbonaceo-e-responsavel-pela-agua-lunar-segundo-pesquisa\\\/\",\"name\":\"Impacto do condrito carbon\u00e1ceo \u00e9 respons\u00e1vel pela \u00e1gua lunar, segundo pesquisa - Xinhua - Diario de Pernambuco\",\"isPartOf\":{\"@id\":\"https:\\\/\\\/diariodepe.com.br\\\/xinhua\\\/#website\"},\"primaryImageOfPage\":{\"@id\":\"https:\\\/\\\/diariodepe.com.br\\\/xinhua\\\/2021\\\/12\\\/29\\\/impacto-do-condrito-carbonaceo-e-responsavel-pela-agua-lunar-segundo-pesquisa\\\/#primaryimage\"},\"image\":{\"@id\":\"https:\\\/\\\/diariodepe.com.br\\\/xinhua\\\/2021\\\/12\\\/29\\\/impacto-do-condrito-carbonaceo-e-responsavel-pela-agua-lunar-segundo-pesquisa\\\/#primaryimage\"},\"thumbnailUrl\":\"https:\\\/\\\/diariodepe.com.br\\\/xinhua\\\/wp-content\\\/uploads\\\/sites\\\/3\\\/2021\\\/12\\\/1310399586_16407480807891n.jpg\",\"datePublished\":\"2021-12-29T18:10:00+00:00\",\"dateModified\":\"2021-12-29T21:55:48+00:00\",\"breadcrumb\":{\"@id\":\"https:\\\/\\\/diariodepe.com.br\\\/xinhua\\\/2021\\\/12\\\/29\\\/impacto-do-condrito-carbonaceo-e-responsavel-pela-agua-lunar-segundo-pesquisa\\\/#breadcrumb\"},\"inLanguage\":\"pt-BR\",\"potentialAction\":[{\"@type\":\"ReadAction\",\"target\":[\"https:\\\/\\\/diariodepe.com.br\\\/xinhua\\\/2021\\\/12\\\/29\\\/impacto-do-condrito-carbonaceo-e-responsavel-pela-agua-lunar-segundo-pesquisa\\\/\"]}]},{\"@type\":\"ImageObject\",\"inLanguage\":\"pt-BR\",\"@id\":\"https:\\\/\\\/diariodepe.com.br\\\/xinhua\\\/2021\\\/12\\\/29\\\/impacto-do-condrito-carbonaceo-e-responsavel-pela-agua-lunar-segundo-pesquisa\\\/#primaryimage\",\"url\":\"https:\\\/\\\/diariodepe.com.br\\\/xinhua\\\/wp-content\\\/uploads\\\/sites\\\/3\\\/2021\\\/12\\\/1310399586_16407480807891n.jpg\",\"contentUrl\":\"https:\\\/\\\/diariodepe.com.br\\\/xinhua\\\/wp-content\\\/uploads\\\/sites\\\/3\\\/2021\\\/12\\\/1310399586_16407480807891n.jpg\",\"width\":900,\"height\":661,\"caption\":\"Foto tirada pelo m\u00f3dulo de pouso da sonda Chang'e-4 em 11 de janeiro de 2019 mostra o ve\u00edculo explorador Yutu-2 (Coelho de Jade-2). (Administra\u00e7\u00e3o Nacional Aeroespacial da China\\\/Xinhua)\"},{\"@type\":\"BreadcrumbList\",\"@id\":\"https:\\\/\\\/diariodepe.com.br\\\/xinhua\\\/2021\\\/12\\\/29\\\/impacto-do-condrito-carbonaceo-e-responsavel-pela-agua-lunar-segundo-pesquisa\\\/#breadcrumb\",\"itemListElement\":[{\"@type\":\"ListItem\",\"position\":1,\"name\":\"In\u00edcio\",\"item\":\"https:\\\/\\\/diariodepe.com.br\\\/xinhua\\\/\"},{\"@type\":\"ListItem\",\"position\":2,\"name\":\"Impacto do condrito carbon\u00e1ceo \u00e9 respons\u00e1vel pela \u00e1gua lunar, segundo pesquisa\"}]},{\"@type\":\"WebSite\",\"@id\":\"https:\\\/\\\/diariodepe.com.br\\\/xinhua\\\/#website\",\"url\":\"https:\\\/\\\/diariodepe.com.br\\\/xinhua\\\/\",\"name\":\"Xinhua - Diario de Pernambuco\",\"description\":\"A maior ag\u00eancia de not\u00edcias da China e um dos principais canais para conhecer o pa\u00eds\",\"publisher\":{\"@id\":\"https:\\\/\\\/diariodepe.com.br\\\/xinhua\\\/#organization\"},\"potentialAction\":[{\"@type\":\"SearchAction\",\"target\":{\"@type\":\"EntryPoint\",\"urlTemplate\":\"https:\\\/\\\/diariodepe.com.br\\\/xinhua\\\/?s={search_term_string}\"},\"query-input\":{\"@type\":\"PropertyValueSpecification\",\"valueRequired\":true,\"valueName\":\"search_term_string\"}}],\"inLanguage\":\"pt-BR\"},{\"@type\":\"Organization\",\"@id\":\"https:\\\/\\\/diariodepe.com.br\\\/xinhua\\\/#organization\",\"name\":\"Xinhua - Diario de Pernambuco\",\"url\":\"https:\\\/\\\/diariodepe.com.br\\\/xinhua\\\/\",\"logo\":{\"@type\":\"ImageObject\",\"inLanguage\":\"pt-BR\",\"@id\":\"https:\\\/\\\/diariodepe.com.br\\\/xinhua\\\/#\\\/schema\\\/logo\\\/image\\\/\",\"url\":\"https:\\\/\\\/diariodepe.com.br\\\/xinhua\\\/wp-content\\\/uploads\\\/sites\\\/3\\\/2020\\\/10\\\/cropped-logo-transparente-2.png\",\"contentUrl\":\"https:\\\/\\\/diariodepe.com.br\\\/xinhua\\\/wp-content\\\/uploads\\\/sites\\\/3\\\/2020\\\/10\\\/cropped-logo-transparente-2.png\",\"width\":512,\"height\":164,\"caption\":\"Xinhua - Diario de Pernambuco\"},\"image\":{\"@id\":\"https:\\\/\\\/diariodepe.com.br\\\/xinhua\\\/#\\\/schema\\\/logo\\\/image\\\/\"}},{\"@type\":\"Person\",\"@id\":\"https:\\\/\\\/diariodepe.com.br\\\/xinhua\\\/#\\\/schema\\\/person\\\/0943d6fd02bdc7b49c8f495e8787a2cb\",\"name\":\"Marcelo Oliveira de A. Maranhao\",\"image\":{\"@type\":\"ImageObject\",\"inLanguage\":\"pt-BR\",\"@id\":\"https:\\\/\\\/secure.gravatar.com\\\/avatar\\\/f562caee940d39879c20e90eea3e4b21860c7d4c96684c23141c554824f0059c?s=96&d=mm&r=g\",\"url\":\"https:\\\/\\\/secure.gravatar.com\\\/avatar\\\/f562caee940d39879c20e90eea3e4b21860c7d4c96684c23141c554824f0059c?s=96&d=mm&r=g\",\"contentUrl\":\"https:\\\/\\\/secure.gravatar.com\\\/avatar\\\/f562caee940d39879c20e90eea3e4b21860c7d4c96684c23141c554824f0059c?s=96&d=mm&r=g\",\"caption\":\"Marcelo Oliveira de A. Maranhao\"},\"url\":\"https:\\\/\\\/diariodepe.com.br\\\/xinhua\\\/author\\\/marcelo-maranhao\\\/\"}]}<\/script>\n<!-- \/ Yoast SEO plugin. -->","yoast_head_json":{"title":"Impacto do condrito carbon\u00e1ceo \u00e9 respons\u00e1vel pela \u00e1gua lunar, segundo pesquisa - Xinhua - Diario de Pernambuco","robots":{"index":"index","follow":"follow","max-snippet":"max-snippet:-1","max-image-preview":"max-image-preview:large","max-video-preview":"max-video-preview:-1"},"canonical":"https:\/\/diariodepe.com.br\/xinhua\/2021\/12\/29\/impacto-do-condrito-carbonaceo-e-responsavel-pela-agua-lunar-segundo-pesquisa\/","og_locale":"pt_BR","og_type":"article","og_title":"Impacto do condrito carbon\u00e1ceo \u00e9 respons\u00e1vel pela \u00e1gua lunar, segundo pesquisa - Xinhua - Diario de Pernambuco","og_description":"Beijing, 29 dez &#8211; Uma equipe de pesquisa chinesa descobriu por meio de dados enviados pela sonda Chang&#8217;e-4 que um meteorito atingiu a Lua h\u00e1 cerca de 1 milh\u00e3o de anos, de acordo com a Academia Chinesa de Ci\u00eancias (CAS,...","og_url":"https:\/\/diariodepe.com.br\/xinhua\/2021\/12\/29\/impacto-do-condrito-carbonaceo-e-responsavel-pela-agua-lunar-segundo-pesquisa\/","og_site_name":"Xinhua - Diario de Pernambuco","article_published_time":"2021-12-29T18:10:00+00:00","article_modified_time":"2021-12-29T21:55:48+00:00","og_image":[{"width":900,"height":661,"url":"https:\/\/diariodepe.com.br\/xinhua\/wp-content\/uploads\/sites\/3\/2021\/12\/1310399586_16407480807891n.jpg","type":"image\/jpeg"}],"author":"Marcelo Oliveira de A. Maranhao","twitter_card":"summary_large_image","twitter_misc":{"Escrito por":"Marcelo Oliveira de A. Maranhao","Est. tempo de leitura":"1 minuto"},"schema":{"@context":"https:\/\/schema.org","@graph":[{"@type":"Article","@id":"https:\/\/diariodepe.com.br\/xinhua\/2021\/12\/29\/impacto-do-condrito-carbonaceo-e-responsavel-pela-agua-lunar-segundo-pesquisa\/#article","isPartOf":{"@id":"https:\/\/diariodepe.com.br\/xinhua\/2021\/12\/29\/impacto-do-condrito-carbonaceo-e-responsavel-pela-agua-lunar-segundo-pesquisa\/"},"author":{"name":"Marcelo Oliveira de A. Maranhao","@id":"https:\/\/diariodepe.com.br\/xinhua\/#\/schema\/person\/0943d6fd02bdc7b49c8f495e8787a2cb"},"headline":"Impacto do condrito carbon\u00e1ceo \u00e9 respons\u00e1vel pela \u00e1gua lunar, segundo pesquisa","datePublished":"2021-12-29T18:10:00+00:00","dateModified":"2021-12-29T21:55:48+00:00","mainEntityOfPage":{"@id":"https:\/\/diariodepe.com.br\/xinhua\/2021\/12\/29\/impacto-do-condrito-carbonaceo-e-responsavel-pela-agua-lunar-segundo-pesquisa\/"},"wordCount":237,"commentCount":0,"publisher":{"@id":"https:\/\/diariodepe.com.br\/xinhua\/#organization"},"image":{"@id":"https:\/\/diariodepe.com.br\/xinhua\/2021\/12\/29\/impacto-do-condrito-carbonaceo-e-responsavel-pela-agua-lunar-segundo-pesquisa\/#primaryimage"},"thumbnailUrl":"https:\/\/diariodepe.com.br\/xinhua\/wp-content\/uploads\/sites\/3\/2021\/12\/1310399586_16407480807891n.jpg","articleSection":["Cultura \/ Tecnologia"],"inLanguage":"pt-BR","potentialAction":[{"@type":"CommentAction","name":"Comment","target":["https:\/\/diariodepe.com.br\/xinhua\/2021\/12\/29\/impacto-do-condrito-carbonaceo-e-responsavel-pela-agua-lunar-segundo-pesquisa\/#respond"]}]},{"@type":"WebPage","@id":"https:\/\/diariodepe.com.br\/xinhua\/2021\/12\/29\/impacto-do-condrito-carbonaceo-e-responsavel-pela-agua-lunar-segundo-pesquisa\/","url":"https:\/\/diariodepe.com.br\/xinhua\/2021\/12\/29\/impacto-do-condrito-carbonaceo-e-responsavel-pela-agua-lunar-segundo-pesquisa\/","name":"Impacto do condrito carbon\u00e1ceo \u00e9 respons\u00e1vel pela \u00e1gua lunar, segundo pesquisa - Xinhua - Diario de Pernambuco","isPartOf":{"@id":"https:\/\/diariodepe.com.br\/xinhua\/#website"},"primaryImageOfPage":{"@id":"https:\/\/diariodepe.com.br\/xinhua\/2021\/12\/29\/impacto-do-condrito-carbonaceo-e-responsavel-pela-agua-lunar-segundo-pesquisa\/#primaryimage"},"image":{"@id":"https:\/\/diariodepe.com.br\/xinhua\/2021\/12\/29\/impacto-do-condrito-carbonaceo-e-responsavel-pela-agua-lunar-segundo-pesquisa\/#primaryimage"},"thumbnailUrl":"https:\/\/diariodepe.com.br\/xinhua\/wp-content\/uploads\/sites\/3\/2021\/12\/1310399586_16407480807891n.jpg","datePublished":"2021-12-29T18:10:00+00:00","dateModified":"2021-12-29T21:55:48+00:00","breadcrumb":{"@id":"https:\/\/diariodepe.com.br\/xinhua\/2021\/12\/29\/impacto-do-condrito-carbonaceo-e-responsavel-pela-agua-lunar-segundo-pesquisa\/#breadcrumb"},"inLanguage":"pt-BR","potentialAction":[{"@type":"ReadAction","target":["https:\/\/diariodepe.com.br\/xinhua\/2021\/12\/29\/impacto-do-condrito-carbonaceo-e-responsavel-pela-agua-lunar-segundo-pesquisa\/"]}]},{"@type":"ImageObject","inLanguage":"pt-BR","@id":"https:\/\/diariodepe.com.br\/xinhua\/2021\/12\/29\/impacto-do-condrito-carbonaceo-e-responsavel-pela-agua-lunar-segundo-pesquisa\/#primaryimage","url":"https:\/\/diariodepe.com.br\/xinhua\/wp-content\/uploads\/sites\/3\/2021\/12\/1310399586_16407480807891n.jpg","contentUrl":"https:\/\/diariodepe.com.br\/xinhua\/wp-content\/uploads\/sites\/3\/2021\/12\/1310399586_16407480807891n.jpg","width":900,"height":661,"caption":"Foto tirada pelo m\u00f3dulo de pouso da sonda Chang'e-4 em 11 de janeiro de 2019 mostra o ve\u00edculo explorador Yutu-2 (Coelho de Jade-2). (Administra\u00e7\u00e3o Nacional Aeroespacial da China\/Xinhua)"},{"@type":"BreadcrumbList","@id":"https:\/\/diariodepe.com.br\/xinhua\/2021\/12\/29\/impacto-do-condrito-carbonaceo-e-responsavel-pela-agua-lunar-segundo-pesquisa\/#breadcrumb","itemListElement":[{"@type":"ListItem","position":1,"name":"In\u00edcio","item":"https:\/\/diariodepe.com.br\/xinhua\/"},{"@type":"ListItem","position":2,"name":"Impacto do condrito carbon\u00e1ceo \u00e9 respons\u00e1vel pela \u00e1gua lunar, segundo pesquisa"}]},{"@type":"WebSite","@id":"https:\/\/diariodepe.com.br\/xinhua\/#website","url":"https:\/\/diariodepe.com.br\/xinhua\/","name":"Xinhua - Diario de Pernambuco","description":"A maior ag\u00eancia de not\u00edcias da China e um dos principais canais para conhecer o pa\u00eds","publisher":{"@id":"https:\/\/diariodepe.com.br\/xinhua\/#organization"},"potentialAction":[{"@type":"SearchAction","target":{"@type":"EntryPoint","urlTemplate":"https:\/\/diariodepe.com.br\/xinhua\/?s={search_term_string}"},"query-input":{"@type":"PropertyValueSpecification","valueRequired":true,"valueName":"search_term_string"}}],"inLanguage":"pt-BR"},{"@type":"Organization","@id":"https:\/\/diariodepe.com.br\/xinhua\/#organization","name":"Xinhua - Diario de Pernambuco","url":"https:\/\/diariodepe.com.br\/xinhua\/","logo":{"@type":"ImageObject","inLanguage":"pt-BR","@id":"https:\/\/diariodepe.com.br\/xinhua\/#\/schema\/logo\/image\/","url":"https:\/\/diariodepe.com.br\/xinhua\/wp-content\/uploads\/sites\/3\/2020\/10\/cropped-logo-transparente-2.png","contentUrl":"https:\/\/diariodepe.com.br\/xinhua\/wp-content\/uploads\/sites\/3\/2020\/10\/cropped-logo-transparente-2.png","width":512,"height":164,"caption":"Xinhua - Diario de Pernambuco"},"image":{"@id":"https:\/\/diariodepe.com.br\/xinhua\/#\/schema\/logo\/image\/"}},{"@type":"Person","@id":"https:\/\/diariodepe.com.br\/xinhua\/#\/schema\/person\/0943d6fd02bdc7b49c8f495e8787a2cb","name":"Marcelo Oliveira de A. Maranhao","image":{"@type":"ImageObject","inLanguage":"pt-BR","@id":"https:\/\/secure.gravatar.com\/avatar\/f562caee940d39879c20e90eea3e4b21860c7d4c96684c23141c554824f0059c?s=96&d=mm&r=g","url":"https:\/\/secure.gravatar.com\/avatar\/f562caee940d39879c20e90eea3e4b21860c7d4c96684c23141c554824f0059c?s=96&d=mm&r=g","contentUrl":"https:\/\/secure.gravatar.com\/avatar\/f562caee940d39879c20e90eea3e4b21860c7d4c96684c23141c554824f0059c?s=96&d=mm&r=g","caption":"Marcelo Oliveira de A. Maranhao"},"url":"https:\/\/diariodepe.com.br\/xinhua\/author\/marcelo-maranhao\/"}]}},"cc_featured_image_caption":{"caption_text":"","source_text":"","source_url":""},"amp_enabled":true,"_links":{"self":[{"href":"https:\/\/diariodepe.com.br\/xinhua\/wp-json\/wp\/v2\/posts\/4622","targetHints":{"allow":["GET"]}}],"collection":[{"href":"https:\/\/diariodepe.com.br\/xinhua\/wp-json\/wp\/v2\/posts"}],"about":[{"href":"https:\/\/diariodepe.com.br\/xinhua\/wp-json\/wp\/v2\/types\/post"}],"author":[{"embeddable":true,"href":"https:\/\/diariodepe.com.br\/xinhua\/wp-json\/wp\/v2\/users\/3"}],"replies":[{"embeddable":true,"href":"https:\/\/diariodepe.com.br\/xinhua\/wp-json\/wp\/v2\/comments?post=4622"}],"version-history":[{"count":1,"href":"https:\/\/diariodepe.com.br\/xinhua\/wp-json\/wp\/v2\/posts\/4622\/revisions"}],"predecessor-version":[{"id":4624,"href":"https:\/\/diariodepe.com.br\/xinhua\/wp-json\/wp\/v2\/posts\/4622\/revisions\/4624"}],"wp:featuredmedia":[{"embeddable":true,"href":"https:\/\/diariodepe.com.br\/xinhua\/wp-json\/wp\/v2\/media\/4623"}],"wp:attachment":[{"href":"https:\/\/diariodepe.com.br\/xinhua\/wp-json\/wp\/v2\/media?parent=4622"}],"wp:term":[{"taxonomy":"category","embeddable":true,"href":"https:\/\/diariodepe.com.br\/xinhua\/wp-json\/wp\/v2\/categories?post=4622"},{"taxonomy":"post_tag","embeddable":true,"href":"https:\/\/diariodepe.com.br\/xinhua\/wp-json\/wp\/v2\/tags?post=4622"}],"curies":[{"name":"wp","href":"https:\/\/api.w.org\/{rel}","templated":true}]}}