{"id":456,"date":"2021-03-19T09:05:38","date_gmt":"2021-03-19T12:05:38","guid":{"rendered":"http:\/\/www.diariodepe.com.br\/xinhua\/?p=456"},"modified":"2021-03-19T09:07:58","modified_gmt":"2021-03-19T12:07:58","slug":"racismo-e-um-mal-global-profundamente-enraizado-segundo-chefe-da-onu","status":"publish","type":"post","link":"https:\/\/diariodepe.com.br\/xinhua\/2021\/03\/19\/racismo-e-um-mal-global-profundamente-enraizado-segundo-chefe-da-onu\/","title":{"rendered":"Racismo \u00e9 um mal global profundamente enraizado, segundo chefe da ONU"},"content":{"rendered":"\n<p>Na\u00e7\u00f5es Unidas, 17 mar (Xinhua) &#8211; O secret\u00e1rio-geral da ONU, Ant\u00f3nio Guterres, pediu na quarta-feira a condena\u00e7\u00e3o do racismo, que ele descreveu como um mal global profundamente enraizado.<\/p>\n\n\n\n<p>No ano passado, pessoas ao redor do mundo foram \u00e0s ruas para protestar contra a cruel &#8220;pandemia global de racismo&#8221;. Eles reconheceram o racismo pelo que ele \u00e9: perigoso, repugnante, horr\u00edvel e est\u00e1 em toda parte, disse ele em uma mensagem para o Dia Internacional para a Elimina\u00e7\u00e3o da Discrimina\u00e7\u00e3o Racial, que ocorre no dia 21 de mar\u00e7o.<\/p>\n\n\n\n<p>&#8220;O racismo \u00e9 um mal global profundamente enraizado. Ele transcende gera\u00e7\u00f5es e contamina as sociedades. Ele perpetua a desigualdade, opress\u00e3o e marginaliza\u00e7\u00e3o&#8221;.<\/p>\n\n\n\n<p>H\u00e1 racismo na discrimina\u00e7\u00e3o generalizada contra os afrodescendentes, nas injusti\u00e7as e opress\u00e3o sofridas pelos povos ind\u00edgenas e outras minorias \u00e9tnicas e nas vis\u00f5es repugnantes dos supremacistas brancos e outros grupos extremistas, disse ele. &#8220;Onde quer que vejamos racismo, devemos conden\u00e1-lo sem reservas, sem hesita\u00e7\u00e3o, sem ressalvas&#8221;.<\/p>\n\n\n\n<p>Ele observou que o tema deste ano do Dia Internacional para a Elimina\u00e7\u00e3o da Discrimina\u00e7\u00e3o Racial destaca o importante papel dos jovens.<\/p>\n\n\n\n<p>&#8220;As atitudes e o comportamento dos jovens ditar\u00e3o a futura forma e apar\u00eancia de nossas sociedades. Portanto, apelo aos jovens em todos os lugares, assim como aos educadores e l\u00edderes, para ensinar ao mundo que todas as pessoas nascem iguais&#8221;, disse ele. &#8220;A supremacia \u00e9 uma mentira do mal. O racismo mata&#8221;.<\/p>\n\n\n\n<p>Guterres pediu esfor\u00e7os coletivos para livrar o mundo do mal pernicioso do racismo para que todas as pessoas possam viver em um mundo de paz, dignidade e oportunidades.<\/p>\n","protected":false},"excerpt":{"rendered":"<p>Na\u00e7\u00f5es Unidas, 17 mar (Xinhua) &#8211; O secret\u00e1rio-geral da ONU, Ant\u00f3nio Guterres, pediu na quarta-feira a condena\u00e7\u00e3o do racismo, que ele descreveu como um mal global profundamente enraizado. No ano passado, pessoas ao redor do mundo foram \u00e0s ruas para&#8230;<\/p>\n","protected":false},"author":3,"featured_media":0,"comment_status":"open","ping_status":"open","sticky":false,"template":"","format":"standard","meta":{"footnotes":""},"categories":[1,4],"tags":[],"class_list":["post-456","post","type-post","status-publish","format-standard","hentry","category-geral","category-internacional"],"yoast_head":"<!-- This site is optimized with the Yoast SEO plugin v27.4 - https:\/\/yoast.com\/product\/yoast-seo-wordpress\/ -->\n<title>Racismo \u00e9 um mal global profundamente enraizado, segundo chefe da ONU - Xinhua - Diario de Pernambuco<\/title>\n<meta name=\"description\" content=\"O secret\u00e1rio-geral da ONU, Ant\u00f3nio Guterres, pediu na quarta-feira a condena\u00e7\u00e3o do racismo, que ele descreveu como um mal global profund...\" \/>\n<meta name=\"robots\" content=\"index, follow, max-snippet:-1, max-image-preview:large, max-video-preview:-1\" \/>\n<link rel=\"canonical\" href=\"https:\/\/diariodepe.com.br\/xinhua\/2021\/03\/19\/racismo-e-um-mal-global-profundamente-enraizado-segundo-chefe-da-onu\/\" \/>\n<meta property=\"og:locale\" content=\"pt_BR\" \/>\n<meta property=\"og:type\" content=\"article\" \/>\n<meta property=\"og:title\" content=\"Racismo \u00e9 um mal global profundamente enraizado, segundo chefe da ONU - Xinhua - Diario de Pernambuco\" \/>\n<meta property=\"og:description\" content=\"O secret\u00e1rio-geral da ONU, Ant\u00f3nio Guterres, pediu na quarta-feira a condena\u00e7\u00e3o do racismo, que ele descreveu como um mal global profund...\" \/>\n<meta property=\"og:url\" content=\"https:\/\/diariodepe.com.br\/xinhua\/2021\/03\/19\/racismo-e-um-mal-global-profundamente-enraizado-segundo-chefe-da-onu\/\" \/>\n<meta property=\"og:site_name\" content=\"Xinhua - Diario de Pernambuco\" \/>\n<meta property=\"article:published_time\" content=\"2021-03-19T12:05:38+00:00\" \/>\n<meta property=\"article:modified_time\" content=\"2021-03-19T12:07:58+00:00\" \/>\n<meta name=\"author\" content=\"Marcelo Oliveira de A. Maranhao\" \/>\n<meta name=\"twitter:card\" content=\"summary_large_image\" \/>\n<meta name=\"twitter:label1\" content=\"Escrito por\" \/>\n\t<meta name=\"twitter:data1\" content=\"Marcelo Oliveira de A. Maranhao\" \/>\n\t<meta name=\"twitter:label2\" content=\"Est. tempo de leitura\" \/>\n\t<meta name=\"twitter:data2\" content=\"2 minutos\" \/>\n<script type=\"application\/ld+json\" class=\"yoast-schema-graph\">{\"@context\":\"https:\\\/\\\/schema.org\",\"@graph\":[{\"@type\":\"Article\",\"@id\":\"https:\\\/\\\/diariodepe.com.br\\\/xinhua\\\/2021\\\/03\\\/19\\\/racismo-e-um-mal-global-profundamente-enraizado-segundo-chefe-da-onu\\\/#article\",\"isPartOf\":{\"@id\":\"https:\\\/\\\/diariodepe.com.br\\\/xinhua\\\/2021\\\/03\\\/19\\\/racismo-e-um-mal-global-profundamente-enraizado-segundo-chefe-da-onu\\\/\"},\"author\":{\"name\":\"Marcelo Oliveira de A. Maranhao\",\"@id\":\"https:\\\/\\\/diariodepe.com.br\\\/xinhua\\\/#\\\/schema\\\/person\\\/0943d6fd02bdc7b49c8f495e8787a2cb\"},\"headline\":\"Racismo \u00e9 um mal global profundamente enraizado, segundo chefe da ONU\",\"datePublished\":\"2021-03-19T12:05:38+00:00\",\"dateModified\":\"2021-03-19T12:07:58+00:00\",\"mainEntityOfPage\":{\"@id\":\"https:\\\/\\\/diariodepe.com.br\\\/xinhua\\\/2021\\\/03\\\/19\\\/racismo-e-um-mal-global-profundamente-enraizado-segundo-chefe-da-onu\\\/\"},\"wordCount\":285,\"commentCount\":0,\"publisher\":{\"@id\":\"https:\\\/\\\/diariodepe.com.br\\\/xinhua\\\/#organization\"},\"articleSection\":[\"Geral\",\"Internacional\"],\"inLanguage\":\"pt-BR\",\"potentialAction\":[{\"@type\":\"CommentAction\",\"name\":\"Comment\",\"target\":[\"https:\\\/\\\/diariodepe.com.br\\\/xinhua\\\/2021\\\/03\\\/19\\\/racismo-e-um-mal-global-profundamente-enraizado-segundo-chefe-da-onu\\\/#respond\"]}]},{\"@type\":\"WebPage\",\"@id\":\"https:\\\/\\\/diariodepe.com.br\\\/xinhua\\\/2021\\\/03\\\/19\\\/racismo-e-um-mal-global-profundamente-enraizado-segundo-chefe-da-onu\\\/\",\"url\":\"https:\\\/\\\/diariodepe.com.br\\\/xinhua\\\/2021\\\/03\\\/19\\\/racismo-e-um-mal-global-profundamente-enraizado-segundo-chefe-da-onu\\\/\",\"name\":\"Racismo \u00e9 um mal global profundamente enraizado, segundo chefe da ONU - Xinhua - Diario de Pernambuco\",\"isPartOf\":{\"@id\":\"https:\\\/\\\/diariodepe.com.br\\\/xinhua\\\/#website\"},\"datePublished\":\"2021-03-19T12:05:38+00:00\",\"dateModified\":\"2021-03-19T12:07:58+00:00\",\"description\":\"O secret\u00e1rio-geral da ONU, Ant\u00f3nio Guterres, pediu na quarta-feira a condena\u00e7\u00e3o do racismo, que ele descreveu como um mal global profund...\",\"breadcrumb\":{\"@id\":\"https:\\\/\\\/diariodepe.com.br\\\/xinhua\\\/2021\\\/03\\\/19\\\/racismo-e-um-mal-global-profundamente-enraizado-segundo-chefe-da-onu\\\/#breadcrumb\"},\"inLanguage\":\"pt-BR\",\"potentialAction\":[{\"@type\":\"ReadAction\",\"target\":[\"https:\\\/\\\/diariodepe.com.br\\\/xinhua\\\/2021\\\/03\\\/19\\\/racismo-e-um-mal-global-profundamente-enraizado-segundo-chefe-da-onu\\\/\"]}]},{\"@type\":\"BreadcrumbList\",\"@id\":\"https:\\\/\\\/diariodepe.com.br\\\/xinhua\\\/2021\\\/03\\\/19\\\/racismo-e-um-mal-global-profundamente-enraizado-segundo-chefe-da-onu\\\/#breadcrumb\",\"itemListElement\":[{\"@type\":\"ListItem\",\"position\":1,\"name\":\"In\u00edcio\",\"item\":\"https:\\\/\\\/diariodepe.com.br\\\/xinhua\\\/\"},{\"@type\":\"ListItem\",\"position\":2,\"name\":\"Racismo \u00e9 um mal global profundamente enraizado, segundo chefe da ONU\"}]},{\"@type\":\"WebSite\",\"@id\":\"https:\\\/\\\/diariodepe.com.br\\\/xinhua\\\/#website\",\"url\":\"https:\\\/\\\/diariodepe.com.br\\\/xinhua\\\/\",\"name\":\"Xinhua - Diario de Pernambuco\",\"description\":\"A maior ag\u00eancia de not\u00edcias da China e um dos principais canais para conhecer o pa\u00eds\",\"publisher\":{\"@id\":\"https:\\\/\\\/diariodepe.com.br\\\/xinhua\\\/#organization\"},\"potentialAction\":[{\"@type\":\"SearchAction\",\"target\":{\"@type\":\"EntryPoint\",\"urlTemplate\":\"https:\\\/\\\/diariodepe.com.br\\\/xinhua\\\/?s={search_term_string}\"},\"query-input\":{\"@type\":\"PropertyValueSpecification\",\"valueRequired\":true,\"valueName\":\"search_term_string\"}}],\"inLanguage\":\"pt-BR\"},{\"@type\":\"Organization\",\"@id\":\"https:\\\/\\\/diariodepe.com.br\\\/xinhua\\\/#organization\",\"name\":\"Xinhua - Diario de Pernambuco\",\"url\":\"https:\\\/\\\/diariodepe.com.br\\\/xinhua\\\/\",\"logo\":{\"@type\":\"ImageObject\",\"inLanguage\":\"pt-BR\",\"@id\":\"https:\\\/\\\/diariodepe.com.br\\\/xinhua\\\/#\\\/schema\\\/logo\\\/image\\\/\",\"url\":\"https:\\\/\\\/diariodepe.com.br\\\/xinhua\\\/wp-content\\\/uploads\\\/sites\\\/3\\\/2020\\\/10\\\/cropped-logo-transparente-2.png\",\"contentUrl\":\"https:\\\/\\\/diariodepe.com.br\\\/xinhua\\\/wp-content\\\/uploads\\\/sites\\\/3\\\/2020\\\/10\\\/cropped-logo-transparente-2.png\",\"width\":512,\"height\":164,\"caption\":\"Xinhua - Diario de Pernambuco\"},\"image\":{\"@id\":\"https:\\\/\\\/diariodepe.com.br\\\/xinhua\\\/#\\\/schema\\\/logo\\\/image\\\/\"}},{\"@type\":\"Person\",\"@id\":\"https:\\\/\\\/diariodepe.com.br\\\/xinhua\\\/#\\\/schema\\\/person\\\/0943d6fd02bdc7b49c8f495e8787a2cb\",\"name\":\"Marcelo Oliveira de A. Maranhao\",\"image\":{\"@type\":\"ImageObject\",\"inLanguage\":\"pt-BR\",\"@id\":\"https:\\\/\\\/secure.gravatar.com\\\/avatar\\\/f562caee940d39879c20e90eea3e4b21860c7d4c96684c23141c554824f0059c?s=96&d=mm&r=g\",\"url\":\"https:\\\/\\\/secure.gravatar.com\\\/avatar\\\/f562caee940d39879c20e90eea3e4b21860c7d4c96684c23141c554824f0059c?s=96&d=mm&r=g\",\"contentUrl\":\"https:\\\/\\\/secure.gravatar.com\\\/avatar\\\/f562caee940d39879c20e90eea3e4b21860c7d4c96684c23141c554824f0059c?s=96&d=mm&r=g\",\"caption\":\"Marcelo Oliveira de A. Maranhao\"},\"url\":\"https:\\\/\\\/diariodepe.com.br\\\/xinhua\\\/author\\\/marcelo-maranhao\\\/\"}]}<\/script>\n<!-- \/ Yoast SEO plugin. -->","yoast_head_json":{"title":"Racismo \u00e9 um mal global profundamente enraizado, segundo chefe da ONU - Xinhua - Diario de Pernambuco","description":"O secret\u00e1rio-geral da ONU, Ant\u00f3nio Guterres, pediu na quarta-feira a condena\u00e7\u00e3o do racismo, que ele descreveu como um mal global profund...","robots":{"index":"index","follow":"follow","max-snippet":"max-snippet:-1","max-image-preview":"max-image-preview:large","max-video-preview":"max-video-preview:-1"},"canonical":"https:\/\/diariodepe.com.br\/xinhua\/2021\/03\/19\/racismo-e-um-mal-global-profundamente-enraizado-segundo-chefe-da-onu\/","og_locale":"pt_BR","og_type":"article","og_title":"Racismo \u00e9 um mal global profundamente enraizado, segundo chefe da ONU - Xinhua - Diario de Pernambuco","og_description":"O secret\u00e1rio-geral da ONU, Ant\u00f3nio Guterres, pediu na quarta-feira a condena\u00e7\u00e3o do racismo, que ele descreveu como um mal global profund...","og_url":"https:\/\/diariodepe.com.br\/xinhua\/2021\/03\/19\/racismo-e-um-mal-global-profundamente-enraizado-segundo-chefe-da-onu\/","og_site_name":"Xinhua - Diario de Pernambuco","article_published_time":"2021-03-19T12:05:38+00:00","article_modified_time":"2021-03-19T12:07:58+00:00","author":"Marcelo Oliveira de A. Maranhao","twitter_card":"summary_large_image","twitter_misc":{"Escrito por":"Marcelo Oliveira de A. Maranhao","Est. tempo de leitura":"2 minutos"},"schema":{"@context":"https:\/\/schema.org","@graph":[{"@type":"Article","@id":"https:\/\/diariodepe.com.br\/xinhua\/2021\/03\/19\/racismo-e-um-mal-global-profundamente-enraizado-segundo-chefe-da-onu\/#article","isPartOf":{"@id":"https:\/\/diariodepe.com.br\/xinhua\/2021\/03\/19\/racismo-e-um-mal-global-profundamente-enraizado-segundo-chefe-da-onu\/"},"author":{"name":"Marcelo Oliveira de A. Maranhao","@id":"https:\/\/diariodepe.com.br\/xinhua\/#\/schema\/person\/0943d6fd02bdc7b49c8f495e8787a2cb"},"headline":"Racismo \u00e9 um mal global profundamente enraizado, segundo chefe da ONU","datePublished":"2021-03-19T12:05:38+00:00","dateModified":"2021-03-19T12:07:58+00:00","mainEntityOfPage":{"@id":"https:\/\/diariodepe.com.br\/xinhua\/2021\/03\/19\/racismo-e-um-mal-global-profundamente-enraizado-segundo-chefe-da-onu\/"},"wordCount":285,"commentCount":0,"publisher":{"@id":"https:\/\/diariodepe.com.br\/xinhua\/#organization"},"articleSection":["Geral","Internacional"],"inLanguage":"pt-BR","potentialAction":[{"@type":"CommentAction","name":"Comment","target":["https:\/\/diariodepe.com.br\/xinhua\/2021\/03\/19\/racismo-e-um-mal-global-profundamente-enraizado-segundo-chefe-da-onu\/#respond"]}]},{"@type":"WebPage","@id":"https:\/\/diariodepe.com.br\/xinhua\/2021\/03\/19\/racismo-e-um-mal-global-profundamente-enraizado-segundo-chefe-da-onu\/","url":"https:\/\/diariodepe.com.br\/xinhua\/2021\/03\/19\/racismo-e-um-mal-global-profundamente-enraizado-segundo-chefe-da-onu\/","name":"Racismo \u00e9 um mal global profundamente enraizado, segundo chefe da ONU - Xinhua - Diario de Pernambuco","isPartOf":{"@id":"https:\/\/diariodepe.com.br\/xinhua\/#website"},"datePublished":"2021-03-19T12:05:38+00:00","dateModified":"2021-03-19T12:07:58+00:00","description":"O secret\u00e1rio-geral da ONU, Ant\u00f3nio Guterres, pediu na quarta-feira a condena\u00e7\u00e3o do racismo, que ele descreveu como um mal global profund...","breadcrumb":{"@id":"https:\/\/diariodepe.com.br\/xinhua\/2021\/03\/19\/racismo-e-um-mal-global-profundamente-enraizado-segundo-chefe-da-onu\/#breadcrumb"},"inLanguage":"pt-BR","potentialAction":[{"@type":"ReadAction","target":["https:\/\/diariodepe.com.br\/xinhua\/2021\/03\/19\/racismo-e-um-mal-global-profundamente-enraizado-segundo-chefe-da-onu\/"]}]},{"@type":"BreadcrumbList","@id":"https:\/\/diariodepe.com.br\/xinhua\/2021\/03\/19\/racismo-e-um-mal-global-profundamente-enraizado-segundo-chefe-da-onu\/#breadcrumb","itemListElement":[{"@type":"ListItem","position":1,"name":"In\u00edcio","item":"https:\/\/diariodepe.com.br\/xinhua\/"},{"@type":"ListItem","position":2,"name":"Racismo \u00e9 um mal global profundamente enraizado, segundo chefe da ONU"}]},{"@type":"WebSite","@id":"https:\/\/diariodepe.com.br\/xinhua\/#website","url":"https:\/\/diariodepe.com.br\/xinhua\/","name":"Xinhua - Diario de Pernambuco","description":"A maior ag\u00eancia de not\u00edcias da China e um dos principais canais para conhecer o pa\u00eds","publisher":{"@id":"https:\/\/diariodepe.com.br\/xinhua\/#organization"},"potentialAction":[{"@type":"SearchAction","target":{"@type":"EntryPoint","urlTemplate":"https:\/\/diariodepe.com.br\/xinhua\/?s={search_term_string}"},"query-input":{"@type":"PropertyValueSpecification","valueRequired":true,"valueName":"search_term_string"}}],"inLanguage":"pt-BR"},{"@type":"Organization","@id":"https:\/\/diariodepe.com.br\/xinhua\/#organization","name":"Xinhua - Diario de Pernambuco","url":"https:\/\/diariodepe.com.br\/xinhua\/","logo":{"@type":"ImageObject","inLanguage":"pt-BR","@id":"https:\/\/diariodepe.com.br\/xinhua\/#\/schema\/logo\/image\/","url":"https:\/\/diariodepe.com.br\/xinhua\/wp-content\/uploads\/sites\/3\/2020\/10\/cropped-logo-transparente-2.png","contentUrl":"https:\/\/diariodepe.com.br\/xinhua\/wp-content\/uploads\/sites\/3\/2020\/10\/cropped-logo-transparente-2.png","width":512,"height":164,"caption":"Xinhua - Diario de Pernambuco"},"image":{"@id":"https:\/\/diariodepe.com.br\/xinhua\/#\/schema\/logo\/image\/"}},{"@type":"Person","@id":"https:\/\/diariodepe.com.br\/xinhua\/#\/schema\/person\/0943d6fd02bdc7b49c8f495e8787a2cb","name":"Marcelo Oliveira de A. Maranhao","image":{"@type":"ImageObject","inLanguage":"pt-BR","@id":"https:\/\/secure.gravatar.com\/avatar\/f562caee940d39879c20e90eea3e4b21860c7d4c96684c23141c554824f0059c?s=96&d=mm&r=g","url":"https:\/\/secure.gravatar.com\/avatar\/f562caee940d39879c20e90eea3e4b21860c7d4c96684c23141c554824f0059c?s=96&d=mm&r=g","contentUrl":"https:\/\/secure.gravatar.com\/avatar\/f562caee940d39879c20e90eea3e4b21860c7d4c96684c23141c554824f0059c?s=96&d=mm&r=g","caption":"Marcelo Oliveira de A. Maranhao"},"url":"https:\/\/diariodepe.com.br\/xinhua\/author\/marcelo-maranhao\/"}]}},"cc_featured_image_caption":{"caption_text":false,"source_text":false,"source_url":false},"amp_enabled":true,"_links":{"self":[{"href":"https:\/\/diariodepe.com.br\/xinhua\/wp-json\/wp\/v2\/posts\/456","targetHints":{"allow":["GET"]}}],"collection":[{"href":"https:\/\/diariodepe.com.br\/xinhua\/wp-json\/wp\/v2\/posts"}],"about":[{"href":"https:\/\/diariodepe.com.br\/xinhua\/wp-json\/wp\/v2\/types\/post"}],"author":[{"embeddable":true,"href":"https:\/\/diariodepe.com.br\/xinhua\/wp-json\/wp\/v2\/users\/3"}],"replies":[{"embeddable":true,"href":"https:\/\/diariodepe.com.br\/xinhua\/wp-json\/wp\/v2\/comments?post=456"}],"version-history":[{"count":1,"href":"https:\/\/diariodepe.com.br\/xinhua\/wp-json\/wp\/v2\/posts\/456\/revisions"}],"predecessor-version":[{"id":457,"href":"https:\/\/diariodepe.com.br\/xinhua\/wp-json\/wp\/v2\/posts\/456\/revisions\/457"}],"wp:attachment":[{"href":"https:\/\/diariodepe.com.br\/xinhua\/wp-json\/wp\/v2\/media?parent=456"}],"wp:term":[{"taxonomy":"category","embeddable":true,"href":"https:\/\/diariodepe.com.br\/xinhua\/wp-json\/wp\/v2\/categories?post=456"},{"taxonomy":"post_tag","embeddable":true,"href":"https:\/\/diariodepe.com.br\/xinhua\/wp-json\/wp\/v2\/tags?post=456"}],"curies":[{"name":"wp","href":"https:\/\/api.w.org\/{rel}","templated":true}]}}