{"id":4554,"date":"2021-12-23T13:07:21","date_gmt":"2021-12-23T16:07:21","guid":{"rendered":"http:\/\/www.diariodepe.com.br\/xinhua\/?p=4554"},"modified":"2021-12-23T13:07:23","modified_gmt":"2021-12-23T16:07:23","slug":"xi-se-reune-com-chefe-do-executivo-da-raehk","status":"publish","type":"post","link":"https:\/\/diariodepe.com.br\/xinhua\/2021\/12\/23\/xi-se-reune-com-chefe-do-executivo-da-raehk\/","title":{"rendered":"Xi se re\u00fane com chefe do Executivo da RAEHK"},"content":{"rendered":"\n<p>Beijing &#8211; O presidente Xi Jinping reuniu-se na quarta-feira com a chefe do Executivo da Regi\u00e3o Administrativa Especial de Hong Kong (RAEHK), Carrie Lam, que est\u00e1 em visita de trabalho a Beijing.<\/p>\n\n\n\n<p>Durante a reuni\u00e3o, Xi ouviu um relat\u00f3rio de Lam sobre a situa\u00e7\u00e3o atual de Hong Kong e o trabalho do governo da RAEHK.No ano passado, Hong Kong consolidou as conquistas na restaura\u00e7\u00e3o da ordem e a situa\u00e7\u00e3o tem melhorado constantemente, disse Xi, acrescentando que a regi\u00e3o alcan\u00e7ou resultados not\u00e1veis na resposta \u00e0 COVID-19, recuperando de forma constante sua economia e mantendo a estabilidade social.<\/p>\n\n\n\n<p>Lam liderou o governo da RAEHK na realiza\u00e7\u00e3o de mudan\u00e7as sistem\u00e1ticas e melhorias no sistema eleitoral de Hong Kong de acordo com a decis\u00e3o relevante da Assembleia Popular Nacional (APN) e legisla\u00e7\u00e3o pertinente do Comit\u00ea Permanente da APN, disse Xi.<\/p>\n\n\n\n<p>Lam tamb\u00e9m liderou o governo da RAEHK na realiza\u00e7\u00e3o de elei\u00e7\u00f5es para o Comit\u00ea Eleitoral e o Conselho Legislativo (LegCo), implementando resolutamente a lei de seguran\u00e7a nacional de Hong Kong e tomando medidas ativas para promover a integra\u00e7\u00e3o da RAEHK no desenvolvimento geral do pa\u00eds e aprofundar de forma abrangente seus interc\u00e2mbios e coopera\u00e7\u00e3o com a parte continental, disse Xi.<\/p>\n\n\n\n<p>As autoridades centrais reconhecem plenamente o trabalho de Lam e do governo da RAEHK, disse Xi.<\/p>\n\n\n\n<p>Xi disse que as elei\u00e7\u00f5es do Comit\u00ea Eleitoral e do s\u00e9timo LegCo, realizadas sob o novo sistema eleitoral, foram ambas bem-sucedidas, com os direitos democr\u00e1ticos dos residentes de Hong Kong refletidos, o princ\u00edpio &#8220;patriotas administrando Hong Kong&#8221; implementado e um cen\u00e1rio pol\u00edtico estabelecido com participa\u00e7\u00e3o ampla e equilibrada de todos os grupos sociais e c\u00edrculos.<\/p>\n\n\n\n<p>A pr\u00e1tica provou que o novo sistema eleitoral adere ao princ\u00edpio de &#8220;um pa\u00eds, dois sistemas&#8221; e se ajusta \u00e0s realidades de Hong Kong, disse Xi, chamando-o de um bom sistema que fornecer\u00e1 forte apoio institucional para o desenvolvimento est\u00e1vel e sustentado do &#8220;um pa\u00eds, dois sistemas&#8221; e a prosperidade e estabilidade duradouras de Hong Kong.<\/p>\n\n\n\n<p>Notando que &#8220;um pa\u00eds, dois sistemas&#8221; \u00e9 prop\u00edcio \u00e0 salvaguarda dos interesses fundamentais do pa\u00eds, da RAEHK e dos compatriotas de Hong Kong, Xi disse que as autoridades centrais continuar\u00e3o implementando de forma inabal\u00e1vel o princ\u00edpio &#8220;um pa\u00eds, dois sistemas&#8221;.<\/p>\n\n\n\n<p>Altos funcion\u00e1rios, incluindo Han Zheng, Ding Xuexiang, Guo Shengkun, You Quan, Wang Yi e Xia Baolong participaram da reuni\u00e3o.<\/p>\n","protected":false},"excerpt":{"rendered":"<p>Beijing &#8211; O presidente Xi Jinping reuniu-se na quarta-feira com a chefe do Executivo da Regi\u00e3o Administrativa Especial de Hong Kong (RAEHK), Carrie Lam, que est\u00e1 em visita de trabalho a Beijing. Durante a reuni\u00e3o, Xi ouviu um relat\u00f3rio de&#8230;<\/p>\n","protected":false},"author":3,"featured_media":4555,"comment_status":"open","ping_status":"open","sticky":false,"template":"","format":"standard","meta":{"footnotes":""},"categories":[3],"tags":[],"class_list":["post-4554","post","type-post","status-publish","format-standard","has-post-thumbnail","hentry","category-china"],"yoast_head":"<!-- This site is optimized with the Yoast SEO plugin v27.4 - https:\/\/yoast.com\/product\/yoast-seo-wordpress\/ -->\n<title>Xi se re\u00fane com chefe do Executivo da RAEHK - Xinhua - Diario de Pernambuco<\/title>\n<meta name=\"robots\" content=\"index, follow, max-snippet:-1, max-image-preview:large, max-video-preview:-1\" \/>\n<link rel=\"canonical\" href=\"https:\/\/diariodepe.com.br\/xinhua\/2021\/12\/23\/xi-se-reune-com-chefe-do-executivo-da-raehk\/\" \/>\n<meta property=\"og:locale\" content=\"pt_BR\" \/>\n<meta property=\"og:type\" content=\"article\" \/>\n<meta property=\"og:title\" content=\"Xi se re\u00fane com chefe do Executivo da RAEHK - Xinhua - Diario de Pernambuco\" \/>\n<meta property=\"og:description\" content=\"Beijing &#8211; O presidente Xi Jinping reuniu-se na quarta-feira com a chefe do Executivo da Regi\u00e3o Administrativa Especial de Hong Kong (RAEHK), Carrie Lam, que est\u00e1 em visita de trabalho a Beijing. Durante a reuni\u00e3o, Xi ouviu um relat\u00f3rio de...\" \/>\n<meta property=\"og:url\" content=\"https:\/\/diariodepe.com.br\/xinhua\/2021\/12\/23\/xi-se-reune-com-chefe-do-executivo-da-raehk\/\" \/>\n<meta property=\"og:site_name\" content=\"Xinhua - Diario de Pernambuco\" \/>\n<meta property=\"article:published_time\" content=\"2021-12-23T16:07:21+00:00\" \/>\n<meta property=\"article:modified_time\" content=\"2021-12-23T16:07:23+00:00\" \/>\n<meta property=\"og:image\" content=\"https:\/\/diariodepe.com.br\/xinhua\/wp-content\/uploads\/sites\/3\/2021\/12\/1310389115_16402276871881n.jpg\" \/>\n\t<meta property=\"og:image:width\" content=\"1023\" \/>\n\t<meta property=\"og:image:height\" content=\"803\" \/>\n\t<meta property=\"og:image:type\" content=\"image\/jpeg\" \/>\n<meta name=\"author\" content=\"Marcelo Oliveira de A. Maranhao\" \/>\n<meta name=\"twitter:card\" content=\"summary_large_image\" \/>\n<meta name=\"twitter:label1\" content=\"Escrito por\" \/>\n\t<meta name=\"twitter:data1\" content=\"Marcelo Oliveira de A. Maranhao\" \/>\n\t<meta name=\"twitter:label2\" content=\"Est. tempo de leitura\" \/>\n\t<meta name=\"twitter:data2\" content=\"2 minutos\" \/>\n<script type=\"application\/ld+json\" class=\"yoast-schema-graph\">{\"@context\":\"https:\\\/\\\/schema.org\",\"@graph\":[{\"@type\":\"Article\",\"@id\":\"https:\\\/\\\/diariodepe.com.br\\\/xinhua\\\/2021\\\/12\\\/23\\\/xi-se-reune-com-chefe-do-executivo-da-raehk\\\/#article\",\"isPartOf\":{\"@id\":\"https:\\\/\\\/diariodepe.com.br\\\/xinhua\\\/2021\\\/12\\\/23\\\/xi-se-reune-com-chefe-do-executivo-da-raehk\\\/\"},\"author\":{\"name\":\"Marcelo Oliveira de A. Maranhao\",\"@id\":\"https:\\\/\\\/diariodepe.com.br\\\/xinhua\\\/#\\\/schema\\\/person\\\/0943d6fd02bdc7b49c8f495e8787a2cb\"},\"headline\":\"Xi se re\u00fane com chefe do Executivo da RAEHK\",\"datePublished\":\"2021-12-23T16:07:21+00:00\",\"dateModified\":\"2021-12-23T16:07:23+00:00\",\"mainEntityOfPage\":{\"@id\":\"https:\\\/\\\/diariodepe.com.br\\\/xinhua\\\/2021\\\/12\\\/23\\\/xi-se-reune-com-chefe-do-executivo-da-raehk\\\/\"},\"wordCount\":434,\"commentCount\":0,\"publisher\":{\"@id\":\"https:\\\/\\\/diariodepe.com.br\\\/xinhua\\\/#organization\"},\"image\":{\"@id\":\"https:\\\/\\\/diariodepe.com.br\\\/xinhua\\\/2021\\\/12\\\/23\\\/xi-se-reune-com-chefe-do-executivo-da-raehk\\\/#primaryimage\"},\"thumbnailUrl\":\"https:\\\/\\\/diariodepe.com.br\\\/xinhua\\\/wp-content\\\/uploads\\\/sites\\\/3\\\/2021\\\/12\\\/1310389115_16402276871881n.jpg\",\"articleSection\":[\"China\"],\"inLanguage\":\"pt-BR\",\"potentialAction\":[{\"@type\":\"CommentAction\",\"name\":\"Comment\",\"target\":[\"https:\\\/\\\/diariodepe.com.br\\\/xinhua\\\/2021\\\/12\\\/23\\\/xi-se-reune-com-chefe-do-executivo-da-raehk\\\/#respond\"]}]},{\"@type\":\"WebPage\",\"@id\":\"https:\\\/\\\/diariodepe.com.br\\\/xinhua\\\/2021\\\/12\\\/23\\\/xi-se-reune-com-chefe-do-executivo-da-raehk\\\/\",\"url\":\"https:\\\/\\\/diariodepe.com.br\\\/xinhua\\\/2021\\\/12\\\/23\\\/xi-se-reune-com-chefe-do-executivo-da-raehk\\\/\",\"name\":\"Xi se re\u00fane com chefe do Executivo da RAEHK - Xinhua - Diario de Pernambuco\",\"isPartOf\":{\"@id\":\"https:\\\/\\\/diariodepe.com.br\\\/xinhua\\\/#website\"},\"primaryImageOfPage\":{\"@id\":\"https:\\\/\\\/diariodepe.com.br\\\/xinhua\\\/2021\\\/12\\\/23\\\/xi-se-reune-com-chefe-do-executivo-da-raehk\\\/#primaryimage\"},\"image\":{\"@id\":\"https:\\\/\\\/diariodepe.com.br\\\/xinhua\\\/2021\\\/12\\\/23\\\/xi-se-reune-com-chefe-do-executivo-da-raehk\\\/#primaryimage\"},\"thumbnailUrl\":\"https:\\\/\\\/diariodepe.com.br\\\/xinhua\\\/wp-content\\\/uploads\\\/sites\\\/3\\\/2021\\\/12\\\/1310389115_16402276871881n.jpg\",\"datePublished\":\"2021-12-23T16:07:21+00:00\",\"dateModified\":\"2021-12-23T16:07:23+00:00\",\"breadcrumb\":{\"@id\":\"https:\\\/\\\/diariodepe.com.br\\\/xinhua\\\/2021\\\/12\\\/23\\\/xi-se-reune-com-chefe-do-executivo-da-raehk\\\/#breadcrumb\"},\"inLanguage\":\"pt-BR\",\"potentialAction\":[{\"@type\":\"ReadAction\",\"target\":[\"https:\\\/\\\/diariodepe.com.br\\\/xinhua\\\/2021\\\/12\\\/23\\\/xi-se-reune-com-chefe-do-executivo-da-raehk\\\/\"]}]},{\"@type\":\"ImageObject\",\"inLanguage\":\"pt-BR\",\"@id\":\"https:\\\/\\\/diariodepe.com.br\\\/xinhua\\\/2021\\\/12\\\/23\\\/xi-se-reune-com-chefe-do-executivo-da-raehk\\\/#primaryimage\",\"url\":\"https:\\\/\\\/diariodepe.com.br\\\/xinhua\\\/wp-content\\\/uploads\\\/sites\\\/3\\\/2021\\\/12\\\/1310389115_16402276871881n.jpg\",\"contentUrl\":\"https:\\\/\\\/diariodepe.com.br\\\/xinhua\\\/wp-content\\\/uploads\\\/sites\\\/3\\\/2021\\\/12\\\/1310389115_16402276871881n.jpg\",\"width\":1023,\"height\":803,\"caption\":\"Xinhua\\\/Li Xueren\"},{\"@type\":\"BreadcrumbList\",\"@id\":\"https:\\\/\\\/diariodepe.com.br\\\/xinhua\\\/2021\\\/12\\\/23\\\/xi-se-reune-com-chefe-do-executivo-da-raehk\\\/#breadcrumb\",\"itemListElement\":[{\"@type\":\"ListItem\",\"position\":1,\"name\":\"In\u00edcio\",\"item\":\"https:\\\/\\\/diariodepe.com.br\\\/xinhua\\\/\"},{\"@type\":\"ListItem\",\"position\":2,\"name\":\"Xi se re\u00fane com chefe do Executivo da RAEHK\"}]},{\"@type\":\"WebSite\",\"@id\":\"https:\\\/\\\/diariodepe.com.br\\\/xinhua\\\/#website\",\"url\":\"https:\\\/\\\/diariodepe.com.br\\\/xinhua\\\/\",\"name\":\"Xinhua - Diario de Pernambuco\",\"description\":\"A maior ag\u00eancia de not\u00edcias da China e um dos principais canais para conhecer o pa\u00eds\",\"publisher\":{\"@id\":\"https:\\\/\\\/diariodepe.com.br\\\/xinhua\\\/#organization\"},\"potentialAction\":[{\"@type\":\"SearchAction\",\"target\":{\"@type\":\"EntryPoint\",\"urlTemplate\":\"https:\\\/\\\/diariodepe.com.br\\\/xinhua\\\/?s={search_term_string}\"},\"query-input\":{\"@type\":\"PropertyValueSpecification\",\"valueRequired\":true,\"valueName\":\"search_term_string\"}}],\"inLanguage\":\"pt-BR\"},{\"@type\":\"Organization\",\"@id\":\"https:\\\/\\\/diariodepe.com.br\\\/xinhua\\\/#organization\",\"name\":\"Xinhua - Diario de Pernambuco\",\"url\":\"https:\\\/\\\/diariodepe.com.br\\\/xinhua\\\/\",\"logo\":{\"@type\":\"ImageObject\",\"inLanguage\":\"pt-BR\",\"@id\":\"https:\\\/\\\/diariodepe.com.br\\\/xinhua\\\/#\\\/schema\\\/logo\\\/image\\\/\",\"url\":\"https:\\\/\\\/diariodepe.com.br\\\/xinhua\\\/wp-content\\\/uploads\\\/sites\\\/3\\\/2020\\\/10\\\/cropped-logo-transparente-2.png\",\"contentUrl\":\"https:\\\/\\\/diariodepe.com.br\\\/xinhua\\\/wp-content\\\/uploads\\\/sites\\\/3\\\/2020\\\/10\\\/cropped-logo-transparente-2.png\",\"width\":512,\"height\":164,\"caption\":\"Xinhua - Diario de Pernambuco\"},\"image\":{\"@id\":\"https:\\\/\\\/diariodepe.com.br\\\/xinhua\\\/#\\\/schema\\\/logo\\\/image\\\/\"}},{\"@type\":\"Person\",\"@id\":\"https:\\\/\\\/diariodepe.com.br\\\/xinhua\\\/#\\\/schema\\\/person\\\/0943d6fd02bdc7b49c8f495e8787a2cb\",\"name\":\"Marcelo Oliveira de A. Maranhao\",\"image\":{\"@type\":\"ImageObject\",\"inLanguage\":\"pt-BR\",\"@id\":\"https:\\\/\\\/secure.gravatar.com\\\/avatar\\\/f562caee940d39879c20e90eea3e4b21860c7d4c96684c23141c554824f0059c?s=96&d=mm&r=g\",\"url\":\"https:\\\/\\\/secure.gravatar.com\\\/avatar\\\/f562caee940d39879c20e90eea3e4b21860c7d4c96684c23141c554824f0059c?s=96&d=mm&r=g\",\"contentUrl\":\"https:\\\/\\\/secure.gravatar.com\\\/avatar\\\/f562caee940d39879c20e90eea3e4b21860c7d4c96684c23141c554824f0059c?s=96&d=mm&r=g\",\"caption\":\"Marcelo Oliveira de A. Maranhao\"},\"url\":\"https:\\\/\\\/diariodepe.com.br\\\/xinhua\\\/author\\\/marcelo-maranhao\\\/\"}]}<\/script>\n<!-- \/ Yoast SEO plugin. -->","yoast_head_json":{"title":"Xi se re\u00fane com chefe do Executivo da RAEHK - Xinhua - Diario de Pernambuco","robots":{"index":"index","follow":"follow","max-snippet":"max-snippet:-1","max-image-preview":"max-image-preview:large","max-video-preview":"max-video-preview:-1"},"canonical":"https:\/\/diariodepe.com.br\/xinhua\/2021\/12\/23\/xi-se-reune-com-chefe-do-executivo-da-raehk\/","og_locale":"pt_BR","og_type":"article","og_title":"Xi se re\u00fane com chefe do Executivo da RAEHK - Xinhua - Diario de Pernambuco","og_description":"Beijing &#8211; O presidente Xi Jinping reuniu-se na quarta-feira com a chefe do Executivo da Regi\u00e3o Administrativa Especial de Hong Kong (RAEHK), Carrie Lam, que est\u00e1 em visita de trabalho a Beijing. Durante a reuni\u00e3o, Xi ouviu um relat\u00f3rio de...","og_url":"https:\/\/diariodepe.com.br\/xinhua\/2021\/12\/23\/xi-se-reune-com-chefe-do-executivo-da-raehk\/","og_site_name":"Xinhua - Diario de Pernambuco","article_published_time":"2021-12-23T16:07:21+00:00","article_modified_time":"2021-12-23T16:07:23+00:00","og_image":[{"width":1023,"height":803,"url":"https:\/\/diariodepe.com.br\/xinhua\/wp-content\/uploads\/sites\/3\/2021\/12\/1310389115_16402276871881n.jpg","type":"image\/jpeg"}],"author":"Marcelo Oliveira de A. Maranhao","twitter_card":"summary_large_image","twitter_misc":{"Escrito por":"Marcelo Oliveira de A. Maranhao","Est. tempo de leitura":"2 minutos"},"schema":{"@context":"https:\/\/schema.org","@graph":[{"@type":"Article","@id":"https:\/\/diariodepe.com.br\/xinhua\/2021\/12\/23\/xi-se-reune-com-chefe-do-executivo-da-raehk\/#article","isPartOf":{"@id":"https:\/\/diariodepe.com.br\/xinhua\/2021\/12\/23\/xi-se-reune-com-chefe-do-executivo-da-raehk\/"},"author":{"name":"Marcelo Oliveira de A. Maranhao","@id":"https:\/\/diariodepe.com.br\/xinhua\/#\/schema\/person\/0943d6fd02bdc7b49c8f495e8787a2cb"},"headline":"Xi se re\u00fane com chefe do Executivo da RAEHK","datePublished":"2021-12-23T16:07:21+00:00","dateModified":"2021-12-23T16:07:23+00:00","mainEntityOfPage":{"@id":"https:\/\/diariodepe.com.br\/xinhua\/2021\/12\/23\/xi-se-reune-com-chefe-do-executivo-da-raehk\/"},"wordCount":434,"commentCount":0,"publisher":{"@id":"https:\/\/diariodepe.com.br\/xinhua\/#organization"},"image":{"@id":"https:\/\/diariodepe.com.br\/xinhua\/2021\/12\/23\/xi-se-reune-com-chefe-do-executivo-da-raehk\/#primaryimage"},"thumbnailUrl":"https:\/\/diariodepe.com.br\/xinhua\/wp-content\/uploads\/sites\/3\/2021\/12\/1310389115_16402276871881n.jpg","articleSection":["China"],"inLanguage":"pt-BR","potentialAction":[{"@type":"CommentAction","name":"Comment","target":["https:\/\/diariodepe.com.br\/xinhua\/2021\/12\/23\/xi-se-reune-com-chefe-do-executivo-da-raehk\/#respond"]}]},{"@type":"WebPage","@id":"https:\/\/diariodepe.com.br\/xinhua\/2021\/12\/23\/xi-se-reune-com-chefe-do-executivo-da-raehk\/","url":"https:\/\/diariodepe.com.br\/xinhua\/2021\/12\/23\/xi-se-reune-com-chefe-do-executivo-da-raehk\/","name":"Xi se re\u00fane com chefe do Executivo da RAEHK - Xinhua - Diario de Pernambuco","isPartOf":{"@id":"https:\/\/diariodepe.com.br\/xinhua\/#website"},"primaryImageOfPage":{"@id":"https:\/\/diariodepe.com.br\/xinhua\/2021\/12\/23\/xi-se-reune-com-chefe-do-executivo-da-raehk\/#primaryimage"},"image":{"@id":"https:\/\/diariodepe.com.br\/xinhua\/2021\/12\/23\/xi-se-reune-com-chefe-do-executivo-da-raehk\/#primaryimage"},"thumbnailUrl":"https:\/\/diariodepe.com.br\/xinhua\/wp-content\/uploads\/sites\/3\/2021\/12\/1310389115_16402276871881n.jpg","datePublished":"2021-12-23T16:07:21+00:00","dateModified":"2021-12-23T16:07:23+00:00","breadcrumb":{"@id":"https:\/\/diariodepe.com.br\/xinhua\/2021\/12\/23\/xi-se-reune-com-chefe-do-executivo-da-raehk\/#breadcrumb"},"inLanguage":"pt-BR","potentialAction":[{"@type":"ReadAction","target":["https:\/\/diariodepe.com.br\/xinhua\/2021\/12\/23\/xi-se-reune-com-chefe-do-executivo-da-raehk\/"]}]},{"@type":"ImageObject","inLanguage":"pt-BR","@id":"https:\/\/diariodepe.com.br\/xinhua\/2021\/12\/23\/xi-se-reune-com-chefe-do-executivo-da-raehk\/#primaryimage","url":"https:\/\/diariodepe.com.br\/xinhua\/wp-content\/uploads\/sites\/3\/2021\/12\/1310389115_16402276871881n.jpg","contentUrl":"https:\/\/diariodepe.com.br\/xinhua\/wp-content\/uploads\/sites\/3\/2021\/12\/1310389115_16402276871881n.jpg","width":1023,"height":803,"caption":"Xinhua\/Li Xueren"},{"@type":"BreadcrumbList","@id":"https:\/\/diariodepe.com.br\/xinhua\/2021\/12\/23\/xi-se-reune-com-chefe-do-executivo-da-raehk\/#breadcrumb","itemListElement":[{"@type":"ListItem","position":1,"name":"In\u00edcio","item":"https:\/\/diariodepe.com.br\/xinhua\/"},{"@type":"ListItem","position":2,"name":"Xi se re\u00fane com chefe do Executivo da RAEHK"}]},{"@type":"WebSite","@id":"https:\/\/diariodepe.com.br\/xinhua\/#website","url":"https:\/\/diariodepe.com.br\/xinhua\/","name":"Xinhua - Diario de Pernambuco","description":"A maior ag\u00eancia de not\u00edcias da China e um dos principais canais para conhecer o pa\u00eds","publisher":{"@id":"https:\/\/diariodepe.com.br\/xinhua\/#organization"},"potentialAction":[{"@type":"SearchAction","target":{"@type":"EntryPoint","urlTemplate":"https:\/\/diariodepe.com.br\/xinhua\/?s={search_term_string}"},"query-input":{"@type":"PropertyValueSpecification","valueRequired":true,"valueName":"search_term_string"}}],"inLanguage":"pt-BR"},{"@type":"Organization","@id":"https:\/\/diariodepe.com.br\/xinhua\/#organization","name":"Xinhua - Diario de Pernambuco","url":"https:\/\/diariodepe.com.br\/xinhua\/","logo":{"@type":"ImageObject","inLanguage":"pt-BR","@id":"https:\/\/diariodepe.com.br\/xinhua\/#\/schema\/logo\/image\/","url":"https:\/\/diariodepe.com.br\/xinhua\/wp-content\/uploads\/sites\/3\/2020\/10\/cropped-logo-transparente-2.png","contentUrl":"https:\/\/diariodepe.com.br\/xinhua\/wp-content\/uploads\/sites\/3\/2020\/10\/cropped-logo-transparente-2.png","width":512,"height":164,"caption":"Xinhua - Diario de Pernambuco"},"image":{"@id":"https:\/\/diariodepe.com.br\/xinhua\/#\/schema\/logo\/image\/"}},{"@type":"Person","@id":"https:\/\/diariodepe.com.br\/xinhua\/#\/schema\/person\/0943d6fd02bdc7b49c8f495e8787a2cb","name":"Marcelo Oliveira de A. Maranhao","image":{"@type":"ImageObject","inLanguage":"pt-BR","@id":"https:\/\/secure.gravatar.com\/avatar\/f562caee940d39879c20e90eea3e4b21860c7d4c96684c23141c554824f0059c?s=96&d=mm&r=g","url":"https:\/\/secure.gravatar.com\/avatar\/f562caee940d39879c20e90eea3e4b21860c7d4c96684c23141c554824f0059c?s=96&d=mm&r=g","contentUrl":"https:\/\/secure.gravatar.com\/avatar\/f562caee940d39879c20e90eea3e4b21860c7d4c96684c23141c554824f0059c?s=96&d=mm&r=g","caption":"Marcelo Oliveira de A. Maranhao"},"url":"https:\/\/diariodepe.com.br\/xinhua\/author\/marcelo-maranhao\/"}]}},"cc_featured_image_caption":{"caption_text":"","source_text":"","source_url":""},"amp_enabled":true,"_links":{"self":[{"href":"https:\/\/diariodepe.com.br\/xinhua\/wp-json\/wp\/v2\/posts\/4554","targetHints":{"allow":["GET"]}}],"collection":[{"href":"https:\/\/diariodepe.com.br\/xinhua\/wp-json\/wp\/v2\/posts"}],"about":[{"href":"https:\/\/diariodepe.com.br\/xinhua\/wp-json\/wp\/v2\/types\/post"}],"author":[{"embeddable":true,"href":"https:\/\/diariodepe.com.br\/xinhua\/wp-json\/wp\/v2\/users\/3"}],"replies":[{"embeddable":true,"href":"https:\/\/diariodepe.com.br\/xinhua\/wp-json\/wp\/v2\/comments?post=4554"}],"version-history":[{"count":1,"href":"https:\/\/diariodepe.com.br\/xinhua\/wp-json\/wp\/v2\/posts\/4554\/revisions"}],"predecessor-version":[{"id":4556,"href":"https:\/\/diariodepe.com.br\/xinhua\/wp-json\/wp\/v2\/posts\/4554\/revisions\/4556"}],"wp:featuredmedia":[{"embeddable":true,"href":"https:\/\/diariodepe.com.br\/xinhua\/wp-json\/wp\/v2\/media\/4555"}],"wp:attachment":[{"href":"https:\/\/diariodepe.com.br\/xinhua\/wp-json\/wp\/v2\/media?parent=4554"}],"wp:term":[{"taxonomy":"category","embeddable":true,"href":"https:\/\/diariodepe.com.br\/xinhua\/wp-json\/wp\/v2\/categories?post=4554"},{"taxonomy":"post_tag","embeddable":true,"href":"https:\/\/diariodepe.com.br\/xinhua\/wp-json\/wp\/v2\/tags?post=4554"}],"curies":[{"name":"wp","href":"https:\/\/api.w.org\/{rel}","templated":true}]}}