{"id":4551,"date":"2021-12-23T13:03:42","date_gmt":"2021-12-23T16:03:42","guid":{"rendered":"http:\/\/www.diariodepe.com.br\/xinhua\/?p=4551"},"modified":"2021-12-23T13:03:48","modified_gmt":"2021-12-23T16:03:48","slug":"premie-li-se-reune-com-chefe-do-executivo-de-macau","status":"publish","type":"post","link":"https:\/\/diariodepe.com.br\/xinhua\/2021\/12\/23\/premie-li-se-reune-com-chefe-do-executivo-de-macau\/","title":{"rendered":"Premi\u00ea Li se re\u00fane com chefe do Executivo de Macau"},"content":{"rendered":"\n<p>Beijing &#8211; O primeiro-ministro, Li Keqiang, se reuniu nesta quarta-feira com o chefe do Executivo da Regi\u00e3o Administrativa Especial de Macau (RAEM), Ho Iat Seng, que estava em uma visita de trabalho a Beijing.<\/p>\n\n\n\n<p>Li ouviu de Ho um relat\u00f3rio sobre a situa\u00e7\u00e3o atual de Macau e o trabalho do governo da RAEM.<\/p>\n\n\n\n<p>O vice-primeiro-ministro Han Zheng participou do evento.<\/p>\n\n\n\n<p>Durante a reuni\u00e3o, Li expressou o reconhecimento do governo central sobre o trabalho de Ho e do governo da RAEM em rela\u00e7\u00e3o ao desenvolvimento econ\u00f4mico, ao bem-estar da popula\u00e7\u00e3o e ao controle da COVID-19.<\/p>\n\n\n\n<p>O governo central continuar\u00e1 implementando plena e fielmente as pol\u00edticas de &#8220;um pa\u00eds, dois sistemas&#8221;, &#8220;o povo de Macau administrando Macau&#8221; e um alto grau de autonomia para a regi\u00e3o, disse Li.<\/p>\n\n\n\n<p>Li prometeu melhorar os sistemas e mecanismos da regi\u00e3o para fazer cumprir a Constitui\u00e7\u00e3o e a Lei B\u00e1sica. O governo central apoia plenamente o chefe do Executivo na lideran\u00e7a do governo da RAEM a exercer a administra\u00e7\u00e3o baseada na lei.<\/p>\n\n\n\n<p>Li expressou esperan\u00e7a de que a RAEM tome a iniciativa em coordenar com as estrat\u00e9gias nacionais de desenvolvimento, bem como em participar e avan\u00e7ar na zona de coopera\u00e7\u00e3o aprofundada Guangdong-Macau em Hengqin.<\/p>\n\n\n\n<p>Li tamb\u00e9m disse esperar que Macau continue seus esfor\u00e7os para conter a epidemia e melhorar a vida da popula\u00e7\u00e3o. Tais esfor\u00e7os estabelecer\u00e3o uma base s\u00f3lida para a prosperidade e estabilidade duradouras para a regi\u00e3o, destacou Li.<\/p>\n\n\n\n<p>Ho expressou apre\u00e7o pelo cuidado e apoio do governo central, acrescentando que Macau manter\u00e1 o controle efetivo sobre a epidemia, impulsionar\u00e1 a recupera\u00e7\u00e3o econ\u00f4mica em um ritmo est\u00e1vel e aproveitar\u00e1 as oportunidades de desenvolvimento do pa\u00eds.<\/p>\n","protected":false},"excerpt":{"rendered":"<p>Beijing &#8211; O primeiro-ministro, Li Keqiang, se reuniu nesta quarta-feira com o chefe do Executivo da Regi\u00e3o Administrativa Especial de Macau (RAEM), Ho Iat Seng, que estava em uma visita de trabalho a Beijing. Li ouviu de Ho um relat\u00f3rio&#8230;<\/p>\n","protected":false},"author":3,"featured_media":4552,"comment_status":"open","ping_status":"open","sticky":false,"template":"","format":"standard","meta":{"footnotes":""},"categories":[1],"tags":[],"class_list":["post-4551","post","type-post","status-publish","format-standard","has-post-thumbnail","hentry","category-geral"],"yoast_head":"<!-- This site is optimized with the Yoast SEO plugin v27.4 - https:\/\/yoast.com\/product\/yoast-seo-wordpress\/ -->\n<title>Premi\u00ea Li se re\u00fane com chefe do Executivo de Macau - Xinhua - Diario de Pernambuco<\/title>\n<meta name=\"robots\" content=\"index, follow, max-snippet:-1, max-image-preview:large, max-video-preview:-1\" \/>\n<link rel=\"canonical\" href=\"https:\/\/diariodepe.com.br\/xinhua\/2021\/12\/23\/premie-li-se-reune-com-chefe-do-executivo-de-macau\/\" \/>\n<meta property=\"og:locale\" content=\"pt_BR\" \/>\n<meta property=\"og:type\" content=\"article\" \/>\n<meta property=\"og:title\" content=\"Premi\u00ea Li se re\u00fane com chefe do Executivo de Macau - Xinhua - Diario de Pernambuco\" \/>\n<meta property=\"og:description\" content=\"Beijing &#8211; O primeiro-ministro, Li Keqiang, se reuniu nesta quarta-feira com o chefe do Executivo da Regi\u00e3o Administrativa Especial de Macau (RAEM), Ho Iat Seng, que estava em uma visita de trabalho a Beijing. Li ouviu de Ho um relat\u00f3rio...\" \/>\n<meta property=\"og:url\" content=\"https:\/\/diariodepe.com.br\/xinhua\/2021\/12\/23\/premie-li-se-reune-com-chefe-do-executivo-de-macau\/\" \/>\n<meta property=\"og:site_name\" content=\"Xinhua - Diario de Pernambuco\" \/>\n<meta property=\"article:published_time\" content=\"2021-12-23T16:03:42+00:00\" \/>\n<meta property=\"article:modified_time\" content=\"2021-12-23T16:03:48+00:00\" \/>\n<meta property=\"og:image\" content=\"https:\/\/diariodepe.com.br\/xinhua\/wp-content\/uploads\/sites\/3\/2021\/12\/1310389030_16402290605081n.jpg\" \/>\n\t<meta property=\"og:image:width\" content=\"1023\" \/>\n\t<meta property=\"og:image:height\" content=\"652\" \/>\n\t<meta property=\"og:image:type\" content=\"image\/jpeg\" \/>\n<meta name=\"author\" content=\"Marcelo Oliveira de A. Maranhao\" \/>\n<meta name=\"twitter:card\" content=\"summary_large_image\" \/>\n<meta name=\"twitter:label1\" content=\"Escrito por\" \/>\n\t<meta name=\"twitter:data1\" content=\"Marcelo Oliveira de A. Maranhao\" \/>\n\t<meta name=\"twitter:label2\" content=\"Est. tempo de leitura\" \/>\n\t<meta name=\"twitter:data2\" content=\"2 minutos\" \/>\n<script type=\"application\/ld+json\" class=\"yoast-schema-graph\">{\"@context\":\"https:\\\/\\\/schema.org\",\"@graph\":[{\"@type\":\"Article\",\"@id\":\"https:\\\/\\\/diariodepe.com.br\\\/xinhua\\\/2021\\\/12\\\/23\\\/premie-li-se-reune-com-chefe-do-executivo-de-macau\\\/#article\",\"isPartOf\":{\"@id\":\"https:\\\/\\\/diariodepe.com.br\\\/xinhua\\\/2021\\\/12\\\/23\\\/premie-li-se-reune-com-chefe-do-executivo-de-macau\\\/\"},\"author\":{\"name\":\"Marcelo Oliveira de A. Maranhao\",\"@id\":\"https:\\\/\\\/diariodepe.com.br\\\/xinhua\\\/#\\\/schema\\\/person\\\/0943d6fd02bdc7b49c8f495e8787a2cb\"},\"headline\":\"Premi\u00ea Li se re\u00fane com chefe do Executivo de Macau\",\"datePublished\":\"2021-12-23T16:03:42+00:00\",\"dateModified\":\"2021-12-23T16:03:48+00:00\",\"mainEntityOfPage\":{\"@id\":\"https:\\\/\\\/diariodepe.com.br\\\/xinhua\\\/2021\\\/12\\\/23\\\/premie-li-se-reune-com-chefe-do-executivo-de-macau\\\/\"},\"wordCount\":312,\"commentCount\":0,\"publisher\":{\"@id\":\"https:\\\/\\\/diariodepe.com.br\\\/xinhua\\\/#organization\"},\"image\":{\"@id\":\"https:\\\/\\\/diariodepe.com.br\\\/xinhua\\\/2021\\\/12\\\/23\\\/premie-li-se-reune-com-chefe-do-executivo-de-macau\\\/#primaryimage\"},\"thumbnailUrl\":\"https:\\\/\\\/diariodepe.com.br\\\/xinhua\\\/wp-content\\\/uploads\\\/sites\\\/3\\\/2021\\\/12\\\/1310389030_16402290605081n.jpg\",\"articleSection\":[\"Geral\"],\"inLanguage\":\"pt-BR\",\"potentialAction\":[{\"@type\":\"CommentAction\",\"name\":\"Comment\",\"target\":[\"https:\\\/\\\/diariodepe.com.br\\\/xinhua\\\/2021\\\/12\\\/23\\\/premie-li-se-reune-com-chefe-do-executivo-de-macau\\\/#respond\"]}]},{\"@type\":\"WebPage\",\"@id\":\"https:\\\/\\\/diariodepe.com.br\\\/xinhua\\\/2021\\\/12\\\/23\\\/premie-li-se-reune-com-chefe-do-executivo-de-macau\\\/\",\"url\":\"https:\\\/\\\/diariodepe.com.br\\\/xinhua\\\/2021\\\/12\\\/23\\\/premie-li-se-reune-com-chefe-do-executivo-de-macau\\\/\",\"name\":\"Premi\u00ea Li se re\u00fane com chefe do Executivo de Macau - Xinhua - Diario de Pernambuco\",\"isPartOf\":{\"@id\":\"https:\\\/\\\/diariodepe.com.br\\\/xinhua\\\/#website\"},\"primaryImageOfPage\":{\"@id\":\"https:\\\/\\\/diariodepe.com.br\\\/xinhua\\\/2021\\\/12\\\/23\\\/premie-li-se-reune-com-chefe-do-executivo-de-macau\\\/#primaryimage\"},\"image\":{\"@id\":\"https:\\\/\\\/diariodepe.com.br\\\/xinhua\\\/2021\\\/12\\\/23\\\/premie-li-se-reune-com-chefe-do-executivo-de-macau\\\/#primaryimage\"},\"thumbnailUrl\":\"https:\\\/\\\/diariodepe.com.br\\\/xinhua\\\/wp-content\\\/uploads\\\/sites\\\/3\\\/2021\\\/12\\\/1310389030_16402290605081n.jpg\",\"datePublished\":\"2021-12-23T16:03:42+00:00\",\"dateModified\":\"2021-12-23T16:03:48+00:00\",\"breadcrumb\":{\"@id\":\"https:\\\/\\\/diariodepe.com.br\\\/xinhua\\\/2021\\\/12\\\/23\\\/premie-li-se-reune-com-chefe-do-executivo-de-macau\\\/#breadcrumb\"},\"inLanguage\":\"pt-BR\",\"potentialAction\":[{\"@type\":\"ReadAction\",\"target\":[\"https:\\\/\\\/diariodepe.com.br\\\/xinhua\\\/2021\\\/12\\\/23\\\/premie-li-se-reune-com-chefe-do-executivo-de-macau\\\/\"]}]},{\"@type\":\"ImageObject\",\"inLanguage\":\"pt-BR\",\"@id\":\"https:\\\/\\\/diariodepe.com.br\\\/xinhua\\\/2021\\\/12\\\/23\\\/premie-li-se-reune-com-chefe-do-executivo-de-macau\\\/#primaryimage\",\"url\":\"https:\\\/\\\/diariodepe.com.br\\\/xinhua\\\/wp-content\\\/uploads\\\/sites\\\/3\\\/2021\\\/12\\\/1310389030_16402290605081n.jpg\",\"contentUrl\":\"https:\\\/\\\/diariodepe.com.br\\\/xinhua\\\/wp-content\\\/uploads\\\/sites\\\/3\\\/2021\\\/12\\\/1310389030_16402290605081n.jpg\",\"width\":1023,\"height\":652,\"caption\":\"Xinhua\\\/Ding Haitao\"},{\"@type\":\"BreadcrumbList\",\"@id\":\"https:\\\/\\\/diariodepe.com.br\\\/xinhua\\\/2021\\\/12\\\/23\\\/premie-li-se-reune-com-chefe-do-executivo-de-macau\\\/#breadcrumb\",\"itemListElement\":[{\"@type\":\"ListItem\",\"position\":1,\"name\":\"In\u00edcio\",\"item\":\"https:\\\/\\\/diariodepe.com.br\\\/xinhua\\\/\"},{\"@type\":\"ListItem\",\"position\":2,\"name\":\"Premi\u00ea Li se re\u00fane com chefe do Executivo de Macau\"}]},{\"@type\":\"WebSite\",\"@id\":\"https:\\\/\\\/diariodepe.com.br\\\/xinhua\\\/#website\",\"url\":\"https:\\\/\\\/diariodepe.com.br\\\/xinhua\\\/\",\"name\":\"Xinhua - Diario de Pernambuco\",\"description\":\"A maior ag\u00eancia de not\u00edcias da China e um dos principais canais para conhecer o pa\u00eds\",\"publisher\":{\"@id\":\"https:\\\/\\\/diariodepe.com.br\\\/xinhua\\\/#organization\"},\"potentialAction\":[{\"@type\":\"SearchAction\",\"target\":{\"@type\":\"EntryPoint\",\"urlTemplate\":\"https:\\\/\\\/diariodepe.com.br\\\/xinhua\\\/?s={search_term_string}\"},\"query-input\":{\"@type\":\"PropertyValueSpecification\",\"valueRequired\":true,\"valueName\":\"search_term_string\"}}],\"inLanguage\":\"pt-BR\"},{\"@type\":\"Organization\",\"@id\":\"https:\\\/\\\/diariodepe.com.br\\\/xinhua\\\/#organization\",\"name\":\"Xinhua - Diario de Pernambuco\",\"url\":\"https:\\\/\\\/diariodepe.com.br\\\/xinhua\\\/\",\"logo\":{\"@type\":\"ImageObject\",\"inLanguage\":\"pt-BR\",\"@id\":\"https:\\\/\\\/diariodepe.com.br\\\/xinhua\\\/#\\\/schema\\\/logo\\\/image\\\/\",\"url\":\"https:\\\/\\\/diariodepe.com.br\\\/xinhua\\\/wp-content\\\/uploads\\\/sites\\\/3\\\/2020\\\/10\\\/cropped-logo-transparente-2.png\",\"contentUrl\":\"https:\\\/\\\/diariodepe.com.br\\\/xinhua\\\/wp-content\\\/uploads\\\/sites\\\/3\\\/2020\\\/10\\\/cropped-logo-transparente-2.png\",\"width\":512,\"height\":164,\"caption\":\"Xinhua - Diario de Pernambuco\"},\"image\":{\"@id\":\"https:\\\/\\\/diariodepe.com.br\\\/xinhua\\\/#\\\/schema\\\/logo\\\/image\\\/\"}},{\"@type\":\"Person\",\"@id\":\"https:\\\/\\\/diariodepe.com.br\\\/xinhua\\\/#\\\/schema\\\/person\\\/0943d6fd02bdc7b49c8f495e8787a2cb\",\"name\":\"Marcelo Oliveira de A. Maranhao\",\"image\":{\"@type\":\"ImageObject\",\"inLanguage\":\"pt-BR\",\"@id\":\"https:\\\/\\\/secure.gravatar.com\\\/avatar\\\/f562caee940d39879c20e90eea3e4b21860c7d4c96684c23141c554824f0059c?s=96&d=mm&r=g\",\"url\":\"https:\\\/\\\/secure.gravatar.com\\\/avatar\\\/f562caee940d39879c20e90eea3e4b21860c7d4c96684c23141c554824f0059c?s=96&d=mm&r=g\",\"contentUrl\":\"https:\\\/\\\/secure.gravatar.com\\\/avatar\\\/f562caee940d39879c20e90eea3e4b21860c7d4c96684c23141c554824f0059c?s=96&d=mm&r=g\",\"caption\":\"Marcelo Oliveira de A. Maranhao\"},\"url\":\"https:\\\/\\\/diariodepe.com.br\\\/xinhua\\\/author\\\/marcelo-maranhao\\\/\"}]}<\/script>\n<!-- \/ Yoast SEO plugin. -->","yoast_head_json":{"title":"Premi\u00ea Li se re\u00fane com chefe do Executivo de Macau - Xinhua - Diario de Pernambuco","robots":{"index":"index","follow":"follow","max-snippet":"max-snippet:-1","max-image-preview":"max-image-preview:large","max-video-preview":"max-video-preview:-1"},"canonical":"https:\/\/diariodepe.com.br\/xinhua\/2021\/12\/23\/premie-li-se-reune-com-chefe-do-executivo-de-macau\/","og_locale":"pt_BR","og_type":"article","og_title":"Premi\u00ea Li se re\u00fane com chefe do Executivo de Macau - Xinhua - Diario de Pernambuco","og_description":"Beijing &#8211; O primeiro-ministro, Li Keqiang, se reuniu nesta quarta-feira com o chefe do Executivo da Regi\u00e3o Administrativa Especial de Macau (RAEM), Ho Iat Seng, que estava em uma visita de trabalho a Beijing. Li ouviu de Ho um relat\u00f3rio...","og_url":"https:\/\/diariodepe.com.br\/xinhua\/2021\/12\/23\/premie-li-se-reune-com-chefe-do-executivo-de-macau\/","og_site_name":"Xinhua - Diario de Pernambuco","article_published_time":"2021-12-23T16:03:42+00:00","article_modified_time":"2021-12-23T16:03:48+00:00","og_image":[{"width":1023,"height":652,"url":"https:\/\/diariodepe.com.br\/xinhua\/wp-content\/uploads\/sites\/3\/2021\/12\/1310389030_16402290605081n.jpg","type":"image\/jpeg"}],"author":"Marcelo Oliveira de A. Maranhao","twitter_card":"summary_large_image","twitter_misc":{"Escrito por":"Marcelo Oliveira de A. Maranhao","Est. tempo de leitura":"2 minutos"},"schema":{"@context":"https:\/\/schema.org","@graph":[{"@type":"Article","@id":"https:\/\/diariodepe.com.br\/xinhua\/2021\/12\/23\/premie-li-se-reune-com-chefe-do-executivo-de-macau\/#article","isPartOf":{"@id":"https:\/\/diariodepe.com.br\/xinhua\/2021\/12\/23\/premie-li-se-reune-com-chefe-do-executivo-de-macau\/"},"author":{"name":"Marcelo Oliveira de A. Maranhao","@id":"https:\/\/diariodepe.com.br\/xinhua\/#\/schema\/person\/0943d6fd02bdc7b49c8f495e8787a2cb"},"headline":"Premi\u00ea Li se re\u00fane com chefe do Executivo de Macau","datePublished":"2021-12-23T16:03:42+00:00","dateModified":"2021-12-23T16:03:48+00:00","mainEntityOfPage":{"@id":"https:\/\/diariodepe.com.br\/xinhua\/2021\/12\/23\/premie-li-se-reune-com-chefe-do-executivo-de-macau\/"},"wordCount":312,"commentCount":0,"publisher":{"@id":"https:\/\/diariodepe.com.br\/xinhua\/#organization"},"image":{"@id":"https:\/\/diariodepe.com.br\/xinhua\/2021\/12\/23\/premie-li-se-reune-com-chefe-do-executivo-de-macau\/#primaryimage"},"thumbnailUrl":"https:\/\/diariodepe.com.br\/xinhua\/wp-content\/uploads\/sites\/3\/2021\/12\/1310389030_16402290605081n.jpg","articleSection":["Geral"],"inLanguage":"pt-BR","potentialAction":[{"@type":"CommentAction","name":"Comment","target":["https:\/\/diariodepe.com.br\/xinhua\/2021\/12\/23\/premie-li-se-reune-com-chefe-do-executivo-de-macau\/#respond"]}]},{"@type":"WebPage","@id":"https:\/\/diariodepe.com.br\/xinhua\/2021\/12\/23\/premie-li-se-reune-com-chefe-do-executivo-de-macau\/","url":"https:\/\/diariodepe.com.br\/xinhua\/2021\/12\/23\/premie-li-se-reune-com-chefe-do-executivo-de-macau\/","name":"Premi\u00ea Li se re\u00fane com chefe do Executivo de Macau - Xinhua - Diario de Pernambuco","isPartOf":{"@id":"https:\/\/diariodepe.com.br\/xinhua\/#website"},"primaryImageOfPage":{"@id":"https:\/\/diariodepe.com.br\/xinhua\/2021\/12\/23\/premie-li-se-reune-com-chefe-do-executivo-de-macau\/#primaryimage"},"image":{"@id":"https:\/\/diariodepe.com.br\/xinhua\/2021\/12\/23\/premie-li-se-reune-com-chefe-do-executivo-de-macau\/#primaryimage"},"thumbnailUrl":"https:\/\/diariodepe.com.br\/xinhua\/wp-content\/uploads\/sites\/3\/2021\/12\/1310389030_16402290605081n.jpg","datePublished":"2021-12-23T16:03:42+00:00","dateModified":"2021-12-23T16:03:48+00:00","breadcrumb":{"@id":"https:\/\/diariodepe.com.br\/xinhua\/2021\/12\/23\/premie-li-se-reune-com-chefe-do-executivo-de-macau\/#breadcrumb"},"inLanguage":"pt-BR","potentialAction":[{"@type":"ReadAction","target":["https:\/\/diariodepe.com.br\/xinhua\/2021\/12\/23\/premie-li-se-reune-com-chefe-do-executivo-de-macau\/"]}]},{"@type":"ImageObject","inLanguage":"pt-BR","@id":"https:\/\/diariodepe.com.br\/xinhua\/2021\/12\/23\/premie-li-se-reune-com-chefe-do-executivo-de-macau\/#primaryimage","url":"https:\/\/diariodepe.com.br\/xinhua\/wp-content\/uploads\/sites\/3\/2021\/12\/1310389030_16402290605081n.jpg","contentUrl":"https:\/\/diariodepe.com.br\/xinhua\/wp-content\/uploads\/sites\/3\/2021\/12\/1310389030_16402290605081n.jpg","width":1023,"height":652,"caption":"Xinhua\/Ding Haitao"},{"@type":"BreadcrumbList","@id":"https:\/\/diariodepe.com.br\/xinhua\/2021\/12\/23\/premie-li-se-reune-com-chefe-do-executivo-de-macau\/#breadcrumb","itemListElement":[{"@type":"ListItem","position":1,"name":"In\u00edcio","item":"https:\/\/diariodepe.com.br\/xinhua\/"},{"@type":"ListItem","position":2,"name":"Premi\u00ea Li se re\u00fane com chefe do Executivo de Macau"}]},{"@type":"WebSite","@id":"https:\/\/diariodepe.com.br\/xinhua\/#website","url":"https:\/\/diariodepe.com.br\/xinhua\/","name":"Xinhua - Diario de Pernambuco","description":"A maior ag\u00eancia de not\u00edcias da China e um dos principais canais para conhecer o pa\u00eds","publisher":{"@id":"https:\/\/diariodepe.com.br\/xinhua\/#organization"},"potentialAction":[{"@type":"SearchAction","target":{"@type":"EntryPoint","urlTemplate":"https:\/\/diariodepe.com.br\/xinhua\/?s={search_term_string}"},"query-input":{"@type":"PropertyValueSpecification","valueRequired":true,"valueName":"search_term_string"}}],"inLanguage":"pt-BR"},{"@type":"Organization","@id":"https:\/\/diariodepe.com.br\/xinhua\/#organization","name":"Xinhua - Diario de Pernambuco","url":"https:\/\/diariodepe.com.br\/xinhua\/","logo":{"@type":"ImageObject","inLanguage":"pt-BR","@id":"https:\/\/diariodepe.com.br\/xinhua\/#\/schema\/logo\/image\/","url":"https:\/\/diariodepe.com.br\/xinhua\/wp-content\/uploads\/sites\/3\/2020\/10\/cropped-logo-transparente-2.png","contentUrl":"https:\/\/diariodepe.com.br\/xinhua\/wp-content\/uploads\/sites\/3\/2020\/10\/cropped-logo-transparente-2.png","width":512,"height":164,"caption":"Xinhua - Diario de Pernambuco"},"image":{"@id":"https:\/\/diariodepe.com.br\/xinhua\/#\/schema\/logo\/image\/"}},{"@type":"Person","@id":"https:\/\/diariodepe.com.br\/xinhua\/#\/schema\/person\/0943d6fd02bdc7b49c8f495e8787a2cb","name":"Marcelo Oliveira de A. Maranhao","image":{"@type":"ImageObject","inLanguage":"pt-BR","@id":"https:\/\/secure.gravatar.com\/avatar\/f562caee940d39879c20e90eea3e4b21860c7d4c96684c23141c554824f0059c?s=96&d=mm&r=g","url":"https:\/\/secure.gravatar.com\/avatar\/f562caee940d39879c20e90eea3e4b21860c7d4c96684c23141c554824f0059c?s=96&d=mm&r=g","contentUrl":"https:\/\/secure.gravatar.com\/avatar\/f562caee940d39879c20e90eea3e4b21860c7d4c96684c23141c554824f0059c?s=96&d=mm&r=g","caption":"Marcelo Oliveira de A. Maranhao"},"url":"https:\/\/diariodepe.com.br\/xinhua\/author\/marcelo-maranhao\/"}]}},"cc_featured_image_caption":{"caption_text":"","source_text":"","source_url":""},"amp_enabled":true,"_links":{"self":[{"href":"https:\/\/diariodepe.com.br\/xinhua\/wp-json\/wp\/v2\/posts\/4551","targetHints":{"allow":["GET"]}}],"collection":[{"href":"https:\/\/diariodepe.com.br\/xinhua\/wp-json\/wp\/v2\/posts"}],"about":[{"href":"https:\/\/diariodepe.com.br\/xinhua\/wp-json\/wp\/v2\/types\/post"}],"author":[{"embeddable":true,"href":"https:\/\/diariodepe.com.br\/xinhua\/wp-json\/wp\/v2\/users\/3"}],"replies":[{"embeddable":true,"href":"https:\/\/diariodepe.com.br\/xinhua\/wp-json\/wp\/v2\/comments?post=4551"}],"version-history":[{"count":1,"href":"https:\/\/diariodepe.com.br\/xinhua\/wp-json\/wp\/v2\/posts\/4551\/revisions"}],"predecessor-version":[{"id":4553,"href":"https:\/\/diariodepe.com.br\/xinhua\/wp-json\/wp\/v2\/posts\/4551\/revisions\/4553"}],"wp:featuredmedia":[{"embeddable":true,"href":"https:\/\/diariodepe.com.br\/xinhua\/wp-json\/wp\/v2\/media\/4552"}],"wp:attachment":[{"href":"https:\/\/diariodepe.com.br\/xinhua\/wp-json\/wp\/v2\/media?parent=4551"}],"wp:term":[{"taxonomy":"category","embeddable":true,"href":"https:\/\/diariodepe.com.br\/xinhua\/wp-json\/wp\/v2\/categories?post=4551"},{"taxonomy":"post_tag","embeddable":true,"href":"https:\/\/diariodepe.com.br\/xinhua\/wp-json\/wp\/v2\/tags?post=4551"}],"curies":[{"name":"wp","href":"https:\/\/api.w.org\/{rel}","templated":true}]}}