{"id":4533,"date":"2021-12-22T08:11:08","date_gmt":"2021-12-22T11:11:08","guid":{"rendered":"http:\/\/www.diariodepe.com.br\/xinhua\/?p=4533"},"modified":"2021-12-22T08:11:09","modified_gmt":"2021-12-22T11:11:09","slug":"presidente-chines-conversa-com-chanceler-alemao-por-telefone","status":"publish","type":"post","link":"https:\/\/diariodepe.com.br\/xinhua\/2021\/12\/22\/presidente-chines-conversa-com-chanceler-alemao-por-telefone\/","title":{"rendered":"Presidente chin\u00eas conversa com chanceler alem\u00e3o por telefone"},"content":{"rendered":"\n<p>Beijing, 22 dez (Xinhua) &#8212; O presidente chin\u00eas, Xi Jinping, manteve nesta ter\u00e7a-feira uma conversa por telefone com o chanceler alem\u00e3o, Olaf Scholz.<\/p>\n\n\n\n<p>Na conversa, Xi parabenizou Scholz mais uma vez por sua posse como chanceler alem\u00e3o.<\/p>\n\n\n\n<p>Xi ressaltou que a China atribui grande import\u00e2ncia \u00e0s suas rela\u00e7\u00f5es com a Alemanha. Nos \u00faltimos anos, a coopera\u00e7\u00e3o China-Alemanha sempre foi um &#8220;guia&#8221; da coopera\u00e7\u00e3o entre a China e a Uni\u00e3o Europeia (UE), o que \u00e9 uma escolha correta feita pelos dois pa\u00edses em conson\u00e2ncia com a tend\u00eancia de desenvolvimento dos tempos, disse ele.<\/p>\n\n\n\n<p>Xi observou que o pr\u00f3ximo ano marca o 50\u00ba anivers\u00e1rio do estabelecimento das rela\u00e7\u00f5es diplom\u00e1ticas entre a China e a Alemanha.<\/p>\n\n\n\n<p>Ao longo do \u00faltimo meio s\u00e9culo, as rela\u00e7\u00f5es China-Alemanha demonstraram ampla vitalidade, persist\u00eancia, resili\u00eancia e potencial, disse Xi, acrescentando que, nos pr\u00f3ximos 50 anos, os dois pa\u00edses devem adotar uma vis\u00e3o global de uma perspectiva de longo prazo, avan\u00e7ar e lutar por um novo desenvolvimento das rela\u00e7\u00f5es China-Alemanha.<\/p>\n\n\n\n<p>Em primeiro lugar, sugeriu Xi, os dois pa\u00edses devem tra\u00e7ar o curso geral das rela\u00e7\u00f5es bilaterais de uma perspectiva estrat\u00e9gica.<\/p>\n\n\n\n<p>Tanto a China quanto a Alemanha s\u00e3o grandes pa\u00edses com importante influ\u00eancia, disse Xi, acrescentando que um s\u00f3lido desenvolvimento das rela\u00e7\u00f5es bilaterais n\u00e3o s\u00f3 serve aos interesses fundamentais dos dois pa\u00edses e seu povo, mas tamb\u00e9m contribui para a paz e a estabilidade mundiais.<\/p>\n\n\n\n<p>Xi ressaltou que, os dois lados devem ver inabalavelmente o desenvolvimento um do outro como uma oportunidade, manter a boa tradi\u00e7\u00e3o de lideran\u00e7a de alto n\u00edvel e definir a dire\u00e7\u00e3o para o desenvolvimento das rela\u00e7\u00f5es China-Alemanha.<\/p>\n\n\n\n<p>Os dois lados devem aproveitar o papel dos mecanismos de di\u00e1logo e coopera\u00e7\u00e3o bilaterais, e particularmente fazer bom uso de seu mecanismo de consulta intergovernamental, de modo a promover a coopera\u00e7\u00e3o em v\u00e1rios campos, assinalou Xi.<\/p>\n\n\n\n<p>Ele acrescentou que os dois lados devem fortalecer a comunica\u00e7\u00e3o e a coordena\u00e7\u00e3o e planejar conjuntamente as atividades comemorativas do 50\u00ba anivers\u00e1rio no pr\u00f3ximo ano.<\/p>\n\n\n\n<p>Em segundo lugar, adicionou Xi, os dois pa\u00edses devem promover ativamente a coopera\u00e7\u00e3o mutuamente ben\u00e9fica de forma pr\u00e1tica.<\/p>\n\n\n\n<p>As economias chinesa e alem\u00e3 se beneficiaram muito do desenvolvimento uma da outra, observou Xi, acrescentando que a China tem sido o maior parceiro comercial da Alemanha por cinco anos consecutivos, e a coopera\u00e7\u00e3o econ\u00f4mica e comercial bilateral continuou crescendo apesar da press\u00e3o da pandemia de COVID-19.<\/p>\n\n\n\n<p>Ele destacou que os dois lados devem explorar ativamente novas \u00e1reas de coopera\u00e7\u00e3o, como novas energias e economia verde e digital, e desencadear o potencial de crescimento do com\u00e9rcio de servi\u00e7os.<\/p>\n\n\n\n<p>As empresas alem\u00e3s s\u00e3o bem-vindas para alavancar suas vantagens e aproveitar as novas oportunidades trazidas pela abertura da China, disse Xi, acrescentando que o lado chin\u00eas espera que a Alemanha forne\u00e7a um ambiente de neg\u00f3cios justo para as empresas chinesas investirem e fazerem neg\u00f3cios na Alemanha.<\/p>\n\n\n\n<p>Observando que a Alemanha \u00e9 um n\u00f3 importante do Expresso Ferrovi\u00e1rio China-Europa, Xi disse acreditar que a coopera\u00e7\u00e3o aprimorada entre a China e a Alemanha no \u00e2mbito da Iniciativa do Cintur\u00e3o e Rota beneficiar\u00e1 os pa\u00edses ao longo da rota e promover\u00e1 a conectividade do continente eurasi\u00e1tico.<\/p>\n\n\n\n<p>Em terceiro lugar, apontou Xi, os dois lados precisam trabalhar juntos para enfrentar desafios e fazer novas contribui\u00e7\u00f5es para a governan\u00e7a global.<\/p>\n\n\n\n<p>Tanto a China quanto a Alemanha s\u00e3o defensoras do multilateralismo e contribuem para o desenvolvimento global, observou Xi.<\/p>\n\n\n\n<p>Sugeriu que aumentem a coordena\u00e7\u00e3o e a coopera\u00e7\u00e3o em assuntos internacionais e encontrem solu\u00e7\u00f5es pr\u00e1ticas para problemas relativos ao futuro compartilhado da humanidade, tais como: o combate \u00e0 COVID-19; a promo\u00e7\u00e3o da distribui\u00e7\u00e3o justa das vacinas; est\u00edmulo \u00e0 recupera\u00e7\u00e3o econ\u00f4mica p\u00f3s-pandemia em todo o mundo, especialmente nos pa\u00edses em desenvolvimento; combate \u00e0s mudan\u00e7as clim\u00e1ticas; al\u00edvio da pobreza; e realiza\u00e7\u00e3o do desenvolvimento sustent\u00e1vel.<\/p>\n\n\n\n<p>Ele pediu esfor\u00e7os conjuntos para buscar a resolu\u00e7\u00e3o das quest\u00f5es regionais de conflito por meio do di\u00e1logo, defender e fortalecer o princ\u00edpio da democracia nas rela\u00e7\u00f5es internacionais e se opor firmemente a todas as formas de comportamento hegem\u00f4nico e mentalidade da Guerra Fria.<\/p>\n\n\n\n<p>Somente quando os pa\u00edses se desenvolverem juntos pode haver um verdadeiro desenvolvimento, segundo ele, acrescentando que a China est\u00e1 pronta para trabalhar com a Alemanha para promover a implementa\u00e7\u00e3o da Agenda 2030 da ONU para o Desenvolvimento Sustent\u00e1vel.<\/p>\n\n\n\n<p>Xi ressaltou que a China e a UE s\u00e3o duas grandes for\u00e7as independentes no mundo com amplo consenso estrat\u00e9gico e interesses comuns.<\/p>\n\n\n\n<p>Os dois lados, acrescentou, devem manter-se comprometidos com a parceria estrat\u00e9gica abrangente e com o princ\u00edpio de respeito m\u00fatuo e benef\u00edcio m\u00fatuo, de modo a garantir um consistente desenvolvimento s\u00f3lido e est\u00e1vel das rela\u00e7\u00f5es China-UE.<\/p>\n\n\n\n<p>Xi disse esperar que a Alemanha continue a desempenhar um papel positivo na estabiliza\u00e7\u00e3o dos la\u00e7os China-UE e injete estabilidade e energia positiva na rela\u00e7\u00e3o China-UE.<\/p>\n\n\n\n<p>Por sua vez, Scholz agradeceu a Xi por enviar uma mensagem de congratula\u00e7\u00e3o sobre sua elei\u00e7\u00e3o como chanceler alem\u00e3o, acrescentando que ele ainda tem novas mem\u00f3rias de suas trocas com Xi, e est\u00e1 pronto para herdar e avan\u00e7ar a amizade e coopera\u00e7\u00e3o Alemanha-China.<\/p>\n\n\n\n<p>Atualmente, a Alemanha e a China est\u00e3o testemunhando o s\u00f3lido desenvolvimento de seus la\u00e7os comerciais e de investimento, a estreita coopera\u00e7\u00e3o no enfrentamento de desafios globais como as mudan\u00e7as clim\u00e1ticas e a pandemia de COVID-19, e uma comunica\u00e7\u00e3o estreita sobre assuntos regionais como o Afeganist\u00e3o e a quest\u00e3o nuclear iraniana, que constituem os tr\u00eas pilares para o desenvolvimento sustentado das rela\u00e7\u00f5es Alemanha-China, disse Scholz.<\/p>\n\n\n\n<p>A Alemanha est\u00e1 disposta a trabalhar com a China no esp\u00edrito de respeito m\u00fatuo e confian\u00e7a m\u00fatua para buscar um maior desenvolvimento da parceria estrat\u00e9gica abrangente Alemanha-China, afirmou ele.<\/p>\n\n\n\n<p>A Alemanha, apontou Scholz, est\u00e1 pronta para tornar o 50\u00ba anivers\u00e1rio uma oportunidade para realizar uma nova rodada bem-sucedida de consultas intergovernamentais, fortalecer a coopera\u00e7\u00e3o pr\u00e1tica em \u00e1reas como energias limpas, economia digital e setor de servi\u00e7os e promover as rela\u00e7\u00f5es UE-China de forma construtiva.<\/p>\n\n\n\n<p>Scholz espera que o acordo de investimento UE-China entre em vigor em uma data antecipada e disse que a Alemanha est\u00e1 pronta para trabalhar com a China para defender o multilateralismo nos assuntos internacionais.<\/p>\n\n\n\n<p>Na conversa, os dois l\u00edderes tamb\u00e9m trocaram sauda\u00e7\u00f5es de Ano Novo, e concordaram em manter a comunica\u00e7\u00e3o regular e fazer esfor\u00e7os conjuntos para fazer avan\u00e7ar as rela\u00e7\u00f5es China-Alemanha e China-UE a novos patamares.<\/p>\n","protected":false},"excerpt":{"rendered":"<p>Beijing, 22 dez (Xinhua) &#8212; O presidente chin\u00eas, Xi Jinping, manteve nesta ter\u00e7a-feira uma conversa por telefone com o chanceler alem\u00e3o, Olaf Scholz. Na conversa, Xi parabenizou Scholz mais uma vez por sua posse como chanceler alem\u00e3o. Xi ressaltou que&#8230;<\/p>\n","protected":false},"author":3,"featured_media":4534,"comment_status":"open","ping_status":"open","sticky":false,"template":"","format":"standard","meta":{"footnotes":""},"categories":[4],"tags":[],"class_list":["post-4533","post","type-post","status-publish","format-standard","has-post-thumbnail","hentry","category-internacional"],"yoast_head":"<!-- This site is optimized with the Yoast SEO plugin v27.4 - https:\/\/yoast.com\/product\/yoast-seo-wordpress\/ -->\n<title>Presidente chin\u00eas conversa com chanceler alem\u00e3o por telefone - Xinhua - Diario de Pernambuco<\/title>\n<meta name=\"robots\" content=\"index, follow, max-snippet:-1, max-image-preview:large, max-video-preview:-1\" \/>\n<link rel=\"canonical\" href=\"https:\/\/diariodepe.com.br\/xinhua\/2021\/12\/22\/presidente-chines-conversa-com-chanceler-alemao-por-telefone\/\" \/>\n<meta property=\"og:locale\" content=\"pt_BR\" \/>\n<meta property=\"og:type\" content=\"article\" \/>\n<meta property=\"og:title\" content=\"Presidente chin\u00eas conversa com chanceler alem\u00e3o por telefone - Xinhua - Diario de Pernambuco\" \/>\n<meta property=\"og:description\" content=\"Beijing, 22 dez (Xinhua) &#8212; O presidente chin\u00eas, Xi Jinping, manteve nesta ter\u00e7a-feira uma conversa por telefone com o chanceler alem\u00e3o, Olaf Scholz. Na conversa, Xi parabenizou Scholz mais uma vez por sua posse como chanceler alem\u00e3o. Xi ressaltou que...\" \/>\n<meta property=\"og:url\" content=\"https:\/\/diariodepe.com.br\/xinhua\/2021\/12\/22\/presidente-chines-conversa-com-chanceler-alemao-por-telefone\/\" \/>\n<meta property=\"og:site_name\" content=\"Xinhua - Diario de Pernambuco\" \/>\n<meta property=\"article:published_time\" content=\"2021-12-22T11:11:08+00:00\" \/>\n<meta property=\"article:modified_time\" content=\"2021-12-22T11:11:09+00:00\" \/>\n<meta property=\"og:image\" content=\"https:\/\/diariodepe.com.br\/xinhua\/wp-content\/uploads\/sites\/3\/2021\/12\/1310387699_16401515634321n.jpg\" \/>\n\t<meta property=\"og:image:width\" content=\"900\" \/>\n\t<meta property=\"og:image:height\" content=\"600\" \/>\n\t<meta property=\"og:image:type\" content=\"image\/jpeg\" \/>\n<meta name=\"author\" content=\"Marcelo Oliveira de A. Maranhao\" \/>\n<meta name=\"twitter:card\" content=\"summary_large_image\" \/>\n<meta name=\"twitter:label1\" content=\"Escrito por\" \/>\n\t<meta name=\"twitter:data1\" content=\"Marcelo Oliveira de A. Maranhao\" \/>\n\t<meta name=\"twitter:label2\" content=\"Est. tempo de leitura\" \/>\n\t<meta name=\"twitter:data2\" content=\"5 minutos\" \/>\n<script type=\"application\/ld+json\" class=\"yoast-schema-graph\">{\"@context\":\"https:\\\/\\\/schema.org\",\"@graph\":[{\"@type\":\"Article\",\"@id\":\"https:\\\/\\\/diariodepe.com.br\\\/xinhua\\\/2021\\\/12\\\/22\\\/presidente-chines-conversa-com-chanceler-alemao-por-telefone\\\/#article\",\"isPartOf\":{\"@id\":\"https:\\\/\\\/diariodepe.com.br\\\/xinhua\\\/2021\\\/12\\\/22\\\/presidente-chines-conversa-com-chanceler-alemao-por-telefone\\\/\"},\"author\":{\"name\":\"Marcelo Oliveira de A. Maranhao\",\"@id\":\"https:\\\/\\\/diariodepe.com.br\\\/xinhua\\\/#\\\/schema\\\/person\\\/0943d6fd02bdc7b49c8f495e8787a2cb\"},\"headline\":\"Presidente chin\u00eas conversa com chanceler alem\u00e3o por telefone\",\"datePublished\":\"2021-12-22T11:11:08+00:00\",\"dateModified\":\"2021-12-22T11:11:09+00:00\",\"mainEntityOfPage\":{\"@id\":\"https:\\\/\\\/diariodepe.com.br\\\/xinhua\\\/2021\\\/12\\\/22\\\/presidente-chines-conversa-com-chanceler-alemao-por-telefone\\\/\"},\"wordCount\":1173,\"commentCount\":0,\"publisher\":{\"@id\":\"https:\\\/\\\/diariodepe.com.br\\\/xinhua\\\/#organization\"},\"image\":{\"@id\":\"https:\\\/\\\/diariodepe.com.br\\\/xinhua\\\/2021\\\/12\\\/22\\\/presidente-chines-conversa-com-chanceler-alemao-por-telefone\\\/#primaryimage\"},\"thumbnailUrl\":\"https:\\\/\\\/diariodepe.com.br\\\/xinhua\\\/wp-content\\\/uploads\\\/sites\\\/3\\\/2021\\\/12\\\/1310387699_16401515634321n.jpg\",\"articleSection\":[\"Internacional\"],\"inLanguage\":\"pt-BR\",\"potentialAction\":[{\"@type\":\"CommentAction\",\"name\":\"Comment\",\"target\":[\"https:\\\/\\\/diariodepe.com.br\\\/xinhua\\\/2021\\\/12\\\/22\\\/presidente-chines-conversa-com-chanceler-alemao-por-telefone\\\/#respond\"]}]},{\"@type\":\"WebPage\",\"@id\":\"https:\\\/\\\/diariodepe.com.br\\\/xinhua\\\/2021\\\/12\\\/22\\\/presidente-chines-conversa-com-chanceler-alemao-por-telefone\\\/\",\"url\":\"https:\\\/\\\/diariodepe.com.br\\\/xinhua\\\/2021\\\/12\\\/22\\\/presidente-chines-conversa-com-chanceler-alemao-por-telefone\\\/\",\"name\":\"Presidente chin\u00eas conversa com chanceler alem\u00e3o por telefone - Xinhua - Diario de Pernambuco\",\"isPartOf\":{\"@id\":\"https:\\\/\\\/diariodepe.com.br\\\/xinhua\\\/#website\"},\"primaryImageOfPage\":{\"@id\":\"https:\\\/\\\/diariodepe.com.br\\\/xinhua\\\/2021\\\/12\\\/22\\\/presidente-chines-conversa-com-chanceler-alemao-por-telefone\\\/#primaryimage\"},\"image\":{\"@id\":\"https:\\\/\\\/diariodepe.com.br\\\/xinhua\\\/2021\\\/12\\\/22\\\/presidente-chines-conversa-com-chanceler-alemao-por-telefone\\\/#primaryimage\"},\"thumbnailUrl\":\"https:\\\/\\\/diariodepe.com.br\\\/xinhua\\\/wp-content\\\/uploads\\\/sites\\\/3\\\/2021\\\/12\\\/1310387699_16401515634321n.jpg\",\"datePublished\":\"2021-12-22T11:11:08+00:00\",\"dateModified\":\"2021-12-22T11:11:09+00:00\",\"breadcrumb\":{\"@id\":\"https:\\\/\\\/diariodepe.com.br\\\/xinhua\\\/2021\\\/12\\\/22\\\/presidente-chines-conversa-com-chanceler-alemao-por-telefone\\\/#breadcrumb\"},\"inLanguage\":\"pt-BR\",\"potentialAction\":[{\"@type\":\"ReadAction\",\"target\":[\"https:\\\/\\\/diariodepe.com.br\\\/xinhua\\\/2021\\\/12\\\/22\\\/presidente-chines-conversa-com-chanceler-alemao-por-telefone\\\/\"]}]},{\"@type\":\"ImageObject\",\"inLanguage\":\"pt-BR\",\"@id\":\"https:\\\/\\\/diariodepe.com.br\\\/xinhua\\\/2021\\\/12\\\/22\\\/presidente-chines-conversa-com-chanceler-alemao-por-telefone\\\/#primaryimage\",\"url\":\"https:\\\/\\\/diariodepe.com.br\\\/xinhua\\\/wp-content\\\/uploads\\\/sites\\\/3\\\/2021\\\/12\\\/1310387699_16401515634321n.jpg\",\"contentUrl\":\"https:\\\/\\\/diariodepe.com.br\\\/xinhua\\\/wp-content\\\/uploads\\\/sites\\\/3\\\/2021\\\/12\\\/1310387699_16401515634321n.jpg\",\"width\":900,\"height\":600,\"caption\":\"O candidato do Partido Social Democrata (SPD) ao chanceler da Alemanha, Olaf Scholz, numa coletiva de imprensa na sede do SPD em Berlim, Alemanha, em 27 de setembro de 2021. (Xinhua\\\/Shan Yuqi)\"},{\"@type\":\"BreadcrumbList\",\"@id\":\"https:\\\/\\\/diariodepe.com.br\\\/xinhua\\\/2021\\\/12\\\/22\\\/presidente-chines-conversa-com-chanceler-alemao-por-telefone\\\/#breadcrumb\",\"itemListElement\":[{\"@type\":\"ListItem\",\"position\":1,\"name\":\"In\u00edcio\",\"item\":\"https:\\\/\\\/diariodepe.com.br\\\/xinhua\\\/\"},{\"@type\":\"ListItem\",\"position\":2,\"name\":\"Presidente chin\u00eas conversa com chanceler alem\u00e3o por telefone\"}]},{\"@type\":\"WebSite\",\"@id\":\"https:\\\/\\\/diariodepe.com.br\\\/xinhua\\\/#website\",\"url\":\"https:\\\/\\\/diariodepe.com.br\\\/xinhua\\\/\",\"name\":\"Xinhua - Diario de Pernambuco\",\"description\":\"A maior ag\u00eancia de not\u00edcias da China e um dos principais canais para conhecer o pa\u00eds\",\"publisher\":{\"@id\":\"https:\\\/\\\/diariodepe.com.br\\\/xinhua\\\/#organization\"},\"potentialAction\":[{\"@type\":\"SearchAction\",\"target\":{\"@type\":\"EntryPoint\",\"urlTemplate\":\"https:\\\/\\\/diariodepe.com.br\\\/xinhua\\\/?s={search_term_string}\"},\"query-input\":{\"@type\":\"PropertyValueSpecification\",\"valueRequired\":true,\"valueName\":\"search_term_string\"}}],\"inLanguage\":\"pt-BR\"},{\"@type\":\"Organization\",\"@id\":\"https:\\\/\\\/diariodepe.com.br\\\/xinhua\\\/#organization\",\"name\":\"Xinhua - Diario de Pernambuco\",\"url\":\"https:\\\/\\\/diariodepe.com.br\\\/xinhua\\\/\",\"logo\":{\"@type\":\"ImageObject\",\"inLanguage\":\"pt-BR\",\"@id\":\"https:\\\/\\\/diariodepe.com.br\\\/xinhua\\\/#\\\/schema\\\/logo\\\/image\\\/\",\"url\":\"https:\\\/\\\/diariodepe.com.br\\\/xinhua\\\/wp-content\\\/uploads\\\/sites\\\/3\\\/2020\\\/10\\\/cropped-logo-transparente-2.png\",\"contentUrl\":\"https:\\\/\\\/diariodepe.com.br\\\/xinhua\\\/wp-content\\\/uploads\\\/sites\\\/3\\\/2020\\\/10\\\/cropped-logo-transparente-2.png\",\"width\":512,\"height\":164,\"caption\":\"Xinhua - Diario de Pernambuco\"},\"image\":{\"@id\":\"https:\\\/\\\/diariodepe.com.br\\\/xinhua\\\/#\\\/schema\\\/logo\\\/image\\\/\"}},{\"@type\":\"Person\",\"@id\":\"https:\\\/\\\/diariodepe.com.br\\\/xinhua\\\/#\\\/schema\\\/person\\\/0943d6fd02bdc7b49c8f495e8787a2cb\",\"name\":\"Marcelo Oliveira de A. Maranhao\",\"image\":{\"@type\":\"ImageObject\",\"inLanguage\":\"pt-BR\",\"@id\":\"https:\\\/\\\/secure.gravatar.com\\\/avatar\\\/f562caee940d39879c20e90eea3e4b21860c7d4c96684c23141c554824f0059c?s=96&d=mm&r=g\",\"url\":\"https:\\\/\\\/secure.gravatar.com\\\/avatar\\\/f562caee940d39879c20e90eea3e4b21860c7d4c96684c23141c554824f0059c?s=96&d=mm&r=g\",\"contentUrl\":\"https:\\\/\\\/secure.gravatar.com\\\/avatar\\\/f562caee940d39879c20e90eea3e4b21860c7d4c96684c23141c554824f0059c?s=96&d=mm&r=g\",\"caption\":\"Marcelo Oliveira de A. Maranhao\"},\"url\":\"https:\\\/\\\/diariodepe.com.br\\\/xinhua\\\/author\\\/marcelo-maranhao\\\/\"}]}<\/script>\n<!-- \/ Yoast SEO plugin. -->","yoast_head_json":{"title":"Presidente chin\u00eas conversa com chanceler alem\u00e3o por telefone - Xinhua - Diario de Pernambuco","robots":{"index":"index","follow":"follow","max-snippet":"max-snippet:-1","max-image-preview":"max-image-preview:large","max-video-preview":"max-video-preview:-1"},"canonical":"https:\/\/diariodepe.com.br\/xinhua\/2021\/12\/22\/presidente-chines-conversa-com-chanceler-alemao-por-telefone\/","og_locale":"pt_BR","og_type":"article","og_title":"Presidente chin\u00eas conversa com chanceler alem\u00e3o por telefone - Xinhua - Diario de Pernambuco","og_description":"Beijing, 22 dez (Xinhua) &#8212; O presidente chin\u00eas, Xi Jinping, manteve nesta ter\u00e7a-feira uma conversa por telefone com o chanceler alem\u00e3o, Olaf Scholz. Na conversa, Xi parabenizou Scholz mais uma vez por sua posse como chanceler alem\u00e3o. Xi ressaltou que...","og_url":"https:\/\/diariodepe.com.br\/xinhua\/2021\/12\/22\/presidente-chines-conversa-com-chanceler-alemao-por-telefone\/","og_site_name":"Xinhua - Diario de Pernambuco","article_published_time":"2021-12-22T11:11:08+00:00","article_modified_time":"2021-12-22T11:11:09+00:00","og_image":[{"width":900,"height":600,"url":"https:\/\/diariodepe.com.br\/xinhua\/wp-content\/uploads\/sites\/3\/2021\/12\/1310387699_16401515634321n.jpg","type":"image\/jpeg"}],"author":"Marcelo Oliveira de A. Maranhao","twitter_card":"summary_large_image","twitter_misc":{"Escrito por":"Marcelo Oliveira de A. Maranhao","Est. tempo de leitura":"5 minutos"},"schema":{"@context":"https:\/\/schema.org","@graph":[{"@type":"Article","@id":"https:\/\/diariodepe.com.br\/xinhua\/2021\/12\/22\/presidente-chines-conversa-com-chanceler-alemao-por-telefone\/#article","isPartOf":{"@id":"https:\/\/diariodepe.com.br\/xinhua\/2021\/12\/22\/presidente-chines-conversa-com-chanceler-alemao-por-telefone\/"},"author":{"name":"Marcelo Oliveira de A. Maranhao","@id":"https:\/\/diariodepe.com.br\/xinhua\/#\/schema\/person\/0943d6fd02bdc7b49c8f495e8787a2cb"},"headline":"Presidente chin\u00eas conversa com chanceler alem\u00e3o por telefone","datePublished":"2021-12-22T11:11:08+00:00","dateModified":"2021-12-22T11:11:09+00:00","mainEntityOfPage":{"@id":"https:\/\/diariodepe.com.br\/xinhua\/2021\/12\/22\/presidente-chines-conversa-com-chanceler-alemao-por-telefone\/"},"wordCount":1173,"commentCount":0,"publisher":{"@id":"https:\/\/diariodepe.com.br\/xinhua\/#organization"},"image":{"@id":"https:\/\/diariodepe.com.br\/xinhua\/2021\/12\/22\/presidente-chines-conversa-com-chanceler-alemao-por-telefone\/#primaryimage"},"thumbnailUrl":"https:\/\/diariodepe.com.br\/xinhua\/wp-content\/uploads\/sites\/3\/2021\/12\/1310387699_16401515634321n.jpg","articleSection":["Internacional"],"inLanguage":"pt-BR","potentialAction":[{"@type":"CommentAction","name":"Comment","target":["https:\/\/diariodepe.com.br\/xinhua\/2021\/12\/22\/presidente-chines-conversa-com-chanceler-alemao-por-telefone\/#respond"]}]},{"@type":"WebPage","@id":"https:\/\/diariodepe.com.br\/xinhua\/2021\/12\/22\/presidente-chines-conversa-com-chanceler-alemao-por-telefone\/","url":"https:\/\/diariodepe.com.br\/xinhua\/2021\/12\/22\/presidente-chines-conversa-com-chanceler-alemao-por-telefone\/","name":"Presidente chin\u00eas conversa com chanceler alem\u00e3o por telefone - Xinhua - Diario de Pernambuco","isPartOf":{"@id":"https:\/\/diariodepe.com.br\/xinhua\/#website"},"primaryImageOfPage":{"@id":"https:\/\/diariodepe.com.br\/xinhua\/2021\/12\/22\/presidente-chines-conversa-com-chanceler-alemao-por-telefone\/#primaryimage"},"image":{"@id":"https:\/\/diariodepe.com.br\/xinhua\/2021\/12\/22\/presidente-chines-conversa-com-chanceler-alemao-por-telefone\/#primaryimage"},"thumbnailUrl":"https:\/\/diariodepe.com.br\/xinhua\/wp-content\/uploads\/sites\/3\/2021\/12\/1310387699_16401515634321n.jpg","datePublished":"2021-12-22T11:11:08+00:00","dateModified":"2021-12-22T11:11:09+00:00","breadcrumb":{"@id":"https:\/\/diariodepe.com.br\/xinhua\/2021\/12\/22\/presidente-chines-conversa-com-chanceler-alemao-por-telefone\/#breadcrumb"},"inLanguage":"pt-BR","potentialAction":[{"@type":"ReadAction","target":["https:\/\/diariodepe.com.br\/xinhua\/2021\/12\/22\/presidente-chines-conversa-com-chanceler-alemao-por-telefone\/"]}]},{"@type":"ImageObject","inLanguage":"pt-BR","@id":"https:\/\/diariodepe.com.br\/xinhua\/2021\/12\/22\/presidente-chines-conversa-com-chanceler-alemao-por-telefone\/#primaryimage","url":"https:\/\/diariodepe.com.br\/xinhua\/wp-content\/uploads\/sites\/3\/2021\/12\/1310387699_16401515634321n.jpg","contentUrl":"https:\/\/diariodepe.com.br\/xinhua\/wp-content\/uploads\/sites\/3\/2021\/12\/1310387699_16401515634321n.jpg","width":900,"height":600,"caption":"O candidato do Partido Social Democrata (SPD) ao chanceler da Alemanha, Olaf Scholz, numa coletiva de imprensa na sede do SPD em Berlim, Alemanha, em 27 de setembro de 2021. (Xinhua\/Shan Yuqi)"},{"@type":"BreadcrumbList","@id":"https:\/\/diariodepe.com.br\/xinhua\/2021\/12\/22\/presidente-chines-conversa-com-chanceler-alemao-por-telefone\/#breadcrumb","itemListElement":[{"@type":"ListItem","position":1,"name":"In\u00edcio","item":"https:\/\/diariodepe.com.br\/xinhua\/"},{"@type":"ListItem","position":2,"name":"Presidente chin\u00eas conversa com chanceler alem\u00e3o por telefone"}]},{"@type":"WebSite","@id":"https:\/\/diariodepe.com.br\/xinhua\/#website","url":"https:\/\/diariodepe.com.br\/xinhua\/","name":"Xinhua - Diario de Pernambuco","description":"A maior ag\u00eancia de not\u00edcias da China e um dos principais canais para conhecer o pa\u00eds","publisher":{"@id":"https:\/\/diariodepe.com.br\/xinhua\/#organization"},"potentialAction":[{"@type":"SearchAction","target":{"@type":"EntryPoint","urlTemplate":"https:\/\/diariodepe.com.br\/xinhua\/?s={search_term_string}"},"query-input":{"@type":"PropertyValueSpecification","valueRequired":true,"valueName":"search_term_string"}}],"inLanguage":"pt-BR"},{"@type":"Organization","@id":"https:\/\/diariodepe.com.br\/xinhua\/#organization","name":"Xinhua - Diario de Pernambuco","url":"https:\/\/diariodepe.com.br\/xinhua\/","logo":{"@type":"ImageObject","inLanguage":"pt-BR","@id":"https:\/\/diariodepe.com.br\/xinhua\/#\/schema\/logo\/image\/","url":"https:\/\/diariodepe.com.br\/xinhua\/wp-content\/uploads\/sites\/3\/2020\/10\/cropped-logo-transparente-2.png","contentUrl":"https:\/\/diariodepe.com.br\/xinhua\/wp-content\/uploads\/sites\/3\/2020\/10\/cropped-logo-transparente-2.png","width":512,"height":164,"caption":"Xinhua - Diario de Pernambuco"},"image":{"@id":"https:\/\/diariodepe.com.br\/xinhua\/#\/schema\/logo\/image\/"}},{"@type":"Person","@id":"https:\/\/diariodepe.com.br\/xinhua\/#\/schema\/person\/0943d6fd02bdc7b49c8f495e8787a2cb","name":"Marcelo Oliveira de A. Maranhao","image":{"@type":"ImageObject","inLanguage":"pt-BR","@id":"https:\/\/secure.gravatar.com\/avatar\/f562caee940d39879c20e90eea3e4b21860c7d4c96684c23141c554824f0059c?s=96&d=mm&r=g","url":"https:\/\/secure.gravatar.com\/avatar\/f562caee940d39879c20e90eea3e4b21860c7d4c96684c23141c554824f0059c?s=96&d=mm&r=g","contentUrl":"https:\/\/secure.gravatar.com\/avatar\/f562caee940d39879c20e90eea3e4b21860c7d4c96684c23141c554824f0059c?s=96&d=mm&r=g","caption":"Marcelo Oliveira de A. Maranhao"},"url":"https:\/\/diariodepe.com.br\/xinhua\/author\/marcelo-maranhao\/"}]}},"cc_featured_image_caption":{"caption_text":"","source_text":"","source_url":""},"amp_enabled":true,"_links":{"self":[{"href":"https:\/\/diariodepe.com.br\/xinhua\/wp-json\/wp\/v2\/posts\/4533","targetHints":{"allow":["GET"]}}],"collection":[{"href":"https:\/\/diariodepe.com.br\/xinhua\/wp-json\/wp\/v2\/posts"}],"about":[{"href":"https:\/\/diariodepe.com.br\/xinhua\/wp-json\/wp\/v2\/types\/post"}],"author":[{"embeddable":true,"href":"https:\/\/diariodepe.com.br\/xinhua\/wp-json\/wp\/v2\/users\/3"}],"replies":[{"embeddable":true,"href":"https:\/\/diariodepe.com.br\/xinhua\/wp-json\/wp\/v2\/comments?post=4533"}],"version-history":[{"count":1,"href":"https:\/\/diariodepe.com.br\/xinhua\/wp-json\/wp\/v2\/posts\/4533\/revisions"}],"predecessor-version":[{"id":4535,"href":"https:\/\/diariodepe.com.br\/xinhua\/wp-json\/wp\/v2\/posts\/4533\/revisions\/4535"}],"wp:featuredmedia":[{"embeddable":true,"href":"https:\/\/diariodepe.com.br\/xinhua\/wp-json\/wp\/v2\/media\/4534"}],"wp:attachment":[{"href":"https:\/\/diariodepe.com.br\/xinhua\/wp-json\/wp\/v2\/media?parent=4533"}],"wp:term":[{"taxonomy":"category","embeddable":true,"href":"https:\/\/diariodepe.com.br\/xinhua\/wp-json\/wp\/v2\/categories?post=4533"},{"taxonomy":"post_tag","embeddable":true,"href":"https:\/\/diariodepe.com.br\/xinhua\/wp-json\/wp\/v2\/tags?post=4533"}],"curies":[{"name":"wp","href":"https:\/\/api.w.org\/{rel}","templated":true}]}}