{"id":4476,"date":"2021-12-16T09:16:27","date_gmt":"2021-12-16T12:16:27","guid":{"rendered":"http:\/\/www.diariodepe.com.br\/xinhua\/?p=4476"},"modified":"2021-12-16T09:16:29","modified_gmt":"2021-12-16T12:16:29","slug":"gracas-a-coronavac-a-primeira-vacinada-no-brasil-vai-finalmente-passar-o-natal-com-a-mae-e-a-avo","status":"publish","type":"post","link":"https:\/\/diariodepe.com.br\/xinhua\/2021\/12\/16\/gracas-a-coronavac-a-primeira-vacinada-no-brasil-vai-finalmente-passar-o-natal-com-a-mae-e-a-avo\/","title":{"rendered":"Gra\u00e7as \u00e0 CoronaVac, a primeira vacinada no Brasil vai finalmente passar o Natal com a m\u00e3e e a av\u00f3"},"content":{"rendered":"\n<p>STORYLINEMonica Calazans, a enfermeira que foi a primeira vacinada contra COVID-19 no Brasil, vai realizar seu sonho de passar o Natal com sua m\u00e3e e av\u00f3 em S\u00e3o Paulo gra\u00e7as \u00e0 prote\u00e7\u00e3o oferecida pela imuniza\u00e7\u00e3o como forma de combater a pandemia. Em entrevista \u00e0 Xinhua, a enfermeira de 55 anos que em 17 de janeiro de 2021 ganhou fama por ser a primeira vacinada em seu pa\u00eds contra COVID-19. Durante entrevista \u00e0 Xinhua no Hospital Emilio Ribas, em S\u00e3o Paulo, hospital p\u00fablico que \u00e9 refer\u00eancia internacional no combate ao HIV, Monica descreveu a coopera\u00e7\u00e3o entre Brasil e China na aplica\u00e7\u00e3o da CoronaVac vacina para a popula\u00e7\u00e3o, a mesma vacina que ela recebeu.MONICA CALAZANS &#8211; ENFERMEIRATenho a sensa\u00e7\u00e3o de vit\u00f3ria quase um ano depois. Conseguimos chegar onde quer\u00edamos, com a maioria da popula\u00e7\u00e3o imunizada. As informa\u00e7\u00f5es que chegavam \u00e9 que n\u00e3o tinha vacina, n\u00e3o tinha rem\u00e9dio e a gente ia morrer. Mas a\u00ed chegou a vacina e a \u00fanica forma da gente se ver livre do v\u00edrus \u00e9 a vacina\u00e7\u00e3o.Desde que recebeu a CoronaVac, a enfermeira enviou uma mensagem de esperan\u00e7a e saudade depois de ter passado o Natal de 2020 em reclus\u00e3o. longe de seus entes queridos: ela queria estar novamente com sua m\u00e3e, Mar\u00eda Aldenize, 72, com a av\u00f3 Leontina, 88, na mesma mesa.MONICA CALAZANS &#8211; ENFERMEIRAEste Natal vai ser diferente, poderei ver a minha av\u00f3, que n\u00e3o pude ver no ano passado. Meu Natal ser\u00e1 com a fam\u00edlia. Vai ser diferente porque agora temos a vacina e no ano passado nem sab\u00edamos o que ia acontecer.A enfermeira Calazans \u00e9 uma esp\u00e9cie de celebridade no Brasil porque foi a primeira pessoa a receber a vacina no Instituto Butantan, do governo do estado de S\u00e3o Paulo, no mesmo dia em que a Ag\u00eancia Nacional de Vigil\u00e2ncia Sanit\u00e1ria (Anvisa) autorizou o uso emergencial da Coronavac, do laborat\u00f3rio chin\u00eas Sinovac, e da AstraZeneca. O Instituto Butantan firmou conv\u00eanio para importar e desenvolver localmente a CoronaVac, que foi incorporado pelo Programa Nacional de Imuniza\u00e7\u00f5es do Minist\u00e9rio da Sa\u00fade. para abastecer toda a popula\u00e7\u00e3o alvo da vacina\u00e7\u00e3o. Para a enfermeira, as vacinas em geral geram desconfian\u00e7a em um setor da popula\u00e7\u00e3o, mas a divulga\u00e7\u00e3o de informa\u00e7\u00f5es e conscientiza\u00e7\u00e3o mudou est\u00e1 perspectiva. A parceria entre China e Brasil na produ\u00e7\u00e3o de vacinas foi um sucesso.MONICA CALAZANS &#8211; ENFERMEIRAEu acho que \u00e9 uma boa parceria. Ningu\u00e9m estava confiando na vacina por ser da China. Eu sou o melhor exemplo de que a vacina faz bem, eu sou obesa, tenho comorbidades tomei a CoronaVac e nada aconteceu comigo. \u00c9 uma vacina segura. A parceria (China e Brasil) deu certo.O Brasil j\u00e1 imunizou 65% de sua popula\u00e7\u00e3o, sendo o segundo pa\u00eds com mais mortes depois dos Estados Unidos e o terceiro em casos depois dos Estados Unidos e da \u00cdndia. Diante das novas variantes, Calazans pediu para n\u00e3o baixar a guarda, apesar de o Brasil e o planeta estarem muito melhores do que no in\u00edcio da pandemia. Ela defendeu a implanta\u00e7\u00e3o de um certificado de vacina\u00e7\u00e3o para poder entrar em locais coletivos e de massa.MONICA CALAZANS &#8211; ENFERMEIRAO que ainda \u00e9 necess\u00e1rio? As pessoas se vacinarem, completar o ciclo vacinal para que a imuniza\u00e7\u00e3o aconte\u00e7a e as variantes n\u00e3o fiquem circulando entre a gente. Isso \u00e9 o mais importante.Palavra de enfermeira pioneira na vacina\u00e7\u00e3o com a CoronaVac no Brasil, um exemplo a ser cumprido.<\/p>\n","protected":false},"excerpt":{"rendered":"<p>STORYLINEMonica Calazans, a enfermeira que foi a primeira vacinada contra COVID-19 no Brasil, vai realizar seu sonho de passar o Natal com sua m\u00e3e e av\u00f3 em S\u00e3o Paulo gra\u00e7as \u00e0 prote\u00e7\u00e3o oferecida pela imuniza\u00e7\u00e3o como forma de combater a&#8230;<\/p>\n","protected":false},"author":3,"featured_media":0,"comment_status":"open","ping_status":"open","sticky":false,"template":"","format":"standard","meta":{"footnotes":""},"categories":[1],"tags":[],"class_list":["post-4476","post","type-post","status-publish","format-standard","hentry","category-geral"],"yoast_head":"<!-- This site is optimized with the Yoast SEO plugin v27.4 - https:\/\/yoast.com\/product\/yoast-seo-wordpress\/ -->\n<title>Gra\u00e7as \u00e0 CoronaVac, a primeira vacinada no Brasil vai finalmente passar o Natal com a m\u00e3e e a av\u00f3 - Xinhua - Diario de Pernambuco<\/title>\n<meta name=\"robots\" content=\"index, follow, max-snippet:-1, max-image-preview:large, max-video-preview:-1\" \/>\n<link rel=\"canonical\" href=\"https:\/\/diariodepe.com.br\/xinhua\/2021\/12\/16\/gracas-a-coronavac-a-primeira-vacinada-no-brasil-vai-finalmente-passar-o-natal-com-a-mae-e-a-avo\/\" \/>\n<meta property=\"og:locale\" content=\"pt_BR\" \/>\n<meta property=\"og:type\" content=\"article\" \/>\n<meta property=\"og:title\" content=\"Gra\u00e7as \u00e0 CoronaVac, a primeira vacinada no Brasil vai finalmente passar o Natal com a m\u00e3e e a av\u00f3 - Xinhua - Diario de Pernambuco\" \/>\n<meta property=\"og:description\" content=\"STORYLINEMonica Calazans, a enfermeira que foi a primeira vacinada contra COVID-19 no Brasil, vai realizar seu sonho de passar o Natal com sua m\u00e3e e av\u00f3 em S\u00e3o Paulo gra\u00e7as \u00e0 prote\u00e7\u00e3o oferecida pela imuniza\u00e7\u00e3o como forma de combater a...\" \/>\n<meta property=\"og:url\" content=\"https:\/\/diariodepe.com.br\/xinhua\/2021\/12\/16\/gracas-a-coronavac-a-primeira-vacinada-no-brasil-vai-finalmente-passar-o-natal-com-a-mae-e-a-avo\/\" \/>\n<meta property=\"og:site_name\" content=\"Xinhua - Diario de Pernambuco\" \/>\n<meta property=\"article:published_time\" content=\"2021-12-16T12:16:27+00:00\" \/>\n<meta property=\"article:modified_time\" content=\"2021-12-16T12:16:29+00:00\" \/>\n<meta name=\"author\" content=\"Marcelo Oliveira de A. Maranhao\" \/>\n<meta name=\"twitter:card\" content=\"summary_large_image\" \/>\n<meta name=\"twitter:label1\" content=\"Escrito por\" \/>\n\t<meta name=\"twitter:data1\" content=\"Marcelo Oliveira de A. Maranhao\" \/>\n\t<meta name=\"twitter:label2\" content=\"Est. tempo de leitura\" \/>\n\t<meta name=\"twitter:data2\" content=\"3 minutos\" \/>\n<script type=\"application\/ld+json\" class=\"yoast-schema-graph\">{\"@context\":\"https:\\\/\\\/schema.org\",\"@graph\":[{\"@type\":\"Article\",\"@id\":\"https:\\\/\\\/diariodepe.com.br\\\/xinhua\\\/2021\\\/12\\\/16\\\/gracas-a-coronavac-a-primeira-vacinada-no-brasil-vai-finalmente-passar-o-natal-com-a-mae-e-a-avo\\\/#article\",\"isPartOf\":{\"@id\":\"https:\\\/\\\/diariodepe.com.br\\\/xinhua\\\/2021\\\/12\\\/16\\\/gracas-a-coronavac-a-primeira-vacinada-no-brasil-vai-finalmente-passar-o-natal-com-a-mae-e-a-avo\\\/\"},\"author\":{\"name\":\"Marcelo Oliveira de A. Maranhao\",\"@id\":\"https:\\\/\\\/diariodepe.com.br\\\/xinhua\\\/#\\\/schema\\\/person\\\/0943d6fd02bdc7b49c8f495e8787a2cb\"},\"headline\":\"Gra\u00e7as \u00e0 CoronaVac, a primeira vacinada no Brasil vai finalmente passar o Natal com a m\u00e3e e a av\u00f3\",\"datePublished\":\"2021-12-16T12:16:27+00:00\",\"dateModified\":\"2021-12-16T12:16:29+00:00\",\"mainEntityOfPage\":{\"@id\":\"https:\\\/\\\/diariodepe.com.br\\\/xinhua\\\/2021\\\/12\\\/16\\\/gracas-a-coronavac-a-primeira-vacinada-no-brasil-vai-finalmente-passar-o-natal-com-a-mae-e-a-avo\\\/\"},\"wordCount\":626,\"commentCount\":0,\"publisher\":{\"@id\":\"https:\\\/\\\/diariodepe.com.br\\\/xinhua\\\/#organization\"},\"articleSection\":[\"Geral\"],\"inLanguage\":\"pt-BR\",\"potentialAction\":[{\"@type\":\"CommentAction\",\"name\":\"Comment\",\"target\":[\"https:\\\/\\\/diariodepe.com.br\\\/xinhua\\\/2021\\\/12\\\/16\\\/gracas-a-coronavac-a-primeira-vacinada-no-brasil-vai-finalmente-passar-o-natal-com-a-mae-e-a-avo\\\/#respond\"]}]},{\"@type\":\"WebPage\",\"@id\":\"https:\\\/\\\/diariodepe.com.br\\\/xinhua\\\/2021\\\/12\\\/16\\\/gracas-a-coronavac-a-primeira-vacinada-no-brasil-vai-finalmente-passar-o-natal-com-a-mae-e-a-avo\\\/\",\"url\":\"https:\\\/\\\/diariodepe.com.br\\\/xinhua\\\/2021\\\/12\\\/16\\\/gracas-a-coronavac-a-primeira-vacinada-no-brasil-vai-finalmente-passar-o-natal-com-a-mae-e-a-avo\\\/\",\"name\":\"Gra\u00e7as \u00e0 CoronaVac, a primeira vacinada no Brasil vai finalmente passar o Natal com a m\u00e3e e a av\u00f3 - Xinhua - Diario de Pernambuco\",\"isPartOf\":{\"@id\":\"https:\\\/\\\/diariodepe.com.br\\\/xinhua\\\/#website\"},\"datePublished\":\"2021-12-16T12:16:27+00:00\",\"dateModified\":\"2021-12-16T12:16:29+00:00\",\"breadcrumb\":{\"@id\":\"https:\\\/\\\/diariodepe.com.br\\\/xinhua\\\/2021\\\/12\\\/16\\\/gracas-a-coronavac-a-primeira-vacinada-no-brasil-vai-finalmente-passar-o-natal-com-a-mae-e-a-avo\\\/#breadcrumb\"},\"inLanguage\":\"pt-BR\",\"potentialAction\":[{\"@type\":\"ReadAction\",\"target\":[\"https:\\\/\\\/diariodepe.com.br\\\/xinhua\\\/2021\\\/12\\\/16\\\/gracas-a-coronavac-a-primeira-vacinada-no-brasil-vai-finalmente-passar-o-natal-com-a-mae-e-a-avo\\\/\"]}]},{\"@type\":\"BreadcrumbList\",\"@id\":\"https:\\\/\\\/diariodepe.com.br\\\/xinhua\\\/2021\\\/12\\\/16\\\/gracas-a-coronavac-a-primeira-vacinada-no-brasil-vai-finalmente-passar-o-natal-com-a-mae-e-a-avo\\\/#breadcrumb\",\"itemListElement\":[{\"@type\":\"ListItem\",\"position\":1,\"name\":\"In\u00edcio\",\"item\":\"https:\\\/\\\/diariodepe.com.br\\\/xinhua\\\/\"},{\"@type\":\"ListItem\",\"position\":2,\"name\":\"Gra\u00e7as \u00e0 CoronaVac, a primeira vacinada no Brasil vai finalmente passar o Natal com a m\u00e3e e a av\u00f3\"}]},{\"@type\":\"WebSite\",\"@id\":\"https:\\\/\\\/diariodepe.com.br\\\/xinhua\\\/#website\",\"url\":\"https:\\\/\\\/diariodepe.com.br\\\/xinhua\\\/\",\"name\":\"Xinhua - Diario de Pernambuco\",\"description\":\"A maior ag\u00eancia de not\u00edcias da China e um dos principais canais para conhecer o pa\u00eds\",\"publisher\":{\"@id\":\"https:\\\/\\\/diariodepe.com.br\\\/xinhua\\\/#organization\"},\"potentialAction\":[{\"@type\":\"SearchAction\",\"target\":{\"@type\":\"EntryPoint\",\"urlTemplate\":\"https:\\\/\\\/diariodepe.com.br\\\/xinhua\\\/?s={search_term_string}\"},\"query-input\":{\"@type\":\"PropertyValueSpecification\",\"valueRequired\":true,\"valueName\":\"search_term_string\"}}],\"inLanguage\":\"pt-BR\"},{\"@type\":\"Organization\",\"@id\":\"https:\\\/\\\/diariodepe.com.br\\\/xinhua\\\/#organization\",\"name\":\"Xinhua - Diario de Pernambuco\",\"url\":\"https:\\\/\\\/diariodepe.com.br\\\/xinhua\\\/\",\"logo\":{\"@type\":\"ImageObject\",\"inLanguage\":\"pt-BR\",\"@id\":\"https:\\\/\\\/diariodepe.com.br\\\/xinhua\\\/#\\\/schema\\\/logo\\\/image\\\/\",\"url\":\"https:\\\/\\\/diariodepe.com.br\\\/xinhua\\\/wp-content\\\/uploads\\\/sites\\\/3\\\/2020\\\/10\\\/cropped-logo-transparente-2.png\",\"contentUrl\":\"https:\\\/\\\/diariodepe.com.br\\\/xinhua\\\/wp-content\\\/uploads\\\/sites\\\/3\\\/2020\\\/10\\\/cropped-logo-transparente-2.png\",\"width\":512,\"height\":164,\"caption\":\"Xinhua - Diario de Pernambuco\"},\"image\":{\"@id\":\"https:\\\/\\\/diariodepe.com.br\\\/xinhua\\\/#\\\/schema\\\/logo\\\/image\\\/\"}},{\"@type\":\"Person\",\"@id\":\"https:\\\/\\\/diariodepe.com.br\\\/xinhua\\\/#\\\/schema\\\/person\\\/0943d6fd02bdc7b49c8f495e8787a2cb\",\"name\":\"Marcelo Oliveira de A. Maranhao\",\"image\":{\"@type\":\"ImageObject\",\"inLanguage\":\"pt-BR\",\"@id\":\"https:\\\/\\\/secure.gravatar.com\\\/avatar\\\/f562caee940d39879c20e90eea3e4b21860c7d4c96684c23141c554824f0059c?s=96&d=mm&r=g\",\"url\":\"https:\\\/\\\/secure.gravatar.com\\\/avatar\\\/f562caee940d39879c20e90eea3e4b21860c7d4c96684c23141c554824f0059c?s=96&d=mm&r=g\",\"contentUrl\":\"https:\\\/\\\/secure.gravatar.com\\\/avatar\\\/f562caee940d39879c20e90eea3e4b21860c7d4c96684c23141c554824f0059c?s=96&d=mm&r=g\",\"caption\":\"Marcelo Oliveira de A. Maranhao\"},\"url\":\"https:\\\/\\\/diariodepe.com.br\\\/xinhua\\\/author\\\/marcelo-maranhao\\\/\"}]}<\/script>\n<!-- \/ Yoast SEO plugin. -->","yoast_head_json":{"title":"Gra\u00e7as \u00e0 CoronaVac, a primeira vacinada no Brasil vai finalmente passar o Natal com a m\u00e3e e a av\u00f3 - Xinhua - Diario de Pernambuco","robots":{"index":"index","follow":"follow","max-snippet":"max-snippet:-1","max-image-preview":"max-image-preview:large","max-video-preview":"max-video-preview:-1"},"canonical":"https:\/\/diariodepe.com.br\/xinhua\/2021\/12\/16\/gracas-a-coronavac-a-primeira-vacinada-no-brasil-vai-finalmente-passar-o-natal-com-a-mae-e-a-avo\/","og_locale":"pt_BR","og_type":"article","og_title":"Gra\u00e7as \u00e0 CoronaVac, a primeira vacinada no Brasil vai finalmente passar o Natal com a m\u00e3e e a av\u00f3 - Xinhua - Diario de Pernambuco","og_description":"STORYLINEMonica Calazans, a enfermeira que foi a primeira vacinada contra COVID-19 no Brasil, vai realizar seu sonho de passar o Natal com sua m\u00e3e e av\u00f3 em S\u00e3o Paulo gra\u00e7as \u00e0 prote\u00e7\u00e3o oferecida pela imuniza\u00e7\u00e3o como forma de combater a...","og_url":"https:\/\/diariodepe.com.br\/xinhua\/2021\/12\/16\/gracas-a-coronavac-a-primeira-vacinada-no-brasil-vai-finalmente-passar-o-natal-com-a-mae-e-a-avo\/","og_site_name":"Xinhua - Diario de Pernambuco","article_published_time":"2021-12-16T12:16:27+00:00","article_modified_time":"2021-12-16T12:16:29+00:00","author":"Marcelo Oliveira de A. Maranhao","twitter_card":"summary_large_image","twitter_misc":{"Escrito por":"Marcelo Oliveira de A. Maranhao","Est. tempo de leitura":"3 minutos"},"schema":{"@context":"https:\/\/schema.org","@graph":[{"@type":"Article","@id":"https:\/\/diariodepe.com.br\/xinhua\/2021\/12\/16\/gracas-a-coronavac-a-primeira-vacinada-no-brasil-vai-finalmente-passar-o-natal-com-a-mae-e-a-avo\/#article","isPartOf":{"@id":"https:\/\/diariodepe.com.br\/xinhua\/2021\/12\/16\/gracas-a-coronavac-a-primeira-vacinada-no-brasil-vai-finalmente-passar-o-natal-com-a-mae-e-a-avo\/"},"author":{"name":"Marcelo Oliveira de A. Maranhao","@id":"https:\/\/diariodepe.com.br\/xinhua\/#\/schema\/person\/0943d6fd02bdc7b49c8f495e8787a2cb"},"headline":"Gra\u00e7as \u00e0 CoronaVac, a primeira vacinada no Brasil vai finalmente passar o Natal com a m\u00e3e e a av\u00f3","datePublished":"2021-12-16T12:16:27+00:00","dateModified":"2021-12-16T12:16:29+00:00","mainEntityOfPage":{"@id":"https:\/\/diariodepe.com.br\/xinhua\/2021\/12\/16\/gracas-a-coronavac-a-primeira-vacinada-no-brasil-vai-finalmente-passar-o-natal-com-a-mae-e-a-avo\/"},"wordCount":626,"commentCount":0,"publisher":{"@id":"https:\/\/diariodepe.com.br\/xinhua\/#organization"},"articleSection":["Geral"],"inLanguage":"pt-BR","potentialAction":[{"@type":"CommentAction","name":"Comment","target":["https:\/\/diariodepe.com.br\/xinhua\/2021\/12\/16\/gracas-a-coronavac-a-primeira-vacinada-no-brasil-vai-finalmente-passar-o-natal-com-a-mae-e-a-avo\/#respond"]}]},{"@type":"WebPage","@id":"https:\/\/diariodepe.com.br\/xinhua\/2021\/12\/16\/gracas-a-coronavac-a-primeira-vacinada-no-brasil-vai-finalmente-passar-o-natal-com-a-mae-e-a-avo\/","url":"https:\/\/diariodepe.com.br\/xinhua\/2021\/12\/16\/gracas-a-coronavac-a-primeira-vacinada-no-brasil-vai-finalmente-passar-o-natal-com-a-mae-e-a-avo\/","name":"Gra\u00e7as \u00e0 CoronaVac, a primeira vacinada no Brasil vai finalmente passar o Natal com a m\u00e3e e a av\u00f3 - Xinhua - Diario de Pernambuco","isPartOf":{"@id":"https:\/\/diariodepe.com.br\/xinhua\/#website"},"datePublished":"2021-12-16T12:16:27+00:00","dateModified":"2021-12-16T12:16:29+00:00","breadcrumb":{"@id":"https:\/\/diariodepe.com.br\/xinhua\/2021\/12\/16\/gracas-a-coronavac-a-primeira-vacinada-no-brasil-vai-finalmente-passar-o-natal-com-a-mae-e-a-avo\/#breadcrumb"},"inLanguage":"pt-BR","potentialAction":[{"@type":"ReadAction","target":["https:\/\/diariodepe.com.br\/xinhua\/2021\/12\/16\/gracas-a-coronavac-a-primeira-vacinada-no-brasil-vai-finalmente-passar-o-natal-com-a-mae-e-a-avo\/"]}]},{"@type":"BreadcrumbList","@id":"https:\/\/diariodepe.com.br\/xinhua\/2021\/12\/16\/gracas-a-coronavac-a-primeira-vacinada-no-brasil-vai-finalmente-passar-o-natal-com-a-mae-e-a-avo\/#breadcrumb","itemListElement":[{"@type":"ListItem","position":1,"name":"In\u00edcio","item":"https:\/\/diariodepe.com.br\/xinhua\/"},{"@type":"ListItem","position":2,"name":"Gra\u00e7as \u00e0 CoronaVac, a primeira vacinada no Brasil vai finalmente passar o Natal com a m\u00e3e e a av\u00f3"}]},{"@type":"WebSite","@id":"https:\/\/diariodepe.com.br\/xinhua\/#website","url":"https:\/\/diariodepe.com.br\/xinhua\/","name":"Xinhua - Diario de Pernambuco","description":"A maior ag\u00eancia de not\u00edcias da China e um dos principais canais para conhecer o pa\u00eds","publisher":{"@id":"https:\/\/diariodepe.com.br\/xinhua\/#organization"},"potentialAction":[{"@type":"SearchAction","target":{"@type":"EntryPoint","urlTemplate":"https:\/\/diariodepe.com.br\/xinhua\/?s={search_term_string}"},"query-input":{"@type":"PropertyValueSpecification","valueRequired":true,"valueName":"search_term_string"}}],"inLanguage":"pt-BR"},{"@type":"Organization","@id":"https:\/\/diariodepe.com.br\/xinhua\/#organization","name":"Xinhua - Diario de Pernambuco","url":"https:\/\/diariodepe.com.br\/xinhua\/","logo":{"@type":"ImageObject","inLanguage":"pt-BR","@id":"https:\/\/diariodepe.com.br\/xinhua\/#\/schema\/logo\/image\/","url":"https:\/\/diariodepe.com.br\/xinhua\/wp-content\/uploads\/sites\/3\/2020\/10\/cropped-logo-transparente-2.png","contentUrl":"https:\/\/diariodepe.com.br\/xinhua\/wp-content\/uploads\/sites\/3\/2020\/10\/cropped-logo-transparente-2.png","width":512,"height":164,"caption":"Xinhua - Diario de Pernambuco"},"image":{"@id":"https:\/\/diariodepe.com.br\/xinhua\/#\/schema\/logo\/image\/"}},{"@type":"Person","@id":"https:\/\/diariodepe.com.br\/xinhua\/#\/schema\/person\/0943d6fd02bdc7b49c8f495e8787a2cb","name":"Marcelo Oliveira de A. Maranhao","image":{"@type":"ImageObject","inLanguage":"pt-BR","@id":"https:\/\/secure.gravatar.com\/avatar\/f562caee940d39879c20e90eea3e4b21860c7d4c96684c23141c554824f0059c?s=96&d=mm&r=g","url":"https:\/\/secure.gravatar.com\/avatar\/f562caee940d39879c20e90eea3e4b21860c7d4c96684c23141c554824f0059c?s=96&d=mm&r=g","contentUrl":"https:\/\/secure.gravatar.com\/avatar\/f562caee940d39879c20e90eea3e4b21860c7d4c96684c23141c554824f0059c?s=96&d=mm&r=g","caption":"Marcelo Oliveira de A. Maranhao"},"url":"https:\/\/diariodepe.com.br\/xinhua\/author\/marcelo-maranhao\/"}]}},"cc_featured_image_caption":{"caption_text":"","source_text":"","source_url":""},"amp_enabled":true,"_links":{"self":[{"href":"https:\/\/diariodepe.com.br\/xinhua\/wp-json\/wp\/v2\/posts\/4476","targetHints":{"allow":["GET"]}}],"collection":[{"href":"https:\/\/diariodepe.com.br\/xinhua\/wp-json\/wp\/v2\/posts"}],"about":[{"href":"https:\/\/diariodepe.com.br\/xinhua\/wp-json\/wp\/v2\/types\/post"}],"author":[{"embeddable":true,"href":"https:\/\/diariodepe.com.br\/xinhua\/wp-json\/wp\/v2\/users\/3"}],"replies":[{"embeddable":true,"href":"https:\/\/diariodepe.com.br\/xinhua\/wp-json\/wp\/v2\/comments?post=4476"}],"version-history":[{"count":1,"href":"https:\/\/diariodepe.com.br\/xinhua\/wp-json\/wp\/v2\/posts\/4476\/revisions"}],"predecessor-version":[{"id":4477,"href":"https:\/\/diariodepe.com.br\/xinhua\/wp-json\/wp\/v2\/posts\/4476\/revisions\/4477"}],"wp:attachment":[{"href":"https:\/\/diariodepe.com.br\/xinhua\/wp-json\/wp\/v2\/media?parent=4476"}],"wp:term":[{"taxonomy":"category","embeddable":true,"href":"https:\/\/diariodepe.com.br\/xinhua\/wp-json\/wp\/v2\/categories?post=4476"},{"taxonomy":"post_tag","embeddable":true,"href":"https:\/\/diariodepe.com.br\/xinhua\/wp-json\/wp\/v2\/tags?post=4476"}],"curies":[{"name":"wp","href":"https:\/\/api.w.org\/{rel}","templated":true}]}}