{"id":4394,"date":"2021-12-13T08:30:20","date_gmt":"2021-12-13T11:30:20","guid":{"rendered":"http:\/\/www.diariodepe.com.br\/xinhua\/?p=4394"},"modified":"2021-12-13T08:30:22","modified_gmt":"2021-12-13T11:30:22","slug":"china-realiza-cerimonia-memorial-nacional-para-vitimas-do-massacre-de-nanjing","status":"publish","type":"post","link":"https:\/\/diariodepe.com.br\/xinhua\/2021\/12\/13\/china-realiza-cerimonia-memorial-nacional-para-vitimas-do-massacre-de-nanjing\/","title":{"rendered":"China realiza cerim\u00f4nia memorial nacional para v\u00edtimas do Massacre de Nanjing"},"content":{"rendered":"\n<p>Nanjing &#8212; Diante de uma multid\u00e3o vestida de preto, a bandeira nacional da China foi hasteada a meio mastro enquanto o pa\u00eds realizava a sua oitava cerim\u00f4nia memorial nacional nesta segunda-feira para as v\u00edtimas do Massacre de Nanjing.<\/p>\n\n\n\n<p>Apesar do frio do inverno, milhares de pessoas que observaram protocolos de preven\u00e7\u00e3o de epidemia assistiram \u00e0 cerim\u00f4nia em Nanjing, Prov\u00edncia de Jiangsu, no leste da China, com flores brancas em suas lapelas, enviando suas condol\u00eancias.<\/p>\n\n\n\n<p>Exatamente \u00e0s 10h01 da manh\u00e3, as sirenes come\u00e7aram a soar e a cidade parou. Os motoristas no centro da cidade paravam seus carros e buzinavam; os pedestres pararam por um minuto em sil\u00eancio em mem\u00f3ria \u00e0s v\u00edtimas.<\/p>\n\n\n\n<p>Os adolescentes leram em voz alta uma declara\u00e7\u00e3o de paz e os representantes dos cidad\u00e3os tocaram o Sino da Paz. Pombas brancas, simbolizando a paz, foram soltas sobre a pra\u00e7a do Sal\u00e3o Memorial das V\u00edtimas do Massacre de Nanjing pelos Invasores Japoneses.<\/p>\n\n\n\n<p>O Massacre de Nanjing ocorreu quando as tropas japonesas capturaram a cidade em 13 de dezembro de 1937. Durante seis semanas, eles mataram mais de 300 mil civis chineses e soldados desarmados em um dos epis\u00f3dios mais b\u00e1rbaros da Segunda Guerra Mundial.<\/p>\n\n\n\n<p>Em 2014, a mais alta legislatura da China designou o dia 13 de dezembro como o dia nacional em mem\u00f3ria das v\u00edtimas do Massacre de Nanjing.<\/p>\n\n\n\n<p>Onze v\u00edtimas do massacre faleceram este ano, reduzindo o n\u00famero total de sobreviventes registrados para 61.<\/p>\n","protected":false},"excerpt":{"rendered":"<p>Nanjing &#8212; Diante de uma multid\u00e3o vestida de preto, a bandeira nacional da China foi hasteada a meio mastro enquanto o pa\u00eds realizava a sua oitava cerim\u00f4nia memorial nacional nesta segunda-feira para as v\u00edtimas do Massacre de Nanjing. Apesar do&#8230;<\/p>\n","protected":false},"author":3,"featured_media":4395,"comment_status":"open","ping_status":"open","sticky":false,"template":"","format":"standard","meta":{"footnotes":""},"categories":[1],"tags":[],"class_list":["post-4394","post","type-post","status-publish","format-standard","has-post-thumbnail","hentry","category-geral"],"yoast_head":"<!-- This site is optimized with the Yoast SEO plugin v27.4 - https:\/\/yoast.com\/product\/yoast-seo-wordpress\/ -->\n<title>China realiza cerim\u00f4nia memorial nacional para v\u00edtimas do Massacre de Nanjing - Xinhua - Diario de Pernambuco<\/title>\n<meta name=\"robots\" content=\"index, follow, max-snippet:-1, max-image-preview:large, max-video-preview:-1\" \/>\n<link rel=\"canonical\" href=\"https:\/\/diariodepe.com.br\/xinhua\/2021\/12\/13\/china-realiza-cerimonia-memorial-nacional-para-vitimas-do-massacre-de-nanjing\/\" \/>\n<meta property=\"og:locale\" content=\"pt_BR\" \/>\n<meta property=\"og:type\" content=\"article\" \/>\n<meta property=\"og:title\" content=\"China realiza cerim\u00f4nia memorial nacional para v\u00edtimas do Massacre de Nanjing - Xinhua - Diario de Pernambuco\" \/>\n<meta property=\"og:description\" content=\"Nanjing &#8212; Diante de uma multid\u00e3o vestida de preto, a bandeira nacional da China foi hasteada a meio mastro enquanto o pa\u00eds realizava a sua oitava cerim\u00f4nia memorial nacional nesta segunda-feira para as v\u00edtimas do Massacre de Nanjing. Apesar do...\" \/>\n<meta property=\"og:url\" content=\"https:\/\/diariodepe.com.br\/xinhua\/2021\/12\/13\/china-realiza-cerimonia-memorial-nacional-para-vitimas-do-massacre-de-nanjing\/\" \/>\n<meta property=\"og:site_name\" content=\"Xinhua - Diario de Pernambuco\" \/>\n<meta property=\"article:published_time\" content=\"2021-12-13T11:30:20+00:00\" \/>\n<meta property=\"article:modified_time\" content=\"2021-12-13T11:30:22+00:00\" \/>\n<meta property=\"og:image\" content=\"https:\/\/diariodepe.com.br\/xinhua\/wp-content\/uploads\/sites\/3\/2021\/12\/1310369299_16393835278691n.jpg\" \/>\n\t<meta property=\"og:image:width\" content=\"1023\" \/>\n\t<meta property=\"og:image:height\" content=\"660\" \/>\n\t<meta property=\"og:image:type\" content=\"image\/jpeg\" \/>\n<meta name=\"author\" content=\"Marcelo Oliveira de A. Maranhao\" \/>\n<meta name=\"twitter:card\" content=\"summary_large_image\" \/>\n<meta name=\"twitter:label1\" content=\"Escrito por\" \/>\n\t<meta name=\"twitter:data1\" content=\"Marcelo Oliveira de A. Maranhao\" \/>\n\t<meta name=\"twitter:label2\" content=\"Est. tempo de leitura\" \/>\n\t<meta name=\"twitter:data2\" content=\"2 minutos\" \/>\n<script type=\"application\/ld+json\" class=\"yoast-schema-graph\">{\"@context\":\"https:\\\/\\\/schema.org\",\"@graph\":[{\"@type\":\"Article\",\"@id\":\"https:\\\/\\\/diariodepe.com.br\\\/xinhua\\\/2021\\\/12\\\/13\\\/china-realiza-cerimonia-memorial-nacional-para-vitimas-do-massacre-de-nanjing\\\/#article\",\"isPartOf\":{\"@id\":\"https:\\\/\\\/diariodepe.com.br\\\/xinhua\\\/2021\\\/12\\\/13\\\/china-realiza-cerimonia-memorial-nacional-para-vitimas-do-massacre-de-nanjing\\\/\"},\"author\":{\"name\":\"Marcelo Oliveira de A. Maranhao\",\"@id\":\"https:\\\/\\\/diariodepe.com.br\\\/xinhua\\\/#\\\/schema\\\/person\\\/0943d6fd02bdc7b49c8f495e8787a2cb\"},\"headline\":\"China realiza cerim\u00f4nia memorial nacional para v\u00edtimas do Massacre de Nanjing\",\"datePublished\":\"2021-12-13T11:30:20+00:00\",\"dateModified\":\"2021-12-13T11:30:22+00:00\",\"mainEntityOfPage\":{\"@id\":\"https:\\\/\\\/diariodepe.com.br\\\/xinhua\\\/2021\\\/12\\\/13\\\/china-realiza-cerimonia-memorial-nacional-para-vitimas-do-massacre-de-nanjing\\\/\"},\"wordCount\":266,\"commentCount\":0,\"publisher\":{\"@id\":\"https:\\\/\\\/diariodepe.com.br\\\/xinhua\\\/#organization\"},\"image\":{\"@id\":\"https:\\\/\\\/diariodepe.com.br\\\/xinhua\\\/2021\\\/12\\\/13\\\/china-realiza-cerimonia-memorial-nacional-para-vitimas-do-massacre-de-nanjing\\\/#primaryimage\"},\"thumbnailUrl\":\"https:\\\/\\\/diariodepe.com.br\\\/xinhua\\\/wp-content\\\/uploads\\\/sites\\\/3\\\/2021\\\/12\\\/1310369299_16393835278691n.jpg\",\"articleSection\":[\"Geral\"],\"inLanguage\":\"pt-BR\",\"potentialAction\":[{\"@type\":\"CommentAction\",\"name\":\"Comment\",\"target\":[\"https:\\\/\\\/diariodepe.com.br\\\/xinhua\\\/2021\\\/12\\\/13\\\/china-realiza-cerimonia-memorial-nacional-para-vitimas-do-massacre-de-nanjing\\\/#respond\"]}]},{\"@type\":\"WebPage\",\"@id\":\"https:\\\/\\\/diariodepe.com.br\\\/xinhua\\\/2021\\\/12\\\/13\\\/china-realiza-cerimonia-memorial-nacional-para-vitimas-do-massacre-de-nanjing\\\/\",\"url\":\"https:\\\/\\\/diariodepe.com.br\\\/xinhua\\\/2021\\\/12\\\/13\\\/china-realiza-cerimonia-memorial-nacional-para-vitimas-do-massacre-de-nanjing\\\/\",\"name\":\"China realiza cerim\u00f4nia memorial nacional para v\u00edtimas do Massacre de Nanjing - Xinhua - Diario de Pernambuco\",\"isPartOf\":{\"@id\":\"https:\\\/\\\/diariodepe.com.br\\\/xinhua\\\/#website\"},\"primaryImageOfPage\":{\"@id\":\"https:\\\/\\\/diariodepe.com.br\\\/xinhua\\\/2021\\\/12\\\/13\\\/china-realiza-cerimonia-memorial-nacional-para-vitimas-do-massacre-de-nanjing\\\/#primaryimage\"},\"image\":{\"@id\":\"https:\\\/\\\/diariodepe.com.br\\\/xinhua\\\/2021\\\/12\\\/13\\\/china-realiza-cerimonia-memorial-nacional-para-vitimas-do-massacre-de-nanjing\\\/#primaryimage\"},\"thumbnailUrl\":\"https:\\\/\\\/diariodepe.com.br\\\/xinhua\\\/wp-content\\\/uploads\\\/sites\\\/3\\\/2021\\\/12\\\/1310369299_16393835278691n.jpg\",\"datePublished\":\"2021-12-13T11:30:20+00:00\",\"dateModified\":\"2021-12-13T11:30:22+00:00\",\"breadcrumb\":{\"@id\":\"https:\\\/\\\/diariodepe.com.br\\\/xinhua\\\/2021\\\/12\\\/13\\\/china-realiza-cerimonia-memorial-nacional-para-vitimas-do-massacre-de-nanjing\\\/#breadcrumb\"},\"inLanguage\":\"pt-BR\",\"potentialAction\":[{\"@type\":\"ReadAction\",\"target\":[\"https:\\\/\\\/diariodepe.com.br\\\/xinhua\\\/2021\\\/12\\\/13\\\/china-realiza-cerimonia-memorial-nacional-para-vitimas-do-massacre-de-nanjing\\\/\"]}]},{\"@type\":\"ImageObject\",\"inLanguage\":\"pt-BR\",\"@id\":\"https:\\\/\\\/diariodepe.com.br\\\/xinhua\\\/2021\\\/12\\\/13\\\/china-realiza-cerimonia-memorial-nacional-para-vitimas-do-massacre-de-nanjing\\\/#primaryimage\",\"url\":\"https:\\\/\\\/diariodepe.com.br\\\/xinhua\\\/wp-content\\\/uploads\\\/sites\\\/3\\\/2021\\\/12\\\/1310369299_16393835278691n.jpg\",\"contentUrl\":\"https:\\\/\\\/diariodepe.com.br\\\/xinhua\\\/wp-content\\\/uploads\\\/sites\\\/3\\\/2021\\\/12\\\/1310369299_16393835278691n.jpg\",\"width\":1023,\"height\":660,\"caption\":\"(Xinhua\\\/Ji Chunpeng)\"},{\"@type\":\"BreadcrumbList\",\"@id\":\"https:\\\/\\\/diariodepe.com.br\\\/xinhua\\\/2021\\\/12\\\/13\\\/china-realiza-cerimonia-memorial-nacional-para-vitimas-do-massacre-de-nanjing\\\/#breadcrumb\",\"itemListElement\":[{\"@type\":\"ListItem\",\"position\":1,\"name\":\"In\u00edcio\",\"item\":\"https:\\\/\\\/diariodepe.com.br\\\/xinhua\\\/\"},{\"@type\":\"ListItem\",\"position\":2,\"name\":\"China realiza cerim\u00f4nia memorial nacional para v\u00edtimas do Massacre de Nanjing\"}]},{\"@type\":\"WebSite\",\"@id\":\"https:\\\/\\\/diariodepe.com.br\\\/xinhua\\\/#website\",\"url\":\"https:\\\/\\\/diariodepe.com.br\\\/xinhua\\\/\",\"name\":\"Xinhua - Diario de Pernambuco\",\"description\":\"A maior ag\u00eancia de not\u00edcias da China e um dos principais canais para conhecer o pa\u00eds\",\"publisher\":{\"@id\":\"https:\\\/\\\/diariodepe.com.br\\\/xinhua\\\/#organization\"},\"potentialAction\":[{\"@type\":\"SearchAction\",\"target\":{\"@type\":\"EntryPoint\",\"urlTemplate\":\"https:\\\/\\\/diariodepe.com.br\\\/xinhua\\\/?s={search_term_string}\"},\"query-input\":{\"@type\":\"PropertyValueSpecification\",\"valueRequired\":true,\"valueName\":\"search_term_string\"}}],\"inLanguage\":\"pt-BR\"},{\"@type\":\"Organization\",\"@id\":\"https:\\\/\\\/diariodepe.com.br\\\/xinhua\\\/#organization\",\"name\":\"Xinhua - Diario de Pernambuco\",\"url\":\"https:\\\/\\\/diariodepe.com.br\\\/xinhua\\\/\",\"logo\":{\"@type\":\"ImageObject\",\"inLanguage\":\"pt-BR\",\"@id\":\"https:\\\/\\\/diariodepe.com.br\\\/xinhua\\\/#\\\/schema\\\/logo\\\/image\\\/\",\"url\":\"https:\\\/\\\/diariodepe.com.br\\\/xinhua\\\/wp-content\\\/uploads\\\/sites\\\/3\\\/2020\\\/10\\\/cropped-logo-transparente-2.png\",\"contentUrl\":\"https:\\\/\\\/diariodepe.com.br\\\/xinhua\\\/wp-content\\\/uploads\\\/sites\\\/3\\\/2020\\\/10\\\/cropped-logo-transparente-2.png\",\"width\":512,\"height\":164,\"caption\":\"Xinhua - Diario de Pernambuco\"},\"image\":{\"@id\":\"https:\\\/\\\/diariodepe.com.br\\\/xinhua\\\/#\\\/schema\\\/logo\\\/image\\\/\"}},{\"@type\":\"Person\",\"@id\":\"https:\\\/\\\/diariodepe.com.br\\\/xinhua\\\/#\\\/schema\\\/person\\\/0943d6fd02bdc7b49c8f495e8787a2cb\",\"name\":\"Marcelo Oliveira de A. Maranhao\",\"image\":{\"@type\":\"ImageObject\",\"inLanguage\":\"pt-BR\",\"@id\":\"https:\\\/\\\/secure.gravatar.com\\\/avatar\\\/f562caee940d39879c20e90eea3e4b21860c7d4c96684c23141c554824f0059c?s=96&d=mm&r=g\",\"url\":\"https:\\\/\\\/secure.gravatar.com\\\/avatar\\\/f562caee940d39879c20e90eea3e4b21860c7d4c96684c23141c554824f0059c?s=96&d=mm&r=g\",\"contentUrl\":\"https:\\\/\\\/secure.gravatar.com\\\/avatar\\\/f562caee940d39879c20e90eea3e4b21860c7d4c96684c23141c554824f0059c?s=96&d=mm&r=g\",\"caption\":\"Marcelo Oliveira de A. Maranhao\"},\"url\":\"https:\\\/\\\/diariodepe.com.br\\\/xinhua\\\/author\\\/marcelo-maranhao\\\/\"}]}<\/script>\n<!-- \/ Yoast SEO plugin. -->","yoast_head_json":{"title":"China realiza cerim\u00f4nia memorial nacional para v\u00edtimas do Massacre de Nanjing - Xinhua - Diario de Pernambuco","robots":{"index":"index","follow":"follow","max-snippet":"max-snippet:-1","max-image-preview":"max-image-preview:large","max-video-preview":"max-video-preview:-1"},"canonical":"https:\/\/diariodepe.com.br\/xinhua\/2021\/12\/13\/china-realiza-cerimonia-memorial-nacional-para-vitimas-do-massacre-de-nanjing\/","og_locale":"pt_BR","og_type":"article","og_title":"China realiza cerim\u00f4nia memorial nacional para v\u00edtimas do Massacre de Nanjing - Xinhua - Diario de Pernambuco","og_description":"Nanjing &#8212; Diante de uma multid\u00e3o vestida de preto, a bandeira nacional da China foi hasteada a meio mastro enquanto o pa\u00eds realizava a sua oitava cerim\u00f4nia memorial nacional nesta segunda-feira para as v\u00edtimas do Massacre de Nanjing. Apesar do...","og_url":"https:\/\/diariodepe.com.br\/xinhua\/2021\/12\/13\/china-realiza-cerimonia-memorial-nacional-para-vitimas-do-massacre-de-nanjing\/","og_site_name":"Xinhua - Diario de Pernambuco","article_published_time":"2021-12-13T11:30:20+00:00","article_modified_time":"2021-12-13T11:30:22+00:00","og_image":[{"width":1023,"height":660,"url":"https:\/\/diariodepe.com.br\/xinhua\/wp-content\/uploads\/sites\/3\/2021\/12\/1310369299_16393835278691n.jpg","type":"image\/jpeg"}],"author":"Marcelo Oliveira de A. Maranhao","twitter_card":"summary_large_image","twitter_misc":{"Escrito por":"Marcelo Oliveira de A. Maranhao","Est. tempo de leitura":"2 minutos"},"schema":{"@context":"https:\/\/schema.org","@graph":[{"@type":"Article","@id":"https:\/\/diariodepe.com.br\/xinhua\/2021\/12\/13\/china-realiza-cerimonia-memorial-nacional-para-vitimas-do-massacre-de-nanjing\/#article","isPartOf":{"@id":"https:\/\/diariodepe.com.br\/xinhua\/2021\/12\/13\/china-realiza-cerimonia-memorial-nacional-para-vitimas-do-massacre-de-nanjing\/"},"author":{"name":"Marcelo Oliveira de A. Maranhao","@id":"https:\/\/diariodepe.com.br\/xinhua\/#\/schema\/person\/0943d6fd02bdc7b49c8f495e8787a2cb"},"headline":"China realiza cerim\u00f4nia memorial nacional para v\u00edtimas do Massacre de Nanjing","datePublished":"2021-12-13T11:30:20+00:00","dateModified":"2021-12-13T11:30:22+00:00","mainEntityOfPage":{"@id":"https:\/\/diariodepe.com.br\/xinhua\/2021\/12\/13\/china-realiza-cerimonia-memorial-nacional-para-vitimas-do-massacre-de-nanjing\/"},"wordCount":266,"commentCount":0,"publisher":{"@id":"https:\/\/diariodepe.com.br\/xinhua\/#organization"},"image":{"@id":"https:\/\/diariodepe.com.br\/xinhua\/2021\/12\/13\/china-realiza-cerimonia-memorial-nacional-para-vitimas-do-massacre-de-nanjing\/#primaryimage"},"thumbnailUrl":"https:\/\/diariodepe.com.br\/xinhua\/wp-content\/uploads\/sites\/3\/2021\/12\/1310369299_16393835278691n.jpg","articleSection":["Geral"],"inLanguage":"pt-BR","potentialAction":[{"@type":"CommentAction","name":"Comment","target":["https:\/\/diariodepe.com.br\/xinhua\/2021\/12\/13\/china-realiza-cerimonia-memorial-nacional-para-vitimas-do-massacre-de-nanjing\/#respond"]}]},{"@type":"WebPage","@id":"https:\/\/diariodepe.com.br\/xinhua\/2021\/12\/13\/china-realiza-cerimonia-memorial-nacional-para-vitimas-do-massacre-de-nanjing\/","url":"https:\/\/diariodepe.com.br\/xinhua\/2021\/12\/13\/china-realiza-cerimonia-memorial-nacional-para-vitimas-do-massacre-de-nanjing\/","name":"China realiza cerim\u00f4nia memorial nacional para v\u00edtimas do Massacre de Nanjing - Xinhua - Diario de Pernambuco","isPartOf":{"@id":"https:\/\/diariodepe.com.br\/xinhua\/#website"},"primaryImageOfPage":{"@id":"https:\/\/diariodepe.com.br\/xinhua\/2021\/12\/13\/china-realiza-cerimonia-memorial-nacional-para-vitimas-do-massacre-de-nanjing\/#primaryimage"},"image":{"@id":"https:\/\/diariodepe.com.br\/xinhua\/2021\/12\/13\/china-realiza-cerimonia-memorial-nacional-para-vitimas-do-massacre-de-nanjing\/#primaryimage"},"thumbnailUrl":"https:\/\/diariodepe.com.br\/xinhua\/wp-content\/uploads\/sites\/3\/2021\/12\/1310369299_16393835278691n.jpg","datePublished":"2021-12-13T11:30:20+00:00","dateModified":"2021-12-13T11:30:22+00:00","breadcrumb":{"@id":"https:\/\/diariodepe.com.br\/xinhua\/2021\/12\/13\/china-realiza-cerimonia-memorial-nacional-para-vitimas-do-massacre-de-nanjing\/#breadcrumb"},"inLanguage":"pt-BR","potentialAction":[{"@type":"ReadAction","target":["https:\/\/diariodepe.com.br\/xinhua\/2021\/12\/13\/china-realiza-cerimonia-memorial-nacional-para-vitimas-do-massacre-de-nanjing\/"]}]},{"@type":"ImageObject","inLanguage":"pt-BR","@id":"https:\/\/diariodepe.com.br\/xinhua\/2021\/12\/13\/china-realiza-cerimonia-memorial-nacional-para-vitimas-do-massacre-de-nanjing\/#primaryimage","url":"https:\/\/diariodepe.com.br\/xinhua\/wp-content\/uploads\/sites\/3\/2021\/12\/1310369299_16393835278691n.jpg","contentUrl":"https:\/\/diariodepe.com.br\/xinhua\/wp-content\/uploads\/sites\/3\/2021\/12\/1310369299_16393835278691n.jpg","width":1023,"height":660,"caption":"(Xinhua\/Ji Chunpeng)"},{"@type":"BreadcrumbList","@id":"https:\/\/diariodepe.com.br\/xinhua\/2021\/12\/13\/china-realiza-cerimonia-memorial-nacional-para-vitimas-do-massacre-de-nanjing\/#breadcrumb","itemListElement":[{"@type":"ListItem","position":1,"name":"In\u00edcio","item":"https:\/\/diariodepe.com.br\/xinhua\/"},{"@type":"ListItem","position":2,"name":"China realiza cerim\u00f4nia memorial nacional para v\u00edtimas do Massacre de Nanjing"}]},{"@type":"WebSite","@id":"https:\/\/diariodepe.com.br\/xinhua\/#website","url":"https:\/\/diariodepe.com.br\/xinhua\/","name":"Xinhua - Diario de Pernambuco","description":"A maior ag\u00eancia de not\u00edcias da China e um dos principais canais para conhecer o pa\u00eds","publisher":{"@id":"https:\/\/diariodepe.com.br\/xinhua\/#organization"},"potentialAction":[{"@type":"SearchAction","target":{"@type":"EntryPoint","urlTemplate":"https:\/\/diariodepe.com.br\/xinhua\/?s={search_term_string}"},"query-input":{"@type":"PropertyValueSpecification","valueRequired":true,"valueName":"search_term_string"}}],"inLanguage":"pt-BR"},{"@type":"Organization","@id":"https:\/\/diariodepe.com.br\/xinhua\/#organization","name":"Xinhua - Diario de Pernambuco","url":"https:\/\/diariodepe.com.br\/xinhua\/","logo":{"@type":"ImageObject","inLanguage":"pt-BR","@id":"https:\/\/diariodepe.com.br\/xinhua\/#\/schema\/logo\/image\/","url":"https:\/\/diariodepe.com.br\/xinhua\/wp-content\/uploads\/sites\/3\/2020\/10\/cropped-logo-transparente-2.png","contentUrl":"https:\/\/diariodepe.com.br\/xinhua\/wp-content\/uploads\/sites\/3\/2020\/10\/cropped-logo-transparente-2.png","width":512,"height":164,"caption":"Xinhua - Diario de Pernambuco"},"image":{"@id":"https:\/\/diariodepe.com.br\/xinhua\/#\/schema\/logo\/image\/"}},{"@type":"Person","@id":"https:\/\/diariodepe.com.br\/xinhua\/#\/schema\/person\/0943d6fd02bdc7b49c8f495e8787a2cb","name":"Marcelo Oliveira de A. Maranhao","image":{"@type":"ImageObject","inLanguage":"pt-BR","@id":"https:\/\/secure.gravatar.com\/avatar\/f562caee940d39879c20e90eea3e4b21860c7d4c96684c23141c554824f0059c?s=96&d=mm&r=g","url":"https:\/\/secure.gravatar.com\/avatar\/f562caee940d39879c20e90eea3e4b21860c7d4c96684c23141c554824f0059c?s=96&d=mm&r=g","contentUrl":"https:\/\/secure.gravatar.com\/avatar\/f562caee940d39879c20e90eea3e4b21860c7d4c96684c23141c554824f0059c?s=96&d=mm&r=g","caption":"Marcelo Oliveira de A. Maranhao"},"url":"https:\/\/diariodepe.com.br\/xinhua\/author\/marcelo-maranhao\/"}]}},"cc_featured_image_caption":{"caption_text":"","source_text":"","source_url":""},"amp_enabled":true,"_links":{"self":[{"href":"https:\/\/diariodepe.com.br\/xinhua\/wp-json\/wp\/v2\/posts\/4394","targetHints":{"allow":["GET"]}}],"collection":[{"href":"https:\/\/diariodepe.com.br\/xinhua\/wp-json\/wp\/v2\/posts"}],"about":[{"href":"https:\/\/diariodepe.com.br\/xinhua\/wp-json\/wp\/v2\/types\/post"}],"author":[{"embeddable":true,"href":"https:\/\/diariodepe.com.br\/xinhua\/wp-json\/wp\/v2\/users\/3"}],"replies":[{"embeddable":true,"href":"https:\/\/diariodepe.com.br\/xinhua\/wp-json\/wp\/v2\/comments?post=4394"}],"version-history":[{"count":1,"href":"https:\/\/diariodepe.com.br\/xinhua\/wp-json\/wp\/v2\/posts\/4394\/revisions"}],"predecessor-version":[{"id":4396,"href":"https:\/\/diariodepe.com.br\/xinhua\/wp-json\/wp\/v2\/posts\/4394\/revisions\/4396"}],"wp:featuredmedia":[{"embeddable":true,"href":"https:\/\/diariodepe.com.br\/xinhua\/wp-json\/wp\/v2\/media\/4395"}],"wp:attachment":[{"href":"https:\/\/diariodepe.com.br\/xinhua\/wp-json\/wp\/v2\/media?parent=4394"}],"wp:term":[{"taxonomy":"category","embeddable":true,"href":"https:\/\/diariodepe.com.br\/xinhua\/wp-json\/wp\/v2\/categories?post=4394"},{"taxonomy":"post_tag","embeddable":true,"href":"https:\/\/diariodepe.com.br\/xinhua\/wp-json\/wp\/v2\/tags?post=4394"}],"curies":[{"name":"wp","href":"https:\/\/api.w.org\/{rel}","templated":true}]}}