{"id":4307,"date":"2021-12-06T16:30:00","date_gmt":"2021-12-06T19:30:00","guid":{"rendered":"http:\/\/www.diariodepe.com.br\/xinhua\/?p=4307"},"modified":"2021-12-06T10:07:57","modified_gmt":"2021-12-06T13:07:57","slug":"cuba-toma-precaucoes-contra-variante-omicron-de-covid-19","status":"publish","type":"post","link":"https:\/\/diariodepe.com.br\/xinhua\/2021\/12\/06\/cuba-toma-precaucoes-contra-variante-omicron-de-covid-19\/","title":{"rendered":"Cuba toma precau\u00e7\u00f5es contra variante Omicron de COVID-19"},"content":{"rendered":"\n<p>Havana &#8211; O governo cubano continuou tomando precau\u00e7\u00f5es em meio \u00e0 crescente preocupa\u00e7\u00e3o global com a variante Omicron de COVID-19.<\/p>\n\n\n\n<p>A partir de s\u00e1bado, o pa\u00eds caribenho fortaleceu as regras de viagem para passageiros internacionais que chegam, como um plat\u00f4 de casos em todo o pa\u00eds.<\/p>\n\n\n\n<p>Todos os viajantes que voam para Cuba vindos da \u00c1frica do Sul, Lesoto, Botswana, Essuat\u00edni, Nam\u00edbia, Zimb\u00e1bue, Malawi e Mo\u00e7ambique devem agora apresentar certificados de vacina\u00e7\u00e3o e resultados negativos de testes de PCR feitos 72 horas antes da chegada.<\/p>\n\n\n\n<p>Al\u00e9m disso, eles s\u00e3o obrigados a fazerem testes de PCR na chegada e no sexto dia de suas visitas, bem como permanecer em hot\u00e9is de quarentena por uma semana por conta pr\u00f3pria.<\/p>\n\n\n\n<p>As medidas foram adotadas j\u00e1 que Cuba no s\u00e1bado somou 110 casos confirmados de coronav\u00edrus e mais uma morte relacionada, elevando as contagens nacionais para 963.002 e 8.307, respectivamente.<\/p>\n\n\n\n<p>Atualmente, h\u00e1 608 casos ativos em todo o pa\u00eds, sendo 23 em unidades de terapia intensiva, e nenhum caso da variante Omicron foi notificado at\u00e9 o momento, segundo o Minist\u00e9rio de Sa\u00fade P\u00fablica de Cuba.<\/p>\n\n\n\n<p>Atualmente, restaurantes, instala\u00e7\u00f5es esportivas e centros de lazer seguem as ordens de uso de m\u00e1scara e os protocolos de coronav\u00edrus em vigor.<\/p>\n\n\n\n<p>Espera-se que os balne\u00e1rios e hot\u00e9is do pa\u00eds recebam mais de 100.000 turistas internacionais at\u00e9 o final do ano.<\/p>\n\n\n\n<p>At\u00e9 o momento, Cuba vacinou mais de 80 por cento de sua popula\u00e7\u00e3o com vacinas locais, incluindo crian\u00e7as de 2 a 18 anos.<\/p>\n\n\n\n<p>Nos \u00faltimos dias, autoridades biofarmac\u00eauticas cubanas afirmaram que os cientistas v\u00eam avaliando a possibilidade de atualizar as vacinas dom\u00e9sticas contra o coronav\u00edrus para garantir a prote\u00e7\u00e3o da popula\u00e7\u00e3o contra a nova variante.<\/p>\n\n\n\n<p>A na\u00e7\u00e3o caribenha espera imunizar mais de 90 por cento de seus mais de 11 milh\u00f5es de habitantes contra o COVID-19 antes do final de dezembro.<\/p>\n\n\n\n<p>Ao mesmo tempo, o governo local em Havana se prepara na segunda-feira para uma campanha de refor\u00e7o de COVID-19 com vacinas locais na capital cubana, onde vivem 2,2 milh\u00f5es de habitantes.<\/p>\n\n\n\n<p>Al\u00e9m disso, as autoridades de sa\u00fade de Cuba instru\u00edram as pessoas a adotarem precau\u00e7\u00f5es contra picadas de mosquitos, j\u00e1 que os casos de dengue aumentam em todo o pa\u00eds.&nbsp;<\/p>\n","protected":false},"excerpt":{"rendered":"<p>Havana &#8211; O governo cubano continuou tomando precau\u00e7\u00f5es em meio \u00e0 crescente preocupa\u00e7\u00e3o global com a variante Omicron de COVID-19. A partir de s\u00e1bado, o pa\u00eds caribenho fortaleceu as regras de viagem para passageiros internacionais que chegam, como um plat\u00f4&#8230;<\/p>\n","protected":false},"author":3,"featured_media":0,"comment_status":"open","ping_status":"open","sticky":false,"template":"","format":"standard","meta":{"footnotes":""},"categories":[1],"tags":[],"class_list":["post-4307","post","type-post","status-publish","format-standard","hentry","category-geral"],"yoast_head":"<!-- This site is optimized with the Yoast SEO plugin v27.4 - https:\/\/yoast.com\/product\/yoast-seo-wordpress\/ -->\n<title>Cuba toma precau\u00e7\u00f5es contra variante Omicron de COVID-19 - Xinhua - Diario de Pernambuco<\/title>\n<meta name=\"robots\" content=\"index, follow, max-snippet:-1, max-image-preview:large, max-video-preview:-1\" \/>\n<link rel=\"canonical\" href=\"https:\/\/diariodepe.com.br\/xinhua\/2021\/12\/06\/cuba-toma-precaucoes-contra-variante-omicron-de-covid-19\/\" \/>\n<meta property=\"og:locale\" content=\"pt_BR\" \/>\n<meta property=\"og:type\" content=\"article\" \/>\n<meta property=\"og:title\" content=\"Cuba toma precau\u00e7\u00f5es contra variante Omicron de COVID-19 - Xinhua - Diario de Pernambuco\" \/>\n<meta property=\"og:description\" content=\"Havana &#8211; O governo cubano continuou tomando precau\u00e7\u00f5es em meio \u00e0 crescente preocupa\u00e7\u00e3o global com a variante Omicron de COVID-19. A partir de s\u00e1bado, o pa\u00eds caribenho fortaleceu as regras de viagem para passageiros internacionais que chegam, como um plat\u00f4...\" \/>\n<meta property=\"og:url\" content=\"https:\/\/diariodepe.com.br\/xinhua\/2021\/12\/06\/cuba-toma-precaucoes-contra-variante-omicron-de-covid-19\/\" \/>\n<meta property=\"og:site_name\" content=\"Xinhua - Diario de Pernambuco\" \/>\n<meta property=\"article:published_time\" content=\"2021-12-06T19:30:00+00:00\" \/>\n<meta name=\"author\" content=\"Marcelo Oliveira de A. Maranhao\" \/>\n<meta name=\"twitter:card\" content=\"summary_large_image\" \/>\n<meta name=\"twitter:label1\" content=\"Escrito por\" \/>\n\t<meta name=\"twitter:data1\" content=\"Marcelo Oliveira de A. Maranhao\" \/>\n\t<meta name=\"twitter:label2\" content=\"Est. tempo de leitura\" \/>\n\t<meta name=\"twitter:data2\" content=\"2 minutos\" \/>\n<script type=\"application\/ld+json\" class=\"yoast-schema-graph\">{\"@context\":\"https:\\\/\\\/schema.org\",\"@graph\":[{\"@type\":\"Article\",\"@id\":\"https:\\\/\\\/diariodepe.com.br\\\/xinhua\\\/2021\\\/12\\\/06\\\/cuba-toma-precaucoes-contra-variante-omicron-de-covid-19\\\/#article\",\"isPartOf\":{\"@id\":\"https:\\\/\\\/diariodepe.com.br\\\/xinhua\\\/2021\\\/12\\\/06\\\/cuba-toma-precaucoes-contra-variante-omicron-de-covid-19\\\/\"},\"author\":{\"name\":\"Marcelo Oliveira de A. Maranhao\",\"@id\":\"https:\\\/\\\/diariodepe.com.br\\\/xinhua\\\/#\\\/schema\\\/person\\\/0943d6fd02bdc7b49c8f495e8787a2cb\"},\"headline\":\"Cuba toma precau\u00e7\u00f5es contra variante Omicron de COVID-19\",\"datePublished\":\"2021-12-06T19:30:00+00:00\",\"mainEntityOfPage\":{\"@id\":\"https:\\\/\\\/diariodepe.com.br\\\/xinhua\\\/2021\\\/12\\\/06\\\/cuba-toma-precaucoes-contra-variante-omicron-de-covid-19\\\/\"},\"wordCount\":402,\"commentCount\":0,\"publisher\":{\"@id\":\"https:\\\/\\\/diariodepe.com.br\\\/xinhua\\\/#organization\"},\"articleSection\":[\"Geral\"],\"inLanguage\":\"pt-BR\",\"potentialAction\":[{\"@type\":\"CommentAction\",\"name\":\"Comment\",\"target\":[\"https:\\\/\\\/diariodepe.com.br\\\/xinhua\\\/2021\\\/12\\\/06\\\/cuba-toma-precaucoes-contra-variante-omicron-de-covid-19\\\/#respond\"]}]},{\"@type\":\"WebPage\",\"@id\":\"https:\\\/\\\/diariodepe.com.br\\\/xinhua\\\/2021\\\/12\\\/06\\\/cuba-toma-precaucoes-contra-variante-omicron-de-covid-19\\\/\",\"url\":\"https:\\\/\\\/diariodepe.com.br\\\/xinhua\\\/2021\\\/12\\\/06\\\/cuba-toma-precaucoes-contra-variante-omicron-de-covid-19\\\/\",\"name\":\"Cuba toma precau\u00e7\u00f5es contra variante Omicron de COVID-19 - Xinhua - Diario de Pernambuco\",\"isPartOf\":{\"@id\":\"https:\\\/\\\/diariodepe.com.br\\\/xinhua\\\/#website\"},\"datePublished\":\"2021-12-06T19:30:00+00:00\",\"breadcrumb\":{\"@id\":\"https:\\\/\\\/diariodepe.com.br\\\/xinhua\\\/2021\\\/12\\\/06\\\/cuba-toma-precaucoes-contra-variante-omicron-de-covid-19\\\/#breadcrumb\"},\"inLanguage\":\"pt-BR\",\"potentialAction\":[{\"@type\":\"ReadAction\",\"target\":[\"https:\\\/\\\/diariodepe.com.br\\\/xinhua\\\/2021\\\/12\\\/06\\\/cuba-toma-precaucoes-contra-variante-omicron-de-covid-19\\\/\"]}]},{\"@type\":\"BreadcrumbList\",\"@id\":\"https:\\\/\\\/diariodepe.com.br\\\/xinhua\\\/2021\\\/12\\\/06\\\/cuba-toma-precaucoes-contra-variante-omicron-de-covid-19\\\/#breadcrumb\",\"itemListElement\":[{\"@type\":\"ListItem\",\"position\":1,\"name\":\"In\u00edcio\",\"item\":\"https:\\\/\\\/diariodepe.com.br\\\/xinhua\\\/\"},{\"@type\":\"ListItem\",\"position\":2,\"name\":\"Cuba toma precau\u00e7\u00f5es contra variante Omicron de COVID-19\"}]},{\"@type\":\"WebSite\",\"@id\":\"https:\\\/\\\/diariodepe.com.br\\\/xinhua\\\/#website\",\"url\":\"https:\\\/\\\/diariodepe.com.br\\\/xinhua\\\/\",\"name\":\"Xinhua - Diario de Pernambuco\",\"description\":\"A maior ag\u00eancia de not\u00edcias da China e um dos principais canais para conhecer o pa\u00eds\",\"publisher\":{\"@id\":\"https:\\\/\\\/diariodepe.com.br\\\/xinhua\\\/#organization\"},\"potentialAction\":[{\"@type\":\"SearchAction\",\"target\":{\"@type\":\"EntryPoint\",\"urlTemplate\":\"https:\\\/\\\/diariodepe.com.br\\\/xinhua\\\/?s={search_term_string}\"},\"query-input\":{\"@type\":\"PropertyValueSpecification\",\"valueRequired\":true,\"valueName\":\"search_term_string\"}}],\"inLanguage\":\"pt-BR\"},{\"@type\":\"Organization\",\"@id\":\"https:\\\/\\\/diariodepe.com.br\\\/xinhua\\\/#organization\",\"name\":\"Xinhua - Diario de Pernambuco\",\"url\":\"https:\\\/\\\/diariodepe.com.br\\\/xinhua\\\/\",\"logo\":{\"@type\":\"ImageObject\",\"inLanguage\":\"pt-BR\",\"@id\":\"https:\\\/\\\/diariodepe.com.br\\\/xinhua\\\/#\\\/schema\\\/logo\\\/image\\\/\",\"url\":\"https:\\\/\\\/diariodepe.com.br\\\/xinhua\\\/wp-content\\\/uploads\\\/sites\\\/3\\\/2020\\\/10\\\/cropped-logo-transparente-2.png\",\"contentUrl\":\"https:\\\/\\\/diariodepe.com.br\\\/xinhua\\\/wp-content\\\/uploads\\\/sites\\\/3\\\/2020\\\/10\\\/cropped-logo-transparente-2.png\",\"width\":512,\"height\":164,\"caption\":\"Xinhua - Diario de Pernambuco\"},\"image\":{\"@id\":\"https:\\\/\\\/diariodepe.com.br\\\/xinhua\\\/#\\\/schema\\\/logo\\\/image\\\/\"}},{\"@type\":\"Person\",\"@id\":\"https:\\\/\\\/diariodepe.com.br\\\/xinhua\\\/#\\\/schema\\\/person\\\/0943d6fd02bdc7b49c8f495e8787a2cb\",\"name\":\"Marcelo Oliveira de A. Maranhao\",\"image\":{\"@type\":\"ImageObject\",\"inLanguage\":\"pt-BR\",\"@id\":\"https:\\\/\\\/secure.gravatar.com\\\/avatar\\\/f562caee940d39879c20e90eea3e4b21860c7d4c96684c23141c554824f0059c?s=96&d=mm&r=g\",\"url\":\"https:\\\/\\\/secure.gravatar.com\\\/avatar\\\/f562caee940d39879c20e90eea3e4b21860c7d4c96684c23141c554824f0059c?s=96&d=mm&r=g\",\"contentUrl\":\"https:\\\/\\\/secure.gravatar.com\\\/avatar\\\/f562caee940d39879c20e90eea3e4b21860c7d4c96684c23141c554824f0059c?s=96&d=mm&r=g\",\"caption\":\"Marcelo Oliveira de A. Maranhao\"},\"url\":\"https:\\\/\\\/diariodepe.com.br\\\/xinhua\\\/author\\\/marcelo-maranhao\\\/\"}]}<\/script>\n<!-- \/ Yoast SEO plugin. -->","yoast_head_json":{"title":"Cuba toma precau\u00e7\u00f5es contra variante Omicron de COVID-19 - Xinhua - Diario de Pernambuco","robots":{"index":"index","follow":"follow","max-snippet":"max-snippet:-1","max-image-preview":"max-image-preview:large","max-video-preview":"max-video-preview:-1"},"canonical":"https:\/\/diariodepe.com.br\/xinhua\/2021\/12\/06\/cuba-toma-precaucoes-contra-variante-omicron-de-covid-19\/","og_locale":"pt_BR","og_type":"article","og_title":"Cuba toma precau\u00e7\u00f5es contra variante Omicron de COVID-19 - Xinhua - Diario de Pernambuco","og_description":"Havana &#8211; O governo cubano continuou tomando precau\u00e7\u00f5es em meio \u00e0 crescente preocupa\u00e7\u00e3o global com a variante Omicron de COVID-19. A partir de s\u00e1bado, o pa\u00eds caribenho fortaleceu as regras de viagem para passageiros internacionais que chegam, como um plat\u00f4...","og_url":"https:\/\/diariodepe.com.br\/xinhua\/2021\/12\/06\/cuba-toma-precaucoes-contra-variante-omicron-de-covid-19\/","og_site_name":"Xinhua - Diario de Pernambuco","article_published_time":"2021-12-06T19:30:00+00:00","author":"Marcelo Oliveira de A. Maranhao","twitter_card":"summary_large_image","twitter_misc":{"Escrito por":"Marcelo Oliveira de A. Maranhao","Est. tempo de leitura":"2 minutos"},"schema":{"@context":"https:\/\/schema.org","@graph":[{"@type":"Article","@id":"https:\/\/diariodepe.com.br\/xinhua\/2021\/12\/06\/cuba-toma-precaucoes-contra-variante-omicron-de-covid-19\/#article","isPartOf":{"@id":"https:\/\/diariodepe.com.br\/xinhua\/2021\/12\/06\/cuba-toma-precaucoes-contra-variante-omicron-de-covid-19\/"},"author":{"name":"Marcelo Oliveira de A. Maranhao","@id":"https:\/\/diariodepe.com.br\/xinhua\/#\/schema\/person\/0943d6fd02bdc7b49c8f495e8787a2cb"},"headline":"Cuba toma precau\u00e7\u00f5es contra variante Omicron de COVID-19","datePublished":"2021-12-06T19:30:00+00:00","mainEntityOfPage":{"@id":"https:\/\/diariodepe.com.br\/xinhua\/2021\/12\/06\/cuba-toma-precaucoes-contra-variante-omicron-de-covid-19\/"},"wordCount":402,"commentCount":0,"publisher":{"@id":"https:\/\/diariodepe.com.br\/xinhua\/#organization"},"articleSection":["Geral"],"inLanguage":"pt-BR","potentialAction":[{"@type":"CommentAction","name":"Comment","target":["https:\/\/diariodepe.com.br\/xinhua\/2021\/12\/06\/cuba-toma-precaucoes-contra-variante-omicron-de-covid-19\/#respond"]}]},{"@type":"WebPage","@id":"https:\/\/diariodepe.com.br\/xinhua\/2021\/12\/06\/cuba-toma-precaucoes-contra-variante-omicron-de-covid-19\/","url":"https:\/\/diariodepe.com.br\/xinhua\/2021\/12\/06\/cuba-toma-precaucoes-contra-variante-omicron-de-covid-19\/","name":"Cuba toma precau\u00e7\u00f5es contra variante Omicron de COVID-19 - Xinhua - Diario de Pernambuco","isPartOf":{"@id":"https:\/\/diariodepe.com.br\/xinhua\/#website"},"datePublished":"2021-12-06T19:30:00+00:00","breadcrumb":{"@id":"https:\/\/diariodepe.com.br\/xinhua\/2021\/12\/06\/cuba-toma-precaucoes-contra-variante-omicron-de-covid-19\/#breadcrumb"},"inLanguage":"pt-BR","potentialAction":[{"@type":"ReadAction","target":["https:\/\/diariodepe.com.br\/xinhua\/2021\/12\/06\/cuba-toma-precaucoes-contra-variante-omicron-de-covid-19\/"]}]},{"@type":"BreadcrumbList","@id":"https:\/\/diariodepe.com.br\/xinhua\/2021\/12\/06\/cuba-toma-precaucoes-contra-variante-omicron-de-covid-19\/#breadcrumb","itemListElement":[{"@type":"ListItem","position":1,"name":"In\u00edcio","item":"https:\/\/diariodepe.com.br\/xinhua\/"},{"@type":"ListItem","position":2,"name":"Cuba toma precau\u00e7\u00f5es contra variante Omicron de COVID-19"}]},{"@type":"WebSite","@id":"https:\/\/diariodepe.com.br\/xinhua\/#website","url":"https:\/\/diariodepe.com.br\/xinhua\/","name":"Xinhua - Diario de Pernambuco","description":"A maior ag\u00eancia de not\u00edcias da China e um dos principais canais para conhecer o pa\u00eds","publisher":{"@id":"https:\/\/diariodepe.com.br\/xinhua\/#organization"},"potentialAction":[{"@type":"SearchAction","target":{"@type":"EntryPoint","urlTemplate":"https:\/\/diariodepe.com.br\/xinhua\/?s={search_term_string}"},"query-input":{"@type":"PropertyValueSpecification","valueRequired":true,"valueName":"search_term_string"}}],"inLanguage":"pt-BR"},{"@type":"Organization","@id":"https:\/\/diariodepe.com.br\/xinhua\/#organization","name":"Xinhua - Diario de Pernambuco","url":"https:\/\/diariodepe.com.br\/xinhua\/","logo":{"@type":"ImageObject","inLanguage":"pt-BR","@id":"https:\/\/diariodepe.com.br\/xinhua\/#\/schema\/logo\/image\/","url":"https:\/\/diariodepe.com.br\/xinhua\/wp-content\/uploads\/sites\/3\/2020\/10\/cropped-logo-transparente-2.png","contentUrl":"https:\/\/diariodepe.com.br\/xinhua\/wp-content\/uploads\/sites\/3\/2020\/10\/cropped-logo-transparente-2.png","width":512,"height":164,"caption":"Xinhua - Diario de Pernambuco"},"image":{"@id":"https:\/\/diariodepe.com.br\/xinhua\/#\/schema\/logo\/image\/"}},{"@type":"Person","@id":"https:\/\/diariodepe.com.br\/xinhua\/#\/schema\/person\/0943d6fd02bdc7b49c8f495e8787a2cb","name":"Marcelo Oliveira de A. Maranhao","image":{"@type":"ImageObject","inLanguage":"pt-BR","@id":"https:\/\/secure.gravatar.com\/avatar\/f562caee940d39879c20e90eea3e4b21860c7d4c96684c23141c554824f0059c?s=96&d=mm&r=g","url":"https:\/\/secure.gravatar.com\/avatar\/f562caee940d39879c20e90eea3e4b21860c7d4c96684c23141c554824f0059c?s=96&d=mm&r=g","contentUrl":"https:\/\/secure.gravatar.com\/avatar\/f562caee940d39879c20e90eea3e4b21860c7d4c96684c23141c554824f0059c?s=96&d=mm&r=g","caption":"Marcelo Oliveira de A. Maranhao"},"url":"https:\/\/diariodepe.com.br\/xinhua\/author\/marcelo-maranhao\/"}]}},"cc_featured_image_caption":{"caption_text":"","source_text":"","source_url":""},"amp_enabled":true,"_links":{"self":[{"href":"https:\/\/diariodepe.com.br\/xinhua\/wp-json\/wp\/v2\/posts\/4307","targetHints":{"allow":["GET"]}}],"collection":[{"href":"https:\/\/diariodepe.com.br\/xinhua\/wp-json\/wp\/v2\/posts"}],"about":[{"href":"https:\/\/diariodepe.com.br\/xinhua\/wp-json\/wp\/v2\/types\/post"}],"author":[{"embeddable":true,"href":"https:\/\/diariodepe.com.br\/xinhua\/wp-json\/wp\/v2\/users\/3"}],"replies":[{"embeddable":true,"href":"https:\/\/diariodepe.com.br\/xinhua\/wp-json\/wp\/v2\/comments?post=4307"}],"version-history":[{"count":1,"href":"https:\/\/diariodepe.com.br\/xinhua\/wp-json\/wp\/v2\/posts\/4307\/revisions"}],"predecessor-version":[{"id":4308,"href":"https:\/\/diariodepe.com.br\/xinhua\/wp-json\/wp\/v2\/posts\/4307\/revisions\/4308"}],"wp:attachment":[{"href":"https:\/\/diariodepe.com.br\/xinhua\/wp-json\/wp\/v2\/media?parent=4307"}],"wp:term":[{"taxonomy":"category","embeddable":true,"href":"https:\/\/diariodepe.com.br\/xinhua\/wp-json\/wp\/v2\/categories?post=4307"},{"taxonomy":"post_tag","embeddable":true,"href":"https:\/\/diariodepe.com.br\/xinhua\/wp-json\/wp\/v2\/tags?post=4307"}],"curies":[{"name":"wp","href":"https:\/\/api.w.org\/{rel}","templated":true}]}}