{"id":4283,"date":"2021-12-06T09:43:07","date_gmt":"2021-12-06T12:43:07","guid":{"rendered":"http:\/\/www.diariodepe.com.br\/xinhua\/?p=4283"},"modified":"2021-12-06T09:43:10","modified_gmt":"2021-12-06T12:43:10","slug":"primeiro-trem-de-carga-china-laos-chega-a-vientiane","status":"publish","type":"post","link":"https:\/\/diariodepe.com.br\/xinhua\/2021\/12\/06\/primeiro-trem-de-carga-china-laos-chega-a-vientiane\/","title":{"rendered":"Primeiro trem de carga China-Laos chega a Vientiane"},"content":{"rendered":"\n<p>Vientiane &#8212; O primeiro trem de carga internacional da Ferrovia China-Laos partindo de Kunming, na Prov\u00edncia de Yunnan, no sudoeste chin\u00eas, chegou \u00e0 capital do Laos, Vientiane, neste s\u00e1bado \u00e0 noite.<\/p>\n\n\n\n<p>\u00c0s 23h10, hor\u00e1rio local, o trem totalmente carregado com fosfato dic\u00e1lcico no grau de alimenta\u00e7\u00e3o chegou \u00e0 Esta\u00e7\u00e3o Sul de Vientiane.<\/p>\n\n\n\n<p>&#8220;Estou encantado e entusiasmado por ser um praticante da Iniciativa do Cintur\u00e3o e Rota e um emiss\u00e1rio da amizade entre a China e o Laos&#8221;, disse Zhou Yukui, de 31 anos de idade, maquinista de trem de carga com seis anos de experi\u00eancia em condu\u00e7\u00e3o.<\/p>\n\n\n\n<p>&#8220;A Ferrovia China-Laos funciona de forma semelhante \u00e0s ferrovias dom\u00e9sticas e as condi\u00e7\u00f5es ferrovi\u00e1rias s\u00e3o ainda melhores. Mas, a fim de garantir a seguran\u00e7a do primeiro trem, desde que partiu da fronteira Laos-China \u00e0s 1539 (GMT 0839), n\u00e3o ousamos descansar&#8221;, revelou Zhou.<\/p>\n\n\n\n<p>Li Tongxu, diretor da Esta\u00e7\u00e3o Sul de Vientiane com mais de 20 anos de experi\u00eancia na \u00e1rea e mais de 10 anos como diretor de esta\u00e7\u00e3o na China, chegou ao Laos em julho deste ano. Ele disse \u00e0 Xinhua que a esta\u00e7\u00e3o foi totalmente preparada para receber o primeiro trem da China.<\/p>\n\n\n\n<p>Atualmente, o terminal conta com 68 funcion\u00e1rios, incluindo nove t\u00e9cnicos e gerentes chineses que t\u00eam ricas experi\u00eancias de trabalho. O restante da equipe do Laos, com ensino superior e alto entusiasmo por aprender ap\u00f3s o treinamento na China-Laos Railway Co., Ltd., tamb\u00e9m \u00e9 competente para seus respectivos cargos.<\/p>\n\n\n\n<p>&#8220;O primeiro trem que enviamos \u00e0 China ontem transportou pot\u00e1ssio produzido no Laos&#8221;, revelou Li, observando que a prov\u00edncia chinesa de Yunnan tem minerais abundantes de f\u00f3sforo.<\/p>\n\n\n\n<p>&#8220;Hoje estamos recebendo 50 cont\u00eaineres ferrovi\u00e1rios de seis metros de fosfato dic\u00e1lcico aqui, o que reflete a rela\u00e7\u00e3o complementar dos dois mercados&#8221;, acrescentou Li.<\/p>\n\n\n\n<p>A ferrovia rec\u00e9m-inaugurada est\u00e1 reduzindo significativamente o tempo e os custos log\u00edsticos para o transporte de carga entre os dois pa\u00edses, e as ordens de transporte de carga transfronteiri\u00e7os da ferrovia s\u00e3o suficientes.<\/p>\n\n\n\n<p>Atualmente, as encomendas com destino \u00e0 China a partir da Esta\u00e7\u00e3o Sul de Vientiane s\u00e3o mais de 100.000 toneladas, enquanto as encomendas de embarque da China para o Laos tamb\u00e9m s\u00e3o em grande volume, especialmente para fertilizantes, produtos qu\u00edmicos, mec\u00e2nicos e el\u00e9tricos.<\/p>\n\n\n\n<p>A ferrovia China-Laos foi aberta ao tr\u00e1fego na \u00faltima sexta-feira e o primeiro trem de carga internacional de Vientiane carregado com exporta\u00e7\u00f5es do Laos chegou \u00e0 China na tarde deste s\u00e1bado.<\/p>\n\n\n\n<figure class=\"wp-block-image size-large\"><img fetchpriority=\"high\" decoding=\"async\" width=\"900\" height=\"608\" src=\"http:\/\/www.diariodepe.com.br\/xinhua\/wp-content\/uploads\/2021\/12\/1310352990_16386994962911n.jpg\" alt=\"\" class=\"wp-image-4285\" srcset=\"https:\/\/diariodepe.com.br\/xinhua\/wp-content\/uploads\/sites\/3\/2021\/12\/1310352990_16386994962911n.jpg 900w, https:\/\/diariodepe.com.br\/xinhua\/wp-content\/uploads\/sites\/3\/2021\/12\/1310352990_16386994962911n-300x203.jpg 300w, https:\/\/diariodepe.com.br\/xinhua\/wp-content\/uploads\/sites\/3\/2021\/12\/1310352990_16386994962911n-768x519.jpg 768w\" sizes=\"(max-width: 900px) 100vw, 900px\" \/><figcaption>Foto tirada em 4 de dezembro de 2021 mostra um trem de carga internacional rumo ao Laos perto da fronteira China-Laos. (Xinhua\/Jiang Wenyao)<br><\/figcaption><\/figure>\n\n\n\n<figure class=\"wp-block-image size-large\"><img decoding=\"async\" width=\"900\" height=\"600\" src=\"http:\/\/www.diariodepe.com.br\/xinhua\/wp-content\/uploads\/2021\/12\/1310352990_16386994962921n.jpg\" alt=\"\" class=\"wp-image-4286\" srcset=\"https:\/\/diariodepe.com.br\/xinhua\/wp-content\/uploads\/sites\/3\/2021\/12\/1310352990_16386994962921n.jpg 900w, https:\/\/diariodepe.com.br\/xinhua\/wp-content\/uploads\/sites\/3\/2021\/12\/1310352990_16386994962921n-300x200.jpg 300w, https:\/\/diariodepe.com.br\/xinhua\/wp-content\/uploads\/sites\/3\/2021\/12\/1310352990_16386994962921n-768x512.jpg 768w\" sizes=\"(max-width: 900px) 100vw, 900px\" \/><figcaption>Foto a\u00e9rea tirada em 4 de dezembro de 2021 mostra um trem de carga internacional rumo ao Laos n aldeia de fronteira de Mohan na Prov\u00edncia de Yunnan, sudoeste da China.\u00a0(Xinhua\/Jiang Wenyao)<br><\/figcaption><\/figure>\n","protected":false},"excerpt":{"rendered":"<p>Vientiane &#8212; O primeiro trem de carga internacional da Ferrovia China-Laos partindo de Kunming, na Prov\u00edncia de Yunnan, no sudoeste chin\u00eas, chegou \u00e0 capital do Laos, Vientiane, neste s\u00e1bado \u00e0 noite. \u00c0s 23h10, hor\u00e1rio local, o trem totalmente carregado com&#8230;<\/p>\n","protected":false},"author":3,"featured_media":4284,"comment_status":"open","ping_status":"open","sticky":false,"template":"","format":"standard","meta":{"footnotes":""},"categories":[6],"tags":[],"class_list":["post-4283","post","type-post","status-publish","format-standard","has-post-thumbnail","hentry","category-cultura-tecnologia"],"yoast_head":"<!-- This site is optimized with the Yoast SEO plugin v27.4 - https:\/\/yoast.com\/product\/yoast-seo-wordpress\/ -->\n<title>Primeiro trem de carga China-Laos chega a Vientiane - Xinhua - Diario de Pernambuco<\/title>\n<meta name=\"robots\" content=\"index, follow, max-snippet:-1, max-image-preview:large, max-video-preview:-1\" \/>\n<link rel=\"canonical\" href=\"https:\/\/diariodepe.com.br\/xinhua\/2021\/12\/06\/primeiro-trem-de-carga-china-laos-chega-a-vientiane\/\" \/>\n<meta property=\"og:locale\" content=\"pt_BR\" \/>\n<meta property=\"og:type\" content=\"article\" \/>\n<meta property=\"og:title\" content=\"Primeiro trem de carga China-Laos chega a Vientiane - Xinhua - Diario de Pernambuco\" \/>\n<meta property=\"og:description\" content=\"Vientiane &#8212; O primeiro trem de carga internacional da Ferrovia China-Laos partindo de Kunming, na Prov\u00edncia de Yunnan, no sudoeste chin\u00eas, chegou \u00e0 capital do Laos, Vientiane, neste s\u00e1bado \u00e0 noite. \u00c0s 23h10, hor\u00e1rio local, o trem totalmente carregado com...\" \/>\n<meta property=\"og:url\" content=\"https:\/\/diariodepe.com.br\/xinhua\/2021\/12\/06\/primeiro-trem-de-carga-china-laos-chega-a-vientiane\/\" \/>\n<meta property=\"og:site_name\" content=\"Xinhua - Diario de Pernambuco\" \/>\n<meta property=\"article:published_time\" content=\"2021-12-06T12:43:07+00:00\" \/>\n<meta property=\"article:modified_time\" content=\"2021-12-06T12:43:10+00:00\" \/>\n<meta property=\"og:image\" content=\"https:\/\/diariodepe.com.br\/xinhua\/wp-content\/uploads\/sites\/3\/2021\/12\/1310352990_16386994962901n.jpg\" \/>\n\t<meta property=\"og:image:width\" content=\"900\" \/>\n\t<meta property=\"og:image:height\" content=\"439\" \/>\n\t<meta property=\"og:image:type\" content=\"image\/jpeg\" \/>\n<meta name=\"author\" content=\"Marcelo Oliveira de A. Maranhao\" \/>\n<meta name=\"twitter:card\" content=\"summary_large_image\" \/>\n<meta name=\"twitter:label1\" content=\"Escrito por\" \/>\n\t<meta name=\"twitter:data1\" content=\"Marcelo Oliveira de A. Maranhao\" \/>\n\t<meta name=\"twitter:label2\" content=\"Est. tempo de leitura\" \/>\n\t<meta name=\"twitter:data2\" content=\"3 minutos\" \/>\n<script type=\"application\/ld+json\" class=\"yoast-schema-graph\">{\"@context\":\"https:\\\/\\\/schema.org\",\"@graph\":[{\"@type\":\"Article\",\"@id\":\"https:\\\/\\\/diariodepe.com.br\\\/xinhua\\\/2021\\\/12\\\/06\\\/primeiro-trem-de-carga-china-laos-chega-a-vientiane\\\/#article\",\"isPartOf\":{\"@id\":\"https:\\\/\\\/diariodepe.com.br\\\/xinhua\\\/2021\\\/12\\\/06\\\/primeiro-trem-de-carga-china-laos-chega-a-vientiane\\\/\"},\"author\":{\"name\":\"Marcelo Oliveira de A. Maranhao\",\"@id\":\"https:\\\/\\\/diariodepe.com.br\\\/xinhua\\\/#\\\/schema\\\/person\\\/0943d6fd02bdc7b49c8f495e8787a2cb\"},\"headline\":\"Primeiro trem de carga China-Laos chega a Vientiane\",\"datePublished\":\"2021-12-06T12:43:07+00:00\",\"dateModified\":\"2021-12-06T12:43:10+00:00\",\"mainEntityOfPage\":{\"@id\":\"https:\\\/\\\/diariodepe.com.br\\\/xinhua\\\/2021\\\/12\\\/06\\\/primeiro-trem-de-carga-china-laos-chega-a-vientiane\\\/\"},\"wordCount\":493,\"commentCount\":0,\"publisher\":{\"@id\":\"https:\\\/\\\/diariodepe.com.br\\\/xinhua\\\/#organization\"},\"image\":{\"@id\":\"https:\\\/\\\/diariodepe.com.br\\\/xinhua\\\/2021\\\/12\\\/06\\\/primeiro-trem-de-carga-china-laos-chega-a-vientiane\\\/#primaryimage\"},\"thumbnailUrl\":\"https:\\\/\\\/diariodepe.com.br\\\/xinhua\\\/wp-content\\\/uploads\\\/sites\\\/3\\\/2021\\\/12\\\/1310352990_16386994962901n.jpg\",\"articleSection\":[\"Cultura \\\/ Tecnologia\"],\"inLanguage\":\"pt-BR\",\"potentialAction\":[{\"@type\":\"CommentAction\",\"name\":\"Comment\",\"target\":[\"https:\\\/\\\/diariodepe.com.br\\\/xinhua\\\/2021\\\/12\\\/06\\\/primeiro-trem-de-carga-china-laos-chega-a-vientiane\\\/#respond\"]}]},{\"@type\":\"WebPage\",\"@id\":\"https:\\\/\\\/diariodepe.com.br\\\/xinhua\\\/2021\\\/12\\\/06\\\/primeiro-trem-de-carga-china-laos-chega-a-vientiane\\\/\",\"url\":\"https:\\\/\\\/diariodepe.com.br\\\/xinhua\\\/2021\\\/12\\\/06\\\/primeiro-trem-de-carga-china-laos-chega-a-vientiane\\\/\",\"name\":\"Primeiro trem de carga China-Laos chega a Vientiane - Xinhua - Diario de Pernambuco\",\"isPartOf\":{\"@id\":\"https:\\\/\\\/diariodepe.com.br\\\/xinhua\\\/#website\"},\"primaryImageOfPage\":{\"@id\":\"https:\\\/\\\/diariodepe.com.br\\\/xinhua\\\/2021\\\/12\\\/06\\\/primeiro-trem-de-carga-china-laos-chega-a-vientiane\\\/#primaryimage\"},\"image\":{\"@id\":\"https:\\\/\\\/diariodepe.com.br\\\/xinhua\\\/2021\\\/12\\\/06\\\/primeiro-trem-de-carga-china-laos-chega-a-vientiane\\\/#primaryimage\"},\"thumbnailUrl\":\"https:\\\/\\\/diariodepe.com.br\\\/xinhua\\\/wp-content\\\/uploads\\\/sites\\\/3\\\/2021\\\/12\\\/1310352990_16386994962901n.jpg\",\"datePublished\":\"2021-12-06T12:43:07+00:00\",\"dateModified\":\"2021-12-06T12:43:10+00:00\",\"breadcrumb\":{\"@id\":\"https:\\\/\\\/diariodepe.com.br\\\/xinhua\\\/2021\\\/12\\\/06\\\/primeiro-trem-de-carga-china-laos-chega-a-vientiane\\\/#breadcrumb\"},\"inLanguage\":\"pt-BR\",\"potentialAction\":[{\"@type\":\"ReadAction\",\"target\":[\"https:\\\/\\\/diariodepe.com.br\\\/xinhua\\\/2021\\\/12\\\/06\\\/primeiro-trem-de-carga-china-laos-chega-a-vientiane\\\/\"]}]},{\"@type\":\"ImageObject\",\"inLanguage\":\"pt-BR\",\"@id\":\"https:\\\/\\\/diariodepe.com.br\\\/xinhua\\\/2021\\\/12\\\/06\\\/primeiro-trem-de-carga-china-laos-chega-a-vientiane\\\/#primaryimage\",\"url\":\"https:\\\/\\\/diariodepe.com.br\\\/xinhua\\\/wp-content\\\/uploads\\\/sites\\\/3\\\/2021\\\/12\\\/1310352990_16386994962901n.jpg\",\"contentUrl\":\"https:\\\/\\\/diariodepe.com.br\\\/xinhua\\\/wp-content\\\/uploads\\\/sites\\\/3\\\/2021\\\/12\\\/1310352990_16386994962901n.jpg\",\"width\":900,\"height\":439,\"caption\":\"Foto a\u00e9rea tirada em 4 de dezembro de 2021 mostra um trem de carga internacional rumo ao Laos perto da fronteira China-Laos. (Xinhua\\\/Jiang Wenyao)\"},{\"@type\":\"BreadcrumbList\",\"@id\":\"https:\\\/\\\/diariodepe.com.br\\\/xinhua\\\/2021\\\/12\\\/06\\\/primeiro-trem-de-carga-china-laos-chega-a-vientiane\\\/#breadcrumb\",\"itemListElement\":[{\"@type\":\"ListItem\",\"position\":1,\"name\":\"In\u00edcio\",\"item\":\"https:\\\/\\\/diariodepe.com.br\\\/xinhua\\\/\"},{\"@type\":\"ListItem\",\"position\":2,\"name\":\"Primeiro trem de carga China-Laos chega a Vientiane\"}]},{\"@type\":\"WebSite\",\"@id\":\"https:\\\/\\\/diariodepe.com.br\\\/xinhua\\\/#website\",\"url\":\"https:\\\/\\\/diariodepe.com.br\\\/xinhua\\\/\",\"name\":\"Xinhua - Diario de Pernambuco\",\"description\":\"A maior ag\u00eancia de not\u00edcias da China e um dos principais canais para conhecer o pa\u00eds\",\"publisher\":{\"@id\":\"https:\\\/\\\/diariodepe.com.br\\\/xinhua\\\/#organization\"},\"potentialAction\":[{\"@type\":\"SearchAction\",\"target\":{\"@type\":\"EntryPoint\",\"urlTemplate\":\"https:\\\/\\\/diariodepe.com.br\\\/xinhua\\\/?s={search_term_string}\"},\"query-input\":{\"@type\":\"PropertyValueSpecification\",\"valueRequired\":true,\"valueName\":\"search_term_string\"}}],\"inLanguage\":\"pt-BR\"},{\"@type\":\"Organization\",\"@id\":\"https:\\\/\\\/diariodepe.com.br\\\/xinhua\\\/#organization\",\"name\":\"Xinhua - Diario de Pernambuco\",\"url\":\"https:\\\/\\\/diariodepe.com.br\\\/xinhua\\\/\",\"logo\":{\"@type\":\"ImageObject\",\"inLanguage\":\"pt-BR\",\"@id\":\"https:\\\/\\\/diariodepe.com.br\\\/xinhua\\\/#\\\/schema\\\/logo\\\/image\\\/\",\"url\":\"https:\\\/\\\/diariodepe.com.br\\\/xinhua\\\/wp-content\\\/uploads\\\/sites\\\/3\\\/2020\\\/10\\\/cropped-logo-transparente-2.png\",\"contentUrl\":\"https:\\\/\\\/diariodepe.com.br\\\/xinhua\\\/wp-content\\\/uploads\\\/sites\\\/3\\\/2020\\\/10\\\/cropped-logo-transparente-2.png\",\"width\":512,\"height\":164,\"caption\":\"Xinhua - Diario de Pernambuco\"},\"image\":{\"@id\":\"https:\\\/\\\/diariodepe.com.br\\\/xinhua\\\/#\\\/schema\\\/logo\\\/image\\\/\"}},{\"@type\":\"Person\",\"@id\":\"https:\\\/\\\/diariodepe.com.br\\\/xinhua\\\/#\\\/schema\\\/person\\\/0943d6fd02bdc7b49c8f495e8787a2cb\",\"name\":\"Marcelo Oliveira de A. Maranhao\",\"image\":{\"@type\":\"ImageObject\",\"inLanguage\":\"pt-BR\",\"@id\":\"https:\\\/\\\/secure.gravatar.com\\\/avatar\\\/f562caee940d39879c20e90eea3e4b21860c7d4c96684c23141c554824f0059c?s=96&d=mm&r=g\",\"url\":\"https:\\\/\\\/secure.gravatar.com\\\/avatar\\\/f562caee940d39879c20e90eea3e4b21860c7d4c96684c23141c554824f0059c?s=96&d=mm&r=g\",\"contentUrl\":\"https:\\\/\\\/secure.gravatar.com\\\/avatar\\\/f562caee940d39879c20e90eea3e4b21860c7d4c96684c23141c554824f0059c?s=96&d=mm&r=g\",\"caption\":\"Marcelo Oliveira de A. Maranhao\"},\"url\":\"https:\\\/\\\/diariodepe.com.br\\\/xinhua\\\/author\\\/marcelo-maranhao\\\/\"}]}<\/script>\n<!-- \/ Yoast SEO plugin. -->","yoast_head_json":{"title":"Primeiro trem de carga China-Laos chega a Vientiane - Xinhua - Diario de Pernambuco","robots":{"index":"index","follow":"follow","max-snippet":"max-snippet:-1","max-image-preview":"max-image-preview:large","max-video-preview":"max-video-preview:-1"},"canonical":"https:\/\/diariodepe.com.br\/xinhua\/2021\/12\/06\/primeiro-trem-de-carga-china-laos-chega-a-vientiane\/","og_locale":"pt_BR","og_type":"article","og_title":"Primeiro trem de carga China-Laos chega a Vientiane - Xinhua - Diario de Pernambuco","og_description":"Vientiane &#8212; O primeiro trem de carga internacional da Ferrovia China-Laos partindo de Kunming, na Prov\u00edncia de Yunnan, no sudoeste chin\u00eas, chegou \u00e0 capital do Laos, Vientiane, neste s\u00e1bado \u00e0 noite. \u00c0s 23h10, hor\u00e1rio local, o trem totalmente carregado com...","og_url":"https:\/\/diariodepe.com.br\/xinhua\/2021\/12\/06\/primeiro-trem-de-carga-china-laos-chega-a-vientiane\/","og_site_name":"Xinhua - Diario de Pernambuco","article_published_time":"2021-12-06T12:43:07+00:00","article_modified_time":"2021-12-06T12:43:10+00:00","og_image":[{"width":900,"height":439,"url":"https:\/\/diariodepe.com.br\/xinhua\/wp-content\/uploads\/sites\/3\/2021\/12\/1310352990_16386994962901n.jpg","type":"image\/jpeg"}],"author":"Marcelo Oliveira de A. Maranhao","twitter_card":"summary_large_image","twitter_misc":{"Escrito por":"Marcelo Oliveira de A. Maranhao","Est. tempo de leitura":"3 minutos"},"schema":{"@context":"https:\/\/schema.org","@graph":[{"@type":"Article","@id":"https:\/\/diariodepe.com.br\/xinhua\/2021\/12\/06\/primeiro-trem-de-carga-china-laos-chega-a-vientiane\/#article","isPartOf":{"@id":"https:\/\/diariodepe.com.br\/xinhua\/2021\/12\/06\/primeiro-trem-de-carga-china-laos-chega-a-vientiane\/"},"author":{"name":"Marcelo Oliveira de A. Maranhao","@id":"https:\/\/diariodepe.com.br\/xinhua\/#\/schema\/person\/0943d6fd02bdc7b49c8f495e8787a2cb"},"headline":"Primeiro trem de carga China-Laos chega a Vientiane","datePublished":"2021-12-06T12:43:07+00:00","dateModified":"2021-12-06T12:43:10+00:00","mainEntityOfPage":{"@id":"https:\/\/diariodepe.com.br\/xinhua\/2021\/12\/06\/primeiro-trem-de-carga-china-laos-chega-a-vientiane\/"},"wordCount":493,"commentCount":0,"publisher":{"@id":"https:\/\/diariodepe.com.br\/xinhua\/#organization"},"image":{"@id":"https:\/\/diariodepe.com.br\/xinhua\/2021\/12\/06\/primeiro-trem-de-carga-china-laos-chega-a-vientiane\/#primaryimage"},"thumbnailUrl":"https:\/\/diariodepe.com.br\/xinhua\/wp-content\/uploads\/sites\/3\/2021\/12\/1310352990_16386994962901n.jpg","articleSection":["Cultura \/ Tecnologia"],"inLanguage":"pt-BR","potentialAction":[{"@type":"CommentAction","name":"Comment","target":["https:\/\/diariodepe.com.br\/xinhua\/2021\/12\/06\/primeiro-trem-de-carga-china-laos-chega-a-vientiane\/#respond"]}]},{"@type":"WebPage","@id":"https:\/\/diariodepe.com.br\/xinhua\/2021\/12\/06\/primeiro-trem-de-carga-china-laos-chega-a-vientiane\/","url":"https:\/\/diariodepe.com.br\/xinhua\/2021\/12\/06\/primeiro-trem-de-carga-china-laos-chega-a-vientiane\/","name":"Primeiro trem de carga China-Laos chega a Vientiane - Xinhua - Diario de Pernambuco","isPartOf":{"@id":"https:\/\/diariodepe.com.br\/xinhua\/#website"},"primaryImageOfPage":{"@id":"https:\/\/diariodepe.com.br\/xinhua\/2021\/12\/06\/primeiro-trem-de-carga-china-laos-chega-a-vientiane\/#primaryimage"},"image":{"@id":"https:\/\/diariodepe.com.br\/xinhua\/2021\/12\/06\/primeiro-trem-de-carga-china-laos-chega-a-vientiane\/#primaryimage"},"thumbnailUrl":"https:\/\/diariodepe.com.br\/xinhua\/wp-content\/uploads\/sites\/3\/2021\/12\/1310352990_16386994962901n.jpg","datePublished":"2021-12-06T12:43:07+00:00","dateModified":"2021-12-06T12:43:10+00:00","breadcrumb":{"@id":"https:\/\/diariodepe.com.br\/xinhua\/2021\/12\/06\/primeiro-trem-de-carga-china-laos-chega-a-vientiane\/#breadcrumb"},"inLanguage":"pt-BR","potentialAction":[{"@type":"ReadAction","target":["https:\/\/diariodepe.com.br\/xinhua\/2021\/12\/06\/primeiro-trem-de-carga-china-laos-chega-a-vientiane\/"]}]},{"@type":"ImageObject","inLanguage":"pt-BR","@id":"https:\/\/diariodepe.com.br\/xinhua\/2021\/12\/06\/primeiro-trem-de-carga-china-laos-chega-a-vientiane\/#primaryimage","url":"https:\/\/diariodepe.com.br\/xinhua\/wp-content\/uploads\/sites\/3\/2021\/12\/1310352990_16386994962901n.jpg","contentUrl":"https:\/\/diariodepe.com.br\/xinhua\/wp-content\/uploads\/sites\/3\/2021\/12\/1310352990_16386994962901n.jpg","width":900,"height":439,"caption":"Foto a\u00e9rea tirada em 4 de dezembro de 2021 mostra um trem de carga internacional rumo ao Laos perto da fronteira China-Laos. (Xinhua\/Jiang Wenyao)"},{"@type":"BreadcrumbList","@id":"https:\/\/diariodepe.com.br\/xinhua\/2021\/12\/06\/primeiro-trem-de-carga-china-laos-chega-a-vientiane\/#breadcrumb","itemListElement":[{"@type":"ListItem","position":1,"name":"In\u00edcio","item":"https:\/\/diariodepe.com.br\/xinhua\/"},{"@type":"ListItem","position":2,"name":"Primeiro trem de carga China-Laos chega a Vientiane"}]},{"@type":"WebSite","@id":"https:\/\/diariodepe.com.br\/xinhua\/#website","url":"https:\/\/diariodepe.com.br\/xinhua\/","name":"Xinhua - Diario de Pernambuco","description":"A maior ag\u00eancia de not\u00edcias da China e um dos principais canais para conhecer o pa\u00eds","publisher":{"@id":"https:\/\/diariodepe.com.br\/xinhua\/#organization"},"potentialAction":[{"@type":"SearchAction","target":{"@type":"EntryPoint","urlTemplate":"https:\/\/diariodepe.com.br\/xinhua\/?s={search_term_string}"},"query-input":{"@type":"PropertyValueSpecification","valueRequired":true,"valueName":"search_term_string"}}],"inLanguage":"pt-BR"},{"@type":"Organization","@id":"https:\/\/diariodepe.com.br\/xinhua\/#organization","name":"Xinhua - Diario de Pernambuco","url":"https:\/\/diariodepe.com.br\/xinhua\/","logo":{"@type":"ImageObject","inLanguage":"pt-BR","@id":"https:\/\/diariodepe.com.br\/xinhua\/#\/schema\/logo\/image\/","url":"https:\/\/diariodepe.com.br\/xinhua\/wp-content\/uploads\/sites\/3\/2020\/10\/cropped-logo-transparente-2.png","contentUrl":"https:\/\/diariodepe.com.br\/xinhua\/wp-content\/uploads\/sites\/3\/2020\/10\/cropped-logo-transparente-2.png","width":512,"height":164,"caption":"Xinhua - Diario de Pernambuco"},"image":{"@id":"https:\/\/diariodepe.com.br\/xinhua\/#\/schema\/logo\/image\/"}},{"@type":"Person","@id":"https:\/\/diariodepe.com.br\/xinhua\/#\/schema\/person\/0943d6fd02bdc7b49c8f495e8787a2cb","name":"Marcelo Oliveira de A. Maranhao","image":{"@type":"ImageObject","inLanguage":"pt-BR","@id":"https:\/\/secure.gravatar.com\/avatar\/f562caee940d39879c20e90eea3e4b21860c7d4c96684c23141c554824f0059c?s=96&d=mm&r=g","url":"https:\/\/secure.gravatar.com\/avatar\/f562caee940d39879c20e90eea3e4b21860c7d4c96684c23141c554824f0059c?s=96&d=mm&r=g","contentUrl":"https:\/\/secure.gravatar.com\/avatar\/f562caee940d39879c20e90eea3e4b21860c7d4c96684c23141c554824f0059c?s=96&d=mm&r=g","caption":"Marcelo Oliveira de A. Maranhao"},"url":"https:\/\/diariodepe.com.br\/xinhua\/author\/marcelo-maranhao\/"}]}},"cc_featured_image_caption":{"caption_text":"","source_text":"","source_url":""},"amp_enabled":true,"_links":{"self":[{"href":"https:\/\/diariodepe.com.br\/xinhua\/wp-json\/wp\/v2\/posts\/4283","targetHints":{"allow":["GET"]}}],"collection":[{"href":"https:\/\/diariodepe.com.br\/xinhua\/wp-json\/wp\/v2\/posts"}],"about":[{"href":"https:\/\/diariodepe.com.br\/xinhua\/wp-json\/wp\/v2\/types\/post"}],"author":[{"embeddable":true,"href":"https:\/\/diariodepe.com.br\/xinhua\/wp-json\/wp\/v2\/users\/3"}],"replies":[{"embeddable":true,"href":"https:\/\/diariodepe.com.br\/xinhua\/wp-json\/wp\/v2\/comments?post=4283"}],"version-history":[{"count":1,"href":"https:\/\/diariodepe.com.br\/xinhua\/wp-json\/wp\/v2\/posts\/4283\/revisions"}],"predecessor-version":[{"id":4287,"href":"https:\/\/diariodepe.com.br\/xinhua\/wp-json\/wp\/v2\/posts\/4283\/revisions\/4287"}],"wp:featuredmedia":[{"embeddable":true,"href":"https:\/\/diariodepe.com.br\/xinhua\/wp-json\/wp\/v2\/media\/4284"}],"wp:attachment":[{"href":"https:\/\/diariodepe.com.br\/xinhua\/wp-json\/wp\/v2\/media?parent=4283"}],"wp:term":[{"taxonomy":"category","embeddable":true,"href":"https:\/\/diariodepe.com.br\/xinhua\/wp-json\/wp\/v2\/categories?post=4283"},{"taxonomy":"post_tag","embeddable":true,"href":"https:\/\/diariodepe.com.br\/xinhua\/wp-json\/wp\/v2\/tags?post=4283"}],"curies":[{"name":"wp","href":"https:\/\/api.w.org\/{rel}","templated":true}]}}