{"id":4252,"date":"2021-12-02T09:53:55","date_gmt":"2021-12-02T12:53:55","guid":{"rendered":"http:\/\/www.diariodepe.com.br\/xinhua\/?p=4252"},"modified":"2021-12-02T09:53:57","modified_gmt":"2021-12-02T12:53:57","slug":"premie-chines-realizara-6a-mesa-redonda-16-com-chefes-das-principais-organizacoes-economicas-internacionais","status":"publish","type":"post","link":"https:\/\/diariodepe.com.br\/xinhua\/2021\/12\/02\/premie-chines-realizara-6a-mesa-redonda-16-com-chefes-das-principais-organizacoes-economicas-internacionais\/","title":{"rendered":"Premi\u00ea chin\u00eas realizar\u00e1 6\u00aa Mesa Redonda &#8220;1+6&#8221; com chefes das principais organiza\u00e7\u00f5es econ\u00f4micas internacionais"},"content":{"rendered":"\n<p>Beijing &#8212; O primeiro-ministro chin\u00eas, Li Keqiang, vai realizar a 6\u00aa Mesa Redonda &#8220;1+6&#8221; em Beijing por videoconfer\u00eancia com l\u00edderes das principais institui\u00e7\u00f5es econ\u00f4micas internacionais no dia 6 de dezembro, anunciou nesta quinta-feira Wang Wenbin, porta-voz do Minist\u00e9rio das Rela\u00e7\u00f5es Exteriores da China.<\/p>\n\n\n\n<p>David Malpass, presidente do Grupo do Banco Mundial; Kristalina Georgieva, diretora-geral do Fundo Monet\u00e1rio Internacional; Ngozi Okonjo-Iweala, diretora-geral da Organiza\u00e7\u00e3o Mundial do Com\u00e9rcio; Guy Ryder, diretor-geral da Organiza\u00e7\u00e3o Internacional do Trabalho; Mathias Cormann, secret\u00e1rio-geral da Organiza\u00e7\u00e3o para Coopera\u00e7\u00e3o e Desenvolvimento Econ\u00f4mico, e Klaas Knot, presidente do Conselho de Estabilidade Financeira, participar\u00e3o da reuni\u00e3o, disse Wang em uma coletiva de imprensa di\u00e1ria.<\/p>\n\n\n\n<p>Com o tema &#8220;Promover um crescimento forte, inclusivo e sustent\u00e1vel da economia mundial: de recupera\u00e7\u00e3o \u00e0 reestrutura\u00e7\u00e3o&#8221;, a mesa redonda ter\u00e1 discuss\u00f5es e interc\u00e2mbios sobre m\u00faltiplos assuntos, incluindo a situa\u00e7\u00e3o econ\u00f4mica mundial, a governan\u00e7a econ\u00f4mica global e o compromisso da China em promover desenvolvimento de alta qualidade atrav\u00e9s de reforma e abertura, disse o porta-voz.&nbsp;<\/p>\n","protected":false},"excerpt":{"rendered":"<p>Beijing &#8212; O primeiro-ministro chin\u00eas, Li Keqiang, vai realizar a 6\u00aa Mesa Redonda &#8220;1+6&#8221; em Beijing por videoconfer\u00eancia com l\u00edderes das principais institui\u00e7\u00f5es econ\u00f4micas internacionais no dia 6 de dezembro, anunciou nesta quinta-feira Wang Wenbin, porta-voz do Minist\u00e9rio das Rela\u00e7\u00f5es&#8230;<\/p>\n","protected":false},"author":3,"featured_media":0,"comment_status":"open","ping_status":"open","sticky":false,"template":"","format":"standard","meta":{"footnotes":""},"categories":[4],"tags":[],"class_list":["post-4252","post","type-post","status-publish","format-standard","hentry","category-internacional"],"yoast_head":"<!-- This site is optimized with the Yoast SEO plugin v27.4 - https:\/\/yoast.com\/product\/yoast-seo-wordpress\/ -->\n<title>Premi\u00ea chin\u00eas realizar\u00e1 6\u00aa Mesa Redonda &quot;1+6&quot; com chefes das principais organiza\u00e7\u00f5es econ\u00f4micas internacionais - Xinhua - Diario de Pernambuco<\/title>\n<meta name=\"robots\" content=\"index, follow, max-snippet:-1, max-image-preview:large, max-video-preview:-1\" \/>\n<link rel=\"canonical\" href=\"https:\/\/diariodepe.com.br\/xinhua\/2021\/12\/02\/premie-chines-realizara-6a-mesa-redonda-16-com-chefes-das-principais-organizacoes-economicas-internacionais\/\" \/>\n<meta property=\"og:locale\" content=\"pt_BR\" \/>\n<meta property=\"og:type\" content=\"article\" \/>\n<meta property=\"og:title\" content=\"Premi\u00ea chin\u00eas realizar\u00e1 6\u00aa Mesa Redonda &quot;1+6&quot; com chefes das principais organiza\u00e7\u00f5es econ\u00f4micas internacionais - Xinhua - Diario de Pernambuco\" \/>\n<meta property=\"og:description\" content=\"Beijing &#8212; O primeiro-ministro chin\u00eas, Li Keqiang, vai realizar a 6\u00aa Mesa Redonda &#8220;1+6&#8221; em Beijing por videoconfer\u00eancia com l\u00edderes das principais institui\u00e7\u00f5es econ\u00f4micas internacionais no dia 6 de dezembro, anunciou nesta quinta-feira Wang Wenbin, porta-voz do Minist\u00e9rio das Rela\u00e7\u00f5es...\" \/>\n<meta property=\"og:url\" content=\"https:\/\/diariodepe.com.br\/xinhua\/2021\/12\/02\/premie-chines-realizara-6a-mesa-redonda-16-com-chefes-das-principais-organizacoes-economicas-internacionais\/\" \/>\n<meta property=\"og:site_name\" content=\"Xinhua - Diario de Pernambuco\" \/>\n<meta property=\"article:published_time\" content=\"2021-12-02T12:53:55+00:00\" \/>\n<meta property=\"article:modified_time\" content=\"2021-12-02T12:53:57+00:00\" \/>\n<meta name=\"author\" content=\"Marcelo Oliveira de A. Maranhao\" \/>\n<meta name=\"twitter:card\" content=\"summary_large_image\" \/>\n<meta name=\"twitter:label1\" content=\"Escrito por\" \/>\n\t<meta name=\"twitter:data1\" content=\"Marcelo Oliveira de A. Maranhao\" \/>\n\t<meta name=\"twitter:label2\" content=\"Est. tempo de leitura\" \/>\n\t<meta name=\"twitter:data2\" content=\"1 minuto\" \/>\n<script type=\"application\/ld+json\" class=\"yoast-schema-graph\">{\"@context\":\"https:\\\/\\\/schema.org\",\"@graph\":[{\"@type\":\"Article\",\"@id\":\"https:\\\/\\\/diariodepe.com.br\\\/xinhua\\\/2021\\\/12\\\/02\\\/premie-chines-realizara-6a-mesa-redonda-16-com-chefes-das-principais-organizacoes-economicas-internacionais\\\/#article\",\"isPartOf\":{\"@id\":\"https:\\\/\\\/diariodepe.com.br\\\/xinhua\\\/2021\\\/12\\\/02\\\/premie-chines-realizara-6a-mesa-redonda-16-com-chefes-das-principais-organizacoes-economicas-internacionais\\\/\"},\"author\":{\"name\":\"Marcelo Oliveira de A. Maranhao\",\"@id\":\"https:\\\/\\\/diariodepe.com.br\\\/xinhua\\\/#\\\/schema\\\/person\\\/0943d6fd02bdc7b49c8f495e8787a2cb\"},\"headline\":\"Premi\u00ea chin\u00eas realizar\u00e1 6\u00aa Mesa Redonda &#8220;1+6&#8221; com chefes das principais organiza\u00e7\u00f5es econ\u00f4micas internacionais\",\"datePublished\":\"2021-12-02T12:53:55+00:00\",\"dateModified\":\"2021-12-02T12:53:57+00:00\",\"mainEntityOfPage\":{\"@id\":\"https:\\\/\\\/diariodepe.com.br\\\/xinhua\\\/2021\\\/12\\\/02\\\/premie-chines-realizara-6a-mesa-redonda-16-com-chefes-das-principais-organizacoes-economicas-internacionais\\\/\"},\"wordCount\":200,\"commentCount\":0,\"publisher\":{\"@id\":\"https:\\\/\\\/diariodepe.com.br\\\/xinhua\\\/#organization\"},\"articleSection\":[\"Internacional\"],\"inLanguage\":\"pt-BR\",\"potentialAction\":[{\"@type\":\"CommentAction\",\"name\":\"Comment\",\"target\":[\"https:\\\/\\\/diariodepe.com.br\\\/xinhua\\\/2021\\\/12\\\/02\\\/premie-chines-realizara-6a-mesa-redonda-16-com-chefes-das-principais-organizacoes-economicas-internacionais\\\/#respond\"]}]},{\"@type\":\"WebPage\",\"@id\":\"https:\\\/\\\/diariodepe.com.br\\\/xinhua\\\/2021\\\/12\\\/02\\\/premie-chines-realizara-6a-mesa-redonda-16-com-chefes-das-principais-organizacoes-economicas-internacionais\\\/\",\"url\":\"https:\\\/\\\/diariodepe.com.br\\\/xinhua\\\/2021\\\/12\\\/02\\\/premie-chines-realizara-6a-mesa-redonda-16-com-chefes-das-principais-organizacoes-economicas-internacionais\\\/\",\"name\":\"Premi\u00ea chin\u00eas realizar\u00e1 6\u00aa Mesa Redonda \\\"1+6\\\" com chefes das principais organiza\u00e7\u00f5es econ\u00f4micas internacionais - Xinhua - Diario de Pernambuco\",\"isPartOf\":{\"@id\":\"https:\\\/\\\/diariodepe.com.br\\\/xinhua\\\/#website\"},\"datePublished\":\"2021-12-02T12:53:55+00:00\",\"dateModified\":\"2021-12-02T12:53:57+00:00\",\"breadcrumb\":{\"@id\":\"https:\\\/\\\/diariodepe.com.br\\\/xinhua\\\/2021\\\/12\\\/02\\\/premie-chines-realizara-6a-mesa-redonda-16-com-chefes-das-principais-organizacoes-economicas-internacionais\\\/#breadcrumb\"},\"inLanguage\":\"pt-BR\",\"potentialAction\":[{\"@type\":\"ReadAction\",\"target\":[\"https:\\\/\\\/diariodepe.com.br\\\/xinhua\\\/2021\\\/12\\\/02\\\/premie-chines-realizara-6a-mesa-redonda-16-com-chefes-das-principais-organizacoes-economicas-internacionais\\\/\"]}]},{\"@type\":\"BreadcrumbList\",\"@id\":\"https:\\\/\\\/diariodepe.com.br\\\/xinhua\\\/2021\\\/12\\\/02\\\/premie-chines-realizara-6a-mesa-redonda-16-com-chefes-das-principais-organizacoes-economicas-internacionais\\\/#breadcrumb\",\"itemListElement\":[{\"@type\":\"ListItem\",\"position\":1,\"name\":\"In\u00edcio\",\"item\":\"https:\\\/\\\/diariodepe.com.br\\\/xinhua\\\/\"},{\"@type\":\"ListItem\",\"position\":2,\"name\":\"Premi\u00ea chin\u00eas realizar\u00e1 6\u00aa Mesa Redonda &#8220;1+6&#8221; com chefes das principais organiza\u00e7\u00f5es econ\u00f4micas internacionais\"}]},{\"@type\":\"WebSite\",\"@id\":\"https:\\\/\\\/diariodepe.com.br\\\/xinhua\\\/#website\",\"url\":\"https:\\\/\\\/diariodepe.com.br\\\/xinhua\\\/\",\"name\":\"Xinhua - Diario de Pernambuco\",\"description\":\"A maior ag\u00eancia de not\u00edcias da China e um dos principais canais para conhecer o pa\u00eds\",\"publisher\":{\"@id\":\"https:\\\/\\\/diariodepe.com.br\\\/xinhua\\\/#organization\"},\"potentialAction\":[{\"@type\":\"SearchAction\",\"target\":{\"@type\":\"EntryPoint\",\"urlTemplate\":\"https:\\\/\\\/diariodepe.com.br\\\/xinhua\\\/?s={search_term_string}\"},\"query-input\":{\"@type\":\"PropertyValueSpecification\",\"valueRequired\":true,\"valueName\":\"search_term_string\"}}],\"inLanguage\":\"pt-BR\"},{\"@type\":\"Organization\",\"@id\":\"https:\\\/\\\/diariodepe.com.br\\\/xinhua\\\/#organization\",\"name\":\"Xinhua - Diario de Pernambuco\",\"url\":\"https:\\\/\\\/diariodepe.com.br\\\/xinhua\\\/\",\"logo\":{\"@type\":\"ImageObject\",\"inLanguage\":\"pt-BR\",\"@id\":\"https:\\\/\\\/diariodepe.com.br\\\/xinhua\\\/#\\\/schema\\\/logo\\\/image\\\/\",\"url\":\"https:\\\/\\\/diariodepe.com.br\\\/xinhua\\\/wp-content\\\/uploads\\\/sites\\\/3\\\/2020\\\/10\\\/cropped-logo-transparente-2.png\",\"contentUrl\":\"https:\\\/\\\/diariodepe.com.br\\\/xinhua\\\/wp-content\\\/uploads\\\/sites\\\/3\\\/2020\\\/10\\\/cropped-logo-transparente-2.png\",\"width\":512,\"height\":164,\"caption\":\"Xinhua - Diario de Pernambuco\"},\"image\":{\"@id\":\"https:\\\/\\\/diariodepe.com.br\\\/xinhua\\\/#\\\/schema\\\/logo\\\/image\\\/\"}},{\"@type\":\"Person\",\"@id\":\"https:\\\/\\\/diariodepe.com.br\\\/xinhua\\\/#\\\/schema\\\/person\\\/0943d6fd02bdc7b49c8f495e8787a2cb\",\"name\":\"Marcelo Oliveira de A. Maranhao\",\"image\":{\"@type\":\"ImageObject\",\"inLanguage\":\"pt-BR\",\"@id\":\"https:\\\/\\\/secure.gravatar.com\\\/avatar\\\/f562caee940d39879c20e90eea3e4b21860c7d4c96684c23141c554824f0059c?s=96&d=mm&r=g\",\"url\":\"https:\\\/\\\/secure.gravatar.com\\\/avatar\\\/f562caee940d39879c20e90eea3e4b21860c7d4c96684c23141c554824f0059c?s=96&d=mm&r=g\",\"contentUrl\":\"https:\\\/\\\/secure.gravatar.com\\\/avatar\\\/f562caee940d39879c20e90eea3e4b21860c7d4c96684c23141c554824f0059c?s=96&d=mm&r=g\",\"caption\":\"Marcelo Oliveira de A. Maranhao\"},\"url\":\"https:\\\/\\\/diariodepe.com.br\\\/xinhua\\\/author\\\/marcelo-maranhao\\\/\"}]}<\/script>\n<!-- \/ Yoast SEO plugin. -->","yoast_head_json":{"title":"Premi\u00ea chin\u00eas realizar\u00e1 6\u00aa Mesa Redonda \"1+6\" com chefes das principais organiza\u00e7\u00f5es econ\u00f4micas internacionais - Xinhua - Diario de Pernambuco","robots":{"index":"index","follow":"follow","max-snippet":"max-snippet:-1","max-image-preview":"max-image-preview:large","max-video-preview":"max-video-preview:-1"},"canonical":"https:\/\/diariodepe.com.br\/xinhua\/2021\/12\/02\/premie-chines-realizara-6a-mesa-redonda-16-com-chefes-das-principais-organizacoes-economicas-internacionais\/","og_locale":"pt_BR","og_type":"article","og_title":"Premi\u00ea chin\u00eas realizar\u00e1 6\u00aa Mesa Redonda \"1+6\" com chefes das principais organiza\u00e7\u00f5es econ\u00f4micas internacionais - Xinhua - Diario de Pernambuco","og_description":"Beijing &#8212; O primeiro-ministro chin\u00eas, Li Keqiang, vai realizar a 6\u00aa Mesa Redonda &#8220;1+6&#8221; em Beijing por videoconfer\u00eancia com l\u00edderes das principais institui\u00e7\u00f5es econ\u00f4micas internacionais no dia 6 de dezembro, anunciou nesta quinta-feira Wang Wenbin, porta-voz do Minist\u00e9rio das Rela\u00e7\u00f5es...","og_url":"https:\/\/diariodepe.com.br\/xinhua\/2021\/12\/02\/premie-chines-realizara-6a-mesa-redonda-16-com-chefes-das-principais-organizacoes-economicas-internacionais\/","og_site_name":"Xinhua - Diario de Pernambuco","article_published_time":"2021-12-02T12:53:55+00:00","article_modified_time":"2021-12-02T12:53:57+00:00","author":"Marcelo Oliveira de A. Maranhao","twitter_card":"summary_large_image","twitter_misc":{"Escrito por":"Marcelo Oliveira de A. Maranhao","Est. tempo de leitura":"1 minuto"},"schema":{"@context":"https:\/\/schema.org","@graph":[{"@type":"Article","@id":"https:\/\/diariodepe.com.br\/xinhua\/2021\/12\/02\/premie-chines-realizara-6a-mesa-redonda-16-com-chefes-das-principais-organizacoes-economicas-internacionais\/#article","isPartOf":{"@id":"https:\/\/diariodepe.com.br\/xinhua\/2021\/12\/02\/premie-chines-realizara-6a-mesa-redonda-16-com-chefes-das-principais-organizacoes-economicas-internacionais\/"},"author":{"name":"Marcelo Oliveira de A. Maranhao","@id":"https:\/\/diariodepe.com.br\/xinhua\/#\/schema\/person\/0943d6fd02bdc7b49c8f495e8787a2cb"},"headline":"Premi\u00ea chin\u00eas realizar\u00e1 6\u00aa Mesa Redonda &#8220;1+6&#8221; com chefes das principais organiza\u00e7\u00f5es econ\u00f4micas internacionais","datePublished":"2021-12-02T12:53:55+00:00","dateModified":"2021-12-02T12:53:57+00:00","mainEntityOfPage":{"@id":"https:\/\/diariodepe.com.br\/xinhua\/2021\/12\/02\/premie-chines-realizara-6a-mesa-redonda-16-com-chefes-das-principais-organizacoes-economicas-internacionais\/"},"wordCount":200,"commentCount":0,"publisher":{"@id":"https:\/\/diariodepe.com.br\/xinhua\/#organization"},"articleSection":["Internacional"],"inLanguage":"pt-BR","potentialAction":[{"@type":"CommentAction","name":"Comment","target":["https:\/\/diariodepe.com.br\/xinhua\/2021\/12\/02\/premie-chines-realizara-6a-mesa-redonda-16-com-chefes-das-principais-organizacoes-economicas-internacionais\/#respond"]}]},{"@type":"WebPage","@id":"https:\/\/diariodepe.com.br\/xinhua\/2021\/12\/02\/premie-chines-realizara-6a-mesa-redonda-16-com-chefes-das-principais-organizacoes-economicas-internacionais\/","url":"https:\/\/diariodepe.com.br\/xinhua\/2021\/12\/02\/premie-chines-realizara-6a-mesa-redonda-16-com-chefes-das-principais-organizacoes-economicas-internacionais\/","name":"Premi\u00ea chin\u00eas realizar\u00e1 6\u00aa Mesa Redonda \"1+6\" com chefes das principais organiza\u00e7\u00f5es econ\u00f4micas internacionais - Xinhua - Diario de Pernambuco","isPartOf":{"@id":"https:\/\/diariodepe.com.br\/xinhua\/#website"},"datePublished":"2021-12-02T12:53:55+00:00","dateModified":"2021-12-02T12:53:57+00:00","breadcrumb":{"@id":"https:\/\/diariodepe.com.br\/xinhua\/2021\/12\/02\/premie-chines-realizara-6a-mesa-redonda-16-com-chefes-das-principais-organizacoes-economicas-internacionais\/#breadcrumb"},"inLanguage":"pt-BR","potentialAction":[{"@type":"ReadAction","target":["https:\/\/diariodepe.com.br\/xinhua\/2021\/12\/02\/premie-chines-realizara-6a-mesa-redonda-16-com-chefes-das-principais-organizacoes-economicas-internacionais\/"]}]},{"@type":"BreadcrumbList","@id":"https:\/\/diariodepe.com.br\/xinhua\/2021\/12\/02\/premie-chines-realizara-6a-mesa-redonda-16-com-chefes-das-principais-organizacoes-economicas-internacionais\/#breadcrumb","itemListElement":[{"@type":"ListItem","position":1,"name":"In\u00edcio","item":"https:\/\/diariodepe.com.br\/xinhua\/"},{"@type":"ListItem","position":2,"name":"Premi\u00ea chin\u00eas realizar\u00e1 6\u00aa Mesa Redonda &#8220;1+6&#8221; com chefes das principais organiza\u00e7\u00f5es econ\u00f4micas internacionais"}]},{"@type":"WebSite","@id":"https:\/\/diariodepe.com.br\/xinhua\/#website","url":"https:\/\/diariodepe.com.br\/xinhua\/","name":"Xinhua - Diario de Pernambuco","description":"A maior ag\u00eancia de not\u00edcias da China e um dos principais canais para conhecer o pa\u00eds","publisher":{"@id":"https:\/\/diariodepe.com.br\/xinhua\/#organization"},"potentialAction":[{"@type":"SearchAction","target":{"@type":"EntryPoint","urlTemplate":"https:\/\/diariodepe.com.br\/xinhua\/?s={search_term_string}"},"query-input":{"@type":"PropertyValueSpecification","valueRequired":true,"valueName":"search_term_string"}}],"inLanguage":"pt-BR"},{"@type":"Organization","@id":"https:\/\/diariodepe.com.br\/xinhua\/#organization","name":"Xinhua - Diario de Pernambuco","url":"https:\/\/diariodepe.com.br\/xinhua\/","logo":{"@type":"ImageObject","inLanguage":"pt-BR","@id":"https:\/\/diariodepe.com.br\/xinhua\/#\/schema\/logo\/image\/","url":"https:\/\/diariodepe.com.br\/xinhua\/wp-content\/uploads\/sites\/3\/2020\/10\/cropped-logo-transparente-2.png","contentUrl":"https:\/\/diariodepe.com.br\/xinhua\/wp-content\/uploads\/sites\/3\/2020\/10\/cropped-logo-transparente-2.png","width":512,"height":164,"caption":"Xinhua - Diario de Pernambuco"},"image":{"@id":"https:\/\/diariodepe.com.br\/xinhua\/#\/schema\/logo\/image\/"}},{"@type":"Person","@id":"https:\/\/diariodepe.com.br\/xinhua\/#\/schema\/person\/0943d6fd02bdc7b49c8f495e8787a2cb","name":"Marcelo Oliveira de A. Maranhao","image":{"@type":"ImageObject","inLanguage":"pt-BR","@id":"https:\/\/secure.gravatar.com\/avatar\/f562caee940d39879c20e90eea3e4b21860c7d4c96684c23141c554824f0059c?s=96&d=mm&r=g","url":"https:\/\/secure.gravatar.com\/avatar\/f562caee940d39879c20e90eea3e4b21860c7d4c96684c23141c554824f0059c?s=96&d=mm&r=g","contentUrl":"https:\/\/secure.gravatar.com\/avatar\/f562caee940d39879c20e90eea3e4b21860c7d4c96684c23141c554824f0059c?s=96&d=mm&r=g","caption":"Marcelo Oliveira de A. Maranhao"},"url":"https:\/\/diariodepe.com.br\/xinhua\/author\/marcelo-maranhao\/"}]}},"cc_featured_image_caption":{"caption_text":"","source_text":"","source_url":""},"amp_enabled":true,"_links":{"self":[{"href":"https:\/\/diariodepe.com.br\/xinhua\/wp-json\/wp\/v2\/posts\/4252","targetHints":{"allow":["GET"]}}],"collection":[{"href":"https:\/\/diariodepe.com.br\/xinhua\/wp-json\/wp\/v2\/posts"}],"about":[{"href":"https:\/\/diariodepe.com.br\/xinhua\/wp-json\/wp\/v2\/types\/post"}],"author":[{"embeddable":true,"href":"https:\/\/diariodepe.com.br\/xinhua\/wp-json\/wp\/v2\/users\/3"}],"replies":[{"embeddable":true,"href":"https:\/\/diariodepe.com.br\/xinhua\/wp-json\/wp\/v2\/comments?post=4252"}],"version-history":[{"count":1,"href":"https:\/\/diariodepe.com.br\/xinhua\/wp-json\/wp\/v2\/posts\/4252\/revisions"}],"predecessor-version":[{"id":4253,"href":"https:\/\/diariodepe.com.br\/xinhua\/wp-json\/wp\/v2\/posts\/4252\/revisions\/4253"}],"wp:attachment":[{"href":"https:\/\/diariodepe.com.br\/xinhua\/wp-json\/wp\/v2\/media?parent=4252"}],"wp:term":[{"taxonomy":"category","embeddable":true,"href":"https:\/\/diariodepe.com.br\/xinhua\/wp-json\/wp\/v2\/categories?post=4252"},{"taxonomy":"post_tag","embeddable":true,"href":"https:\/\/diariodepe.com.br\/xinhua\/wp-json\/wp\/v2\/tags?post=4252"}],"curies":[{"name":"wp","href":"https:\/\/api.w.org\/{rel}","templated":true}]}}