{"id":4234,"date":"2021-12-01T16:30:10","date_gmt":"2021-12-01T19:30:10","guid":{"rendered":"http:\/\/www.diariodepe.com.br\/xinhua\/?p=4234"},"modified":"2021-12-01T09:23:02","modified_gmt":"2021-12-01T12:23:02","slug":"variante-omicron-de-covid-19-apresenta-riscos-de-baixa-para-economia-dos-eua-segundo-chefe-do-fed","status":"publish","type":"post","link":"https:\/\/diariodepe.com.br\/xinhua\/2021\/12\/01\/variante-omicron-de-covid-19-apresenta-riscos-de-baixa-para-economia-dos-eua-segundo-chefe-do-fed\/","title":{"rendered":"Variante Omicron de COVID-19 apresenta riscos de baixa para economia dos EUA, segundo chefe do Fed"},"content":{"rendered":"\n<p>Washington &#8211; O recente aumento de casos de COVID-19 e o surgimento da variante Omicron representam riscos negativos para o emprego e a atividade econ\u00f4mica dos EUA e aumentam a incerteza para a infla\u00e7\u00e3o, disse o presidente do Federal Reserve (Fed, banco central dos Estados Unidos), Jerome Powell, em depoimento por escrito lan\u00e7ado na tarde de segunda-feira.<\/p>\n\n\n\n<p>&#8220;Preocupa\u00e7\u00f5es maiores com o v\u00edrus podem reduzir a vontade das pessoas de trabalharem pessoalmente, o que atrasaria o progresso no mercado de trabalho e intensificaria as interrup\u00e7\u00f5es na cadeia de suprimentos&#8221;, disse Powell em depoimento preparado para uma audi\u00eancia perante o Comit\u00ea Banc\u00e1rio do Senado marcada para ter\u00e7a-feira pela manh\u00e3.<\/p>\n\n\n\n<p>Powell observou que os desequil\u00edbrios de oferta e demanda relacionados \u00e0 pandemia contribu\u00edram para aumentos de pre\u00e7os not\u00e1veis \u200b\u200bem algumas \u00e1reas, com o \u00edndice de pre\u00e7os para despesas de consumo pessoal subindo 5 por cento nos 12 meses encerrados em outubro.<\/p>\n\n\n\n<p>&#8220;\u00c9 dif\u00edcil prever a persist\u00eancia e os efeitos das restri\u00e7\u00f5es de oferta, mas agora parece que os fatores que impulsionam a infla\u00e7\u00e3o v\u00e3o perdurar no pr\u00f3ximo ano. Al\u00e9m disso, com a r\u00e1pida melhora do mercado de trabalho, a folga est\u00e1 diminuindo e os sal\u00e1rios est\u00e3o subindo em um ritmo acelerado&#8221;, disse ele.<\/p>\n\n\n\n<p>Powell tamb\u00e9m disse que o banco central entende que a alta infla\u00e7\u00e3o imp\u00f5e fardos significativos, especialmente para aqueles menos capazes de arcar com os custos mais elevados de itens essenciais como alimenta\u00e7\u00e3o, moradia e transporte.<\/p>\n\n\n\n<p>&#8220;Estamos comprometidos com nossa meta de estabilidade de pre\u00e7os. Usaremos nossas ferramentas para apoiar a economia e um mercado de trabalho forte e para evitar que uma infla\u00e7\u00e3o mais alta se fortale\u00e7a&#8221;, disse ele.<\/p>\n\n\n\n<p>O Fed se comprometeu a manter a taxa de fundos federais inalterada no n\u00edvel recorde de quase zero desde o in\u00edcio da pandemia. O banco central come\u00e7ou este m\u00eas a reduzir seu programa mensal de compra de ativos de 120 bilh\u00f5es de d\u00f3lares americanos em 15 bilh\u00f5es de d\u00f3lares. Nesse ritmo, o Fed encerraria suas compras de ativos at\u00e9 junho do pr\u00f3ximo ano.<\/p>\n\n\n\n<p>\u00c9 muito cedo para julgar as implica\u00e7\u00f5es para a sa\u00fade e os efeitos econ\u00f4micos da emergente variante Omicron, de acordo com uma an\u00e1lise divulgada pela Oxford Economics na segunda-feira.<\/p>\n\n\n\n<p>&#8220;Se a variante Omicron acabar tendo um impacto significativo na economia, os governos e bancos centrais provavelmente focar\u00e3o sua resposta nos impactos da demanda, em vez do impacto mais amb\u00edguo da infla\u00e7\u00e3o&#8221;, segundo a an\u00e1lise.&nbsp;&nbsp;<\/p>\n","protected":false},"excerpt":{"rendered":"<p>Washington &#8211; O recente aumento de casos de COVID-19 e o surgimento da variante Omicron representam riscos negativos para o emprego e a atividade econ\u00f4mica dos EUA e aumentam a incerteza para a infla\u00e7\u00e3o, disse o presidente do Federal Reserve&#8230;<\/p>\n","protected":false},"author":3,"featured_media":0,"comment_status":"open","ping_status":"open","sticky":false,"template":"","format":"standard","meta":{"footnotes":""},"categories":[1],"tags":[],"class_list":["post-4234","post","type-post","status-publish","format-standard","hentry","category-geral"],"yoast_head":"<!-- This site is optimized with the Yoast SEO plugin v27.4 - https:\/\/yoast.com\/product\/yoast-seo-wordpress\/ -->\n<title>Variante Omicron de COVID-19 apresenta riscos de baixa para economia dos EUA, segundo chefe do Fed - Xinhua - Diario de Pernambuco<\/title>\n<meta name=\"robots\" content=\"index, follow, max-snippet:-1, max-image-preview:large, max-video-preview:-1\" \/>\n<link rel=\"canonical\" href=\"https:\/\/diariodepe.com.br\/xinhua\/2021\/12\/01\/variante-omicron-de-covid-19-apresenta-riscos-de-baixa-para-economia-dos-eua-segundo-chefe-do-fed\/\" \/>\n<meta property=\"og:locale\" content=\"pt_BR\" \/>\n<meta property=\"og:type\" content=\"article\" \/>\n<meta property=\"og:title\" content=\"Variante Omicron de COVID-19 apresenta riscos de baixa para economia dos EUA, segundo chefe do Fed - Xinhua - Diario de Pernambuco\" \/>\n<meta property=\"og:description\" content=\"Washington &#8211; O recente aumento de casos de COVID-19 e o surgimento da variante Omicron representam riscos negativos para o emprego e a atividade econ\u00f4mica dos EUA e aumentam a incerteza para a infla\u00e7\u00e3o, disse o presidente do Federal Reserve...\" \/>\n<meta property=\"og:url\" content=\"https:\/\/diariodepe.com.br\/xinhua\/2021\/12\/01\/variante-omicron-de-covid-19-apresenta-riscos-de-baixa-para-economia-dos-eua-segundo-chefe-do-fed\/\" \/>\n<meta property=\"og:site_name\" content=\"Xinhua - Diario de Pernambuco\" \/>\n<meta property=\"article:published_time\" content=\"2021-12-01T19:30:10+00:00\" \/>\n<meta name=\"author\" content=\"Marcelo Oliveira de A. Maranhao\" \/>\n<meta name=\"twitter:card\" content=\"summary_large_image\" \/>\n<meta name=\"twitter:label1\" content=\"Escrito por\" \/>\n\t<meta name=\"twitter:data1\" content=\"Marcelo Oliveira de A. Maranhao\" \/>\n\t<meta name=\"twitter:label2\" content=\"Est. tempo de leitura\" \/>\n\t<meta name=\"twitter:data2\" content=\"2 minutos\" \/>\n<script type=\"application\/ld+json\" class=\"yoast-schema-graph\">{\"@context\":\"https:\\\/\\\/schema.org\",\"@graph\":[{\"@type\":\"Article\",\"@id\":\"https:\\\/\\\/diariodepe.com.br\\\/xinhua\\\/2021\\\/12\\\/01\\\/variante-omicron-de-covid-19-apresenta-riscos-de-baixa-para-economia-dos-eua-segundo-chefe-do-fed\\\/#article\",\"isPartOf\":{\"@id\":\"https:\\\/\\\/diariodepe.com.br\\\/xinhua\\\/2021\\\/12\\\/01\\\/variante-omicron-de-covid-19-apresenta-riscos-de-baixa-para-economia-dos-eua-segundo-chefe-do-fed\\\/\"},\"author\":{\"name\":\"Marcelo Oliveira de A. Maranhao\",\"@id\":\"https:\\\/\\\/diariodepe.com.br\\\/xinhua\\\/#\\\/schema\\\/person\\\/0943d6fd02bdc7b49c8f495e8787a2cb\"},\"headline\":\"Variante Omicron de COVID-19 apresenta riscos de baixa para economia dos EUA, segundo chefe do Fed\",\"datePublished\":\"2021-12-01T19:30:10+00:00\",\"mainEntityOfPage\":{\"@id\":\"https:\\\/\\\/diariodepe.com.br\\\/xinhua\\\/2021\\\/12\\\/01\\\/variante-omicron-de-covid-19-apresenta-riscos-de-baixa-para-economia-dos-eua-segundo-chefe-do-fed\\\/\"},\"wordCount\":455,\"commentCount\":0,\"publisher\":{\"@id\":\"https:\\\/\\\/diariodepe.com.br\\\/xinhua\\\/#organization\"},\"articleSection\":[\"Geral\"],\"inLanguage\":\"pt-BR\",\"potentialAction\":[{\"@type\":\"CommentAction\",\"name\":\"Comment\",\"target\":[\"https:\\\/\\\/diariodepe.com.br\\\/xinhua\\\/2021\\\/12\\\/01\\\/variante-omicron-de-covid-19-apresenta-riscos-de-baixa-para-economia-dos-eua-segundo-chefe-do-fed\\\/#respond\"]}]},{\"@type\":\"WebPage\",\"@id\":\"https:\\\/\\\/diariodepe.com.br\\\/xinhua\\\/2021\\\/12\\\/01\\\/variante-omicron-de-covid-19-apresenta-riscos-de-baixa-para-economia-dos-eua-segundo-chefe-do-fed\\\/\",\"url\":\"https:\\\/\\\/diariodepe.com.br\\\/xinhua\\\/2021\\\/12\\\/01\\\/variante-omicron-de-covid-19-apresenta-riscos-de-baixa-para-economia-dos-eua-segundo-chefe-do-fed\\\/\",\"name\":\"Variante Omicron de COVID-19 apresenta riscos de baixa para economia dos EUA, segundo chefe do Fed - Xinhua - Diario de Pernambuco\",\"isPartOf\":{\"@id\":\"https:\\\/\\\/diariodepe.com.br\\\/xinhua\\\/#website\"},\"datePublished\":\"2021-12-01T19:30:10+00:00\",\"breadcrumb\":{\"@id\":\"https:\\\/\\\/diariodepe.com.br\\\/xinhua\\\/2021\\\/12\\\/01\\\/variante-omicron-de-covid-19-apresenta-riscos-de-baixa-para-economia-dos-eua-segundo-chefe-do-fed\\\/#breadcrumb\"},\"inLanguage\":\"pt-BR\",\"potentialAction\":[{\"@type\":\"ReadAction\",\"target\":[\"https:\\\/\\\/diariodepe.com.br\\\/xinhua\\\/2021\\\/12\\\/01\\\/variante-omicron-de-covid-19-apresenta-riscos-de-baixa-para-economia-dos-eua-segundo-chefe-do-fed\\\/\"]}]},{\"@type\":\"BreadcrumbList\",\"@id\":\"https:\\\/\\\/diariodepe.com.br\\\/xinhua\\\/2021\\\/12\\\/01\\\/variante-omicron-de-covid-19-apresenta-riscos-de-baixa-para-economia-dos-eua-segundo-chefe-do-fed\\\/#breadcrumb\",\"itemListElement\":[{\"@type\":\"ListItem\",\"position\":1,\"name\":\"In\u00edcio\",\"item\":\"https:\\\/\\\/diariodepe.com.br\\\/xinhua\\\/\"},{\"@type\":\"ListItem\",\"position\":2,\"name\":\"Variante Omicron de COVID-19 apresenta riscos de baixa para economia dos EUA, segundo chefe do Fed\"}]},{\"@type\":\"WebSite\",\"@id\":\"https:\\\/\\\/diariodepe.com.br\\\/xinhua\\\/#website\",\"url\":\"https:\\\/\\\/diariodepe.com.br\\\/xinhua\\\/\",\"name\":\"Xinhua - Diario de Pernambuco\",\"description\":\"A maior ag\u00eancia de not\u00edcias da China e um dos principais canais para conhecer o pa\u00eds\",\"publisher\":{\"@id\":\"https:\\\/\\\/diariodepe.com.br\\\/xinhua\\\/#organization\"},\"potentialAction\":[{\"@type\":\"SearchAction\",\"target\":{\"@type\":\"EntryPoint\",\"urlTemplate\":\"https:\\\/\\\/diariodepe.com.br\\\/xinhua\\\/?s={search_term_string}\"},\"query-input\":{\"@type\":\"PropertyValueSpecification\",\"valueRequired\":true,\"valueName\":\"search_term_string\"}}],\"inLanguage\":\"pt-BR\"},{\"@type\":\"Organization\",\"@id\":\"https:\\\/\\\/diariodepe.com.br\\\/xinhua\\\/#organization\",\"name\":\"Xinhua - Diario de Pernambuco\",\"url\":\"https:\\\/\\\/diariodepe.com.br\\\/xinhua\\\/\",\"logo\":{\"@type\":\"ImageObject\",\"inLanguage\":\"pt-BR\",\"@id\":\"https:\\\/\\\/diariodepe.com.br\\\/xinhua\\\/#\\\/schema\\\/logo\\\/image\\\/\",\"url\":\"https:\\\/\\\/diariodepe.com.br\\\/xinhua\\\/wp-content\\\/uploads\\\/sites\\\/3\\\/2020\\\/10\\\/cropped-logo-transparente-2.png\",\"contentUrl\":\"https:\\\/\\\/diariodepe.com.br\\\/xinhua\\\/wp-content\\\/uploads\\\/sites\\\/3\\\/2020\\\/10\\\/cropped-logo-transparente-2.png\",\"width\":512,\"height\":164,\"caption\":\"Xinhua - Diario de Pernambuco\"},\"image\":{\"@id\":\"https:\\\/\\\/diariodepe.com.br\\\/xinhua\\\/#\\\/schema\\\/logo\\\/image\\\/\"}},{\"@type\":\"Person\",\"@id\":\"https:\\\/\\\/diariodepe.com.br\\\/xinhua\\\/#\\\/schema\\\/person\\\/0943d6fd02bdc7b49c8f495e8787a2cb\",\"name\":\"Marcelo Oliveira de A. Maranhao\",\"image\":{\"@type\":\"ImageObject\",\"inLanguage\":\"pt-BR\",\"@id\":\"https:\\\/\\\/secure.gravatar.com\\\/avatar\\\/f562caee940d39879c20e90eea3e4b21860c7d4c96684c23141c554824f0059c?s=96&d=mm&r=g\",\"url\":\"https:\\\/\\\/secure.gravatar.com\\\/avatar\\\/f562caee940d39879c20e90eea3e4b21860c7d4c96684c23141c554824f0059c?s=96&d=mm&r=g\",\"contentUrl\":\"https:\\\/\\\/secure.gravatar.com\\\/avatar\\\/f562caee940d39879c20e90eea3e4b21860c7d4c96684c23141c554824f0059c?s=96&d=mm&r=g\",\"caption\":\"Marcelo Oliveira de A. Maranhao\"},\"url\":\"https:\\\/\\\/diariodepe.com.br\\\/xinhua\\\/author\\\/marcelo-maranhao\\\/\"}]}<\/script>\n<!-- \/ Yoast SEO plugin. -->","yoast_head_json":{"title":"Variante Omicron de COVID-19 apresenta riscos de baixa para economia dos EUA, segundo chefe do Fed - Xinhua - Diario de Pernambuco","robots":{"index":"index","follow":"follow","max-snippet":"max-snippet:-1","max-image-preview":"max-image-preview:large","max-video-preview":"max-video-preview:-1"},"canonical":"https:\/\/diariodepe.com.br\/xinhua\/2021\/12\/01\/variante-omicron-de-covid-19-apresenta-riscos-de-baixa-para-economia-dos-eua-segundo-chefe-do-fed\/","og_locale":"pt_BR","og_type":"article","og_title":"Variante Omicron de COVID-19 apresenta riscos de baixa para economia dos EUA, segundo chefe do Fed - Xinhua - Diario de Pernambuco","og_description":"Washington &#8211; O recente aumento de casos de COVID-19 e o surgimento da variante Omicron representam riscos negativos para o emprego e a atividade econ\u00f4mica dos EUA e aumentam a incerteza para a infla\u00e7\u00e3o, disse o presidente do Federal Reserve...","og_url":"https:\/\/diariodepe.com.br\/xinhua\/2021\/12\/01\/variante-omicron-de-covid-19-apresenta-riscos-de-baixa-para-economia-dos-eua-segundo-chefe-do-fed\/","og_site_name":"Xinhua - Diario de Pernambuco","article_published_time":"2021-12-01T19:30:10+00:00","author":"Marcelo Oliveira de A. Maranhao","twitter_card":"summary_large_image","twitter_misc":{"Escrito por":"Marcelo Oliveira de A. Maranhao","Est. tempo de leitura":"2 minutos"},"schema":{"@context":"https:\/\/schema.org","@graph":[{"@type":"Article","@id":"https:\/\/diariodepe.com.br\/xinhua\/2021\/12\/01\/variante-omicron-de-covid-19-apresenta-riscos-de-baixa-para-economia-dos-eua-segundo-chefe-do-fed\/#article","isPartOf":{"@id":"https:\/\/diariodepe.com.br\/xinhua\/2021\/12\/01\/variante-omicron-de-covid-19-apresenta-riscos-de-baixa-para-economia-dos-eua-segundo-chefe-do-fed\/"},"author":{"name":"Marcelo Oliveira de A. Maranhao","@id":"https:\/\/diariodepe.com.br\/xinhua\/#\/schema\/person\/0943d6fd02bdc7b49c8f495e8787a2cb"},"headline":"Variante Omicron de COVID-19 apresenta riscos de baixa para economia dos EUA, segundo chefe do Fed","datePublished":"2021-12-01T19:30:10+00:00","mainEntityOfPage":{"@id":"https:\/\/diariodepe.com.br\/xinhua\/2021\/12\/01\/variante-omicron-de-covid-19-apresenta-riscos-de-baixa-para-economia-dos-eua-segundo-chefe-do-fed\/"},"wordCount":455,"commentCount":0,"publisher":{"@id":"https:\/\/diariodepe.com.br\/xinhua\/#organization"},"articleSection":["Geral"],"inLanguage":"pt-BR","potentialAction":[{"@type":"CommentAction","name":"Comment","target":["https:\/\/diariodepe.com.br\/xinhua\/2021\/12\/01\/variante-omicron-de-covid-19-apresenta-riscos-de-baixa-para-economia-dos-eua-segundo-chefe-do-fed\/#respond"]}]},{"@type":"WebPage","@id":"https:\/\/diariodepe.com.br\/xinhua\/2021\/12\/01\/variante-omicron-de-covid-19-apresenta-riscos-de-baixa-para-economia-dos-eua-segundo-chefe-do-fed\/","url":"https:\/\/diariodepe.com.br\/xinhua\/2021\/12\/01\/variante-omicron-de-covid-19-apresenta-riscos-de-baixa-para-economia-dos-eua-segundo-chefe-do-fed\/","name":"Variante Omicron de COVID-19 apresenta riscos de baixa para economia dos EUA, segundo chefe do Fed - Xinhua - Diario de Pernambuco","isPartOf":{"@id":"https:\/\/diariodepe.com.br\/xinhua\/#website"},"datePublished":"2021-12-01T19:30:10+00:00","breadcrumb":{"@id":"https:\/\/diariodepe.com.br\/xinhua\/2021\/12\/01\/variante-omicron-de-covid-19-apresenta-riscos-de-baixa-para-economia-dos-eua-segundo-chefe-do-fed\/#breadcrumb"},"inLanguage":"pt-BR","potentialAction":[{"@type":"ReadAction","target":["https:\/\/diariodepe.com.br\/xinhua\/2021\/12\/01\/variante-omicron-de-covid-19-apresenta-riscos-de-baixa-para-economia-dos-eua-segundo-chefe-do-fed\/"]}]},{"@type":"BreadcrumbList","@id":"https:\/\/diariodepe.com.br\/xinhua\/2021\/12\/01\/variante-omicron-de-covid-19-apresenta-riscos-de-baixa-para-economia-dos-eua-segundo-chefe-do-fed\/#breadcrumb","itemListElement":[{"@type":"ListItem","position":1,"name":"In\u00edcio","item":"https:\/\/diariodepe.com.br\/xinhua\/"},{"@type":"ListItem","position":2,"name":"Variante Omicron de COVID-19 apresenta riscos de baixa para economia dos EUA, segundo chefe do Fed"}]},{"@type":"WebSite","@id":"https:\/\/diariodepe.com.br\/xinhua\/#website","url":"https:\/\/diariodepe.com.br\/xinhua\/","name":"Xinhua - Diario de Pernambuco","description":"A maior ag\u00eancia de not\u00edcias da China e um dos principais canais para conhecer o pa\u00eds","publisher":{"@id":"https:\/\/diariodepe.com.br\/xinhua\/#organization"},"potentialAction":[{"@type":"SearchAction","target":{"@type":"EntryPoint","urlTemplate":"https:\/\/diariodepe.com.br\/xinhua\/?s={search_term_string}"},"query-input":{"@type":"PropertyValueSpecification","valueRequired":true,"valueName":"search_term_string"}}],"inLanguage":"pt-BR"},{"@type":"Organization","@id":"https:\/\/diariodepe.com.br\/xinhua\/#organization","name":"Xinhua - Diario de Pernambuco","url":"https:\/\/diariodepe.com.br\/xinhua\/","logo":{"@type":"ImageObject","inLanguage":"pt-BR","@id":"https:\/\/diariodepe.com.br\/xinhua\/#\/schema\/logo\/image\/","url":"https:\/\/diariodepe.com.br\/xinhua\/wp-content\/uploads\/sites\/3\/2020\/10\/cropped-logo-transparente-2.png","contentUrl":"https:\/\/diariodepe.com.br\/xinhua\/wp-content\/uploads\/sites\/3\/2020\/10\/cropped-logo-transparente-2.png","width":512,"height":164,"caption":"Xinhua - Diario de Pernambuco"},"image":{"@id":"https:\/\/diariodepe.com.br\/xinhua\/#\/schema\/logo\/image\/"}},{"@type":"Person","@id":"https:\/\/diariodepe.com.br\/xinhua\/#\/schema\/person\/0943d6fd02bdc7b49c8f495e8787a2cb","name":"Marcelo Oliveira de A. Maranhao","image":{"@type":"ImageObject","inLanguage":"pt-BR","@id":"https:\/\/secure.gravatar.com\/avatar\/f562caee940d39879c20e90eea3e4b21860c7d4c96684c23141c554824f0059c?s=96&d=mm&r=g","url":"https:\/\/secure.gravatar.com\/avatar\/f562caee940d39879c20e90eea3e4b21860c7d4c96684c23141c554824f0059c?s=96&d=mm&r=g","contentUrl":"https:\/\/secure.gravatar.com\/avatar\/f562caee940d39879c20e90eea3e4b21860c7d4c96684c23141c554824f0059c?s=96&d=mm&r=g","caption":"Marcelo Oliveira de A. Maranhao"},"url":"https:\/\/diariodepe.com.br\/xinhua\/author\/marcelo-maranhao\/"}]}},"cc_featured_image_caption":{"caption_text":"","source_text":"","source_url":""},"amp_enabled":true,"_links":{"self":[{"href":"https:\/\/diariodepe.com.br\/xinhua\/wp-json\/wp\/v2\/posts\/4234","targetHints":{"allow":["GET"]}}],"collection":[{"href":"https:\/\/diariodepe.com.br\/xinhua\/wp-json\/wp\/v2\/posts"}],"about":[{"href":"https:\/\/diariodepe.com.br\/xinhua\/wp-json\/wp\/v2\/types\/post"}],"author":[{"embeddable":true,"href":"https:\/\/diariodepe.com.br\/xinhua\/wp-json\/wp\/v2\/users\/3"}],"replies":[{"embeddable":true,"href":"https:\/\/diariodepe.com.br\/xinhua\/wp-json\/wp\/v2\/comments?post=4234"}],"version-history":[{"count":1,"href":"https:\/\/diariodepe.com.br\/xinhua\/wp-json\/wp\/v2\/posts\/4234\/revisions"}],"predecessor-version":[{"id":4235,"href":"https:\/\/diariodepe.com.br\/xinhua\/wp-json\/wp\/v2\/posts\/4234\/revisions\/4235"}],"wp:attachment":[{"href":"https:\/\/diariodepe.com.br\/xinhua\/wp-json\/wp\/v2\/media?parent=4234"}],"wp:term":[{"taxonomy":"category","embeddable":true,"href":"https:\/\/diariodepe.com.br\/xinhua\/wp-json\/wp\/v2\/categories?post=4234"},{"taxonomy":"post_tag","embeddable":true,"href":"https:\/\/diariodepe.com.br\/xinhua\/wp-json\/wp\/v2\/tags?post=4234"}],"curies":[{"name":"wp","href":"https:\/\/api.w.org\/{rel}","templated":true}]}}