{"id":4222,"date":"2021-12-01T09:08:35","date_gmt":"2021-12-01T12:08:35","guid":{"rendered":"http:\/\/www.diariodepe.com.br\/xinhua\/?p=4222"},"modified":"2021-12-01T09:08:39","modified_gmt":"2021-12-01T12:08:39","slug":"nenhum-caso-da-variante-omicron-e-relatado-na-parte-continental-da-china-ate-agora-2","status":"publish","type":"post","link":"https:\/\/diariodepe.com.br\/xinhua\/2021\/12\/01\/nenhum-caso-da-variante-omicron-e-relatado-na-parte-continental-da-china-ate-agora-2\/","title":{"rendered":"Nenhum caso da variante \u00d4micron \u00e9 relatado na parte continental da China at\u00e9 agora"},"content":{"rendered":"\n<p>Beijing &#8212; A parte continental da China n\u00e3o detectou casos da variante \u00d4micron da COVID-19 at\u00e9 agora, revelou nesta ter\u00e7a-feira Xu Wenbo, funcion\u00e1rio do Centro de Controle e Preven\u00e7\u00e3o de Doen\u00e7as do pa\u00eds.<\/p>\n\n\n\n<p>Atualmente, casos da variante \u00d4micron foram relatados em pa\u00edses e regi\u00f5es, incluindo \u00c1frica do Sul, Israel, B\u00e9lgica, It\u00e1lia, Austr\u00e1lia, Canad\u00e1 e Hong Kong, destacou o oficial em uma coletiva de imprensa.<\/p>\n\n\n\n<p>De acordo com Qian Zhaohui, especialista da Academia Chinesa de Ci\u00eancias M\u00e9dicas, a variante \u00d4micron se espalha muito rapidamente com base nos dados epidemiol\u00f3gicos mais recentes relatados na \u00c1frica do Sul.<\/p>\n\n\n\n<p>No entanto, ainda \u00e9 muito cedo para dizer se a \u00d4micron substituir\u00e1 a Delta como a variante mais prevalecente, observou Qian, acrescentando que as pessoas precisam prestar muita aten\u00e7\u00e3o \u00e0 nova cepa.<\/p>\n","protected":false},"excerpt":{"rendered":"<p>Beijing &#8212; A parte continental da China n\u00e3o detectou casos da variante \u00d4micron da COVID-19 at\u00e9 agora, revelou nesta ter\u00e7a-feira Xu Wenbo, funcion\u00e1rio do Centro de Controle e Preven\u00e7\u00e3o de Doen\u00e7as do pa\u00eds. Atualmente, casos da variante \u00d4micron foram relatados&#8230;<\/p>\n","protected":false},"author":3,"featured_media":4223,"comment_status":"open","ping_status":"open","sticky":false,"template":"","format":"standard","meta":{"footnotes":""},"categories":[5],"tags":[],"class_list":["post-4222","post","type-post","status-publish","format-standard","has-post-thumbnail","hentry","category-economia"],"yoast_head":"<!-- This site is optimized with the Yoast SEO plugin v27.4 - https:\/\/yoast.com\/product\/yoast-seo-wordpress\/ -->\n<title>Nenhum caso da variante \u00d4micron \u00e9 relatado na parte continental da China at\u00e9 agora - Xinhua - Diario de Pernambuco<\/title>\n<meta name=\"robots\" content=\"index, follow, max-snippet:-1, max-image-preview:large, max-video-preview:-1\" \/>\n<link rel=\"canonical\" href=\"https:\/\/diariodepe.com.br\/xinhua\/2021\/12\/01\/nenhum-caso-da-variante-omicron-e-relatado-na-parte-continental-da-china-ate-agora-2\/\" \/>\n<meta property=\"og:locale\" content=\"pt_BR\" \/>\n<meta property=\"og:type\" content=\"article\" \/>\n<meta property=\"og:title\" content=\"Nenhum caso da variante \u00d4micron \u00e9 relatado na parte continental da China at\u00e9 agora - Xinhua - Diario de Pernambuco\" \/>\n<meta property=\"og:description\" content=\"Beijing &#8212; A parte continental da China n\u00e3o detectou casos da variante \u00d4micron da COVID-19 at\u00e9 agora, revelou nesta ter\u00e7a-feira Xu Wenbo, funcion\u00e1rio do Centro de Controle e Preven\u00e7\u00e3o de Doen\u00e7as do pa\u00eds. Atualmente, casos da variante \u00d4micron foram relatados...\" \/>\n<meta property=\"og:url\" content=\"https:\/\/diariodepe.com.br\/xinhua\/2021\/12\/01\/nenhum-caso-da-variante-omicron-e-relatado-na-parte-continental-da-china-ate-agora-2\/\" \/>\n<meta property=\"og:site_name\" content=\"Xinhua - Diario de Pernambuco\" \/>\n<meta property=\"article:published_time\" content=\"2021-12-01T12:08:35+00:00\" \/>\n<meta property=\"article:modified_time\" content=\"2021-12-01T12:08:39+00:00\" \/>\n<meta property=\"og:image\" content=\"https:\/\/diariodepe.com.br\/xinhua\/wp-content\/uploads\/sites\/3\/2021\/12\/1310344718_16383278026571n.jpg\" \/>\n\t<meta property=\"og:image:width\" content=\"900\" \/>\n\t<meta property=\"og:image:height\" content=\"599\" \/>\n\t<meta property=\"og:image:type\" content=\"image\/jpeg\" \/>\n<meta name=\"author\" content=\"Marcelo Oliveira de A. Maranhao\" \/>\n<meta name=\"twitter:card\" content=\"summary_large_image\" \/>\n<meta name=\"twitter:label1\" content=\"Escrito por\" \/>\n\t<meta name=\"twitter:data1\" content=\"Marcelo Oliveira de A. Maranhao\" \/>\n\t<meta name=\"twitter:label2\" content=\"Est. tempo de leitura\" \/>\n\t<meta name=\"twitter:data2\" content=\"1 minuto\" \/>\n<script type=\"application\/ld+json\" class=\"yoast-schema-graph\">{\"@context\":\"https:\\\/\\\/schema.org\",\"@graph\":[{\"@type\":\"Article\",\"@id\":\"https:\\\/\\\/diariodepe.com.br\\\/xinhua\\\/2021\\\/12\\\/01\\\/nenhum-caso-da-variante-omicron-e-relatado-na-parte-continental-da-china-ate-agora-2\\\/#article\",\"isPartOf\":{\"@id\":\"https:\\\/\\\/diariodepe.com.br\\\/xinhua\\\/2021\\\/12\\\/01\\\/nenhum-caso-da-variante-omicron-e-relatado-na-parte-continental-da-china-ate-agora-2\\\/\"},\"author\":{\"name\":\"Marcelo Oliveira de A. Maranhao\",\"@id\":\"https:\\\/\\\/diariodepe.com.br\\\/xinhua\\\/#\\\/schema\\\/person\\\/0943d6fd02bdc7b49c8f495e8787a2cb\"},\"headline\":\"Nenhum caso da variante \u00d4micron \u00e9 relatado na parte continental da China at\u00e9 agora\",\"datePublished\":\"2021-12-01T12:08:35+00:00\",\"dateModified\":\"2021-12-01T12:08:39+00:00\",\"mainEntityOfPage\":{\"@id\":\"https:\\\/\\\/diariodepe.com.br\\\/xinhua\\\/2021\\\/12\\\/01\\\/nenhum-caso-da-variante-omicron-e-relatado-na-parte-continental-da-china-ate-agora-2\\\/\"},\"wordCount\":153,\"commentCount\":0,\"publisher\":{\"@id\":\"https:\\\/\\\/diariodepe.com.br\\\/xinhua\\\/#organization\"},\"image\":{\"@id\":\"https:\\\/\\\/diariodepe.com.br\\\/xinhua\\\/2021\\\/12\\\/01\\\/nenhum-caso-da-variante-omicron-e-relatado-na-parte-continental-da-china-ate-agora-2\\\/#primaryimage\"},\"thumbnailUrl\":\"https:\\\/\\\/diariodepe.com.br\\\/xinhua\\\/wp-content\\\/uploads\\\/sites\\\/3\\\/2021\\\/12\\\/1310344718_16383278026571n.jpg\",\"articleSection\":[\"Economia\"],\"inLanguage\":\"pt-BR\",\"potentialAction\":[{\"@type\":\"CommentAction\",\"name\":\"Comment\",\"target\":[\"https:\\\/\\\/diariodepe.com.br\\\/xinhua\\\/2021\\\/12\\\/01\\\/nenhum-caso-da-variante-omicron-e-relatado-na-parte-continental-da-china-ate-agora-2\\\/#respond\"]}]},{\"@type\":\"WebPage\",\"@id\":\"https:\\\/\\\/diariodepe.com.br\\\/xinhua\\\/2021\\\/12\\\/01\\\/nenhum-caso-da-variante-omicron-e-relatado-na-parte-continental-da-china-ate-agora-2\\\/\",\"url\":\"https:\\\/\\\/diariodepe.com.br\\\/xinhua\\\/2021\\\/12\\\/01\\\/nenhum-caso-da-variante-omicron-e-relatado-na-parte-continental-da-china-ate-agora-2\\\/\",\"name\":\"Nenhum caso da variante \u00d4micron \u00e9 relatado na parte continental da China at\u00e9 agora - Xinhua - Diario de Pernambuco\",\"isPartOf\":{\"@id\":\"https:\\\/\\\/diariodepe.com.br\\\/xinhua\\\/#website\"},\"primaryImageOfPage\":{\"@id\":\"https:\\\/\\\/diariodepe.com.br\\\/xinhua\\\/2021\\\/12\\\/01\\\/nenhum-caso-da-variante-omicron-e-relatado-na-parte-continental-da-china-ate-agora-2\\\/#primaryimage\"},\"image\":{\"@id\":\"https:\\\/\\\/diariodepe.com.br\\\/xinhua\\\/2021\\\/12\\\/01\\\/nenhum-caso-da-variante-omicron-e-relatado-na-parte-continental-da-china-ate-agora-2\\\/#primaryimage\"},\"thumbnailUrl\":\"https:\\\/\\\/diariodepe.com.br\\\/xinhua\\\/wp-content\\\/uploads\\\/sites\\\/3\\\/2021\\\/12\\\/1310344718_16383278026571n.jpg\",\"datePublished\":\"2021-12-01T12:08:35+00:00\",\"dateModified\":\"2021-12-01T12:08:39+00:00\",\"breadcrumb\":{\"@id\":\"https:\\\/\\\/diariodepe.com.br\\\/xinhua\\\/2021\\\/12\\\/01\\\/nenhum-caso-da-variante-omicron-e-relatado-na-parte-continental-da-china-ate-agora-2\\\/#breadcrumb\"},\"inLanguage\":\"pt-BR\",\"potentialAction\":[{\"@type\":\"ReadAction\",\"target\":[\"https:\\\/\\\/diariodepe.com.br\\\/xinhua\\\/2021\\\/12\\\/01\\\/nenhum-caso-da-variante-omicron-e-relatado-na-parte-continental-da-china-ate-agora-2\\\/\"]}]},{\"@type\":\"ImageObject\",\"inLanguage\":\"pt-BR\",\"@id\":\"https:\\\/\\\/diariodepe.com.br\\\/xinhua\\\/2021\\\/12\\\/01\\\/nenhum-caso-da-variante-omicron-e-relatado-na-parte-continental-da-china-ate-agora-2\\\/#primaryimage\",\"url\":\"https:\\\/\\\/diariodepe.com.br\\\/xinhua\\\/wp-content\\\/uploads\\\/sites\\\/3\\\/2021\\\/12\\\/1310344718_16383278026571n.jpg\",\"contentUrl\":\"https:\\\/\\\/diariodepe.com.br\\\/xinhua\\\/wp-content\\\/uploads\\\/sites\\\/3\\\/2021\\\/12\\\/1310344718_16383278026571n.jpg\",\"width\":900,\"height\":599,\"caption\":\"Um profissional m\u00e9dico coleta uma amostra de um residente para teste de \u00e1cido nucleico em uma esta\u00e7\u00e3o de teste em Manzhouli, Regi\u00e3o Aut\u00f4noma da Mong\u00f3lia Interior, norte da China, 29 de novembro de 2021. (Xinhua\\\/Li Zhipeng)\"},{\"@type\":\"BreadcrumbList\",\"@id\":\"https:\\\/\\\/diariodepe.com.br\\\/xinhua\\\/2021\\\/12\\\/01\\\/nenhum-caso-da-variante-omicron-e-relatado-na-parte-continental-da-china-ate-agora-2\\\/#breadcrumb\",\"itemListElement\":[{\"@type\":\"ListItem\",\"position\":1,\"name\":\"In\u00edcio\",\"item\":\"https:\\\/\\\/diariodepe.com.br\\\/xinhua\\\/\"},{\"@type\":\"ListItem\",\"position\":2,\"name\":\"Nenhum caso da variante \u00d4micron \u00e9 relatado na parte continental da China at\u00e9 agora\"}]},{\"@type\":\"WebSite\",\"@id\":\"https:\\\/\\\/diariodepe.com.br\\\/xinhua\\\/#website\",\"url\":\"https:\\\/\\\/diariodepe.com.br\\\/xinhua\\\/\",\"name\":\"Xinhua - Diario de Pernambuco\",\"description\":\"A maior ag\u00eancia de not\u00edcias da China e um dos principais canais para conhecer o pa\u00eds\",\"publisher\":{\"@id\":\"https:\\\/\\\/diariodepe.com.br\\\/xinhua\\\/#organization\"},\"potentialAction\":[{\"@type\":\"SearchAction\",\"target\":{\"@type\":\"EntryPoint\",\"urlTemplate\":\"https:\\\/\\\/diariodepe.com.br\\\/xinhua\\\/?s={search_term_string}\"},\"query-input\":{\"@type\":\"PropertyValueSpecification\",\"valueRequired\":true,\"valueName\":\"search_term_string\"}}],\"inLanguage\":\"pt-BR\"},{\"@type\":\"Organization\",\"@id\":\"https:\\\/\\\/diariodepe.com.br\\\/xinhua\\\/#organization\",\"name\":\"Xinhua - Diario de Pernambuco\",\"url\":\"https:\\\/\\\/diariodepe.com.br\\\/xinhua\\\/\",\"logo\":{\"@type\":\"ImageObject\",\"inLanguage\":\"pt-BR\",\"@id\":\"https:\\\/\\\/diariodepe.com.br\\\/xinhua\\\/#\\\/schema\\\/logo\\\/image\\\/\",\"url\":\"https:\\\/\\\/diariodepe.com.br\\\/xinhua\\\/wp-content\\\/uploads\\\/sites\\\/3\\\/2020\\\/10\\\/cropped-logo-transparente-2.png\",\"contentUrl\":\"https:\\\/\\\/diariodepe.com.br\\\/xinhua\\\/wp-content\\\/uploads\\\/sites\\\/3\\\/2020\\\/10\\\/cropped-logo-transparente-2.png\",\"width\":512,\"height\":164,\"caption\":\"Xinhua - Diario de Pernambuco\"},\"image\":{\"@id\":\"https:\\\/\\\/diariodepe.com.br\\\/xinhua\\\/#\\\/schema\\\/logo\\\/image\\\/\"}},{\"@type\":\"Person\",\"@id\":\"https:\\\/\\\/diariodepe.com.br\\\/xinhua\\\/#\\\/schema\\\/person\\\/0943d6fd02bdc7b49c8f495e8787a2cb\",\"name\":\"Marcelo Oliveira de A. Maranhao\",\"image\":{\"@type\":\"ImageObject\",\"inLanguage\":\"pt-BR\",\"@id\":\"https:\\\/\\\/secure.gravatar.com\\\/avatar\\\/f562caee940d39879c20e90eea3e4b21860c7d4c96684c23141c554824f0059c?s=96&d=mm&r=g\",\"url\":\"https:\\\/\\\/secure.gravatar.com\\\/avatar\\\/f562caee940d39879c20e90eea3e4b21860c7d4c96684c23141c554824f0059c?s=96&d=mm&r=g\",\"contentUrl\":\"https:\\\/\\\/secure.gravatar.com\\\/avatar\\\/f562caee940d39879c20e90eea3e4b21860c7d4c96684c23141c554824f0059c?s=96&d=mm&r=g\",\"caption\":\"Marcelo Oliveira de A. Maranhao\"},\"url\":\"https:\\\/\\\/diariodepe.com.br\\\/xinhua\\\/author\\\/marcelo-maranhao\\\/\"}]}<\/script>\n<!-- \/ Yoast SEO plugin. -->","yoast_head_json":{"title":"Nenhum caso da variante \u00d4micron \u00e9 relatado na parte continental da China at\u00e9 agora - Xinhua - Diario de Pernambuco","robots":{"index":"index","follow":"follow","max-snippet":"max-snippet:-1","max-image-preview":"max-image-preview:large","max-video-preview":"max-video-preview:-1"},"canonical":"https:\/\/diariodepe.com.br\/xinhua\/2021\/12\/01\/nenhum-caso-da-variante-omicron-e-relatado-na-parte-continental-da-china-ate-agora-2\/","og_locale":"pt_BR","og_type":"article","og_title":"Nenhum caso da variante \u00d4micron \u00e9 relatado na parte continental da China at\u00e9 agora - Xinhua - Diario de Pernambuco","og_description":"Beijing &#8212; A parte continental da China n\u00e3o detectou casos da variante \u00d4micron da COVID-19 at\u00e9 agora, revelou nesta ter\u00e7a-feira Xu Wenbo, funcion\u00e1rio do Centro de Controle e Preven\u00e7\u00e3o de Doen\u00e7as do pa\u00eds. Atualmente, casos da variante \u00d4micron foram relatados...","og_url":"https:\/\/diariodepe.com.br\/xinhua\/2021\/12\/01\/nenhum-caso-da-variante-omicron-e-relatado-na-parte-continental-da-china-ate-agora-2\/","og_site_name":"Xinhua - Diario de Pernambuco","article_published_time":"2021-12-01T12:08:35+00:00","article_modified_time":"2021-12-01T12:08:39+00:00","og_image":[{"width":900,"height":599,"url":"https:\/\/diariodepe.com.br\/xinhua\/wp-content\/uploads\/sites\/3\/2021\/12\/1310344718_16383278026571n.jpg","type":"image\/jpeg"}],"author":"Marcelo Oliveira de A. Maranhao","twitter_card":"summary_large_image","twitter_misc":{"Escrito por":"Marcelo Oliveira de A. Maranhao","Est. tempo de leitura":"1 minuto"},"schema":{"@context":"https:\/\/schema.org","@graph":[{"@type":"Article","@id":"https:\/\/diariodepe.com.br\/xinhua\/2021\/12\/01\/nenhum-caso-da-variante-omicron-e-relatado-na-parte-continental-da-china-ate-agora-2\/#article","isPartOf":{"@id":"https:\/\/diariodepe.com.br\/xinhua\/2021\/12\/01\/nenhum-caso-da-variante-omicron-e-relatado-na-parte-continental-da-china-ate-agora-2\/"},"author":{"name":"Marcelo Oliveira de A. Maranhao","@id":"https:\/\/diariodepe.com.br\/xinhua\/#\/schema\/person\/0943d6fd02bdc7b49c8f495e8787a2cb"},"headline":"Nenhum caso da variante \u00d4micron \u00e9 relatado na parte continental da China at\u00e9 agora","datePublished":"2021-12-01T12:08:35+00:00","dateModified":"2021-12-01T12:08:39+00:00","mainEntityOfPage":{"@id":"https:\/\/diariodepe.com.br\/xinhua\/2021\/12\/01\/nenhum-caso-da-variante-omicron-e-relatado-na-parte-continental-da-china-ate-agora-2\/"},"wordCount":153,"commentCount":0,"publisher":{"@id":"https:\/\/diariodepe.com.br\/xinhua\/#organization"},"image":{"@id":"https:\/\/diariodepe.com.br\/xinhua\/2021\/12\/01\/nenhum-caso-da-variante-omicron-e-relatado-na-parte-continental-da-china-ate-agora-2\/#primaryimage"},"thumbnailUrl":"https:\/\/diariodepe.com.br\/xinhua\/wp-content\/uploads\/sites\/3\/2021\/12\/1310344718_16383278026571n.jpg","articleSection":["Economia"],"inLanguage":"pt-BR","potentialAction":[{"@type":"CommentAction","name":"Comment","target":["https:\/\/diariodepe.com.br\/xinhua\/2021\/12\/01\/nenhum-caso-da-variante-omicron-e-relatado-na-parte-continental-da-china-ate-agora-2\/#respond"]}]},{"@type":"WebPage","@id":"https:\/\/diariodepe.com.br\/xinhua\/2021\/12\/01\/nenhum-caso-da-variante-omicron-e-relatado-na-parte-continental-da-china-ate-agora-2\/","url":"https:\/\/diariodepe.com.br\/xinhua\/2021\/12\/01\/nenhum-caso-da-variante-omicron-e-relatado-na-parte-continental-da-china-ate-agora-2\/","name":"Nenhum caso da variante \u00d4micron \u00e9 relatado na parte continental da China at\u00e9 agora - Xinhua - Diario de Pernambuco","isPartOf":{"@id":"https:\/\/diariodepe.com.br\/xinhua\/#website"},"primaryImageOfPage":{"@id":"https:\/\/diariodepe.com.br\/xinhua\/2021\/12\/01\/nenhum-caso-da-variante-omicron-e-relatado-na-parte-continental-da-china-ate-agora-2\/#primaryimage"},"image":{"@id":"https:\/\/diariodepe.com.br\/xinhua\/2021\/12\/01\/nenhum-caso-da-variante-omicron-e-relatado-na-parte-continental-da-china-ate-agora-2\/#primaryimage"},"thumbnailUrl":"https:\/\/diariodepe.com.br\/xinhua\/wp-content\/uploads\/sites\/3\/2021\/12\/1310344718_16383278026571n.jpg","datePublished":"2021-12-01T12:08:35+00:00","dateModified":"2021-12-01T12:08:39+00:00","breadcrumb":{"@id":"https:\/\/diariodepe.com.br\/xinhua\/2021\/12\/01\/nenhum-caso-da-variante-omicron-e-relatado-na-parte-continental-da-china-ate-agora-2\/#breadcrumb"},"inLanguage":"pt-BR","potentialAction":[{"@type":"ReadAction","target":["https:\/\/diariodepe.com.br\/xinhua\/2021\/12\/01\/nenhum-caso-da-variante-omicron-e-relatado-na-parte-continental-da-china-ate-agora-2\/"]}]},{"@type":"ImageObject","inLanguage":"pt-BR","@id":"https:\/\/diariodepe.com.br\/xinhua\/2021\/12\/01\/nenhum-caso-da-variante-omicron-e-relatado-na-parte-continental-da-china-ate-agora-2\/#primaryimage","url":"https:\/\/diariodepe.com.br\/xinhua\/wp-content\/uploads\/sites\/3\/2021\/12\/1310344718_16383278026571n.jpg","contentUrl":"https:\/\/diariodepe.com.br\/xinhua\/wp-content\/uploads\/sites\/3\/2021\/12\/1310344718_16383278026571n.jpg","width":900,"height":599,"caption":"Um profissional m\u00e9dico coleta uma amostra de um residente para teste de \u00e1cido nucleico em uma esta\u00e7\u00e3o de teste em Manzhouli, Regi\u00e3o Aut\u00f4noma da Mong\u00f3lia Interior, norte da China, 29 de novembro de 2021. (Xinhua\/Li Zhipeng)"},{"@type":"BreadcrumbList","@id":"https:\/\/diariodepe.com.br\/xinhua\/2021\/12\/01\/nenhum-caso-da-variante-omicron-e-relatado-na-parte-continental-da-china-ate-agora-2\/#breadcrumb","itemListElement":[{"@type":"ListItem","position":1,"name":"In\u00edcio","item":"https:\/\/diariodepe.com.br\/xinhua\/"},{"@type":"ListItem","position":2,"name":"Nenhum caso da variante \u00d4micron \u00e9 relatado na parte continental da China at\u00e9 agora"}]},{"@type":"WebSite","@id":"https:\/\/diariodepe.com.br\/xinhua\/#website","url":"https:\/\/diariodepe.com.br\/xinhua\/","name":"Xinhua - Diario de Pernambuco","description":"A maior ag\u00eancia de not\u00edcias da China e um dos principais canais para conhecer o pa\u00eds","publisher":{"@id":"https:\/\/diariodepe.com.br\/xinhua\/#organization"},"potentialAction":[{"@type":"SearchAction","target":{"@type":"EntryPoint","urlTemplate":"https:\/\/diariodepe.com.br\/xinhua\/?s={search_term_string}"},"query-input":{"@type":"PropertyValueSpecification","valueRequired":true,"valueName":"search_term_string"}}],"inLanguage":"pt-BR"},{"@type":"Organization","@id":"https:\/\/diariodepe.com.br\/xinhua\/#organization","name":"Xinhua - Diario de Pernambuco","url":"https:\/\/diariodepe.com.br\/xinhua\/","logo":{"@type":"ImageObject","inLanguage":"pt-BR","@id":"https:\/\/diariodepe.com.br\/xinhua\/#\/schema\/logo\/image\/","url":"https:\/\/diariodepe.com.br\/xinhua\/wp-content\/uploads\/sites\/3\/2020\/10\/cropped-logo-transparente-2.png","contentUrl":"https:\/\/diariodepe.com.br\/xinhua\/wp-content\/uploads\/sites\/3\/2020\/10\/cropped-logo-transparente-2.png","width":512,"height":164,"caption":"Xinhua - Diario de Pernambuco"},"image":{"@id":"https:\/\/diariodepe.com.br\/xinhua\/#\/schema\/logo\/image\/"}},{"@type":"Person","@id":"https:\/\/diariodepe.com.br\/xinhua\/#\/schema\/person\/0943d6fd02bdc7b49c8f495e8787a2cb","name":"Marcelo Oliveira de A. Maranhao","image":{"@type":"ImageObject","inLanguage":"pt-BR","@id":"https:\/\/secure.gravatar.com\/avatar\/f562caee940d39879c20e90eea3e4b21860c7d4c96684c23141c554824f0059c?s=96&d=mm&r=g","url":"https:\/\/secure.gravatar.com\/avatar\/f562caee940d39879c20e90eea3e4b21860c7d4c96684c23141c554824f0059c?s=96&d=mm&r=g","contentUrl":"https:\/\/secure.gravatar.com\/avatar\/f562caee940d39879c20e90eea3e4b21860c7d4c96684c23141c554824f0059c?s=96&d=mm&r=g","caption":"Marcelo Oliveira de A. Maranhao"},"url":"https:\/\/diariodepe.com.br\/xinhua\/author\/marcelo-maranhao\/"}]}},"cc_featured_image_caption":{"caption_text":"","source_text":"","source_url":""},"amp_enabled":true,"_links":{"self":[{"href":"https:\/\/diariodepe.com.br\/xinhua\/wp-json\/wp\/v2\/posts\/4222","targetHints":{"allow":["GET"]}}],"collection":[{"href":"https:\/\/diariodepe.com.br\/xinhua\/wp-json\/wp\/v2\/posts"}],"about":[{"href":"https:\/\/diariodepe.com.br\/xinhua\/wp-json\/wp\/v2\/types\/post"}],"author":[{"embeddable":true,"href":"https:\/\/diariodepe.com.br\/xinhua\/wp-json\/wp\/v2\/users\/3"}],"replies":[{"embeddable":true,"href":"https:\/\/diariodepe.com.br\/xinhua\/wp-json\/wp\/v2\/comments?post=4222"}],"version-history":[{"count":1,"href":"https:\/\/diariodepe.com.br\/xinhua\/wp-json\/wp\/v2\/posts\/4222\/revisions"}],"predecessor-version":[{"id":4224,"href":"https:\/\/diariodepe.com.br\/xinhua\/wp-json\/wp\/v2\/posts\/4222\/revisions\/4224"}],"wp:featuredmedia":[{"embeddable":true,"href":"https:\/\/diariodepe.com.br\/xinhua\/wp-json\/wp\/v2\/media\/4223"}],"wp:attachment":[{"href":"https:\/\/diariodepe.com.br\/xinhua\/wp-json\/wp\/v2\/media?parent=4222"}],"wp:term":[{"taxonomy":"category","embeddable":true,"href":"https:\/\/diariodepe.com.br\/xinhua\/wp-json\/wp\/v2\/categories?post=4222"},{"taxonomy":"post_tag","embeddable":true,"href":"https:\/\/diariodepe.com.br\/xinhua\/wp-json\/wp\/v2\/tags?post=4222"}],"curies":[{"name":"wp","href":"https:\/\/api.w.org\/{rel}","templated":true}]}}