{"id":4176,"date":"2021-11-29T09:29:32","date_gmt":"2021-11-29T12:29:32","guid":{"rendered":"http:\/\/www.diariodepe.com.br\/xinhua\/?p=4176"},"modified":"2021-11-29T09:29:34","modified_gmt":"2021-11-29T12:29:34","slug":"premie-chines-pede-que-nacoes-da-asia-e-europa-adiram-a-solidariedade-e-cooperacao","status":"publish","type":"post","link":"https:\/\/diariodepe.com.br\/xinhua\/2021\/11\/29\/premie-chines-pede-que-nacoes-da-asia-e-europa-adiram-a-solidariedade-e-cooperacao\/","title":{"rendered":"Premi\u00ea chin\u00eas pede que na\u00e7\u00f5es da \u00c1sia e Europa adiram \u00e0 solidariedade e coopera\u00e7\u00e3o"},"content":{"rendered":"\n<p>Beijing &#8212; Li fez as declara\u00e7\u00f5es ao participar via videoconfer\u00eancia de uma reuni\u00e3o informal da 13\u00aa C\u00fapula da Reuni\u00e3o \u00c1sia-Europa (ASEM, sigla em ingl\u00eas). A reuni\u00e3o esteve presidida pelo primeiro-ministro do Camboja, Samdech Techo Hun Sen.<\/p>\n\n\n\n<p>A ASEM \u00e9 o maior f\u00f3rum intergovernamental entre a \u00c1sia e a Europa, e seus 53 membros representam cerca de 60% da popula\u00e7\u00e3o mundial, a metade da produ\u00e7\u00e3o econ\u00f4mica mundial e cerca de 70% do com\u00e9rcio global. Tem uma importante influ\u00eancia no panorama pol\u00edtico e econ\u00f4mico internacional, disse Li.<\/p>\n\n\n\n<p>Todos os pa\u00edses devem defender o livre com\u00e9rcio e manter est\u00e1veis e sem obst\u00e1culos as cadeias industrial e de suprimentos globais, disse Li, acrescentando que a Associa\u00e7\u00e3o Econ\u00f4mica Abrangente Regional (RCEP, sigla em ingl\u00eas) proporcionar\u00e1 um novo impulso para a recupera\u00e7\u00e3o econ\u00f4mica regional depois que entrar em vigor como est\u00e1 previsto no pr\u00f3ximo ano.<\/p>\n\n\n\n<p>Li indicou que os pa\u00edses da \u00c1sia e Europa t\u00eam diferentes hist\u00f3rias e culturas, assim como diferentes caminhos de desenvolvimento, e \u00e9 normal que tenham diferentes opini\u00f5es sobre algumas quest\u00f5es.<\/p>\n\n\n\n<p>&#8220;Mas todas as partes devem ser firmes no respeito uns aos outros, tratar-se mutuamente como iguais e procurar \u00e1reas comuns ao mesmo tempo que se reservam as diferen\u00e7as&#8221;, disse Li.<\/p>\n\n\n\n<p>Todos os pa\u00edses devem defender firmemente o sistema internacional com as Na\u00e7\u00f5es Unidas como n\u00facleo, a ordem internacional baseada no direito internacional e as normas b\u00e1sicas que regem as rela\u00e7\u00f5es internacionais com base nos prop\u00f3sitos e princ\u00edpios da Carta da ONU, disse Li.<\/p>\n\n\n\n<p>Ao abordar os assuntos internacionais e regionais prementes, todos os pa\u00edses sempre devem aderir ao multilateralismo, \u00e0 dire\u00e7\u00e3o geral de solu\u00e7\u00e3o pol\u00edtica e ao princ\u00edpio de n\u00e3o interfer\u00eancia nos assuntos internos de outros pa\u00edses, assinalou.<\/p>\n\n\n\n<p>Com esfor\u00e7os conjuntos, os pa\u00edses asi\u00e1ticos e europeus n\u00e3o s\u00f3 podem promover efetivamente a preven\u00e7\u00e3o e o controle da pandemia, mas tamb\u00e9m obter a recupera\u00e7\u00e3o econ\u00f4mica e manter a paz, a estabilidade, o desenvolvimento e a prosperidade na \u00c1sia, Europa e no mundo, acrescentou Li.<\/p>\n","protected":false},"excerpt":{"rendered":"<p>Beijing &#8212; Li fez as declara\u00e7\u00f5es ao participar via videoconfer\u00eancia de uma reuni\u00e3o informal da 13\u00aa C\u00fapula da Reuni\u00e3o \u00c1sia-Europa (ASEM, sigla em ingl\u00eas). A reuni\u00e3o esteve presidida pelo primeiro-ministro do Camboja, Samdech Techo Hun Sen. A ASEM \u00e9 o&#8230;<\/p>\n","protected":false},"author":3,"featured_media":4177,"comment_status":"open","ping_status":"open","sticky":false,"template":"","format":"standard","meta":{"footnotes":""},"categories":[4],"tags":[],"class_list":["post-4176","post","type-post","status-publish","format-standard","has-post-thumbnail","hentry","category-internacional"],"yoast_head":"<!-- This site is optimized with the Yoast SEO plugin v27.4 - https:\/\/yoast.com\/product\/yoast-seo-wordpress\/ -->\n<title>Premi\u00ea chin\u00eas pede que na\u00e7\u00f5es da \u00c1sia e Europa adiram \u00e0 solidariedade e coopera\u00e7\u00e3o - Xinhua - Diario de Pernambuco<\/title>\n<meta name=\"robots\" content=\"index, follow, max-snippet:-1, max-image-preview:large, max-video-preview:-1\" \/>\n<link rel=\"canonical\" href=\"https:\/\/diariodepe.com.br\/xinhua\/2021\/11\/29\/premie-chines-pede-que-nacoes-da-asia-e-europa-adiram-a-solidariedade-e-cooperacao\/\" \/>\n<meta property=\"og:locale\" content=\"pt_BR\" \/>\n<meta property=\"og:type\" content=\"article\" \/>\n<meta property=\"og:title\" content=\"Premi\u00ea chin\u00eas pede que na\u00e7\u00f5es da \u00c1sia e Europa adiram \u00e0 solidariedade e coopera\u00e7\u00e3o - Xinhua - Diario de Pernambuco\" \/>\n<meta property=\"og:description\" content=\"Beijing &#8212; Li fez as declara\u00e7\u00f5es ao participar via videoconfer\u00eancia de uma reuni\u00e3o informal da 13\u00aa C\u00fapula da Reuni\u00e3o \u00c1sia-Europa (ASEM, sigla em ingl\u00eas). A reuni\u00e3o esteve presidida pelo primeiro-ministro do Camboja, Samdech Techo Hun Sen. A ASEM \u00e9 o...\" \/>\n<meta property=\"og:url\" content=\"https:\/\/diariodepe.com.br\/xinhua\/2021\/11\/29\/premie-chines-pede-que-nacoes-da-asia-e-europa-adiram-a-solidariedade-e-cooperacao\/\" \/>\n<meta property=\"og:site_name\" content=\"Xinhua - Diario de Pernambuco\" \/>\n<meta property=\"article:published_time\" content=\"2021-11-29T12:29:32+00:00\" \/>\n<meta property=\"article:modified_time\" content=\"2021-11-29T12:29:34+00:00\" \/>\n<meta property=\"og:image\" content=\"https:\/\/diariodepe.com.br\/xinhua\/wp-content\/uploads\/sites\/3\/2021\/11\/1310337174_16380843925461n.jpg\" \/>\n\t<meta property=\"og:image:width\" content=\"1023\" \/>\n\t<meta property=\"og:image:height\" content=\"682\" \/>\n\t<meta property=\"og:image:type\" content=\"image\/jpeg\" \/>\n<meta name=\"author\" content=\"Marcelo Oliveira de A. Maranhao\" \/>\n<meta name=\"twitter:card\" content=\"summary_large_image\" \/>\n<meta name=\"twitter:label1\" content=\"Escrito por\" \/>\n\t<meta name=\"twitter:data1\" content=\"Marcelo Oliveira de A. Maranhao\" \/>\n\t<meta name=\"twitter:label2\" content=\"Est. tempo de leitura\" \/>\n\t<meta name=\"twitter:data2\" content=\"2 minutos\" \/>\n<script type=\"application\/ld+json\" class=\"yoast-schema-graph\">{\"@context\":\"https:\\\/\\\/schema.org\",\"@graph\":[{\"@type\":\"Article\",\"@id\":\"https:\\\/\\\/diariodepe.com.br\\\/xinhua\\\/2021\\\/11\\\/29\\\/premie-chines-pede-que-nacoes-da-asia-e-europa-adiram-a-solidariedade-e-cooperacao\\\/#article\",\"isPartOf\":{\"@id\":\"https:\\\/\\\/diariodepe.com.br\\\/xinhua\\\/2021\\\/11\\\/29\\\/premie-chines-pede-que-nacoes-da-asia-e-europa-adiram-a-solidariedade-e-cooperacao\\\/\"},\"author\":{\"name\":\"Marcelo Oliveira de A. Maranhao\",\"@id\":\"https:\\\/\\\/diariodepe.com.br\\\/xinhua\\\/#\\\/schema\\\/person\\\/0943d6fd02bdc7b49c8f495e8787a2cb\"},\"headline\":\"Premi\u00ea chin\u00eas pede que na\u00e7\u00f5es da \u00c1sia e Europa adiram \u00e0 solidariedade e coopera\u00e7\u00e3o\",\"datePublished\":\"2021-11-29T12:29:32+00:00\",\"dateModified\":\"2021-11-29T12:29:34+00:00\",\"mainEntityOfPage\":{\"@id\":\"https:\\\/\\\/diariodepe.com.br\\\/xinhua\\\/2021\\\/11\\\/29\\\/premie-chines-pede-que-nacoes-da-asia-e-europa-adiram-a-solidariedade-e-cooperacao\\\/\"},\"wordCount\":385,\"commentCount\":0,\"publisher\":{\"@id\":\"https:\\\/\\\/diariodepe.com.br\\\/xinhua\\\/#organization\"},\"image\":{\"@id\":\"https:\\\/\\\/diariodepe.com.br\\\/xinhua\\\/2021\\\/11\\\/29\\\/premie-chines-pede-que-nacoes-da-asia-e-europa-adiram-a-solidariedade-e-cooperacao\\\/#primaryimage\"},\"thumbnailUrl\":\"https:\\\/\\\/diariodepe.com.br\\\/xinhua\\\/wp-content\\\/uploads\\\/sites\\\/3\\\/2021\\\/11\\\/1310337174_16380843925461n.jpg\",\"articleSection\":[\"Internacional\"],\"inLanguage\":\"pt-BR\",\"potentialAction\":[{\"@type\":\"CommentAction\",\"name\":\"Comment\",\"target\":[\"https:\\\/\\\/diariodepe.com.br\\\/xinhua\\\/2021\\\/11\\\/29\\\/premie-chines-pede-que-nacoes-da-asia-e-europa-adiram-a-solidariedade-e-cooperacao\\\/#respond\"]}]},{\"@type\":\"WebPage\",\"@id\":\"https:\\\/\\\/diariodepe.com.br\\\/xinhua\\\/2021\\\/11\\\/29\\\/premie-chines-pede-que-nacoes-da-asia-e-europa-adiram-a-solidariedade-e-cooperacao\\\/\",\"url\":\"https:\\\/\\\/diariodepe.com.br\\\/xinhua\\\/2021\\\/11\\\/29\\\/premie-chines-pede-que-nacoes-da-asia-e-europa-adiram-a-solidariedade-e-cooperacao\\\/\",\"name\":\"Premi\u00ea chin\u00eas pede que na\u00e7\u00f5es da \u00c1sia e Europa adiram \u00e0 solidariedade e coopera\u00e7\u00e3o - Xinhua - Diario de Pernambuco\",\"isPartOf\":{\"@id\":\"https:\\\/\\\/diariodepe.com.br\\\/xinhua\\\/#website\"},\"primaryImageOfPage\":{\"@id\":\"https:\\\/\\\/diariodepe.com.br\\\/xinhua\\\/2021\\\/11\\\/29\\\/premie-chines-pede-que-nacoes-da-asia-e-europa-adiram-a-solidariedade-e-cooperacao\\\/#primaryimage\"},\"image\":{\"@id\":\"https:\\\/\\\/diariodepe.com.br\\\/xinhua\\\/2021\\\/11\\\/29\\\/premie-chines-pede-que-nacoes-da-asia-e-europa-adiram-a-solidariedade-e-cooperacao\\\/#primaryimage\"},\"thumbnailUrl\":\"https:\\\/\\\/diariodepe.com.br\\\/xinhua\\\/wp-content\\\/uploads\\\/sites\\\/3\\\/2021\\\/11\\\/1310337174_16380843925461n.jpg\",\"datePublished\":\"2021-11-29T12:29:32+00:00\",\"dateModified\":\"2021-11-29T12:29:34+00:00\",\"breadcrumb\":{\"@id\":\"https:\\\/\\\/diariodepe.com.br\\\/xinhua\\\/2021\\\/11\\\/29\\\/premie-chines-pede-que-nacoes-da-asia-e-europa-adiram-a-solidariedade-e-cooperacao\\\/#breadcrumb\"},\"inLanguage\":\"pt-BR\",\"potentialAction\":[{\"@type\":\"ReadAction\",\"target\":[\"https:\\\/\\\/diariodepe.com.br\\\/xinhua\\\/2021\\\/11\\\/29\\\/premie-chines-pede-que-nacoes-da-asia-e-europa-adiram-a-solidariedade-e-cooperacao\\\/\"]}]},{\"@type\":\"ImageObject\",\"inLanguage\":\"pt-BR\",\"@id\":\"https:\\\/\\\/diariodepe.com.br\\\/xinhua\\\/2021\\\/11\\\/29\\\/premie-chines-pede-que-nacoes-da-asia-e-europa-adiram-a-solidariedade-e-cooperacao\\\/#primaryimage\",\"url\":\"https:\\\/\\\/diariodepe.com.br\\\/xinhua\\\/wp-content\\\/uploads\\\/sites\\\/3\\\/2021\\\/11\\\/1310337174_16380843925461n.jpg\",\"contentUrl\":\"https:\\\/\\\/diariodepe.com.br\\\/xinhua\\\/wp-content\\\/uploads\\\/sites\\\/3\\\/2021\\\/11\\\/1310337174_16380843925461n.jpg\",\"width\":1023,\"height\":682,\"caption\":\"(Xinhua\\\/Liu Bin)\"},{\"@type\":\"BreadcrumbList\",\"@id\":\"https:\\\/\\\/diariodepe.com.br\\\/xinhua\\\/2021\\\/11\\\/29\\\/premie-chines-pede-que-nacoes-da-asia-e-europa-adiram-a-solidariedade-e-cooperacao\\\/#breadcrumb\",\"itemListElement\":[{\"@type\":\"ListItem\",\"position\":1,\"name\":\"In\u00edcio\",\"item\":\"https:\\\/\\\/diariodepe.com.br\\\/xinhua\\\/\"},{\"@type\":\"ListItem\",\"position\":2,\"name\":\"Premi\u00ea chin\u00eas pede que na\u00e7\u00f5es da \u00c1sia e Europa adiram \u00e0 solidariedade e coopera\u00e7\u00e3o\"}]},{\"@type\":\"WebSite\",\"@id\":\"https:\\\/\\\/diariodepe.com.br\\\/xinhua\\\/#website\",\"url\":\"https:\\\/\\\/diariodepe.com.br\\\/xinhua\\\/\",\"name\":\"Xinhua - Diario de Pernambuco\",\"description\":\"A maior ag\u00eancia de not\u00edcias da China e um dos principais canais para conhecer o pa\u00eds\",\"publisher\":{\"@id\":\"https:\\\/\\\/diariodepe.com.br\\\/xinhua\\\/#organization\"},\"potentialAction\":[{\"@type\":\"SearchAction\",\"target\":{\"@type\":\"EntryPoint\",\"urlTemplate\":\"https:\\\/\\\/diariodepe.com.br\\\/xinhua\\\/?s={search_term_string}\"},\"query-input\":{\"@type\":\"PropertyValueSpecification\",\"valueRequired\":true,\"valueName\":\"search_term_string\"}}],\"inLanguage\":\"pt-BR\"},{\"@type\":\"Organization\",\"@id\":\"https:\\\/\\\/diariodepe.com.br\\\/xinhua\\\/#organization\",\"name\":\"Xinhua - Diario de Pernambuco\",\"url\":\"https:\\\/\\\/diariodepe.com.br\\\/xinhua\\\/\",\"logo\":{\"@type\":\"ImageObject\",\"inLanguage\":\"pt-BR\",\"@id\":\"https:\\\/\\\/diariodepe.com.br\\\/xinhua\\\/#\\\/schema\\\/logo\\\/image\\\/\",\"url\":\"https:\\\/\\\/diariodepe.com.br\\\/xinhua\\\/wp-content\\\/uploads\\\/sites\\\/3\\\/2020\\\/10\\\/cropped-logo-transparente-2.png\",\"contentUrl\":\"https:\\\/\\\/diariodepe.com.br\\\/xinhua\\\/wp-content\\\/uploads\\\/sites\\\/3\\\/2020\\\/10\\\/cropped-logo-transparente-2.png\",\"width\":512,\"height\":164,\"caption\":\"Xinhua - Diario de Pernambuco\"},\"image\":{\"@id\":\"https:\\\/\\\/diariodepe.com.br\\\/xinhua\\\/#\\\/schema\\\/logo\\\/image\\\/\"}},{\"@type\":\"Person\",\"@id\":\"https:\\\/\\\/diariodepe.com.br\\\/xinhua\\\/#\\\/schema\\\/person\\\/0943d6fd02bdc7b49c8f495e8787a2cb\",\"name\":\"Marcelo Oliveira de A. Maranhao\",\"image\":{\"@type\":\"ImageObject\",\"inLanguage\":\"pt-BR\",\"@id\":\"https:\\\/\\\/secure.gravatar.com\\\/avatar\\\/f562caee940d39879c20e90eea3e4b21860c7d4c96684c23141c554824f0059c?s=96&d=mm&r=g\",\"url\":\"https:\\\/\\\/secure.gravatar.com\\\/avatar\\\/f562caee940d39879c20e90eea3e4b21860c7d4c96684c23141c554824f0059c?s=96&d=mm&r=g\",\"contentUrl\":\"https:\\\/\\\/secure.gravatar.com\\\/avatar\\\/f562caee940d39879c20e90eea3e4b21860c7d4c96684c23141c554824f0059c?s=96&d=mm&r=g\",\"caption\":\"Marcelo Oliveira de A. Maranhao\"},\"url\":\"https:\\\/\\\/diariodepe.com.br\\\/xinhua\\\/author\\\/marcelo-maranhao\\\/\"}]}<\/script>\n<!-- \/ Yoast SEO plugin. -->","yoast_head_json":{"title":"Premi\u00ea chin\u00eas pede que na\u00e7\u00f5es da \u00c1sia e Europa adiram \u00e0 solidariedade e coopera\u00e7\u00e3o - Xinhua - Diario de Pernambuco","robots":{"index":"index","follow":"follow","max-snippet":"max-snippet:-1","max-image-preview":"max-image-preview:large","max-video-preview":"max-video-preview:-1"},"canonical":"https:\/\/diariodepe.com.br\/xinhua\/2021\/11\/29\/premie-chines-pede-que-nacoes-da-asia-e-europa-adiram-a-solidariedade-e-cooperacao\/","og_locale":"pt_BR","og_type":"article","og_title":"Premi\u00ea chin\u00eas pede que na\u00e7\u00f5es da \u00c1sia e Europa adiram \u00e0 solidariedade e coopera\u00e7\u00e3o - Xinhua - Diario de Pernambuco","og_description":"Beijing &#8212; Li fez as declara\u00e7\u00f5es ao participar via videoconfer\u00eancia de uma reuni\u00e3o informal da 13\u00aa C\u00fapula da Reuni\u00e3o \u00c1sia-Europa (ASEM, sigla em ingl\u00eas). A reuni\u00e3o esteve presidida pelo primeiro-ministro do Camboja, Samdech Techo Hun Sen. A ASEM \u00e9 o...","og_url":"https:\/\/diariodepe.com.br\/xinhua\/2021\/11\/29\/premie-chines-pede-que-nacoes-da-asia-e-europa-adiram-a-solidariedade-e-cooperacao\/","og_site_name":"Xinhua - Diario de Pernambuco","article_published_time":"2021-11-29T12:29:32+00:00","article_modified_time":"2021-11-29T12:29:34+00:00","og_image":[{"width":1023,"height":682,"url":"https:\/\/diariodepe.com.br\/xinhua\/wp-content\/uploads\/sites\/3\/2021\/11\/1310337174_16380843925461n.jpg","type":"image\/jpeg"}],"author":"Marcelo Oliveira de A. Maranhao","twitter_card":"summary_large_image","twitter_misc":{"Escrito por":"Marcelo Oliveira de A. Maranhao","Est. tempo de leitura":"2 minutos"},"schema":{"@context":"https:\/\/schema.org","@graph":[{"@type":"Article","@id":"https:\/\/diariodepe.com.br\/xinhua\/2021\/11\/29\/premie-chines-pede-que-nacoes-da-asia-e-europa-adiram-a-solidariedade-e-cooperacao\/#article","isPartOf":{"@id":"https:\/\/diariodepe.com.br\/xinhua\/2021\/11\/29\/premie-chines-pede-que-nacoes-da-asia-e-europa-adiram-a-solidariedade-e-cooperacao\/"},"author":{"name":"Marcelo Oliveira de A. Maranhao","@id":"https:\/\/diariodepe.com.br\/xinhua\/#\/schema\/person\/0943d6fd02bdc7b49c8f495e8787a2cb"},"headline":"Premi\u00ea chin\u00eas pede que na\u00e7\u00f5es da \u00c1sia e Europa adiram \u00e0 solidariedade e coopera\u00e7\u00e3o","datePublished":"2021-11-29T12:29:32+00:00","dateModified":"2021-11-29T12:29:34+00:00","mainEntityOfPage":{"@id":"https:\/\/diariodepe.com.br\/xinhua\/2021\/11\/29\/premie-chines-pede-que-nacoes-da-asia-e-europa-adiram-a-solidariedade-e-cooperacao\/"},"wordCount":385,"commentCount":0,"publisher":{"@id":"https:\/\/diariodepe.com.br\/xinhua\/#organization"},"image":{"@id":"https:\/\/diariodepe.com.br\/xinhua\/2021\/11\/29\/premie-chines-pede-que-nacoes-da-asia-e-europa-adiram-a-solidariedade-e-cooperacao\/#primaryimage"},"thumbnailUrl":"https:\/\/diariodepe.com.br\/xinhua\/wp-content\/uploads\/sites\/3\/2021\/11\/1310337174_16380843925461n.jpg","articleSection":["Internacional"],"inLanguage":"pt-BR","potentialAction":[{"@type":"CommentAction","name":"Comment","target":["https:\/\/diariodepe.com.br\/xinhua\/2021\/11\/29\/premie-chines-pede-que-nacoes-da-asia-e-europa-adiram-a-solidariedade-e-cooperacao\/#respond"]}]},{"@type":"WebPage","@id":"https:\/\/diariodepe.com.br\/xinhua\/2021\/11\/29\/premie-chines-pede-que-nacoes-da-asia-e-europa-adiram-a-solidariedade-e-cooperacao\/","url":"https:\/\/diariodepe.com.br\/xinhua\/2021\/11\/29\/premie-chines-pede-que-nacoes-da-asia-e-europa-adiram-a-solidariedade-e-cooperacao\/","name":"Premi\u00ea chin\u00eas pede que na\u00e7\u00f5es da \u00c1sia e Europa adiram \u00e0 solidariedade e coopera\u00e7\u00e3o - Xinhua - Diario de Pernambuco","isPartOf":{"@id":"https:\/\/diariodepe.com.br\/xinhua\/#website"},"primaryImageOfPage":{"@id":"https:\/\/diariodepe.com.br\/xinhua\/2021\/11\/29\/premie-chines-pede-que-nacoes-da-asia-e-europa-adiram-a-solidariedade-e-cooperacao\/#primaryimage"},"image":{"@id":"https:\/\/diariodepe.com.br\/xinhua\/2021\/11\/29\/premie-chines-pede-que-nacoes-da-asia-e-europa-adiram-a-solidariedade-e-cooperacao\/#primaryimage"},"thumbnailUrl":"https:\/\/diariodepe.com.br\/xinhua\/wp-content\/uploads\/sites\/3\/2021\/11\/1310337174_16380843925461n.jpg","datePublished":"2021-11-29T12:29:32+00:00","dateModified":"2021-11-29T12:29:34+00:00","breadcrumb":{"@id":"https:\/\/diariodepe.com.br\/xinhua\/2021\/11\/29\/premie-chines-pede-que-nacoes-da-asia-e-europa-adiram-a-solidariedade-e-cooperacao\/#breadcrumb"},"inLanguage":"pt-BR","potentialAction":[{"@type":"ReadAction","target":["https:\/\/diariodepe.com.br\/xinhua\/2021\/11\/29\/premie-chines-pede-que-nacoes-da-asia-e-europa-adiram-a-solidariedade-e-cooperacao\/"]}]},{"@type":"ImageObject","inLanguage":"pt-BR","@id":"https:\/\/diariodepe.com.br\/xinhua\/2021\/11\/29\/premie-chines-pede-que-nacoes-da-asia-e-europa-adiram-a-solidariedade-e-cooperacao\/#primaryimage","url":"https:\/\/diariodepe.com.br\/xinhua\/wp-content\/uploads\/sites\/3\/2021\/11\/1310337174_16380843925461n.jpg","contentUrl":"https:\/\/diariodepe.com.br\/xinhua\/wp-content\/uploads\/sites\/3\/2021\/11\/1310337174_16380843925461n.jpg","width":1023,"height":682,"caption":"(Xinhua\/Liu Bin)"},{"@type":"BreadcrumbList","@id":"https:\/\/diariodepe.com.br\/xinhua\/2021\/11\/29\/premie-chines-pede-que-nacoes-da-asia-e-europa-adiram-a-solidariedade-e-cooperacao\/#breadcrumb","itemListElement":[{"@type":"ListItem","position":1,"name":"In\u00edcio","item":"https:\/\/diariodepe.com.br\/xinhua\/"},{"@type":"ListItem","position":2,"name":"Premi\u00ea chin\u00eas pede que na\u00e7\u00f5es da \u00c1sia e Europa adiram \u00e0 solidariedade e coopera\u00e7\u00e3o"}]},{"@type":"WebSite","@id":"https:\/\/diariodepe.com.br\/xinhua\/#website","url":"https:\/\/diariodepe.com.br\/xinhua\/","name":"Xinhua - Diario de Pernambuco","description":"A maior ag\u00eancia de not\u00edcias da China e um dos principais canais para conhecer o pa\u00eds","publisher":{"@id":"https:\/\/diariodepe.com.br\/xinhua\/#organization"},"potentialAction":[{"@type":"SearchAction","target":{"@type":"EntryPoint","urlTemplate":"https:\/\/diariodepe.com.br\/xinhua\/?s={search_term_string}"},"query-input":{"@type":"PropertyValueSpecification","valueRequired":true,"valueName":"search_term_string"}}],"inLanguage":"pt-BR"},{"@type":"Organization","@id":"https:\/\/diariodepe.com.br\/xinhua\/#organization","name":"Xinhua - Diario de Pernambuco","url":"https:\/\/diariodepe.com.br\/xinhua\/","logo":{"@type":"ImageObject","inLanguage":"pt-BR","@id":"https:\/\/diariodepe.com.br\/xinhua\/#\/schema\/logo\/image\/","url":"https:\/\/diariodepe.com.br\/xinhua\/wp-content\/uploads\/sites\/3\/2020\/10\/cropped-logo-transparente-2.png","contentUrl":"https:\/\/diariodepe.com.br\/xinhua\/wp-content\/uploads\/sites\/3\/2020\/10\/cropped-logo-transparente-2.png","width":512,"height":164,"caption":"Xinhua - Diario de Pernambuco"},"image":{"@id":"https:\/\/diariodepe.com.br\/xinhua\/#\/schema\/logo\/image\/"}},{"@type":"Person","@id":"https:\/\/diariodepe.com.br\/xinhua\/#\/schema\/person\/0943d6fd02bdc7b49c8f495e8787a2cb","name":"Marcelo Oliveira de A. Maranhao","image":{"@type":"ImageObject","inLanguage":"pt-BR","@id":"https:\/\/secure.gravatar.com\/avatar\/f562caee940d39879c20e90eea3e4b21860c7d4c96684c23141c554824f0059c?s=96&d=mm&r=g","url":"https:\/\/secure.gravatar.com\/avatar\/f562caee940d39879c20e90eea3e4b21860c7d4c96684c23141c554824f0059c?s=96&d=mm&r=g","contentUrl":"https:\/\/secure.gravatar.com\/avatar\/f562caee940d39879c20e90eea3e4b21860c7d4c96684c23141c554824f0059c?s=96&d=mm&r=g","caption":"Marcelo Oliveira de A. Maranhao"},"url":"https:\/\/diariodepe.com.br\/xinhua\/author\/marcelo-maranhao\/"}]}},"cc_featured_image_caption":{"caption_text":"","source_text":"","source_url":""},"amp_enabled":true,"_links":{"self":[{"href":"https:\/\/diariodepe.com.br\/xinhua\/wp-json\/wp\/v2\/posts\/4176","targetHints":{"allow":["GET"]}}],"collection":[{"href":"https:\/\/diariodepe.com.br\/xinhua\/wp-json\/wp\/v2\/posts"}],"about":[{"href":"https:\/\/diariodepe.com.br\/xinhua\/wp-json\/wp\/v2\/types\/post"}],"author":[{"embeddable":true,"href":"https:\/\/diariodepe.com.br\/xinhua\/wp-json\/wp\/v2\/users\/3"}],"replies":[{"embeddable":true,"href":"https:\/\/diariodepe.com.br\/xinhua\/wp-json\/wp\/v2\/comments?post=4176"}],"version-history":[{"count":1,"href":"https:\/\/diariodepe.com.br\/xinhua\/wp-json\/wp\/v2\/posts\/4176\/revisions"}],"predecessor-version":[{"id":4178,"href":"https:\/\/diariodepe.com.br\/xinhua\/wp-json\/wp\/v2\/posts\/4176\/revisions\/4178"}],"wp:featuredmedia":[{"embeddable":true,"href":"https:\/\/diariodepe.com.br\/xinhua\/wp-json\/wp\/v2\/media\/4177"}],"wp:attachment":[{"href":"https:\/\/diariodepe.com.br\/xinhua\/wp-json\/wp\/v2\/media?parent=4176"}],"wp:term":[{"taxonomy":"category","embeddable":true,"href":"https:\/\/diariodepe.com.br\/xinhua\/wp-json\/wp\/v2\/categories?post=4176"},{"taxonomy":"post_tag","embeddable":true,"href":"https:\/\/diariodepe.com.br\/xinhua\/wp-json\/wp\/v2\/tags?post=4176"}],"curies":[{"name":"wp","href":"https:\/\/api.w.org\/{rel}","templated":true}]}}