{"id":417,"date":"2021-03-18T08:19:02","date_gmt":"2021-03-18T11:19:02","guid":{"rendered":"http:\/\/www.diariodepe.com.br\/xinhua\/?p=417"},"modified":"2021-03-18T08:19:04","modified_gmt":"2021-03-18T11:19:04","slug":"vice-premie-destaca-um-bom-inicio-do-14o-periodo-do-plano-de-cinco-anos","status":"publish","type":"post","link":"https:\/\/diariodepe.com.br\/xinhua\/2021\/03\/18\/vice-premie-destaca-um-bom-inicio-do-14o-periodo-do-plano-de-cinco-anos\/","title":{"rendered":"Vice-premi\u00ea destaca um bom in\u00edcio do 14\u00ba per\u00edodo do plano de cinco anos"},"content":{"rendered":"\n<p>Beijing, 18 mar (Xinhua) &#8212; O vice-premi\u00ea Han Zheng enfatizou na ter\u00e7a-feira um entendimento preciso do novo est\u00e1gio de desenvolvimento e aplica\u00e7\u00e3o total da nova filosofia de desenvolvimento para garantir um bom come\u00e7o do per\u00edodo do 14\u00ba Plano Quinquenal (2021-2025).<\/p>\n\n\n\n<p>Han, tamb\u00e9m membro do Comit\u00ea Permanente do Bir\u00f4 Pol\u00edtico do Comit\u00ea Central do Partido Comunista da China, fez os coment\u00e1rios durante um simp\u00f3sio na Comiss\u00e3o Nacional de Desenvolvimento e Reforma, o mais alto planejador econ\u00f4mico do pa\u00eds.<\/p>\n\n\n\n<p>Han pediu esfor\u00e7os s\u00f3lidos em tr\u00eas tarefas principais, incluindo a promo\u00e7\u00e3o do desenvolvimento de alta qualidade, a busca da prosperidade comum e o estabelecimento de uma vis\u00e3o hol\u00edstica de seguran\u00e7a nacional.<\/p>\n\n\n\n<p>Mais esfor\u00e7os devem ser feitos para garantir a seguran\u00e7a alimentar e energ\u00e9tica, promover trabalhos sobre a neutralidade de carbono e salvaguardar as cadeias industriais e de abastecimento, disse Han.<\/p>\n\n\n\n<p>Ele tamb\u00e9m enfatizou os esfor\u00e7os para implementar estrat\u00e9gias regionais importantes, promover o desenvolvimento coordenado da regi\u00e3o de Beijing-Tianjin-Hebei e do Cintur\u00e3o Econ\u00f4mico do Rio Yangtz\u00e9, bem como impulsionar a constru\u00e7\u00e3o conjunta do Cintur\u00e3o e Rota com alta qualidade.<\/p>\n","protected":false},"excerpt":{"rendered":"<p>Beijing, 18 mar (Xinhua) &#8212; O vice-premi\u00ea Han Zheng enfatizou na ter\u00e7a-feira um entendimento preciso do novo est\u00e1gio de desenvolvimento e aplica\u00e7\u00e3o total da nova filosofia de desenvolvimento para garantir um bom come\u00e7o do per\u00edodo do 14\u00ba Plano Quinquenal (2021-2025)&#8230;.<\/p>\n","protected":false},"author":3,"featured_media":418,"comment_status":"open","ping_status":"open","sticky":false,"template":"","format":"standard","meta":{"footnotes":""},"categories":[1],"tags":[],"class_list":["post-417","post","type-post","status-publish","format-standard","has-post-thumbnail","hentry","category-geral"],"yoast_head":"<!-- This site is optimized with the Yoast SEO plugin v27.4 - https:\/\/yoast.com\/product\/yoast-seo-wordpress\/ -->\n<title>Vice-premi\u00ea destaca um bom in\u00edcio do 14\u00ba per\u00edodo do plano de cinco anos - Xinhua - Diario de Pernambuco<\/title>\n<meta name=\"robots\" content=\"index, follow, max-snippet:-1, max-image-preview:large, max-video-preview:-1\" \/>\n<link rel=\"canonical\" href=\"https:\/\/diariodepe.com.br\/xinhua\/2021\/03\/18\/vice-premie-destaca-um-bom-inicio-do-14o-periodo-do-plano-de-cinco-anos\/\" \/>\n<meta property=\"og:locale\" content=\"pt_BR\" \/>\n<meta property=\"og:type\" content=\"article\" \/>\n<meta property=\"og:title\" content=\"Vice-premi\u00ea destaca um bom in\u00edcio do 14\u00ba per\u00edodo do plano de cinco anos - Xinhua - Diario de Pernambuco\" \/>\n<meta property=\"og:description\" content=\"Beijing, 18 mar (Xinhua) &#8212; O vice-premi\u00ea Han Zheng enfatizou na ter\u00e7a-feira um entendimento preciso do novo est\u00e1gio de desenvolvimento e aplica\u00e7\u00e3o total da nova filosofia de desenvolvimento para garantir um bom come\u00e7o do per\u00edodo do 14\u00ba Plano Quinquenal (2021-2025)....\" \/>\n<meta property=\"og:url\" content=\"https:\/\/diariodepe.com.br\/xinhua\/2021\/03\/18\/vice-premie-destaca-um-bom-inicio-do-14o-periodo-do-plano-de-cinco-anos\/\" \/>\n<meta property=\"og:site_name\" content=\"Xinhua - Diario de Pernambuco\" \/>\n<meta property=\"article:published_time\" content=\"2021-03-18T11:19:02+00:00\" \/>\n<meta property=\"article:modified_time\" content=\"2021-03-18T11:19:04+00:00\" \/>\n<meta property=\"og:image\" content=\"https:\/\/diariodepe.com.br\/xinhua\/wp-content\/uploads\/sites\/3\/2021\/03\/139818753_16160342056131n.jpg\" \/>\n\t<meta property=\"og:image:width\" content=\"900\" \/>\n\t<meta property=\"og:image:height\" content=\"600\" \/>\n\t<meta property=\"og:image:type\" content=\"image\/jpeg\" \/>\n<meta name=\"author\" content=\"Marcelo Oliveira de A. Maranhao\" \/>\n<meta name=\"twitter:card\" content=\"summary_large_image\" \/>\n<meta name=\"twitter:label1\" content=\"Escrito por\" \/>\n\t<meta name=\"twitter:data1\" content=\"Marcelo Oliveira de A. Maranhao\" \/>\n\t<meta name=\"twitter:label2\" content=\"Est. tempo de leitura\" \/>\n\t<meta name=\"twitter:data2\" content=\"1 minuto\" \/>\n<script type=\"application\/ld+json\" class=\"yoast-schema-graph\">{\"@context\":\"https:\\\/\\\/schema.org\",\"@graph\":[{\"@type\":\"Article\",\"@id\":\"https:\\\/\\\/diariodepe.com.br\\\/xinhua\\\/2021\\\/03\\\/18\\\/vice-premie-destaca-um-bom-inicio-do-14o-periodo-do-plano-de-cinco-anos\\\/#article\",\"isPartOf\":{\"@id\":\"https:\\\/\\\/diariodepe.com.br\\\/xinhua\\\/2021\\\/03\\\/18\\\/vice-premie-destaca-um-bom-inicio-do-14o-periodo-do-plano-de-cinco-anos\\\/\"},\"author\":{\"name\":\"Marcelo Oliveira de A. Maranhao\",\"@id\":\"https:\\\/\\\/diariodepe.com.br\\\/xinhua\\\/#\\\/schema\\\/person\\\/0943d6fd02bdc7b49c8f495e8787a2cb\"},\"headline\":\"Vice-premi\u00ea destaca um bom in\u00edcio do 14\u00ba per\u00edodo do plano de cinco anos\",\"datePublished\":\"2021-03-18T11:19:02+00:00\",\"dateModified\":\"2021-03-18T11:19:04+00:00\",\"mainEntityOfPage\":{\"@id\":\"https:\\\/\\\/diariodepe.com.br\\\/xinhua\\\/2021\\\/03\\\/18\\\/vice-premie-destaca-um-bom-inicio-do-14o-periodo-do-plano-de-cinco-anos\\\/\"},\"wordCount\":217,\"commentCount\":0,\"publisher\":{\"@id\":\"https:\\\/\\\/diariodepe.com.br\\\/xinhua\\\/#organization\"},\"image\":{\"@id\":\"https:\\\/\\\/diariodepe.com.br\\\/xinhua\\\/2021\\\/03\\\/18\\\/vice-premie-destaca-um-bom-inicio-do-14o-periodo-do-plano-de-cinco-anos\\\/#primaryimage\"},\"thumbnailUrl\":\"https:\\\/\\\/diariodepe.com.br\\\/xinhua\\\/wp-content\\\/uploads\\\/sites\\\/3\\\/2021\\\/03\\\/139818753_16160342056131n.jpg\",\"articleSection\":[\"Geral\"],\"inLanguage\":\"pt-BR\",\"potentialAction\":[{\"@type\":\"CommentAction\",\"name\":\"Comment\",\"target\":[\"https:\\\/\\\/diariodepe.com.br\\\/xinhua\\\/2021\\\/03\\\/18\\\/vice-premie-destaca-um-bom-inicio-do-14o-periodo-do-plano-de-cinco-anos\\\/#respond\"]}]},{\"@type\":\"WebPage\",\"@id\":\"https:\\\/\\\/diariodepe.com.br\\\/xinhua\\\/2021\\\/03\\\/18\\\/vice-premie-destaca-um-bom-inicio-do-14o-periodo-do-plano-de-cinco-anos\\\/\",\"url\":\"https:\\\/\\\/diariodepe.com.br\\\/xinhua\\\/2021\\\/03\\\/18\\\/vice-premie-destaca-um-bom-inicio-do-14o-periodo-do-plano-de-cinco-anos\\\/\",\"name\":\"Vice-premi\u00ea destaca um bom in\u00edcio do 14\u00ba per\u00edodo do plano de cinco anos - Xinhua - Diario de Pernambuco\",\"isPartOf\":{\"@id\":\"https:\\\/\\\/diariodepe.com.br\\\/xinhua\\\/#website\"},\"primaryImageOfPage\":{\"@id\":\"https:\\\/\\\/diariodepe.com.br\\\/xinhua\\\/2021\\\/03\\\/18\\\/vice-premie-destaca-um-bom-inicio-do-14o-periodo-do-plano-de-cinco-anos\\\/#primaryimage\"},\"image\":{\"@id\":\"https:\\\/\\\/diariodepe.com.br\\\/xinhua\\\/2021\\\/03\\\/18\\\/vice-premie-destaca-um-bom-inicio-do-14o-periodo-do-plano-de-cinco-anos\\\/#primaryimage\"},\"thumbnailUrl\":\"https:\\\/\\\/diariodepe.com.br\\\/xinhua\\\/wp-content\\\/uploads\\\/sites\\\/3\\\/2021\\\/03\\\/139818753_16160342056131n.jpg\",\"datePublished\":\"2021-03-18T11:19:02+00:00\",\"dateModified\":\"2021-03-18T11:19:04+00:00\",\"breadcrumb\":{\"@id\":\"https:\\\/\\\/diariodepe.com.br\\\/xinhua\\\/2021\\\/03\\\/18\\\/vice-premie-destaca-um-bom-inicio-do-14o-periodo-do-plano-de-cinco-anos\\\/#breadcrumb\"},\"inLanguage\":\"pt-BR\",\"potentialAction\":[{\"@type\":\"ReadAction\",\"target\":[\"https:\\\/\\\/diariodepe.com.br\\\/xinhua\\\/2021\\\/03\\\/18\\\/vice-premie-destaca-um-bom-inicio-do-14o-periodo-do-plano-de-cinco-anos\\\/\"]}]},{\"@type\":\"ImageObject\",\"inLanguage\":\"pt-BR\",\"@id\":\"https:\\\/\\\/diariodepe.com.br\\\/xinhua\\\/2021\\\/03\\\/18\\\/vice-premie-destaca-um-bom-inicio-do-14o-periodo-do-plano-de-cinco-anos\\\/#primaryimage\",\"url\":\"https:\\\/\\\/diariodepe.com.br\\\/xinhua\\\/wp-content\\\/uploads\\\/sites\\\/3\\\/2021\\\/03\\\/139818753_16160342056131n.jpg\",\"contentUrl\":\"https:\\\/\\\/diariodepe.com.br\\\/xinhua\\\/wp-content\\\/uploads\\\/sites\\\/3\\\/2021\\\/03\\\/139818753_16160342056131n.jpg\",\"width\":900,\"height\":600,\"caption\":\"(Xinhua\\\/Yin Bogu)\"},{\"@type\":\"BreadcrumbList\",\"@id\":\"https:\\\/\\\/diariodepe.com.br\\\/xinhua\\\/2021\\\/03\\\/18\\\/vice-premie-destaca-um-bom-inicio-do-14o-periodo-do-plano-de-cinco-anos\\\/#breadcrumb\",\"itemListElement\":[{\"@type\":\"ListItem\",\"position\":1,\"name\":\"In\u00edcio\",\"item\":\"https:\\\/\\\/diariodepe.com.br\\\/xinhua\\\/\"},{\"@type\":\"ListItem\",\"position\":2,\"name\":\"Vice-premi\u00ea destaca um bom in\u00edcio do 14\u00ba per\u00edodo do plano de cinco anos\"}]},{\"@type\":\"WebSite\",\"@id\":\"https:\\\/\\\/diariodepe.com.br\\\/xinhua\\\/#website\",\"url\":\"https:\\\/\\\/diariodepe.com.br\\\/xinhua\\\/\",\"name\":\"Xinhua - Diario de Pernambuco\",\"description\":\"A maior ag\u00eancia de not\u00edcias da China e um dos principais canais para conhecer o pa\u00eds\",\"publisher\":{\"@id\":\"https:\\\/\\\/diariodepe.com.br\\\/xinhua\\\/#organization\"},\"potentialAction\":[{\"@type\":\"SearchAction\",\"target\":{\"@type\":\"EntryPoint\",\"urlTemplate\":\"https:\\\/\\\/diariodepe.com.br\\\/xinhua\\\/?s={search_term_string}\"},\"query-input\":{\"@type\":\"PropertyValueSpecification\",\"valueRequired\":true,\"valueName\":\"search_term_string\"}}],\"inLanguage\":\"pt-BR\"},{\"@type\":\"Organization\",\"@id\":\"https:\\\/\\\/diariodepe.com.br\\\/xinhua\\\/#organization\",\"name\":\"Xinhua - Diario de Pernambuco\",\"url\":\"https:\\\/\\\/diariodepe.com.br\\\/xinhua\\\/\",\"logo\":{\"@type\":\"ImageObject\",\"inLanguage\":\"pt-BR\",\"@id\":\"https:\\\/\\\/diariodepe.com.br\\\/xinhua\\\/#\\\/schema\\\/logo\\\/image\\\/\",\"url\":\"https:\\\/\\\/diariodepe.com.br\\\/xinhua\\\/wp-content\\\/uploads\\\/sites\\\/3\\\/2020\\\/10\\\/cropped-logo-transparente-2.png\",\"contentUrl\":\"https:\\\/\\\/diariodepe.com.br\\\/xinhua\\\/wp-content\\\/uploads\\\/sites\\\/3\\\/2020\\\/10\\\/cropped-logo-transparente-2.png\",\"width\":512,\"height\":164,\"caption\":\"Xinhua - Diario de Pernambuco\"},\"image\":{\"@id\":\"https:\\\/\\\/diariodepe.com.br\\\/xinhua\\\/#\\\/schema\\\/logo\\\/image\\\/\"}},{\"@type\":\"Person\",\"@id\":\"https:\\\/\\\/diariodepe.com.br\\\/xinhua\\\/#\\\/schema\\\/person\\\/0943d6fd02bdc7b49c8f495e8787a2cb\",\"name\":\"Marcelo Oliveira de A. Maranhao\",\"image\":{\"@type\":\"ImageObject\",\"inLanguage\":\"pt-BR\",\"@id\":\"https:\\\/\\\/secure.gravatar.com\\\/avatar\\\/f562caee940d39879c20e90eea3e4b21860c7d4c96684c23141c554824f0059c?s=96&d=mm&r=g\",\"url\":\"https:\\\/\\\/secure.gravatar.com\\\/avatar\\\/f562caee940d39879c20e90eea3e4b21860c7d4c96684c23141c554824f0059c?s=96&d=mm&r=g\",\"contentUrl\":\"https:\\\/\\\/secure.gravatar.com\\\/avatar\\\/f562caee940d39879c20e90eea3e4b21860c7d4c96684c23141c554824f0059c?s=96&d=mm&r=g\",\"caption\":\"Marcelo Oliveira de A. Maranhao\"},\"url\":\"https:\\\/\\\/diariodepe.com.br\\\/xinhua\\\/author\\\/marcelo-maranhao\\\/\"}]}<\/script>\n<!-- \/ Yoast SEO plugin. -->","yoast_head_json":{"title":"Vice-premi\u00ea destaca um bom in\u00edcio do 14\u00ba per\u00edodo do plano de cinco anos - Xinhua - Diario de Pernambuco","robots":{"index":"index","follow":"follow","max-snippet":"max-snippet:-1","max-image-preview":"max-image-preview:large","max-video-preview":"max-video-preview:-1"},"canonical":"https:\/\/diariodepe.com.br\/xinhua\/2021\/03\/18\/vice-premie-destaca-um-bom-inicio-do-14o-periodo-do-plano-de-cinco-anos\/","og_locale":"pt_BR","og_type":"article","og_title":"Vice-premi\u00ea destaca um bom in\u00edcio do 14\u00ba per\u00edodo do plano de cinco anos - Xinhua - Diario de Pernambuco","og_description":"Beijing, 18 mar (Xinhua) &#8212; O vice-premi\u00ea Han Zheng enfatizou na ter\u00e7a-feira um entendimento preciso do novo est\u00e1gio de desenvolvimento e aplica\u00e7\u00e3o total da nova filosofia de desenvolvimento para garantir um bom come\u00e7o do per\u00edodo do 14\u00ba Plano Quinquenal (2021-2025)....","og_url":"https:\/\/diariodepe.com.br\/xinhua\/2021\/03\/18\/vice-premie-destaca-um-bom-inicio-do-14o-periodo-do-plano-de-cinco-anos\/","og_site_name":"Xinhua - Diario de Pernambuco","article_published_time":"2021-03-18T11:19:02+00:00","article_modified_time":"2021-03-18T11:19:04+00:00","og_image":[{"width":900,"height":600,"url":"https:\/\/diariodepe.com.br\/xinhua\/wp-content\/uploads\/sites\/3\/2021\/03\/139818753_16160342056131n.jpg","type":"image\/jpeg"}],"author":"Marcelo Oliveira de A. Maranhao","twitter_card":"summary_large_image","twitter_misc":{"Escrito por":"Marcelo Oliveira de A. Maranhao","Est. tempo de leitura":"1 minuto"},"schema":{"@context":"https:\/\/schema.org","@graph":[{"@type":"Article","@id":"https:\/\/diariodepe.com.br\/xinhua\/2021\/03\/18\/vice-premie-destaca-um-bom-inicio-do-14o-periodo-do-plano-de-cinco-anos\/#article","isPartOf":{"@id":"https:\/\/diariodepe.com.br\/xinhua\/2021\/03\/18\/vice-premie-destaca-um-bom-inicio-do-14o-periodo-do-plano-de-cinco-anos\/"},"author":{"name":"Marcelo Oliveira de A. Maranhao","@id":"https:\/\/diariodepe.com.br\/xinhua\/#\/schema\/person\/0943d6fd02bdc7b49c8f495e8787a2cb"},"headline":"Vice-premi\u00ea destaca um bom in\u00edcio do 14\u00ba per\u00edodo do plano de cinco anos","datePublished":"2021-03-18T11:19:02+00:00","dateModified":"2021-03-18T11:19:04+00:00","mainEntityOfPage":{"@id":"https:\/\/diariodepe.com.br\/xinhua\/2021\/03\/18\/vice-premie-destaca-um-bom-inicio-do-14o-periodo-do-plano-de-cinco-anos\/"},"wordCount":217,"commentCount":0,"publisher":{"@id":"https:\/\/diariodepe.com.br\/xinhua\/#organization"},"image":{"@id":"https:\/\/diariodepe.com.br\/xinhua\/2021\/03\/18\/vice-premie-destaca-um-bom-inicio-do-14o-periodo-do-plano-de-cinco-anos\/#primaryimage"},"thumbnailUrl":"https:\/\/diariodepe.com.br\/xinhua\/wp-content\/uploads\/sites\/3\/2021\/03\/139818753_16160342056131n.jpg","articleSection":["Geral"],"inLanguage":"pt-BR","potentialAction":[{"@type":"CommentAction","name":"Comment","target":["https:\/\/diariodepe.com.br\/xinhua\/2021\/03\/18\/vice-premie-destaca-um-bom-inicio-do-14o-periodo-do-plano-de-cinco-anos\/#respond"]}]},{"@type":"WebPage","@id":"https:\/\/diariodepe.com.br\/xinhua\/2021\/03\/18\/vice-premie-destaca-um-bom-inicio-do-14o-periodo-do-plano-de-cinco-anos\/","url":"https:\/\/diariodepe.com.br\/xinhua\/2021\/03\/18\/vice-premie-destaca-um-bom-inicio-do-14o-periodo-do-plano-de-cinco-anos\/","name":"Vice-premi\u00ea destaca um bom in\u00edcio do 14\u00ba per\u00edodo do plano de cinco anos - Xinhua - Diario de Pernambuco","isPartOf":{"@id":"https:\/\/diariodepe.com.br\/xinhua\/#website"},"primaryImageOfPage":{"@id":"https:\/\/diariodepe.com.br\/xinhua\/2021\/03\/18\/vice-premie-destaca-um-bom-inicio-do-14o-periodo-do-plano-de-cinco-anos\/#primaryimage"},"image":{"@id":"https:\/\/diariodepe.com.br\/xinhua\/2021\/03\/18\/vice-premie-destaca-um-bom-inicio-do-14o-periodo-do-plano-de-cinco-anos\/#primaryimage"},"thumbnailUrl":"https:\/\/diariodepe.com.br\/xinhua\/wp-content\/uploads\/sites\/3\/2021\/03\/139818753_16160342056131n.jpg","datePublished":"2021-03-18T11:19:02+00:00","dateModified":"2021-03-18T11:19:04+00:00","breadcrumb":{"@id":"https:\/\/diariodepe.com.br\/xinhua\/2021\/03\/18\/vice-premie-destaca-um-bom-inicio-do-14o-periodo-do-plano-de-cinco-anos\/#breadcrumb"},"inLanguage":"pt-BR","potentialAction":[{"@type":"ReadAction","target":["https:\/\/diariodepe.com.br\/xinhua\/2021\/03\/18\/vice-premie-destaca-um-bom-inicio-do-14o-periodo-do-plano-de-cinco-anos\/"]}]},{"@type":"ImageObject","inLanguage":"pt-BR","@id":"https:\/\/diariodepe.com.br\/xinhua\/2021\/03\/18\/vice-premie-destaca-um-bom-inicio-do-14o-periodo-do-plano-de-cinco-anos\/#primaryimage","url":"https:\/\/diariodepe.com.br\/xinhua\/wp-content\/uploads\/sites\/3\/2021\/03\/139818753_16160342056131n.jpg","contentUrl":"https:\/\/diariodepe.com.br\/xinhua\/wp-content\/uploads\/sites\/3\/2021\/03\/139818753_16160342056131n.jpg","width":900,"height":600,"caption":"(Xinhua\/Yin Bogu)"},{"@type":"BreadcrumbList","@id":"https:\/\/diariodepe.com.br\/xinhua\/2021\/03\/18\/vice-premie-destaca-um-bom-inicio-do-14o-periodo-do-plano-de-cinco-anos\/#breadcrumb","itemListElement":[{"@type":"ListItem","position":1,"name":"In\u00edcio","item":"https:\/\/diariodepe.com.br\/xinhua\/"},{"@type":"ListItem","position":2,"name":"Vice-premi\u00ea destaca um bom in\u00edcio do 14\u00ba per\u00edodo do plano de cinco anos"}]},{"@type":"WebSite","@id":"https:\/\/diariodepe.com.br\/xinhua\/#website","url":"https:\/\/diariodepe.com.br\/xinhua\/","name":"Xinhua - Diario de Pernambuco","description":"A maior ag\u00eancia de not\u00edcias da China e um dos principais canais para conhecer o pa\u00eds","publisher":{"@id":"https:\/\/diariodepe.com.br\/xinhua\/#organization"},"potentialAction":[{"@type":"SearchAction","target":{"@type":"EntryPoint","urlTemplate":"https:\/\/diariodepe.com.br\/xinhua\/?s={search_term_string}"},"query-input":{"@type":"PropertyValueSpecification","valueRequired":true,"valueName":"search_term_string"}}],"inLanguage":"pt-BR"},{"@type":"Organization","@id":"https:\/\/diariodepe.com.br\/xinhua\/#organization","name":"Xinhua - Diario de Pernambuco","url":"https:\/\/diariodepe.com.br\/xinhua\/","logo":{"@type":"ImageObject","inLanguage":"pt-BR","@id":"https:\/\/diariodepe.com.br\/xinhua\/#\/schema\/logo\/image\/","url":"https:\/\/diariodepe.com.br\/xinhua\/wp-content\/uploads\/sites\/3\/2020\/10\/cropped-logo-transparente-2.png","contentUrl":"https:\/\/diariodepe.com.br\/xinhua\/wp-content\/uploads\/sites\/3\/2020\/10\/cropped-logo-transparente-2.png","width":512,"height":164,"caption":"Xinhua - Diario de Pernambuco"},"image":{"@id":"https:\/\/diariodepe.com.br\/xinhua\/#\/schema\/logo\/image\/"}},{"@type":"Person","@id":"https:\/\/diariodepe.com.br\/xinhua\/#\/schema\/person\/0943d6fd02bdc7b49c8f495e8787a2cb","name":"Marcelo Oliveira de A. Maranhao","image":{"@type":"ImageObject","inLanguage":"pt-BR","@id":"https:\/\/secure.gravatar.com\/avatar\/f562caee940d39879c20e90eea3e4b21860c7d4c96684c23141c554824f0059c?s=96&d=mm&r=g","url":"https:\/\/secure.gravatar.com\/avatar\/f562caee940d39879c20e90eea3e4b21860c7d4c96684c23141c554824f0059c?s=96&d=mm&r=g","contentUrl":"https:\/\/secure.gravatar.com\/avatar\/f562caee940d39879c20e90eea3e4b21860c7d4c96684c23141c554824f0059c?s=96&d=mm&r=g","caption":"Marcelo Oliveira de A. Maranhao"},"url":"https:\/\/diariodepe.com.br\/xinhua\/author\/marcelo-maranhao\/"}]}},"cc_featured_image_caption":{"caption_text":false,"source_text":false,"source_url":false},"amp_enabled":true,"_links":{"self":[{"href":"https:\/\/diariodepe.com.br\/xinhua\/wp-json\/wp\/v2\/posts\/417","targetHints":{"allow":["GET"]}}],"collection":[{"href":"https:\/\/diariodepe.com.br\/xinhua\/wp-json\/wp\/v2\/posts"}],"about":[{"href":"https:\/\/diariodepe.com.br\/xinhua\/wp-json\/wp\/v2\/types\/post"}],"author":[{"embeddable":true,"href":"https:\/\/diariodepe.com.br\/xinhua\/wp-json\/wp\/v2\/users\/3"}],"replies":[{"embeddable":true,"href":"https:\/\/diariodepe.com.br\/xinhua\/wp-json\/wp\/v2\/comments?post=417"}],"version-history":[{"count":1,"href":"https:\/\/diariodepe.com.br\/xinhua\/wp-json\/wp\/v2\/posts\/417\/revisions"}],"predecessor-version":[{"id":419,"href":"https:\/\/diariodepe.com.br\/xinhua\/wp-json\/wp\/v2\/posts\/417\/revisions\/419"}],"wp:featuredmedia":[{"embeddable":true,"href":"https:\/\/diariodepe.com.br\/xinhua\/wp-json\/wp\/v2\/media\/418"}],"wp:attachment":[{"href":"https:\/\/diariodepe.com.br\/xinhua\/wp-json\/wp\/v2\/media?parent=417"}],"wp:term":[{"taxonomy":"category","embeddable":true,"href":"https:\/\/diariodepe.com.br\/xinhua\/wp-json\/wp\/v2\/categories?post=417"},{"taxonomy":"post_tag","embeddable":true,"href":"https:\/\/diariodepe.com.br\/xinhua\/wp-json\/wp\/v2\/tags?post=417"}],"curies":[{"name":"wp","href":"https:\/\/api.w.org\/{rel}","templated":true}]}}