{"id":4106,"date":"2021-11-24T16:30:00","date_gmt":"2021-11-24T19:30:00","guid":{"rendered":"http:\/\/www.diariodepe.com.br\/xinhua\/?p=4106"},"modified":"2021-11-24T09:38:31","modified_gmt":"2021-11-24T12:38:31","slug":"restricoes-mais-rigidas-de-covid-19-geram-protestos-e-tumultos-em-toda-europa-em-meio-nova-onda-de-pandemia","status":"publish","type":"post","link":"https:\/\/diariodepe.com.br\/xinhua\/2021\/11\/24\/restricoes-mais-rigidas-de-covid-19-geram-protestos-e-tumultos-em-toda-europa-em-meio-nova-onda-de-pandemia\/","title":{"rendered":"Restri\u00e7\u00f5es mais r\u00edgidas de COVID-19 geram protestos e tumultos em toda Europa em meio nova onda de pandemia"},"content":{"rendered":"\n<p>Paris &#8211; Em resposta \u00e0s medidas restritivas de COVID-19, manifesta\u00e7\u00f5es foram realizadas em toda a Europa no fim de semana passado, em meio ao aumento de novos casos e uma nova onda de pandemia.<\/p>\n\n\n\n<p>Na B\u00e9lgica e na Holanda, os protestos se intensificaram em tumultos, levando a pol\u00edcia a usar g\u00e1s lacrimog\u00eaneo e canh\u00f5es de \u00e1gua.<\/p>\n\n\n\n<p>MOTINS E ATAQUES<\/p>\n\n\n\n<p>Estima-se que 35.000 pessoas se reuniram no centro de Bruxelas no domingo para protestar contra as medidas refor\u00e7adas que entraram em vigor neste fim de semana. Isso inclui o uso obrigat\u00f3rio do Comprovante de Seguran\u00e7a de COVID (CST) e a obriga\u00e7\u00e3o de usar m\u00e1scaras faciais em \u00e1reas onde um CST \u00e9 necess\u00e1rio.<\/p>\n\n\n\n<p>A manifesta\u00e7\u00e3o come\u00e7ou pouco depois do meio-dia de domingo perto da Esta\u00e7\u00e3o Bruxelas Norte, com manifestantes brandindo faixas dizendo &#8220;Juntos pela Liberdade&#8221; e &#8220;Resist\u00eancia&#8221;.<\/p>\n\n\n\n<p>A pol\u00edcia usou canh\u00f5es de \u00e1gua e g\u00e1s lacrimog\u00eaneo para dispersar os manifestantes que atiravam fogos de artif\u00edcio contra eles.<\/p>\n\n\n\n<p>Quarenta e duas pessoas foram detidas e duas presas, segundo a pol\u00edcia local na noite de domingo e o prefeito da cidade de Bruxelas, Philippe Close, &#8220;condenou veementemente&#8221; os ataques.<\/p>\n\n\n\n<p>Em Rotterdam, a manifesta\u00e7\u00e3o contra as restri\u00e7\u00f5es de COVID-19 come\u00e7ou na noite de sexta-feira passada, quando v\u00e1rias centenas de manifestantes se reuniram no centro da cidade jogando fogos de artif\u00edcio e incendiando carros, entre eles, pelo menos, um ve\u00edculo da pol\u00edcia.<\/p>\n\n\n\n<p>O protesto se transformou em tumulto e a pol\u00edcia respondeu com canh\u00f5es de \u00e1gua e g\u00e1s lacrimog\u00eaneo.<\/p>\n\n\n\n<p>Cerca de 50 pessoas foram presas e quatro ficaram feridas e enviadas ao hospital para tratamento.<\/p>\n\n\n\n<p>Na segunda-feira, o primeiro-ministro holand\u00eas Mark Rutte condenou os tumultos dos \u00faltimos tr\u00eas dias nas cidades em Holanda e advertiu que todo o poss\u00edvel seria feito para punir os desordeiros.<\/p>\n\n\n\n<p>&#8220;Estes n\u00e3o s\u00e3o protestos contra o COVID-19, mas pura viol\u00eancia de tolos, que n\u00e3o tem nada a ver com manifesta\u00e7\u00e3o&#8221;, disse Rutte ap\u00f3s consultar seus colegas ministros.<\/p>\n\n\n\n<p>Em toda a Gr\u00e9cia, restaurantes e caf\u00e9s permaneceram fechados na semana passada em protesto contra as novas restri\u00e7\u00f5es do governo ao COVID-19.<\/p>\n\n\n\n<p>As medidas atingiram duramente milhares de empresas, muitas delas enfrentando o risco de fechamento permanente, e mais apoio do estado \u00e9 urgentemente necess\u00e1rio, afirmou a Federa\u00e7\u00e3o Pan-hel\u00eanica de Restaurantes e Profiss\u00f5es Relacionadas (POESE) em um comunicado \u00e0 imprensa.<\/p>\n\n\n\n<p>&#8220;Estamos fechando as portas hoje para n\u00e3o precisarmos fechar as portas para sempre&#8221;, gritaram os manifestantes durante um com\u00edcio realizado no centro de Atenas.<\/p>\n\n\n\n<p>&#8220;Servi\u00e7o de refei\u00e7\u00f5es coletivas permanece fechado em toda a Gr\u00e9cia&#8221; diziam os cartazes nas portas fechadas de restaurantes e caf\u00e9s.<\/p>\n\n\n\n<p>&#8220;Sofremos muito nos \u00faltimos dois anos, n\u00e3o podemos lidar com as condi\u00e7\u00f5es dif\u00edceis&#8221;, disse \u00e0 Xinhua o ativista sindical, Iro Genetzaki, durante o protesto.<\/p>\n\n\n\n<p>MEDIDAS MAIS R\u00cdGIDAS DE COVID-19<\/p>\n\n\n\n<p>Com a chegada do inverno no Hemisf\u00e9rio Norte, a Uni\u00e3o Europeia (UE) teme uma nova onda de infec\u00e7\u00f5es por COVID-19.<\/p>\n\n\n\n<p>O n\u00edvel de preocupa\u00e7\u00e3o para a situa\u00e7\u00e3o de COVID-19 na UE foi avaliado em 8,3 de 10, ou &#8220;muito alto&#8221;, na \u00faltima sexta-feira, pelo Centro Europeu de Preven\u00e7\u00e3o e Controle de Doen\u00e7as (ECDC).<\/p>\n\n\n\n<p>O uso de m\u00e1scaras, limpeza de m\u00e3os e ventila\u00e7\u00e3o s\u00e3o medidas n\u00e3o farmac\u00eauticas cruciais que devem continuar para combater o COVID-19, e &#8220;continua sendo extremamente importante que sigamos as interven\u00e7\u00f5es n\u00e3o farmac\u00eauticas&#8221;, disse Stefan de Keersmaecker, porta-voz da Comiss\u00e3o Europeia para Sa\u00fade, na segunda-feira.<\/p>\n\n\n\n<p>Novas medidas para conter o aumento das infec\u00e7\u00f5es por COVID-19 entraram em vigor na B\u00e9lgica no s\u00e1bado, tornando o uso do CST e o uso de m\u00e1scaras faciais obrigat\u00f3rios em ambientes fechados para todas as pessoas com dez anos ou mais.<\/p>\n\n\n\n<p>As autoridades reiteraram seu apelo para que as pessoas respeitem o distanciamento social de 1,5 metro em ambientes fechados e limitem os contatos sociais ao ar livre, embora nenhuma &#8220;quarentena&#8221; tenha sido imposta por enquanto.<\/p>\n\n\n\n<p>Na Gr\u00e9cia, de acordo com o \u00faltimo conjunto de medidas em vigor desde 6 de novembro, para ser servido em caf\u00e9s e restaurantes, tanto internos quanto externos, os clientes precisam apresentar comprovante de vacina\u00e7\u00e3o ou recupera\u00e7\u00e3o contra COVID-19.<\/p>\n\n\n\n<p>Indiv\u00edduos n\u00e3o vacinados devem apresentar um recente teste de PCR (rea\u00e7\u00e3o em cadeia da polimerase) negativo r\u00e1pido para poder entrar em lojas de varejo, cabeleireiros, servi\u00e7os p\u00fablicos e bancos.<\/p>\n\n\n\n<p>A ministra do Trabalho da Fran\u00e7a, Elisabeth Borne, pediu na segunda-feira \u00e0s empresas francesas que respeitem estritamente os gestos de barreira, especialmente o mandato da m\u00e1scara, a fim de permitir que o pa\u00eds enfrente a quinta onda de COVID-19.<\/p>\n\n\n\n<p>&#8220;Nos neg\u00f3cios, devemos nos mobilizar novamente para respeitar os gestos de barreira, colocar a m\u00e1scara de volta nas reuni\u00f5es, quando estamos em espa\u00e7os p\u00fablicos&#8230; \u00c9 muito importante no momento em que vemos que a pandemia est\u00e1 recome\u00e7ando&#8221;, disse ela.<\/p>\n\n\n\n<p>Devido a da situa\u00e7\u00e3o, o Conselho de Orienta\u00e7\u00e3o para a Estrat\u00e9gia de Vacinas (COSV) da Fran\u00e7a sugeriu na segunda-feira que uma dose de refor\u00e7o para todos os adultos deveria ser considerada.<\/p>\n\n\n\n<p>Em face da crescente pandemia, os estados federais da Alemanha recentemente tornaram suas respectivas medidas contra COVID-19 mais r\u00edgidas.<\/p>\n\n\n\n<p>O estado da Baviera no sul e o estado da Sax\u00f4nia no leste cancelaram seus mercados de Natal este ano, e o estado de Hesse no oeste decidiu que apenas os vacinados ou recuperados de COVID-19 ter\u00e3o permiss\u00e3o para entrar nas \u00e1reas internas de restaurantes, instala\u00e7\u00f5es esportivas e institui\u00e7\u00f5es culturais.<\/p>\n\n\n\n<p>Gernot Marx, presidente da Associa\u00e7\u00e3o Alem\u00e3 Interdisciplinar para Terapia Intensiva e Medicina de Emerg\u00eancia (DIVI), disse em um evento transmitido ao vivo na segunda-feira que &#8220;a situa\u00e7\u00e3o de COVID-19 (na Alemanha) \u00e9 muito preocupante e n\u00e3o est\u00e1 sob controle no momento&#8221;.&nbsp;<\/p>\n","protected":false},"excerpt":{"rendered":"<p>Paris &#8211; Em resposta \u00e0s medidas restritivas de COVID-19, manifesta\u00e7\u00f5es foram realizadas em toda a Europa no fim de semana passado, em meio ao aumento de novos casos e uma nova onda de pandemia. Na B\u00e9lgica e na Holanda, os&#8230;<\/p>\n","protected":false},"author":3,"featured_media":0,"comment_status":"open","ping_status":"open","sticky":false,"template":"","format":"standard","meta":{"footnotes":""},"categories":[1],"tags":[],"class_list":["post-4106","post","type-post","status-publish","format-standard","hentry","category-geral"],"yoast_head":"<!-- This site is optimized with the Yoast SEO plugin v27.4 - https:\/\/yoast.com\/product\/yoast-seo-wordpress\/ -->\n<title>Restri\u00e7\u00f5es mais r\u00edgidas de COVID-19 geram protestos e tumultos em toda Europa em meio nova onda de pandemia - Xinhua - Diario de Pernambuco<\/title>\n<meta name=\"robots\" content=\"index, follow, max-snippet:-1, max-image-preview:large, max-video-preview:-1\" \/>\n<link rel=\"canonical\" href=\"https:\/\/diariodepe.com.br\/xinhua\/2021\/11\/24\/restricoes-mais-rigidas-de-covid-19-geram-protestos-e-tumultos-em-toda-europa-em-meio-nova-onda-de-pandemia\/\" \/>\n<meta property=\"og:locale\" content=\"pt_BR\" \/>\n<meta property=\"og:type\" content=\"article\" \/>\n<meta property=\"og:title\" content=\"Restri\u00e7\u00f5es mais r\u00edgidas de COVID-19 geram protestos e tumultos em toda Europa em meio nova onda de pandemia - Xinhua - Diario de Pernambuco\" \/>\n<meta property=\"og:description\" content=\"Paris &#8211; Em resposta \u00e0s medidas restritivas de COVID-19, manifesta\u00e7\u00f5es foram realizadas em toda a Europa no fim de semana passado, em meio ao aumento de novos casos e uma nova onda de pandemia. Na B\u00e9lgica e na Holanda, os...\" \/>\n<meta property=\"og:url\" content=\"https:\/\/diariodepe.com.br\/xinhua\/2021\/11\/24\/restricoes-mais-rigidas-de-covid-19-geram-protestos-e-tumultos-em-toda-europa-em-meio-nova-onda-de-pandemia\/\" \/>\n<meta property=\"og:site_name\" content=\"Xinhua - Diario de Pernambuco\" \/>\n<meta property=\"article:published_time\" content=\"2021-11-24T19:30:00+00:00\" \/>\n<meta name=\"author\" content=\"Marcelo Oliveira de A. Maranhao\" \/>\n<meta name=\"twitter:card\" content=\"summary_large_image\" \/>\n<meta name=\"twitter:label1\" content=\"Escrito por\" \/>\n\t<meta name=\"twitter:data1\" content=\"Marcelo Oliveira de A. Maranhao\" \/>\n\t<meta name=\"twitter:label2\" content=\"Est. tempo de leitura\" \/>\n\t<meta name=\"twitter:data2\" content=\"4 minutos\" \/>\n<script type=\"application\/ld+json\" class=\"yoast-schema-graph\">{\"@context\":\"https:\\\/\\\/schema.org\",\"@graph\":[{\"@type\":\"Article\",\"@id\":\"https:\\\/\\\/diariodepe.com.br\\\/xinhua\\\/2021\\\/11\\\/24\\\/restricoes-mais-rigidas-de-covid-19-geram-protestos-e-tumultos-em-toda-europa-em-meio-nova-onda-de-pandemia\\\/#article\",\"isPartOf\":{\"@id\":\"https:\\\/\\\/diariodepe.com.br\\\/xinhua\\\/2021\\\/11\\\/24\\\/restricoes-mais-rigidas-de-covid-19-geram-protestos-e-tumultos-em-toda-europa-em-meio-nova-onda-de-pandemia\\\/\"},\"author\":{\"name\":\"Marcelo Oliveira de A. Maranhao\",\"@id\":\"https:\\\/\\\/diariodepe.com.br\\\/xinhua\\\/#\\\/schema\\\/person\\\/0943d6fd02bdc7b49c8f495e8787a2cb\"},\"headline\":\"Restri\u00e7\u00f5es mais r\u00edgidas de COVID-19 geram protestos e tumultos em toda Europa em meio nova onda de pandemia\",\"datePublished\":\"2021-11-24T19:30:00+00:00\",\"mainEntityOfPage\":{\"@id\":\"https:\\\/\\\/diariodepe.com.br\\\/xinhua\\\/2021\\\/11\\\/24\\\/restricoes-mais-rigidas-de-covid-19-geram-protestos-e-tumultos-em-toda-europa-em-meio-nova-onda-de-pandemia\\\/\"},\"wordCount\":1034,\"commentCount\":0,\"publisher\":{\"@id\":\"https:\\\/\\\/diariodepe.com.br\\\/xinhua\\\/#organization\"},\"articleSection\":[\"Geral\"],\"inLanguage\":\"pt-BR\",\"potentialAction\":[{\"@type\":\"CommentAction\",\"name\":\"Comment\",\"target\":[\"https:\\\/\\\/diariodepe.com.br\\\/xinhua\\\/2021\\\/11\\\/24\\\/restricoes-mais-rigidas-de-covid-19-geram-protestos-e-tumultos-em-toda-europa-em-meio-nova-onda-de-pandemia\\\/#respond\"]}]},{\"@type\":\"WebPage\",\"@id\":\"https:\\\/\\\/diariodepe.com.br\\\/xinhua\\\/2021\\\/11\\\/24\\\/restricoes-mais-rigidas-de-covid-19-geram-protestos-e-tumultos-em-toda-europa-em-meio-nova-onda-de-pandemia\\\/\",\"url\":\"https:\\\/\\\/diariodepe.com.br\\\/xinhua\\\/2021\\\/11\\\/24\\\/restricoes-mais-rigidas-de-covid-19-geram-protestos-e-tumultos-em-toda-europa-em-meio-nova-onda-de-pandemia\\\/\",\"name\":\"Restri\u00e7\u00f5es mais r\u00edgidas de COVID-19 geram protestos e tumultos em toda Europa em meio nova onda de pandemia - Xinhua - Diario de Pernambuco\",\"isPartOf\":{\"@id\":\"https:\\\/\\\/diariodepe.com.br\\\/xinhua\\\/#website\"},\"datePublished\":\"2021-11-24T19:30:00+00:00\",\"breadcrumb\":{\"@id\":\"https:\\\/\\\/diariodepe.com.br\\\/xinhua\\\/2021\\\/11\\\/24\\\/restricoes-mais-rigidas-de-covid-19-geram-protestos-e-tumultos-em-toda-europa-em-meio-nova-onda-de-pandemia\\\/#breadcrumb\"},\"inLanguage\":\"pt-BR\",\"potentialAction\":[{\"@type\":\"ReadAction\",\"target\":[\"https:\\\/\\\/diariodepe.com.br\\\/xinhua\\\/2021\\\/11\\\/24\\\/restricoes-mais-rigidas-de-covid-19-geram-protestos-e-tumultos-em-toda-europa-em-meio-nova-onda-de-pandemia\\\/\"]}]},{\"@type\":\"BreadcrumbList\",\"@id\":\"https:\\\/\\\/diariodepe.com.br\\\/xinhua\\\/2021\\\/11\\\/24\\\/restricoes-mais-rigidas-de-covid-19-geram-protestos-e-tumultos-em-toda-europa-em-meio-nova-onda-de-pandemia\\\/#breadcrumb\",\"itemListElement\":[{\"@type\":\"ListItem\",\"position\":1,\"name\":\"In\u00edcio\",\"item\":\"https:\\\/\\\/diariodepe.com.br\\\/xinhua\\\/\"},{\"@type\":\"ListItem\",\"position\":2,\"name\":\"Restri\u00e7\u00f5es mais r\u00edgidas de COVID-19 geram protestos e tumultos em toda Europa em meio nova onda de pandemia\"}]},{\"@type\":\"WebSite\",\"@id\":\"https:\\\/\\\/diariodepe.com.br\\\/xinhua\\\/#website\",\"url\":\"https:\\\/\\\/diariodepe.com.br\\\/xinhua\\\/\",\"name\":\"Xinhua - Diario de Pernambuco\",\"description\":\"A maior ag\u00eancia de not\u00edcias da China e um dos principais canais para conhecer o pa\u00eds\",\"publisher\":{\"@id\":\"https:\\\/\\\/diariodepe.com.br\\\/xinhua\\\/#organization\"},\"potentialAction\":[{\"@type\":\"SearchAction\",\"target\":{\"@type\":\"EntryPoint\",\"urlTemplate\":\"https:\\\/\\\/diariodepe.com.br\\\/xinhua\\\/?s={search_term_string}\"},\"query-input\":{\"@type\":\"PropertyValueSpecification\",\"valueRequired\":true,\"valueName\":\"search_term_string\"}}],\"inLanguage\":\"pt-BR\"},{\"@type\":\"Organization\",\"@id\":\"https:\\\/\\\/diariodepe.com.br\\\/xinhua\\\/#organization\",\"name\":\"Xinhua - Diario de Pernambuco\",\"url\":\"https:\\\/\\\/diariodepe.com.br\\\/xinhua\\\/\",\"logo\":{\"@type\":\"ImageObject\",\"inLanguage\":\"pt-BR\",\"@id\":\"https:\\\/\\\/diariodepe.com.br\\\/xinhua\\\/#\\\/schema\\\/logo\\\/image\\\/\",\"url\":\"https:\\\/\\\/diariodepe.com.br\\\/xinhua\\\/wp-content\\\/uploads\\\/sites\\\/3\\\/2020\\\/10\\\/cropped-logo-transparente-2.png\",\"contentUrl\":\"https:\\\/\\\/diariodepe.com.br\\\/xinhua\\\/wp-content\\\/uploads\\\/sites\\\/3\\\/2020\\\/10\\\/cropped-logo-transparente-2.png\",\"width\":512,\"height\":164,\"caption\":\"Xinhua - Diario de Pernambuco\"},\"image\":{\"@id\":\"https:\\\/\\\/diariodepe.com.br\\\/xinhua\\\/#\\\/schema\\\/logo\\\/image\\\/\"}},{\"@type\":\"Person\",\"@id\":\"https:\\\/\\\/diariodepe.com.br\\\/xinhua\\\/#\\\/schema\\\/person\\\/0943d6fd02bdc7b49c8f495e8787a2cb\",\"name\":\"Marcelo Oliveira de A. Maranhao\",\"image\":{\"@type\":\"ImageObject\",\"inLanguage\":\"pt-BR\",\"@id\":\"https:\\\/\\\/secure.gravatar.com\\\/avatar\\\/f562caee940d39879c20e90eea3e4b21860c7d4c96684c23141c554824f0059c?s=96&d=mm&r=g\",\"url\":\"https:\\\/\\\/secure.gravatar.com\\\/avatar\\\/f562caee940d39879c20e90eea3e4b21860c7d4c96684c23141c554824f0059c?s=96&d=mm&r=g\",\"contentUrl\":\"https:\\\/\\\/secure.gravatar.com\\\/avatar\\\/f562caee940d39879c20e90eea3e4b21860c7d4c96684c23141c554824f0059c?s=96&d=mm&r=g\",\"caption\":\"Marcelo Oliveira de A. Maranhao\"},\"url\":\"https:\\\/\\\/diariodepe.com.br\\\/xinhua\\\/author\\\/marcelo-maranhao\\\/\"}]}<\/script>\n<!-- \/ Yoast SEO plugin. -->","yoast_head_json":{"title":"Restri\u00e7\u00f5es mais r\u00edgidas de COVID-19 geram protestos e tumultos em toda Europa em meio nova onda de pandemia - Xinhua - Diario de Pernambuco","robots":{"index":"index","follow":"follow","max-snippet":"max-snippet:-1","max-image-preview":"max-image-preview:large","max-video-preview":"max-video-preview:-1"},"canonical":"https:\/\/diariodepe.com.br\/xinhua\/2021\/11\/24\/restricoes-mais-rigidas-de-covid-19-geram-protestos-e-tumultos-em-toda-europa-em-meio-nova-onda-de-pandemia\/","og_locale":"pt_BR","og_type":"article","og_title":"Restri\u00e7\u00f5es mais r\u00edgidas de COVID-19 geram protestos e tumultos em toda Europa em meio nova onda de pandemia - Xinhua - Diario de Pernambuco","og_description":"Paris &#8211; Em resposta \u00e0s medidas restritivas de COVID-19, manifesta\u00e7\u00f5es foram realizadas em toda a Europa no fim de semana passado, em meio ao aumento de novos casos e uma nova onda de pandemia. Na B\u00e9lgica e na Holanda, os...","og_url":"https:\/\/diariodepe.com.br\/xinhua\/2021\/11\/24\/restricoes-mais-rigidas-de-covid-19-geram-protestos-e-tumultos-em-toda-europa-em-meio-nova-onda-de-pandemia\/","og_site_name":"Xinhua - Diario de Pernambuco","article_published_time":"2021-11-24T19:30:00+00:00","author":"Marcelo Oliveira de A. Maranhao","twitter_card":"summary_large_image","twitter_misc":{"Escrito por":"Marcelo Oliveira de A. Maranhao","Est. tempo de leitura":"4 minutos"},"schema":{"@context":"https:\/\/schema.org","@graph":[{"@type":"Article","@id":"https:\/\/diariodepe.com.br\/xinhua\/2021\/11\/24\/restricoes-mais-rigidas-de-covid-19-geram-protestos-e-tumultos-em-toda-europa-em-meio-nova-onda-de-pandemia\/#article","isPartOf":{"@id":"https:\/\/diariodepe.com.br\/xinhua\/2021\/11\/24\/restricoes-mais-rigidas-de-covid-19-geram-protestos-e-tumultos-em-toda-europa-em-meio-nova-onda-de-pandemia\/"},"author":{"name":"Marcelo Oliveira de A. Maranhao","@id":"https:\/\/diariodepe.com.br\/xinhua\/#\/schema\/person\/0943d6fd02bdc7b49c8f495e8787a2cb"},"headline":"Restri\u00e7\u00f5es mais r\u00edgidas de COVID-19 geram protestos e tumultos em toda Europa em meio nova onda de pandemia","datePublished":"2021-11-24T19:30:00+00:00","mainEntityOfPage":{"@id":"https:\/\/diariodepe.com.br\/xinhua\/2021\/11\/24\/restricoes-mais-rigidas-de-covid-19-geram-protestos-e-tumultos-em-toda-europa-em-meio-nova-onda-de-pandemia\/"},"wordCount":1034,"commentCount":0,"publisher":{"@id":"https:\/\/diariodepe.com.br\/xinhua\/#organization"},"articleSection":["Geral"],"inLanguage":"pt-BR","potentialAction":[{"@type":"CommentAction","name":"Comment","target":["https:\/\/diariodepe.com.br\/xinhua\/2021\/11\/24\/restricoes-mais-rigidas-de-covid-19-geram-protestos-e-tumultos-em-toda-europa-em-meio-nova-onda-de-pandemia\/#respond"]}]},{"@type":"WebPage","@id":"https:\/\/diariodepe.com.br\/xinhua\/2021\/11\/24\/restricoes-mais-rigidas-de-covid-19-geram-protestos-e-tumultos-em-toda-europa-em-meio-nova-onda-de-pandemia\/","url":"https:\/\/diariodepe.com.br\/xinhua\/2021\/11\/24\/restricoes-mais-rigidas-de-covid-19-geram-protestos-e-tumultos-em-toda-europa-em-meio-nova-onda-de-pandemia\/","name":"Restri\u00e7\u00f5es mais r\u00edgidas de COVID-19 geram protestos e tumultos em toda Europa em meio nova onda de pandemia - Xinhua - Diario de Pernambuco","isPartOf":{"@id":"https:\/\/diariodepe.com.br\/xinhua\/#website"},"datePublished":"2021-11-24T19:30:00+00:00","breadcrumb":{"@id":"https:\/\/diariodepe.com.br\/xinhua\/2021\/11\/24\/restricoes-mais-rigidas-de-covid-19-geram-protestos-e-tumultos-em-toda-europa-em-meio-nova-onda-de-pandemia\/#breadcrumb"},"inLanguage":"pt-BR","potentialAction":[{"@type":"ReadAction","target":["https:\/\/diariodepe.com.br\/xinhua\/2021\/11\/24\/restricoes-mais-rigidas-de-covid-19-geram-protestos-e-tumultos-em-toda-europa-em-meio-nova-onda-de-pandemia\/"]}]},{"@type":"BreadcrumbList","@id":"https:\/\/diariodepe.com.br\/xinhua\/2021\/11\/24\/restricoes-mais-rigidas-de-covid-19-geram-protestos-e-tumultos-em-toda-europa-em-meio-nova-onda-de-pandemia\/#breadcrumb","itemListElement":[{"@type":"ListItem","position":1,"name":"In\u00edcio","item":"https:\/\/diariodepe.com.br\/xinhua\/"},{"@type":"ListItem","position":2,"name":"Restri\u00e7\u00f5es mais r\u00edgidas de COVID-19 geram protestos e tumultos em toda Europa em meio nova onda de pandemia"}]},{"@type":"WebSite","@id":"https:\/\/diariodepe.com.br\/xinhua\/#website","url":"https:\/\/diariodepe.com.br\/xinhua\/","name":"Xinhua - Diario de Pernambuco","description":"A maior ag\u00eancia de not\u00edcias da China e um dos principais canais para conhecer o pa\u00eds","publisher":{"@id":"https:\/\/diariodepe.com.br\/xinhua\/#organization"},"potentialAction":[{"@type":"SearchAction","target":{"@type":"EntryPoint","urlTemplate":"https:\/\/diariodepe.com.br\/xinhua\/?s={search_term_string}"},"query-input":{"@type":"PropertyValueSpecification","valueRequired":true,"valueName":"search_term_string"}}],"inLanguage":"pt-BR"},{"@type":"Organization","@id":"https:\/\/diariodepe.com.br\/xinhua\/#organization","name":"Xinhua - Diario de Pernambuco","url":"https:\/\/diariodepe.com.br\/xinhua\/","logo":{"@type":"ImageObject","inLanguage":"pt-BR","@id":"https:\/\/diariodepe.com.br\/xinhua\/#\/schema\/logo\/image\/","url":"https:\/\/diariodepe.com.br\/xinhua\/wp-content\/uploads\/sites\/3\/2020\/10\/cropped-logo-transparente-2.png","contentUrl":"https:\/\/diariodepe.com.br\/xinhua\/wp-content\/uploads\/sites\/3\/2020\/10\/cropped-logo-transparente-2.png","width":512,"height":164,"caption":"Xinhua - Diario de Pernambuco"},"image":{"@id":"https:\/\/diariodepe.com.br\/xinhua\/#\/schema\/logo\/image\/"}},{"@type":"Person","@id":"https:\/\/diariodepe.com.br\/xinhua\/#\/schema\/person\/0943d6fd02bdc7b49c8f495e8787a2cb","name":"Marcelo Oliveira de A. Maranhao","image":{"@type":"ImageObject","inLanguage":"pt-BR","@id":"https:\/\/secure.gravatar.com\/avatar\/f562caee940d39879c20e90eea3e4b21860c7d4c96684c23141c554824f0059c?s=96&d=mm&r=g","url":"https:\/\/secure.gravatar.com\/avatar\/f562caee940d39879c20e90eea3e4b21860c7d4c96684c23141c554824f0059c?s=96&d=mm&r=g","contentUrl":"https:\/\/secure.gravatar.com\/avatar\/f562caee940d39879c20e90eea3e4b21860c7d4c96684c23141c554824f0059c?s=96&d=mm&r=g","caption":"Marcelo Oliveira de A. Maranhao"},"url":"https:\/\/diariodepe.com.br\/xinhua\/author\/marcelo-maranhao\/"}]}},"cc_featured_image_caption":{"caption_text":"","source_text":"","source_url":""},"amp_enabled":true,"_links":{"self":[{"href":"https:\/\/diariodepe.com.br\/xinhua\/wp-json\/wp\/v2\/posts\/4106","targetHints":{"allow":["GET"]}}],"collection":[{"href":"https:\/\/diariodepe.com.br\/xinhua\/wp-json\/wp\/v2\/posts"}],"about":[{"href":"https:\/\/diariodepe.com.br\/xinhua\/wp-json\/wp\/v2\/types\/post"}],"author":[{"embeddable":true,"href":"https:\/\/diariodepe.com.br\/xinhua\/wp-json\/wp\/v2\/users\/3"}],"replies":[{"embeddable":true,"href":"https:\/\/diariodepe.com.br\/xinhua\/wp-json\/wp\/v2\/comments?post=4106"}],"version-history":[{"count":1,"href":"https:\/\/diariodepe.com.br\/xinhua\/wp-json\/wp\/v2\/posts\/4106\/revisions"}],"predecessor-version":[{"id":4107,"href":"https:\/\/diariodepe.com.br\/xinhua\/wp-json\/wp\/v2\/posts\/4106\/revisions\/4107"}],"wp:attachment":[{"href":"https:\/\/diariodepe.com.br\/xinhua\/wp-json\/wp\/v2\/media?parent=4106"}],"wp:term":[{"taxonomy":"category","embeddable":true,"href":"https:\/\/diariodepe.com.br\/xinhua\/wp-json\/wp\/v2\/categories?post=4106"},{"taxonomy":"post_tag","embeddable":true,"href":"https:\/\/diariodepe.com.br\/xinhua\/wp-json\/wp\/v2\/tags?post=4106"}],"curies":[{"name":"wp","href":"https:\/\/api.w.org\/{rel}","templated":true}]}}