{"id":4096,"date":"2021-11-24T09:22:09","date_gmt":"2021-11-24T12:22:09","guid":{"rendered":"http:\/\/www.diariodepe.com.br\/xinhua\/?p=4096"},"modified":"2021-11-24T09:22:11","modified_gmt":"2021-11-24T12:22:11","slug":"biden-nomeara-jerome-powell-para-segundo-mandato-como-presidente-do-fed","status":"publish","type":"post","link":"https:\/\/diariodepe.com.br\/xinhua\/2021\/11\/24\/biden-nomeara-jerome-powell-para-segundo-mandato-como-presidente-do-fed\/","title":{"rendered":"Biden nomear\u00e1 Jerome Powell para segundo mandato como presidente do Fed"},"content":{"rendered":"\n<p>Washington &#8211; O presidente dos EUA, Joe Biden, anunciou na segunda-feira que pretende nomear Jerome Powell para um segundo mandato como presidente do Federal Reserve (Fed, banco central dos Estados Unidos) e nomear Lael Brainard como vice-presidente.<\/p>\n\n\n\n<p>&#8220;O presidente Powell forneceu lideran\u00e7a est\u00e1vel durante um per\u00edodo desafiador sem precedentes, incluindo a maior recess\u00e3o econ\u00f4mica da hist\u00f3ria moderna e ataques \u00e0 independ\u00eancia do Fed&#8221;, segundo um comunicado da Casa Branca.<\/p>\n\n\n\n<p>O presidente do Fed republicano, cujo mandato de quatro anos termina em fevereiro, \u00e9 apoiado por legisladores republicanos e pela secret\u00e1ria do Tesouro, Janet Yellen, mas atraiu cr\u00edticas e oposi\u00e7\u00e3o de alguns democratas progressistas devido \u00e0s pol\u00eamicas negocia\u00e7\u00f5es de a\u00e7\u00f5es dos funcion\u00e1rios do Fed durante a pandemia e \u00e0s pol\u00edticas do Fed .<\/p>\n\n\n\n<p>Powell &#8220;tomou muitas medidas para enfraquecer a supervis\u00e3o do Fed de nossos maiores bancos e desregulamentar Wall Street&#8221;, e renome\u00e1-lo para outro mandato &#8220;n\u00e3o \u00e9 um risco que valha a pena correr&#8221;, disse em uma audi\u00eancia anterior, a senadora democrata Elizabeth Warren, que tamb\u00e9m se op\u00f4s \u00e0 nomea\u00e7\u00e3o de Powell em 2018.<\/p>\n\n\n\n<p>Os progressistas j\u00e1 haviam sugerido que o membro do conselho do Fed, Lael Brainard, seria o sucessor de Powell.<\/p>\n\n\n\n<p>Os senadores republicanos, apesar de discordarem de Powell sobre a infla\u00e7\u00e3o e outras quest\u00f5es, est\u00e3o preocupados que uma substitui\u00e7\u00e3o possa ser mais liberal e provavelmente apoiaria a confirma\u00e7\u00e3o de Powell no segundo mandato.<\/p>\n\n\n\n<p>Powell assumiu o cargo de presidente do Conselho de Governadores do Sistema do Fed em fevereiro de 2018 por um mandato de quatro anos, de acordo com o comunicado da Casa Branca. Seu mandato como membro da Assembleia de Governadores terminar\u00e1 no dia 31 de janeiro de 2028.<\/p>\n\n\n\n<p>Brainard assumiu o cargo como membro do Conselho de Governadores do Sistema do Fed em junho de 2014 para preencher um mandato n\u00e3o expirado que termina no dia 31 de janeiro de 2026, mostrou o comunicado.<\/p>\n\n\n\n<p>&#8220;Estou confiante de que o foco do presidente Powell e do dr. Brainard em manter a infla\u00e7\u00e3o baixa, os pre\u00e7os est\u00e1veis \u200b\u200be proporcionar pleno emprego tornar\u00e1 nossa economia mais forte&#8221;, disse Biden em um comunicado.<\/p>\n\n\n\n<p>&#8220;Juntos, eles tamb\u00e9m compartilham minha profunda convic\u00e7\u00e3o de que uma a\u00e7\u00e3o urgente \u00e9 necess\u00e1ria para abordar os riscos econ\u00f4micos representados pela mudan\u00e7a clim\u00e1tica e ficar \u00e0 frente dos riscos emergentes em nosso sistema financeiro&#8221;, continuou Biden.<\/p>\n\n\n\n<p>&#8220;Fundamentalmente, se quisermos continuar construindo sobre o sucesso econ\u00f4mico deste ano, precisamos de estabilidade e independ\u00eancia no Fed e tenho total confian\u00e7a ap\u00f3s sua prova de fogo nos \u00faltimos 20 meses que o presidente Powell e o dr. Brainard fornecer\u00e3o a lideran\u00e7a forte que nosso pa\u00eds precisa&#8221;, disse ele.<\/p>\n\n\n\n<p>No in\u00edcio deste m\u00eas, o governador do Fed, Randal Quarles, disse que renunciaria ao banco central no final de dezembro, dando ao governo Biden tr\u00eas vagas abertas no Conselho de Governadores do banco central, com sete cadeiras. O mandato do vice-presidente do Fed, Richard Clarida, como governador, expira no in\u00edcio do pr\u00f3ximo ano.<\/p>\n\n\n\n<p>O Conselho de Governadores, com sete membros, define a pol\u00edtica de taxas de juros com os 12 presidentes de bancos regionais do banco central, cinco dos quais podem votar na reuni\u00e3o de pol\u00edtica. Os presidentes dos bancos regionais alternam entre seus assentos de voto, mas o Fed de Nova York tem voto constante.<\/p>\n\n\n\n<p>Em setembro, dois presidentes de bancos regionais do Fed, o presidente do Fed de Boston, Eric Rosengren, e o presidente do Fed de Dallas, Robert Kaplan, renunciaram a seus cargos em meio \u00e0 pol\u00eamica sobre a negocia\u00e7\u00e3o de a\u00e7\u00f5es durante a crise de COVID-19.&nbsp;<\/p>\n","protected":false},"excerpt":{"rendered":"<p>Washington &#8211; O presidente dos EUA, Joe Biden, anunciou na segunda-feira que pretende nomear Jerome Powell para um segundo mandato como presidente do Federal Reserve (Fed, banco central dos Estados Unidos) e nomear Lael Brainard como vice-presidente. &#8220;O presidente Powell&#8230;<\/p>\n","protected":false},"author":3,"featured_media":4097,"comment_status":"open","ping_status":"open","sticky":false,"template":"","format":"standard","meta":{"footnotes":""},"categories":[1],"tags":[],"class_list":["post-4096","post","type-post","status-publish","format-standard","has-post-thumbnail","hentry","category-geral"],"yoast_head":"<!-- This site is optimized with the Yoast SEO plugin v27.4 - https:\/\/yoast.com\/product\/yoast-seo-wordpress\/ -->\n<title>Biden nomear\u00e1 Jerome Powell para segundo mandato como presidente do Fed - Xinhua - Diario de Pernambuco<\/title>\n<meta name=\"robots\" content=\"index, follow, max-snippet:-1, max-image-preview:large, max-video-preview:-1\" \/>\n<link rel=\"canonical\" href=\"https:\/\/diariodepe.com.br\/xinhua\/2021\/11\/24\/biden-nomeara-jerome-powell-para-segundo-mandato-como-presidente-do-fed\/\" \/>\n<meta property=\"og:locale\" content=\"pt_BR\" \/>\n<meta property=\"og:type\" content=\"article\" \/>\n<meta property=\"og:title\" content=\"Biden nomear\u00e1 Jerome Powell para segundo mandato como presidente do Fed - Xinhua - Diario de Pernambuco\" \/>\n<meta property=\"og:description\" content=\"Washington &#8211; O presidente dos EUA, Joe Biden, anunciou na segunda-feira que pretende nomear Jerome Powell para um segundo mandato como presidente do Federal Reserve (Fed, banco central dos Estados Unidos) e nomear Lael Brainard como vice-presidente. &#8220;O presidente Powell...\" \/>\n<meta property=\"og:url\" content=\"https:\/\/diariodepe.com.br\/xinhua\/2021\/11\/24\/biden-nomeara-jerome-powell-para-segundo-mandato-como-presidente-do-fed\/\" \/>\n<meta property=\"og:site_name\" content=\"Xinhua - Diario de Pernambuco\" \/>\n<meta property=\"article:published_time\" content=\"2021-11-24T12:22:09+00:00\" \/>\n<meta property=\"article:modified_time\" content=\"2021-11-24T12:22:11+00:00\" \/>\n<meta property=\"og:image\" content=\"https:\/\/diariodepe.com.br\/xinhua\/wp-content\/uploads\/sites\/3\/2021\/11\/1310330024_16377377874501n.jpg\" \/>\n\t<meta property=\"og:image:width\" content=\"1024\" \/>\n\t<meta property=\"og:image:height\" content=\"683\" \/>\n\t<meta property=\"og:image:type\" content=\"image\/jpeg\" \/>\n<meta name=\"author\" content=\"Marcelo Oliveira de A. Maranhao\" \/>\n<meta name=\"twitter:card\" content=\"summary_large_image\" \/>\n<meta name=\"twitter:label1\" content=\"Escrito por\" \/>\n\t<meta name=\"twitter:data1\" content=\"Marcelo Oliveira de A. Maranhao\" \/>\n\t<meta name=\"twitter:label2\" content=\"Est. tempo de leitura\" \/>\n\t<meta name=\"twitter:data2\" content=\"3 minutos\" \/>\n<script type=\"application\/ld+json\" class=\"yoast-schema-graph\">{\"@context\":\"https:\\\/\\\/schema.org\",\"@graph\":[{\"@type\":\"Article\",\"@id\":\"https:\\\/\\\/diariodepe.com.br\\\/xinhua\\\/2021\\\/11\\\/24\\\/biden-nomeara-jerome-powell-para-segundo-mandato-como-presidente-do-fed\\\/#article\",\"isPartOf\":{\"@id\":\"https:\\\/\\\/diariodepe.com.br\\\/xinhua\\\/2021\\\/11\\\/24\\\/biden-nomeara-jerome-powell-para-segundo-mandato-como-presidente-do-fed\\\/\"},\"author\":{\"name\":\"Marcelo Oliveira de A. Maranhao\",\"@id\":\"https:\\\/\\\/diariodepe.com.br\\\/xinhua\\\/#\\\/schema\\\/person\\\/0943d6fd02bdc7b49c8f495e8787a2cb\"},\"headline\":\"Biden nomear\u00e1 Jerome Powell para segundo mandato como presidente do Fed\",\"datePublished\":\"2021-11-24T12:22:09+00:00\",\"dateModified\":\"2021-11-24T12:22:11+00:00\",\"mainEntityOfPage\":{\"@id\":\"https:\\\/\\\/diariodepe.com.br\\\/xinhua\\\/2021\\\/11\\\/24\\\/biden-nomeara-jerome-powell-para-segundo-mandato-como-presidente-do-fed\\\/\"},\"wordCount\":631,\"commentCount\":0,\"publisher\":{\"@id\":\"https:\\\/\\\/diariodepe.com.br\\\/xinhua\\\/#organization\"},\"image\":{\"@id\":\"https:\\\/\\\/diariodepe.com.br\\\/xinhua\\\/2021\\\/11\\\/24\\\/biden-nomeara-jerome-powell-para-segundo-mandato-como-presidente-do-fed\\\/#primaryimage\"},\"thumbnailUrl\":\"https:\\\/\\\/diariodepe.com.br\\\/xinhua\\\/wp-content\\\/uploads\\\/sites\\\/3\\\/2021\\\/11\\\/1310330024_16377377874501n.jpg\",\"articleSection\":[\"Geral\"],\"inLanguage\":\"pt-BR\",\"potentialAction\":[{\"@type\":\"CommentAction\",\"name\":\"Comment\",\"target\":[\"https:\\\/\\\/diariodepe.com.br\\\/xinhua\\\/2021\\\/11\\\/24\\\/biden-nomeara-jerome-powell-para-segundo-mandato-como-presidente-do-fed\\\/#respond\"]}]},{\"@type\":\"WebPage\",\"@id\":\"https:\\\/\\\/diariodepe.com.br\\\/xinhua\\\/2021\\\/11\\\/24\\\/biden-nomeara-jerome-powell-para-segundo-mandato-como-presidente-do-fed\\\/\",\"url\":\"https:\\\/\\\/diariodepe.com.br\\\/xinhua\\\/2021\\\/11\\\/24\\\/biden-nomeara-jerome-powell-para-segundo-mandato-como-presidente-do-fed\\\/\",\"name\":\"Biden nomear\u00e1 Jerome Powell para segundo mandato como presidente do Fed - Xinhua - Diario de Pernambuco\",\"isPartOf\":{\"@id\":\"https:\\\/\\\/diariodepe.com.br\\\/xinhua\\\/#website\"},\"primaryImageOfPage\":{\"@id\":\"https:\\\/\\\/diariodepe.com.br\\\/xinhua\\\/2021\\\/11\\\/24\\\/biden-nomeara-jerome-powell-para-segundo-mandato-como-presidente-do-fed\\\/#primaryimage\"},\"image\":{\"@id\":\"https:\\\/\\\/diariodepe.com.br\\\/xinhua\\\/2021\\\/11\\\/24\\\/biden-nomeara-jerome-powell-para-segundo-mandato-como-presidente-do-fed\\\/#primaryimage\"},\"thumbnailUrl\":\"https:\\\/\\\/diariodepe.com.br\\\/xinhua\\\/wp-content\\\/uploads\\\/sites\\\/3\\\/2021\\\/11\\\/1310330024_16377377874501n.jpg\",\"datePublished\":\"2021-11-24T12:22:09+00:00\",\"dateModified\":\"2021-11-24T12:22:11+00:00\",\"breadcrumb\":{\"@id\":\"https:\\\/\\\/diariodepe.com.br\\\/xinhua\\\/2021\\\/11\\\/24\\\/biden-nomeara-jerome-powell-para-segundo-mandato-como-presidente-do-fed\\\/#breadcrumb\"},\"inLanguage\":\"pt-BR\",\"potentialAction\":[{\"@type\":\"ReadAction\",\"target\":[\"https:\\\/\\\/diariodepe.com.br\\\/xinhua\\\/2021\\\/11\\\/24\\\/biden-nomeara-jerome-powell-para-segundo-mandato-como-presidente-do-fed\\\/\"]}]},{\"@type\":\"ImageObject\",\"inLanguage\":\"pt-BR\",\"@id\":\"https:\\\/\\\/diariodepe.com.br\\\/xinhua\\\/2021\\\/11\\\/24\\\/biden-nomeara-jerome-powell-para-segundo-mandato-como-presidente-do-fed\\\/#primaryimage\",\"url\":\"https:\\\/\\\/diariodepe.com.br\\\/xinhua\\\/wp-content\\\/uploads\\\/sites\\\/3\\\/2021\\\/11\\\/1310330024_16377377874501n.jpg\",\"contentUrl\":\"https:\\\/\\\/diariodepe.com.br\\\/xinhua\\\/wp-content\\\/uploads\\\/sites\\\/3\\\/2021\\\/11\\\/1310330024_16377377874501n.jpg\",\"width\":1024,\"height\":683,\"caption\":\"Foto tirada no dia 22 de novembro de 2021 mostra o Federal Reserve (Fed, banco central dos Estados Unidos) em Washington, D.C., nos Estados Unidos. O presidente dos EUA, Joe Biden, anunciou na segunda-feira que pretende nomear Jerome Powell para um segundo mandato como presidente do Fed e nomear Lael Brainard como vice-presidente. (Foto por Ting Shen\\\/Xinhua)\"},{\"@type\":\"BreadcrumbList\",\"@id\":\"https:\\\/\\\/diariodepe.com.br\\\/xinhua\\\/2021\\\/11\\\/24\\\/biden-nomeara-jerome-powell-para-segundo-mandato-como-presidente-do-fed\\\/#breadcrumb\",\"itemListElement\":[{\"@type\":\"ListItem\",\"position\":1,\"name\":\"In\u00edcio\",\"item\":\"https:\\\/\\\/diariodepe.com.br\\\/xinhua\\\/\"},{\"@type\":\"ListItem\",\"position\":2,\"name\":\"Biden nomear\u00e1 Jerome Powell para segundo mandato como presidente do Fed\"}]},{\"@type\":\"WebSite\",\"@id\":\"https:\\\/\\\/diariodepe.com.br\\\/xinhua\\\/#website\",\"url\":\"https:\\\/\\\/diariodepe.com.br\\\/xinhua\\\/\",\"name\":\"Xinhua - Diario de Pernambuco\",\"description\":\"A maior ag\u00eancia de not\u00edcias da China e um dos principais canais para conhecer o pa\u00eds\",\"publisher\":{\"@id\":\"https:\\\/\\\/diariodepe.com.br\\\/xinhua\\\/#organization\"},\"potentialAction\":[{\"@type\":\"SearchAction\",\"target\":{\"@type\":\"EntryPoint\",\"urlTemplate\":\"https:\\\/\\\/diariodepe.com.br\\\/xinhua\\\/?s={search_term_string}\"},\"query-input\":{\"@type\":\"PropertyValueSpecification\",\"valueRequired\":true,\"valueName\":\"search_term_string\"}}],\"inLanguage\":\"pt-BR\"},{\"@type\":\"Organization\",\"@id\":\"https:\\\/\\\/diariodepe.com.br\\\/xinhua\\\/#organization\",\"name\":\"Xinhua - Diario de Pernambuco\",\"url\":\"https:\\\/\\\/diariodepe.com.br\\\/xinhua\\\/\",\"logo\":{\"@type\":\"ImageObject\",\"inLanguage\":\"pt-BR\",\"@id\":\"https:\\\/\\\/diariodepe.com.br\\\/xinhua\\\/#\\\/schema\\\/logo\\\/image\\\/\",\"url\":\"https:\\\/\\\/diariodepe.com.br\\\/xinhua\\\/wp-content\\\/uploads\\\/sites\\\/3\\\/2020\\\/10\\\/cropped-logo-transparente-2.png\",\"contentUrl\":\"https:\\\/\\\/diariodepe.com.br\\\/xinhua\\\/wp-content\\\/uploads\\\/sites\\\/3\\\/2020\\\/10\\\/cropped-logo-transparente-2.png\",\"width\":512,\"height\":164,\"caption\":\"Xinhua - Diario de Pernambuco\"},\"image\":{\"@id\":\"https:\\\/\\\/diariodepe.com.br\\\/xinhua\\\/#\\\/schema\\\/logo\\\/image\\\/\"}},{\"@type\":\"Person\",\"@id\":\"https:\\\/\\\/diariodepe.com.br\\\/xinhua\\\/#\\\/schema\\\/person\\\/0943d6fd02bdc7b49c8f495e8787a2cb\",\"name\":\"Marcelo Oliveira de A. Maranhao\",\"image\":{\"@type\":\"ImageObject\",\"inLanguage\":\"pt-BR\",\"@id\":\"https:\\\/\\\/secure.gravatar.com\\\/avatar\\\/f562caee940d39879c20e90eea3e4b21860c7d4c96684c23141c554824f0059c?s=96&d=mm&r=g\",\"url\":\"https:\\\/\\\/secure.gravatar.com\\\/avatar\\\/f562caee940d39879c20e90eea3e4b21860c7d4c96684c23141c554824f0059c?s=96&d=mm&r=g\",\"contentUrl\":\"https:\\\/\\\/secure.gravatar.com\\\/avatar\\\/f562caee940d39879c20e90eea3e4b21860c7d4c96684c23141c554824f0059c?s=96&d=mm&r=g\",\"caption\":\"Marcelo Oliveira de A. Maranhao\"},\"url\":\"https:\\\/\\\/diariodepe.com.br\\\/xinhua\\\/author\\\/marcelo-maranhao\\\/\"}]}<\/script>\n<!-- \/ Yoast SEO plugin. -->","yoast_head_json":{"title":"Biden nomear\u00e1 Jerome Powell para segundo mandato como presidente do Fed - Xinhua - Diario de Pernambuco","robots":{"index":"index","follow":"follow","max-snippet":"max-snippet:-1","max-image-preview":"max-image-preview:large","max-video-preview":"max-video-preview:-1"},"canonical":"https:\/\/diariodepe.com.br\/xinhua\/2021\/11\/24\/biden-nomeara-jerome-powell-para-segundo-mandato-como-presidente-do-fed\/","og_locale":"pt_BR","og_type":"article","og_title":"Biden nomear\u00e1 Jerome Powell para segundo mandato como presidente do Fed - Xinhua - Diario de Pernambuco","og_description":"Washington &#8211; O presidente dos EUA, Joe Biden, anunciou na segunda-feira que pretende nomear Jerome Powell para um segundo mandato como presidente do Federal Reserve (Fed, banco central dos Estados Unidos) e nomear Lael Brainard como vice-presidente. &#8220;O presidente Powell...","og_url":"https:\/\/diariodepe.com.br\/xinhua\/2021\/11\/24\/biden-nomeara-jerome-powell-para-segundo-mandato-como-presidente-do-fed\/","og_site_name":"Xinhua - Diario de Pernambuco","article_published_time":"2021-11-24T12:22:09+00:00","article_modified_time":"2021-11-24T12:22:11+00:00","og_image":[{"width":1024,"height":683,"url":"https:\/\/diariodepe.com.br\/xinhua\/wp-content\/uploads\/sites\/3\/2021\/11\/1310330024_16377377874501n.jpg","type":"image\/jpeg"}],"author":"Marcelo Oliveira de A. Maranhao","twitter_card":"summary_large_image","twitter_misc":{"Escrito por":"Marcelo Oliveira de A. Maranhao","Est. tempo de leitura":"3 minutos"},"schema":{"@context":"https:\/\/schema.org","@graph":[{"@type":"Article","@id":"https:\/\/diariodepe.com.br\/xinhua\/2021\/11\/24\/biden-nomeara-jerome-powell-para-segundo-mandato-como-presidente-do-fed\/#article","isPartOf":{"@id":"https:\/\/diariodepe.com.br\/xinhua\/2021\/11\/24\/biden-nomeara-jerome-powell-para-segundo-mandato-como-presidente-do-fed\/"},"author":{"name":"Marcelo Oliveira de A. Maranhao","@id":"https:\/\/diariodepe.com.br\/xinhua\/#\/schema\/person\/0943d6fd02bdc7b49c8f495e8787a2cb"},"headline":"Biden nomear\u00e1 Jerome Powell para segundo mandato como presidente do Fed","datePublished":"2021-11-24T12:22:09+00:00","dateModified":"2021-11-24T12:22:11+00:00","mainEntityOfPage":{"@id":"https:\/\/diariodepe.com.br\/xinhua\/2021\/11\/24\/biden-nomeara-jerome-powell-para-segundo-mandato-como-presidente-do-fed\/"},"wordCount":631,"commentCount":0,"publisher":{"@id":"https:\/\/diariodepe.com.br\/xinhua\/#organization"},"image":{"@id":"https:\/\/diariodepe.com.br\/xinhua\/2021\/11\/24\/biden-nomeara-jerome-powell-para-segundo-mandato-como-presidente-do-fed\/#primaryimage"},"thumbnailUrl":"https:\/\/diariodepe.com.br\/xinhua\/wp-content\/uploads\/sites\/3\/2021\/11\/1310330024_16377377874501n.jpg","articleSection":["Geral"],"inLanguage":"pt-BR","potentialAction":[{"@type":"CommentAction","name":"Comment","target":["https:\/\/diariodepe.com.br\/xinhua\/2021\/11\/24\/biden-nomeara-jerome-powell-para-segundo-mandato-como-presidente-do-fed\/#respond"]}]},{"@type":"WebPage","@id":"https:\/\/diariodepe.com.br\/xinhua\/2021\/11\/24\/biden-nomeara-jerome-powell-para-segundo-mandato-como-presidente-do-fed\/","url":"https:\/\/diariodepe.com.br\/xinhua\/2021\/11\/24\/biden-nomeara-jerome-powell-para-segundo-mandato-como-presidente-do-fed\/","name":"Biden nomear\u00e1 Jerome Powell para segundo mandato como presidente do Fed - Xinhua - Diario de Pernambuco","isPartOf":{"@id":"https:\/\/diariodepe.com.br\/xinhua\/#website"},"primaryImageOfPage":{"@id":"https:\/\/diariodepe.com.br\/xinhua\/2021\/11\/24\/biden-nomeara-jerome-powell-para-segundo-mandato-como-presidente-do-fed\/#primaryimage"},"image":{"@id":"https:\/\/diariodepe.com.br\/xinhua\/2021\/11\/24\/biden-nomeara-jerome-powell-para-segundo-mandato-como-presidente-do-fed\/#primaryimage"},"thumbnailUrl":"https:\/\/diariodepe.com.br\/xinhua\/wp-content\/uploads\/sites\/3\/2021\/11\/1310330024_16377377874501n.jpg","datePublished":"2021-11-24T12:22:09+00:00","dateModified":"2021-11-24T12:22:11+00:00","breadcrumb":{"@id":"https:\/\/diariodepe.com.br\/xinhua\/2021\/11\/24\/biden-nomeara-jerome-powell-para-segundo-mandato-como-presidente-do-fed\/#breadcrumb"},"inLanguage":"pt-BR","potentialAction":[{"@type":"ReadAction","target":["https:\/\/diariodepe.com.br\/xinhua\/2021\/11\/24\/biden-nomeara-jerome-powell-para-segundo-mandato-como-presidente-do-fed\/"]}]},{"@type":"ImageObject","inLanguage":"pt-BR","@id":"https:\/\/diariodepe.com.br\/xinhua\/2021\/11\/24\/biden-nomeara-jerome-powell-para-segundo-mandato-como-presidente-do-fed\/#primaryimage","url":"https:\/\/diariodepe.com.br\/xinhua\/wp-content\/uploads\/sites\/3\/2021\/11\/1310330024_16377377874501n.jpg","contentUrl":"https:\/\/diariodepe.com.br\/xinhua\/wp-content\/uploads\/sites\/3\/2021\/11\/1310330024_16377377874501n.jpg","width":1024,"height":683,"caption":"Foto tirada no dia 22 de novembro de 2021 mostra o Federal Reserve (Fed, banco central dos Estados Unidos) em Washington, D.C., nos Estados Unidos. O presidente dos EUA, Joe Biden, anunciou na segunda-feira que pretende nomear Jerome Powell para um segundo mandato como presidente do Fed e nomear Lael Brainard como vice-presidente. (Foto por Ting Shen\/Xinhua)"},{"@type":"BreadcrumbList","@id":"https:\/\/diariodepe.com.br\/xinhua\/2021\/11\/24\/biden-nomeara-jerome-powell-para-segundo-mandato-como-presidente-do-fed\/#breadcrumb","itemListElement":[{"@type":"ListItem","position":1,"name":"In\u00edcio","item":"https:\/\/diariodepe.com.br\/xinhua\/"},{"@type":"ListItem","position":2,"name":"Biden nomear\u00e1 Jerome Powell para segundo mandato como presidente do Fed"}]},{"@type":"WebSite","@id":"https:\/\/diariodepe.com.br\/xinhua\/#website","url":"https:\/\/diariodepe.com.br\/xinhua\/","name":"Xinhua - Diario de Pernambuco","description":"A maior ag\u00eancia de not\u00edcias da China e um dos principais canais para conhecer o pa\u00eds","publisher":{"@id":"https:\/\/diariodepe.com.br\/xinhua\/#organization"},"potentialAction":[{"@type":"SearchAction","target":{"@type":"EntryPoint","urlTemplate":"https:\/\/diariodepe.com.br\/xinhua\/?s={search_term_string}"},"query-input":{"@type":"PropertyValueSpecification","valueRequired":true,"valueName":"search_term_string"}}],"inLanguage":"pt-BR"},{"@type":"Organization","@id":"https:\/\/diariodepe.com.br\/xinhua\/#organization","name":"Xinhua - Diario de Pernambuco","url":"https:\/\/diariodepe.com.br\/xinhua\/","logo":{"@type":"ImageObject","inLanguage":"pt-BR","@id":"https:\/\/diariodepe.com.br\/xinhua\/#\/schema\/logo\/image\/","url":"https:\/\/diariodepe.com.br\/xinhua\/wp-content\/uploads\/sites\/3\/2020\/10\/cropped-logo-transparente-2.png","contentUrl":"https:\/\/diariodepe.com.br\/xinhua\/wp-content\/uploads\/sites\/3\/2020\/10\/cropped-logo-transparente-2.png","width":512,"height":164,"caption":"Xinhua - Diario de Pernambuco"},"image":{"@id":"https:\/\/diariodepe.com.br\/xinhua\/#\/schema\/logo\/image\/"}},{"@type":"Person","@id":"https:\/\/diariodepe.com.br\/xinhua\/#\/schema\/person\/0943d6fd02bdc7b49c8f495e8787a2cb","name":"Marcelo Oliveira de A. Maranhao","image":{"@type":"ImageObject","inLanguage":"pt-BR","@id":"https:\/\/secure.gravatar.com\/avatar\/f562caee940d39879c20e90eea3e4b21860c7d4c96684c23141c554824f0059c?s=96&d=mm&r=g","url":"https:\/\/secure.gravatar.com\/avatar\/f562caee940d39879c20e90eea3e4b21860c7d4c96684c23141c554824f0059c?s=96&d=mm&r=g","contentUrl":"https:\/\/secure.gravatar.com\/avatar\/f562caee940d39879c20e90eea3e4b21860c7d4c96684c23141c554824f0059c?s=96&d=mm&r=g","caption":"Marcelo Oliveira de A. Maranhao"},"url":"https:\/\/diariodepe.com.br\/xinhua\/author\/marcelo-maranhao\/"}]}},"cc_featured_image_caption":{"caption_text":"","source_text":"","source_url":""},"amp_enabled":true,"_links":{"self":[{"href":"https:\/\/diariodepe.com.br\/xinhua\/wp-json\/wp\/v2\/posts\/4096","targetHints":{"allow":["GET"]}}],"collection":[{"href":"https:\/\/diariodepe.com.br\/xinhua\/wp-json\/wp\/v2\/posts"}],"about":[{"href":"https:\/\/diariodepe.com.br\/xinhua\/wp-json\/wp\/v2\/types\/post"}],"author":[{"embeddable":true,"href":"https:\/\/diariodepe.com.br\/xinhua\/wp-json\/wp\/v2\/users\/3"}],"replies":[{"embeddable":true,"href":"https:\/\/diariodepe.com.br\/xinhua\/wp-json\/wp\/v2\/comments?post=4096"}],"version-history":[{"count":1,"href":"https:\/\/diariodepe.com.br\/xinhua\/wp-json\/wp\/v2\/posts\/4096\/revisions"}],"predecessor-version":[{"id":4098,"href":"https:\/\/diariodepe.com.br\/xinhua\/wp-json\/wp\/v2\/posts\/4096\/revisions\/4098"}],"wp:featuredmedia":[{"embeddable":true,"href":"https:\/\/diariodepe.com.br\/xinhua\/wp-json\/wp\/v2\/media\/4097"}],"wp:attachment":[{"href":"https:\/\/diariodepe.com.br\/xinhua\/wp-json\/wp\/v2\/media?parent=4096"}],"wp:term":[{"taxonomy":"category","embeddable":true,"href":"https:\/\/diariodepe.com.br\/xinhua\/wp-json\/wp\/v2\/categories?post=4096"},{"taxonomy":"post_tag","embeddable":true,"href":"https:\/\/diariodepe.com.br\/xinhua\/wp-json\/wp\/v2\/tags?post=4096"}],"curies":[{"name":"wp","href":"https:\/\/api.w.org\/{rel}","templated":true}]}}