{"id":4044,"date":"2021-11-22T08:34:09","date_gmt":"2021-11-22T11:34:09","guid":{"rendered":"http:\/\/www.diariodepe.com.br\/xinhua\/?p=4044"},"modified":"2021-11-22T08:34:13","modified_gmt":"2021-11-22T11:34:13","slug":"mais-de-75-imigrantes-ilegais-se-afogam-na-costa-da-libia-segundo-oim","status":"publish","type":"post","link":"https:\/\/diariodepe.com.br\/xinhua\/2021\/11\/22\/mais-de-75-imigrantes-ilegais-se-afogam-na-costa-da-libia-segundo-oim\/","title":{"rendered":"Mais de 75 imigrantes ilegais se afogam na costa da L\u00edbia, segundo OIM"},"content":{"rendered":"\n<p>Tr\u00edpoli &#8211; A Organiza\u00e7\u00e3o Internacional para as Migra\u00e7\u00f5es (OIM) afirmou no s\u00e1bado que mais de 75 imigrantes ilegais se afogaram no mar ao largo da costa ocidental da L\u00edbia, enquanto tentavam chegar \u00e0 Europa.<\/p>\n\n\n\n<p>&#8220;Mais de 75 imigrantes morreram afogados na quarta-feira ap\u00f3s sa\u00edrem da L\u00edbia, de acordo com 15 sobreviventes resgatados por pescadores e trazidos para Zuwara&#8221;, tuitou o OIM.<\/p>\n\n\n\n<p>&#8220;Esta \u00faltima trag\u00e9dia eleva o n\u00famero de vidas perdidas no Mediterr\u00e2neo Central este ano para mais de 1.300&#8221;, segundo o OIM.<\/p>\n\n\n\n<p>A L\u00edbia sofre de inseguran\u00e7a e caos desde a queda do falecido l\u00edder Muammar Gaddafi em 2011, tornando o pa\u00eds do norte da \u00c1frica um ponto de partida preferido para imigrantes ilegais que desejam atravessar o Mar Mediterr\u00e2neo para as costas europeias.&nbsp;<\/p>\n","protected":false},"excerpt":{"rendered":"<p>Tr\u00edpoli &#8211; A Organiza\u00e7\u00e3o Internacional para as Migra\u00e7\u00f5es (OIM) afirmou no s\u00e1bado que mais de 75 imigrantes ilegais se afogaram no mar ao largo da costa ocidental da L\u00edbia, enquanto tentavam chegar \u00e0 Europa. &#8220;Mais de 75 imigrantes morreram afogados&#8230;<\/p>\n","protected":false},"author":3,"featured_media":0,"comment_status":"open","ping_status":"open","sticky":false,"template":"","format":"standard","meta":{"footnotes":""},"categories":[1],"tags":[],"class_list":["post-4044","post","type-post","status-publish","format-standard","hentry","category-geral"],"yoast_head":"<!-- This site is optimized with the Yoast SEO plugin v27.4 - https:\/\/yoast.com\/product\/yoast-seo-wordpress\/ -->\n<title>Mais de 75 imigrantes ilegais se afogam na costa da L\u00edbia, segundo OIM - Xinhua - Diario de Pernambuco<\/title>\n<meta name=\"robots\" content=\"index, follow, max-snippet:-1, max-image-preview:large, max-video-preview:-1\" \/>\n<link rel=\"canonical\" href=\"https:\/\/diariodepe.com.br\/xinhua\/2021\/11\/22\/mais-de-75-imigrantes-ilegais-se-afogam-na-costa-da-libia-segundo-oim\/\" \/>\n<meta property=\"og:locale\" content=\"pt_BR\" \/>\n<meta property=\"og:type\" content=\"article\" \/>\n<meta property=\"og:title\" content=\"Mais de 75 imigrantes ilegais se afogam na costa da L\u00edbia, segundo OIM - Xinhua - Diario de Pernambuco\" \/>\n<meta property=\"og:description\" content=\"Tr\u00edpoli &#8211; A Organiza\u00e7\u00e3o Internacional para as Migra\u00e7\u00f5es (OIM) afirmou no s\u00e1bado que mais de 75 imigrantes ilegais se afogaram no mar ao largo da costa ocidental da L\u00edbia, enquanto tentavam chegar \u00e0 Europa. &#8220;Mais de 75 imigrantes morreram afogados...\" \/>\n<meta property=\"og:url\" content=\"https:\/\/diariodepe.com.br\/xinhua\/2021\/11\/22\/mais-de-75-imigrantes-ilegais-se-afogam-na-costa-da-libia-segundo-oim\/\" \/>\n<meta property=\"og:site_name\" content=\"Xinhua - Diario de Pernambuco\" \/>\n<meta property=\"article:published_time\" content=\"2021-11-22T11:34:09+00:00\" \/>\n<meta property=\"article:modified_time\" content=\"2021-11-22T11:34:13+00:00\" \/>\n<meta name=\"author\" content=\"Marcelo Oliveira de A. Maranhao\" \/>\n<meta name=\"twitter:card\" content=\"summary_large_image\" \/>\n<meta name=\"twitter:label1\" content=\"Escrito por\" \/>\n\t<meta name=\"twitter:data1\" content=\"Marcelo Oliveira de A. Maranhao\" \/>\n\t<meta name=\"twitter:label2\" content=\"Est. tempo de leitura\" \/>\n\t<meta name=\"twitter:data2\" content=\"1 minuto\" \/>\n<script type=\"application\/ld+json\" class=\"yoast-schema-graph\">{\"@context\":\"https:\\\/\\\/schema.org\",\"@graph\":[{\"@type\":\"Article\",\"@id\":\"https:\\\/\\\/diariodepe.com.br\\\/xinhua\\\/2021\\\/11\\\/22\\\/mais-de-75-imigrantes-ilegais-se-afogam-na-costa-da-libia-segundo-oim\\\/#article\",\"isPartOf\":{\"@id\":\"https:\\\/\\\/diariodepe.com.br\\\/xinhua\\\/2021\\\/11\\\/22\\\/mais-de-75-imigrantes-ilegais-se-afogam-na-costa-da-libia-segundo-oim\\\/\"},\"author\":{\"name\":\"Marcelo Oliveira de A. Maranhao\",\"@id\":\"https:\\\/\\\/diariodepe.com.br\\\/xinhua\\\/#\\\/schema\\\/person\\\/0943d6fd02bdc7b49c8f495e8787a2cb\"},\"headline\":\"Mais de 75 imigrantes ilegais se afogam na costa da L\u00edbia, segundo OIM\",\"datePublished\":\"2021-11-22T11:34:09+00:00\",\"dateModified\":\"2021-11-22T11:34:13+00:00\",\"mainEntityOfPage\":{\"@id\":\"https:\\\/\\\/diariodepe.com.br\\\/xinhua\\\/2021\\\/11\\\/22\\\/mais-de-75-imigrantes-ilegais-se-afogam-na-costa-da-libia-segundo-oim\\\/\"},\"wordCount\":148,\"commentCount\":0,\"publisher\":{\"@id\":\"https:\\\/\\\/diariodepe.com.br\\\/xinhua\\\/#organization\"},\"articleSection\":[\"Geral\"],\"inLanguage\":\"pt-BR\",\"potentialAction\":[{\"@type\":\"CommentAction\",\"name\":\"Comment\",\"target\":[\"https:\\\/\\\/diariodepe.com.br\\\/xinhua\\\/2021\\\/11\\\/22\\\/mais-de-75-imigrantes-ilegais-se-afogam-na-costa-da-libia-segundo-oim\\\/#respond\"]}]},{\"@type\":\"WebPage\",\"@id\":\"https:\\\/\\\/diariodepe.com.br\\\/xinhua\\\/2021\\\/11\\\/22\\\/mais-de-75-imigrantes-ilegais-se-afogam-na-costa-da-libia-segundo-oim\\\/\",\"url\":\"https:\\\/\\\/diariodepe.com.br\\\/xinhua\\\/2021\\\/11\\\/22\\\/mais-de-75-imigrantes-ilegais-se-afogam-na-costa-da-libia-segundo-oim\\\/\",\"name\":\"Mais de 75 imigrantes ilegais se afogam na costa da L\u00edbia, segundo OIM - Xinhua - Diario de Pernambuco\",\"isPartOf\":{\"@id\":\"https:\\\/\\\/diariodepe.com.br\\\/xinhua\\\/#website\"},\"datePublished\":\"2021-11-22T11:34:09+00:00\",\"dateModified\":\"2021-11-22T11:34:13+00:00\",\"breadcrumb\":{\"@id\":\"https:\\\/\\\/diariodepe.com.br\\\/xinhua\\\/2021\\\/11\\\/22\\\/mais-de-75-imigrantes-ilegais-se-afogam-na-costa-da-libia-segundo-oim\\\/#breadcrumb\"},\"inLanguage\":\"pt-BR\",\"potentialAction\":[{\"@type\":\"ReadAction\",\"target\":[\"https:\\\/\\\/diariodepe.com.br\\\/xinhua\\\/2021\\\/11\\\/22\\\/mais-de-75-imigrantes-ilegais-se-afogam-na-costa-da-libia-segundo-oim\\\/\"]}]},{\"@type\":\"BreadcrumbList\",\"@id\":\"https:\\\/\\\/diariodepe.com.br\\\/xinhua\\\/2021\\\/11\\\/22\\\/mais-de-75-imigrantes-ilegais-se-afogam-na-costa-da-libia-segundo-oim\\\/#breadcrumb\",\"itemListElement\":[{\"@type\":\"ListItem\",\"position\":1,\"name\":\"In\u00edcio\",\"item\":\"https:\\\/\\\/diariodepe.com.br\\\/xinhua\\\/\"},{\"@type\":\"ListItem\",\"position\":2,\"name\":\"Mais de 75 imigrantes ilegais se afogam na costa da L\u00edbia, segundo OIM\"}]},{\"@type\":\"WebSite\",\"@id\":\"https:\\\/\\\/diariodepe.com.br\\\/xinhua\\\/#website\",\"url\":\"https:\\\/\\\/diariodepe.com.br\\\/xinhua\\\/\",\"name\":\"Xinhua - Diario de Pernambuco\",\"description\":\"A maior ag\u00eancia de not\u00edcias da China e um dos principais canais para conhecer o pa\u00eds\",\"publisher\":{\"@id\":\"https:\\\/\\\/diariodepe.com.br\\\/xinhua\\\/#organization\"},\"potentialAction\":[{\"@type\":\"SearchAction\",\"target\":{\"@type\":\"EntryPoint\",\"urlTemplate\":\"https:\\\/\\\/diariodepe.com.br\\\/xinhua\\\/?s={search_term_string}\"},\"query-input\":{\"@type\":\"PropertyValueSpecification\",\"valueRequired\":true,\"valueName\":\"search_term_string\"}}],\"inLanguage\":\"pt-BR\"},{\"@type\":\"Organization\",\"@id\":\"https:\\\/\\\/diariodepe.com.br\\\/xinhua\\\/#organization\",\"name\":\"Xinhua - Diario de Pernambuco\",\"url\":\"https:\\\/\\\/diariodepe.com.br\\\/xinhua\\\/\",\"logo\":{\"@type\":\"ImageObject\",\"inLanguage\":\"pt-BR\",\"@id\":\"https:\\\/\\\/diariodepe.com.br\\\/xinhua\\\/#\\\/schema\\\/logo\\\/image\\\/\",\"url\":\"https:\\\/\\\/diariodepe.com.br\\\/xinhua\\\/wp-content\\\/uploads\\\/sites\\\/3\\\/2020\\\/10\\\/cropped-logo-transparente-2.png\",\"contentUrl\":\"https:\\\/\\\/diariodepe.com.br\\\/xinhua\\\/wp-content\\\/uploads\\\/sites\\\/3\\\/2020\\\/10\\\/cropped-logo-transparente-2.png\",\"width\":512,\"height\":164,\"caption\":\"Xinhua - Diario de Pernambuco\"},\"image\":{\"@id\":\"https:\\\/\\\/diariodepe.com.br\\\/xinhua\\\/#\\\/schema\\\/logo\\\/image\\\/\"}},{\"@type\":\"Person\",\"@id\":\"https:\\\/\\\/diariodepe.com.br\\\/xinhua\\\/#\\\/schema\\\/person\\\/0943d6fd02bdc7b49c8f495e8787a2cb\",\"name\":\"Marcelo Oliveira de A. Maranhao\",\"image\":{\"@type\":\"ImageObject\",\"inLanguage\":\"pt-BR\",\"@id\":\"https:\\\/\\\/secure.gravatar.com\\\/avatar\\\/f562caee940d39879c20e90eea3e4b21860c7d4c96684c23141c554824f0059c?s=96&d=mm&r=g\",\"url\":\"https:\\\/\\\/secure.gravatar.com\\\/avatar\\\/f562caee940d39879c20e90eea3e4b21860c7d4c96684c23141c554824f0059c?s=96&d=mm&r=g\",\"contentUrl\":\"https:\\\/\\\/secure.gravatar.com\\\/avatar\\\/f562caee940d39879c20e90eea3e4b21860c7d4c96684c23141c554824f0059c?s=96&d=mm&r=g\",\"caption\":\"Marcelo Oliveira de A. Maranhao\"},\"url\":\"https:\\\/\\\/diariodepe.com.br\\\/xinhua\\\/author\\\/marcelo-maranhao\\\/\"}]}<\/script>\n<!-- \/ Yoast SEO plugin. -->","yoast_head_json":{"title":"Mais de 75 imigrantes ilegais se afogam na costa da L\u00edbia, segundo OIM - Xinhua - Diario de Pernambuco","robots":{"index":"index","follow":"follow","max-snippet":"max-snippet:-1","max-image-preview":"max-image-preview:large","max-video-preview":"max-video-preview:-1"},"canonical":"https:\/\/diariodepe.com.br\/xinhua\/2021\/11\/22\/mais-de-75-imigrantes-ilegais-se-afogam-na-costa-da-libia-segundo-oim\/","og_locale":"pt_BR","og_type":"article","og_title":"Mais de 75 imigrantes ilegais se afogam na costa da L\u00edbia, segundo OIM - Xinhua - Diario de Pernambuco","og_description":"Tr\u00edpoli &#8211; A Organiza\u00e7\u00e3o Internacional para as Migra\u00e7\u00f5es (OIM) afirmou no s\u00e1bado que mais de 75 imigrantes ilegais se afogaram no mar ao largo da costa ocidental da L\u00edbia, enquanto tentavam chegar \u00e0 Europa. &#8220;Mais de 75 imigrantes morreram afogados...","og_url":"https:\/\/diariodepe.com.br\/xinhua\/2021\/11\/22\/mais-de-75-imigrantes-ilegais-se-afogam-na-costa-da-libia-segundo-oim\/","og_site_name":"Xinhua - Diario de Pernambuco","article_published_time":"2021-11-22T11:34:09+00:00","article_modified_time":"2021-11-22T11:34:13+00:00","author":"Marcelo Oliveira de A. Maranhao","twitter_card":"summary_large_image","twitter_misc":{"Escrito por":"Marcelo Oliveira de A. Maranhao","Est. tempo de leitura":"1 minuto"},"schema":{"@context":"https:\/\/schema.org","@graph":[{"@type":"Article","@id":"https:\/\/diariodepe.com.br\/xinhua\/2021\/11\/22\/mais-de-75-imigrantes-ilegais-se-afogam-na-costa-da-libia-segundo-oim\/#article","isPartOf":{"@id":"https:\/\/diariodepe.com.br\/xinhua\/2021\/11\/22\/mais-de-75-imigrantes-ilegais-se-afogam-na-costa-da-libia-segundo-oim\/"},"author":{"name":"Marcelo Oliveira de A. Maranhao","@id":"https:\/\/diariodepe.com.br\/xinhua\/#\/schema\/person\/0943d6fd02bdc7b49c8f495e8787a2cb"},"headline":"Mais de 75 imigrantes ilegais se afogam na costa da L\u00edbia, segundo OIM","datePublished":"2021-11-22T11:34:09+00:00","dateModified":"2021-11-22T11:34:13+00:00","mainEntityOfPage":{"@id":"https:\/\/diariodepe.com.br\/xinhua\/2021\/11\/22\/mais-de-75-imigrantes-ilegais-se-afogam-na-costa-da-libia-segundo-oim\/"},"wordCount":148,"commentCount":0,"publisher":{"@id":"https:\/\/diariodepe.com.br\/xinhua\/#organization"},"articleSection":["Geral"],"inLanguage":"pt-BR","potentialAction":[{"@type":"CommentAction","name":"Comment","target":["https:\/\/diariodepe.com.br\/xinhua\/2021\/11\/22\/mais-de-75-imigrantes-ilegais-se-afogam-na-costa-da-libia-segundo-oim\/#respond"]}]},{"@type":"WebPage","@id":"https:\/\/diariodepe.com.br\/xinhua\/2021\/11\/22\/mais-de-75-imigrantes-ilegais-se-afogam-na-costa-da-libia-segundo-oim\/","url":"https:\/\/diariodepe.com.br\/xinhua\/2021\/11\/22\/mais-de-75-imigrantes-ilegais-se-afogam-na-costa-da-libia-segundo-oim\/","name":"Mais de 75 imigrantes ilegais se afogam na costa da L\u00edbia, segundo OIM - Xinhua - Diario de Pernambuco","isPartOf":{"@id":"https:\/\/diariodepe.com.br\/xinhua\/#website"},"datePublished":"2021-11-22T11:34:09+00:00","dateModified":"2021-11-22T11:34:13+00:00","breadcrumb":{"@id":"https:\/\/diariodepe.com.br\/xinhua\/2021\/11\/22\/mais-de-75-imigrantes-ilegais-se-afogam-na-costa-da-libia-segundo-oim\/#breadcrumb"},"inLanguage":"pt-BR","potentialAction":[{"@type":"ReadAction","target":["https:\/\/diariodepe.com.br\/xinhua\/2021\/11\/22\/mais-de-75-imigrantes-ilegais-se-afogam-na-costa-da-libia-segundo-oim\/"]}]},{"@type":"BreadcrumbList","@id":"https:\/\/diariodepe.com.br\/xinhua\/2021\/11\/22\/mais-de-75-imigrantes-ilegais-se-afogam-na-costa-da-libia-segundo-oim\/#breadcrumb","itemListElement":[{"@type":"ListItem","position":1,"name":"In\u00edcio","item":"https:\/\/diariodepe.com.br\/xinhua\/"},{"@type":"ListItem","position":2,"name":"Mais de 75 imigrantes ilegais se afogam na costa da L\u00edbia, segundo OIM"}]},{"@type":"WebSite","@id":"https:\/\/diariodepe.com.br\/xinhua\/#website","url":"https:\/\/diariodepe.com.br\/xinhua\/","name":"Xinhua - Diario de Pernambuco","description":"A maior ag\u00eancia de not\u00edcias da China e um dos principais canais para conhecer o pa\u00eds","publisher":{"@id":"https:\/\/diariodepe.com.br\/xinhua\/#organization"},"potentialAction":[{"@type":"SearchAction","target":{"@type":"EntryPoint","urlTemplate":"https:\/\/diariodepe.com.br\/xinhua\/?s={search_term_string}"},"query-input":{"@type":"PropertyValueSpecification","valueRequired":true,"valueName":"search_term_string"}}],"inLanguage":"pt-BR"},{"@type":"Organization","@id":"https:\/\/diariodepe.com.br\/xinhua\/#organization","name":"Xinhua - Diario de Pernambuco","url":"https:\/\/diariodepe.com.br\/xinhua\/","logo":{"@type":"ImageObject","inLanguage":"pt-BR","@id":"https:\/\/diariodepe.com.br\/xinhua\/#\/schema\/logo\/image\/","url":"https:\/\/diariodepe.com.br\/xinhua\/wp-content\/uploads\/sites\/3\/2020\/10\/cropped-logo-transparente-2.png","contentUrl":"https:\/\/diariodepe.com.br\/xinhua\/wp-content\/uploads\/sites\/3\/2020\/10\/cropped-logo-transparente-2.png","width":512,"height":164,"caption":"Xinhua - Diario de Pernambuco"},"image":{"@id":"https:\/\/diariodepe.com.br\/xinhua\/#\/schema\/logo\/image\/"}},{"@type":"Person","@id":"https:\/\/diariodepe.com.br\/xinhua\/#\/schema\/person\/0943d6fd02bdc7b49c8f495e8787a2cb","name":"Marcelo Oliveira de A. Maranhao","image":{"@type":"ImageObject","inLanguage":"pt-BR","@id":"https:\/\/secure.gravatar.com\/avatar\/f562caee940d39879c20e90eea3e4b21860c7d4c96684c23141c554824f0059c?s=96&d=mm&r=g","url":"https:\/\/secure.gravatar.com\/avatar\/f562caee940d39879c20e90eea3e4b21860c7d4c96684c23141c554824f0059c?s=96&d=mm&r=g","contentUrl":"https:\/\/secure.gravatar.com\/avatar\/f562caee940d39879c20e90eea3e4b21860c7d4c96684c23141c554824f0059c?s=96&d=mm&r=g","caption":"Marcelo Oliveira de A. Maranhao"},"url":"https:\/\/diariodepe.com.br\/xinhua\/author\/marcelo-maranhao\/"}]}},"cc_featured_image_caption":{"caption_text":"","source_text":"","source_url":""},"amp_enabled":true,"_links":{"self":[{"href":"https:\/\/diariodepe.com.br\/xinhua\/wp-json\/wp\/v2\/posts\/4044","targetHints":{"allow":["GET"]}}],"collection":[{"href":"https:\/\/diariodepe.com.br\/xinhua\/wp-json\/wp\/v2\/posts"}],"about":[{"href":"https:\/\/diariodepe.com.br\/xinhua\/wp-json\/wp\/v2\/types\/post"}],"author":[{"embeddable":true,"href":"https:\/\/diariodepe.com.br\/xinhua\/wp-json\/wp\/v2\/users\/3"}],"replies":[{"embeddable":true,"href":"https:\/\/diariodepe.com.br\/xinhua\/wp-json\/wp\/v2\/comments?post=4044"}],"version-history":[{"count":1,"href":"https:\/\/diariodepe.com.br\/xinhua\/wp-json\/wp\/v2\/posts\/4044\/revisions"}],"predecessor-version":[{"id":4045,"href":"https:\/\/diariodepe.com.br\/xinhua\/wp-json\/wp\/v2\/posts\/4044\/revisions\/4045"}],"wp:attachment":[{"href":"https:\/\/diariodepe.com.br\/xinhua\/wp-json\/wp\/v2\/media?parent=4044"}],"wp:term":[{"taxonomy":"category","embeddable":true,"href":"https:\/\/diariodepe.com.br\/xinhua\/wp-json\/wp\/v2\/categories?post=4044"},{"taxonomy":"post_tag","embeddable":true,"href":"https:\/\/diariodepe.com.br\/xinhua\/wp-json\/wp\/v2\/tags?post=4044"}],"curies":[{"name":"wp","href":"https:\/\/api.w.org\/{rel}","templated":true}]}}