{"id":3982,"date":"2021-11-17T14:30:30","date_gmt":"2021-11-17T17:30:30","guid":{"rendered":"http:\/\/www.diariodepe.com.br\/xinhua\/?p=3982"},"modified":"2021-11-17T09:27:09","modified_gmt":"2021-11-17T12:27:09","slug":"conceito-de-comunidade-humana-com-futuro-compartilhado-e-uma-bandeira-de-lideranca-diz-resolucao-do-pcc","status":"publish","type":"post","link":"https:\/\/diariodepe.com.br\/xinhua\/2021\/11\/17\/conceito-de-comunidade-humana-com-futuro-compartilhado-e-uma-bandeira-de-lideranca-diz-resolucao-do-pcc\/","title":{"rendered":"Conceito de comunidade humana com futuro compartilhado \u00e9 uma &#8220;bandeira&#8221; de lideran\u00e7a, diz resolu\u00e7\u00e3o do PCC"},"content":{"rendered":"\n<p>Beijing &#8212; O conceito de uma comunidade com um futuro compartilhado para a humanidade tornou-se uma bandeira que lidera a tend\u00eancia dos tempos e o progresso humano, de acordo com uma resolu\u00e7\u00e3o hist\u00f3rica divulgada nesta ter\u00e7a-feira.<\/p>\n\n\n\n<p>A China trabalhou para salvaguardar o sistema internacional centrado nas Na\u00e7\u00f5es Unidas. O pa\u00eds defende e pratica o verdadeiro multilateralismo, se op\u00f5e resolutamente ao unilateralismo, protecionismo, hegemonismo e pol\u00edtica de poder, diz a resolu\u00e7\u00e3o sobre as grandes conquistas e experi\u00eancias hist\u00f3ricas do Partido Comunista da China (PCC) no \u00faltimo s\u00e9culo.<\/p>\n\n\n\n<p>Segundo a resolu\u00e7\u00e3o, o pa\u00eds desempenhou um papel construtivo na solu\u00e7\u00e3o pol\u00edtica de quest\u00f5es cr\u00edticas regionais e internacionais e foi uma for\u00e7a positiva em quest\u00f5es como mudan\u00e7as clim\u00e1ticas, redu\u00e7\u00e3o da pobreza, contraterrorismo, ciberseguran\u00e7a e seguran\u00e7a regional.<\/p>\n\n\n\n<p>No combate \u00e0 COVID-19, a China se engajou na coopera\u00e7\u00e3o internacional e lan\u00e7ou a maior opera\u00e7\u00e3o humanit\u00e1ria de emerg\u00eancia global desde a funda\u00e7\u00e3o da Rep\u00fablica Popular da China, destaca o documento.<\/p>\n\n\n\n<p>A na\u00e7\u00e3o avan\u00e7ou na diplomacia de um grande pa\u00eds com caracter\u00edsticas chinesas em todas as frentes, acrescenta.<\/p>\n\n\n\n<p>A resolu\u00e7\u00e3o foi adotada na sexta sess\u00e3o plen\u00e1ria do 19\u00ba Comit\u00ea Central do PCC realizada em Beijing de 8 a 11 de novembro.<\/p>\n","protected":false},"excerpt":{"rendered":"<p>Beijing &#8212; O conceito de uma comunidade com um futuro compartilhado para a humanidade tornou-se uma bandeira que lidera a tend\u00eancia dos tempos e o progresso humano, de acordo com uma resolu\u00e7\u00e3o hist\u00f3rica divulgada nesta ter\u00e7a-feira. A China trabalhou para&#8230;<\/p>\n","protected":false},"author":3,"featured_media":0,"comment_status":"open","ping_status":"open","sticky":false,"template":"","format":"standard","meta":{"footnotes":""},"categories":[1],"tags":[],"class_list":["post-3982","post","type-post","status-publish","format-standard","hentry","category-geral"],"yoast_head":"<!-- This site is optimized with the Yoast SEO plugin v27.4 - https:\/\/yoast.com\/product\/yoast-seo-wordpress\/ -->\n<title>Conceito de comunidade humana com futuro compartilhado \u00e9 uma &quot;bandeira&quot; de lideran\u00e7a, diz resolu\u00e7\u00e3o do PCC - Xinhua - Diario de Pernambuco<\/title>\n<meta name=\"robots\" content=\"index, follow, max-snippet:-1, max-image-preview:large, max-video-preview:-1\" \/>\n<link rel=\"canonical\" href=\"https:\/\/diariodepe.com.br\/xinhua\/2021\/11\/17\/conceito-de-comunidade-humana-com-futuro-compartilhado-e-uma-bandeira-de-lideranca-diz-resolucao-do-pcc\/\" \/>\n<meta property=\"og:locale\" content=\"pt_BR\" \/>\n<meta property=\"og:type\" content=\"article\" \/>\n<meta property=\"og:title\" content=\"Conceito de comunidade humana com futuro compartilhado \u00e9 uma &quot;bandeira&quot; de lideran\u00e7a, diz resolu\u00e7\u00e3o do PCC - Xinhua - Diario de Pernambuco\" \/>\n<meta property=\"og:description\" content=\"Beijing &#8212; O conceito de uma comunidade com um futuro compartilhado para a humanidade tornou-se uma bandeira que lidera a tend\u00eancia dos tempos e o progresso humano, de acordo com uma resolu\u00e7\u00e3o hist\u00f3rica divulgada nesta ter\u00e7a-feira. A China trabalhou para...\" \/>\n<meta property=\"og:url\" content=\"https:\/\/diariodepe.com.br\/xinhua\/2021\/11\/17\/conceito-de-comunidade-humana-com-futuro-compartilhado-e-uma-bandeira-de-lideranca-diz-resolucao-do-pcc\/\" \/>\n<meta property=\"og:site_name\" content=\"Xinhua - Diario de Pernambuco\" \/>\n<meta property=\"article:published_time\" content=\"2021-11-17T17:30:30+00:00\" \/>\n<meta name=\"author\" content=\"Marcelo Oliveira de A. Maranhao\" \/>\n<meta name=\"twitter:card\" content=\"summary_large_image\" \/>\n<meta name=\"twitter:label1\" content=\"Escrito por\" \/>\n\t<meta name=\"twitter:data1\" content=\"Marcelo Oliveira de A. Maranhao\" \/>\n\t<meta name=\"twitter:label2\" content=\"Est. tempo de leitura\" \/>\n\t<meta name=\"twitter:data2\" content=\"1 minuto\" \/>\n<script type=\"application\/ld+json\" class=\"yoast-schema-graph\">{\"@context\":\"https:\\\/\\\/schema.org\",\"@graph\":[{\"@type\":\"Article\",\"@id\":\"https:\\\/\\\/diariodepe.com.br\\\/xinhua\\\/2021\\\/11\\\/17\\\/conceito-de-comunidade-humana-com-futuro-compartilhado-e-uma-bandeira-de-lideranca-diz-resolucao-do-pcc\\\/#article\",\"isPartOf\":{\"@id\":\"https:\\\/\\\/diariodepe.com.br\\\/xinhua\\\/2021\\\/11\\\/17\\\/conceito-de-comunidade-humana-com-futuro-compartilhado-e-uma-bandeira-de-lideranca-diz-resolucao-do-pcc\\\/\"},\"author\":{\"name\":\"Marcelo Oliveira de A. Maranhao\",\"@id\":\"https:\\\/\\\/diariodepe.com.br\\\/xinhua\\\/#\\\/schema\\\/person\\\/0943d6fd02bdc7b49c8f495e8787a2cb\"},\"headline\":\"Conceito de comunidade humana com futuro compartilhado \u00e9 uma &#8220;bandeira&#8221; de lideran\u00e7a, diz resolu\u00e7\u00e3o do PCC\",\"datePublished\":\"2021-11-17T17:30:30+00:00\",\"mainEntityOfPage\":{\"@id\":\"https:\\\/\\\/diariodepe.com.br\\\/xinhua\\\/2021\\\/11\\\/17\\\/conceito-de-comunidade-humana-com-futuro-compartilhado-e-uma-bandeira-de-lideranca-diz-resolucao-do-pcc\\\/\"},\"wordCount\":245,\"commentCount\":0,\"publisher\":{\"@id\":\"https:\\\/\\\/diariodepe.com.br\\\/xinhua\\\/#organization\"},\"articleSection\":[\"Geral\"],\"inLanguage\":\"pt-BR\",\"potentialAction\":[{\"@type\":\"CommentAction\",\"name\":\"Comment\",\"target\":[\"https:\\\/\\\/diariodepe.com.br\\\/xinhua\\\/2021\\\/11\\\/17\\\/conceito-de-comunidade-humana-com-futuro-compartilhado-e-uma-bandeira-de-lideranca-diz-resolucao-do-pcc\\\/#respond\"]}]},{\"@type\":\"WebPage\",\"@id\":\"https:\\\/\\\/diariodepe.com.br\\\/xinhua\\\/2021\\\/11\\\/17\\\/conceito-de-comunidade-humana-com-futuro-compartilhado-e-uma-bandeira-de-lideranca-diz-resolucao-do-pcc\\\/\",\"url\":\"https:\\\/\\\/diariodepe.com.br\\\/xinhua\\\/2021\\\/11\\\/17\\\/conceito-de-comunidade-humana-com-futuro-compartilhado-e-uma-bandeira-de-lideranca-diz-resolucao-do-pcc\\\/\",\"name\":\"Conceito de comunidade humana com futuro compartilhado \u00e9 uma \\\"bandeira\\\" de lideran\u00e7a, diz resolu\u00e7\u00e3o do PCC - Xinhua - Diario de Pernambuco\",\"isPartOf\":{\"@id\":\"https:\\\/\\\/diariodepe.com.br\\\/xinhua\\\/#website\"},\"datePublished\":\"2021-11-17T17:30:30+00:00\",\"breadcrumb\":{\"@id\":\"https:\\\/\\\/diariodepe.com.br\\\/xinhua\\\/2021\\\/11\\\/17\\\/conceito-de-comunidade-humana-com-futuro-compartilhado-e-uma-bandeira-de-lideranca-diz-resolucao-do-pcc\\\/#breadcrumb\"},\"inLanguage\":\"pt-BR\",\"potentialAction\":[{\"@type\":\"ReadAction\",\"target\":[\"https:\\\/\\\/diariodepe.com.br\\\/xinhua\\\/2021\\\/11\\\/17\\\/conceito-de-comunidade-humana-com-futuro-compartilhado-e-uma-bandeira-de-lideranca-diz-resolucao-do-pcc\\\/\"]}]},{\"@type\":\"BreadcrumbList\",\"@id\":\"https:\\\/\\\/diariodepe.com.br\\\/xinhua\\\/2021\\\/11\\\/17\\\/conceito-de-comunidade-humana-com-futuro-compartilhado-e-uma-bandeira-de-lideranca-diz-resolucao-do-pcc\\\/#breadcrumb\",\"itemListElement\":[{\"@type\":\"ListItem\",\"position\":1,\"name\":\"In\u00edcio\",\"item\":\"https:\\\/\\\/diariodepe.com.br\\\/xinhua\\\/\"},{\"@type\":\"ListItem\",\"position\":2,\"name\":\"Conceito de comunidade humana com futuro compartilhado \u00e9 uma &#8220;bandeira&#8221; de lideran\u00e7a, diz resolu\u00e7\u00e3o do PCC\"}]},{\"@type\":\"WebSite\",\"@id\":\"https:\\\/\\\/diariodepe.com.br\\\/xinhua\\\/#website\",\"url\":\"https:\\\/\\\/diariodepe.com.br\\\/xinhua\\\/\",\"name\":\"Xinhua - Diario de Pernambuco\",\"description\":\"A maior ag\u00eancia de not\u00edcias da China e um dos principais canais para conhecer o pa\u00eds\",\"publisher\":{\"@id\":\"https:\\\/\\\/diariodepe.com.br\\\/xinhua\\\/#organization\"},\"potentialAction\":[{\"@type\":\"SearchAction\",\"target\":{\"@type\":\"EntryPoint\",\"urlTemplate\":\"https:\\\/\\\/diariodepe.com.br\\\/xinhua\\\/?s={search_term_string}\"},\"query-input\":{\"@type\":\"PropertyValueSpecification\",\"valueRequired\":true,\"valueName\":\"search_term_string\"}}],\"inLanguage\":\"pt-BR\"},{\"@type\":\"Organization\",\"@id\":\"https:\\\/\\\/diariodepe.com.br\\\/xinhua\\\/#organization\",\"name\":\"Xinhua - Diario de Pernambuco\",\"url\":\"https:\\\/\\\/diariodepe.com.br\\\/xinhua\\\/\",\"logo\":{\"@type\":\"ImageObject\",\"inLanguage\":\"pt-BR\",\"@id\":\"https:\\\/\\\/diariodepe.com.br\\\/xinhua\\\/#\\\/schema\\\/logo\\\/image\\\/\",\"url\":\"https:\\\/\\\/diariodepe.com.br\\\/xinhua\\\/wp-content\\\/uploads\\\/sites\\\/3\\\/2020\\\/10\\\/cropped-logo-transparente-2.png\",\"contentUrl\":\"https:\\\/\\\/diariodepe.com.br\\\/xinhua\\\/wp-content\\\/uploads\\\/sites\\\/3\\\/2020\\\/10\\\/cropped-logo-transparente-2.png\",\"width\":512,\"height\":164,\"caption\":\"Xinhua - Diario de Pernambuco\"},\"image\":{\"@id\":\"https:\\\/\\\/diariodepe.com.br\\\/xinhua\\\/#\\\/schema\\\/logo\\\/image\\\/\"}},{\"@type\":\"Person\",\"@id\":\"https:\\\/\\\/diariodepe.com.br\\\/xinhua\\\/#\\\/schema\\\/person\\\/0943d6fd02bdc7b49c8f495e8787a2cb\",\"name\":\"Marcelo Oliveira de A. Maranhao\",\"image\":{\"@type\":\"ImageObject\",\"inLanguage\":\"pt-BR\",\"@id\":\"https:\\\/\\\/secure.gravatar.com\\\/avatar\\\/f562caee940d39879c20e90eea3e4b21860c7d4c96684c23141c554824f0059c?s=96&d=mm&r=g\",\"url\":\"https:\\\/\\\/secure.gravatar.com\\\/avatar\\\/f562caee940d39879c20e90eea3e4b21860c7d4c96684c23141c554824f0059c?s=96&d=mm&r=g\",\"contentUrl\":\"https:\\\/\\\/secure.gravatar.com\\\/avatar\\\/f562caee940d39879c20e90eea3e4b21860c7d4c96684c23141c554824f0059c?s=96&d=mm&r=g\",\"caption\":\"Marcelo Oliveira de A. Maranhao\"},\"url\":\"https:\\\/\\\/diariodepe.com.br\\\/xinhua\\\/author\\\/marcelo-maranhao\\\/\"}]}<\/script>\n<!-- \/ Yoast SEO plugin. -->","yoast_head_json":{"title":"Conceito de comunidade humana com futuro compartilhado \u00e9 uma \"bandeira\" de lideran\u00e7a, diz resolu\u00e7\u00e3o do PCC - Xinhua - Diario de Pernambuco","robots":{"index":"index","follow":"follow","max-snippet":"max-snippet:-1","max-image-preview":"max-image-preview:large","max-video-preview":"max-video-preview:-1"},"canonical":"https:\/\/diariodepe.com.br\/xinhua\/2021\/11\/17\/conceito-de-comunidade-humana-com-futuro-compartilhado-e-uma-bandeira-de-lideranca-diz-resolucao-do-pcc\/","og_locale":"pt_BR","og_type":"article","og_title":"Conceito de comunidade humana com futuro compartilhado \u00e9 uma \"bandeira\" de lideran\u00e7a, diz resolu\u00e7\u00e3o do PCC - Xinhua - Diario de Pernambuco","og_description":"Beijing &#8212; O conceito de uma comunidade com um futuro compartilhado para a humanidade tornou-se uma bandeira que lidera a tend\u00eancia dos tempos e o progresso humano, de acordo com uma resolu\u00e7\u00e3o hist\u00f3rica divulgada nesta ter\u00e7a-feira. A China trabalhou para...","og_url":"https:\/\/diariodepe.com.br\/xinhua\/2021\/11\/17\/conceito-de-comunidade-humana-com-futuro-compartilhado-e-uma-bandeira-de-lideranca-diz-resolucao-do-pcc\/","og_site_name":"Xinhua - Diario de Pernambuco","article_published_time":"2021-11-17T17:30:30+00:00","author":"Marcelo Oliveira de A. Maranhao","twitter_card":"summary_large_image","twitter_misc":{"Escrito por":"Marcelo Oliveira de A. Maranhao","Est. tempo de leitura":"1 minuto"},"schema":{"@context":"https:\/\/schema.org","@graph":[{"@type":"Article","@id":"https:\/\/diariodepe.com.br\/xinhua\/2021\/11\/17\/conceito-de-comunidade-humana-com-futuro-compartilhado-e-uma-bandeira-de-lideranca-diz-resolucao-do-pcc\/#article","isPartOf":{"@id":"https:\/\/diariodepe.com.br\/xinhua\/2021\/11\/17\/conceito-de-comunidade-humana-com-futuro-compartilhado-e-uma-bandeira-de-lideranca-diz-resolucao-do-pcc\/"},"author":{"name":"Marcelo Oliveira de A. Maranhao","@id":"https:\/\/diariodepe.com.br\/xinhua\/#\/schema\/person\/0943d6fd02bdc7b49c8f495e8787a2cb"},"headline":"Conceito de comunidade humana com futuro compartilhado \u00e9 uma &#8220;bandeira&#8221; de lideran\u00e7a, diz resolu\u00e7\u00e3o do PCC","datePublished":"2021-11-17T17:30:30+00:00","mainEntityOfPage":{"@id":"https:\/\/diariodepe.com.br\/xinhua\/2021\/11\/17\/conceito-de-comunidade-humana-com-futuro-compartilhado-e-uma-bandeira-de-lideranca-diz-resolucao-do-pcc\/"},"wordCount":245,"commentCount":0,"publisher":{"@id":"https:\/\/diariodepe.com.br\/xinhua\/#organization"},"articleSection":["Geral"],"inLanguage":"pt-BR","potentialAction":[{"@type":"CommentAction","name":"Comment","target":["https:\/\/diariodepe.com.br\/xinhua\/2021\/11\/17\/conceito-de-comunidade-humana-com-futuro-compartilhado-e-uma-bandeira-de-lideranca-diz-resolucao-do-pcc\/#respond"]}]},{"@type":"WebPage","@id":"https:\/\/diariodepe.com.br\/xinhua\/2021\/11\/17\/conceito-de-comunidade-humana-com-futuro-compartilhado-e-uma-bandeira-de-lideranca-diz-resolucao-do-pcc\/","url":"https:\/\/diariodepe.com.br\/xinhua\/2021\/11\/17\/conceito-de-comunidade-humana-com-futuro-compartilhado-e-uma-bandeira-de-lideranca-diz-resolucao-do-pcc\/","name":"Conceito de comunidade humana com futuro compartilhado \u00e9 uma \"bandeira\" de lideran\u00e7a, diz resolu\u00e7\u00e3o do PCC - Xinhua - Diario de Pernambuco","isPartOf":{"@id":"https:\/\/diariodepe.com.br\/xinhua\/#website"},"datePublished":"2021-11-17T17:30:30+00:00","breadcrumb":{"@id":"https:\/\/diariodepe.com.br\/xinhua\/2021\/11\/17\/conceito-de-comunidade-humana-com-futuro-compartilhado-e-uma-bandeira-de-lideranca-diz-resolucao-do-pcc\/#breadcrumb"},"inLanguage":"pt-BR","potentialAction":[{"@type":"ReadAction","target":["https:\/\/diariodepe.com.br\/xinhua\/2021\/11\/17\/conceito-de-comunidade-humana-com-futuro-compartilhado-e-uma-bandeira-de-lideranca-diz-resolucao-do-pcc\/"]}]},{"@type":"BreadcrumbList","@id":"https:\/\/diariodepe.com.br\/xinhua\/2021\/11\/17\/conceito-de-comunidade-humana-com-futuro-compartilhado-e-uma-bandeira-de-lideranca-diz-resolucao-do-pcc\/#breadcrumb","itemListElement":[{"@type":"ListItem","position":1,"name":"In\u00edcio","item":"https:\/\/diariodepe.com.br\/xinhua\/"},{"@type":"ListItem","position":2,"name":"Conceito de comunidade humana com futuro compartilhado \u00e9 uma &#8220;bandeira&#8221; de lideran\u00e7a, diz resolu\u00e7\u00e3o do PCC"}]},{"@type":"WebSite","@id":"https:\/\/diariodepe.com.br\/xinhua\/#website","url":"https:\/\/diariodepe.com.br\/xinhua\/","name":"Xinhua - Diario de Pernambuco","description":"A maior ag\u00eancia de not\u00edcias da China e um dos principais canais para conhecer o pa\u00eds","publisher":{"@id":"https:\/\/diariodepe.com.br\/xinhua\/#organization"},"potentialAction":[{"@type":"SearchAction","target":{"@type":"EntryPoint","urlTemplate":"https:\/\/diariodepe.com.br\/xinhua\/?s={search_term_string}"},"query-input":{"@type":"PropertyValueSpecification","valueRequired":true,"valueName":"search_term_string"}}],"inLanguage":"pt-BR"},{"@type":"Organization","@id":"https:\/\/diariodepe.com.br\/xinhua\/#organization","name":"Xinhua - Diario de Pernambuco","url":"https:\/\/diariodepe.com.br\/xinhua\/","logo":{"@type":"ImageObject","inLanguage":"pt-BR","@id":"https:\/\/diariodepe.com.br\/xinhua\/#\/schema\/logo\/image\/","url":"https:\/\/diariodepe.com.br\/xinhua\/wp-content\/uploads\/sites\/3\/2020\/10\/cropped-logo-transparente-2.png","contentUrl":"https:\/\/diariodepe.com.br\/xinhua\/wp-content\/uploads\/sites\/3\/2020\/10\/cropped-logo-transparente-2.png","width":512,"height":164,"caption":"Xinhua - Diario de Pernambuco"},"image":{"@id":"https:\/\/diariodepe.com.br\/xinhua\/#\/schema\/logo\/image\/"}},{"@type":"Person","@id":"https:\/\/diariodepe.com.br\/xinhua\/#\/schema\/person\/0943d6fd02bdc7b49c8f495e8787a2cb","name":"Marcelo Oliveira de A. Maranhao","image":{"@type":"ImageObject","inLanguage":"pt-BR","@id":"https:\/\/secure.gravatar.com\/avatar\/f562caee940d39879c20e90eea3e4b21860c7d4c96684c23141c554824f0059c?s=96&d=mm&r=g","url":"https:\/\/secure.gravatar.com\/avatar\/f562caee940d39879c20e90eea3e4b21860c7d4c96684c23141c554824f0059c?s=96&d=mm&r=g","contentUrl":"https:\/\/secure.gravatar.com\/avatar\/f562caee940d39879c20e90eea3e4b21860c7d4c96684c23141c554824f0059c?s=96&d=mm&r=g","caption":"Marcelo Oliveira de A. Maranhao"},"url":"https:\/\/diariodepe.com.br\/xinhua\/author\/marcelo-maranhao\/"}]}},"cc_featured_image_caption":{"caption_text":"","source_text":"","source_url":""},"amp_enabled":true,"_links":{"self":[{"href":"https:\/\/diariodepe.com.br\/xinhua\/wp-json\/wp\/v2\/posts\/3982","targetHints":{"allow":["GET"]}}],"collection":[{"href":"https:\/\/diariodepe.com.br\/xinhua\/wp-json\/wp\/v2\/posts"}],"about":[{"href":"https:\/\/diariodepe.com.br\/xinhua\/wp-json\/wp\/v2\/types\/post"}],"author":[{"embeddable":true,"href":"https:\/\/diariodepe.com.br\/xinhua\/wp-json\/wp\/v2\/users\/3"}],"replies":[{"embeddable":true,"href":"https:\/\/diariodepe.com.br\/xinhua\/wp-json\/wp\/v2\/comments?post=3982"}],"version-history":[{"count":1,"href":"https:\/\/diariodepe.com.br\/xinhua\/wp-json\/wp\/v2\/posts\/3982\/revisions"}],"predecessor-version":[{"id":3983,"href":"https:\/\/diariodepe.com.br\/xinhua\/wp-json\/wp\/v2\/posts\/3982\/revisions\/3983"}],"wp:attachment":[{"href":"https:\/\/diariodepe.com.br\/xinhua\/wp-json\/wp\/v2\/media?parent=3982"}],"wp:term":[{"taxonomy":"category","embeddable":true,"href":"https:\/\/diariodepe.com.br\/xinhua\/wp-json\/wp\/v2\/categories?post=3982"},{"taxonomy":"post_tag","embeddable":true,"href":"https:\/\/diariodepe.com.br\/xinhua\/wp-json\/wp\/v2\/tags?post=3982"}],"curies":[{"name":"wp","href":"https:\/\/api.w.org\/{rel}","templated":true}]}}