{"id":3978,"date":"2021-11-17T09:19:58","date_gmt":"2021-11-17T12:19:58","guid":{"rendered":"http:\/\/www.diariodepe.com.br\/xinhua\/?p=3978"},"modified":"2021-11-17T09:20:00","modified_gmt":"2021-11-17T12:20:00","slug":"ira-e-turquia-concordam-em-desenvolver-roteiro-de-cooperacao-e-prometem-intensificar-lacos-generalizados","status":"publish","type":"post","link":"https:\/\/diariodepe.com.br\/xinhua\/2021\/11\/17\/ira-e-turquia-concordam-em-desenvolver-roteiro-de-cooperacao-e-prometem-intensificar-lacos-generalizados\/","title":{"rendered":"Ir\u00e3 e Turquia concordam em desenvolver &#8220;roteiro de coopera\u00e7\u00e3o&#8221; e prometem intensificar la\u00e7os generalizados"},"content":{"rendered":"\n<p>Teer\u00e3 &#8211; O ministro das Rela\u00e7\u00f5es Exteriores iraniano e seu hom\u00f3logo turco em visita concordaram na segunda-feira em projetar um &#8220;roteiro de coopera\u00e7\u00e3o&#8221; de longo prazo e prometeram novos la\u00e7os abrangentes.<\/p>\n\n\n\n<p>Na confer\u00eancia de imprensa conjunta realizada na capital Teer\u00e3, o ministro iraniano Hossein Amir Abdollahian disse que durante as negocia\u00e7\u00f5es de segunda-feira, ambos os lados concordaram em tra\u00e7ar um novo roteiro para uma coopera\u00e7\u00e3o de longo prazo entre Teer\u00e3 e Ancara.<\/p>\n\n\n\n<p>Amir Abdollahian chamou as rela\u00e7\u00f5es entre o Ir\u00e3 e a Turquia de &#8220;amistosas, hist\u00f3ricas e sinceras&#8221; e disse que &#8220;esperamos na pr\u00f3xima visita do presidente da Turquia, Erdogan, ao Teer\u00e3. Seremos capazes de finalizar o roteiro para uma coopera\u00e7\u00e3o de longo prazo entre os dois pa\u00edses&#8221;.<\/p>\n\n\n\n<p>Ele expressou a esperan\u00e7a de que as barreiras comerciais existentes entre os dois pa\u00edses sejam rapidamente removidas pelo desenvolvimento de mecanismos conjuntos.<\/p>\n\n\n\n<p>&#8220;Na reuni\u00e3o de hoje, prestamos aten\u00e7\u00e3o especial \u00e0 facilita\u00e7\u00e3o do tr\u00e2nsito e \u00e0s quest\u00f5es consulares, e n\u00e3o vemos nenhum obst\u00e1culo s\u00e9rio para acelerar essa coopera\u00e7\u00e3o&#8221;, observou ele.<\/p>\n\n\n\n<p>Sob as circunst\u00e2ncias da pandemia, as rela\u00e7\u00f5es comerciais do Ir\u00e3 e da Turquia foram afetadas em certa medida, no entanto, ambos foram capazes de administrar a continua\u00e7\u00e3o dessas rela\u00e7\u00f5es, disse o alto funcion\u00e1rio iraniano.<\/p>\n\n\n\n<p>Questionado sobre a coopera\u00e7\u00e3o tripartite para abrir uma rota comercial dos Emirados \u00c1rabes Unidos (EAU) atrav\u00e9s do Ir\u00e3 para a Turquia, Amir Abdollahian disse que &#8220;estamos considerando a coopera\u00e7\u00e3o trilateral e multilateral, dadas as capacidades existentes na regi\u00e3o&#8221;.<\/p>\n\n\n\n<p>Quanto \u00e0s quest\u00f5es regionais e internacionais, ele afirmou que h\u00e1 muito consenso entre o Ir\u00e3 e a Turquia sobre quest\u00f5es regionais que foram consideradas durante as negocia\u00e7\u00f5es de segunda-feira.<\/p>\n\n\n\n<p>&#8220;Tivemos uma boa conversa sobre v\u00e1rias quest\u00f5es internacionais e regionais, com foco nos recentes desenvolvimentos no Afeganist\u00e3o e enfatizando a estabilidade da seguran\u00e7a na \u00c1sia Ocidental&#8221;, disse o alto diplomata iraniano.<\/p>\n\n\n\n<p>Referindo-se \u00e0 crise existente no I\u00eamen, o chanceler iraniano expressou sua esperan\u00e7a de que a guerra civil no Estado \u00e1rabe acabe o mais r\u00e1pido poss\u00edvel e ponha fim ao cerco humanit\u00e1rio imposto ao pa\u00eds.<\/p>\n\n\n\n<p>Al\u00e9m disso, ele apontou para os desenvolvimentos recentes no L\u00edbano, observando que &#8220;estamos preocupados com o que aconteceu na \u00e1rea diplom\u00e1tica e o fechamento de algumas embaixadas \u00e1rabes neste pa\u00eds, e continuaremos nossas pol\u00edticas de apoio ao L\u00edbano&#8221;.<\/p>\n\n\n\n<p>Ir\u00e3 e Turquia condenam o recente ato terrorista contra o primeiro-ministro iraquiano e esperam que, com a forma\u00e7\u00e3o de um novo parlamento, a estabilidade seja restaurada no Iraque, disse Amir Abdollahian.<\/p>\n\n\n\n<p>Por sua vez, o ministro das Rela\u00e7\u00f5es Exteriores turco, Mevlut Cavusoglu, expressou satisfa\u00e7\u00e3o com sua visita ao Ir\u00e3 e manifestou sua solidariedade \u00e0s v\u00edtimas do recente terremoto na prov\u00edncia de Hormozgan, no sul do Ir\u00e3. &#8220;A Turquia sempre foi uma irm\u00e3 do Ir\u00e3 e est\u00e1 pronta para fornecer qualquer tipo de servi\u00e7o&#8221;, disse ele.<\/p>\n\n\n\n<p>Al\u00e9m disso, foram discutidos os preparativos para a realiza\u00e7\u00e3o do s\u00e9timo Conselho Superior de Coopera\u00e7\u00e3o entre os dois pa\u00edses e, &#8220;com base na proposta do lado iraniano, decidiu-se preparar um roteiro para a coopera\u00e7\u00e3o de longo prazo entre os dois pa\u00edses e assin\u00e1-lo \u00e0 v\u00e9spera da reuni\u00e3o do Alto Conselho de Coopera\u00e7\u00e3o&#8221; futuramente, disse Cavusoglu.<\/p>\n\n\n\n<p>Outros documentos, entre eles a luta contra o contrabando, a imigra\u00e7\u00e3o ilegal e as quest\u00f5es de fronteira, ser\u00e3o assinados \u00e0 v\u00e9spera da pr\u00f3xima c\u00fapula, acrescentou ele.<\/p>\n\n\n\n<p>Infelizmente, durante a pandemia de coronav\u00edrus, houve um decl\u00ednio nas rela\u00e7\u00f5es econ\u00f4micas entre os dois pa\u00edses, mas foi compensado pelo crescimento de 71 por cento nas transa\u00e7\u00f5es comerciais no ano corrente, disse ele, acrescentando que &#8220;embora este n\u00famero seja promissor, n\u00f3s somos longe dos objetivos que tra\u00e7amos e precisamos ser mais ativos nesta \u00e1rea&#8221;.<\/p>\n\n\n\n<p>Com refer\u00eancia \u00e0s pr\u00f3ximas negocia\u00e7\u00f5es sobre o programa nuclear do Ir\u00e3, Cavusoglu pediu o renascimento do acordo nuclear iraniano de 2015, oficialmente conhecido como Plano de A\u00e7\u00e3o Conjunto Global (JCPOA) e a suspens\u00e3o das san\u00e7\u00f5es unilaterais contra o Ir\u00e3.<\/p>\n\n\n\n<p>Expressando satisfa\u00e7\u00e3o com a retomada das negocia\u00e7\u00f5es do JCPOA, ele disse: &#8220;Espero que essas negocia\u00e7\u00f5es alcancem um resultado positivo, n\u00e3o apenas para quest\u00f5es econ\u00f4micas, mas tamb\u00e9m para a estabilidade regional&#8221;.<\/p>\n\n\n\n<p>Ele enfatizou a coopera\u00e7\u00e3o bilateral em quest\u00f5es regionais como &#8220;importante&#8221;, dizendo que a Turquia est\u00e1 pronta para cooperar com o Ir\u00e3 nas quest\u00f5es sobre o Afeganist\u00e3o, Iraque, S\u00edria e I\u00eamen.&nbsp;<\/p>\n\n\n\n<p>Na confer\u00eancia de imprensa conjunta realizada na capital Teer\u00e3, o ministro iraniano Hossein Amir Abdollahian disse que durante as negocia\u00e7\u00f5es de segunda-feira, ambos os lados concordaram em tra\u00e7ar um novo roteiro para uma coopera\u00e7\u00e3o de longo prazo entre Teer\u00e3 e Ancara.<\/p>\n\n\n\n<p>Amir Abdollahian chamou as rela\u00e7\u00f5es entre o Ir\u00e3 e a Turquia de &#8220;amistosas, hist\u00f3ricas e sinceras&#8221; e disse que &#8220;esperamos na pr\u00f3xima visita do presidente da Turquia, Erdogan, ao Teer\u00e3. Seremos capazes de finalizar o roteiro para uma coopera\u00e7\u00e3o de longo prazo entre os dois pa\u00edses&#8221;.<\/p>\n\n\n\n<p>Ele expressou a esperan\u00e7a de que as barreiras comerciais existentes entre os dois pa\u00edses sejam rapidamente removidas pelo desenvolvimento de mecanismos conjuntos.<\/p>\n\n\n\n<p>&#8220;Na reuni\u00e3o de hoje, prestamos aten\u00e7\u00e3o especial \u00e0 facilita\u00e7\u00e3o do tr\u00e2nsito e \u00e0s quest\u00f5es consulares, e n\u00e3o vemos nenhum obst\u00e1culo s\u00e9rio para acelerar essa coopera\u00e7\u00e3o&#8221;, observou ele.<\/p>\n\n\n\n<p>Sob as circunst\u00e2ncias da pandemia, as rela\u00e7\u00f5es comerciais do Ir\u00e3 e da Turquia foram afetadas em certa medida, no entanto, ambos foram capazes de administrar a continua\u00e7\u00e3o dessas rela\u00e7\u00f5es, disse o alto funcion\u00e1rio iraniano.<\/p>\n\n\n\n<p>Questionado sobre a coopera\u00e7\u00e3o tripartite para abrir uma rota comercial dos Emirados \u00c1rabes Unidos (EAU) atrav\u00e9s do Ir\u00e3 para a Turquia, Amir Abdollahian disse que &#8220;estamos considerando a coopera\u00e7\u00e3o trilateral e multilateral, dadas as capacidades existentes na regi\u00e3o&#8221;.<\/p>\n\n\n\n<p>Quanto \u00e0s quest\u00f5es regionais e internacionais, ele afirmou que h\u00e1 muito consenso entre o Ir\u00e3 e a Turquia sobre quest\u00f5es regionais que foram consideradas durante as negocia\u00e7\u00f5es de segunda-feira.<\/p>\n\n\n\n<p>&#8220;Tivemos uma boa conversa sobre v\u00e1rias quest\u00f5es internacionais e regionais, com foco nos recentes desenvolvimentos no Afeganist\u00e3o e enfatizando a estabilidade da seguran\u00e7a na \u00c1sia Ocidental&#8221;, disse o alto diplomata iraniano.<\/p>\n\n\n\n<p>Referindo-se \u00e0 crise existente no I\u00eamen, o chanceler iraniano expressou sua esperan\u00e7a de que a guerra civil no Estado \u00e1rabe acabe o mais r\u00e1pido poss\u00edvel e ponha fim ao cerco humanit\u00e1rio imposto ao pa\u00eds.<\/p>\n\n\n\n<p>Al\u00e9m disso, ele apontou para os desenvolvimentos recentes no L\u00edbano, observando que &#8220;estamos preocupados com o que aconteceu na \u00e1rea diplom\u00e1tica e o fechamento de algumas embaixadas \u00e1rabes neste pa\u00eds, e continuaremos nossas pol\u00edticas de apoio ao L\u00edbano&#8221;.<\/p>\n\n\n\n<p>Ir\u00e3 e Turquia condenam o recente ato terrorista contra o primeiro-ministro iraquiano e esperam que, com a forma\u00e7\u00e3o de um novo parlamento, a estabilidade seja restaurada no Iraque, disse Amir Abdollahian.<\/p>\n\n\n\n<p>Por sua vez, o ministro das Rela\u00e7\u00f5es Exteriores turco, Mevlut Cavusoglu, expressou satisfa\u00e7\u00e3o com sua visita ao Ir\u00e3 e manifestou sua solidariedade \u00e0s v\u00edtimas do recente terremoto na prov\u00edncia de Hormozgan, no sul do Ir\u00e3. &#8220;A Turquia sempre foi uma irm\u00e3 do Ir\u00e3 e est\u00e1 pronta para fornecer qualquer tipo de servi\u00e7o&#8221;, disse ele.<\/p>\n\n\n\n<p>Al\u00e9m disso, foram discutidos os preparativos para a realiza\u00e7\u00e3o do s\u00e9timo Conselho Superior de Coopera\u00e7\u00e3o entre os dois pa\u00edses e, &#8220;com base na proposta do lado iraniano, decidiu-se preparar um roteiro para a coopera\u00e7\u00e3o de longo prazo entre os dois pa\u00edses e assin\u00e1-lo \u00e0 v\u00e9spera da reuni\u00e3o do Alto Conselho de Coopera\u00e7\u00e3o&#8221; futuramente, disse Cavusoglu.<\/p>\n\n\n\n<p>Outros documentos, entre eles a luta contra o contrabando, a imigra\u00e7\u00e3o ilegal e as quest\u00f5es de fronteira, ser\u00e3o assinados \u00e0 v\u00e9spera da pr\u00f3xima c\u00fapula, acrescentou ele.<\/p>\n\n\n\n<p>Infelizmente, durante a pandemia de coronav\u00edrus, houve um decl\u00ednio nas rela\u00e7\u00f5es econ\u00f4micas entre os dois pa\u00edses, mas foi compensado pelo crescimento de 71 por cento nas transa\u00e7\u00f5es comerciais no ano corrente, disse ele, acrescentando que &#8220;embora este n\u00famero seja promissor, n\u00f3s somos longe dos objetivos que tra\u00e7amos e precisamos ser mais ativos nesta \u00e1rea&#8221;.<\/p>\n\n\n\n<p>Com refer\u00eancia \u00e0s pr\u00f3ximas negocia\u00e7\u00f5es sobre o programa nuclear do Ir\u00e3, Cavusoglu pediu o renascimento do acordo nuclear iraniano de 2015, oficialmente conhecido como Plano de A\u00e7\u00e3o Conjunto Global (JCPOA) e a suspens\u00e3o das san\u00e7\u00f5es unilaterais contra o Ir\u00e3.<\/p>\n\n\n\n<p>Expressando satisfa\u00e7\u00e3o com a retomada das negocia\u00e7\u00f5es do JCPOA, ele disse: &#8220;Espero que essas negocia\u00e7\u00f5es alcancem um resultado positivo, n\u00e3o apenas para quest\u00f5es econ\u00f4micas, mas tamb\u00e9m para a estabilidade regional&#8221;.<\/p>\n\n\n\n<p>Ele enfatizou a coopera\u00e7\u00e3o bilateral em quest\u00f5es regionais como &#8220;importante&#8221;, dizendo que a Turquia est\u00e1 pronta para cooperar com o Ir\u00e3 nas quest\u00f5es sobre o Afeganist\u00e3o, Iraque, S\u00edria e I\u00eamen.&nbsp;<\/p>\n\n\n\n<p><\/p>\n","protected":false},"excerpt":{"rendered":"<p>Teer\u00e3 &#8211; O ministro das Rela\u00e7\u00f5es Exteriores iraniano e seu hom\u00f3logo turco em visita concordaram na segunda-feira em projetar um &#8220;roteiro de coopera\u00e7\u00e3o&#8221; de longo prazo e prometeram novos la\u00e7os abrangentes. Na confer\u00eancia de imprensa conjunta realizada na capital Teer\u00e3,&#8230;<\/p>\n","protected":false},"author":3,"featured_media":0,"comment_status":"open","ping_status":"open","sticky":false,"template":"","format":"standard","meta":{"footnotes":""},"categories":[4],"tags":[],"class_list":["post-3978","post","type-post","status-publish","format-standard","hentry","category-internacional"],"yoast_head":"<!-- This site is optimized with the Yoast SEO plugin v27.4 - https:\/\/yoast.com\/product\/yoast-seo-wordpress\/ -->\n<title>Ir\u00e3 e Turquia concordam em desenvolver &quot;roteiro de coopera\u00e7\u00e3o&quot; e prometem intensificar la\u00e7os generalizados - Xinhua - Diario de Pernambuco<\/title>\n<meta name=\"robots\" content=\"index, follow, max-snippet:-1, max-image-preview:large, max-video-preview:-1\" \/>\n<link rel=\"canonical\" href=\"https:\/\/diariodepe.com.br\/xinhua\/2021\/11\/17\/ira-e-turquia-concordam-em-desenvolver-roteiro-de-cooperacao-e-prometem-intensificar-lacos-generalizados\/\" \/>\n<meta property=\"og:locale\" content=\"pt_BR\" \/>\n<meta property=\"og:type\" content=\"article\" \/>\n<meta property=\"og:title\" content=\"Ir\u00e3 e Turquia concordam em desenvolver &quot;roteiro de coopera\u00e7\u00e3o&quot; e prometem intensificar la\u00e7os generalizados - Xinhua - Diario de Pernambuco\" \/>\n<meta property=\"og:description\" content=\"Teer\u00e3 &#8211; O ministro das Rela\u00e7\u00f5es Exteriores iraniano e seu hom\u00f3logo turco em visita concordaram na segunda-feira em projetar um &#8220;roteiro de coopera\u00e7\u00e3o&#8221; de longo prazo e prometeram novos la\u00e7os abrangentes. Na confer\u00eancia de imprensa conjunta realizada na capital Teer\u00e3,...\" \/>\n<meta property=\"og:url\" content=\"https:\/\/diariodepe.com.br\/xinhua\/2021\/11\/17\/ira-e-turquia-concordam-em-desenvolver-roteiro-de-cooperacao-e-prometem-intensificar-lacos-generalizados\/\" \/>\n<meta property=\"og:site_name\" content=\"Xinhua - Diario de Pernambuco\" \/>\n<meta property=\"article:published_time\" content=\"2021-11-17T12:19:58+00:00\" \/>\n<meta property=\"article:modified_time\" content=\"2021-11-17T12:20:00+00:00\" \/>\n<meta name=\"author\" content=\"Marcelo Oliveira de A. Maranhao\" \/>\n<meta name=\"twitter:card\" content=\"summary_large_image\" \/>\n<meta name=\"twitter:label1\" content=\"Escrito por\" \/>\n\t<meta name=\"twitter:data1\" content=\"Marcelo Oliveira de A. Maranhao\" \/>\n\t<meta name=\"twitter:label2\" content=\"Est. tempo de leitura\" \/>\n\t<meta name=\"twitter:data2\" content=\"6 minutos\" \/>\n<script type=\"application\/ld+json\" class=\"yoast-schema-graph\">{\"@context\":\"https:\\\/\\\/schema.org\",\"@graph\":[{\"@type\":\"Article\",\"@id\":\"https:\\\/\\\/diariodepe.com.br\\\/xinhua\\\/2021\\\/11\\\/17\\\/ira-e-turquia-concordam-em-desenvolver-roteiro-de-cooperacao-e-prometem-intensificar-lacos-generalizados\\\/#article\",\"isPartOf\":{\"@id\":\"https:\\\/\\\/diariodepe.com.br\\\/xinhua\\\/2021\\\/11\\\/17\\\/ira-e-turquia-concordam-em-desenvolver-roteiro-de-cooperacao-e-prometem-intensificar-lacos-generalizados\\\/\"},\"author\":{\"name\":\"Marcelo Oliveira de A. Maranhao\",\"@id\":\"https:\\\/\\\/diariodepe.com.br\\\/xinhua\\\/#\\\/schema\\\/person\\\/0943d6fd02bdc7b49c8f495e8787a2cb\"},\"headline\":\"Ir\u00e3 e Turquia concordam em desenvolver &#8220;roteiro de coopera\u00e7\u00e3o&#8221; e prometem intensificar la\u00e7os generalizados\",\"datePublished\":\"2021-11-17T12:19:58+00:00\",\"dateModified\":\"2021-11-17T12:20:00+00:00\",\"mainEntityOfPage\":{\"@id\":\"https:\\\/\\\/diariodepe.com.br\\\/xinhua\\\/2021\\\/11\\\/17\\\/ira-e-turquia-concordam-em-desenvolver-roteiro-de-cooperacao-e-prometem-intensificar-lacos-generalizados\\\/\"},\"wordCount\":1557,\"commentCount\":0,\"publisher\":{\"@id\":\"https:\\\/\\\/diariodepe.com.br\\\/xinhua\\\/#organization\"},\"articleSection\":[\"Internacional\"],\"inLanguage\":\"pt-BR\",\"potentialAction\":[{\"@type\":\"CommentAction\",\"name\":\"Comment\",\"target\":[\"https:\\\/\\\/diariodepe.com.br\\\/xinhua\\\/2021\\\/11\\\/17\\\/ira-e-turquia-concordam-em-desenvolver-roteiro-de-cooperacao-e-prometem-intensificar-lacos-generalizados\\\/#respond\"]}]},{\"@type\":\"WebPage\",\"@id\":\"https:\\\/\\\/diariodepe.com.br\\\/xinhua\\\/2021\\\/11\\\/17\\\/ira-e-turquia-concordam-em-desenvolver-roteiro-de-cooperacao-e-prometem-intensificar-lacos-generalizados\\\/\",\"url\":\"https:\\\/\\\/diariodepe.com.br\\\/xinhua\\\/2021\\\/11\\\/17\\\/ira-e-turquia-concordam-em-desenvolver-roteiro-de-cooperacao-e-prometem-intensificar-lacos-generalizados\\\/\",\"name\":\"Ir\u00e3 e Turquia concordam em desenvolver \\\"roteiro de coopera\u00e7\u00e3o\\\" e prometem intensificar la\u00e7os generalizados - Xinhua - Diario de Pernambuco\",\"isPartOf\":{\"@id\":\"https:\\\/\\\/diariodepe.com.br\\\/xinhua\\\/#website\"},\"datePublished\":\"2021-11-17T12:19:58+00:00\",\"dateModified\":\"2021-11-17T12:20:00+00:00\",\"breadcrumb\":{\"@id\":\"https:\\\/\\\/diariodepe.com.br\\\/xinhua\\\/2021\\\/11\\\/17\\\/ira-e-turquia-concordam-em-desenvolver-roteiro-de-cooperacao-e-prometem-intensificar-lacos-generalizados\\\/#breadcrumb\"},\"inLanguage\":\"pt-BR\",\"potentialAction\":[{\"@type\":\"ReadAction\",\"target\":[\"https:\\\/\\\/diariodepe.com.br\\\/xinhua\\\/2021\\\/11\\\/17\\\/ira-e-turquia-concordam-em-desenvolver-roteiro-de-cooperacao-e-prometem-intensificar-lacos-generalizados\\\/\"]}]},{\"@type\":\"BreadcrumbList\",\"@id\":\"https:\\\/\\\/diariodepe.com.br\\\/xinhua\\\/2021\\\/11\\\/17\\\/ira-e-turquia-concordam-em-desenvolver-roteiro-de-cooperacao-e-prometem-intensificar-lacos-generalizados\\\/#breadcrumb\",\"itemListElement\":[{\"@type\":\"ListItem\",\"position\":1,\"name\":\"In\u00edcio\",\"item\":\"https:\\\/\\\/diariodepe.com.br\\\/xinhua\\\/\"},{\"@type\":\"ListItem\",\"position\":2,\"name\":\"Ir\u00e3 e Turquia concordam em desenvolver &#8220;roteiro de coopera\u00e7\u00e3o&#8221; e prometem intensificar la\u00e7os generalizados\"}]},{\"@type\":\"WebSite\",\"@id\":\"https:\\\/\\\/diariodepe.com.br\\\/xinhua\\\/#website\",\"url\":\"https:\\\/\\\/diariodepe.com.br\\\/xinhua\\\/\",\"name\":\"Xinhua - Diario de Pernambuco\",\"description\":\"A maior ag\u00eancia de not\u00edcias da China e um dos principais canais para conhecer o pa\u00eds\",\"publisher\":{\"@id\":\"https:\\\/\\\/diariodepe.com.br\\\/xinhua\\\/#organization\"},\"potentialAction\":[{\"@type\":\"SearchAction\",\"target\":{\"@type\":\"EntryPoint\",\"urlTemplate\":\"https:\\\/\\\/diariodepe.com.br\\\/xinhua\\\/?s={search_term_string}\"},\"query-input\":{\"@type\":\"PropertyValueSpecification\",\"valueRequired\":true,\"valueName\":\"search_term_string\"}}],\"inLanguage\":\"pt-BR\"},{\"@type\":\"Organization\",\"@id\":\"https:\\\/\\\/diariodepe.com.br\\\/xinhua\\\/#organization\",\"name\":\"Xinhua - Diario de Pernambuco\",\"url\":\"https:\\\/\\\/diariodepe.com.br\\\/xinhua\\\/\",\"logo\":{\"@type\":\"ImageObject\",\"inLanguage\":\"pt-BR\",\"@id\":\"https:\\\/\\\/diariodepe.com.br\\\/xinhua\\\/#\\\/schema\\\/logo\\\/image\\\/\",\"url\":\"https:\\\/\\\/diariodepe.com.br\\\/xinhua\\\/wp-content\\\/uploads\\\/sites\\\/3\\\/2020\\\/10\\\/cropped-logo-transparente-2.png\",\"contentUrl\":\"https:\\\/\\\/diariodepe.com.br\\\/xinhua\\\/wp-content\\\/uploads\\\/sites\\\/3\\\/2020\\\/10\\\/cropped-logo-transparente-2.png\",\"width\":512,\"height\":164,\"caption\":\"Xinhua - Diario de Pernambuco\"},\"image\":{\"@id\":\"https:\\\/\\\/diariodepe.com.br\\\/xinhua\\\/#\\\/schema\\\/logo\\\/image\\\/\"}},{\"@type\":\"Person\",\"@id\":\"https:\\\/\\\/diariodepe.com.br\\\/xinhua\\\/#\\\/schema\\\/person\\\/0943d6fd02bdc7b49c8f495e8787a2cb\",\"name\":\"Marcelo Oliveira de A. Maranhao\",\"image\":{\"@type\":\"ImageObject\",\"inLanguage\":\"pt-BR\",\"@id\":\"https:\\\/\\\/secure.gravatar.com\\\/avatar\\\/f562caee940d39879c20e90eea3e4b21860c7d4c96684c23141c554824f0059c?s=96&d=mm&r=g\",\"url\":\"https:\\\/\\\/secure.gravatar.com\\\/avatar\\\/f562caee940d39879c20e90eea3e4b21860c7d4c96684c23141c554824f0059c?s=96&d=mm&r=g\",\"contentUrl\":\"https:\\\/\\\/secure.gravatar.com\\\/avatar\\\/f562caee940d39879c20e90eea3e4b21860c7d4c96684c23141c554824f0059c?s=96&d=mm&r=g\",\"caption\":\"Marcelo Oliveira de A. Maranhao\"},\"url\":\"https:\\\/\\\/diariodepe.com.br\\\/xinhua\\\/author\\\/marcelo-maranhao\\\/\"}]}<\/script>\n<!-- \/ Yoast SEO plugin. -->","yoast_head_json":{"title":"Ir\u00e3 e Turquia concordam em desenvolver \"roteiro de coopera\u00e7\u00e3o\" e prometem intensificar la\u00e7os generalizados - Xinhua - Diario de Pernambuco","robots":{"index":"index","follow":"follow","max-snippet":"max-snippet:-1","max-image-preview":"max-image-preview:large","max-video-preview":"max-video-preview:-1"},"canonical":"https:\/\/diariodepe.com.br\/xinhua\/2021\/11\/17\/ira-e-turquia-concordam-em-desenvolver-roteiro-de-cooperacao-e-prometem-intensificar-lacos-generalizados\/","og_locale":"pt_BR","og_type":"article","og_title":"Ir\u00e3 e Turquia concordam em desenvolver \"roteiro de coopera\u00e7\u00e3o\" e prometem intensificar la\u00e7os generalizados - Xinhua - Diario de Pernambuco","og_description":"Teer\u00e3 &#8211; O ministro das Rela\u00e7\u00f5es Exteriores iraniano e seu hom\u00f3logo turco em visita concordaram na segunda-feira em projetar um &#8220;roteiro de coopera\u00e7\u00e3o&#8221; de longo prazo e prometeram novos la\u00e7os abrangentes. Na confer\u00eancia de imprensa conjunta realizada na capital Teer\u00e3,...","og_url":"https:\/\/diariodepe.com.br\/xinhua\/2021\/11\/17\/ira-e-turquia-concordam-em-desenvolver-roteiro-de-cooperacao-e-prometem-intensificar-lacos-generalizados\/","og_site_name":"Xinhua - Diario de Pernambuco","article_published_time":"2021-11-17T12:19:58+00:00","article_modified_time":"2021-11-17T12:20:00+00:00","author":"Marcelo Oliveira de A. Maranhao","twitter_card":"summary_large_image","twitter_misc":{"Escrito por":"Marcelo Oliveira de A. Maranhao","Est. tempo de leitura":"6 minutos"},"schema":{"@context":"https:\/\/schema.org","@graph":[{"@type":"Article","@id":"https:\/\/diariodepe.com.br\/xinhua\/2021\/11\/17\/ira-e-turquia-concordam-em-desenvolver-roteiro-de-cooperacao-e-prometem-intensificar-lacos-generalizados\/#article","isPartOf":{"@id":"https:\/\/diariodepe.com.br\/xinhua\/2021\/11\/17\/ira-e-turquia-concordam-em-desenvolver-roteiro-de-cooperacao-e-prometem-intensificar-lacos-generalizados\/"},"author":{"name":"Marcelo Oliveira de A. Maranhao","@id":"https:\/\/diariodepe.com.br\/xinhua\/#\/schema\/person\/0943d6fd02bdc7b49c8f495e8787a2cb"},"headline":"Ir\u00e3 e Turquia concordam em desenvolver &#8220;roteiro de coopera\u00e7\u00e3o&#8221; e prometem intensificar la\u00e7os generalizados","datePublished":"2021-11-17T12:19:58+00:00","dateModified":"2021-11-17T12:20:00+00:00","mainEntityOfPage":{"@id":"https:\/\/diariodepe.com.br\/xinhua\/2021\/11\/17\/ira-e-turquia-concordam-em-desenvolver-roteiro-de-cooperacao-e-prometem-intensificar-lacos-generalizados\/"},"wordCount":1557,"commentCount":0,"publisher":{"@id":"https:\/\/diariodepe.com.br\/xinhua\/#organization"},"articleSection":["Internacional"],"inLanguage":"pt-BR","potentialAction":[{"@type":"CommentAction","name":"Comment","target":["https:\/\/diariodepe.com.br\/xinhua\/2021\/11\/17\/ira-e-turquia-concordam-em-desenvolver-roteiro-de-cooperacao-e-prometem-intensificar-lacos-generalizados\/#respond"]}]},{"@type":"WebPage","@id":"https:\/\/diariodepe.com.br\/xinhua\/2021\/11\/17\/ira-e-turquia-concordam-em-desenvolver-roteiro-de-cooperacao-e-prometem-intensificar-lacos-generalizados\/","url":"https:\/\/diariodepe.com.br\/xinhua\/2021\/11\/17\/ira-e-turquia-concordam-em-desenvolver-roteiro-de-cooperacao-e-prometem-intensificar-lacos-generalizados\/","name":"Ir\u00e3 e Turquia concordam em desenvolver \"roteiro de coopera\u00e7\u00e3o\" e prometem intensificar la\u00e7os generalizados - Xinhua - Diario de Pernambuco","isPartOf":{"@id":"https:\/\/diariodepe.com.br\/xinhua\/#website"},"datePublished":"2021-11-17T12:19:58+00:00","dateModified":"2021-11-17T12:20:00+00:00","breadcrumb":{"@id":"https:\/\/diariodepe.com.br\/xinhua\/2021\/11\/17\/ira-e-turquia-concordam-em-desenvolver-roteiro-de-cooperacao-e-prometem-intensificar-lacos-generalizados\/#breadcrumb"},"inLanguage":"pt-BR","potentialAction":[{"@type":"ReadAction","target":["https:\/\/diariodepe.com.br\/xinhua\/2021\/11\/17\/ira-e-turquia-concordam-em-desenvolver-roteiro-de-cooperacao-e-prometem-intensificar-lacos-generalizados\/"]}]},{"@type":"BreadcrumbList","@id":"https:\/\/diariodepe.com.br\/xinhua\/2021\/11\/17\/ira-e-turquia-concordam-em-desenvolver-roteiro-de-cooperacao-e-prometem-intensificar-lacos-generalizados\/#breadcrumb","itemListElement":[{"@type":"ListItem","position":1,"name":"In\u00edcio","item":"https:\/\/diariodepe.com.br\/xinhua\/"},{"@type":"ListItem","position":2,"name":"Ir\u00e3 e Turquia concordam em desenvolver &#8220;roteiro de coopera\u00e7\u00e3o&#8221; e prometem intensificar la\u00e7os generalizados"}]},{"@type":"WebSite","@id":"https:\/\/diariodepe.com.br\/xinhua\/#website","url":"https:\/\/diariodepe.com.br\/xinhua\/","name":"Xinhua - Diario de Pernambuco","description":"A maior ag\u00eancia de not\u00edcias da China e um dos principais canais para conhecer o pa\u00eds","publisher":{"@id":"https:\/\/diariodepe.com.br\/xinhua\/#organization"},"potentialAction":[{"@type":"SearchAction","target":{"@type":"EntryPoint","urlTemplate":"https:\/\/diariodepe.com.br\/xinhua\/?s={search_term_string}"},"query-input":{"@type":"PropertyValueSpecification","valueRequired":true,"valueName":"search_term_string"}}],"inLanguage":"pt-BR"},{"@type":"Organization","@id":"https:\/\/diariodepe.com.br\/xinhua\/#organization","name":"Xinhua - Diario de Pernambuco","url":"https:\/\/diariodepe.com.br\/xinhua\/","logo":{"@type":"ImageObject","inLanguage":"pt-BR","@id":"https:\/\/diariodepe.com.br\/xinhua\/#\/schema\/logo\/image\/","url":"https:\/\/diariodepe.com.br\/xinhua\/wp-content\/uploads\/sites\/3\/2020\/10\/cropped-logo-transparente-2.png","contentUrl":"https:\/\/diariodepe.com.br\/xinhua\/wp-content\/uploads\/sites\/3\/2020\/10\/cropped-logo-transparente-2.png","width":512,"height":164,"caption":"Xinhua - Diario de Pernambuco"},"image":{"@id":"https:\/\/diariodepe.com.br\/xinhua\/#\/schema\/logo\/image\/"}},{"@type":"Person","@id":"https:\/\/diariodepe.com.br\/xinhua\/#\/schema\/person\/0943d6fd02bdc7b49c8f495e8787a2cb","name":"Marcelo Oliveira de A. Maranhao","image":{"@type":"ImageObject","inLanguage":"pt-BR","@id":"https:\/\/secure.gravatar.com\/avatar\/f562caee940d39879c20e90eea3e4b21860c7d4c96684c23141c554824f0059c?s=96&d=mm&r=g","url":"https:\/\/secure.gravatar.com\/avatar\/f562caee940d39879c20e90eea3e4b21860c7d4c96684c23141c554824f0059c?s=96&d=mm&r=g","contentUrl":"https:\/\/secure.gravatar.com\/avatar\/f562caee940d39879c20e90eea3e4b21860c7d4c96684c23141c554824f0059c?s=96&d=mm&r=g","caption":"Marcelo Oliveira de A. Maranhao"},"url":"https:\/\/diariodepe.com.br\/xinhua\/author\/marcelo-maranhao\/"}]}},"cc_featured_image_caption":{"caption_text":"","source_text":"","source_url":""},"amp_enabled":true,"_links":{"self":[{"href":"https:\/\/diariodepe.com.br\/xinhua\/wp-json\/wp\/v2\/posts\/3978","targetHints":{"allow":["GET"]}}],"collection":[{"href":"https:\/\/diariodepe.com.br\/xinhua\/wp-json\/wp\/v2\/posts"}],"about":[{"href":"https:\/\/diariodepe.com.br\/xinhua\/wp-json\/wp\/v2\/types\/post"}],"author":[{"embeddable":true,"href":"https:\/\/diariodepe.com.br\/xinhua\/wp-json\/wp\/v2\/users\/3"}],"replies":[{"embeddable":true,"href":"https:\/\/diariodepe.com.br\/xinhua\/wp-json\/wp\/v2\/comments?post=3978"}],"version-history":[{"count":1,"href":"https:\/\/diariodepe.com.br\/xinhua\/wp-json\/wp\/v2\/posts\/3978\/revisions"}],"predecessor-version":[{"id":3979,"href":"https:\/\/diariodepe.com.br\/xinhua\/wp-json\/wp\/v2\/posts\/3978\/revisions\/3979"}],"wp:attachment":[{"href":"https:\/\/diariodepe.com.br\/xinhua\/wp-json\/wp\/v2\/media?parent=3978"}],"wp:term":[{"taxonomy":"category","embeddable":true,"href":"https:\/\/diariodepe.com.br\/xinhua\/wp-json\/wp\/v2\/categories?post=3978"},{"taxonomy":"post_tag","embeddable":true,"href":"https:\/\/diariodepe.com.br\/xinhua\/wp-json\/wp\/v2\/tags?post=3978"}],"curies":[{"name":"wp","href":"https:\/\/api.w.org\/{rel}","templated":true}]}}