{"id":3974,"date":"2021-11-17T09:06:44","date_gmt":"2021-11-17T12:06:44","guid":{"rendered":"http:\/\/www.diariodepe.com.br\/xinhua\/?p=3974"},"modified":"2021-11-17T09:06:46","modified_gmt":"2021-11-17T12:06:46","slug":"biden-assina-projeto-de-lei-de-infraestrutura-apos-meses-de-atraso-em-meio-a-lutas-internas-democratas","status":"publish","type":"post","link":"https:\/\/diariodepe.com.br\/xinhua\/2021\/11\/17\/biden-assina-projeto-de-lei-de-infraestrutura-apos-meses-de-atraso-em-meio-a-lutas-internas-democratas\/","title":{"rendered":"Biden assina projeto de lei de infraestrutura ap\u00f3s meses de atraso em meio a lutas internas democratas"},"content":{"rendered":"\n<p>Washington &#8211; O presidente dos EUA, Joe Biden, sancionou na segunda-feira uma lei de infraestrutura bipartid\u00e1ria de 1 trilh\u00e3o de d\u00f3lares americanos ap\u00f3s meses de atraso em meio a brigas internas democratas por um pacote de gastos sociais.<\/p>\n\n\n\n<p>&#8220;Aqui em Washington, ouvimos incont\u00e1veis \u200b\u200bdiscursos e promessas, livro branco de especialistas, mas hoje estamos finalmente fazendo isso&#8221;, disse Biden na segunda-feira em uma cerim\u00f4nia de assinatura na Casa Branca com a presen\u00e7a de membros do Congresso, governadores e prefeitos.<\/p>\n\n\n\n<p>&#8220;Portanto, minha mensagem para o povo americano \u00e9 esta, a Am\u00e9rica est\u00e1 se movendo novamente e sua vida mudar\u00e1 para melhor&#8221;, disse ele.<\/p>\n\n\n\n<p>Biden escolheu o ex-prefeito de Nova Orleans, Mitch Landrieu, como conselheiro-s\u00eanior da Casa Branca para coordenar a implementa\u00e7\u00e3o do projeto de lei de infraestrutura.<\/p>\n\n\n\n<p>A conta inclui 550 bilh\u00f5es de d\u00f3lares americanos em novos gastos em projetos de infraestrutura, como estradas, pontes, trilhos de passageiros, \u00e1gua pot\u00e1vel e sistemas de esgoto. O restante do pacote de infraestrutura envolve gastos previamente aprovados.<\/p>\n\n\n\n<p>O Senado dos EUA aprovou o projeto em agosto. Ent\u00e3o, os progressistas democratas da C\u00e2mara suspenderam por meses o projeto de lei aprovado pelo Senado, exigindo uma vota\u00e7\u00e3o sobre o pacote maior de gastos sociais, mas acabou fracassando.<\/p>\n\n\n\n<p>A C\u00e2mara dos Representantes dos EUA finalmente aprovou o projeto de lei de infraestrutura no in\u00edcio deste m\u00eas, depois que os democratas progressistas e moderados da C\u00e2mara concordaram em assumir o pacote de gastos sociais de 1,75 trilh\u00e3o de d\u00f3lares at\u00e9 a semana de 15 de novembro.<\/p>\n\n\n\n<p>N\u00e3o est\u00e1 claro se as duas c\u00e2maras do Congresso t\u00eam votos suficientes para aprovar o pacote de gastos sociais, j\u00e1 que alguns legisladores est\u00e3o mais preocupados com o aumento das press\u00f5es inflacion\u00e1rias.<\/p>\n\n\n\n<p>&#8220;Ao que tudo indica, a amea\u00e7a representada pela infla\u00e7\u00e3o recorde para o povo americano n\u00e3o \u00e9 &#8216;transit\u00f3ria&#8217; e, em vez disso, est\u00e1 piorando&#8221;, disse recentemente no Twitter, Joe Manchin, um importante senador democrata moderado da Virg\u00ednia Ocidental.<\/p>\n\n\n\n<p>&#8220;Do supermercado \u00e0 bomba de gasolina, os americanos sabem que o imposto inflacion\u00e1rio \u00e9 real e DC n\u00e3o pode mais ignorar a dor econ\u00f4mica que os americanos sentem todos os dias&#8221;, disse Manchin.<\/p>\n\n\n\n<p>O \u00edndice de pre\u00e7os ao consumidor (IPC) subiu 6,2 por cento em outubro em rela\u00e7\u00e3o ao ano anterior, o ganho anual mais forte em mais de 30 anos, informou o Departamento do Trabalho dos EUA na semana passada.<\/p>\n\n\n\n<p>A secret\u00e1ria do Tesouro dos EUA, Janet Yellen, disse no domingo que controlar a pandemia de COVID-19 era a chave para controlar a infla\u00e7\u00e3o.<\/p>\n\n\n\n<p>&#8220;A pandemia est\u00e1 dando as cartas para a economia e a infla\u00e7\u00e3o. E se quisermos reduzir a infla\u00e7\u00e3o, acho que continuar fazendo progressos contra a pandemia \u00e9 a coisa mais importante que podemos fazer&#8221;, disse Yellen no programa Face the Nation da CBS.<\/p>\n\n\n\n<p>&#8220;Eu esperaria que, se tivermos sucesso com a pandemia em algum momento do segundo semestre do pr\u00f3ximo ano, esperaria que os pre\u00e7os voltassem ao normal&#8221;, disse ela.&nbsp;<\/p>\n","protected":false},"excerpt":{"rendered":"<p>Washington &#8211; O presidente dos EUA, Joe Biden, sancionou na segunda-feira uma lei de infraestrutura bipartid\u00e1ria de 1 trilh\u00e3o de d\u00f3lares americanos ap\u00f3s meses de atraso em meio a brigas internas democratas por um pacote de gastos sociais. &#8220;Aqui em&#8230;<\/p>\n","protected":false},"author":3,"featured_media":0,"comment_status":"open","ping_status":"open","sticky":false,"template":"","format":"standard","meta":{"footnotes":""},"categories":[4],"tags":[],"class_list":["post-3974","post","type-post","status-publish","format-standard","hentry","category-internacional"],"yoast_head":"<!-- This site is optimized with the Yoast SEO plugin v27.4 - https:\/\/yoast.com\/product\/yoast-seo-wordpress\/ -->\n<title>Biden assina projeto de lei de infraestrutura ap\u00f3s meses de atraso em meio a lutas internas democratas - Xinhua - Diario de Pernambuco<\/title>\n<meta name=\"robots\" content=\"index, follow, max-snippet:-1, max-image-preview:large, max-video-preview:-1\" \/>\n<link rel=\"canonical\" href=\"https:\/\/diariodepe.com.br\/xinhua\/2021\/11\/17\/biden-assina-projeto-de-lei-de-infraestrutura-apos-meses-de-atraso-em-meio-a-lutas-internas-democratas\/\" \/>\n<meta property=\"og:locale\" content=\"pt_BR\" \/>\n<meta property=\"og:type\" content=\"article\" \/>\n<meta property=\"og:title\" content=\"Biden assina projeto de lei de infraestrutura ap\u00f3s meses de atraso em meio a lutas internas democratas - Xinhua - Diario de Pernambuco\" \/>\n<meta property=\"og:description\" content=\"Washington &#8211; O presidente dos EUA, Joe Biden, sancionou na segunda-feira uma lei de infraestrutura bipartid\u00e1ria de 1 trilh\u00e3o de d\u00f3lares americanos ap\u00f3s meses de atraso em meio a brigas internas democratas por um pacote de gastos sociais. &#8220;Aqui em...\" \/>\n<meta property=\"og:url\" content=\"https:\/\/diariodepe.com.br\/xinhua\/2021\/11\/17\/biden-assina-projeto-de-lei-de-infraestrutura-apos-meses-de-atraso-em-meio-a-lutas-internas-democratas\/\" \/>\n<meta property=\"og:site_name\" content=\"Xinhua - Diario de Pernambuco\" \/>\n<meta property=\"article:published_time\" content=\"2021-11-17T12:06:44+00:00\" \/>\n<meta property=\"article:modified_time\" content=\"2021-11-17T12:06:46+00:00\" \/>\n<meta name=\"author\" content=\"Marcelo Oliveira de A. Maranhao\" \/>\n<meta name=\"twitter:card\" content=\"summary_large_image\" \/>\n<meta name=\"twitter:label1\" content=\"Escrito por\" \/>\n\t<meta name=\"twitter:data1\" content=\"Marcelo Oliveira de A. Maranhao\" \/>\n\t<meta name=\"twitter:label2\" content=\"Est. tempo de leitura\" \/>\n\t<meta name=\"twitter:data2\" content=\"3 minutos\" \/>\n<script type=\"application\/ld+json\" class=\"yoast-schema-graph\">{\"@context\":\"https:\\\/\\\/schema.org\",\"@graph\":[{\"@type\":\"Article\",\"@id\":\"https:\\\/\\\/diariodepe.com.br\\\/xinhua\\\/2021\\\/11\\\/17\\\/biden-assina-projeto-de-lei-de-infraestrutura-apos-meses-de-atraso-em-meio-a-lutas-internas-democratas\\\/#article\",\"isPartOf\":{\"@id\":\"https:\\\/\\\/diariodepe.com.br\\\/xinhua\\\/2021\\\/11\\\/17\\\/biden-assina-projeto-de-lei-de-infraestrutura-apos-meses-de-atraso-em-meio-a-lutas-internas-democratas\\\/\"},\"author\":{\"name\":\"Marcelo Oliveira de A. Maranhao\",\"@id\":\"https:\\\/\\\/diariodepe.com.br\\\/xinhua\\\/#\\\/schema\\\/person\\\/0943d6fd02bdc7b49c8f495e8787a2cb\"},\"headline\":\"Biden assina projeto de lei de infraestrutura ap\u00f3s meses de atraso em meio a lutas internas democratas\",\"datePublished\":\"2021-11-17T12:06:44+00:00\",\"dateModified\":\"2021-11-17T12:06:46+00:00\",\"mainEntityOfPage\":{\"@id\":\"https:\\\/\\\/diariodepe.com.br\\\/xinhua\\\/2021\\\/11\\\/17\\\/biden-assina-projeto-de-lei-de-infraestrutura-apos-meses-de-atraso-em-meio-a-lutas-internas-democratas\\\/\"},\"wordCount\":533,\"commentCount\":0,\"publisher\":{\"@id\":\"https:\\\/\\\/diariodepe.com.br\\\/xinhua\\\/#organization\"},\"articleSection\":[\"Internacional\"],\"inLanguage\":\"pt-BR\",\"potentialAction\":[{\"@type\":\"CommentAction\",\"name\":\"Comment\",\"target\":[\"https:\\\/\\\/diariodepe.com.br\\\/xinhua\\\/2021\\\/11\\\/17\\\/biden-assina-projeto-de-lei-de-infraestrutura-apos-meses-de-atraso-em-meio-a-lutas-internas-democratas\\\/#respond\"]}]},{\"@type\":\"WebPage\",\"@id\":\"https:\\\/\\\/diariodepe.com.br\\\/xinhua\\\/2021\\\/11\\\/17\\\/biden-assina-projeto-de-lei-de-infraestrutura-apos-meses-de-atraso-em-meio-a-lutas-internas-democratas\\\/\",\"url\":\"https:\\\/\\\/diariodepe.com.br\\\/xinhua\\\/2021\\\/11\\\/17\\\/biden-assina-projeto-de-lei-de-infraestrutura-apos-meses-de-atraso-em-meio-a-lutas-internas-democratas\\\/\",\"name\":\"Biden assina projeto de lei de infraestrutura ap\u00f3s meses de atraso em meio a lutas internas democratas - Xinhua - Diario de Pernambuco\",\"isPartOf\":{\"@id\":\"https:\\\/\\\/diariodepe.com.br\\\/xinhua\\\/#website\"},\"datePublished\":\"2021-11-17T12:06:44+00:00\",\"dateModified\":\"2021-11-17T12:06:46+00:00\",\"breadcrumb\":{\"@id\":\"https:\\\/\\\/diariodepe.com.br\\\/xinhua\\\/2021\\\/11\\\/17\\\/biden-assina-projeto-de-lei-de-infraestrutura-apos-meses-de-atraso-em-meio-a-lutas-internas-democratas\\\/#breadcrumb\"},\"inLanguage\":\"pt-BR\",\"potentialAction\":[{\"@type\":\"ReadAction\",\"target\":[\"https:\\\/\\\/diariodepe.com.br\\\/xinhua\\\/2021\\\/11\\\/17\\\/biden-assina-projeto-de-lei-de-infraestrutura-apos-meses-de-atraso-em-meio-a-lutas-internas-democratas\\\/\"]}]},{\"@type\":\"BreadcrumbList\",\"@id\":\"https:\\\/\\\/diariodepe.com.br\\\/xinhua\\\/2021\\\/11\\\/17\\\/biden-assina-projeto-de-lei-de-infraestrutura-apos-meses-de-atraso-em-meio-a-lutas-internas-democratas\\\/#breadcrumb\",\"itemListElement\":[{\"@type\":\"ListItem\",\"position\":1,\"name\":\"In\u00edcio\",\"item\":\"https:\\\/\\\/diariodepe.com.br\\\/xinhua\\\/\"},{\"@type\":\"ListItem\",\"position\":2,\"name\":\"Biden assina projeto de lei de infraestrutura ap\u00f3s meses de atraso em meio a lutas internas democratas\"}]},{\"@type\":\"WebSite\",\"@id\":\"https:\\\/\\\/diariodepe.com.br\\\/xinhua\\\/#website\",\"url\":\"https:\\\/\\\/diariodepe.com.br\\\/xinhua\\\/\",\"name\":\"Xinhua - Diario de Pernambuco\",\"description\":\"A maior ag\u00eancia de not\u00edcias da China e um dos principais canais para conhecer o pa\u00eds\",\"publisher\":{\"@id\":\"https:\\\/\\\/diariodepe.com.br\\\/xinhua\\\/#organization\"},\"potentialAction\":[{\"@type\":\"SearchAction\",\"target\":{\"@type\":\"EntryPoint\",\"urlTemplate\":\"https:\\\/\\\/diariodepe.com.br\\\/xinhua\\\/?s={search_term_string}\"},\"query-input\":{\"@type\":\"PropertyValueSpecification\",\"valueRequired\":true,\"valueName\":\"search_term_string\"}}],\"inLanguage\":\"pt-BR\"},{\"@type\":\"Organization\",\"@id\":\"https:\\\/\\\/diariodepe.com.br\\\/xinhua\\\/#organization\",\"name\":\"Xinhua - Diario de Pernambuco\",\"url\":\"https:\\\/\\\/diariodepe.com.br\\\/xinhua\\\/\",\"logo\":{\"@type\":\"ImageObject\",\"inLanguage\":\"pt-BR\",\"@id\":\"https:\\\/\\\/diariodepe.com.br\\\/xinhua\\\/#\\\/schema\\\/logo\\\/image\\\/\",\"url\":\"https:\\\/\\\/diariodepe.com.br\\\/xinhua\\\/wp-content\\\/uploads\\\/sites\\\/3\\\/2020\\\/10\\\/cropped-logo-transparente-2.png\",\"contentUrl\":\"https:\\\/\\\/diariodepe.com.br\\\/xinhua\\\/wp-content\\\/uploads\\\/sites\\\/3\\\/2020\\\/10\\\/cropped-logo-transparente-2.png\",\"width\":512,\"height\":164,\"caption\":\"Xinhua - Diario de Pernambuco\"},\"image\":{\"@id\":\"https:\\\/\\\/diariodepe.com.br\\\/xinhua\\\/#\\\/schema\\\/logo\\\/image\\\/\"}},{\"@type\":\"Person\",\"@id\":\"https:\\\/\\\/diariodepe.com.br\\\/xinhua\\\/#\\\/schema\\\/person\\\/0943d6fd02bdc7b49c8f495e8787a2cb\",\"name\":\"Marcelo Oliveira de A. Maranhao\",\"image\":{\"@type\":\"ImageObject\",\"inLanguage\":\"pt-BR\",\"@id\":\"https:\\\/\\\/secure.gravatar.com\\\/avatar\\\/f562caee940d39879c20e90eea3e4b21860c7d4c96684c23141c554824f0059c?s=96&d=mm&r=g\",\"url\":\"https:\\\/\\\/secure.gravatar.com\\\/avatar\\\/f562caee940d39879c20e90eea3e4b21860c7d4c96684c23141c554824f0059c?s=96&d=mm&r=g\",\"contentUrl\":\"https:\\\/\\\/secure.gravatar.com\\\/avatar\\\/f562caee940d39879c20e90eea3e4b21860c7d4c96684c23141c554824f0059c?s=96&d=mm&r=g\",\"caption\":\"Marcelo Oliveira de A. Maranhao\"},\"url\":\"https:\\\/\\\/diariodepe.com.br\\\/xinhua\\\/author\\\/marcelo-maranhao\\\/\"}]}<\/script>\n<!-- \/ Yoast SEO plugin. -->","yoast_head_json":{"title":"Biden assina projeto de lei de infraestrutura ap\u00f3s meses de atraso em meio a lutas internas democratas - Xinhua - Diario de Pernambuco","robots":{"index":"index","follow":"follow","max-snippet":"max-snippet:-1","max-image-preview":"max-image-preview:large","max-video-preview":"max-video-preview:-1"},"canonical":"https:\/\/diariodepe.com.br\/xinhua\/2021\/11\/17\/biden-assina-projeto-de-lei-de-infraestrutura-apos-meses-de-atraso-em-meio-a-lutas-internas-democratas\/","og_locale":"pt_BR","og_type":"article","og_title":"Biden assina projeto de lei de infraestrutura ap\u00f3s meses de atraso em meio a lutas internas democratas - Xinhua - Diario de Pernambuco","og_description":"Washington &#8211; O presidente dos EUA, Joe Biden, sancionou na segunda-feira uma lei de infraestrutura bipartid\u00e1ria de 1 trilh\u00e3o de d\u00f3lares americanos ap\u00f3s meses de atraso em meio a brigas internas democratas por um pacote de gastos sociais. &#8220;Aqui em...","og_url":"https:\/\/diariodepe.com.br\/xinhua\/2021\/11\/17\/biden-assina-projeto-de-lei-de-infraestrutura-apos-meses-de-atraso-em-meio-a-lutas-internas-democratas\/","og_site_name":"Xinhua - Diario de Pernambuco","article_published_time":"2021-11-17T12:06:44+00:00","article_modified_time":"2021-11-17T12:06:46+00:00","author":"Marcelo Oliveira de A. Maranhao","twitter_card":"summary_large_image","twitter_misc":{"Escrito por":"Marcelo Oliveira de A. Maranhao","Est. tempo de leitura":"3 minutos"},"schema":{"@context":"https:\/\/schema.org","@graph":[{"@type":"Article","@id":"https:\/\/diariodepe.com.br\/xinhua\/2021\/11\/17\/biden-assina-projeto-de-lei-de-infraestrutura-apos-meses-de-atraso-em-meio-a-lutas-internas-democratas\/#article","isPartOf":{"@id":"https:\/\/diariodepe.com.br\/xinhua\/2021\/11\/17\/biden-assina-projeto-de-lei-de-infraestrutura-apos-meses-de-atraso-em-meio-a-lutas-internas-democratas\/"},"author":{"name":"Marcelo Oliveira de A. Maranhao","@id":"https:\/\/diariodepe.com.br\/xinhua\/#\/schema\/person\/0943d6fd02bdc7b49c8f495e8787a2cb"},"headline":"Biden assina projeto de lei de infraestrutura ap\u00f3s meses de atraso em meio a lutas internas democratas","datePublished":"2021-11-17T12:06:44+00:00","dateModified":"2021-11-17T12:06:46+00:00","mainEntityOfPage":{"@id":"https:\/\/diariodepe.com.br\/xinhua\/2021\/11\/17\/biden-assina-projeto-de-lei-de-infraestrutura-apos-meses-de-atraso-em-meio-a-lutas-internas-democratas\/"},"wordCount":533,"commentCount":0,"publisher":{"@id":"https:\/\/diariodepe.com.br\/xinhua\/#organization"},"articleSection":["Internacional"],"inLanguage":"pt-BR","potentialAction":[{"@type":"CommentAction","name":"Comment","target":["https:\/\/diariodepe.com.br\/xinhua\/2021\/11\/17\/biden-assina-projeto-de-lei-de-infraestrutura-apos-meses-de-atraso-em-meio-a-lutas-internas-democratas\/#respond"]}]},{"@type":"WebPage","@id":"https:\/\/diariodepe.com.br\/xinhua\/2021\/11\/17\/biden-assina-projeto-de-lei-de-infraestrutura-apos-meses-de-atraso-em-meio-a-lutas-internas-democratas\/","url":"https:\/\/diariodepe.com.br\/xinhua\/2021\/11\/17\/biden-assina-projeto-de-lei-de-infraestrutura-apos-meses-de-atraso-em-meio-a-lutas-internas-democratas\/","name":"Biden assina projeto de lei de infraestrutura ap\u00f3s meses de atraso em meio a lutas internas democratas - Xinhua - Diario de Pernambuco","isPartOf":{"@id":"https:\/\/diariodepe.com.br\/xinhua\/#website"},"datePublished":"2021-11-17T12:06:44+00:00","dateModified":"2021-11-17T12:06:46+00:00","breadcrumb":{"@id":"https:\/\/diariodepe.com.br\/xinhua\/2021\/11\/17\/biden-assina-projeto-de-lei-de-infraestrutura-apos-meses-de-atraso-em-meio-a-lutas-internas-democratas\/#breadcrumb"},"inLanguage":"pt-BR","potentialAction":[{"@type":"ReadAction","target":["https:\/\/diariodepe.com.br\/xinhua\/2021\/11\/17\/biden-assina-projeto-de-lei-de-infraestrutura-apos-meses-de-atraso-em-meio-a-lutas-internas-democratas\/"]}]},{"@type":"BreadcrumbList","@id":"https:\/\/diariodepe.com.br\/xinhua\/2021\/11\/17\/biden-assina-projeto-de-lei-de-infraestrutura-apos-meses-de-atraso-em-meio-a-lutas-internas-democratas\/#breadcrumb","itemListElement":[{"@type":"ListItem","position":1,"name":"In\u00edcio","item":"https:\/\/diariodepe.com.br\/xinhua\/"},{"@type":"ListItem","position":2,"name":"Biden assina projeto de lei de infraestrutura ap\u00f3s meses de atraso em meio a lutas internas democratas"}]},{"@type":"WebSite","@id":"https:\/\/diariodepe.com.br\/xinhua\/#website","url":"https:\/\/diariodepe.com.br\/xinhua\/","name":"Xinhua - Diario de Pernambuco","description":"A maior ag\u00eancia de not\u00edcias da China e um dos principais canais para conhecer o pa\u00eds","publisher":{"@id":"https:\/\/diariodepe.com.br\/xinhua\/#organization"},"potentialAction":[{"@type":"SearchAction","target":{"@type":"EntryPoint","urlTemplate":"https:\/\/diariodepe.com.br\/xinhua\/?s={search_term_string}"},"query-input":{"@type":"PropertyValueSpecification","valueRequired":true,"valueName":"search_term_string"}}],"inLanguage":"pt-BR"},{"@type":"Organization","@id":"https:\/\/diariodepe.com.br\/xinhua\/#organization","name":"Xinhua - Diario de Pernambuco","url":"https:\/\/diariodepe.com.br\/xinhua\/","logo":{"@type":"ImageObject","inLanguage":"pt-BR","@id":"https:\/\/diariodepe.com.br\/xinhua\/#\/schema\/logo\/image\/","url":"https:\/\/diariodepe.com.br\/xinhua\/wp-content\/uploads\/sites\/3\/2020\/10\/cropped-logo-transparente-2.png","contentUrl":"https:\/\/diariodepe.com.br\/xinhua\/wp-content\/uploads\/sites\/3\/2020\/10\/cropped-logo-transparente-2.png","width":512,"height":164,"caption":"Xinhua - Diario de Pernambuco"},"image":{"@id":"https:\/\/diariodepe.com.br\/xinhua\/#\/schema\/logo\/image\/"}},{"@type":"Person","@id":"https:\/\/diariodepe.com.br\/xinhua\/#\/schema\/person\/0943d6fd02bdc7b49c8f495e8787a2cb","name":"Marcelo Oliveira de A. Maranhao","image":{"@type":"ImageObject","inLanguage":"pt-BR","@id":"https:\/\/secure.gravatar.com\/avatar\/f562caee940d39879c20e90eea3e4b21860c7d4c96684c23141c554824f0059c?s=96&d=mm&r=g","url":"https:\/\/secure.gravatar.com\/avatar\/f562caee940d39879c20e90eea3e4b21860c7d4c96684c23141c554824f0059c?s=96&d=mm&r=g","contentUrl":"https:\/\/secure.gravatar.com\/avatar\/f562caee940d39879c20e90eea3e4b21860c7d4c96684c23141c554824f0059c?s=96&d=mm&r=g","caption":"Marcelo Oliveira de A. Maranhao"},"url":"https:\/\/diariodepe.com.br\/xinhua\/author\/marcelo-maranhao\/"}]}},"cc_featured_image_caption":{"caption_text":"","source_text":"","source_url":""},"amp_enabled":true,"_links":{"self":[{"href":"https:\/\/diariodepe.com.br\/xinhua\/wp-json\/wp\/v2\/posts\/3974","targetHints":{"allow":["GET"]}}],"collection":[{"href":"https:\/\/diariodepe.com.br\/xinhua\/wp-json\/wp\/v2\/posts"}],"about":[{"href":"https:\/\/diariodepe.com.br\/xinhua\/wp-json\/wp\/v2\/types\/post"}],"author":[{"embeddable":true,"href":"https:\/\/diariodepe.com.br\/xinhua\/wp-json\/wp\/v2\/users\/3"}],"replies":[{"embeddable":true,"href":"https:\/\/diariodepe.com.br\/xinhua\/wp-json\/wp\/v2\/comments?post=3974"}],"version-history":[{"count":1,"href":"https:\/\/diariodepe.com.br\/xinhua\/wp-json\/wp\/v2\/posts\/3974\/revisions"}],"predecessor-version":[{"id":3975,"href":"https:\/\/diariodepe.com.br\/xinhua\/wp-json\/wp\/v2\/posts\/3974\/revisions\/3975"}],"wp:attachment":[{"href":"https:\/\/diariodepe.com.br\/xinhua\/wp-json\/wp\/v2\/media?parent=3974"}],"wp:term":[{"taxonomy":"category","embeddable":true,"href":"https:\/\/diariodepe.com.br\/xinhua\/wp-json\/wp\/v2\/categories?post=3974"},{"taxonomy":"post_tag","embeddable":true,"href":"https:\/\/diariodepe.com.br\/xinhua\/wp-json\/wp\/v2\/tags?post=3974"}],"curies":[{"name":"wp","href":"https:\/\/api.w.org\/{rel}","templated":true}]}}