{"id":3911,"date":"2021-11-12T09:15:54","date_gmt":"2021-11-12T12:15:54","guid":{"rendered":"http:\/\/www.diariodepe.com.br\/xinhua\/?p=3911"},"modified":"2021-11-12T09:15:56","modified_gmt":"2021-11-12T12:15:56","slug":"china-e-eua-emitem-declaracao-conjunta-sobre-aumento-da-acao-climatica","status":"publish","type":"post","link":"https:\/\/diariodepe.com.br\/xinhua\/2021\/11\/12\/china-e-eua-emitem-declaracao-conjunta-sobre-aumento-da-acao-climatica\/","title":{"rendered":"China e EUA emitem declara\u00e7\u00e3o conjunta sobre aumento da a\u00e7\u00e3o clim\u00e1tica"},"content":{"rendered":"\n<p>Glasgow, Gr\u00e3-Bretanha &#8212; China e Estados Unidos divulgaram nesta quarta-feira a Declara\u00e7\u00e3o Conjunta de Glasgow China-EUA sobre o Aprimoramento da A\u00e7\u00e3o Clim\u00e1tica na D\u00e9cada de 2020 na atual 26\u00aa sess\u00e3o da Confer\u00eancia das Partes (COP26) da Conven\u00e7\u00e3o-Quadro das Na\u00e7\u00f5es Unidas sobre Mudan\u00e7as Clim\u00e1ticas.<\/p>\n\n\n\n<p>Observando que reconheceram ainda mais a gravidade e a urg\u00eancia da crise clim\u00e1tica, os dois pa\u00edses disseram na declara\u00e7\u00e3o que est\u00e3o comprometidos a enfrentar a crise atrav\u00e9s de suas respectivas a\u00e7\u00f5es aceleradas na d\u00e9cada cr\u00edtica de 2020, bem como atrav\u00e9s da coopera\u00e7\u00e3o em processos multilaterais, incluindo o processo da UNFCCC (Conven\u00e7\u00e3o-Quadro das Na\u00e7\u00f5es Unidas sobre Mudan\u00e7as Clim\u00e1ticas), para evitar impactos catastr\u00f3ficos.<\/p>\n\n\n\n<p>Os dois lados tamb\u00e9m enfatizaram a import\u00e2ncia vital de fechar a lacuna entre os esfor\u00e7os que est\u00e3o sendo feitos ao redor do mundo e aqueles que precisam ser tomados para atingir os objetivos do Acordo de Paris.<\/p>\n\n\n\n<p>Eles declararam sua inten\u00e7\u00e3o de trabalhar individualmente, em conjunto e com outros pa\u00edses, de acordo com as diferentes circunst\u00e2ncias nacionais, para fortalecer e acelerar a a\u00e7\u00e3o e coopera\u00e7\u00e3o clim\u00e1tica com o objetivo de fechar a lacuna, incluindo a acelera\u00e7\u00e3o da transi\u00e7\u00e3o verde e com baixo teor de carbono e a inova\u00e7\u00e3o tecnol\u00f3gica clim\u00e1tica.<\/p>\n\n\n\n<p>Nesse aspecto, seus campos de coopera\u00e7\u00e3o pretendidos incluem marcos regulat\u00f3rios e normas ambientais relacionadas \u00e0 redu\u00e7\u00e3o das emiss\u00f5es de gases de efeito estufa na d\u00e9cada de 2020, maximiza\u00e7\u00e3o dos benef\u00edcios sociais da transi\u00e7\u00e3o energ\u00e9tica limpa, pol\u00edticas de incentivo \u00e0 descarboniza\u00e7\u00e3o e eletrifica\u00e7\u00e3o de setores de uso final, bem como \u00e1reas-chave relacionadas \u00e0 economia circular, como a projeta\u00e7\u00e3o verde e a utiliza\u00e7\u00e3o de recursos renov\u00e1veis.<\/p>\n\n\n\n<p>Reconhecendo especificamente o papel significativo que as emiss\u00f5es de metano desempenham no aumento das temperaturas, ambos os pa\u00edses consideraram o aumento da a\u00e7\u00e3o para controlar e reduzir essas emiss\u00f5es como uma quest\u00e3o de necessidade na d\u00e9cada de 2020.<\/p>\n\n\n\n<p>Por outro lado, para reduzir as emiss\u00f5es de CO2, os dois pa\u00edses disseram que pretendem cooperar em \u00e1reas como pol\u00edticas que apoiam a integra\u00e7\u00e3o efetiva de altas partes da energia renov\u00e1vel intermitente de baixo custo, pol\u00edticas de transmiss\u00e3o que incentivam o equil\u00edbrio eficiente da oferta e demanda de eletricidade em amplas geografias, pol\u00edticas de gera\u00e7\u00e3o distribu\u00edda que incentivam a integra\u00e7\u00e3o da energia solar, armazenamento e outras solu\u00e7\u00f5es de energia limpa mais pr\u00f3ximas aos usu\u00e1rios de eletricidade, bem como pol\u00edticas e padr\u00f5es de efici\u00eancia energ\u00e9tica para reduzir o desperd\u00edcio de eletricidade.<\/p>\n\n\n\n<p>Ambos os pa\u00edses reconheceram a import\u00e2ncia do compromisso assumido pelos pa\u00edses desenvolvidos com a meta de mobilizar conjuntamente US$ 100 bilh\u00f5es por ano at\u00e9 2020 e anualmente at\u00e9 2025 para atender \u00e0s necessidades dos pa\u00edses em desenvolvimento, no contexto de a\u00e7\u00f5es significativas de mitiga\u00e7\u00e3o e transpar\u00eancia na implementa\u00e7\u00e3o, e enfatizaram a import\u00e2ncia de atingir essa meta o mais r\u00e1pido poss\u00edvel.<\/p>\n\n\n\n<p>Com rela\u00e7\u00e3o \u00e0 COP26, ambos os pa\u00edses manifestaram apoio a um resultado ambicioso, equilibrado e inclusivo sobre mitiga\u00e7\u00e3o, adapta\u00e7\u00e3o e apoio.<\/p>\n\n\n\n<p>Os dois lados tamb\u00e9m concordaram em estabelecer um grupo de trabalho para melhorar a a\u00e7\u00e3o clim\u00e1tica na d\u00e9cada de 2020, que se reunir\u00e1 regularmente para enfrentar a crise clim\u00e1tica e fazer avan\u00e7ar o processo multilateral, concentrando-se no aprimoramento de a\u00e7\u00f5es concretas nesta d\u00e9cada.<\/p>\n\n\n\n<figure class=\"wp-block-image size-large\"><img fetchpriority=\"high\" decoding=\"async\" width=\"900\" height=\"600\" src=\"http:\/\/www.diariodepe.com.br\/xinhua\/wp-content\/uploads\/2021\/11\/1310306256_16366839225371n.jpg\" alt=\"\" class=\"wp-image-3913\" srcset=\"https:\/\/diariodepe.com.br\/xinhua\/wp-content\/uploads\/sites\/3\/2021\/11\/1310306256_16366839225371n.jpg 900w, https:\/\/diariodepe.com.br\/xinhua\/wp-content\/uploads\/sites\/3\/2021\/11\/1310306256_16366839225371n-300x200.jpg 300w, https:\/\/diariodepe.com.br\/xinhua\/wp-content\/uploads\/sites\/3\/2021\/11\/1310306256_16366839225371n-768x512.jpg 768w\" sizes=\"(max-width: 900px) 100vw, 900px\" \/><figcaption>Foto a\u00e9rea tirada em 3 de novembro de 2021 mostra uma usina de energia e\u00f3lica na vila de Luduo, no distrito de Baoying, em Yangzhou, Prov\u00edncia de Jiangsu, no leste da China. (Xinhua\/Li Bo)<br><\/figcaption><\/figure>\n\n\n\n<figure class=\"wp-block-image size-large\"><img decoding=\"async\" width=\"900\" height=\"570\" src=\"http:\/\/www.diariodepe.com.br\/xinhua\/wp-content\/uploads\/2021\/11\/1310306256_16366839225351n.jpg\" alt=\"\" class=\"wp-image-3914\" srcset=\"https:\/\/diariodepe.com.br\/xinhua\/wp-content\/uploads\/sites\/3\/2021\/11\/1310306256_16366839225351n.jpg 900w, https:\/\/diariodepe.com.br\/xinhua\/wp-content\/uploads\/sites\/3\/2021\/11\/1310306256_16366839225351n-300x190.jpg 300w, https:\/\/diariodepe.com.br\/xinhua\/wp-content\/uploads\/sites\/3\/2021\/11\/1310306256_16366839225351n-768x486.jpg 768w\" sizes=\"(max-width: 900px) 100vw, 900px\" \/><figcaption>Foto tirada em 9 de novembro de 2021 mostra um p\u00f4ster na 26\u00aa sess\u00e3o da Confer\u00eancia das Partes (COP26) da Conven\u00e7\u00e3o-Quadro das Na\u00e7\u00f5es Unidas sobre Mudan\u00e7as Clim\u00e1ticas em Glasgow, Esc\u00f3cia, Reino Unido. (Xinhua\/Han Yan)<br><\/figcaption><\/figure>\n","protected":false},"excerpt":{"rendered":"<p>Glasgow, Gr\u00e3-Bretanha &#8212; China e Estados Unidos divulgaram nesta quarta-feira a Declara\u00e7\u00e3o Conjunta de Glasgow China-EUA sobre o Aprimoramento da A\u00e7\u00e3o Clim\u00e1tica na D\u00e9cada de 2020 na atual 26\u00aa sess\u00e3o da Confer\u00eancia das Partes (COP26) da Conven\u00e7\u00e3o-Quadro das Na\u00e7\u00f5es Unidas&#8230;<\/p>\n","protected":false},"author":3,"featured_media":3912,"comment_status":"open","ping_status":"open","sticky":false,"template":"","format":"standard","meta":{"footnotes":""},"categories":[1],"tags":[],"class_list":["post-3911","post","type-post","status-publish","format-standard","has-post-thumbnail","hentry","category-geral"],"yoast_head":"<!-- This site is optimized with the Yoast SEO plugin v27.4 - https:\/\/yoast.com\/product\/yoast-seo-wordpress\/ -->\n<title>China e EUA emitem declara\u00e7\u00e3o conjunta sobre aumento da a\u00e7\u00e3o clim\u00e1tica - Xinhua - Diario de Pernambuco<\/title>\n<meta name=\"robots\" content=\"index, follow, max-snippet:-1, max-image-preview:large, max-video-preview:-1\" \/>\n<link rel=\"canonical\" href=\"https:\/\/diariodepe.com.br\/xinhua\/2021\/11\/12\/china-e-eua-emitem-declaracao-conjunta-sobre-aumento-da-acao-climatica\/\" \/>\n<meta property=\"og:locale\" content=\"pt_BR\" \/>\n<meta property=\"og:type\" content=\"article\" \/>\n<meta property=\"og:title\" content=\"China e EUA emitem declara\u00e7\u00e3o conjunta sobre aumento da a\u00e7\u00e3o clim\u00e1tica - Xinhua - Diario de Pernambuco\" \/>\n<meta property=\"og:description\" content=\"Glasgow, Gr\u00e3-Bretanha &#8212; China e Estados Unidos divulgaram nesta quarta-feira a Declara\u00e7\u00e3o Conjunta de Glasgow China-EUA sobre o Aprimoramento da A\u00e7\u00e3o Clim\u00e1tica na D\u00e9cada de 2020 na atual 26\u00aa sess\u00e3o da Confer\u00eancia das Partes (COP26) da Conven\u00e7\u00e3o-Quadro das Na\u00e7\u00f5es Unidas...\" \/>\n<meta property=\"og:url\" content=\"https:\/\/diariodepe.com.br\/xinhua\/2021\/11\/12\/china-e-eua-emitem-declaracao-conjunta-sobre-aumento-da-acao-climatica\/\" \/>\n<meta property=\"og:site_name\" content=\"Xinhua - Diario de Pernambuco\" \/>\n<meta property=\"article:published_time\" content=\"2021-11-12T12:15:54+00:00\" \/>\n<meta property=\"article:modified_time\" content=\"2021-11-12T12:15:56+00:00\" \/>\n<meta property=\"og:image\" content=\"https:\/\/diariodepe.com.br\/xinhua\/wp-content\/uploads\/sites\/3\/2021\/11\/1310306256_16366839225361n.jpg\" \/>\n\t<meta property=\"og:image:width\" content=\"900\" \/>\n\t<meta property=\"og:image:height\" content=\"600\" \/>\n\t<meta property=\"og:image:type\" content=\"image\/jpeg\" \/>\n<meta name=\"author\" content=\"Marcelo Oliveira de A. Maranhao\" \/>\n<meta name=\"twitter:card\" content=\"summary_large_image\" \/>\n<meta name=\"twitter:label1\" content=\"Escrito por\" \/>\n\t<meta name=\"twitter:data1\" content=\"Marcelo Oliveira de A. Maranhao\" \/>\n\t<meta name=\"twitter:label2\" content=\"Est. tempo de leitura\" \/>\n\t<meta name=\"twitter:data2\" content=\"3 minutos\" \/>\n<script type=\"application\/ld+json\" class=\"yoast-schema-graph\">{\"@context\":\"https:\\\/\\\/schema.org\",\"@graph\":[{\"@type\":\"Article\",\"@id\":\"https:\\\/\\\/diariodepe.com.br\\\/xinhua\\\/2021\\\/11\\\/12\\\/china-e-eua-emitem-declaracao-conjunta-sobre-aumento-da-acao-climatica\\\/#article\",\"isPartOf\":{\"@id\":\"https:\\\/\\\/diariodepe.com.br\\\/xinhua\\\/2021\\\/11\\\/12\\\/china-e-eua-emitem-declaracao-conjunta-sobre-aumento-da-acao-climatica\\\/\"},\"author\":{\"name\":\"Marcelo Oliveira de A. Maranhao\",\"@id\":\"https:\\\/\\\/diariodepe.com.br\\\/xinhua\\\/#\\\/schema\\\/person\\\/0943d6fd02bdc7b49c8f495e8787a2cb\"},\"headline\":\"China e EUA emitem declara\u00e7\u00e3o conjunta sobre aumento da a\u00e7\u00e3o clim\u00e1tica\",\"datePublished\":\"2021-11-12T12:15:54+00:00\",\"dateModified\":\"2021-11-12T12:15:56+00:00\",\"mainEntityOfPage\":{\"@id\":\"https:\\\/\\\/diariodepe.com.br\\\/xinhua\\\/2021\\\/11\\\/12\\\/china-e-eua-emitem-declaracao-conjunta-sobre-aumento-da-acao-climatica\\\/\"},\"wordCount\":694,\"commentCount\":0,\"publisher\":{\"@id\":\"https:\\\/\\\/diariodepe.com.br\\\/xinhua\\\/#organization\"},\"image\":{\"@id\":\"https:\\\/\\\/diariodepe.com.br\\\/xinhua\\\/2021\\\/11\\\/12\\\/china-e-eua-emitem-declaracao-conjunta-sobre-aumento-da-acao-climatica\\\/#primaryimage\"},\"thumbnailUrl\":\"https:\\\/\\\/diariodepe.com.br\\\/xinhua\\\/wp-content\\\/uploads\\\/sites\\\/3\\\/2021\\\/11\\\/1310306256_16366839225361n.jpg\",\"articleSection\":[\"Geral\"],\"inLanguage\":\"pt-BR\",\"potentialAction\":[{\"@type\":\"CommentAction\",\"name\":\"Comment\",\"target\":[\"https:\\\/\\\/diariodepe.com.br\\\/xinhua\\\/2021\\\/11\\\/12\\\/china-e-eua-emitem-declaracao-conjunta-sobre-aumento-da-acao-climatica\\\/#respond\"]}]},{\"@type\":\"WebPage\",\"@id\":\"https:\\\/\\\/diariodepe.com.br\\\/xinhua\\\/2021\\\/11\\\/12\\\/china-e-eua-emitem-declaracao-conjunta-sobre-aumento-da-acao-climatica\\\/\",\"url\":\"https:\\\/\\\/diariodepe.com.br\\\/xinhua\\\/2021\\\/11\\\/12\\\/china-e-eua-emitem-declaracao-conjunta-sobre-aumento-da-acao-climatica\\\/\",\"name\":\"China e EUA emitem declara\u00e7\u00e3o conjunta sobre aumento da a\u00e7\u00e3o clim\u00e1tica - Xinhua - Diario de Pernambuco\",\"isPartOf\":{\"@id\":\"https:\\\/\\\/diariodepe.com.br\\\/xinhua\\\/#website\"},\"primaryImageOfPage\":{\"@id\":\"https:\\\/\\\/diariodepe.com.br\\\/xinhua\\\/2021\\\/11\\\/12\\\/china-e-eua-emitem-declaracao-conjunta-sobre-aumento-da-acao-climatica\\\/#primaryimage\"},\"image\":{\"@id\":\"https:\\\/\\\/diariodepe.com.br\\\/xinhua\\\/2021\\\/11\\\/12\\\/china-e-eua-emitem-declaracao-conjunta-sobre-aumento-da-acao-climatica\\\/#primaryimage\"},\"thumbnailUrl\":\"https:\\\/\\\/diariodepe.com.br\\\/xinhua\\\/wp-content\\\/uploads\\\/sites\\\/3\\\/2021\\\/11\\\/1310306256_16366839225361n.jpg\",\"datePublished\":\"2021-11-12T12:15:54+00:00\",\"dateModified\":\"2021-11-12T12:15:56+00:00\",\"breadcrumb\":{\"@id\":\"https:\\\/\\\/diariodepe.com.br\\\/xinhua\\\/2021\\\/11\\\/12\\\/china-e-eua-emitem-declaracao-conjunta-sobre-aumento-da-acao-climatica\\\/#breadcrumb\"},\"inLanguage\":\"pt-BR\",\"potentialAction\":[{\"@type\":\"ReadAction\",\"target\":[\"https:\\\/\\\/diariodepe.com.br\\\/xinhua\\\/2021\\\/11\\\/12\\\/china-e-eua-emitem-declaracao-conjunta-sobre-aumento-da-acao-climatica\\\/\"]}]},{\"@type\":\"ImageObject\",\"inLanguage\":\"pt-BR\",\"@id\":\"https:\\\/\\\/diariodepe.com.br\\\/xinhua\\\/2021\\\/11\\\/12\\\/china-e-eua-emitem-declaracao-conjunta-sobre-aumento-da-acao-climatica\\\/#primaryimage\",\"url\":\"https:\\\/\\\/diariodepe.com.br\\\/xinhua\\\/wp-content\\\/uploads\\\/sites\\\/3\\\/2021\\\/11\\\/1310306256_16366839225361n.jpg\",\"contentUrl\":\"https:\\\/\\\/diariodepe.com.br\\\/xinhua\\\/wp-content\\\/uploads\\\/sites\\\/3\\\/2021\\\/11\\\/1310306256_16366839225361n.jpg\",\"width\":900,\"height\":600,\"caption\":\"Foto a\u00e9rea tirada em 7 de julho de 2021 mostra cidad\u00e3os caminhando no Parque Guanshanhu em Guiyang, capital da Prov\u00edncia de Guizhou, no sudoeste da China. (Xinhua\\\/Yang Wenbin)\"},{\"@type\":\"BreadcrumbList\",\"@id\":\"https:\\\/\\\/diariodepe.com.br\\\/xinhua\\\/2021\\\/11\\\/12\\\/china-e-eua-emitem-declaracao-conjunta-sobre-aumento-da-acao-climatica\\\/#breadcrumb\",\"itemListElement\":[{\"@type\":\"ListItem\",\"position\":1,\"name\":\"In\u00edcio\",\"item\":\"https:\\\/\\\/diariodepe.com.br\\\/xinhua\\\/\"},{\"@type\":\"ListItem\",\"position\":2,\"name\":\"China e EUA emitem declara\u00e7\u00e3o conjunta sobre aumento da a\u00e7\u00e3o clim\u00e1tica\"}]},{\"@type\":\"WebSite\",\"@id\":\"https:\\\/\\\/diariodepe.com.br\\\/xinhua\\\/#website\",\"url\":\"https:\\\/\\\/diariodepe.com.br\\\/xinhua\\\/\",\"name\":\"Xinhua - Diario de Pernambuco\",\"description\":\"A maior ag\u00eancia de not\u00edcias da China e um dos principais canais para conhecer o pa\u00eds\",\"publisher\":{\"@id\":\"https:\\\/\\\/diariodepe.com.br\\\/xinhua\\\/#organization\"},\"potentialAction\":[{\"@type\":\"SearchAction\",\"target\":{\"@type\":\"EntryPoint\",\"urlTemplate\":\"https:\\\/\\\/diariodepe.com.br\\\/xinhua\\\/?s={search_term_string}\"},\"query-input\":{\"@type\":\"PropertyValueSpecification\",\"valueRequired\":true,\"valueName\":\"search_term_string\"}}],\"inLanguage\":\"pt-BR\"},{\"@type\":\"Organization\",\"@id\":\"https:\\\/\\\/diariodepe.com.br\\\/xinhua\\\/#organization\",\"name\":\"Xinhua - Diario de Pernambuco\",\"url\":\"https:\\\/\\\/diariodepe.com.br\\\/xinhua\\\/\",\"logo\":{\"@type\":\"ImageObject\",\"inLanguage\":\"pt-BR\",\"@id\":\"https:\\\/\\\/diariodepe.com.br\\\/xinhua\\\/#\\\/schema\\\/logo\\\/image\\\/\",\"url\":\"https:\\\/\\\/diariodepe.com.br\\\/xinhua\\\/wp-content\\\/uploads\\\/sites\\\/3\\\/2020\\\/10\\\/cropped-logo-transparente-2.png\",\"contentUrl\":\"https:\\\/\\\/diariodepe.com.br\\\/xinhua\\\/wp-content\\\/uploads\\\/sites\\\/3\\\/2020\\\/10\\\/cropped-logo-transparente-2.png\",\"width\":512,\"height\":164,\"caption\":\"Xinhua - Diario de Pernambuco\"},\"image\":{\"@id\":\"https:\\\/\\\/diariodepe.com.br\\\/xinhua\\\/#\\\/schema\\\/logo\\\/image\\\/\"}},{\"@type\":\"Person\",\"@id\":\"https:\\\/\\\/diariodepe.com.br\\\/xinhua\\\/#\\\/schema\\\/person\\\/0943d6fd02bdc7b49c8f495e8787a2cb\",\"name\":\"Marcelo Oliveira de A. Maranhao\",\"image\":{\"@type\":\"ImageObject\",\"inLanguage\":\"pt-BR\",\"@id\":\"https:\\\/\\\/secure.gravatar.com\\\/avatar\\\/f562caee940d39879c20e90eea3e4b21860c7d4c96684c23141c554824f0059c?s=96&d=mm&r=g\",\"url\":\"https:\\\/\\\/secure.gravatar.com\\\/avatar\\\/f562caee940d39879c20e90eea3e4b21860c7d4c96684c23141c554824f0059c?s=96&d=mm&r=g\",\"contentUrl\":\"https:\\\/\\\/secure.gravatar.com\\\/avatar\\\/f562caee940d39879c20e90eea3e4b21860c7d4c96684c23141c554824f0059c?s=96&d=mm&r=g\",\"caption\":\"Marcelo Oliveira de A. Maranhao\"},\"url\":\"https:\\\/\\\/diariodepe.com.br\\\/xinhua\\\/author\\\/marcelo-maranhao\\\/\"}]}<\/script>\n<!-- \/ Yoast SEO plugin. -->","yoast_head_json":{"title":"China e EUA emitem declara\u00e7\u00e3o conjunta sobre aumento da a\u00e7\u00e3o clim\u00e1tica - Xinhua - Diario de Pernambuco","robots":{"index":"index","follow":"follow","max-snippet":"max-snippet:-1","max-image-preview":"max-image-preview:large","max-video-preview":"max-video-preview:-1"},"canonical":"https:\/\/diariodepe.com.br\/xinhua\/2021\/11\/12\/china-e-eua-emitem-declaracao-conjunta-sobre-aumento-da-acao-climatica\/","og_locale":"pt_BR","og_type":"article","og_title":"China e EUA emitem declara\u00e7\u00e3o conjunta sobre aumento da a\u00e7\u00e3o clim\u00e1tica - Xinhua - Diario de Pernambuco","og_description":"Glasgow, Gr\u00e3-Bretanha &#8212; China e Estados Unidos divulgaram nesta quarta-feira a Declara\u00e7\u00e3o Conjunta de Glasgow China-EUA sobre o Aprimoramento da A\u00e7\u00e3o Clim\u00e1tica na D\u00e9cada de 2020 na atual 26\u00aa sess\u00e3o da Confer\u00eancia das Partes (COP26) da Conven\u00e7\u00e3o-Quadro das Na\u00e7\u00f5es Unidas...","og_url":"https:\/\/diariodepe.com.br\/xinhua\/2021\/11\/12\/china-e-eua-emitem-declaracao-conjunta-sobre-aumento-da-acao-climatica\/","og_site_name":"Xinhua - Diario de Pernambuco","article_published_time":"2021-11-12T12:15:54+00:00","article_modified_time":"2021-11-12T12:15:56+00:00","og_image":[{"width":900,"height":600,"url":"https:\/\/diariodepe.com.br\/xinhua\/wp-content\/uploads\/sites\/3\/2021\/11\/1310306256_16366839225361n.jpg","type":"image\/jpeg"}],"author":"Marcelo Oliveira de A. Maranhao","twitter_card":"summary_large_image","twitter_misc":{"Escrito por":"Marcelo Oliveira de A. Maranhao","Est. tempo de leitura":"3 minutos"},"schema":{"@context":"https:\/\/schema.org","@graph":[{"@type":"Article","@id":"https:\/\/diariodepe.com.br\/xinhua\/2021\/11\/12\/china-e-eua-emitem-declaracao-conjunta-sobre-aumento-da-acao-climatica\/#article","isPartOf":{"@id":"https:\/\/diariodepe.com.br\/xinhua\/2021\/11\/12\/china-e-eua-emitem-declaracao-conjunta-sobre-aumento-da-acao-climatica\/"},"author":{"name":"Marcelo Oliveira de A. Maranhao","@id":"https:\/\/diariodepe.com.br\/xinhua\/#\/schema\/person\/0943d6fd02bdc7b49c8f495e8787a2cb"},"headline":"China e EUA emitem declara\u00e7\u00e3o conjunta sobre aumento da a\u00e7\u00e3o clim\u00e1tica","datePublished":"2021-11-12T12:15:54+00:00","dateModified":"2021-11-12T12:15:56+00:00","mainEntityOfPage":{"@id":"https:\/\/diariodepe.com.br\/xinhua\/2021\/11\/12\/china-e-eua-emitem-declaracao-conjunta-sobre-aumento-da-acao-climatica\/"},"wordCount":694,"commentCount":0,"publisher":{"@id":"https:\/\/diariodepe.com.br\/xinhua\/#organization"},"image":{"@id":"https:\/\/diariodepe.com.br\/xinhua\/2021\/11\/12\/china-e-eua-emitem-declaracao-conjunta-sobre-aumento-da-acao-climatica\/#primaryimage"},"thumbnailUrl":"https:\/\/diariodepe.com.br\/xinhua\/wp-content\/uploads\/sites\/3\/2021\/11\/1310306256_16366839225361n.jpg","articleSection":["Geral"],"inLanguage":"pt-BR","potentialAction":[{"@type":"CommentAction","name":"Comment","target":["https:\/\/diariodepe.com.br\/xinhua\/2021\/11\/12\/china-e-eua-emitem-declaracao-conjunta-sobre-aumento-da-acao-climatica\/#respond"]}]},{"@type":"WebPage","@id":"https:\/\/diariodepe.com.br\/xinhua\/2021\/11\/12\/china-e-eua-emitem-declaracao-conjunta-sobre-aumento-da-acao-climatica\/","url":"https:\/\/diariodepe.com.br\/xinhua\/2021\/11\/12\/china-e-eua-emitem-declaracao-conjunta-sobre-aumento-da-acao-climatica\/","name":"China e EUA emitem declara\u00e7\u00e3o conjunta sobre aumento da a\u00e7\u00e3o clim\u00e1tica - Xinhua - Diario de Pernambuco","isPartOf":{"@id":"https:\/\/diariodepe.com.br\/xinhua\/#website"},"primaryImageOfPage":{"@id":"https:\/\/diariodepe.com.br\/xinhua\/2021\/11\/12\/china-e-eua-emitem-declaracao-conjunta-sobre-aumento-da-acao-climatica\/#primaryimage"},"image":{"@id":"https:\/\/diariodepe.com.br\/xinhua\/2021\/11\/12\/china-e-eua-emitem-declaracao-conjunta-sobre-aumento-da-acao-climatica\/#primaryimage"},"thumbnailUrl":"https:\/\/diariodepe.com.br\/xinhua\/wp-content\/uploads\/sites\/3\/2021\/11\/1310306256_16366839225361n.jpg","datePublished":"2021-11-12T12:15:54+00:00","dateModified":"2021-11-12T12:15:56+00:00","breadcrumb":{"@id":"https:\/\/diariodepe.com.br\/xinhua\/2021\/11\/12\/china-e-eua-emitem-declaracao-conjunta-sobre-aumento-da-acao-climatica\/#breadcrumb"},"inLanguage":"pt-BR","potentialAction":[{"@type":"ReadAction","target":["https:\/\/diariodepe.com.br\/xinhua\/2021\/11\/12\/china-e-eua-emitem-declaracao-conjunta-sobre-aumento-da-acao-climatica\/"]}]},{"@type":"ImageObject","inLanguage":"pt-BR","@id":"https:\/\/diariodepe.com.br\/xinhua\/2021\/11\/12\/china-e-eua-emitem-declaracao-conjunta-sobre-aumento-da-acao-climatica\/#primaryimage","url":"https:\/\/diariodepe.com.br\/xinhua\/wp-content\/uploads\/sites\/3\/2021\/11\/1310306256_16366839225361n.jpg","contentUrl":"https:\/\/diariodepe.com.br\/xinhua\/wp-content\/uploads\/sites\/3\/2021\/11\/1310306256_16366839225361n.jpg","width":900,"height":600,"caption":"Foto a\u00e9rea tirada em 7 de julho de 2021 mostra cidad\u00e3os caminhando no Parque Guanshanhu em Guiyang, capital da Prov\u00edncia de Guizhou, no sudoeste da China. (Xinhua\/Yang Wenbin)"},{"@type":"BreadcrumbList","@id":"https:\/\/diariodepe.com.br\/xinhua\/2021\/11\/12\/china-e-eua-emitem-declaracao-conjunta-sobre-aumento-da-acao-climatica\/#breadcrumb","itemListElement":[{"@type":"ListItem","position":1,"name":"In\u00edcio","item":"https:\/\/diariodepe.com.br\/xinhua\/"},{"@type":"ListItem","position":2,"name":"China e EUA emitem declara\u00e7\u00e3o conjunta sobre aumento da a\u00e7\u00e3o clim\u00e1tica"}]},{"@type":"WebSite","@id":"https:\/\/diariodepe.com.br\/xinhua\/#website","url":"https:\/\/diariodepe.com.br\/xinhua\/","name":"Xinhua - Diario de Pernambuco","description":"A maior ag\u00eancia de not\u00edcias da China e um dos principais canais para conhecer o pa\u00eds","publisher":{"@id":"https:\/\/diariodepe.com.br\/xinhua\/#organization"},"potentialAction":[{"@type":"SearchAction","target":{"@type":"EntryPoint","urlTemplate":"https:\/\/diariodepe.com.br\/xinhua\/?s={search_term_string}"},"query-input":{"@type":"PropertyValueSpecification","valueRequired":true,"valueName":"search_term_string"}}],"inLanguage":"pt-BR"},{"@type":"Organization","@id":"https:\/\/diariodepe.com.br\/xinhua\/#organization","name":"Xinhua - Diario de Pernambuco","url":"https:\/\/diariodepe.com.br\/xinhua\/","logo":{"@type":"ImageObject","inLanguage":"pt-BR","@id":"https:\/\/diariodepe.com.br\/xinhua\/#\/schema\/logo\/image\/","url":"https:\/\/diariodepe.com.br\/xinhua\/wp-content\/uploads\/sites\/3\/2020\/10\/cropped-logo-transparente-2.png","contentUrl":"https:\/\/diariodepe.com.br\/xinhua\/wp-content\/uploads\/sites\/3\/2020\/10\/cropped-logo-transparente-2.png","width":512,"height":164,"caption":"Xinhua - Diario de Pernambuco"},"image":{"@id":"https:\/\/diariodepe.com.br\/xinhua\/#\/schema\/logo\/image\/"}},{"@type":"Person","@id":"https:\/\/diariodepe.com.br\/xinhua\/#\/schema\/person\/0943d6fd02bdc7b49c8f495e8787a2cb","name":"Marcelo Oliveira de A. Maranhao","image":{"@type":"ImageObject","inLanguage":"pt-BR","@id":"https:\/\/secure.gravatar.com\/avatar\/f562caee940d39879c20e90eea3e4b21860c7d4c96684c23141c554824f0059c?s=96&d=mm&r=g","url":"https:\/\/secure.gravatar.com\/avatar\/f562caee940d39879c20e90eea3e4b21860c7d4c96684c23141c554824f0059c?s=96&d=mm&r=g","contentUrl":"https:\/\/secure.gravatar.com\/avatar\/f562caee940d39879c20e90eea3e4b21860c7d4c96684c23141c554824f0059c?s=96&d=mm&r=g","caption":"Marcelo Oliveira de A. Maranhao"},"url":"https:\/\/diariodepe.com.br\/xinhua\/author\/marcelo-maranhao\/"}]}},"cc_featured_image_caption":{"caption_text":"","source_text":"","source_url":""},"amp_enabled":true,"_links":{"self":[{"href":"https:\/\/diariodepe.com.br\/xinhua\/wp-json\/wp\/v2\/posts\/3911","targetHints":{"allow":["GET"]}}],"collection":[{"href":"https:\/\/diariodepe.com.br\/xinhua\/wp-json\/wp\/v2\/posts"}],"about":[{"href":"https:\/\/diariodepe.com.br\/xinhua\/wp-json\/wp\/v2\/types\/post"}],"author":[{"embeddable":true,"href":"https:\/\/diariodepe.com.br\/xinhua\/wp-json\/wp\/v2\/users\/3"}],"replies":[{"embeddable":true,"href":"https:\/\/diariodepe.com.br\/xinhua\/wp-json\/wp\/v2\/comments?post=3911"}],"version-history":[{"count":1,"href":"https:\/\/diariodepe.com.br\/xinhua\/wp-json\/wp\/v2\/posts\/3911\/revisions"}],"predecessor-version":[{"id":3915,"href":"https:\/\/diariodepe.com.br\/xinhua\/wp-json\/wp\/v2\/posts\/3911\/revisions\/3915"}],"wp:featuredmedia":[{"embeddable":true,"href":"https:\/\/diariodepe.com.br\/xinhua\/wp-json\/wp\/v2\/media\/3912"}],"wp:attachment":[{"href":"https:\/\/diariodepe.com.br\/xinhua\/wp-json\/wp\/v2\/media?parent=3911"}],"wp:term":[{"taxonomy":"category","embeddable":true,"href":"https:\/\/diariodepe.com.br\/xinhua\/wp-json\/wp\/v2\/categories?post=3911"},{"taxonomy":"post_tag","embeddable":true,"href":"https:\/\/diariodepe.com.br\/xinhua\/wp-json\/wp\/v2\/tags?post=3911"}],"curies":[{"name":"wp","href":"https:\/\/api.w.org\/{rel}","templated":true}]}}