{"id":3850,"date":"2021-11-09T14:30:00","date_gmt":"2021-11-09T17:30:00","guid":{"rendered":"http:\/\/www.diariodepe.com.br\/xinhua\/?p=3850"},"modified":"2021-11-09T08:45:47","modified_gmt":"2021-11-09T11:45:47","slug":"wuhan-no-centro-da-china-sediara-cop14-sobre-conservacao-e-uso-de-zonas-umidas","status":"publish","type":"post","link":"https:\/\/diariodepe.com.br\/xinhua\/2021\/11\/09\/wuhan-no-centro-da-china-sediara-cop14-sobre-conservacao-e-uso-de-zonas-umidas\/","title":{"rendered":"Wuhan no centro da China sediar\u00e1 COP14 sobre conserva\u00e7\u00e3o e uso de zonas \u00famidas"},"content":{"rendered":"\n<p>Beijing &#8212; A China sediar\u00e1 a 14\u00aa reuni\u00e3o da Confer\u00eancia das Partes Contratantes para a Conven\u00e7\u00e3o de Ramsar sobre Zonas \u00damidas (COP14) em Wuhan, capital da Prov\u00edncia de Hubei, no centro da China, informou nesta segunda-feira a Administra\u00e7\u00e3o Nacional de Florestas e Pastagens.<\/p>\n\n\n\n<p>O evento ser\u00e1 realizado de 21 a 29 de novembro.<\/p>\n\n\n\n<p>\u00c9 a primeira vez que a China sediar\u00e1 tal reuni\u00e3o, disse a Administra\u00e7\u00e3o.<\/p>\n\n\n\n<p>A Conven\u00e7\u00e3o de Ramsar sobre Zonas \u00damidas \u00e9 um tratado intergovernamental que fornece o quadro de a\u00e7\u00e3o nacional e coopera\u00e7\u00e3o internacional para a conserva\u00e7\u00e3o e o uso prudente das terras \u00famidas e seus recursos. A conven\u00e7\u00e3o tem 172 partes contratantes at\u00e9 agora.<\/p>\n\n\n\n<p>A cada tr\u00eas anos, seus representantes se re\u00fanem na COP, onde adotam decis\u00f5es sobre a administra\u00e7\u00e3o da conven\u00e7\u00e3o e orientam sua implementa\u00e7\u00e3o.<\/p>\n\n\n\n<p>Desde a ades\u00e3o ao tratado em 1992, a China tem tomado diversas a\u00e7\u00f5es para enfrentar desafios globais, como a diminui\u00e7\u00e3o da \u00e1rea \u00famida e a degrada\u00e7\u00e3o das fun\u00e7\u00f5es ecol\u00f3gicas.<\/p>\n\n\n\n<p>O pa\u00eds adotou uma s\u00e9rie de medidas com o objetivo de proteger as terras \u00famidas, incluindo a promo\u00e7\u00e3o da legisla\u00e7\u00e3o de prote\u00e7\u00e3o dessas terras, a implementa\u00e7\u00e3o de esquemas de prote\u00e7\u00e3o e restaura\u00e7\u00e3o de p\u00e2ntanos, designa\u00e7\u00e3o de terras \u00famidas de import\u00e2ncia internacional e a realiza\u00e7\u00e3o de pesquisas sobre este tipo de terreno.<\/p>\n\n\n\n<p>At\u00e9 agora, o pa\u00eds designou 64 terras \u00famidas de import\u00e2ncia internacional, 602 reservas naturais e 1.693 parques de terras \u00famidas, de acordo com a Administra\u00e7\u00e3o Nacional de Florestas e Pastagens.<\/p>\n","protected":false},"excerpt":{"rendered":"<p>Beijing &#8212; A China sediar\u00e1 a 14\u00aa reuni\u00e3o da Confer\u00eancia das Partes Contratantes para a Conven\u00e7\u00e3o de Ramsar sobre Zonas \u00damidas (COP14) em Wuhan, capital da Prov\u00edncia de Hubei, no centro da China, informou nesta segunda-feira a Administra\u00e7\u00e3o Nacional de&#8230;<\/p>\n","protected":false},"author":3,"featured_media":0,"comment_status":"open","ping_status":"open","sticky":false,"template":"","format":"standard","meta":{"footnotes":""},"categories":[1],"tags":[],"class_list":["post-3850","post","type-post","status-publish","format-standard","hentry","category-geral"],"yoast_head":"<!-- This site is optimized with the Yoast SEO plugin v27.4 - https:\/\/yoast.com\/product\/yoast-seo-wordpress\/ -->\n<title>Wuhan no centro da China sediar\u00e1 COP14 sobre conserva\u00e7\u00e3o e uso de zonas \u00famidas - Xinhua - Diario de Pernambuco<\/title>\n<meta name=\"robots\" content=\"index, follow, max-snippet:-1, max-image-preview:large, max-video-preview:-1\" \/>\n<link rel=\"canonical\" href=\"https:\/\/diariodepe.com.br\/xinhua\/2021\/11\/09\/wuhan-no-centro-da-china-sediara-cop14-sobre-conservacao-e-uso-de-zonas-umidas\/\" \/>\n<meta property=\"og:locale\" content=\"pt_BR\" \/>\n<meta property=\"og:type\" content=\"article\" \/>\n<meta property=\"og:title\" content=\"Wuhan no centro da China sediar\u00e1 COP14 sobre conserva\u00e7\u00e3o e uso de zonas \u00famidas - Xinhua - Diario de Pernambuco\" \/>\n<meta property=\"og:description\" content=\"Beijing &#8212; A China sediar\u00e1 a 14\u00aa reuni\u00e3o da Confer\u00eancia das Partes Contratantes para a Conven\u00e7\u00e3o de Ramsar sobre Zonas \u00damidas (COP14) em Wuhan, capital da Prov\u00edncia de Hubei, no centro da China, informou nesta segunda-feira a Administra\u00e7\u00e3o Nacional de...\" \/>\n<meta property=\"og:url\" content=\"https:\/\/diariodepe.com.br\/xinhua\/2021\/11\/09\/wuhan-no-centro-da-china-sediara-cop14-sobre-conservacao-e-uso-de-zonas-umidas\/\" \/>\n<meta property=\"og:site_name\" content=\"Xinhua - Diario de Pernambuco\" \/>\n<meta property=\"article:published_time\" content=\"2021-11-09T17:30:00+00:00\" \/>\n<meta name=\"author\" content=\"Marcelo Oliveira de A. Maranhao\" \/>\n<meta name=\"twitter:card\" content=\"summary_large_image\" \/>\n<meta name=\"twitter:label1\" content=\"Escrito por\" \/>\n\t<meta name=\"twitter:data1\" content=\"Marcelo Oliveira de A. Maranhao\" \/>\n\t<meta name=\"twitter:label2\" content=\"Est. tempo de leitura\" \/>\n\t<meta name=\"twitter:data2\" content=\"2 minutos\" \/>\n<script type=\"application\/ld+json\" class=\"yoast-schema-graph\">{\"@context\":\"https:\\\/\\\/schema.org\",\"@graph\":[{\"@type\":\"Article\",\"@id\":\"https:\\\/\\\/diariodepe.com.br\\\/xinhua\\\/2021\\\/11\\\/09\\\/wuhan-no-centro-da-china-sediara-cop14-sobre-conservacao-e-uso-de-zonas-umidas\\\/#article\",\"isPartOf\":{\"@id\":\"https:\\\/\\\/diariodepe.com.br\\\/xinhua\\\/2021\\\/11\\\/09\\\/wuhan-no-centro-da-china-sediara-cop14-sobre-conservacao-e-uso-de-zonas-umidas\\\/\"},\"author\":{\"name\":\"Marcelo Oliveira de A. Maranhao\",\"@id\":\"https:\\\/\\\/diariodepe.com.br\\\/xinhua\\\/#\\\/schema\\\/person\\\/0943d6fd02bdc7b49c8f495e8787a2cb\"},\"headline\":\"Wuhan no centro da China sediar\u00e1 COP14 sobre conserva\u00e7\u00e3o e uso de zonas \u00famidas\",\"datePublished\":\"2021-11-09T17:30:00+00:00\",\"mainEntityOfPage\":{\"@id\":\"https:\\\/\\\/diariodepe.com.br\\\/xinhua\\\/2021\\\/11\\\/09\\\/wuhan-no-centro-da-china-sediara-cop14-sobre-conservacao-e-uso-de-zonas-umidas\\\/\"},\"wordCount\":284,\"commentCount\":0,\"publisher\":{\"@id\":\"https:\\\/\\\/diariodepe.com.br\\\/xinhua\\\/#organization\"},\"articleSection\":[\"Geral\"],\"inLanguage\":\"pt-BR\",\"potentialAction\":[{\"@type\":\"CommentAction\",\"name\":\"Comment\",\"target\":[\"https:\\\/\\\/diariodepe.com.br\\\/xinhua\\\/2021\\\/11\\\/09\\\/wuhan-no-centro-da-china-sediara-cop14-sobre-conservacao-e-uso-de-zonas-umidas\\\/#respond\"]}]},{\"@type\":\"WebPage\",\"@id\":\"https:\\\/\\\/diariodepe.com.br\\\/xinhua\\\/2021\\\/11\\\/09\\\/wuhan-no-centro-da-china-sediara-cop14-sobre-conservacao-e-uso-de-zonas-umidas\\\/\",\"url\":\"https:\\\/\\\/diariodepe.com.br\\\/xinhua\\\/2021\\\/11\\\/09\\\/wuhan-no-centro-da-china-sediara-cop14-sobre-conservacao-e-uso-de-zonas-umidas\\\/\",\"name\":\"Wuhan no centro da China sediar\u00e1 COP14 sobre conserva\u00e7\u00e3o e uso de zonas \u00famidas - Xinhua - Diario de Pernambuco\",\"isPartOf\":{\"@id\":\"https:\\\/\\\/diariodepe.com.br\\\/xinhua\\\/#website\"},\"datePublished\":\"2021-11-09T17:30:00+00:00\",\"breadcrumb\":{\"@id\":\"https:\\\/\\\/diariodepe.com.br\\\/xinhua\\\/2021\\\/11\\\/09\\\/wuhan-no-centro-da-china-sediara-cop14-sobre-conservacao-e-uso-de-zonas-umidas\\\/#breadcrumb\"},\"inLanguage\":\"pt-BR\",\"potentialAction\":[{\"@type\":\"ReadAction\",\"target\":[\"https:\\\/\\\/diariodepe.com.br\\\/xinhua\\\/2021\\\/11\\\/09\\\/wuhan-no-centro-da-china-sediara-cop14-sobre-conservacao-e-uso-de-zonas-umidas\\\/\"]}]},{\"@type\":\"BreadcrumbList\",\"@id\":\"https:\\\/\\\/diariodepe.com.br\\\/xinhua\\\/2021\\\/11\\\/09\\\/wuhan-no-centro-da-china-sediara-cop14-sobre-conservacao-e-uso-de-zonas-umidas\\\/#breadcrumb\",\"itemListElement\":[{\"@type\":\"ListItem\",\"position\":1,\"name\":\"In\u00edcio\",\"item\":\"https:\\\/\\\/diariodepe.com.br\\\/xinhua\\\/\"},{\"@type\":\"ListItem\",\"position\":2,\"name\":\"Wuhan no centro da China sediar\u00e1 COP14 sobre conserva\u00e7\u00e3o e uso de zonas \u00famidas\"}]},{\"@type\":\"WebSite\",\"@id\":\"https:\\\/\\\/diariodepe.com.br\\\/xinhua\\\/#website\",\"url\":\"https:\\\/\\\/diariodepe.com.br\\\/xinhua\\\/\",\"name\":\"Xinhua - Diario de Pernambuco\",\"description\":\"A maior ag\u00eancia de not\u00edcias da China e um dos principais canais para conhecer o pa\u00eds\",\"publisher\":{\"@id\":\"https:\\\/\\\/diariodepe.com.br\\\/xinhua\\\/#organization\"},\"potentialAction\":[{\"@type\":\"SearchAction\",\"target\":{\"@type\":\"EntryPoint\",\"urlTemplate\":\"https:\\\/\\\/diariodepe.com.br\\\/xinhua\\\/?s={search_term_string}\"},\"query-input\":{\"@type\":\"PropertyValueSpecification\",\"valueRequired\":true,\"valueName\":\"search_term_string\"}}],\"inLanguage\":\"pt-BR\"},{\"@type\":\"Organization\",\"@id\":\"https:\\\/\\\/diariodepe.com.br\\\/xinhua\\\/#organization\",\"name\":\"Xinhua - Diario de Pernambuco\",\"url\":\"https:\\\/\\\/diariodepe.com.br\\\/xinhua\\\/\",\"logo\":{\"@type\":\"ImageObject\",\"inLanguage\":\"pt-BR\",\"@id\":\"https:\\\/\\\/diariodepe.com.br\\\/xinhua\\\/#\\\/schema\\\/logo\\\/image\\\/\",\"url\":\"https:\\\/\\\/diariodepe.com.br\\\/xinhua\\\/wp-content\\\/uploads\\\/sites\\\/3\\\/2020\\\/10\\\/cropped-logo-transparente-2.png\",\"contentUrl\":\"https:\\\/\\\/diariodepe.com.br\\\/xinhua\\\/wp-content\\\/uploads\\\/sites\\\/3\\\/2020\\\/10\\\/cropped-logo-transparente-2.png\",\"width\":512,\"height\":164,\"caption\":\"Xinhua - Diario de Pernambuco\"},\"image\":{\"@id\":\"https:\\\/\\\/diariodepe.com.br\\\/xinhua\\\/#\\\/schema\\\/logo\\\/image\\\/\"}},{\"@type\":\"Person\",\"@id\":\"https:\\\/\\\/diariodepe.com.br\\\/xinhua\\\/#\\\/schema\\\/person\\\/0943d6fd02bdc7b49c8f495e8787a2cb\",\"name\":\"Marcelo Oliveira de A. Maranhao\",\"image\":{\"@type\":\"ImageObject\",\"inLanguage\":\"pt-BR\",\"@id\":\"https:\\\/\\\/secure.gravatar.com\\\/avatar\\\/f562caee940d39879c20e90eea3e4b21860c7d4c96684c23141c554824f0059c?s=96&d=mm&r=g\",\"url\":\"https:\\\/\\\/secure.gravatar.com\\\/avatar\\\/f562caee940d39879c20e90eea3e4b21860c7d4c96684c23141c554824f0059c?s=96&d=mm&r=g\",\"contentUrl\":\"https:\\\/\\\/secure.gravatar.com\\\/avatar\\\/f562caee940d39879c20e90eea3e4b21860c7d4c96684c23141c554824f0059c?s=96&d=mm&r=g\",\"caption\":\"Marcelo Oliveira de A. Maranhao\"},\"url\":\"https:\\\/\\\/diariodepe.com.br\\\/xinhua\\\/author\\\/marcelo-maranhao\\\/\"}]}<\/script>\n<!-- \/ Yoast SEO plugin. -->","yoast_head_json":{"title":"Wuhan no centro da China sediar\u00e1 COP14 sobre conserva\u00e7\u00e3o e uso de zonas \u00famidas - Xinhua - Diario de Pernambuco","robots":{"index":"index","follow":"follow","max-snippet":"max-snippet:-1","max-image-preview":"max-image-preview:large","max-video-preview":"max-video-preview:-1"},"canonical":"https:\/\/diariodepe.com.br\/xinhua\/2021\/11\/09\/wuhan-no-centro-da-china-sediara-cop14-sobre-conservacao-e-uso-de-zonas-umidas\/","og_locale":"pt_BR","og_type":"article","og_title":"Wuhan no centro da China sediar\u00e1 COP14 sobre conserva\u00e7\u00e3o e uso de zonas \u00famidas - Xinhua - Diario de Pernambuco","og_description":"Beijing &#8212; A China sediar\u00e1 a 14\u00aa reuni\u00e3o da Confer\u00eancia das Partes Contratantes para a Conven\u00e7\u00e3o de Ramsar sobre Zonas \u00damidas (COP14) em Wuhan, capital da Prov\u00edncia de Hubei, no centro da China, informou nesta segunda-feira a Administra\u00e7\u00e3o Nacional de...","og_url":"https:\/\/diariodepe.com.br\/xinhua\/2021\/11\/09\/wuhan-no-centro-da-china-sediara-cop14-sobre-conservacao-e-uso-de-zonas-umidas\/","og_site_name":"Xinhua - Diario de Pernambuco","article_published_time":"2021-11-09T17:30:00+00:00","author":"Marcelo Oliveira de A. Maranhao","twitter_card":"summary_large_image","twitter_misc":{"Escrito por":"Marcelo Oliveira de A. Maranhao","Est. tempo de leitura":"2 minutos"},"schema":{"@context":"https:\/\/schema.org","@graph":[{"@type":"Article","@id":"https:\/\/diariodepe.com.br\/xinhua\/2021\/11\/09\/wuhan-no-centro-da-china-sediara-cop14-sobre-conservacao-e-uso-de-zonas-umidas\/#article","isPartOf":{"@id":"https:\/\/diariodepe.com.br\/xinhua\/2021\/11\/09\/wuhan-no-centro-da-china-sediara-cop14-sobre-conservacao-e-uso-de-zonas-umidas\/"},"author":{"name":"Marcelo Oliveira de A. Maranhao","@id":"https:\/\/diariodepe.com.br\/xinhua\/#\/schema\/person\/0943d6fd02bdc7b49c8f495e8787a2cb"},"headline":"Wuhan no centro da China sediar\u00e1 COP14 sobre conserva\u00e7\u00e3o e uso de zonas \u00famidas","datePublished":"2021-11-09T17:30:00+00:00","mainEntityOfPage":{"@id":"https:\/\/diariodepe.com.br\/xinhua\/2021\/11\/09\/wuhan-no-centro-da-china-sediara-cop14-sobre-conservacao-e-uso-de-zonas-umidas\/"},"wordCount":284,"commentCount":0,"publisher":{"@id":"https:\/\/diariodepe.com.br\/xinhua\/#organization"},"articleSection":["Geral"],"inLanguage":"pt-BR","potentialAction":[{"@type":"CommentAction","name":"Comment","target":["https:\/\/diariodepe.com.br\/xinhua\/2021\/11\/09\/wuhan-no-centro-da-china-sediara-cop14-sobre-conservacao-e-uso-de-zonas-umidas\/#respond"]}]},{"@type":"WebPage","@id":"https:\/\/diariodepe.com.br\/xinhua\/2021\/11\/09\/wuhan-no-centro-da-china-sediara-cop14-sobre-conservacao-e-uso-de-zonas-umidas\/","url":"https:\/\/diariodepe.com.br\/xinhua\/2021\/11\/09\/wuhan-no-centro-da-china-sediara-cop14-sobre-conservacao-e-uso-de-zonas-umidas\/","name":"Wuhan no centro da China sediar\u00e1 COP14 sobre conserva\u00e7\u00e3o e uso de zonas \u00famidas - Xinhua - Diario de Pernambuco","isPartOf":{"@id":"https:\/\/diariodepe.com.br\/xinhua\/#website"},"datePublished":"2021-11-09T17:30:00+00:00","breadcrumb":{"@id":"https:\/\/diariodepe.com.br\/xinhua\/2021\/11\/09\/wuhan-no-centro-da-china-sediara-cop14-sobre-conservacao-e-uso-de-zonas-umidas\/#breadcrumb"},"inLanguage":"pt-BR","potentialAction":[{"@type":"ReadAction","target":["https:\/\/diariodepe.com.br\/xinhua\/2021\/11\/09\/wuhan-no-centro-da-china-sediara-cop14-sobre-conservacao-e-uso-de-zonas-umidas\/"]}]},{"@type":"BreadcrumbList","@id":"https:\/\/diariodepe.com.br\/xinhua\/2021\/11\/09\/wuhan-no-centro-da-china-sediara-cop14-sobre-conservacao-e-uso-de-zonas-umidas\/#breadcrumb","itemListElement":[{"@type":"ListItem","position":1,"name":"In\u00edcio","item":"https:\/\/diariodepe.com.br\/xinhua\/"},{"@type":"ListItem","position":2,"name":"Wuhan no centro da China sediar\u00e1 COP14 sobre conserva\u00e7\u00e3o e uso de zonas \u00famidas"}]},{"@type":"WebSite","@id":"https:\/\/diariodepe.com.br\/xinhua\/#website","url":"https:\/\/diariodepe.com.br\/xinhua\/","name":"Xinhua - Diario de Pernambuco","description":"A maior ag\u00eancia de not\u00edcias da China e um dos principais canais para conhecer o pa\u00eds","publisher":{"@id":"https:\/\/diariodepe.com.br\/xinhua\/#organization"},"potentialAction":[{"@type":"SearchAction","target":{"@type":"EntryPoint","urlTemplate":"https:\/\/diariodepe.com.br\/xinhua\/?s={search_term_string}"},"query-input":{"@type":"PropertyValueSpecification","valueRequired":true,"valueName":"search_term_string"}}],"inLanguage":"pt-BR"},{"@type":"Organization","@id":"https:\/\/diariodepe.com.br\/xinhua\/#organization","name":"Xinhua - Diario de Pernambuco","url":"https:\/\/diariodepe.com.br\/xinhua\/","logo":{"@type":"ImageObject","inLanguage":"pt-BR","@id":"https:\/\/diariodepe.com.br\/xinhua\/#\/schema\/logo\/image\/","url":"https:\/\/diariodepe.com.br\/xinhua\/wp-content\/uploads\/sites\/3\/2020\/10\/cropped-logo-transparente-2.png","contentUrl":"https:\/\/diariodepe.com.br\/xinhua\/wp-content\/uploads\/sites\/3\/2020\/10\/cropped-logo-transparente-2.png","width":512,"height":164,"caption":"Xinhua - Diario de Pernambuco"},"image":{"@id":"https:\/\/diariodepe.com.br\/xinhua\/#\/schema\/logo\/image\/"}},{"@type":"Person","@id":"https:\/\/diariodepe.com.br\/xinhua\/#\/schema\/person\/0943d6fd02bdc7b49c8f495e8787a2cb","name":"Marcelo Oliveira de A. Maranhao","image":{"@type":"ImageObject","inLanguage":"pt-BR","@id":"https:\/\/secure.gravatar.com\/avatar\/f562caee940d39879c20e90eea3e4b21860c7d4c96684c23141c554824f0059c?s=96&d=mm&r=g","url":"https:\/\/secure.gravatar.com\/avatar\/f562caee940d39879c20e90eea3e4b21860c7d4c96684c23141c554824f0059c?s=96&d=mm&r=g","contentUrl":"https:\/\/secure.gravatar.com\/avatar\/f562caee940d39879c20e90eea3e4b21860c7d4c96684c23141c554824f0059c?s=96&d=mm&r=g","caption":"Marcelo Oliveira de A. Maranhao"},"url":"https:\/\/diariodepe.com.br\/xinhua\/author\/marcelo-maranhao\/"}]}},"cc_featured_image_caption":{"caption_text":"","source_text":"","source_url":""},"amp_enabled":true,"_links":{"self":[{"href":"https:\/\/diariodepe.com.br\/xinhua\/wp-json\/wp\/v2\/posts\/3850","targetHints":{"allow":["GET"]}}],"collection":[{"href":"https:\/\/diariodepe.com.br\/xinhua\/wp-json\/wp\/v2\/posts"}],"about":[{"href":"https:\/\/diariodepe.com.br\/xinhua\/wp-json\/wp\/v2\/types\/post"}],"author":[{"embeddable":true,"href":"https:\/\/diariodepe.com.br\/xinhua\/wp-json\/wp\/v2\/users\/3"}],"replies":[{"embeddable":true,"href":"https:\/\/diariodepe.com.br\/xinhua\/wp-json\/wp\/v2\/comments?post=3850"}],"version-history":[{"count":1,"href":"https:\/\/diariodepe.com.br\/xinhua\/wp-json\/wp\/v2\/posts\/3850\/revisions"}],"predecessor-version":[{"id":3851,"href":"https:\/\/diariodepe.com.br\/xinhua\/wp-json\/wp\/v2\/posts\/3850\/revisions\/3851"}],"wp:attachment":[{"href":"https:\/\/diariodepe.com.br\/xinhua\/wp-json\/wp\/v2\/media?parent=3850"}],"wp:term":[{"taxonomy":"category","embeddable":true,"href":"https:\/\/diariodepe.com.br\/xinhua\/wp-json\/wp\/v2\/categories?post=3850"},{"taxonomy":"post_tag","embeddable":true,"href":"https:\/\/diariodepe.com.br\/xinhua\/wp-json\/wp\/v2\/tags?post=3850"}],"curies":[{"name":"wp","href":"https:\/\/api.w.org\/{rel}","templated":true}]}}