{"id":3848,"date":"2021-11-09T08:42:16","date_gmt":"2021-11-09T11:42:16","guid":{"rendered":"http:\/\/www.diariodepe.com.br\/xinhua\/?p=3848"},"modified":"2021-11-09T08:42:18","modified_gmt":"2021-11-09T11:42:18","slug":"china-lidera-vendas-mundiais-de-veiculos-eletricos-a-bateria-no-terceiro-trimestre-diz-pesquisa","status":"publish","type":"post","link":"https:\/\/diariodepe.com.br\/xinhua\/2021\/11\/09\/china-lidera-vendas-mundiais-de-veiculos-eletricos-a-bateria-no-terceiro-trimestre-diz-pesquisa\/","title":{"rendered":"China lidera vendas mundiais de ve\u00edculos el\u00e9tricos a bateria no terceiro trimestre, diz pesquisa"},"content":{"rendered":"\n<p>Berlim &#8212; As vendas de ve\u00edculos el\u00e9tricos a bateria (BEV, na sigla em ingl\u00eas) aumentaram ano a ano 123% nos 14 principais mercados no terceiro trimestre de 2021, de acordo com um estudo publicado pelas empresas de consultoria PwC e Strategy&amp; na segunda-feira.<\/p>\n\n\n\n<p>A China &#8220;liderou o caminho&#8221; com 782 mil unidades de BEV vendidas no terceiro trimestre, um aumento de 190%. A participa\u00e7\u00e3o da China no mercado BEV mant\u00e9m seu &#8220;aumento constante&#8221;, disse o estudo.<\/p>\n\n\n\n<p>O crescimento das vendas desacelerou na Europa em rela\u00e7\u00e3o aos trimestres anteriores, disse. Os cinco maiores mercados europeus &#8211; Alemanha, Reino Unido, It\u00e1lia, Fran\u00e7a e Espanha &#8211; viram os novos registros de BEV aumentarem 53% anualmente no 3\u00ba trimestre.<\/p>\n\n\n\n<p>A participa\u00e7\u00e3o de mercado de todos os ve\u00edculos el\u00e9tricos na Europa, incluindo os h\u00edbridos plug-in (PHEVs) e h\u00edbridos, estava &#8220;se aproximando rapidamente&#8221; da paridade com os ve\u00edculos de combust\u00e3o. De acordo com o estudo, a participa\u00e7\u00e3o de mercado dos ve\u00edculos el\u00e9tricos nos cinco maiores mercados da Europa aumentou de 8% em 2019 para 38% atualmente.<\/p>\n\n\n\n<p>Nos EUA, a ascens\u00e3o dos ve\u00edculos el\u00e9tricos era &#8220;muito menos din\u00e2mica&#8221;, disse o estudo. Os motores a combust\u00e3o ainda foram a escolha de 91,6% dos compradores, enquanto os h\u00edbridos completos lideram a categoria de ve\u00edculos el\u00e9tricos com uma participa\u00e7\u00e3o de mercado de 5,1%.<\/p>\n\n\n\n<p>Na Alemanha, os h\u00edbridos ainda dominam o mercado com 16,6%, disse o estudo. A fim de reduzir as emiss\u00f5es de CO2, a compra de ve\u00edculos puramente el\u00e9tricos na Alemanha \u00e9 apoiada com um subs\u00eddio governamental de at\u00e9 9 mil euros (US$ 10.400).&nbsp;<\/p>\n","protected":false},"excerpt":{"rendered":"<p>Berlim &#8212; As vendas de ve\u00edculos el\u00e9tricos a bateria (BEV, na sigla em ingl\u00eas) aumentaram ano a ano 123% nos 14 principais mercados no terceiro trimestre de 2021, de acordo com um estudo publicado pelas empresas de consultoria PwC e&#8230;<\/p>\n","protected":false},"author":3,"featured_media":0,"comment_status":"open","ping_status":"open","sticky":false,"template":"","format":"standard","meta":{"footnotes":""},"categories":[5],"tags":[],"class_list":["post-3848","post","type-post","status-publish","format-standard","hentry","category-economia"],"yoast_head":"<!-- This site is optimized with the Yoast SEO plugin v27.4 - https:\/\/yoast.com\/product\/yoast-seo-wordpress\/ -->\n<title>China lidera vendas mundiais de ve\u00edculos el\u00e9tricos a bateria no terceiro trimestre, diz pesquisa - Xinhua - Diario de Pernambuco<\/title>\n<meta name=\"robots\" content=\"index, follow, max-snippet:-1, max-image-preview:large, max-video-preview:-1\" \/>\n<link rel=\"canonical\" href=\"https:\/\/diariodepe.com.br\/xinhua\/2021\/11\/09\/china-lidera-vendas-mundiais-de-veiculos-eletricos-a-bateria-no-terceiro-trimestre-diz-pesquisa\/\" \/>\n<meta property=\"og:locale\" content=\"pt_BR\" \/>\n<meta property=\"og:type\" content=\"article\" \/>\n<meta property=\"og:title\" content=\"China lidera vendas mundiais de ve\u00edculos el\u00e9tricos a bateria no terceiro trimestre, diz pesquisa - Xinhua - Diario de Pernambuco\" \/>\n<meta property=\"og:description\" content=\"Berlim &#8212; As vendas de ve\u00edculos el\u00e9tricos a bateria (BEV, na sigla em ingl\u00eas) aumentaram ano a ano 123% nos 14 principais mercados no terceiro trimestre de 2021, de acordo com um estudo publicado pelas empresas de consultoria PwC e...\" \/>\n<meta property=\"og:url\" content=\"https:\/\/diariodepe.com.br\/xinhua\/2021\/11\/09\/china-lidera-vendas-mundiais-de-veiculos-eletricos-a-bateria-no-terceiro-trimestre-diz-pesquisa\/\" \/>\n<meta property=\"og:site_name\" content=\"Xinhua - Diario de Pernambuco\" \/>\n<meta property=\"article:published_time\" content=\"2021-11-09T11:42:16+00:00\" \/>\n<meta property=\"article:modified_time\" content=\"2021-11-09T11:42:18+00:00\" \/>\n<meta name=\"author\" content=\"Marcelo Oliveira de A. Maranhao\" \/>\n<meta name=\"twitter:card\" content=\"summary_large_image\" \/>\n<meta name=\"twitter:label1\" content=\"Escrito por\" \/>\n\t<meta name=\"twitter:data1\" content=\"Marcelo Oliveira de A. Maranhao\" \/>\n\t<meta name=\"twitter:label2\" content=\"Est. tempo de leitura\" \/>\n\t<meta name=\"twitter:data2\" content=\"2 minutos\" \/>\n<script type=\"application\/ld+json\" class=\"yoast-schema-graph\">{\"@context\":\"https:\\\/\\\/schema.org\",\"@graph\":[{\"@type\":\"Article\",\"@id\":\"https:\\\/\\\/diariodepe.com.br\\\/xinhua\\\/2021\\\/11\\\/09\\\/china-lidera-vendas-mundiais-de-veiculos-eletricos-a-bateria-no-terceiro-trimestre-diz-pesquisa\\\/#article\",\"isPartOf\":{\"@id\":\"https:\\\/\\\/diariodepe.com.br\\\/xinhua\\\/2021\\\/11\\\/09\\\/china-lidera-vendas-mundiais-de-veiculos-eletricos-a-bateria-no-terceiro-trimestre-diz-pesquisa\\\/\"},\"author\":{\"name\":\"Marcelo Oliveira de A. Maranhao\",\"@id\":\"https:\\\/\\\/diariodepe.com.br\\\/xinhua\\\/#\\\/schema\\\/person\\\/0943d6fd02bdc7b49c8f495e8787a2cb\"},\"headline\":\"China lidera vendas mundiais de ve\u00edculos el\u00e9tricos a bateria no terceiro trimestre, diz pesquisa\",\"datePublished\":\"2021-11-09T11:42:16+00:00\",\"dateModified\":\"2021-11-09T11:42:18+00:00\",\"mainEntityOfPage\":{\"@id\":\"https:\\\/\\\/diariodepe.com.br\\\/xinhua\\\/2021\\\/11\\\/09\\\/china-lidera-vendas-mundiais-de-veiculos-eletricos-a-bateria-no-terceiro-trimestre-diz-pesquisa\\\/\"},\"wordCount\":289,\"commentCount\":0,\"publisher\":{\"@id\":\"https:\\\/\\\/diariodepe.com.br\\\/xinhua\\\/#organization\"},\"articleSection\":[\"Economia\"],\"inLanguage\":\"pt-BR\",\"potentialAction\":[{\"@type\":\"CommentAction\",\"name\":\"Comment\",\"target\":[\"https:\\\/\\\/diariodepe.com.br\\\/xinhua\\\/2021\\\/11\\\/09\\\/china-lidera-vendas-mundiais-de-veiculos-eletricos-a-bateria-no-terceiro-trimestre-diz-pesquisa\\\/#respond\"]}]},{\"@type\":\"WebPage\",\"@id\":\"https:\\\/\\\/diariodepe.com.br\\\/xinhua\\\/2021\\\/11\\\/09\\\/china-lidera-vendas-mundiais-de-veiculos-eletricos-a-bateria-no-terceiro-trimestre-diz-pesquisa\\\/\",\"url\":\"https:\\\/\\\/diariodepe.com.br\\\/xinhua\\\/2021\\\/11\\\/09\\\/china-lidera-vendas-mundiais-de-veiculos-eletricos-a-bateria-no-terceiro-trimestre-diz-pesquisa\\\/\",\"name\":\"China lidera vendas mundiais de ve\u00edculos el\u00e9tricos a bateria no terceiro trimestre, diz pesquisa - Xinhua - Diario de Pernambuco\",\"isPartOf\":{\"@id\":\"https:\\\/\\\/diariodepe.com.br\\\/xinhua\\\/#website\"},\"datePublished\":\"2021-11-09T11:42:16+00:00\",\"dateModified\":\"2021-11-09T11:42:18+00:00\",\"breadcrumb\":{\"@id\":\"https:\\\/\\\/diariodepe.com.br\\\/xinhua\\\/2021\\\/11\\\/09\\\/china-lidera-vendas-mundiais-de-veiculos-eletricos-a-bateria-no-terceiro-trimestre-diz-pesquisa\\\/#breadcrumb\"},\"inLanguage\":\"pt-BR\",\"potentialAction\":[{\"@type\":\"ReadAction\",\"target\":[\"https:\\\/\\\/diariodepe.com.br\\\/xinhua\\\/2021\\\/11\\\/09\\\/china-lidera-vendas-mundiais-de-veiculos-eletricos-a-bateria-no-terceiro-trimestre-diz-pesquisa\\\/\"]}]},{\"@type\":\"BreadcrumbList\",\"@id\":\"https:\\\/\\\/diariodepe.com.br\\\/xinhua\\\/2021\\\/11\\\/09\\\/china-lidera-vendas-mundiais-de-veiculos-eletricos-a-bateria-no-terceiro-trimestre-diz-pesquisa\\\/#breadcrumb\",\"itemListElement\":[{\"@type\":\"ListItem\",\"position\":1,\"name\":\"In\u00edcio\",\"item\":\"https:\\\/\\\/diariodepe.com.br\\\/xinhua\\\/\"},{\"@type\":\"ListItem\",\"position\":2,\"name\":\"China lidera vendas mundiais de ve\u00edculos el\u00e9tricos a bateria no terceiro trimestre, diz pesquisa\"}]},{\"@type\":\"WebSite\",\"@id\":\"https:\\\/\\\/diariodepe.com.br\\\/xinhua\\\/#website\",\"url\":\"https:\\\/\\\/diariodepe.com.br\\\/xinhua\\\/\",\"name\":\"Xinhua - Diario de Pernambuco\",\"description\":\"A maior ag\u00eancia de not\u00edcias da China e um dos principais canais para conhecer o pa\u00eds\",\"publisher\":{\"@id\":\"https:\\\/\\\/diariodepe.com.br\\\/xinhua\\\/#organization\"},\"potentialAction\":[{\"@type\":\"SearchAction\",\"target\":{\"@type\":\"EntryPoint\",\"urlTemplate\":\"https:\\\/\\\/diariodepe.com.br\\\/xinhua\\\/?s={search_term_string}\"},\"query-input\":{\"@type\":\"PropertyValueSpecification\",\"valueRequired\":true,\"valueName\":\"search_term_string\"}}],\"inLanguage\":\"pt-BR\"},{\"@type\":\"Organization\",\"@id\":\"https:\\\/\\\/diariodepe.com.br\\\/xinhua\\\/#organization\",\"name\":\"Xinhua - Diario de Pernambuco\",\"url\":\"https:\\\/\\\/diariodepe.com.br\\\/xinhua\\\/\",\"logo\":{\"@type\":\"ImageObject\",\"inLanguage\":\"pt-BR\",\"@id\":\"https:\\\/\\\/diariodepe.com.br\\\/xinhua\\\/#\\\/schema\\\/logo\\\/image\\\/\",\"url\":\"https:\\\/\\\/diariodepe.com.br\\\/xinhua\\\/wp-content\\\/uploads\\\/sites\\\/3\\\/2020\\\/10\\\/cropped-logo-transparente-2.png\",\"contentUrl\":\"https:\\\/\\\/diariodepe.com.br\\\/xinhua\\\/wp-content\\\/uploads\\\/sites\\\/3\\\/2020\\\/10\\\/cropped-logo-transparente-2.png\",\"width\":512,\"height\":164,\"caption\":\"Xinhua - Diario de Pernambuco\"},\"image\":{\"@id\":\"https:\\\/\\\/diariodepe.com.br\\\/xinhua\\\/#\\\/schema\\\/logo\\\/image\\\/\"}},{\"@type\":\"Person\",\"@id\":\"https:\\\/\\\/diariodepe.com.br\\\/xinhua\\\/#\\\/schema\\\/person\\\/0943d6fd02bdc7b49c8f495e8787a2cb\",\"name\":\"Marcelo Oliveira de A. Maranhao\",\"image\":{\"@type\":\"ImageObject\",\"inLanguage\":\"pt-BR\",\"@id\":\"https:\\\/\\\/secure.gravatar.com\\\/avatar\\\/f562caee940d39879c20e90eea3e4b21860c7d4c96684c23141c554824f0059c?s=96&d=mm&r=g\",\"url\":\"https:\\\/\\\/secure.gravatar.com\\\/avatar\\\/f562caee940d39879c20e90eea3e4b21860c7d4c96684c23141c554824f0059c?s=96&d=mm&r=g\",\"contentUrl\":\"https:\\\/\\\/secure.gravatar.com\\\/avatar\\\/f562caee940d39879c20e90eea3e4b21860c7d4c96684c23141c554824f0059c?s=96&d=mm&r=g\",\"caption\":\"Marcelo Oliveira de A. Maranhao\"},\"url\":\"https:\\\/\\\/diariodepe.com.br\\\/xinhua\\\/author\\\/marcelo-maranhao\\\/\"}]}<\/script>\n<!-- \/ Yoast SEO plugin. -->","yoast_head_json":{"title":"China lidera vendas mundiais de ve\u00edculos el\u00e9tricos a bateria no terceiro trimestre, diz pesquisa - Xinhua - Diario de Pernambuco","robots":{"index":"index","follow":"follow","max-snippet":"max-snippet:-1","max-image-preview":"max-image-preview:large","max-video-preview":"max-video-preview:-1"},"canonical":"https:\/\/diariodepe.com.br\/xinhua\/2021\/11\/09\/china-lidera-vendas-mundiais-de-veiculos-eletricos-a-bateria-no-terceiro-trimestre-diz-pesquisa\/","og_locale":"pt_BR","og_type":"article","og_title":"China lidera vendas mundiais de ve\u00edculos el\u00e9tricos a bateria no terceiro trimestre, diz pesquisa - Xinhua - Diario de Pernambuco","og_description":"Berlim &#8212; As vendas de ve\u00edculos el\u00e9tricos a bateria (BEV, na sigla em ingl\u00eas) aumentaram ano a ano 123% nos 14 principais mercados no terceiro trimestre de 2021, de acordo com um estudo publicado pelas empresas de consultoria PwC e...","og_url":"https:\/\/diariodepe.com.br\/xinhua\/2021\/11\/09\/china-lidera-vendas-mundiais-de-veiculos-eletricos-a-bateria-no-terceiro-trimestre-diz-pesquisa\/","og_site_name":"Xinhua - Diario de Pernambuco","article_published_time":"2021-11-09T11:42:16+00:00","article_modified_time":"2021-11-09T11:42:18+00:00","author":"Marcelo Oliveira de A. Maranhao","twitter_card":"summary_large_image","twitter_misc":{"Escrito por":"Marcelo Oliveira de A. Maranhao","Est. tempo de leitura":"2 minutos"},"schema":{"@context":"https:\/\/schema.org","@graph":[{"@type":"Article","@id":"https:\/\/diariodepe.com.br\/xinhua\/2021\/11\/09\/china-lidera-vendas-mundiais-de-veiculos-eletricos-a-bateria-no-terceiro-trimestre-diz-pesquisa\/#article","isPartOf":{"@id":"https:\/\/diariodepe.com.br\/xinhua\/2021\/11\/09\/china-lidera-vendas-mundiais-de-veiculos-eletricos-a-bateria-no-terceiro-trimestre-diz-pesquisa\/"},"author":{"name":"Marcelo Oliveira de A. Maranhao","@id":"https:\/\/diariodepe.com.br\/xinhua\/#\/schema\/person\/0943d6fd02bdc7b49c8f495e8787a2cb"},"headline":"China lidera vendas mundiais de ve\u00edculos el\u00e9tricos a bateria no terceiro trimestre, diz pesquisa","datePublished":"2021-11-09T11:42:16+00:00","dateModified":"2021-11-09T11:42:18+00:00","mainEntityOfPage":{"@id":"https:\/\/diariodepe.com.br\/xinhua\/2021\/11\/09\/china-lidera-vendas-mundiais-de-veiculos-eletricos-a-bateria-no-terceiro-trimestre-diz-pesquisa\/"},"wordCount":289,"commentCount":0,"publisher":{"@id":"https:\/\/diariodepe.com.br\/xinhua\/#organization"},"articleSection":["Economia"],"inLanguage":"pt-BR","potentialAction":[{"@type":"CommentAction","name":"Comment","target":["https:\/\/diariodepe.com.br\/xinhua\/2021\/11\/09\/china-lidera-vendas-mundiais-de-veiculos-eletricos-a-bateria-no-terceiro-trimestre-diz-pesquisa\/#respond"]}]},{"@type":"WebPage","@id":"https:\/\/diariodepe.com.br\/xinhua\/2021\/11\/09\/china-lidera-vendas-mundiais-de-veiculos-eletricos-a-bateria-no-terceiro-trimestre-diz-pesquisa\/","url":"https:\/\/diariodepe.com.br\/xinhua\/2021\/11\/09\/china-lidera-vendas-mundiais-de-veiculos-eletricos-a-bateria-no-terceiro-trimestre-diz-pesquisa\/","name":"China lidera vendas mundiais de ve\u00edculos el\u00e9tricos a bateria no terceiro trimestre, diz pesquisa - Xinhua - Diario de Pernambuco","isPartOf":{"@id":"https:\/\/diariodepe.com.br\/xinhua\/#website"},"datePublished":"2021-11-09T11:42:16+00:00","dateModified":"2021-11-09T11:42:18+00:00","breadcrumb":{"@id":"https:\/\/diariodepe.com.br\/xinhua\/2021\/11\/09\/china-lidera-vendas-mundiais-de-veiculos-eletricos-a-bateria-no-terceiro-trimestre-diz-pesquisa\/#breadcrumb"},"inLanguage":"pt-BR","potentialAction":[{"@type":"ReadAction","target":["https:\/\/diariodepe.com.br\/xinhua\/2021\/11\/09\/china-lidera-vendas-mundiais-de-veiculos-eletricos-a-bateria-no-terceiro-trimestre-diz-pesquisa\/"]}]},{"@type":"BreadcrumbList","@id":"https:\/\/diariodepe.com.br\/xinhua\/2021\/11\/09\/china-lidera-vendas-mundiais-de-veiculos-eletricos-a-bateria-no-terceiro-trimestre-diz-pesquisa\/#breadcrumb","itemListElement":[{"@type":"ListItem","position":1,"name":"In\u00edcio","item":"https:\/\/diariodepe.com.br\/xinhua\/"},{"@type":"ListItem","position":2,"name":"China lidera vendas mundiais de ve\u00edculos el\u00e9tricos a bateria no terceiro trimestre, diz pesquisa"}]},{"@type":"WebSite","@id":"https:\/\/diariodepe.com.br\/xinhua\/#website","url":"https:\/\/diariodepe.com.br\/xinhua\/","name":"Xinhua - Diario de Pernambuco","description":"A maior ag\u00eancia de not\u00edcias da China e um dos principais canais para conhecer o pa\u00eds","publisher":{"@id":"https:\/\/diariodepe.com.br\/xinhua\/#organization"},"potentialAction":[{"@type":"SearchAction","target":{"@type":"EntryPoint","urlTemplate":"https:\/\/diariodepe.com.br\/xinhua\/?s={search_term_string}"},"query-input":{"@type":"PropertyValueSpecification","valueRequired":true,"valueName":"search_term_string"}}],"inLanguage":"pt-BR"},{"@type":"Organization","@id":"https:\/\/diariodepe.com.br\/xinhua\/#organization","name":"Xinhua - Diario de Pernambuco","url":"https:\/\/diariodepe.com.br\/xinhua\/","logo":{"@type":"ImageObject","inLanguage":"pt-BR","@id":"https:\/\/diariodepe.com.br\/xinhua\/#\/schema\/logo\/image\/","url":"https:\/\/diariodepe.com.br\/xinhua\/wp-content\/uploads\/sites\/3\/2020\/10\/cropped-logo-transparente-2.png","contentUrl":"https:\/\/diariodepe.com.br\/xinhua\/wp-content\/uploads\/sites\/3\/2020\/10\/cropped-logo-transparente-2.png","width":512,"height":164,"caption":"Xinhua - Diario de Pernambuco"},"image":{"@id":"https:\/\/diariodepe.com.br\/xinhua\/#\/schema\/logo\/image\/"}},{"@type":"Person","@id":"https:\/\/diariodepe.com.br\/xinhua\/#\/schema\/person\/0943d6fd02bdc7b49c8f495e8787a2cb","name":"Marcelo Oliveira de A. Maranhao","image":{"@type":"ImageObject","inLanguage":"pt-BR","@id":"https:\/\/secure.gravatar.com\/avatar\/f562caee940d39879c20e90eea3e4b21860c7d4c96684c23141c554824f0059c?s=96&d=mm&r=g","url":"https:\/\/secure.gravatar.com\/avatar\/f562caee940d39879c20e90eea3e4b21860c7d4c96684c23141c554824f0059c?s=96&d=mm&r=g","contentUrl":"https:\/\/secure.gravatar.com\/avatar\/f562caee940d39879c20e90eea3e4b21860c7d4c96684c23141c554824f0059c?s=96&d=mm&r=g","caption":"Marcelo Oliveira de A. Maranhao"},"url":"https:\/\/diariodepe.com.br\/xinhua\/author\/marcelo-maranhao\/"}]}},"cc_featured_image_caption":{"caption_text":"","source_text":"","source_url":""},"amp_enabled":true,"_links":{"self":[{"href":"https:\/\/diariodepe.com.br\/xinhua\/wp-json\/wp\/v2\/posts\/3848","targetHints":{"allow":["GET"]}}],"collection":[{"href":"https:\/\/diariodepe.com.br\/xinhua\/wp-json\/wp\/v2\/posts"}],"about":[{"href":"https:\/\/diariodepe.com.br\/xinhua\/wp-json\/wp\/v2\/types\/post"}],"author":[{"embeddable":true,"href":"https:\/\/diariodepe.com.br\/xinhua\/wp-json\/wp\/v2\/users\/3"}],"replies":[{"embeddable":true,"href":"https:\/\/diariodepe.com.br\/xinhua\/wp-json\/wp\/v2\/comments?post=3848"}],"version-history":[{"count":1,"href":"https:\/\/diariodepe.com.br\/xinhua\/wp-json\/wp\/v2\/posts\/3848\/revisions"}],"predecessor-version":[{"id":3849,"href":"https:\/\/diariodepe.com.br\/xinhua\/wp-json\/wp\/v2\/posts\/3848\/revisions\/3849"}],"wp:attachment":[{"href":"https:\/\/diariodepe.com.br\/xinhua\/wp-json\/wp\/v2\/media?parent=3848"}],"wp:term":[{"taxonomy":"category","embeddable":true,"href":"https:\/\/diariodepe.com.br\/xinhua\/wp-json\/wp\/v2\/categories?post=3848"},{"taxonomy":"post_tag","embeddable":true,"href":"https:\/\/diariodepe.com.br\/xinhua\/wp-json\/wp\/v2\/tags?post=3848"}],"curies":[{"name":"wp","href":"https:\/\/api.w.org\/{rel}","templated":true}]}}