{"id":3823,"date":"2021-11-08T12:16:31","date_gmt":"2021-11-08T15:16:31","guid":{"rendered":"http:\/\/www.diariodepe.com.br\/xinhua\/?p=3823"},"modified":"2021-11-08T12:16:33","modified_gmt":"2021-11-08T15:16:33","slug":"com-infeccoes-aumentando-em-toda-europa-especialistas-pedem-mais-vacinas-e-medidas-de-prevencao","status":"publish","type":"post","link":"https:\/\/diariodepe.com.br\/xinhua\/2021\/11\/08\/com-infeccoes-aumentando-em-toda-europa-especialistas-pedem-mais-vacinas-e-medidas-de-prevencao\/","title":{"rendered":"Com infec\u00e7\u00f5es aumentando em toda Europa, especialistas pedem mais vacinas e medidas de preven\u00e7\u00e3o"},"content":{"rendered":"\n<p>Haia &#8211; Novas infec\u00e7\u00f5es por COVID-19 est\u00e3o surgindo na maioria dos pa\u00edses da Europa \u00e0 medida que o clima fica mais frio, gerando preocupa\u00e7\u00e3o de que o continente se tornou um epicentro da pandemia e levantando quest\u00f5es sobre como achatar o pico.<\/p>\n\n\n\n<p>Os especialistas est\u00e3o apelando aos pa\u00edses europeus para que adotem uma abordagem dupla, consistindo em altas taxas de vacina\u00e7\u00e3o e t\u00e1ticas de preven\u00e7\u00e3o cont\u00ednuas, como ventila\u00e7\u00e3o e uso de m\u00e1scara.<\/p>\n\n\n\n<p>Hans Kluge, diretor-regional da OMS para a Europa, alertou na quinta-feira que o ritmo atual de transmiss\u00e3o em toda a regi\u00e3o europeia &#8220;\u00e9 preocupante&#8221;.<\/p>\n\n\n\n<p>&#8220;Estamos, mais uma vez, no epicentro&#8221;, disse Kluge, alertando que se a Europa seguir sua trajet\u00f3ria atual, pode haver 500.000 mortes relacionadas ao COVID na regi\u00e3o at\u00e9 fevereiro. Na semana passada, a Europa e a \u00c1sia Central foram respons\u00e1veis \u200b\u200bpor quase metade das mortes por COVID-19 relatadas no mundo.<\/p>\n\n\n\n<p>EXPANDIR TAXA DE VACINA\u00c7\u00c3O<\/p>\n\n\n\n<p>Martin McKee, professor de Sa\u00fade P\u00fablica Europeia na Escola de Higiene e Medicina Tropical de Londres, disse \u00e0 Xinhua que a Europa precisa &#8220;aumentar as taxas de vacina\u00e7\u00e3o em todos os pa\u00edses, especialmente naqueles onde as taxas ainda s\u00e3o baixas&#8221;.<\/p>\n\n\n\n<p>De acordo com a mais recente ado\u00e7\u00e3o cumulativa na Uni\u00e3o Europeia (UE) e tr\u00eas pa\u00edses da Associa\u00e7\u00e3o Europeia de Livre Com\u00e9rcio, Isl\u00e2ndia, Liechtenstein e Noruega, publicada pelo Centro Europeu para Preven\u00e7\u00e3o e Controle de Doen\u00e7as, 75,7 por cento da popula\u00e7\u00e3o adulta est\u00e1 totalmente vacinada, enquanto 80,8 por cento tomaram pelo menos uma dose.<\/p>\n\n\n\n<p>A entrada da vacina\u00e7\u00e3o n\u00e3o est\u00e1 igualmente distribu\u00edda por toda a UE. Varia desde n\u00edveis elevados em condados como Portugal, Malta e Espanha, onde mais de 80 por cento dos adultos foram totalmente vacinados, at\u00e9 39,6 por cento e 26,5 por cento na Rom\u00e9nia e na Bulg\u00e1ria, respectivamente, que det\u00eam as taxas de vacina\u00e7\u00e3o menores entre adultos na UE.<\/p>\n\n\n\n<p>Rom\u00eania e Bulg\u00e1ria relataram esta semana o maior n\u00famero de mortos desde o in\u00edcio da pandemia.<\/p>\n\n\n\n<p>No entanto, mesmo os pa\u00edses com altas taxas de vacina\u00e7\u00e3o est\u00e3o relatando um alto n\u00famero de infec\u00e7\u00f5es. A Alemanha, onde 79,8 por cento da popula\u00e7\u00e3o adulta foi vacinada, registrou altos picos de casos, relatando 37.120 novas infec\u00e7\u00f5es na sexta-feira, j\u00e1 que as temperaturas mais frias levam a uma maior socializa\u00e7\u00e3o dentro de casa.<\/p>\n\n\n\n<p>Na Holanda, onde a vacina\u00e7\u00e3o de adultos atingiu 84,1 por cento, as novas infec\u00e7\u00f5es atingiram 10.000 em 24 horas de quarta a quinta-feira, a maior taxa desde 18 de julho.<\/p>\n\n\n\n<p>Para conter a propaga\u00e7\u00e3o do v\u00edrus, as taxas de vacina\u00e7\u00e3o atuais n\u00e3o s\u00e3o suficientes, mesmo entre os pa\u00edses da UE que alcan\u00e7aram altas taxas de vacina\u00e7\u00e3o, sugerem os especialistas.<\/p>\n\n\n\n<p>&#8220;Setenta por cento n\u00e3o chega nem perto do suficiente. Precisamos conseguir taxas de at\u00e9 95 por cento&#8221;, disse McKee \u00e0 Xinhua.<\/p>\n\n\n\n<p>O aumento das taxas de vacina\u00e7\u00e3o n\u00e3o \u00e9 a \u00fanica fonte de preocupa\u00e7\u00e3o. Lidar com a diminui\u00e7\u00e3o da imunidade tamb\u00e9m \u00e9 preocupante.<\/p>\n\n\n\n<p>&#8220;Tamb\u00e9m estamos come\u00e7ando a ver a imunidade diminuindo naqueles que foram vacinados primeiro e que ainda n\u00e3o receberam refor\u00e7o&#8221;, observou McKee.<\/p>\n\n\n\n<p>&#8220;O n\u00famero de pessoas que recusam absolutamente as vacinas \u00e9 muito pequeno. Um problema maior \u00e9 que muitas pessoas est\u00e3o encontrando dificuldades para obter as vacinas facilmente em muitos pa\u00edses. Precisamos tornar a obten\u00e7\u00e3o das vacinas o mais f\u00e1cil poss\u00edvel&#8221;, disse ele.<\/p>\n\n\n\n<p>MUDAN\u00c7A DE T\u00c1TICAS<\/p>\n\n\n\n<p>A Gr\u00e3-Bretanha e outros pa\u00edses da UE flexibilizaram amplamente as restri\u00e7\u00f5es ao distanciamento social durante o ver\u00e3o. Mas, conforme a quarta onda da pandemia est\u00e1 estourando na Europa, v\u00e1rios governos est\u00e3o impondo medidas para lidar com a mar\u00e9 de aumento do n\u00famero de infec\u00e7\u00f5es.<\/p>\n\n\n\n<p>Na Holanda, o governo interino instituiu novas regras de COVID-19, que incluem o uso obrigat\u00f3rio de m\u00e1scara em espa\u00e7os p\u00fablicos internos e uma recomenda\u00e7\u00e3o para trabalhar em casa, a partir de s\u00e1bado.<\/p>\n\n\n\n<p>Na B\u00e9lgica, onde 86 por cento da popula\u00e7\u00e3o adulta foi totalmente vacinada, o ministro da Sa\u00fade, Frank Vandenbroucke, pediu \u00e0s pessoas &#8220;que se preparem para trabalhar em casa&#8221;.<\/p>\n\n\n\n<p>Falando no programa de r\u00e1dio local &#8220;de Ochtend&#8221; na sexta-feira, o ministro da sa\u00fade belga advertiu &#8220;se esse aumento continuar, ultrapassaremos o n\u00famero cr\u00edtico de 500 pessoas em tratamento intensivo&#8221;.<\/p>\n\n\n\n<p>Para enfrentar o ritmo acelerado da pandemia na Europa, McKee alertou que &#8220;precisamos evitar depender apenas de vacinas&#8221;.<\/p>\n\n\n\n<p>Ecoando Kluge, que enfatizou que a Europa precisa mudar a t\u00e1tica de reagir aos surtos de COVID-19 para preveni-los, McKee disse: &#8220;A principal preocupa\u00e7\u00e3o \u00e9 que precisamos de uma estrat\u00e9gia de vacinar mais, que combina altas taxas de vacina\u00e7\u00e3o com mitiga\u00e7\u00f5es cont\u00ednuas, em particular, melhorar a ventila\u00e7\u00e3o e o uso de m\u00e1scaras faciais&#8221;.<\/p>\n\n\n\n<p>McKee alertou que a preocupa\u00e7\u00e3o est\u00e1 crescendo entre os especialistas de que uma nova muta\u00e7\u00e3o pode piorar a situa\u00e7\u00e3o.&nbsp;<\/p>\n","protected":false},"excerpt":{"rendered":"<p>Haia &#8211; Novas infec\u00e7\u00f5es por COVID-19 est\u00e3o surgindo na maioria dos pa\u00edses da Europa \u00e0 medida que o clima fica mais frio, gerando preocupa\u00e7\u00e3o de que o continente se tornou um epicentro da pandemia e levantando quest\u00f5es sobre como achatar&#8230;<\/p>\n","protected":false},"author":3,"featured_media":0,"comment_status":"open","ping_status":"open","sticky":false,"template":"","format":"standard","meta":{"footnotes":""},"categories":[4],"tags":[],"class_list":["post-3823","post","type-post","status-publish","format-standard","hentry","category-internacional"],"yoast_head":"<!-- This site is optimized with the Yoast SEO plugin v27.4 - https:\/\/yoast.com\/product\/yoast-seo-wordpress\/ -->\n<title>Com infec\u00e7\u00f5es aumentando em toda Europa, especialistas pedem mais vacinas e medidas de preven\u00e7\u00e3o - Xinhua - Diario de Pernambuco<\/title>\n<meta name=\"robots\" content=\"index, follow, max-snippet:-1, max-image-preview:large, max-video-preview:-1\" \/>\n<link rel=\"canonical\" href=\"https:\/\/diariodepe.com.br\/xinhua\/2021\/11\/08\/com-infeccoes-aumentando-em-toda-europa-especialistas-pedem-mais-vacinas-e-medidas-de-prevencao\/\" \/>\n<meta property=\"og:locale\" content=\"pt_BR\" \/>\n<meta property=\"og:type\" content=\"article\" \/>\n<meta property=\"og:title\" content=\"Com infec\u00e7\u00f5es aumentando em toda Europa, especialistas pedem mais vacinas e medidas de preven\u00e7\u00e3o - Xinhua - Diario de Pernambuco\" \/>\n<meta property=\"og:description\" content=\"Haia &#8211; Novas infec\u00e7\u00f5es por COVID-19 est\u00e3o surgindo na maioria dos pa\u00edses da Europa \u00e0 medida que o clima fica mais frio, gerando preocupa\u00e7\u00e3o de que o continente se tornou um epicentro da pandemia e levantando quest\u00f5es sobre como achatar...\" \/>\n<meta property=\"og:url\" content=\"https:\/\/diariodepe.com.br\/xinhua\/2021\/11\/08\/com-infeccoes-aumentando-em-toda-europa-especialistas-pedem-mais-vacinas-e-medidas-de-prevencao\/\" \/>\n<meta property=\"og:site_name\" content=\"Xinhua - Diario de Pernambuco\" \/>\n<meta property=\"article:published_time\" content=\"2021-11-08T15:16:31+00:00\" \/>\n<meta property=\"article:modified_time\" content=\"2021-11-08T15:16:33+00:00\" \/>\n<meta name=\"author\" content=\"Marcelo Oliveira de A. Maranhao\" \/>\n<meta name=\"twitter:card\" content=\"summary_large_image\" \/>\n<meta name=\"twitter:label1\" content=\"Escrito por\" \/>\n\t<meta name=\"twitter:data1\" content=\"Marcelo Oliveira de A. Maranhao\" \/>\n\t<meta name=\"twitter:label2\" content=\"Est. tempo de leitura\" \/>\n\t<meta name=\"twitter:data2\" content=\"4 minutos\" \/>\n<script type=\"application\/ld+json\" class=\"yoast-schema-graph\">{\"@context\":\"https:\\\/\\\/schema.org\",\"@graph\":[{\"@type\":\"Article\",\"@id\":\"https:\\\/\\\/diariodepe.com.br\\\/xinhua\\\/2021\\\/11\\\/08\\\/com-infeccoes-aumentando-em-toda-europa-especialistas-pedem-mais-vacinas-e-medidas-de-prevencao\\\/#article\",\"isPartOf\":{\"@id\":\"https:\\\/\\\/diariodepe.com.br\\\/xinhua\\\/2021\\\/11\\\/08\\\/com-infeccoes-aumentando-em-toda-europa-especialistas-pedem-mais-vacinas-e-medidas-de-prevencao\\\/\"},\"author\":{\"name\":\"Marcelo Oliveira de A. Maranhao\",\"@id\":\"https:\\\/\\\/diariodepe.com.br\\\/xinhua\\\/#\\\/schema\\\/person\\\/0943d6fd02bdc7b49c8f495e8787a2cb\"},\"headline\":\"Com infec\u00e7\u00f5es aumentando em toda Europa, especialistas pedem mais vacinas e medidas de preven\u00e7\u00e3o\",\"datePublished\":\"2021-11-08T15:16:31+00:00\",\"dateModified\":\"2021-11-08T15:16:33+00:00\",\"mainEntityOfPage\":{\"@id\":\"https:\\\/\\\/diariodepe.com.br\\\/xinhua\\\/2021\\\/11\\\/08\\\/com-infeccoes-aumentando-em-toda-europa-especialistas-pedem-mais-vacinas-e-medidas-de-prevencao\\\/\"},\"wordCount\":869,\"commentCount\":0,\"publisher\":{\"@id\":\"https:\\\/\\\/diariodepe.com.br\\\/xinhua\\\/#organization\"},\"articleSection\":[\"Internacional\"],\"inLanguage\":\"pt-BR\",\"potentialAction\":[{\"@type\":\"CommentAction\",\"name\":\"Comment\",\"target\":[\"https:\\\/\\\/diariodepe.com.br\\\/xinhua\\\/2021\\\/11\\\/08\\\/com-infeccoes-aumentando-em-toda-europa-especialistas-pedem-mais-vacinas-e-medidas-de-prevencao\\\/#respond\"]}]},{\"@type\":\"WebPage\",\"@id\":\"https:\\\/\\\/diariodepe.com.br\\\/xinhua\\\/2021\\\/11\\\/08\\\/com-infeccoes-aumentando-em-toda-europa-especialistas-pedem-mais-vacinas-e-medidas-de-prevencao\\\/\",\"url\":\"https:\\\/\\\/diariodepe.com.br\\\/xinhua\\\/2021\\\/11\\\/08\\\/com-infeccoes-aumentando-em-toda-europa-especialistas-pedem-mais-vacinas-e-medidas-de-prevencao\\\/\",\"name\":\"Com infec\u00e7\u00f5es aumentando em toda Europa, especialistas pedem mais vacinas e medidas de preven\u00e7\u00e3o - Xinhua - Diario de Pernambuco\",\"isPartOf\":{\"@id\":\"https:\\\/\\\/diariodepe.com.br\\\/xinhua\\\/#website\"},\"datePublished\":\"2021-11-08T15:16:31+00:00\",\"dateModified\":\"2021-11-08T15:16:33+00:00\",\"breadcrumb\":{\"@id\":\"https:\\\/\\\/diariodepe.com.br\\\/xinhua\\\/2021\\\/11\\\/08\\\/com-infeccoes-aumentando-em-toda-europa-especialistas-pedem-mais-vacinas-e-medidas-de-prevencao\\\/#breadcrumb\"},\"inLanguage\":\"pt-BR\",\"potentialAction\":[{\"@type\":\"ReadAction\",\"target\":[\"https:\\\/\\\/diariodepe.com.br\\\/xinhua\\\/2021\\\/11\\\/08\\\/com-infeccoes-aumentando-em-toda-europa-especialistas-pedem-mais-vacinas-e-medidas-de-prevencao\\\/\"]}]},{\"@type\":\"BreadcrumbList\",\"@id\":\"https:\\\/\\\/diariodepe.com.br\\\/xinhua\\\/2021\\\/11\\\/08\\\/com-infeccoes-aumentando-em-toda-europa-especialistas-pedem-mais-vacinas-e-medidas-de-prevencao\\\/#breadcrumb\",\"itemListElement\":[{\"@type\":\"ListItem\",\"position\":1,\"name\":\"In\u00edcio\",\"item\":\"https:\\\/\\\/diariodepe.com.br\\\/xinhua\\\/\"},{\"@type\":\"ListItem\",\"position\":2,\"name\":\"Com infec\u00e7\u00f5es aumentando em toda Europa, especialistas pedem mais vacinas e medidas de preven\u00e7\u00e3o\"}]},{\"@type\":\"WebSite\",\"@id\":\"https:\\\/\\\/diariodepe.com.br\\\/xinhua\\\/#website\",\"url\":\"https:\\\/\\\/diariodepe.com.br\\\/xinhua\\\/\",\"name\":\"Xinhua - Diario de Pernambuco\",\"description\":\"A maior ag\u00eancia de not\u00edcias da China e um dos principais canais para conhecer o pa\u00eds\",\"publisher\":{\"@id\":\"https:\\\/\\\/diariodepe.com.br\\\/xinhua\\\/#organization\"},\"potentialAction\":[{\"@type\":\"SearchAction\",\"target\":{\"@type\":\"EntryPoint\",\"urlTemplate\":\"https:\\\/\\\/diariodepe.com.br\\\/xinhua\\\/?s={search_term_string}\"},\"query-input\":{\"@type\":\"PropertyValueSpecification\",\"valueRequired\":true,\"valueName\":\"search_term_string\"}}],\"inLanguage\":\"pt-BR\"},{\"@type\":\"Organization\",\"@id\":\"https:\\\/\\\/diariodepe.com.br\\\/xinhua\\\/#organization\",\"name\":\"Xinhua - Diario de Pernambuco\",\"url\":\"https:\\\/\\\/diariodepe.com.br\\\/xinhua\\\/\",\"logo\":{\"@type\":\"ImageObject\",\"inLanguage\":\"pt-BR\",\"@id\":\"https:\\\/\\\/diariodepe.com.br\\\/xinhua\\\/#\\\/schema\\\/logo\\\/image\\\/\",\"url\":\"https:\\\/\\\/diariodepe.com.br\\\/xinhua\\\/wp-content\\\/uploads\\\/sites\\\/3\\\/2020\\\/10\\\/cropped-logo-transparente-2.png\",\"contentUrl\":\"https:\\\/\\\/diariodepe.com.br\\\/xinhua\\\/wp-content\\\/uploads\\\/sites\\\/3\\\/2020\\\/10\\\/cropped-logo-transparente-2.png\",\"width\":512,\"height\":164,\"caption\":\"Xinhua - Diario de Pernambuco\"},\"image\":{\"@id\":\"https:\\\/\\\/diariodepe.com.br\\\/xinhua\\\/#\\\/schema\\\/logo\\\/image\\\/\"}},{\"@type\":\"Person\",\"@id\":\"https:\\\/\\\/diariodepe.com.br\\\/xinhua\\\/#\\\/schema\\\/person\\\/0943d6fd02bdc7b49c8f495e8787a2cb\",\"name\":\"Marcelo Oliveira de A. Maranhao\",\"image\":{\"@type\":\"ImageObject\",\"inLanguage\":\"pt-BR\",\"@id\":\"https:\\\/\\\/secure.gravatar.com\\\/avatar\\\/f562caee940d39879c20e90eea3e4b21860c7d4c96684c23141c554824f0059c?s=96&d=mm&r=g\",\"url\":\"https:\\\/\\\/secure.gravatar.com\\\/avatar\\\/f562caee940d39879c20e90eea3e4b21860c7d4c96684c23141c554824f0059c?s=96&d=mm&r=g\",\"contentUrl\":\"https:\\\/\\\/secure.gravatar.com\\\/avatar\\\/f562caee940d39879c20e90eea3e4b21860c7d4c96684c23141c554824f0059c?s=96&d=mm&r=g\",\"caption\":\"Marcelo Oliveira de A. Maranhao\"},\"url\":\"https:\\\/\\\/diariodepe.com.br\\\/xinhua\\\/author\\\/marcelo-maranhao\\\/\"}]}<\/script>\n<!-- \/ Yoast SEO plugin. -->","yoast_head_json":{"title":"Com infec\u00e7\u00f5es aumentando em toda Europa, especialistas pedem mais vacinas e medidas de preven\u00e7\u00e3o - Xinhua - Diario de Pernambuco","robots":{"index":"index","follow":"follow","max-snippet":"max-snippet:-1","max-image-preview":"max-image-preview:large","max-video-preview":"max-video-preview:-1"},"canonical":"https:\/\/diariodepe.com.br\/xinhua\/2021\/11\/08\/com-infeccoes-aumentando-em-toda-europa-especialistas-pedem-mais-vacinas-e-medidas-de-prevencao\/","og_locale":"pt_BR","og_type":"article","og_title":"Com infec\u00e7\u00f5es aumentando em toda Europa, especialistas pedem mais vacinas e medidas de preven\u00e7\u00e3o - Xinhua - Diario de Pernambuco","og_description":"Haia &#8211; Novas infec\u00e7\u00f5es por COVID-19 est\u00e3o surgindo na maioria dos pa\u00edses da Europa \u00e0 medida que o clima fica mais frio, gerando preocupa\u00e7\u00e3o de que o continente se tornou um epicentro da pandemia e levantando quest\u00f5es sobre como achatar...","og_url":"https:\/\/diariodepe.com.br\/xinhua\/2021\/11\/08\/com-infeccoes-aumentando-em-toda-europa-especialistas-pedem-mais-vacinas-e-medidas-de-prevencao\/","og_site_name":"Xinhua - Diario de Pernambuco","article_published_time":"2021-11-08T15:16:31+00:00","article_modified_time":"2021-11-08T15:16:33+00:00","author":"Marcelo Oliveira de A. Maranhao","twitter_card":"summary_large_image","twitter_misc":{"Escrito por":"Marcelo Oliveira de A. Maranhao","Est. tempo de leitura":"4 minutos"},"schema":{"@context":"https:\/\/schema.org","@graph":[{"@type":"Article","@id":"https:\/\/diariodepe.com.br\/xinhua\/2021\/11\/08\/com-infeccoes-aumentando-em-toda-europa-especialistas-pedem-mais-vacinas-e-medidas-de-prevencao\/#article","isPartOf":{"@id":"https:\/\/diariodepe.com.br\/xinhua\/2021\/11\/08\/com-infeccoes-aumentando-em-toda-europa-especialistas-pedem-mais-vacinas-e-medidas-de-prevencao\/"},"author":{"name":"Marcelo Oliveira de A. Maranhao","@id":"https:\/\/diariodepe.com.br\/xinhua\/#\/schema\/person\/0943d6fd02bdc7b49c8f495e8787a2cb"},"headline":"Com infec\u00e7\u00f5es aumentando em toda Europa, especialistas pedem mais vacinas e medidas de preven\u00e7\u00e3o","datePublished":"2021-11-08T15:16:31+00:00","dateModified":"2021-11-08T15:16:33+00:00","mainEntityOfPage":{"@id":"https:\/\/diariodepe.com.br\/xinhua\/2021\/11\/08\/com-infeccoes-aumentando-em-toda-europa-especialistas-pedem-mais-vacinas-e-medidas-de-prevencao\/"},"wordCount":869,"commentCount":0,"publisher":{"@id":"https:\/\/diariodepe.com.br\/xinhua\/#organization"},"articleSection":["Internacional"],"inLanguage":"pt-BR","potentialAction":[{"@type":"CommentAction","name":"Comment","target":["https:\/\/diariodepe.com.br\/xinhua\/2021\/11\/08\/com-infeccoes-aumentando-em-toda-europa-especialistas-pedem-mais-vacinas-e-medidas-de-prevencao\/#respond"]}]},{"@type":"WebPage","@id":"https:\/\/diariodepe.com.br\/xinhua\/2021\/11\/08\/com-infeccoes-aumentando-em-toda-europa-especialistas-pedem-mais-vacinas-e-medidas-de-prevencao\/","url":"https:\/\/diariodepe.com.br\/xinhua\/2021\/11\/08\/com-infeccoes-aumentando-em-toda-europa-especialistas-pedem-mais-vacinas-e-medidas-de-prevencao\/","name":"Com infec\u00e7\u00f5es aumentando em toda Europa, especialistas pedem mais vacinas e medidas de preven\u00e7\u00e3o - Xinhua - Diario de Pernambuco","isPartOf":{"@id":"https:\/\/diariodepe.com.br\/xinhua\/#website"},"datePublished":"2021-11-08T15:16:31+00:00","dateModified":"2021-11-08T15:16:33+00:00","breadcrumb":{"@id":"https:\/\/diariodepe.com.br\/xinhua\/2021\/11\/08\/com-infeccoes-aumentando-em-toda-europa-especialistas-pedem-mais-vacinas-e-medidas-de-prevencao\/#breadcrumb"},"inLanguage":"pt-BR","potentialAction":[{"@type":"ReadAction","target":["https:\/\/diariodepe.com.br\/xinhua\/2021\/11\/08\/com-infeccoes-aumentando-em-toda-europa-especialistas-pedem-mais-vacinas-e-medidas-de-prevencao\/"]}]},{"@type":"BreadcrumbList","@id":"https:\/\/diariodepe.com.br\/xinhua\/2021\/11\/08\/com-infeccoes-aumentando-em-toda-europa-especialistas-pedem-mais-vacinas-e-medidas-de-prevencao\/#breadcrumb","itemListElement":[{"@type":"ListItem","position":1,"name":"In\u00edcio","item":"https:\/\/diariodepe.com.br\/xinhua\/"},{"@type":"ListItem","position":2,"name":"Com infec\u00e7\u00f5es aumentando em toda Europa, especialistas pedem mais vacinas e medidas de preven\u00e7\u00e3o"}]},{"@type":"WebSite","@id":"https:\/\/diariodepe.com.br\/xinhua\/#website","url":"https:\/\/diariodepe.com.br\/xinhua\/","name":"Xinhua - Diario de Pernambuco","description":"A maior ag\u00eancia de not\u00edcias da China e um dos principais canais para conhecer o pa\u00eds","publisher":{"@id":"https:\/\/diariodepe.com.br\/xinhua\/#organization"},"potentialAction":[{"@type":"SearchAction","target":{"@type":"EntryPoint","urlTemplate":"https:\/\/diariodepe.com.br\/xinhua\/?s={search_term_string}"},"query-input":{"@type":"PropertyValueSpecification","valueRequired":true,"valueName":"search_term_string"}}],"inLanguage":"pt-BR"},{"@type":"Organization","@id":"https:\/\/diariodepe.com.br\/xinhua\/#organization","name":"Xinhua - Diario de Pernambuco","url":"https:\/\/diariodepe.com.br\/xinhua\/","logo":{"@type":"ImageObject","inLanguage":"pt-BR","@id":"https:\/\/diariodepe.com.br\/xinhua\/#\/schema\/logo\/image\/","url":"https:\/\/diariodepe.com.br\/xinhua\/wp-content\/uploads\/sites\/3\/2020\/10\/cropped-logo-transparente-2.png","contentUrl":"https:\/\/diariodepe.com.br\/xinhua\/wp-content\/uploads\/sites\/3\/2020\/10\/cropped-logo-transparente-2.png","width":512,"height":164,"caption":"Xinhua - Diario de Pernambuco"},"image":{"@id":"https:\/\/diariodepe.com.br\/xinhua\/#\/schema\/logo\/image\/"}},{"@type":"Person","@id":"https:\/\/diariodepe.com.br\/xinhua\/#\/schema\/person\/0943d6fd02bdc7b49c8f495e8787a2cb","name":"Marcelo Oliveira de A. Maranhao","image":{"@type":"ImageObject","inLanguage":"pt-BR","@id":"https:\/\/secure.gravatar.com\/avatar\/f562caee940d39879c20e90eea3e4b21860c7d4c96684c23141c554824f0059c?s=96&d=mm&r=g","url":"https:\/\/secure.gravatar.com\/avatar\/f562caee940d39879c20e90eea3e4b21860c7d4c96684c23141c554824f0059c?s=96&d=mm&r=g","contentUrl":"https:\/\/secure.gravatar.com\/avatar\/f562caee940d39879c20e90eea3e4b21860c7d4c96684c23141c554824f0059c?s=96&d=mm&r=g","caption":"Marcelo Oliveira de A. Maranhao"},"url":"https:\/\/diariodepe.com.br\/xinhua\/author\/marcelo-maranhao\/"}]}},"cc_featured_image_caption":{"caption_text":"","source_text":"","source_url":""},"amp_enabled":true,"_links":{"self":[{"href":"https:\/\/diariodepe.com.br\/xinhua\/wp-json\/wp\/v2\/posts\/3823","targetHints":{"allow":["GET"]}}],"collection":[{"href":"https:\/\/diariodepe.com.br\/xinhua\/wp-json\/wp\/v2\/posts"}],"about":[{"href":"https:\/\/diariodepe.com.br\/xinhua\/wp-json\/wp\/v2\/types\/post"}],"author":[{"embeddable":true,"href":"https:\/\/diariodepe.com.br\/xinhua\/wp-json\/wp\/v2\/users\/3"}],"replies":[{"embeddable":true,"href":"https:\/\/diariodepe.com.br\/xinhua\/wp-json\/wp\/v2\/comments?post=3823"}],"version-history":[{"count":1,"href":"https:\/\/diariodepe.com.br\/xinhua\/wp-json\/wp\/v2\/posts\/3823\/revisions"}],"predecessor-version":[{"id":3824,"href":"https:\/\/diariodepe.com.br\/xinhua\/wp-json\/wp\/v2\/posts\/3823\/revisions\/3824"}],"wp:attachment":[{"href":"https:\/\/diariodepe.com.br\/xinhua\/wp-json\/wp\/v2\/media?parent=3823"}],"wp:term":[{"taxonomy":"category","embeddable":true,"href":"https:\/\/diariodepe.com.br\/xinhua\/wp-json\/wp\/v2\/categories?post=3823"},{"taxonomy":"post_tag","embeddable":true,"href":"https:\/\/diariodepe.com.br\/xinhua\/wp-json\/wp\/v2\/tags?post=3823"}],"curies":[{"name":"wp","href":"https:\/\/api.w.org\/{rel}","templated":true}]}}