{"id":3787,"date":"2021-11-05T09:30:00","date_gmt":"2021-11-05T12:30:00","guid":{"rendered":"http:\/\/www.diariodepe.com.br\/xinhua\/?p=3787"},"modified":"2021-11-05T09:13:31","modified_gmt":"2021-11-05T12:13:31","slug":"mais-canadenses-estao-pessimistas-sobre-racismo-e-equidade","status":"publish","type":"post","link":"https:\/\/diariodepe.com.br\/xinhua\/2021\/11\/05\/mais-canadenses-estao-pessimistas-sobre-racismo-e-equidade\/","title":{"rendered":"Mais canadenses est\u00e3o pessimistas sobre racismo e equidade"},"content":{"rendered":"\n<p>Ottawa &#8212; Cada vez mais canadenses est\u00e3o pessimistas sobre o progresso do racismo e da equidade no pa\u00eds, apesar das tend\u00eancias positivas de conscientiza\u00e7\u00e3o sobre o racismo sist\u00eamico, de acordo com a Funda\u00e7\u00e3o Canadense de Rela\u00e7\u00f5es Raciais (CRRF) na quarta-feira.<\/p>\n\n\n\n<p>Em um relat\u00f3rio de pesquisa nacional, a CRRF afirmou que 23 por cento dos entrevistados escolheram &#8220;geralmente ruim&#8221; quando questionados sobre como as pessoas de diferentes ra\u00e7as se davam bem no Canad\u00e1, ante 17 por cento quando a CRRF conduziu a mesma pesquisa em 2019.<\/p>\n\n\n\n<p>Enquanto isso, 64 por cento dos entrevistados disseram que o estado das rela\u00e7\u00f5es raciais no Canad\u00e1 era &#8220;geralmente bom&#8221;, ante 71 por cento em 2019 e 13 por cento dos entrevistados disseram que n\u00e3o sabiam dizer se as rela\u00e7\u00f5es eram boas ou ruins.<\/p>\n\n\n\n<p>&#8220;Quando olhamos para a consci\u00eancia em torno do racismo, vimos que h\u00e1 um salto dram\u00e1tico&#8221;, disse Mohammed Hashim, diretor-executivo do CRRF.<\/p>\n\n\n\n<p>O aumento da conscientiza\u00e7\u00e3o tamb\u00e9m significa que mais pessoas est\u00e3o enfrentando verdades duras sobre o estado do racismo no Canad\u00e1, disse ele. &#8220;Existe um sentimento maior de decep\u00e7\u00e3o e pessimismo, e acho que isso reflete os tempos que estamos presenciando&#8221;.<\/p>\n\n\n\n<p>Desde a \u00faltima pesquisa realizada em 2019, os canadenses passaram por protestos globais ap\u00f3s o assassinato de George Floyd por um policial de Minne\u00e1polis, um aumento do racismo contra asi\u00e1ticos durante a pandemia de COVID-19 e as descobertas de centenas de sepulturas n\u00e3o marcadas em antigas escolas residenciais no Canad\u00e1.<\/p>\n\n\n\n<p>Embora se acredite que os eventos dos \u00faltimos dois anos tenham mudado a opini\u00e3o p\u00fablica sobre ra\u00e7a, a pesquisa da CRRF sugeriu que os efeitos foram mais fortes entre os grupos com maior probabilidade de serem alvos do racismo.<\/p>\n\n\n\n<p>Entre os canadenses negros, 49 por cento dos entrevistados disseram que as rela\u00e7\u00f5es raciais no Canad\u00e1 eram geralmente boas, ante 72 por cento em 2019, enquanto 51 por cento dos ind\u00edgenas disseram que o estado das rela\u00e7\u00f5es raciais era geralmente bom, ligeiramente abaixo dos 56 por cento em 2019.<\/p>\n\n\n\n<p>A percep\u00e7\u00e3o dos negros e ind\u00edgenas foi, em alguns casos, totalmente diferente da dos entrevistados brancos na pesquisa, que geralmente recebiam uma avalia\u00e7\u00e3o mais positiva do estado do racismo no Canad\u00e1. Al\u00e9m disso, 57 por cento dos entrevistados brancos concordaram que pessoas de diferentes ra\u00e7as tiveram uma chance de sucesso, um n\u00famero maior do que qualquer outro grupo mencionado no relat\u00f3rio.<\/p>\n\n\n\n<p>Os canadenses brancos tamb\u00e9m costumam dizer que a pol\u00edcia local est\u00e1 fazendo um trabalho excelente ou bom. O relat\u00f3rio observou que este era muito menos prov\u00e1vel de ser o caso entre os entrevistados negros ou ind\u00edgenas.<\/p>\n\n\n\n<p>A pesquisa apontou que a pandemia de COVID-19 levou a um aumento do sentimento contra asi\u00e1ticos, com muitos, incluindo chineses, sul-asi\u00e1ticos ou de outras origens asi\u00e1ticas, relatando ass\u00e9dio com motiva\u00e7\u00e3o racial na forma de pessoas agindo desconfortavelmente ao seu redor, j\u00e1 que estavam sujeitos a cal\u00fanias e piadas, bem como amea\u00e7as ou ataques f\u00edsicos. E 59 por cento dos canadenses admitiram que a pandemia levou ao aumento da discrimina\u00e7\u00e3o contra os chineses e 38 por cento acreditam que isso afetou aqueles que s\u00e3o do sul da \u00c1sia, enquanto 26 por cento disseram que teve impacto no leste ou sudeste da \u00c1sia.<\/p>\n\n\n\n<p>A pesquisa mostrou que a discrimina\u00e7\u00e3o e os maus-tratos por causa da ra\u00e7a eram uma experi\u00eancia comum, com um em cada cinco canadenses relatando que isso acontecia com eles regularmente ou de vez em quando. Enquanto isso, 57 por cento dos negros relataram tais experi\u00eancias, seguidos por 48 por cento dos sul-asi\u00e1ticos, 45 por cento das primeiras na\u00e7\u00f5es ind\u00edgenas, 40 por cento dos chineses, 40 por cento dos asi\u00e1ticos do leste ou sudeste, 36 por cento dos \u00edndios Metis e 35 por cento de outros povos racializados.<\/p>\n\n\n\n<p>Nos \u00faltimos dois anos, o relat\u00f3rio revelou que um n\u00famero cada vez maior de pessoas via o problema como resultado de desigualdades sist\u00eamicas nas leis e institui\u00e7\u00f5es do pa\u00eds, e n\u00e3o de preconceito individual. Da mesma forma, havia uma cren\u00e7a crescente entre canadenses racializados e n\u00e3o racializados de que as pessoas de cor eram tratadas de forma menos justa em ambientes e circunst\u00e2ncias espec\u00edficas, especialmente quando lidando com a pol\u00edcia, mas tamb\u00e9m no local de trabalho, nos tribunais, nas lojas e restaurantes, e ao procurar servi\u00e7os de sa\u00fade.<\/p>\n","protected":false},"excerpt":{"rendered":"<p>Ottawa &#8212; Cada vez mais canadenses est\u00e3o pessimistas sobre o progresso do racismo e da equidade no pa\u00eds, apesar das tend\u00eancias positivas de conscientiza\u00e7\u00e3o sobre o racismo sist\u00eamico, de acordo com a Funda\u00e7\u00e3o Canadense de Rela\u00e7\u00f5es Raciais (CRRF) na quarta-feira&#8230;.<\/p>\n","protected":false},"author":3,"featured_media":0,"comment_status":"open","ping_status":"open","sticky":false,"template":"","format":"standard","meta":{"footnotes":""},"categories":[1],"tags":[],"class_list":["post-3787","post","type-post","status-publish","format-standard","hentry","category-geral"],"yoast_head":"<!-- This site is optimized with the Yoast SEO plugin v27.4 - https:\/\/yoast.com\/product\/yoast-seo-wordpress\/ -->\n<title>Mais canadenses est\u00e3o pessimistas sobre racismo e equidade - Xinhua - Diario de Pernambuco<\/title>\n<meta name=\"robots\" content=\"index, follow, max-snippet:-1, max-image-preview:large, max-video-preview:-1\" \/>\n<link rel=\"canonical\" href=\"https:\/\/diariodepe.com.br\/xinhua\/2021\/11\/05\/mais-canadenses-estao-pessimistas-sobre-racismo-e-equidade\/\" \/>\n<meta property=\"og:locale\" content=\"pt_BR\" \/>\n<meta property=\"og:type\" content=\"article\" \/>\n<meta property=\"og:title\" content=\"Mais canadenses est\u00e3o pessimistas sobre racismo e equidade - Xinhua - Diario de Pernambuco\" \/>\n<meta property=\"og:description\" content=\"Ottawa &#8212; Cada vez mais canadenses est\u00e3o pessimistas sobre o progresso do racismo e da equidade no pa\u00eds, apesar das tend\u00eancias positivas de conscientiza\u00e7\u00e3o sobre o racismo sist\u00eamico, de acordo com a Funda\u00e7\u00e3o Canadense de Rela\u00e7\u00f5es Raciais (CRRF) na quarta-feira....\" \/>\n<meta property=\"og:url\" content=\"https:\/\/diariodepe.com.br\/xinhua\/2021\/11\/05\/mais-canadenses-estao-pessimistas-sobre-racismo-e-equidade\/\" \/>\n<meta property=\"og:site_name\" content=\"Xinhua - Diario de Pernambuco\" \/>\n<meta property=\"article:published_time\" content=\"2021-11-05T12:30:00+00:00\" \/>\n<meta name=\"author\" content=\"Marcelo Oliveira de A. Maranhao\" \/>\n<meta name=\"twitter:card\" content=\"summary_large_image\" \/>\n<meta name=\"twitter:label1\" content=\"Escrito por\" \/>\n\t<meta name=\"twitter:data1\" content=\"Marcelo Oliveira de A. Maranhao\" \/>\n\t<meta name=\"twitter:label2\" content=\"Est. tempo de leitura\" \/>\n\t<meta name=\"twitter:data2\" content=\"4 minutos\" \/>\n<script type=\"application\/ld+json\" class=\"yoast-schema-graph\">{\"@context\":\"https:\\\/\\\/schema.org\",\"@graph\":[{\"@type\":\"Article\",\"@id\":\"https:\\\/\\\/diariodepe.com.br\\\/xinhua\\\/2021\\\/11\\\/05\\\/mais-canadenses-estao-pessimistas-sobre-racismo-e-equidade\\\/#article\",\"isPartOf\":{\"@id\":\"https:\\\/\\\/diariodepe.com.br\\\/xinhua\\\/2021\\\/11\\\/05\\\/mais-canadenses-estao-pessimistas-sobre-racismo-e-equidade\\\/\"},\"author\":{\"name\":\"Marcelo Oliveira de A. Maranhao\",\"@id\":\"https:\\\/\\\/diariodepe.com.br\\\/xinhua\\\/#\\\/schema\\\/person\\\/0943d6fd02bdc7b49c8f495e8787a2cb\"},\"headline\":\"Mais canadenses est\u00e3o pessimistas sobre racismo e equidade\",\"datePublished\":\"2021-11-05T12:30:00+00:00\",\"mainEntityOfPage\":{\"@id\":\"https:\\\/\\\/diariodepe.com.br\\\/xinhua\\\/2021\\\/11\\\/05\\\/mais-canadenses-estao-pessimistas-sobre-racismo-e-equidade\\\/\"},\"wordCount\":756,\"commentCount\":0,\"publisher\":{\"@id\":\"https:\\\/\\\/diariodepe.com.br\\\/xinhua\\\/#organization\"},\"articleSection\":[\"Geral\"],\"inLanguage\":\"pt-BR\",\"potentialAction\":[{\"@type\":\"CommentAction\",\"name\":\"Comment\",\"target\":[\"https:\\\/\\\/diariodepe.com.br\\\/xinhua\\\/2021\\\/11\\\/05\\\/mais-canadenses-estao-pessimistas-sobre-racismo-e-equidade\\\/#respond\"]}]},{\"@type\":\"WebPage\",\"@id\":\"https:\\\/\\\/diariodepe.com.br\\\/xinhua\\\/2021\\\/11\\\/05\\\/mais-canadenses-estao-pessimistas-sobre-racismo-e-equidade\\\/\",\"url\":\"https:\\\/\\\/diariodepe.com.br\\\/xinhua\\\/2021\\\/11\\\/05\\\/mais-canadenses-estao-pessimistas-sobre-racismo-e-equidade\\\/\",\"name\":\"Mais canadenses est\u00e3o pessimistas sobre racismo e equidade - Xinhua - Diario de Pernambuco\",\"isPartOf\":{\"@id\":\"https:\\\/\\\/diariodepe.com.br\\\/xinhua\\\/#website\"},\"datePublished\":\"2021-11-05T12:30:00+00:00\",\"breadcrumb\":{\"@id\":\"https:\\\/\\\/diariodepe.com.br\\\/xinhua\\\/2021\\\/11\\\/05\\\/mais-canadenses-estao-pessimistas-sobre-racismo-e-equidade\\\/#breadcrumb\"},\"inLanguage\":\"pt-BR\",\"potentialAction\":[{\"@type\":\"ReadAction\",\"target\":[\"https:\\\/\\\/diariodepe.com.br\\\/xinhua\\\/2021\\\/11\\\/05\\\/mais-canadenses-estao-pessimistas-sobre-racismo-e-equidade\\\/\"]}]},{\"@type\":\"BreadcrumbList\",\"@id\":\"https:\\\/\\\/diariodepe.com.br\\\/xinhua\\\/2021\\\/11\\\/05\\\/mais-canadenses-estao-pessimistas-sobre-racismo-e-equidade\\\/#breadcrumb\",\"itemListElement\":[{\"@type\":\"ListItem\",\"position\":1,\"name\":\"In\u00edcio\",\"item\":\"https:\\\/\\\/diariodepe.com.br\\\/xinhua\\\/\"},{\"@type\":\"ListItem\",\"position\":2,\"name\":\"Mais canadenses est\u00e3o pessimistas sobre racismo e equidade\"}]},{\"@type\":\"WebSite\",\"@id\":\"https:\\\/\\\/diariodepe.com.br\\\/xinhua\\\/#website\",\"url\":\"https:\\\/\\\/diariodepe.com.br\\\/xinhua\\\/\",\"name\":\"Xinhua - Diario de Pernambuco\",\"description\":\"A maior ag\u00eancia de not\u00edcias da China e um dos principais canais para conhecer o pa\u00eds\",\"publisher\":{\"@id\":\"https:\\\/\\\/diariodepe.com.br\\\/xinhua\\\/#organization\"},\"potentialAction\":[{\"@type\":\"SearchAction\",\"target\":{\"@type\":\"EntryPoint\",\"urlTemplate\":\"https:\\\/\\\/diariodepe.com.br\\\/xinhua\\\/?s={search_term_string}\"},\"query-input\":{\"@type\":\"PropertyValueSpecification\",\"valueRequired\":true,\"valueName\":\"search_term_string\"}}],\"inLanguage\":\"pt-BR\"},{\"@type\":\"Organization\",\"@id\":\"https:\\\/\\\/diariodepe.com.br\\\/xinhua\\\/#organization\",\"name\":\"Xinhua - Diario de Pernambuco\",\"url\":\"https:\\\/\\\/diariodepe.com.br\\\/xinhua\\\/\",\"logo\":{\"@type\":\"ImageObject\",\"inLanguage\":\"pt-BR\",\"@id\":\"https:\\\/\\\/diariodepe.com.br\\\/xinhua\\\/#\\\/schema\\\/logo\\\/image\\\/\",\"url\":\"https:\\\/\\\/diariodepe.com.br\\\/xinhua\\\/wp-content\\\/uploads\\\/sites\\\/3\\\/2020\\\/10\\\/cropped-logo-transparente-2.png\",\"contentUrl\":\"https:\\\/\\\/diariodepe.com.br\\\/xinhua\\\/wp-content\\\/uploads\\\/sites\\\/3\\\/2020\\\/10\\\/cropped-logo-transparente-2.png\",\"width\":512,\"height\":164,\"caption\":\"Xinhua - Diario de Pernambuco\"},\"image\":{\"@id\":\"https:\\\/\\\/diariodepe.com.br\\\/xinhua\\\/#\\\/schema\\\/logo\\\/image\\\/\"}},{\"@type\":\"Person\",\"@id\":\"https:\\\/\\\/diariodepe.com.br\\\/xinhua\\\/#\\\/schema\\\/person\\\/0943d6fd02bdc7b49c8f495e8787a2cb\",\"name\":\"Marcelo Oliveira de A. Maranhao\",\"image\":{\"@type\":\"ImageObject\",\"inLanguage\":\"pt-BR\",\"@id\":\"https:\\\/\\\/secure.gravatar.com\\\/avatar\\\/f562caee940d39879c20e90eea3e4b21860c7d4c96684c23141c554824f0059c?s=96&d=mm&r=g\",\"url\":\"https:\\\/\\\/secure.gravatar.com\\\/avatar\\\/f562caee940d39879c20e90eea3e4b21860c7d4c96684c23141c554824f0059c?s=96&d=mm&r=g\",\"contentUrl\":\"https:\\\/\\\/secure.gravatar.com\\\/avatar\\\/f562caee940d39879c20e90eea3e4b21860c7d4c96684c23141c554824f0059c?s=96&d=mm&r=g\",\"caption\":\"Marcelo Oliveira de A. Maranhao\"},\"url\":\"https:\\\/\\\/diariodepe.com.br\\\/xinhua\\\/author\\\/marcelo-maranhao\\\/\"}]}<\/script>\n<!-- \/ Yoast SEO plugin. -->","yoast_head_json":{"title":"Mais canadenses est\u00e3o pessimistas sobre racismo e equidade - Xinhua - Diario de Pernambuco","robots":{"index":"index","follow":"follow","max-snippet":"max-snippet:-1","max-image-preview":"max-image-preview:large","max-video-preview":"max-video-preview:-1"},"canonical":"https:\/\/diariodepe.com.br\/xinhua\/2021\/11\/05\/mais-canadenses-estao-pessimistas-sobre-racismo-e-equidade\/","og_locale":"pt_BR","og_type":"article","og_title":"Mais canadenses est\u00e3o pessimistas sobre racismo e equidade - Xinhua - Diario de Pernambuco","og_description":"Ottawa &#8212; Cada vez mais canadenses est\u00e3o pessimistas sobre o progresso do racismo e da equidade no pa\u00eds, apesar das tend\u00eancias positivas de conscientiza\u00e7\u00e3o sobre o racismo sist\u00eamico, de acordo com a Funda\u00e7\u00e3o Canadense de Rela\u00e7\u00f5es Raciais (CRRF) na quarta-feira....","og_url":"https:\/\/diariodepe.com.br\/xinhua\/2021\/11\/05\/mais-canadenses-estao-pessimistas-sobre-racismo-e-equidade\/","og_site_name":"Xinhua - Diario de Pernambuco","article_published_time":"2021-11-05T12:30:00+00:00","author":"Marcelo Oliveira de A. Maranhao","twitter_card":"summary_large_image","twitter_misc":{"Escrito por":"Marcelo Oliveira de A. Maranhao","Est. tempo de leitura":"4 minutos"},"schema":{"@context":"https:\/\/schema.org","@graph":[{"@type":"Article","@id":"https:\/\/diariodepe.com.br\/xinhua\/2021\/11\/05\/mais-canadenses-estao-pessimistas-sobre-racismo-e-equidade\/#article","isPartOf":{"@id":"https:\/\/diariodepe.com.br\/xinhua\/2021\/11\/05\/mais-canadenses-estao-pessimistas-sobre-racismo-e-equidade\/"},"author":{"name":"Marcelo Oliveira de A. Maranhao","@id":"https:\/\/diariodepe.com.br\/xinhua\/#\/schema\/person\/0943d6fd02bdc7b49c8f495e8787a2cb"},"headline":"Mais canadenses est\u00e3o pessimistas sobre racismo e equidade","datePublished":"2021-11-05T12:30:00+00:00","mainEntityOfPage":{"@id":"https:\/\/diariodepe.com.br\/xinhua\/2021\/11\/05\/mais-canadenses-estao-pessimistas-sobre-racismo-e-equidade\/"},"wordCount":756,"commentCount":0,"publisher":{"@id":"https:\/\/diariodepe.com.br\/xinhua\/#organization"},"articleSection":["Geral"],"inLanguage":"pt-BR","potentialAction":[{"@type":"CommentAction","name":"Comment","target":["https:\/\/diariodepe.com.br\/xinhua\/2021\/11\/05\/mais-canadenses-estao-pessimistas-sobre-racismo-e-equidade\/#respond"]}]},{"@type":"WebPage","@id":"https:\/\/diariodepe.com.br\/xinhua\/2021\/11\/05\/mais-canadenses-estao-pessimistas-sobre-racismo-e-equidade\/","url":"https:\/\/diariodepe.com.br\/xinhua\/2021\/11\/05\/mais-canadenses-estao-pessimistas-sobre-racismo-e-equidade\/","name":"Mais canadenses est\u00e3o pessimistas sobre racismo e equidade - Xinhua - Diario de Pernambuco","isPartOf":{"@id":"https:\/\/diariodepe.com.br\/xinhua\/#website"},"datePublished":"2021-11-05T12:30:00+00:00","breadcrumb":{"@id":"https:\/\/diariodepe.com.br\/xinhua\/2021\/11\/05\/mais-canadenses-estao-pessimistas-sobre-racismo-e-equidade\/#breadcrumb"},"inLanguage":"pt-BR","potentialAction":[{"@type":"ReadAction","target":["https:\/\/diariodepe.com.br\/xinhua\/2021\/11\/05\/mais-canadenses-estao-pessimistas-sobre-racismo-e-equidade\/"]}]},{"@type":"BreadcrumbList","@id":"https:\/\/diariodepe.com.br\/xinhua\/2021\/11\/05\/mais-canadenses-estao-pessimistas-sobre-racismo-e-equidade\/#breadcrumb","itemListElement":[{"@type":"ListItem","position":1,"name":"In\u00edcio","item":"https:\/\/diariodepe.com.br\/xinhua\/"},{"@type":"ListItem","position":2,"name":"Mais canadenses est\u00e3o pessimistas sobre racismo e equidade"}]},{"@type":"WebSite","@id":"https:\/\/diariodepe.com.br\/xinhua\/#website","url":"https:\/\/diariodepe.com.br\/xinhua\/","name":"Xinhua - Diario de Pernambuco","description":"A maior ag\u00eancia de not\u00edcias da China e um dos principais canais para conhecer o pa\u00eds","publisher":{"@id":"https:\/\/diariodepe.com.br\/xinhua\/#organization"},"potentialAction":[{"@type":"SearchAction","target":{"@type":"EntryPoint","urlTemplate":"https:\/\/diariodepe.com.br\/xinhua\/?s={search_term_string}"},"query-input":{"@type":"PropertyValueSpecification","valueRequired":true,"valueName":"search_term_string"}}],"inLanguage":"pt-BR"},{"@type":"Organization","@id":"https:\/\/diariodepe.com.br\/xinhua\/#organization","name":"Xinhua - Diario de Pernambuco","url":"https:\/\/diariodepe.com.br\/xinhua\/","logo":{"@type":"ImageObject","inLanguage":"pt-BR","@id":"https:\/\/diariodepe.com.br\/xinhua\/#\/schema\/logo\/image\/","url":"https:\/\/diariodepe.com.br\/xinhua\/wp-content\/uploads\/sites\/3\/2020\/10\/cropped-logo-transparente-2.png","contentUrl":"https:\/\/diariodepe.com.br\/xinhua\/wp-content\/uploads\/sites\/3\/2020\/10\/cropped-logo-transparente-2.png","width":512,"height":164,"caption":"Xinhua - Diario de Pernambuco"},"image":{"@id":"https:\/\/diariodepe.com.br\/xinhua\/#\/schema\/logo\/image\/"}},{"@type":"Person","@id":"https:\/\/diariodepe.com.br\/xinhua\/#\/schema\/person\/0943d6fd02bdc7b49c8f495e8787a2cb","name":"Marcelo Oliveira de A. Maranhao","image":{"@type":"ImageObject","inLanguage":"pt-BR","@id":"https:\/\/secure.gravatar.com\/avatar\/f562caee940d39879c20e90eea3e4b21860c7d4c96684c23141c554824f0059c?s=96&d=mm&r=g","url":"https:\/\/secure.gravatar.com\/avatar\/f562caee940d39879c20e90eea3e4b21860c7d4c96684c23141c554824f0059c?s=96&d=mm&r=g","contentUrl":"https:\/\/secure.gravatar.com\/avatar\/f562caee940d39879c20e90eea3e4b21860c7d4c96684c23141c554824f0059c?s=96&d=mm&r=g","caption":"Marcelo Oliveira de A. Maranhao"},"url":"https:\/\/diariodepe.com.br\/xinhua\/author\/marcelo-maranhao\/"}]}},"cc_featured_image_caption":{"caption_text":"","source_text":"","source_url":""},"amp_enabled":true,"_links":{"self":[{"href":"https:\/\/diariodepe.com.br\/xinhua\/wp-json\/wp\/v2\/posts\/3787","targetHints":{"allow":["GET"]}}],"collection":[{"href":"https:\/\/diariodepe.com.br\/xinhua\/wp-json\/wp\/v2\/posts"}],"about":[{"href":"https:\/\/diariodepe.com.br\/xinhua\/wp-json\/wp\/v2\/types\/post"}],"author":[{"embeddable":true,"href":"https:\/\/diariodepe.com.br\/xinhua\/wp-json\/wp\/v2\/users\/3"}],"replies":[{"embeddable":true,"href":"https:\/\/diariodepe.com.br\/xinhua\/wp-json\/wp\/v2\/comments?post=3787"}],"version-history":[{"count":1,"href":"https:\/\/diariodepe.com.br\/xinhua\/wp-json\/wp\/v2\/posts\/3787\/revisions"}],"predecessor-version":[{"id":3788,"href":"https:\/\/diariodepe.com.br\/xinhua\/wp-json\/wp\/v2\/posts\/3787\/revisions\/3788"}],"wp:attachment":[{"href":"https:\/\/diariodepe.com.br\/xinhua\/wp-json\/wp\/v2\/media?parent=3787"}],"wp:term":[{"taxonomy":"category","embeddable":true,"href":"https:\/\/diariodepe.com.br\/xinhua\/wp-json\/wp\/v2\/categories?post=3787"},{"taxonomy":"post_tag","embeddable":true,"href":"https:\/\/diariodepe.com.br\/xinhua\/wp-json\/wp\/v2\/tags?post=3787"}],"curies":[{"name":"wp","href":"https:\/\/api.w.org\/{rel}","templated":true}]}}