{"id":3734,"date":"2021-11-03T14:30:00","date_gmt":"2021-11-03T17:30:00","guid":{"rendered":"http:\/\/www.diariodepe.com.br\/xinhua\/?p=3734"},"modified":"2021-11-03T09:33:48","modified_gmt":"2021-11-03T12:33:48","slug":"morre-no-rio-de-janeiro-nelson-freire-considerado-um-dos-maiores-pianistas-do-mundo","status":"publish","type":"post","link":"https:\/\/diariodepe.com.br\/xinhua\/2021\/11\/03\/morre-no-rio-de-janeiro-nelson-freire-considerado-um-dos-maiores-pianistas-do-mundo\/","title":{"rendered":"Morre no Rio de Janeiro Nelson Freire, considerado um dos maiores pianistas do mundo"},"content":{"rendered":"\n<p>Rio de Janeiro &#8212; O m\u00fasico brasileiro Nelson Freire, considerado um dos maiores pianistas do mundo, faleceu na madrugada desta segunda-feira, aos 77 anos, em sua casa no Rio de Janeiro.<\/p>\n\n\n\n<p>A informa\u00e7\u00e3o foi confirmada pela empres\u00e1ria do artista que n\u00e3o deu detalhes sobre a causa da morte.<\/p>\n\n\n\n<p>A not\u00edcia repercutiu n\u00e3o s\u00f3 nos meios culturais brasileiros, como tamb\u00e9m em v\u00e1rias partes do mundo, onde Freire se apresentou em mais de 70 palcos durante sua imensa e vitoriosa carreira.<\/p>\n\n\n\n<p>Nascido em 1944 na cidade de Boa Esperan\u00e7a, no estado de Minas Gerais (sudeste), Freire come\u00e7ou a tocar piano aos 3 anos de idade, vendo a irm\u00e3 praticar o instrumento e dois anos depois, fez seu primeiro recital, no Teatro Municipal de S\u00e3o Jo\u00e3o Del Rei.<\/p>\n\n\n\n<p>Vendo o talento do menino, fam\u00edlia se mudou para o Rio de Janeiro onde ele passou a estudar piano e aos 12 foi o s\u00e9timo colocado no Concurso Internacional de Piano do Rio de Janeiro. Logo em seguida, ganhou uma bolsa para estudar em Viena.<\/p>\n\n\n\n<p>A carreira profissional come\u00e7ou aos 15 anos e aos 19 ganhou o primeiro pr\u00eamio no prestigiado Concurso Internacional Vianna da Motta, em Lisboa. Aos 24 anos, a revista Time o qualificou como &#8220;um dos maiores pianistas desta ou de qualquer outra gera\u00e7\u00e3o&#8221;.<\/p>\n\n\n\n<p>Desde essa \u00e9poca Freire j\u00e1 fazia recitais e concertos nas capitais europeias e se apresentava com c\u00e9lebres regentes como Isaac Karabtchevsky e Rudolf Kempe.<\/p>\n\n\n\n<p>Entre as orquestras com as quais Nelson Freire se apresentou est\u00e3o a Filarm\u00f4nica de Berlim, a Orquestra Sinf\u00f4nica de Londres, a Orquestra Filarm\u00f4nica de S\u00e3o Petersburgo e a Orquestra Sinf\u00f4nica do Estado de S\u00e3o Paulo.<\/p>\n\n\n\n<p>Consagrado como um dos maiores int\u00e9rpretes de Beethoven e Chopin no s\u00e9culo 20, teve seu \u00e1lbum de interpreta\u00e7\u00f5es de composi\u00e7\u00f5es de Chopin elogiado pela cr\u00edtica internacional e recebeu os pr\u00eamios Diapason d&#8217;Or e Choc, do peri\u00f3dico franc\u00eas Monde de la Musique.<\/p>\n\n\n\n<p>Em 1988, a gravadora Philips o incluiu na cole\u00e7\u00e3o &#8220;Great Pianists of the 20th Century&#8221;, que tinha o objetivo de fazer o resumo das melhores grava\u00e7\u00f5es de concertos de piano do s\u00e9culo passado.<\/p>\n\n\n\n<p>Em 2003, o cineasta brasileiro Jo\u00e3o Moreira Salles lan\u00e7ou um document\u00e1rio sobre a vida e a obra de Freire.<\/p>\n\n\n\n<p>Em 2007, Freire venceu na categoria de disco do ano o Gramophone Awards, um dos maiores pr\u00eamios internacionais da ind\u00fastria fonogr\u00e1fica, com seu \u00e1lbum que inclui um par de concertos de Brahms ao lado da Orquestra Gewandhaus, de Leipzig, na Alemanha.<\/p>\n\n\n\n<p>Em outubro de 2019, Freire foi submetido a uma cirurgia de quatro horas no bra\u00e7o direito depois de uma queda provocada por pedras portuguesas soltas em uma cal\u00e7ada do Rio.<\/p>\n\n\n\n<p>Sua agenda de concertos foi suspensa enquanto se recuperava e deveria ter sido reiniciada no final de 2020, com apresenta\u00e7\u00f5es na Espanha, Alemanha, Londres, Amsterd\u00e3, Lyon e S\u00e3o Petersburgo, mas foram canceladas devido \u00e0 pandemia da COVID-19, o que desencadeou forte depress\u00e3o, segundo pessoas pr\u00f3ximas a Freire.<\/p>\n\n\n\n<p>O corpo do artista ser\u00e1 velado nesta ter\u00e7a-feira, no foyer do Theatro Municipal do Rio de Janeiro em cerim\u00f4nia aberta ao p\u00fablico antes de ser sepultado no Memorial do Carmo, no Caju, zona norte da cidade.<\/p>\n","protected":false},"excerpt":{"rendered":"<p>Rio de Janeiro &#8212; O m\u00fasico brasileiro Nelson Freire, considerado um dos maiores pianistas do mundo, faleceu na madrugada desta segunda-feira, aos 77 anos, em sua casa no Rio de Janeiro. A informa\u00e7\u00e3o foi confirmada pela empres\u00e1ria do artista que&#8230;<\/p>\n","protected":false},"author":3,"featured_media":0,"comment_status":"open","ping_status":"open","sticky":false,"template":"","format":"standard","meta":{"footnotes":""},"categories":[6],"tags":[],"class_list":["post-3734","post","type-post","status-publish","format-standard","hentry","category-cultura-tecnologia"],"yoast_head":"<!-- This site is optimized with the Yoast SEO plugin v27.4 - https:\/\/yoast.com\/product\/yoast-seo-wordpress\/ -->\n<title>Morre no Rio de Janeiro Nelson Freire, considerado um dos maiores pianistas do mundo - Xinhua - Diario de Pernambuco<\/title>\n<meta name=\"robots\" content=\"index, follow, max-snippet:-1, max-image-preview:large, max-video-preview:-1\" \/>\n<link rel=\"canonical\" href=\"https:\/\/diariodepe.com.br\/xinhua\/2021\/11\/03\/morre-no-rio-de-janeiro-nelson-freire-considerado-um-dos-maiores-pianistas-do-mundo\/\" \/>\n<meta property=\"og:locale\" content=\"pt_BR\" \/>\n<meta property=\"og:type\" content=\"article\" \/>\n<meta property=\"og:title\" content=\"Morre no Rio de Janeiro Nelson Freire, considerado um dos maiores pianistas do mundo - Xinhua - Diario de Pernambuco\" \/>\n<meta property=\"og:description\" content=\"Rio de Janeiro &#8212; O m\u00fasico brasileiro Nelson Freire, considerado um dos maiores pianistas do mundo, faleceu na madrugada desta segunda-feira, aos 77 anos, em sua casa no Rio de Janeiro. A informa\u00e7\u00e3o foi confirmada pela empres\u00e1ria do artista que...\" \/>\n<meta property=\"og:url\" content=\"https:\/\/diariodepe.com.br\/xinhua\/2021\/11\/03\/morre-no-rio-de-janeiro-nelson-freire-considerado-um-dos-maiores-pianistas-do-mundo\/\" \/>\n<meta property=\"og:site_name\" content=\"Xinhua - Diario de Pernambuco\" \/>\n<meta property=\"article:published_time\" content=\"2021-11-03T17:30:00+00:00\" \/>\n<meta name=\"author\" content=\"Marcelo Oliveira de A. Maranhao\" \/>\n<meta name=\"twitter:card\" content=\"summary_large_image\" \/>\n<meta name=\"twitter:label1\" content=\"Escrito por\" \/>\n\t<meta name=\"twitter:data1\" content=\"Marcelo Oliveira de A. Maranhao\" \/>\n\t<meta name=\"twitter:label2\" content=\"Est. tempo de leitura\" \/>\n\t<meta name=\"twitter:data2\" content=\"3 minutos\" \/>\n<script type=\"application\/ld+json\" class=\"yoast-schema-graph\">{\"@context\":\"https:\\\/\\\/schema.org\",\"@graph\":[{\"@type\":\"Article\",\"@id\":\"https:\\\/\\\/diariodepe.com.br\\\/xinhua\\\/2021\\\/11\\\/03\\\/morre-no-rio-de-janeiro-nelson-freire-considerado-um-dos-maiores-pianistas-do-mundo\\\/#article\",\"isPartOf\":{\"@id\":\"https:\\\/\\\/diariodepe.com.br\\\/xinhua\\\/2021\\\/11\\\/03\\\/morre-no-rio-de-janeiro-nelson-freire-considerado-um-dos-maiores-pianistas-do-mundo\\\/\"},\"author\":{\"name\":\"Marcelo Oliveira de A. Maranhao\",\"@id\":\"https:\\\/\\\/diariodepe.com.br\\\/xinhua\\\/#\\\/schema\\\/person\\\/0943d6fd02bdc7b49c8f495e8787a2cb\"},\"headline\":\"Morre no Rio de Janeiro Nelson Freire, considerado um dos maiores pianistas do mundo\",\"datePublished\":\"2021-11-03T17:30:00+00:00\",\"mainEntityOfPage\":{\"@id\":\"https:\\\/\\\/diariodepe.com.br\\\/xinhua\\\/2021\\\/11\\\/03\\\/morre-no-rio-de-janeiro-nelson-freire-considerado-um-dos-maiores-pianistas-do-mundo\\\/\"},\"wordCount\":569,\"commentCount\":0,\"publisher\":{\"@id\":\"https:\\\/\\\/diariodepe.com.br\\\/xinhua\\\/#organization\"},\"articleSection\":[\"Cultura \\\/ Tecnologia\"],\"inLanguage\":\"pt-BR\",\"potentialAction\":[{\"@type\":\"CommentAction\",\"name\":\"Comment\",\"target\":[\"https:\\\/\\\/diariodepe.com.br\\\/xinhua\\\/2021\\\/11\\\/03\\\/morre-no-rio-de-janeiro-nelson-freire-considerado-um-dos-maiores-pianistas-do-mundo\\\/#respond\"]}]},{\"@type\":\"WebPage\",\"@id\":\"https:\\\/\\\/diariodepe.com.br\\\/xinhua\\\/2021\\\/11\\\/03\\\/morre-no-rio-de-janeiro-nelson-freire-considerado-um-dos-maiores-pianistas-do-mundo\\\/\",\"url\":\"https:\\\/\\\/diariodepe.com.br\\\/xinhua\\\/2021\\\/11\\\/03\\\/morre-no-rio-de-janeiro-nelson-freire-considerado-um-dos-maiores-pianistas-do-mundo\\\/\",\"name\":\"Morre no Rio de Janeiro Nelson Freire, considerado um dos maiores pianistas do mundo - Xinhua - Diario de Pernambuco\",\"isPartOf\":{\"@id\":\"https:\\\/\\\/diariodepe.com.br\\\/xinhua\\\/#website\"},\"datePublished\":\"2021-11-03T17:30:00+00:00\",\"breadcrumb\":{\"@id\":\"https:\\\/\\\/diariodepe.com.br\\\/xinhua\\\/2021\\\/11\\\/03\\\/morre-no-rio-de-janeiro-nelson-freire-considerado-um-dos-maiores-pianistas-do-mundo\\\/#breadcrumb\"},\"inLanguage\":\"pt-BR\",\"potentialAction\":[{\"@type\":\"ReadAction\",\"target\":[\"https:\\\/\\\/diariodepe.com.br\\\/xinhua\\\/2021\\\/11\\\/03\\\/morre-no-rio-de-janeiro-nelson-freire-considerado-um-dos-maiores-pianistas-do-mundo\\\/\"]}]},{\"@type\":\"BreadcrumbList\",\"@id\":\"https:\\\/\\\/diariodepe.com.br\\\/xinhua\\\/2021\\\/11\\\/03\\\/morre-no-rio-de-janeiro-nelson-freire-considerado-um-dos-maiores-pianistas-do-mundo\\\/#breadcrumb\",\"itemListElement\":[{\"@type\":\"ListItem\",\"position\":1,\"name\":\"In\u00edcio\",\"item\":\"https:\\\/\\\/diariodepe.com.br\\\/xinhua\\\/\"},{\"@type\":\"ListItem\",\"position\":2,\"name\":\"Morre no Rio de Janeiro Nelson Freire, considerado um dos maiores pianistas do mundo\"}]},{\"@type\":\"WebSite\",\"@id\":\"https:\\\/\\\/diariodepe.com.br\\\/xinhua\\\/#website\",\"url\":\"https:\\\/\\\/diariodepe.com.br\\\/xinhua\\\/\",\"name\":\"Xinhua - Diario de Pernambuco\",\"description\":\"A maior ag\u00eancia de not\u00edcias da China e um dos principais canais para conhecer o pa\u00eds\",\"publisher\":{\"@id\":\"https:\\\/\\\/diariodepe.com.br\\\/xinhua\\\/#organization\"},\"potentialAction\":[{\"@type\":\"SearchAction\",\"target\":{\"@type\":\"EntryPoint\",\"urlTemplate\":\"https:\\\/\\\/diariodepe.com.br\\\/xinhua\\\/?s={search_term_string}\"},\"query-input\":{\"@type\":\"PropertyValueSpecification\",\"valueRequired\":true,\"valueName\":\"search_term_string\"}}],\"inLanguage\":\"pt-BR\"},{\"@type\":\"Organization\",\"@id\":\"https:\\\/\\\/diariodepe.com.br\\\/xinhua\\\/#organization\",\"name\":\"Xinhua - Diario de Pernambuco\",\"url\":\"https:\\\/\\\/diariodepe.com.br\\\/xinhua\\\/\",\"logo\":{\"@type\":\"ImageObject\",\"inLanguage\":\"pt-BR\",\"@id\":\"https:\\\/\\\/diariodepe.com.br\\\/xinhua\\\/#\\\/schema\\\/logo\\\/image\\\/\",\"url\":\"https:\\\/\\\/diariodepe.com.br\\\/xinhua\\\/wp-content\\\/uploads\\\/sites\\\/3\\\/2020\\\/10\\\/cropped-logo-transparente-2.png\",\"contentUrl\":\"https:\\\/\\\/diariodepe.com.br\\\/xinhua\\\/wp-content\\\/uploads\\\/sites\\\/3\\\/2020\\\/10\\\/cropped-logo-transparente-2.png\",\"width\":512,\"height\":164,\"caption\":\"Xinhua - Diario de Pernambuco\"},\"image\":{\"@id\":\"https:\\\/\\\/diariodepe.com.br\\\/xinhua\\\/#\\\/schema\\\/logo\\\/image\\\/\"}},{\"@type\":\"Person\",\"@id\":\"https:\\\/\\\/diariodepe.com.br\\\/xinhua\\\/#\\\/schema\\\/person\\\/0943d6fd02bdc7b49c8f495e8787a2cb\",\"name\":\"Marcelo Oliveira de A. Maranhao\",\"image\":{\"@type\":\"ImageObject\",\"inLanguage\":\"pt-BR\",\"@id\":\"https:\\\/\\\/secure.gravatar.com\\\/avatar\\\/f562caee940d39879c20e90eea3e4b21860c7d4c96684c23141c554824f0059c?s=96&d=mm&r=g\",\"url\":\"https:\\\/\\\/secure.gravatar.com\\\/avatar\\\/f562caee940d39879c20e90eea3e4b21860c7d4c96684c23141c554824f0059c?s=96&d=mm&r=g\",\"contentUrl\":\"https:\\\/\\\/secure.gravatar.com\\\/avatar\\\/f562caee940d39879c20e90eea3e4b21860c7d4c96684c23141c554824f0059c?s=96&d=mm&r=g\",\"caption\":\"Marcelo Oliveira de A. Maranhao\"},\"url\":\"https:\\\/\\\/diariodepe.com.br\\\/xinhua\\\/author\\\/marcelo-maranhao\\\/\"}]}<\/script>\n<!-- \/ Yoast SEO plugin. -->","yoast_head_json":{"title":"Morre no Rio de Janeiro Nelson Freire, considerado um dos maiores pianistas do mundo - Xinhua - Diario de Pernambuco","robots":{"index":"index","follow":"follow","max-snippet":"max-snippet:-1","max-image-preview":"max-image-preview:large","max-video-preview":"max-video-preview:-1"},"canonical":"https:\/\/diariodepe.com.br\/xinhua\/2021\/11\/03\/morre-no-rio-de-janeiro-nelson-freire-considerado-um-dos-maiores-pianistas-do-mundo\/","og_locale":"pt_BR","og_type":"article","og_title":"Morre no Rio de Janeiro Nelson Freire, considerado um dos maiores pianistas do mundo - Xinhua - Diario de Pernambuco","og_description":"Rio de Janeiro &#8212; O m\u00fasico brasileiro Nelson Freire, considerado um dos maiores pianistas do mundo, faleceu na madrugada desta segunda-feira, aos 77 anos, em sua casa no Rio de Janeiro. A informa\u00e7\u00e3o foi confirmada pela empres\u00e1ria do artista que...","og_url":"https:\/\/diariodepe.com.br\/xinhua\/2021\/11\/03\/morre-no-rio-de-janeiro-nelson-freire-considerado-um-dos-maiores-pianistas-do-mundo\/","og_site_name":"Xinhua - Diario de Pernambuco","article_published_time":"2021-11-03T17:30:00+00:00","author":"Marcelo Oliveira de A. Maranhao","twitter_card":"summary_large_image","twitter_misc":{"Escrito por":"Marcelo Oliveira de A. Maranhao","Est. tempo de leitura":"3 minutos"},"schema":{"@context":"https:\/\/schema.org","@graph":[{"@type":"Article","@id":"https:\/\/diariodepe.com.br\/xinhua\/2021\/11\/03\/morre-no-rio-de-janeiro-nelson-freire-considerado-um-dos-maiores-pianistas-do-mundo\/#article","isPartOf":{"@id":"https:\/\/diariodepe.com.br\/xinhua\/2021\/11\/03\/morre-no-rio-de-janeiro-nelson-freire-considerado-um-dos-maiores-pianistas-do-mundo\/"},"author":{"name":"Marcelo Oliveira de A. Maranhao","@id":"https:\/\/diariodepe.com.br\/xinhua\/#\/schema\/person\/0943d6fd02bdc7b49c8f495e8787a2cb"},"headline":"Morre no Rio de Janeiro Nelson Freire, considerado um dos maiores pianistas do mundo","datePublished":"2021-11-03T17:30:00+00:00","mainEntityOfPage":{"@id":"https:\/\/diariodepe.com.br\/xinhua\/2021\/11\/03\/morre-no-rio-de-janeiro-nelson-freire-considerado-um-dos-maiores-pianistas-do-mundo\/"},"wordCount":569,"commentCount":0,"publisher":{"@id":"https:\/\/diariodepe.com.br\/xinhua\/#organization"},"articleSection":["Cultura \/ Tecnologia"],"inLanguage":"pt-BR","potentialAction":[{"@type":"CommentAction","name":"Comment","target":["https:\/\/diariodepe.com.br\/xinhua\/2021\/11\/03\/morre-no-rio-de-janeiro-nelson-freire-considerado-um-dos-maiores-pianistas-do-mundo\/#respond"]}]},{"@type":"WebPage","@id":"https:\/\/diariodepe.com.br\/xinhua\/2021\/11\/03\/morre-no-rio-de-janeiro-nelson-freire-considerado-um-dos-maiores-pianistas-do-mundo\/","url":"https:\/\/diariodepe.com.br\/xinhua\/2021\/11\/03\/morre-no-rio-de-janeiro-nelson-freire-considerado-um-dos-maiores-pianistas-do-mundo\/","name":"Morre no Rio de Janeiro Nelson Freire, considerado um dos maiores pianistas do mundo - Xinhua - Diario de Pernambuco","isPartOf":{"@id":"https:\/\/diariodepe.com.br\/xinhua\/#website"},"datePublished":"2021-11-03T17:30:00+00:00","breadcrumb":{"@id":"https:\/\/diariodepe.com.br\/xinhua\/2021\/11\/03\/morre-no-rio-de-janeiro-nelson-freire-considerado-um-dos-maiores-pianistas-do-mundo\/#breadcrumb"},"inLanguage":"pt-BR","potentialAction":[{"@type":"ReadAction","target":["https:\/\/diariodepe.com.br\/xinhua\/2021\/11\/03\/morre-no-rio-de-janeiro-nelson-freire-considerado-um-dos-maiores-pianistas-do-mundo\/"]}]},{"@type":"BreadcrumbList","@id":"https:\/\/diariodepe.com.br\/xinhua\/2021\/11\/03\/morre-no-rio-de-janeiro-nelson-freire-considerado-um-dos-maiores-pianistas-do-mundo\/#breadcrumb","itemListElement":[{"@type":"ListItem","position":1,"name":"In\u00edcio","item":"https:\/\/diariodepe.com.br\/xinhua\/"},{"@type":"ListItem","position":2,"name":"Morre no Rio de Janeiro Nelson Freire, considerado um dos maiores pianistas do mundo"}]},{"@type":"WebSite","@id":"https:\/\/diariodepe.com.br\/xinhua\/#website","url":"https:\/\/diariodepe.com.br\/xinhua\/","name":"Xinhua - Diario de Pernambuco","description":"A maior ag\u00eancia de not\u00edcias da China e um dos principais canais para conhecer o pa\u00eds","publisher":{"@id":"https:\/\/diariodepe.com.br\/xinhua\/#organization"},"potentialAction":[{"@type":"SearchAction","target":{"@type":"EntryPoint","urlTemplate":"https:\/\/diariodepe.com.br\/xinhua\/?s={search_term_string}"},"query-input":{"@type":"PropertyValueSpecification","valueRequired":true,"valueName":"search_term_string"}}],"inLanguage":"pt-BR"},{"@type":"Organization","@id":"https:\/\/diariodepe.com.br\/xinhua\/#organization","name":"Xinhua - Diario de Pernambuco","url":"https:\/\/diariodepe.com.br\/xinhua\/","logo":{"@type":"ImageObject","inLanguage":"pt-BR","@id":"https:\/\/diariodepe.com.br\/xinhua\/#\/schema\/logo\/image\/","url":"https:\/\/diariodepe.com.br\/xinhua\/wp-content\/uploads\/sites\/3\/2020\/10\/cropped-logo-transparente-2.png","contentUrl":"https:\/\/diariodepe.com.br\/xinhua\/wp-content\/uploads\/sites\/3\/2020\/10\/cropped-logo-transparente-2.png","width":512,"height":164,"caption":"Xinhua - Diario de Pernambuco"},"image":{"@id":"https:\/\/diariodepe.com.br\/xinhua\/#\/schema\/logo\/image\/"}},{"@type":"Person","@id":"https:\/\/diariodepe.com.br\/xinhua\/#\/schema\/person\/0943d6fd02bdc7b49c8f495e8787a2cb","name":"Marcelo Oliveira de A. Maranhao","image":{"@type":"ImageObject","inLanguage":"pt-BR","@id":"https:\/\/secure.gravatar.com\/avatar\/f562caee940d39879c20e90eea3e4b21860c7d4c96684c23141c554824f0059c?s=96&d=mm&r=g","url":"https:\/\/secure.gravatar.com\/avatar\/f562caee940d39879c20e90eea3e4b21860c7d4c96684c23141c554824f0059c?s=96&d=mm&r=g","contentUrl":"https:\/\/secure.gravatar.com\/avatar\/f562caee940d39879c20e90eea3e4b21860c7d4c96684c23141c554824f0059c?s=96&d=mm&r=g","caption":"Marcelo Oliveira de A. Maranhao"},"url":"https:\/\/diariodepe.com.br\/xinhua\/author\/marcelo-maranhao\/"}]}},"cc_featured_image_caption":{"caption_text":"","source_text":"","source_url":""},"amp_enabled":true,"_links":{"self":[{"href":"https:\/\/diariodepe.com.br\/xinhua\/wp-json\/wp\/v2\/posts\/3734","targetHints":{"allow":["GET"]}}],"collection":[{"href":"https:\/\/diariodepe.com.br\/xinhua\/wp-json\/wp\/v2\/posts"}],"about":[{"href":"https:\/\/diariodepe.com.br\/xinhua\/wp-json\/wp\/v2\/types\/post"}],"author":[{"embeddable":true,"href":"https:\/\/diariodepe.com.br\/xinhua\/wp-json\/wp\/v2\/users\/3"}],"replies":[{"embeddable":true,"href":"https:\/\/diariodepe.com.br\/xinhua\/wp-json\/wp\/v2\/comments?post=3734"}],"version-history":[{"count":1,"href":"https:\/\/diariodepe.com.br\/xinhua\/wp-json\/wp\/v2\/posts\/3734\/revisions"}],"predecessor-version":[{"id":3735,"href":"https:\/\/diariodepe.com.br\/xinhua\/wp-json\/wp\/v2\/posts\/3734\/revisions\/3735"}],"wp:attachment":[{"href":"https:\/\/diariodepe.com.br\/xinhua\/wp-json\/wp\/v2\/media?parent=3734"}],"wp:term":[{"taxonomy":"category","embeddable":true,"href":"https:\/\/diariodepe.com.br\/xinhua\/wp-json\/wp\/v2\/categories?post=3734"},{"taxonomy":"post_tag","embeddable":true,"href":"https:\/\/diariodepe.com.br\/xinhua\/wp-json\/wp\/v2\/tags?post=3734"}],"curies":[{"name":"wp","href":"https:\/\/api.w.org\/{rel}","templated":true}]}}