{"id":3732,"date":"2021-11-03T09:25:40","date_gmt":"2021-11-03T12:25:40","guid":{"rendered":"http:\/\/www.diariodepe.com.br\/xinhua\/?p=3732"},"modified":"2021-11-03T09:25:43","modified_gmt":"2021-11-03T12:25:43","slug":"xi-pede-acoes-mais-fortes-para-lidar-conjuntamente-com-desafios-climaticos","status":"publish","type":"post","link":"https:\/\/diariodepe.com.br\/xinhua\/2021\/11\/03\/xi-pede-acoes-mais-fortes-para-lidar-conjuntamente-com-desafios-climaticos\/","title":{"rendered":"Xi pede a\u00e7\u00f5es mais fortes para lidar conjuntamente com desafios clim\u00e1ticos"},"content":{"rendered":"\n<p>Beijing &#8212; O presidente chin\u00eas, Xi Jinping, pediu na segunda-feira que todas as partes tomem medidas mais fortes para enfrentar em conjunto o desafio clim\u00e1tico.<\/p>\n\n\n\n<p>Xi fez as declara\u00e7\u00f5es em um comunicado escrito para a C\u00fapula dos L\u00edderes Mundiais na 26\u00aa Confer\u00eancia das Partes da Conven\u00e7\u00e3o das Na\u00e7\u00f5es Unidas sobre as Mudan\u00e7as Clim\u00e1ticas (COP26), que est\u00e1 sendo realizada em Glasgow na segunda e ter\u00e7a-feiras.<\/p>\n\n\n\n<p>&#8220;Espero que todas as partes tomem a\u00e7\u00f5es mais fortes para enfrentar em conjunto o desafio clim\u00e1tico e proteger o planeta, o lar compartilhado por todos n\u00f3s&#8221;, disse Xi.<\/p>\n\n\n\n<p>Segundo ele, os impactos adversos das mudan\u00e7as clim\u00e1ticas t\u00eam se tornado cada vez mais evidentes, apresentando uma urg\u00eancia crescente para uma a\u00e7\u00e3o global.<\/p>\n\n\n\n<p>O presidente chin\u00eas fez uma proposta de tr\u00eas pontos para abordar desafios clim\u00e1ticos, incluindo a defesa de um consenso multilateral, o foco em a\u00e7\u00f5es concretas e a acelera\u00e7\u00e3o da transi\u00e7\u00e3o verde.<\/p>\n\n\n\n<p>&#8220;Quando se trata de desafios globais como as mudan\u00e7as clim\u00e1ticas, o multilateralismo \u00e9 a receita adequada&#8221;, acrescentou.<\/p>\n\n\n\n<p>A Conven\u00e7\u00e3o-Quadro das Na\u00e7\u00f5es Unidas (ONU) sobre Mudan\u00e7as Clim\u00e1ticas e o Acordo de Paris fornecem a base jur\u00eddica fundamental para a coopera\u00e7\u00e3o internacional sobre o clima. As partes precisam construir com base no consenso existente, aumentar a confian\u00e7a m\u00fatua, intensificar a coopera\u00e7\u00e3o e trabalhar juntas para entregar uma COP26 bem-sucedida em Glasgow, observou Xi.<\/p>\n\n\n\n<p>De acordo com ele, as partes precisam honrar seus compromissos, definir metas e vis\u00f5es realistas e fazer o melhor conforme as condi\u00e7\u00f5es nacionais para implementar suas medidas de a\u00e7\u00e3o clim\u00e1tica.<\/p>\n\n\n\n<p>O presidente chin\u00eas enfatizou a responsabilidade dos pa\u00edses desenvolvidos no combate \u00e0s mudan\u00e7as clim\u00e1ticas, dizendo que eles n\u00e3o devem apenas fazer mais por si pr\u00f3prios, mas tamb\u00e9m fornecer apoio para ajudar os pa\u00edses em desenvolvimento a ter um desempenho melhor.<\/p>\n\n\n\n<p>Em termos de transi\u00e7\u00e3o verde, Xi disse que \u00e9 importante aproveitar as inova\u00e7\u00f5es em ci\u00eancia e tecnologia para transformar e atualizar os setores de energia e recursos, bem como a estrutura industrial e o padr\u00e3o de consumo.<\/p>\n\n\n\n<p>Orientada pela vis\u00e3o de uma comunidade de vida para o homem e a natureza, a China continuar\u00e1 dando prioridade \u00e0 conserva\u00e7\u00e3o ecol\u00f3gica e buscando um caminho verde e de baixo carbono para o desenvolvimento, afirmou ele.<\/p>\n\n\n\n<p>&#8220;Vamos fomentar um sistema econ\u00f4mico verde, de baixo carbono e circular em um ritmo mais r\u00e1pido, avan\u00e7ar no ajuste da estrutura industrial e controlar o desenvolvimento irracional dos projetos de consumo intensivo de energia e de alta emiss\u00e3o&#8221;, ressaltou.<\/p>\n\n\n\n<p>Ele assinalou que a China acelerar\u00e1 a transi\u00e7\u00e3o de energia verde e de baixo carbono, desenvolver\u00e1 vigorosamente a energia renov\u00e1vel e planejar\u00e1 e construir\u00e1 grandes usinas e\u00f3licas e fotovoltaicas.<\/p>\n\n\n\n<p>A China lan\u00e7ou recentemente um plano de a\u00e7\u00e3o para atingir o pico das emiss\u00f5es de di\u00f3xido de carbono antes de 2030, bem como um documento intitulado &#8220;Orienta\u00e7\u00e3o de Trabalho para o Pico do Di\u00f3xido de Carbono e Neutralidade de Carbono na Implementa\u00e7\u00e3o Plena e Fiel da Nova Filosofia de Desenvolvimento&#8221;.<\/p>\n\n\n\n<p>Xi disse que o pa\u00eds elaborar\u00e1 planos de implementa\u00e7\u00e3o espec\u00edficos para \u00e1reas-chave como energia, constru\u00e7\u00e3o e transporte, e para setores-chave como carv\u00e3o, eletricidade, ferro e a\u00e7o e cimento, bem como medidas de apoio em rela\u00e7\u00e3o a ci\u00eancia e tecnologia, sumidouro de carbono, fiscal e tribut\u00e1ria e incentivos financeiros.<\/p>\n\n\n\n<p>&#8220;Essas medidas formar\u00e3o um quadro de pol\u00edtica &#8220;1+N&#8221; para realizar o pico de carbono e a neutralidade de carbono, com cronograma, roteiro e projeto claramente definidos&#8221;, acrescentou.<\/p>\n","protected":false},"excerpt":{"rendered":"<p>Beijing &#8212; O presidente chin\u00eas, Xi Jinping, pediu na segunda-feira que todas as partes tomem medidas mais fortes para enfrentar em conjunto o desafio clim\u00e1tico. Xi fez as declara\u00e7\u00f5es em um comunicado escrito para a C\u00fapula dos L\u00edderes Mundiais na&#8230;<\/p>\n","protected":false},"author":3,"featured_media":0,"comment_status":"open","ping_status":"open","sticky":false,"template":"","format":"standard","meta":{"footnotes":""},"categories":[1],"tags":[],"class_list":["post-3732","post","type-post","status-publish","format-standard","hentry","category-geral"],"yoast_head":"<!-- This site is optimized with the Yoast SEO plugin v27.4 - https:\/\/yoast.com\/product\/yoast-seo-wordpress\/ -->\n<title>Xi pede a\u00e7\u00f5es mais fortes para lidar conjuntamente com desafios clim\u00e1ticos - Xinhua - Diario de Pernambuco<\/title>\n<meta name=\"robots\" content=\"index, follow, max-snippet:-1, max-image-preview:large, max-video-preview:-1\" \/>\n<link rel=\"canonical\" href=\"https:\/\/diariodepe.com.br\/xinhua\/2021\/11\/03\/xi-pede-acoes-mais-fortes-para-lidar-conjuntamente-com-desafios-climaticos\/\" \/>\n<meta property=\"og:locale\" content=\"pt_BR\" \/>\n<meta property=\"og:type\" content=\"article\" \/>\n<meta property=\"og:title\" content=\"Xi pede a\u00e7\u00f5es mais fortes para lidar conjuntamente com desafios clim\u00e1ticos - Xinhua - Diario de Pernambuco\" \/>\n<meta property=\"og:description\" content=\"Beijing &#8212; O presidente chin\u00eas, Xi Jinping, pediu na segunda-feira que todas as partes tomem medidas mais fortes para enfrentar em conjunto o desafio clim\u00e1tico. Xi fez as declara\u00e7\u00f5es em um comunicado escrito para a C\u00fapula dos L\u00edderes Mundiais na...\" \/>\n<meta property=\"og:url\" content=\"https:\/\/diariodepe.com.br\/xinhua\/2021\/11\/03\/xi-pede-acoes-mais-fortes-para-lidar-conjuntamente-com-desafios-climaticos\/\" \/>\n<meta property=\"og:site_name\" content=\"Xinhua - Diario de Pernambuco\" \/>\n<meta property=\"article:published_time\" content=\"2021-11-03T12:25:40+00:00\" \/>\n<meta property=\"article:modified_time\" content=\"2021-11-03T12:25:43+00:00\" \/>\n<meta name=\"author\" content=\"Marcelo Oliveira de A. Maranhao\" \/>\n<meta name=\"twitter:card\" content=\"summary_large_image\" \/>\n<meta name=\"twitter:label1\" content=\"Escrito por\" \/>\n\t<meta name=\"twitter:data1\" content=\"Marcelo Oliveira de A. Maranhao\" \/>\n\t<meta name=\"twitter:label2\" content=\"Est. tempo de leitura\" \/>\n\t<meta name=\"twitter:data2\" content=\"3 minutos\" \/>\n<script type=\"application\/ld+json\" class=\"yoast-schema-graph\">{\"@context\":\"https:\\\/\\\/schema.org\",\"@graph\":[{\"@type\":\"Article\",\"@id\":\"https:\\\/\\\/diariodepe.com.br\\\/xinhua\\\/2021\\\/11\\\/03\\\/xi-pede-acoes-mais-fortes-para-lidar-conjuntamente-com-desafios-climaticos\\\/#article\",\"isPartOf\":{\"@id\":\"https:\\\/\\\/diariodepe.com.br\\\/xinhua\\\/2021\\\/11\\\/03\\\/xi-pede-acoes-mais-fortes-para-lidar-conjuntamente-com-desafios-climaticos\\\/\"},\"author\":{\"name\":\"Marcelo Oliveira de A. Maranhao\",\"@id\":\"https:\\\/\\\/diariodepe.com.br\\\/xinhua\\\/#\\\/schema\\\/person\\\/0943d6fd02bdc7b49c8f495e8787a2cb\"},\"headline\":\"Xi pede a\u00e7\u00f5es mais fortes para lidar conjuntamente com desafios clim\u00e1ticos\",\"datePublished\":\"2021-11-03T12:25:40+00:00\",\"dateModified\":\"2021-11-03T12:25:43+00:00\",\"mainEntityOfPage\":{\"@id\":\"https:\\\/\\\/diariodepe.com.br\\\/xinhua\\\/2021\\\/11\\\/03\\\/xi-pede-acoes-mais-fortes-para-lidar-conjuntamente-com-desafios-climaticos\\\/\"},\"wordCount\":641,\"commentCount\":0,\"publisher\":{\"@id\":\"https:\\\/\\\/diariodepe.com.br\\\/xinhua\\\/#organization\"},\"articleSection\":[\"Geral\"],\"inLanguage\":\"pt-BR\",\"potentialAction\":[{\"@type\":\"CommentAction\",\"name\":\"Comment\",\"target\":[\"https:\\\/\\\/diariodepe.com.br\\\/xinhua\\\/2021\\\/11\\\/03\\\/xi-pede-acoes-mais-fortes-para-lidar-conjuntamente-com-desafios-climaticos\\\/#respond\"]}]},{\"@type\":\"WebPage\",\"@id\":\"https:\\\/\\\/diariodepe.com.br\\\/xinhua\\\/2021\\\/11\\\/03\\\/xi-pede-acoes-mais-fortes-para-lidar-conjuntamente-com-desafios-climaticos\\\/\",\"url\":\"https:\\\/\\\/diariodepe.com.br\\\/xinhua\\\/2021\\\/11\\\/03\\\/xi-pede-acoes-mais-fortes-para-lidar-conjuntamente-com-desafios-climaticos\\\/\",\"name\":\"Xi pede a\u00e7\u00f5es mais fortes para lidar conjuntamente com desafios clim\u00e1ticos - Xinhua - Diario de Pernambuco\",\"isPartOf\":{\"@id\":\"https:\\\/\\\/diariodepe.com.br\\\/xinhua\\\/#website\"},\"datePublished\":\"2021-11-03T12:25:40+00:00\",\"dateModified\":\"2021-11-03T12:25:43+00:00\",\"breadcrumb\":{\"@id\":\"https:\\\/\\\/diariodepe.com.br\\\/xinhua\\\/2021\\\/11\\\/03\\\/xi-pede-acoes-mais-fortes-para-lidar-conjuntamente-com-desafios-climaticos\\\/#breadcrumb\"},\"inLanguage\":\"pt-BR\",\"potentialAction\":[{\"@type\":\"ReadAction\",\"target\":[\"https:\\\/\\\/diariodepe.com.br\\\/xinhua\\\/2021\\\/11\\\/03\\\/xi-pede-acoes-mais-fortes-para-lidar-conjuntamente-com-desafios-climaticos\\\/\"]}]},{\"@type\":\"BreadcrumbList\",\"@id\":\"https:\\\/\\\/diariodepe.com.br\\\/xinhua\\\/2021\\\/11\\\/03\\\/xi-pede-acoes-mais-fortes-para-lidar-conjuntamente-com-desafios-climaticos\\\/#breadcrumb\",\"itemListElement\":[{\"@type\":\"ListItem\",\"position\":1,\"name\":\"In\u00edcio\",\"item\":\"https:\\\/\\\/diariodepe.com.br\\\/xinhua\\\/\"},{\"@type\":\"ListItem\",\"position\":2,\"name\":\"Xi pede a\u00e7\u00f5es mais fortes para lidar conjuntamente com desafios clim\u00e1ticos\"}]},{\"@type\":\"WebSite\",\"@id\":\"https:\\\/\\\/diariodepe.com.br\\\/xinhua\\\/#website\",\"url\":\"https:\\\/\\\/diariodepe.com.br\\\/xinhua\\\/\",\"name\":\"Xinhua - Diario de Pernambuco\",\"description\":\"A maior ag\u00eancia de not\u00edcias da China e um dos principais canais para conhecer o pa\u00eds\",\"publisher\":{\"@id\":\"https:\\\/\\\/diariodepe.com.br\\\/xinhua\\\/#organization\"},\"potentialAction\":[{\"@type\":\"SearchAction\",\"target\":{\"@type\":\"EntryPoint\",\"urlTemplate\":\"https:\\\/\\\/diariodepe.com.br\\\/xinhua\\\/?s={search_term_string}\"},\"query-input\":{\"@type\":\"PropertyValueSpecification\",\"valueRequired\":true,\"valueName\":\"search_term_string\"}}],\"inLanguage\":\"pt-BR\"},{\"@type\":\"Organization\",\"@id\":\"https:\\\/\\\/diariodepe.com.br\\\/xinhua\\\/#organization\",\"name\":\"Xinhua - Diario de Pernambuco\",\"url\":\"https:\\\/\\\/diariodepe.com.br\\\/xinhua\\\/\",\"logo\":{\"@type\":\"ImageObject\",\"inLanguage\":\"pt-BR\",\"@id\":\"https:\\\/\\\/diariodepe.com.br\\\/xinhua\\\/#\\\/schema\\\/logo\\\/image\\\/\",\"url\":\"https:\\\/\\\/diariodepe.com.br\\\/xinhua\\\/wp-content\\\/uploads\\\/sites\\\/3\\\/2020\\\/10\\\/cropped-logo-transparente-2.png\",\"contentUrl\":\"https:\\\/\\\/diariodepe.com.br\\\/xinhua\\\/wp-content\\\/uploads\\\/sites\\\/3\\\/2020\\\/10\\\/cropped-logo-transparente-2.png\",\"width\":512,\"height\":164,\"caption\":\"Xinhua - Diario de Pernambuco\"},\"image\":{\"@id\":\"https:\\\/\\\/diariodepe.com.br\\\/xinhua\\\/#\\\/schema\\\/logo\\\/image\\\/\"}},{\"@type\":\"Person\",\"@id\":\"https:\\\/\\\/diariodepe.com.br\\\/xinhua\\\/#\\\/schema\\\/person\\\/0943d6fd02bdc7b49c8f495e8787a2cb\",\"name\":\"Marcelo Oliveira de A. Maranhao\",\"image\":{\"@type\":\"ImageObject\",\"inLanguage\":\"pt-BR\",\"@id\":\"https:\\\/\\\/secure.gravatar.com\\\/avatar\\\/f562caee940d39879c20e90eea3e4b21860c7d4c96684c23141c554824f0059c?s=96&d=mm&r=g\",\"url\":\"https:\\\/\\\/secure.gravatar.com\\\/avatar\\\/f562caee940d39879c20e90eea3e4b21860c7d4c96684c23141c554824f0059c?s=96&d=mm&r=g\",\"contentUrl\":\"https:\\\/\\\/secure.gravatar.com\\\/avatar\\\/f562caee940d39879c20e90eea3e4b21860c7d4c96684c23141c554824f0059c?s=96&d=mm&r=g\",\"caption\":\"Marcelo Oliveira de A. Maranhao\"},\"url\":\"https:\\\/\\\/diariodepe.com.br\\\/xinhua\\\/author\\\/marcelo-maranhao\\\/\"}]}<\/script>\n<!-- \/ Yoast SEO plugin. -->","yoast_head_json":{"title":"Xi pede a\u00e7\u00f5es mais fortes para lidar conjuntamente com desafios clim\u00e1ticos - Xinhua - Diario de Pernambuco","robots":{"index":"index","follow":"follow","max-snippet":"max-snippet:-1","max-image-preview":"max-image-preview:large","max-video-preview":"max-video-preview:-1"},"canonical":"https:\/\/diariodepe.com.br\/xinhua\/2021\/11\/03\/xi-pede-acoes-mais-fortes-para-lidar-conjuntamente-com-desafios-climaticos\/","og_locale":"pt_BR","og_type":"article","og_title":"Xi pede a\u00e7\u00f5es mais fortes para lidar conjuntamente com desafios clim\u00e1ticos - Xinhua - Diario de Pernambuco","og_description":"Beijing &#8212; O presidente chin\u00eas, Xi Jinping, pediu na segunda-feira que todas as partes tomem medidas mais fortes para enfrentar em conjunto o desafio clim\u00e1tico. Xi fez as declara\u00e7\u00f5es em um comunicado escrito para a C\u00fapula dos L\u00edderes Mundiais na...","og_url":"https:\/\/diariodepe.com.br\/xinhua\/2021\/11\/03\/xi-pede-acoes-mais-fortes-para-lidar-conjuntamente-com-desafios-climaticos\/","og_site_name":"Xinhua - Diario de Pernambuco","article_published_time":"2021-11-03T12:25:40+00:00","article_modified_time":"2021-11-03T12:25:43+00:00","author":"Marcelo Oliveira de A. Maranhao","twitter_card":"summary_large_image","twitter_misc":{"Escrito por":"Marcelo Oliveira de A. Maranhao","Est. tempo de leitura":"3 minutos"},"schema":{"@context":"https:\/\/schema.org","@graph":[{"@type":"Article","@id":"https:\/\/diariodepe.com.br\/xinhua\/2021\/11\/03\/xi-pede-acoes-mais-fortes-para-lidar-conjuntamente-com-desafios-climaticos\/#article","isPartOf":{"@id":"https:\/\/diariodepe.com.br\/xinhua\/2021\/11\/03\/xi-pede-acoes-mais-fortes-para-lidar-conjuntamente-com-desafios-climaticos\/"},"author":{"name":"Marcelo Oliveira de A. Maranhao","@id":"https:\/\/diariodepe.com.br\/xinhua\/#\/schema\/person\/0943d6fd02bdc7b49c8f495e8787a2cb"},"headline":"Xi pede a\u00e7\u00f5es mais fortes para lidar conjuntamente com desafios clim\u00e1ticos","datePublished":"2021-11-03T12:25:40+00:00","dateModified":"2021-11-03T12:25:43+00:00","mainEntityOfPage":{"@id":"https:\/\/diariodepe.com.br\/xinhua\/2021\/11\/03\/xi-pede-acoes-mais-fortes-para-lidar-conjuntamente-com-desafios-climaticos\/"},"wordCount":641,"commentCount":0,"publisher":{"@id":"https:\/\/diariodepe.com.br\/xinhua\/#organization"},"articleSection":["Geral"],"inLanguage":"pt-BR","potentialAction":[{"@type":"CommentAction","name":"Comment","target":["https:\/\/diariodepe.com.br\/xinhua\/2021\/11\/03\/xi-pede-acoes-mais-fortes-para-lidar-conjuntamente-com-desafios-climaticos\/#respond"]}]},{"@type":"WebPage","@id":"https:\/\/diariodepe.com.br\/xinhua\/2021\/11\/03\/xi-pede-acoes-mais-fortes-para-lidar-conjuntamente-com-desafios-climaticos\/","url":"https:\/\/diariodepe.com.br\/xinhua\/2021\/11\/03\/xi-pede-acoes-mais-fortes-para-lidar-conjuntamente-com-desafios-climaticos\/","name":"Xi pede a\u00e7\u00f5es mais fortes para lidar conjuntamente com desafios clim\u00e1ticos - Xinhua - Diario de Pernambuco","isPartOf":{"@id":"https:\/\/diariodepe.com.br\/xinhua\/#website"},"datePublished":"2021-11-03T12:25:40+00:00","dateModified":"2021-11-03T12:25:43+00:00","breadcrumb":{"@id":"https:\/\/diariodepe.com.br\/xinhua\/2021\/11\/03\/xi-pede-acoes-mais-fortes-para-lidar-conjuntamente-com-desafios-climaticos\/#breadcrumb"},"inLanguage":"pt-BR","potentialAction":[{"@type":"ReadAction","target":["https:\/\/diariodepe.com.br\/xinhua\/2021\/11\/03\/xi-pede-acoes-mais-fortes-para-lidar-conjuntamente-com-desafios-climaticos\/"]}]},{"@type":"BreadcrumbList","@id":"https:\/\/diariodepe.com.br\/xinhua\/2021\/11\/03\/xi-pede-acoes-mais-fortes-para-lidar-conjuntamente-com-desafios-climaticos\/#breadcrumb","itemListElement":[{"@type":"ListItem","position":1,"name":"In\u00edcio","item":"https:\/\/diariodepe.com.br\/xinhua\/"},{"@type":"ListItem","position":2,"name":"Xi pede a\u00e7\u00f5es mais fortes para lidar conjuntamente com desafios clim\u00e1ticos"}]},{"@type":"WebSite","@id":"https:\/\/diariodepe.com.br\/xinhua\/#website","url":"https:\/\/diariodepe.com.br\/xinhua\/","name":"Xinhua - Diario de Pernambuco","description":"A maior ag\u00eancia de not\u00edcias da China e um dos principais canais para conhecer o pa\u00eds","publisher":{"@id":"https:\/\/diariodepe.com.br\/xinhua\/#organization"},"potentialAction":[{"@type":"SearchAction","target":{"@type":"EntryPoint","urlTemplate":"https:\/\/diariodepe.com.br\/xinhua\/?s={search_term_string}"},"query-input":{"@type":"PropertyValueSpecification","valueRequired":true,"valueName":"search_term_string"}}],"inLanguage":"pt-BR"},{"@type":"Organization","@id":"https:\/\/diariodepe.com.br\/xinhua\/#organization","name":"Xinhua - Diario de Pernambuco","url":"https:\/\/diariodepe.com.br\/xinhua\/","logo":{"@type":"ImageObject","inLanguage":"pt-BR","@id":"https:\/\/diariodepe.com.br\/xinhua\/#\/schema\/logo\/image\/","url":"https:\/\/diariodepe.com.br\/xinhua\/wp-content\/uploads\/sites\/3\/2020\/10\/cropped-logo-transparente-2.png","contentUrl":"https:\/\/diariodepe.com.br\/xinhua\/wp-content\/uploads\/sites\/3\/2020\/10\/cropped-logo-transparente-2.png","width":512,"height":164,"caption":"Xinhua - Diario de Pernambuco"},"image":{"@id":"https:\/\/diariodepe.com.br\/xinhua\/#\/schema\/logo\/image\/"}},{"@type":"Person","@id":"https:\/\/diariodepe.com.br\/xinhua\/#\/schema\/person\/0943d6fd02bdc7b49c8f495e8787a2cb","name":"Marcelo Oliveira de A. Maranhao","image":{"@type":"ImageObject","inLanguage":"pt-BR","@id":"https:\/\/secure.gravatar.com\/avatar\/f562caee940d39879c20e90eea3e4b21860c7d4c96684c23141c554824f0059c?s=96&d=mm&r=g","url":"https:\/\/secure.gravatar.com\/avatar\/f562caee940d39879c20e90eea3e4b21860c7d4c96684c23141c554824f0059c?s=96&d=mm&r=g","contentUrl":"https:\/\/secure.gravatar.com\/avatar\/f562caee940d39879c20e90eea3e4b21860c7d4c96684c23141c554824f0059c?s=96&d=mm&r=g","caption":"Marcelo Oliveira de A. Maranhao"},"url":"https:\/\/diariodepe.com.br\/xinhua\/author\/marcelo-maranhao\/"}]}},"cc_featured_image_caption":{"caption_text":"","source_text":"","source_url":""},"amp_enabled":true,"_links":{"self":[{"href":"https:\/\/diariodepe.com.br\/xinhua\/wp-json\/wp\/v2\/posts\/3732","targetHints":{"allow":["GET"]}}],"collection":[{"href":"https:\/\/diariodepe.com.br\/xinhua\/wp-json\/wp\/v2\/posts"}],"about":[{"href":"https:\/\/diariodepe.com.br\/xinhua\/wp-json\/wp\/v2\/types\/post"}],"author":[{"embeddable":true,"href":"https:\/\/diariodepe.com.br\/xinhua\/wp-json\/wp\/v2\/users\/3"}],"replies":[{"embeddable":true,"href":"https:\/\/diariodepe.com.br\/xinhua\/wp-json\/wp\/v2\/comments?post=3732"}],"version-history":[{"count":1,"href":"https:\/\/diariodepe.com.br\/xinhua\/wp-json\/wp\/v2\/posts\/3732\/revisions"}],"predecessor-version":[{"id":3733,"href":"https:\/\/diariodepe.com.br\/xinhua\/wp-json\/wp\/v2\/posts\/3732\/revisions\/3733"}],"wp:attachment":[{"href":"https:\/\/diariodepe.com.br\/xinhua\/wp-json\/wp\/v2\/media?parent=3732"}],"wp:term":[{"taxonomy":"category","embeddable":true,"href":"https:\/\/diariodepe.com.br\/xinhua\/wp-json\/wp\/v2\/categories?post=3732"},{"taxonomy":"post_tag","embeddable":true,"href":"https:\/\/diariodepe.com.br\/xinhua\/wp-json\/wp\/v2\/tags?post=3732"}],"curies":[{"name":"wp","href":"https:\/\/api.w.org\/{rel}","templated":true}]}}